{"id":693,"date":"2025-10-30T15:43:43","date_gmt":"2025-10-30T14:43:43","guid":{"rendered":"https:\/\/www.regionsaris.sk\/podpis-memoranda-otvara-novu-kapitolu-spoluprace-medzi-informacnymi-centrami-presovskeho-kraja-a-slovensko-polskeho-pohranicia\/"},"modified":"2025-12-15T10:14:54","modified_gmt":"2025-12-15T09:14:54","slug":"podpis-memoranda-otvara-novu-kapitolu-spoluprace-medzi-informacnymi-centrami-presovskeho-kraja-a-slovensko-polskeho-pohranicia","status":"publish","type":"post","link":"https:\/\/www.regionsaris.sk\/pl\/podpis-memoranda-otvara-novu-kapitolu-spoluprace-medzi-informacnymi-centrami-presovskeho-kraja-a-slovensko-polskeho-pohranicia\/","title":{"rendered":"Podpisanie Memorandum otwiera nowy rozdzia\u0142 wsp\u00f3\u0142pracy pomi\u0119dzy centrami informacyjnymi Kraju Preszowskiego i s\u0142owacko-polskiego pogranicza."},"content":{"rendered":"<p data-start=\"229\" data-end=\"351\">Ceremonia podpisania umowy odby\u0142a si\u0119 29 pa\u017adziernika 2025 r. w siedzibie Domu Mieszcza\u0144skiego w Starej Lubowli. <strong data-start=\"453\" data-end=\"578\">Memoranda o wsp\u00f3\u0142pracy mi\u0119dzy centrami informacyjnymi dzia\u0142aj\u0105cymi w Kraju Preszowskim i na pograniczu s\u0142owacko-polskim<\/strong>. Dokument ten tworzy podstawy do d\u0142ugofalowej, partnerskiej i dobrowolnej wsp\u00f3\u0142pracy w dziedzinie turystyki, wsp\u00f3lnej promocji i wymiany do\u015bwiadcze\u0144.<\/p>\n<p data-start=\"733\" data-end=\"1097\">Inicjatorami Memorandum s\u0105 <strong data-start=\"758\" data-end=\"822\">Regionalna Organizacja Turystyczna P\u00f3\u0142nocny Spisz - Pieniny<\/strong> a <strong data-start=\"825\" data-end=\"879\">Regionalna Organizacja Turystyczna Regi\u00f3n \u0160ari\u0161<\/strong>. Celem porozumienia jest pog\u0142\u0119bienie wsp\u00f3\u0142pracy pomi\u0119dzy centrami informacyjnymi, poprawa jako\u015bci \u015bwiadczonych us\u0142ug, wspieranie rozwoju zawodowego pracownik\u00f3w oraz zaprezentowanie regionu jako atrakcyjnego miejsca do nauki. <strong data-start=\"1048\" data-end=\"1096\">jedna atrakcyjna jednostka turystyczna bez granic<\/strong>.<\/p>\n<p data-start=\"733\" data-end=\"1097\"><a href=\"https:\/\/www.regionsaris.sk\/wp-content\/uploads\/2025\/10\/PXL_20251029_121743557.MP_-scaled.jpg\"><img loading=\"lazy\" decoding=\"async\" class=\"wp-image-34115 alignnone\" src=\"https:\/\/www.regionsaris.sk\/wp-content\/uploads\/2025\/12\/PXL_20251029_121743557.MP_-scaled.jpg\" alt=\"\" width=\"746\" height=\"420\" \/><\/a><\/p>\n<p data-start=\"733\" data-end=\"1097\"><span style=\"font-style: italic;\">\u201ePodpisanie Memorandum jest wa\u017cnym krokiem w kierunku zaprzestania postrzegania siebie jako oddzielnych punkt\u00f3w na mapie i rozpocz\u0119cia funkcjonowania jako wzajemnie po\u0142\u0105czony system, kt\u00f3ry oferuje odwiedzaj\u0105cym ca\u0142o\u015bciowe do\u015bwiadczenie\u201c.\u201c <\/span>Powiedzia\u0142 <strong data-start=\"1298\" data-end=\"1314\">Jakub Ondrej<\/strong>, Dyrektor OOCR P\u00f3\u0142nocny Spisz - Pieniny.<\/p>\n<p data-start=\"733\" data-end=\"1097\"><a href=\"https:\/\/www.regionsaris.sk\/wp-content\/uploads\/2025\/10\/PXL_20251029_141957816.MP_-scaled.jpg\"><img loading=\"lazy\" decoding=\"async\" class=\"wp-image-34119 alignnone\" src=\"https:\/\/www.regionsaris.sk\/wp-content\/uploads\/2025\/12\/PXL_20251029_141957816.MP_-scaled.jpg\" alt=\"\" width=\"753\" height=\"424\" \/><\/a><\/p>\n<p data-start=\"733\" data-end=\"1097\">\u201eTurystyka nie ma granic. Wsp\u00f3lna komunikacja i koordynacja pomo\u017ce nie tylko odwiedzaj\u0105cym, ale tak\u017ce nam - pracownikom centr\u00f3w informacyjnych. Wzajemna wymiana do\u015bwiadcze\u0144 i pomys\u0142\u00f3w pozwoli nam i\u015b\u0107 naprz\u00f3d\u201c - doda\u0142 <strong data-start=\"1564\" data-end=\"1579\">Piotr Ha\u0142adaj<\/strong>, dyrektor OOCR Region \u0160ari\u0161.<\/p>\n<p data-start=\"733\" data-end=\"1097\"><a href=\"https:\/\/www.regionsaris.sk\/wp-content\/uploads\/2025\/10\/PXL_20251029_122632380-scaled.jpg\"><img loading=\"lazy\" decoding=\"async\" class=\"wp-image-34123 alignnone\" src=\"https:\/\/www.regionsaris.sk\/wp-content\/uploads\/2025\/12\/PXL_20251029_122632380-1-scaled.jpg\" alt=\"\" width=\"753\" height=\"424\" \/><\/a><\/p>\n<p data-start=\"1610\" data-end=\"1739\">Symbolika po\u0142\u0105cze\u0144 transgranicznych zosta\u0142a r\u00f3wnie\u017c podj\u0119ta przez <strong data-start=\"1662\" data-end=\"1681\">Izabela Bajorek<\/strong>, dyrektor Centrum Kultury i Czytelnictwa UMiG Muszyna: \u201eNiedawno mieli\u015bmy w Muszynie spektakl luster, kt\u00f3re znajduj\u0105 si\u0119 na zamku w Muszynie i na zamku w Lubowli. Dzi\u0119ki nim odwiedzaj\u0105cy oba miejsca mog\u0105 widzie\u0107 si\u0119 i wchodzi\u0107 w interakcje w czasie rzeczywistym, tak jakby stali naprzeciwko siebie. Jeste\u015bmy po\u0142\u0105czeni - a to Memorandum jest kolejnym krokiem w kierunku jeszcze \u015bci\u015blejszego powi\u0105zania naszych region\u00f3w\u201c.\u201c<\/p>\n<p data-start=\"1610\" data-end=\"1739\"><a href=\"https:\/\/www.regionsaris.sk\/wp-content\/uploads\/2025\/10\/PXL_20251029_123119754-scaled.jpg\"><img loading=\"lazy\" decoding=\"async\" class=\"wp-image-34127 alignnone\" src=\"https:\/\/www.regionsaris.sk\/wp-content\/uploads\/2025\/12\/PXL_20251029_123119754-1-scaled.jpg\" alt=\"\" width=\"747\" height=\"421\" \/><\/a><\/p>\n<p data-start=\"2062\" data-end=\"2334\">Podpisane Porozumienie nie stanowi prawnie wi\u0105\u017c\u0105cego dokumentu, ale <strong data-start=\"2126\" data-end=\"2176\">deklaracja wsp\u00f3lnej woli rozwoju partnerstwa<\/strong>, dzielenie si\u0119 najlepszymi praktykami i poszukiwanie nowych form wsp\u00f3\u0142pracy, kt\u00f3re przyczyni\u0105 si\u0119 do rozwoju turystyki w Kraju Preszowskim i na obszarach przygranicznych Polski.<\/p>\n<p data-start=\"2336\" data-end=\"2382\">Zako\u0144czenie imprezy odby\u0142o si\u0119 zgodnie z duchem pomys\u0142u: <strong data-start=\"2385\" data-end=\"2464\">\u201eTurystyka to nie tylko miejsca, ale tak\u017ce ludzie, kt\u00f3rzy nadaj\u0105 im znaczenie\u201c.\u201c <\/strong>(parafraza pomys\u0142u UNWTO - \u015awiatowej Organizacji Turystyki)<\/p>\n<p data-start=\"2336\" data-end=\"2382\"><\/p>\n<p data-start=\"2336\" data-end=\"2382\">Raport:\u00a0<a href=\"https:\/\/www.stvr.sk\/televizia\/archiv\/14026\/562513#4616\">https:\/\/www.stvr.sk\/televizia\/archiv\/14026\/562513#4616<\/a><\/p>\n<p data-start=\"2336\" data-end=\"2382\"><\/p>\n<p data-start=\"2543\" data-end=\"2653\"><strong data-start=\"2543\" data-end=\"2565\">Kontakt dla medi\u00f3w:<\/strong><\/p>\n<p data-start=\"2543\" data-end=\"2653\">E-mail: media@regionsaris.sk<\/p>\n<p data-start=\"2543\" data-end=\"2653\">\u0179r\u00f3d\u0142o zdj\u0119cia OOCR Regi\u00f3n \u0160ari\u0161<\/p>","protected":false},"excerpt":{"rendered":"<p>V priestoroch Domu me\u0161\u0165ana v Starej \u013dubovni sa 29. okt\u00f3bra 2025 uskuto\u010dnilo sl\u00e1vnostn\u00e9 podpisovanie Memoranda...<\/p>","protected":false},"author":1,"featured_media":703,"comment_status":"open","ping_status":"open","sticky":false,"template":"","format":"standard","meta":{"_acf_changed":false,"footnotes":""},"categories":[1],"tags":[],"class_list":["post-693","post","type-post","status-publish","format-standard","has-post-thumbnail","hentry","category-novinky"],"acf":[],"yoast_head":"<!-- This site is optimized with the Yoast SEO Premium plugin v26.3 (Yoast SEO v26.8) - https:\/\/yoast.com\/product\/yoast-seo-premium-wordpress\/ -->\n<title>Podpis memoranda otv\u00e1ra nov\u00fa kapitolu spolupr\u00e1ce medzi informa\u010dn\u00fdmi centrami Pre\u0161ovsk\u00e9ho kraja a slovensko-po\u013esk\u00e9ho pohrani\u010dia. - OOCR \u0160ari\u0161<\/title>\n<meta name=\"robots\" content=\"index, follow, max-snippet:-1, max-image-preview:large, max-video-preview:-1\" \/>\n<link rel=\"canonical\" href=\"https:\/\/www.regionsaris.sk\/pl\/podpis-memoranda-otvara-novu-kapitolu-spoluprace-medzi-informacnymi-centrami-presovskeho-kraja-a-slovensko-polskeho-pohranicia\/\" \/>\n<meta property=\"og:locale\" content=\"pl_PL\" \/>\n<meta property=\"og:type\" content=\"article\" \/>\n<meta property=\"og:title\" content=\"Podpis memoranda otv\u00e1ra nov\u00fa kapitolu spolupr\u00e1ce medzi informa\u010dn\u00fdmi centrami Pre\u0161ovsk\u00e9ho kraja a slovensko-po\u013esk\u00e9ho pohrani\u010dia.\" \/>\n<meta property=\"og:description\" content=\"V priestoroch Domu me\u0161\u0165ana v Starej \u013dubovni sa 29. okt\u00f3bra 2025 uskuto\u010dnilo sl\u00e1vnostn\u00e9 podpisovanie Memoranda...\" \/>\n<meta property=\"og:url\" content=\"https:\/\/www.regionsaris.sk\/pl\/podpis-memoranda-otvara-novu-kapitolu-spoluprace-medzi-informacnymi-centrami-presovskeho-kraja-a-slovensko-polskeho-pohranicia\/\" \/>\n<meta property=\"og:site_name\" content=\"OOCR \u0160ari\u0161\" \/>\n<meta property=\"article:published_time\" content=\"2025-10-30T14:43:43+00:00\" \/>\n<meta property=\"article:modified_time\" content=\"2025-12-15T09:14:54+00:00\" \/>\n<meta property=\"og:image\" content=\"https:\/\/www.regionsaris.sk\/wp-content\/uploads\/2025\/12\/PXL_20251029_123119754-scaled-1.jpg\" \/>\n\t<meta property=\"og:image:width\" content=\"2560\" \/>\n\t<meta property=\"og:image:height\" content=\"1440\" \/>\n\t<meta property=\"og:image:type\" content=\"image\/jpeg\" \/>\n<meta name=\"author\" content=\"dev@bigway.sk\" \/>\n<meta name=\"twitter:card\" content=\"summary_large_image\" \/>\n<meta name=\"twitter:label1\" content=\"Written by\" \/>\n\t<meta name=\"twitter:data1\" content=\"dev@bigway.sk\" \/>\n\t<meta name=\"twitter:label2\" content=\"Est. reading time\" \/>\n\t<meta name=\"twitter:data2\" content=\"2 minuty\" \/>\n<script type=\"application\/ld+json\" class=\"yoast-schema-graph\">{\"@context\":\"https:\/\/schema.org\",\"@graph\":[{\"@type\":\"Article\",\"@id\":\"https:\/\/www.regionsaris.sk\/podpis-memoranda-otvara-novu-kapitolu-spoluprace-medzi-informacnymi-centrami-presovskeho-kraja-a-slovensko-polskeho-pohranicia\/#article\",\"isPartOf\":{\"@id\":\"https:\/\/www.regionsaris.sk\/podpis-memoranda-otvara-novu-kapitolu-spoluprace-medzi-informacnymi-centrami-presovskeho-kraja-a-slovensko-polskeho-pohranicia\/\"},\"author\":{\"name\":\"dev@bigway.sk\",\"@id\":\"https:\/\/www.regionsaris.sk\/#\/schema\/person\/30fad06d87cd12ad1d94ff5fbd6919d1\"},\"headline\":\"Podpis memoranda otv\u00e1ra nov\u00fa kapitolu spolupr\u00e1ce medzi informa\u010dn\u00fdmi centrami Pre\u0161ovsk\u00e9ho kraja a slovensko-po\u013esk\u00e9ho pohrani\u010dia.\",\"datePublished\":\"2025-10-30T14:43:43+00:00\",\"dateModified\":\"2025-12-15T09:14:54+00:00\",\"mainEntityOfPage\":{\"@id\":\"https:\/\/www.regionsaris.sk\/podpis-memoranda-otvara-novu-kapitolu-spoluprace-medzi-informacnymi-centrami-presovskeho-kraja-a-slovensko-polskeho-pohranicia\/\"},\"wordCount\":438,\"commentCount\":0,\"image\":{\"@id\":\"https:\/\/www.regionsaris.sk\/podpis-memoranda-otvara-novu-kapitolu-spoluprace-medzi-informacnymi-centrami-presovskeho-kraja-a-slovensko-polskeho-pohranicia\/#primaryimage\"},\"thumbnailUrl\":\"https:\/\/www.regionsaris.sk\/wp-content\/uploads\/2025\/12\/PXL_20251029_123119754-scaled-1.jpg\",\"articleSection\":[\"Novinky\"],\"inLanguage\":\"pl-PL\",\"potentialAction\":[{\"@type\":\"CommentAction\",\"name\":\"Comment\",\"target\":[\"https:\/\/www.regionsaris.sk\/podpis-memoranda-otvara-novu-kapitolu-spoluprace-medzi-informacnymi-centrami-presovskeho-kraja-a-slovensko-polskeho-pohranicia\/#respond\"]}]},{\"@type\":\"WebPage\",\"@id\":\"https:\/\/www.regionsaris.sk\/podpis-memoranda-otvara-novu-kapitolu-spoluprace-medzi-informacnymi-centrami-presovskeho-kraja-a-slovensko-polskeho-pohranicia\/\",\"url\":\"https:\/\/www.regionsaris.sk\/podpis-memoranda-otvara-novu-kapitolu-spoluprace-medzi-informacnymi-centrami-presovskeho-kraja-a-slovensko-polskeho-pohranicia\/\",\"name\":\"Podpis memoranda otv\u00e1ra nov\u00fa kapitolu spolupr\u00e1ce medzi informa\u010dn\u00fdmi centrami Pre\u0161ovsk\u00e9ho kraja a slovensko-po\u013esk\u00e9ho pohrani\u010dia. - OOCR \u0160ari\u0161\",\"isPartOf\":{\"@id\":\"https:\/\/www.regionsaris.sk\/#website\"},\"primaryImageOfPage\":{\"@id\":\"https:\/\/www.regionsaris.sk\/podpis-memoranda-otvara-novu-kapitolu-spoluprace-medzi-informacnymi-centrami-presovskeho-kraja-a-slovensko-polskeho-pohranicia\/#primaryimage\"},\"image\":{\"@id\":\"https:\/\/www.regionsaris.sk\/podpis-memoranda-otvara-novu-kapitolu-spoluprace-medzi-informacnymi-centrami-presovskeho-kraja-a-slovensko-polskeho-pohranicia\/#primaryimage\"},\"thumbnailUrl\":\"https:\/\/www.regionsaris.sk\/wp-content\/uploads\/2025\/12\/PXL_20251029_123119754-scaled-1.jpg\",\"datePublished\":\"2025-10-30T14:43:43+00:00\",\"dateModified\":\"2025-12-15T09:14:54+00:00\",\"author\":{\"@id\":\"https:\/\/www.regionsaris.sk\/#\/schema\/person\/30fad06d87cd12ad1d94ff5fbd6919d1\"},\"breadcrumb\":{\"@id\":\"https:\/\/www.regionsaris.sk\/podpis-memoranda-otvara-novu-kapitolu-spoluprace-medzi-informacnymi-centrami-presovskeho-kraja-a-slovensko-polskeho-pohranicia\/#breadcrumb\"},\"inLanguage\":\"pl-PL\",\"potentialAction\":[{\"@type\":\"ReadAction\",\"target\":[\"https:\/\/www.regionsaris.sk\/podpis-memoranda-otvara-novu-kapitolu-spoluprace-medzi-informacnymi-centrami-presovskeho-kraja-a-slovensko-polskeho-pohranicia\/\"]}]},{\"@type\":\"ImageObject\",\"inLanguage\":\"pl-PL\",\"@id\":\"https:\/\/www.regionsaris.sk\/podpis-memoranda-otvara-novu-kapitolu-spoluprace-medzi-informacnymi-centrami-presovskeho-kraja-a-slovensko-polskeho-pohranicia\/#primaryimage\",\"url\":\"https:\/\/www.regionsaris.sk\/wp-content\/uploads\/2025\/12\/PXL_20251029_123119754-scaled-1.jpg\",\"contentUrl\":\"https:\/\/www.regionsaris.sk\/wp-content\/uploads\/2025\/12\/PXL_20251029_123119754-scaled-1.jpg\",\"width\":2560,\"height\":1440},{\"@type\":\"BreadcrumbList\",\"@id\":\"https:\/\/www.regionsaris.sk\/podpis-memoranda-otvara-novu-kapitolu-spoluprace-medzi-informacnymi-centrami-presovskeho-kraja-a-slovensko-polskeho-pohranicia\/#breadcrumb\",\"itemListElement\":[{\"@type\":\"ListItem\",\"position\":1,\"name\":\"Domov\",\"item\":\"https:\/\/www.regionsaris.sk\/\"},{\"@type\":\"ListItem\",\"position\":2,\"name\":\"Podpis memoranda otv\u00e1ra nov\u00fa kapitolu spolupr\u00e1ce medzi informa\u010dn\u00fdmi centrami Pre\u0161ovsk\u00e9ho kraja a slovensko-po\u013esk\u00e9ho pohrani\u010dia.\"}]},{\"@type\":\"WebSite\",\"@id\":\"https:\/\/www.regionsaris.sk\/#website\",\"url\":\"https:\/\/www.regionsaris.sk\/\",\"name\":\"OOCR \u0160ari\u0161\",\"description\":\"\",\"potentialAction\":[{\"@type\":\"SearchAction\",\"target\":{\"@type\":\"EntryPoint\",\"urlTemplate\":\"https:\/\/www.regionsaris.sk\/?s={search_term_string}\"},\"query-input\":{\"@type\":\"PropertyValueSpecification\",\"valueRequired\":true,\"valueName\":\"search_term_string\"}}],\"inLanguage\":\"pl-PL\"},{\"@type\":\"Person\",\"@id\":\"https:\/\/www.regionsaris.sk\/#\/schema\/person\/30fad06d87cd12ad1d94ff5fbd6919d1\",\"name\":\"dev@bigway.sk\",\"image\":{\"@type\":\"ImageObject\",\"inLanguage\":\"pl-PL\",\"@id\":\"https:\/\/www.regionsaris.sk\/#\/schema\/person\/image\/\",\"url\":\"https:\/\/secure.gravatar.com\/avatar\/013b34bc1192067340cff024d72adf40af543d15809da0502beda083cb4f28a2?s=96&d=mm&r=g\",\"contentUrl\":\"https:\/\/secure.gravatar.com\/avatar\/013b34bc1192067340cff024d72adf40af543d15809da0502beda083cb4f28a2?s=96&d=mm&r=g\",\"caption\":\"dev@bigway.sk\"},\"sameAs\":[\"https:\/\/www.regionsaris.sk\"],\"url\":\"https:\/\/www.regionsaris.sk\/pl\/author\/devbigway-sk\/\"}]}<\/script>\n<!-- \/ Yoast SEO Premium plugin. -->","yoast_head_json":{"title":"Podpis memoranda otv\u00e1ra nov\u00fa kapitolu spolupr\u00e1ce medzi informa\u010dn\u00fdmi centrami Pre\u0161ovsk\u00e9ho kraja a slovensko-po\u013esk\u00e9ho pohrani\u010dia. - OOCR \u0160ari\u0161","robots":{"index":"index","follow":"follow","max-snippet":"max-snippet:-1","max-image-preview":"max-image-preview:large","max-video-preview":"max-video-preview:-1"},"canonical":"https:\/\/www.regionsaris.sk\/pl\/podpis-memoranda-otvara-novu-kapitolu-spoluprace-medzi-informacnymi-centrami-presovskeho-kraja-a-slovensko-polskeho-pohranicia\/","og_locale":"pl_PL","og_type":"article","og_title":"Podpis memoranda otv\u00e1ra nov\u00fa kapitolu spolupr\u00e1ce medzi informa\u010dn\u00fdmi centrami Pre\u0161ovsk\u00e9ho kraja a slovensko-po\u013esk\u00e9ho pohrani\u010dia.","og_description":"V priestoroch Domu me\u0161\u0165ana v Starej \u013dubovni sa 29. okt\u00f3bra 2025 uskuto\u010dnilo sl\u00e1vnostn\u00e9 podpisovanie Memoranda...","og_url":"https:\/\/www.regionsaris.sk\/pl\/podpis-memoranda-otvara-novu-kapitolu-spoluprace-medzi-informacnymi-centrami-presovskeho-kraja-a-slovensko-polskeho-pohranicia\/","og_site_name":"OOCR \u0160ari\u0161","article_published_time":"2025-10-30T14:43:43+00:00","article_modified_time":"2025-12-15T09:14:54+00:00","og_image":[{"width":2560,"height":1440,"url":"https:\/\/www.regionsaris.sk\/wp-content\/uploads\/2025\/12\/PXL_20251029_123119754-scaled-1.jpg","type":"image\/jpeg"}],"author":"dev@bigway.sk","twitter_card":"summary_large_image","twitter_misc":{"Written by":"dev@bigway.sk","Est. reading time":"2 minuty"},"schema":{"@context":"https:\/\/schema.org","@graph":[{"@type":"Article","@id":"https:\/\/www.regionsaris.sk\/podpis-memoranda-otvara-novu-kapitolu-spoluprace-medzi-informacnymi-centrami-presovskeho-kraja-a-slovensko-polskeho-pohranicia\/#article","isPartOf":{"@id":"https:\/\/www.regionsaris.sk\/podpis-memoranda-otvara-novu-kapitolu-spoluprace-medzi-informacnymi-centrami-presovskeho-kraja-a-slovensko-polskeho-pohranicia\/"},"author":{"name":"dev@bigway.sk","@id":"https:\/\/www.regionsaris.sk\/#\/schema\/person\/30fad06d87cd12ad1d94ff5fbd6919d1"},"headline":"Podpis memoranda otv\u00e1ra nov\u00fa kapitolu spolupr\u00e1ce medzi informa\u010dn\u00fdmi centrami Pre\u0161ovsk\u00e9ho kraja a slovensko-po\u013esk\u00e9ho pohrani\u010dia.","datePublished":"2025-10-30T14:43:43+00:00","dateModified":"2025-12-15T09:14:54+00:00","mainEntityOfPage":{"@id":"https:\/\/www.regionsaris.sk\/podpis-memoranda-otvara-novu-kapitolu-spoluprace-medzi-informacnymi-centrami-presovskeho-kraja-a-slovensko-polskeho-pohranicia\/"},"wordCount":438,"commentCount":0,"image":{"@id":"https:\/\/www.regionsaris.sk\/podpis-memoranda-otvara-novu-kapitolu-spoluprace-medzi-informacnymi-centrami-presovskeho-kraja-a-slovensko-polskeho-pohranicia\/#primaryimage"},"thumbnailUrl":"https:\/\/www.regionsaris.sk\/wp-content\/uploads\/2025\/12\/PXL_20251029_123119754-scaled-1.jpg","articleSection":["Novinky"],"inLanguage":"pl-PL","potentialAction":[{"@type":"CommentAction","name":"Comment","target":["https:\/\/www.regionsaris.sk\/podpis-memoranda-otvara-novu-kapitolu-spoluprace-medzi-informacnymi-centrami-presovskeho-kraja-a-slovensko-polskeho-pohranicia\/#respond"]}]},{"@type":"WebPage","@id":"https:\/\/www.regionsaris.sk\/podpis-memoranda-otvara-novu-kapitolu-spoluprace-medzi-informacnymi-centrami-presovskeho-kraja-a-slovensko-polskeho-pohranicia\/","url":"https:\/\/www.regionsaris.sk\/podpis-memoranda-otvara-novu-kapitolu-spoluprace-medzi-informacnymi-centrami-presovskeho-kraja-a-slovensko-polskeho-pohranicia\/","name":"Podpis memoranda otv\u00e1ra nov\u00fa kapitolu spolupr\u00e1ce medzi informa\u010dn\u00fdmi centrami Pre\u0161ovsk\u00e9ho kraja a slovensko-po\u013esk\u00e9ho pohrani\u010dia. - OOCR \u0160ari\u0161","isPartOf":{"@id":"https:\/\/www.regionsaris.sk\/#website"},"primaryImageOfPage":{"@id":"https:\/\/www.regionsaris.sk\/podpis-memoranda-otvara-novu-kapitolu-spoluprace-medzi-informacnymi-centrami-presovskeho-kraja-a-slovensko-polskeho-pohranicia\/#primaryimage"},"image":{"@id":"https:\/\/www.regionsaris.sk\/podpis-memoranda-otvara-novu-kapitolu-spoluprace-medzi-informacnymi-centrami-presovskeho-kraja-a-slovensko-polskeho-pohranicia\/#primaryimage"},"thumbnailUrl":"https:\/\/www.regionsaris.sk\/wp-content\/uploads\/2025\/12\/PXL_20251029_123119754-scaled-1.jpg","datePublished":"2025-10-30T14:43:43+00:00","dateModified":"2025-12-15T09:14:54+00:00","author":{"@id":"https:\/\/www.regionsaris.sk\/#\/schema\/person\/30fad06d87cd12ad1d94ff5fbd6919d1"},"breadcrumb":{"@id":"https:\/\/www.regionsaris.sk\/podpis-memoranda-otvara-novu-kapitolu-spoluprace-medzi-informacnymi-centrami-presovskeho-kraja-a-slovensko-polskeho-pohranicia\/#breadcrumb"},"inLanguage":"pl-PL","potentialAction":[{"@type":"ReadAction","target":["https:\/\/www.regionsaris.sk\/podpis-memoranda-otvara-novu-kapitolu-spoluprace-medzi-informacnymi-centrami-presovskeho-kraja-a-slovensko-polskeho-pohranicia\/"]}]},{"@type":"ImageObject","inLanguage":"pl-PL","@id":"https:\/\/www.regionsaris.sk\/podpis-memoranda-otvara-novu-kapitolu-spoluprace-medzi-informacnymi-centrami-presovskeho-kraja-a-slovensko-polskeho-pohranicia\/#primaryimage","url":"https:\/\/www.regionsaris.sk\/wp-content\/uploads\/2025\/12\/PXL_20251029_123119754-scaled-1.jpg","contentUrl":"https:\/\/www.regionsaris.sk\/wp-content\/uploads\/2025\/12\/PXL_20251029_123119754-scaled-1.jpg","width":2560,"height":1440},{"@type":"BreadcrumbList","@id":"https:\/\/www.regionsaris.sk\/podpis-memoranda-otvara-novu-kapitolu-spoluprace-medzi-informacnymi-centrami-presovskeho-kraja-a-slovensko-polskeho-pohranicia\/#breadcrumb","itemListElement":[{"@type":"ListItem","position":1,"name":"Domov","item":"https:\/\/www.regionsaris.sk\/"},{"@type":"ListItem","position":2,"name":"Podpis memoranda otv\u00e1ra nov\u00fa kapitolu spolupr\u00e1ce medzi informa\u010dn\u00fdmi centrami Pre\u0161ovsk\u00e9ho kraja a slovensko-po\u013esk\u00e9ho pohrani\u010dia."}]},{"@type":"WebSite","@id":"https:\/\/www.regionsaris.sk\/#website","url":"https:\/\/www.regionsaris.sk\/","name":"OOCR \u0160ari\u0161","description":"","potentialAction":[{"@type":"SearchAction","target":{"@type":"EntryPoint","urlTemplate":"https:\/\/www.regionsaris.sk\/?s={search_term_string}"},"query-input":{"@type":"PropertyValueSpecification","valueRequired":true,"valueName":"search_term_string"}}],"inLanguage":"pl-PL"},{"@type":"Person","@id":"https:\/\/www.regionsaris.sk\/#\/schema\/person\/30fad06d87cd12ad1d94ff5fbd6919d1","name":"dev@bigway.sk","image":{"@type":"ImageObject","inLanguage":"pl-PL","@id":"https:\/\/www.regionsaris.sk\/#\/schema\/person\/image\/","url":"https:\/\/secure.gravatar.com\/avatar\/013b34bc1192067340cff024d72adf40af543d15809da0502beda083cb4f28a2?s=96&d=mm&r=g","contentUrl":"https:\/\/secure.gravatar.com\/avatar\/013b34bc1192067340cff024d72adf40af543d15809da0502beda083cb4f28a2?s=96&d=mm&r=g","caption":"dev@bigway.sk"},"sameAs":["https:\/\/www.regionsaris.sk"],"url":"https:\/\/www.regionsaris.sk\/pl\/author\/devbigway-sk\/"}]}},"_links":{"self":[{"href":"https:\/\/www.regionsaris.sk\/pl\/wp-json\/wp\/v2\/posts\/693","targetHints":{"allow":["GET"]}}],"collection":[{"href":"https:\/\/www.regionsaris.sk\/pl\/wp-json\/wp\/v2\/posts"}],"about":[{"href":"https:\/\/www.regionsaris.sk\/pl\/wp-json\/wp\/v2\/types\/post"}],"author":[{"embeddable":true,"href":"https:\/\/www.regionsaris.sk\/pl\/wp-json\/wp\/v2\/users\/1"}],"replies":[{"embeddable":true,"href":"https:\/\/www.regionsaris.sk\/pl\/wp-json\/wp\/v2\/comments?post=693"}],"version-history":[{"count":3,"href":"https:\/\/www.regionsaris.sk\/pl\/wp-json\/wp\/v2\/posts\/693\/revisions"}],"predecessor-version":[{"id":702,"href":"https:\/\/www.regionsaris.sk\/pl\/wp-json\/wp\/v2\/posts\/693\/revisions\/702"}],"wp:featuredmedia":[{"embeddable":true,"href":"https:\/\/www.regionsaris.sk\/pl\/wp-json\/wp\/v2\/media\/703"}],"wp:attachment":[{"href":"https:\/\/www.regionsaris.sk\/pl\/wp-json\/wp\/v2\/media?parent=693"}],"wp:term":[{"taxonomy":"category","embeddable":true,"href":"https:\/\/www.regionsaris.sk\/pl\/wp-json\/wp\/v2\/categories?post=693"},{"taxonomy":"post_tag","embeddable":true,"href":"https:\/\/www.regionsaris.sk\/pl\/wp-json\/wp\/v2\/tags?post=693"}],"curies":[{"name":"wp","href":"https:\/\/api.w.org\/{rel}","templated":true}]}}