{"id":607,"date":"2025-07-16T07:56:26","date_gmt":"2025-07-16T06:56:26","guid":{"rendered":"https:\/\/www.regionsaris.sk\/17-rocnik-stretnutia-banskych-miest-a-obci\/"},"modified":"2025-12-15T10:12:55","modified_gmt":"2025-12-15T09:12:55","slug":"17-rocnik-stretnutia-banskych-miest-a-obci","status":"publish","type":"post","link":"https:\/\/www.regionsaris.sk\/pl\/17-rocnik-stretnutia-banskych-miest-a-obci\/","title":{"rendered":"XVII Spotkanie Miast i Gmin G\u00f3rniczych"},"content":{"rendered":"<h5><strong>Ostatni weekend czerwca w Preszowie nale\u017ca\u0142 do g\u00f3rniczych stowarzysze\u0144 i cech\u00f3w z ca\u0142ej S\u0142owacji i zagranicy. W 17. edycji imprezy wzi\u0119\u0142o udzia\u0142 ponad 520 uczestnik\u00f3w z 36 g\u00f3rniczych i hutniczych stowarzysze\u0144 i cech\u00f3w ze S\u0142owacji, Czech, W\u0119gier, Polski i Rumunii. Wydarzenie, kt\u00f3re by\u0142o \u015bwi\u0119tem g\u00f3rniczej tradycji i rzemie\u015blniczej dumy, odby\u0142o si\u0119 w \u015bcis\u0142ej wsp\u00f3\u0142pracy z miastem Presz\u00f3w oraz Stowarzyszeniem Towarzystw i Cech\u00f3w G\u00f3rniczych S\u0142owacji. W ci\u0105gu dw\u00f3ch dni przygotowano profesjonalny, duchowy i kulturalny program, kt\u00f3rego nie mog\u0142y przegapi\u0107 setki odwiedzaj\u0105cych.<\/strong><\/h5>\n\u00a0\n\n<a href=\"https:\/\/www.regionsaris.sk\/wp-content\/uploads\/2025\/07\/Photo-28-06-2025-11-46-12-scaled.jpg\"><img loading=\"lazy\" decoding=\"async\" class=\"wp-image-31244 alignnone\" src=\"https:\/\/www.regionsaris.sk\/wp-content\/uploads\/2025\/12\/Photo-28-06-2025-11-46-12-scaled.jpg\" alt=\"\" width=\"813\" height=\"458\" \/><\/a>\n\n\u00a0\n\nPi\u0105tkowe otwarcie odby\u0142o si\u0119 na terenie obiektu <strong data-start=\"767\" data-end=\"806\">Narodowy pomnik kultury Solivar<\/strong>, gdzie odby\u0142a si\u0119 prezentacja region\u00f3w, miasta i Kopalni Soli.\n<p data-start=\"54\" data-end=\"380\"><strong data-start=\"194\" data-end=\"247\">OOCR Region \u0160ari\u0161 aktywnie uczestniczy\u0142 w programie<\/strong> - Zaprezentowali\u015bmy atrakcje naszego regionu, przedstawili\u015bmy dzia\u0142ania organizacji i zaprosili\u015bmy odwiedzaj\u0105cych do odkrywania pi\u0119kna Szarisza.<\/p>\n<p data-start=\"382\" data-end=\"608\">Polecali\u015bmy sprawdzone wskaz\u00f3wki dotycz\u0105ce wycieczek, ciekawe lokalizacje i rozdawali\u015bmy nasz oficjalny przewodnik po destynacjach. Rozdawali\u015bmy <strong data-start=\"527\" data-end=\"558\">mapy i materia\u0142y promocyjne<\/strong>, co pomog\u0142o im w dalszej eksploracji regionu.<\/p>\n<p data-start=\"382\" data-end=\"608\"><a href=\"https:\/\/www.regionsaris.sk\/wp-content\/uploads\/2025\/12\/Messenger_creation_0220CB78-71EC-4B74-A26F-8A596E30883C.jpeg\"><img loading=\"lazy\" decoding=\"async\" class=\"wp-image-31280 alignnone\" src=\"https:\/\/www.regionsaris.sk\/wp-content\/uploads\/2025\/12\/Messenger_creation_0220CB78-71EC-4B74-A26F-8A596E30883C-300x225.jpeg\" alt=\"\" width=\"835\" height=\"626\" \/><\/a><\/p>\n<p data-start=\"610\" data-end=\"764\"><strong data-start=\"610\" data-end=\"689\">Specjalnie wykonane torby na to wydarzenie zosta\u0142y szczeg\u00f3lnie dobrze przyj\u0119te<\/strong>, kt\u00f3ry wr\u0119czali\u015bmy odwiedzaj\u0105cym jako praktyczny i niezapomniany prezent wraz z materia\u0142ami promocyjnymi.<\/p>\n<p data-start=\"766\" data-end=\"994\"><strong data-start=\"766\" data-end=\"879\">Centrum Informacji Turystycznej Regionu \u0160ari\u0161 przy ulicy Hlavn\u00e1 w Preszowie by\u0142o r\u00f3wnie\u017c otwarte podczas wydarzenia.<\/strong>, kt\u00f3ry zapewnia\u0142 aktualne informacje, osobiste rekomendacje i obs\u0142ug\u0119 wszystkim zainteresowanym zwiedzaniem naszego regionu.<\/p>\n\u00a0\n\nWydarzenie by\u0142o kontynuowane wieczorem <strong data-start=\"901\" data-end=\"933\">po\u015bwi\u0119cenie figury \u015bw. Barbary<\/strong> - Miko\u0142aja, patrona g\u00f3rnik\u00f3w.\n\n\u00a0\n\n<a href=\"https:\/\/www.regionsaris.sk\/wp-content\/uploads\/2025\/07\/Photo-27-06-2025-15-44-37-scaled.jpg\"><img loading=\"lazy\" decoding=\"async\" class=\"wp-image-31260 alignnone\" src=\"https:\/\/www.regionsaris.sk\/wp-content\/uploads\/2025\/12\/Photo-27-06-2025-15-44-37-scaled.jpg\" alt=\"\" width=\"809\" height=\"456\" \/><\/a>\n\n\u00a0\n\nSobotni poranek nale\u017ca\u0142 do <strong data-start=\"1026\" data-end=\"1052\">nabo\u017ce\u0144stwo ekumeniczne<\/strong> w katedrze \u015bw. Miko\u0142aja i <strong data-start=\"1083\" data-end=\"1142\">uroczysto\u015b\u0107 wr\u0119czenia odznak honorowych \u015bw. Barbary<\/strong>.\n\n\u00a0\n\n<a href=\"https:\/\/www.regionsaris.sk\/wp-content\/uploads\/2025\/07\/Photo-28-06-2025-13-07-10-scaled.jpg\"><img loading=\"lazy\" decoding=\"async\" class=\"wp-image-31256 alignnone\" src=\"https:\/\/www.regionsaris.sk\/wp-content\/uploads\/2025\/12\/Photo-28-06-2025-13-07-10-scaled.jpg\" alt=\"\" width=\"811\" height=\"457\" \/><\/a>\n\n\u00a0\n\nO godzinie 14:15 centrum miasta Presz\u00f3w zosta\u0142o otwarte. <strong data-start=\"1183\" data-end=\"1214\">barwna i dostojna parada<\/strong> zwi\u0105zk\u00f3w g\u00f3rniczych i hutniczych w historycznych mundurach, co wzbudzi\u0142o du\u017ce zainteresowanie opinii publicznej.\n\n<a href=\"https:\/\/www.regionsaris.sk\/wp-content\/uploads\/2025\/07\/Photo-28-06-2025-14-30-27-scaled.jpg\"><img loading=\"lazy\" decoding=\"async\" class=\"wp-image-31264 alignnone\" src=\"https:\/\/www.regionsaris.sk\/wp-content\/uploads\/2025\/12\/Photo-28-06-2025-14-30-27-scaled.jpg\" alt=\"\" width=\"820\" height=\"462\" \/><\/a>\n\n\u00a0\n\nZwie\u0144czeniem popo\u0142udniowego programu by\u0142y wyst\u0119py kulturalne na ulicy G\u0142\u00f3wnej w pobli\u017cu pomnika konia, gdzie zaprezentowa\u0142y si\u0119 zespo\u0142y z g\u00f3rniczym dziedzictwem folklorystycznym.\n\n<a href=\"https:\/\/www.regionsaris.sk\/wp-content\/uploads\/2025\/07\/Photo-28-06-2025-15-14-23-scaled.jpg\"><img loading=\"lazy\" decoding=\"async\" class=\"wp-image-31268 alignnone\" src=\"https:\/\/www.regionsaris.sk\/wp-content\/uploads\/2025\/12\/Photo-28-06-2025-15-14-23-scaled.jpg\" alt=\"\" width=\"822\" height=\"463\" \/><\/a>\n<p data-start=\"0\" data-end=\"311\">Wydarzenie zwr\u00f3ci\u0142o r\u00f3wnie\u017c uwag\u0119 na bogat\u0105 soln\u0105 histori\u0119 Preszowa i jego okolic - zar\u00f3wno symbolicznie, jak i tematycznie. Otworzy\u0142o przestrze\u0144 do dyskusji na temat <strong data-start=\"142\" data-end=\"198\">bie\u017c\u0105ce problemy podkopanego obszaru na Solivar<\/strong>, kt\u00f3rymi miasto aktywnie si\u0119 zajmuje we wsp\u00f3\u0142pracy z Ministerstwem \u015arodowiska Republiki S\u0142owackiej i Ministerstwem Gospodarki Republiki S\u0142owackiej.<\/p>\n<p data-start=\"313\" data-end=\"439\">Presz\u00f3w okaza\u0142 si\u0119 godnym gospodarzem, kt\u00f3ry by\u0142 w stanie zjednoczy\u0107 <strong data-start=\"374\" data-end=\"401\">przesz\u0142o\u015b\u0107 z tera\u017aniejszo\u015bci\u0105<\/strong>, <strong data-start=\"403\" data-end=\"436\">tradycja z bie\u017c\u0105cymi wyzwaniami<\/strong>.<\/p>\n<p data-start=\"441\" data-end=\"624\" data-is-last-node=\"\" data-is-only-node=\"\">Stowarzyszenia g\u00f3rnicze, cechy i go\u015bcie wynie\u015bli z tego wyj\u0105tkowego spotkania nie tylko cenne do\u015bwiadczenia, ale tak\u017ce silne przes\u0142anie jedno\u015bci, dziedzictwa i dumy ze wsp\u00f3lnego dziedzictwa kulturowego.<\/p>\n<p data-start=\"441\" data-end=\"624\" data-is-last-node=\"\" data-is-only-node=\"\"><a href=\"https:\/\/www.regionsaris.sk\/wp-content\/uploads\/2025\/07\/Photo-28-06-2025-14-49-28-scaled.jpg\"><img loading=\"lazy\" decoding=\"async\" class=\"wp-image-31272 alignnone\" src=\"https:\/\/www.regionsaris.sk\/wp-content\/uploads\/2025\/12\/Photo-28-06-2025-14-49-28-scaled.jpg\" alt=\"\" width=\"849\" height=\"478\" \/><\/a><\/p>\n<p data-start=\"441\" data-end=\"624\" data-is-last-node=\"\" data-is-only-node=\"\"><\/p>\n<p data-start=\"441\" data-end=\"624\" data-is-last-node=\"\" data-is-only-node=\"\"><i>Dzi\u0119kujemy za wsparcie w ramach partnerstwa\u00a0<a class=\"x1i10hfl xjbqb8w x1ejq31n xd10rxx x1sy0etr x17r0tee x972fbf xcfux6l x1qhh985 xm0m39n x9f619 x1ypdohk xt0psk2 xe8uvvx xdj266r x11i5rnm xat24cr x1mh8g0r xexx8yu x4uap5 x18d9i69 xkhd6sd x16tdsg8 x1hl2dhg xggy1nq x1a2a7pz xkrqix3 x1sur9pj x1fey0fg x1s688f\" tabindex=\"0\" role=\"link\" href=\"https:\/\/www.facebook.com\/mincrs.sk?__cft__[0]=AZXG4VGlyyFPiuAfFwz81gdW0LTjBZPAcb00n-4ct7ZBiLk7JtEntol4E5WVR2NkTx_hOdiFr3z9NLAwmLf9YxxTDTG4WdXRVlESOUGo4xeLzUDJXW8EuY9KhmH5scpXVwrm7bUFOW5QdjNAdohaHS2K5ZfUyUQfRfVlhvi6xflk3Q&__tn__=-]K-R\" target=\"_blank\" rel=\"noopener\"><span class=\"xt0psk2\"><span class=\"xjp7ctv\">Ministerstwo Turystyki i Sportu Republiki S\u0142owackiej.<\/span><\/span><\/a><\/i><\/p>\n<p data-start=\"441\" data-end=\"624\" data-is-last-node=\"\" data-is-only-node=\"\"><a href=\"https:\/\/www.regionsaris.sk\/wp-content\/uploads\/2025\/12\/SARIS_region_logo_rgb_01_@4-1-1.png\"><img loading=\"lazy\" decoding=\"async\" class=\"size-medium wp-image-28923 alignnone\" src=\"https:\/\/www.regionsaris.sk\/wp-content\/uploads\/2025\/12\/SARIS_region_logo_rgb_01_@4-1-1-300x172.png\" alt=\"\" width=\"300\" height=\"172\" \/><\/a> <a href=\"https:\/\/www.regionsaris.sk\/wp-content\/uploads\/2025\/12\/logo_Min-CestovnehoRuchu-a-Sportu_SR_SK_farba_rgb-1.png\"><img loading=\"lazy\" decoding=\"async\" class=\"size-medium wp-image-28931 alignnone\" src=\"https:\/\/www.regionsaris.sk\/wp-content\/uploads\/2025\/12\/logo_Min-CestovnehoRuchu-a-Sportu_SR_SK_farba_rgb-1-300x95.png\" alt=\"\" width=\"300\" height=\"95\" \/><\/a><\/p>\n\u00a0\n\n\u00a0\n\n\u00a0\n\n\u00a0","protected":false},"excerpt":{"rendered":"<p>Posledn\u00fd j\u00fanov\u00fd v\u00edkend v Pre\u0161ove patril ban\u00edckym spolkom a cechom z cel\u00e9ho Slovenska, ale aj...<\/p>","protected":false},"author":1,"featured_media":616,"comment_status":"open","ping_status":"open","sticky":false,"template":"","format":"standard","meta":{"_acf_changed":false,"footnotes":""},"categories":[1],"tags":[],"class_list":["post-607","post","type-post","status-publish","format-standard","has-post-thumbnail","hentry","category-novinky"],"acf":[],"yoast_head":"<!-- This site is optimized with the Yoast SEO Premium plugin v26.3 (Yoast SEO v26.8) - https:\/\/yoast.com\/product\/yoast-seo-premium-wordpress\/ -->\n<title>17. ro\u010dn\u00edk Stretnutia bansk\u00fdch miest a obc\u00ed - OOCR \u0160ari\u0161<\/title>\n<meta name=\"robots\" content=\"index, follow, max-snippet:-1, max-image-preview:large, max-video-preview:-1\" \/>\n<link rel=\"canonical\" href=\"https:\/\/www.regionsaris.sk\/pl\/17-rocnik-stretnutia-banskych-miest-a-obci\/\" \/>\n<meta property=\"og:locale\" content=\"pl_PL\" \/>\n<meta property=\"og:type\" content=\"article\" \/>\n<meta property=\"og:title\" content=\"17. ro\u010dn\u00edk Stretnutia bansk\u00fdch miest a obc\u00ed\" \/>\n<meta property=\"og:description\" content=\"Posledn\u00fd j\u00fanov\u00fd v\u00edkend v Pre\u0161ove patril ban\u00edckym spolkom a cechom z cel\u00e9ho Slovenska, ale aj...\" \/>\n<meta property=\"og:url\" content=\"https:\/\/www.regionsaris.sk\/pl\/17-rocnik-stretnutia-banskych-miest-a-obci\/\" \/>\n<meta property=\"og:site_name\" content=\"OOCR \u0160ari\u0161\" \/>\n<meta property=\"article:published_time\" content=\"2025-07-16T06:56:26+00:00\" \/>\n<meta property=\"article:modified_time\" content=\"2025-12-15T09:12:55+00:00\" \/>\n<meta property=\"og:image\" content=\"https:\/\/www.regionsaris.sk\/wp-content\/uploads\/2025\/12\/Photo-28-06-2025-15-14-23-scaled-1.jpg\" \/>\n\t<meta property=\"og:image:width\" content=\"2560\" \/>\n\t<meta property=\"og:image:height\" content=\"1440\" \/>\n\t<meta property=\"og:image:type\" content=\"image\/jpeg\" \/>\n<meta name=\"author\" content=\"dev@bigway.sk\" \/>\n<meta name=\"twitter:card\" content=\"summary_large_image\" \/>\n<meta name=\"twitter:label1\" content=\"Written by\" \/>\n\t<meta name=\"twitter:data1\" content=\"dev@bigway.sk\" \/>\n\t<meta name=\"twitter:label2\" content=\"Est. reading time\" \/>\n\t<meta name=\"twitter:data2\" content=\"3 minuty\" \/>\n<script type=\"application\/ld+json\" class=\"yoast-schema-graph\">{\"@context\":\"https:\/\/schema.org\",\"@graph\":[{\"@type\":\"Article\",\"@id\":\"https:\/\/www.regionsaris.sk\/17-rocnik-stretnutia-banskych-miest-a-obci\/#article\",\"isPartOf\":{\"@id\":\"https:\/\/www.regionsaris.sk\/17-rocnik-stretnutia-banskych-miest-a-obci\/\"},\"author\":{\"name\":\"dev@bigway.sk\",\"@id\":\"https:\/\/www.regionsaris.sk\/#\/schema\/person\/30fad06d87cd12ad1d94ff5fbd6919d1\"},\"headline\":\"17. ro\u010dn\u00edk Stretnutia bansk\u00fdch miest a obc\u00ed\",\"datePublished\":\"2025-07-16T06:56:26+00:00\",\"dateModified\":\"2025-12-15T09:12:55+00:00\",\"mainEntityOfPage\":{\"@id\":\"https:\/\/www.regionsaris.sk\/17-rocnik-stretnutia-banskych-miest-a-obci\/\"},\"wordCount\":523,\"commentCount\":0,\"image\":{\"@id\":\"https:\/\/www.regionsaris.sk\/17-rocnik-stretnutia-banskych-miest-a-obci\/#primaryimage\"},\"thumbnailUrl\":\"https:\/\/www.regionsaris.sk\/wp-content\/uploads\/2025\/12\/Photo-28-06-2025-15-14-23-scaled-1.jpg\",\"articleSection\":[\"Novinky\"],\"inLanguage\":\"pl-PL\",\"potentialAction\":[{\"@type\":\"CommentAction\",\"name\":\"Comment\",\"target\":[\"https:\/\/www.regionsaris.sk\/17-rocnik-stretnutia-banskych-miest-a-obci\/#respond\"]}]},{\"@type\":\"WebPage\",\"@id\":\"https:\/\/www.regionsaris.sk\/17-rocnik-stretnutia-banskych-miest-a-obci\/\",\"url\":\"https:\/\/www.regionsaris.sk\/17-rocnik-stretnutia-banskych-miest-a-obci\/\",\"name\":\"17. ro\u010dn\u00edk Stretnutia bansk\u00fdch miest a obc\u00ed - OOCR \u0160ari\u0161\",\"isPartOf\":{\"@id\":\"https:\/\/www.regionsaris.sk\/#website\"},\"primaryImageOfPage\":{\"@id\":\"https:\/\/www.regionsaris.sk\/17-rocnik-stretnutia-banskych-miest-a-obci\/#primaryimage\"},\"image\":{\"@id\":\"https:\/\/www.regionsaris.sk\/17-rocnik-stretnutia-banskych-miest-a-obci\/#primaryimage\"},\"thumbnailUrl\":\"https:\/\/www.regionsaris.sk\/wp-content\/uploads\/2025\/12\/Photo-28-06-2025-15-14-23-scaled-1.jpg\",\"datePublished\":\"2025-07-16T06:56:26+00:00\",\"dateModified\":\"2025-12-15T09:12:55+00:00\",\"author\":{\"@id\":\"https:\/\/www.regionsaris.sk\/#\/schema\/person\/30fad06d87cd12ad1d94ff5fbd6919d1\"},\"breadcrumb\":{\"@id\":\"https:\/\/www.regionsaris.sk\/17-rocnik-stretnutia-banskych-miest-a-obci\/#breadcrumb\"},\"inLanguage\":\"pl-PL\",\"potentialAction\":[{\"@type\":\"ReadAction\",\"target\":[\"https:\/\/www.regionsaris.sk\/17-rocnik-stretnutia-banskych-miest-a-obci\/\"]}]},{\"@type\":\"ImageObject\",\"inLanguage\":\"pl-PL\",\"@id\":\"https:\/\/www.regionsaris.sk\/17-rocnik-stretnutia-banskych-miest-a-obci\/#primaryimage\",\"url\":\"https:\/\/www.regionsaris.sk\/wp-content\/uploads\/2025\/12\/Photo-28-06-2025-15-14-23-scaled-1.jpg\",\"contentUrl\":\"https:\/\/www.regionsaris.sk\/wp-content\/uploads\/2025\/12\/Photo-28-06-2025-15-14-23-scaled-1.jpg\",\"width\":2560,\"height\":1440},{\"@type\":\"BreadcrumbList\",\"@id\":\"https:\/\/www.regionsaris.sk\/17-rocnik-stretnutia-banskych-miest-a-obci\/#breadcrumb\",\"itemListElement\":[{\"@type\":\"ListItem\",\"position\":1,\"name\":\"Domov\",\"item\":\"https:\/\/www.regionsaris.sk\/\"},{\"@type\":\"ListItem\",\"position\":2,\"name\":\"17. ro\u010dn\u00edk Stretnutia bansk\u00fdch miest a obc\u00ed\"}]},{\"@type\":\"WebSite\",\"@id\":\"https:\/\/www.regionsaris.sk\/#website\",\"url\":\"https:\/\/www.regionsaris.sk\/\",\"name\":\"OOCR \u0160ari\u0161\",\"description\":\"\",\"potentialAction\":[{\"@type\":\"SearchAction\",\"target\":{\"@type\":\"EntryPoint\",\"urlTemplate\":\"https:\/\/www.regionsaris.sk\/?s={search_term_string}\"},\"query-input\":{\"@type\":\"PropertyValueSpecification\",\"valueRequired\":true,\"valueName\":\"search_term_string\"}}],\"inLanguage\":\"pl-PL\"},{\"@type\":\"Person\",\"@id\":\"https:\/\/www.regionsaris.sk\/#\/schema\/person\/30fad06d87cd12ad1d94ff5fbd6919d1\",\"name\":\"dev@bigway.sk\",\"image\":{\"@type\":\"ImageObject\",\"inLanguage\":\"pl-PL\",\"@id\":\"https:\/\/www.regionsaris.sk\/#\/schema\/person\/image\/\",\"url\":\"https:\/\/secure.gravatar.com\/avatar\/013b34bc1192067340cff024d72adf40af543d15809da0502beda083cb4f28a2?s=96&d=mm&r=g\",\"contentUrl\":\"https:\/\/secure.gravatar.com\/avatar\/013b34bc1192067340cff024d72adf40af543d15809da0502beda083cb4f28a2?s=96&d=mm&r=g\",\"caption\":\"dev@bigway.sk\"},\"sameAs\":[\"https:\/\/www.regionsaris.sk\"],\"url\":\"https:\/\/www.regionsaris.sk\/pl\/author\/devbigway-sk\/\"}]}<\/script>\n<!-- \/ Yoast SEO Premium plugin. -->","yoast_head_json":{"title":"17. ro\u010dn\u00edk Stretnutia bansk\u00fdch miest a obc\u00ed - OOCR \u0160ari\u0161","robots":{"index":"index","follow":"follow","max-snippet":"max-snippet:-1","max-image-preview":"max-image-preview:large","max-video-preview":"max-video-preview:-1"},"canonical":"https:\/\/www.regionsaris.sk\/pl\/17-rocnik-stretnutia-banskych-miest-a-obci\/","og_locale":"pl_PL","og_type":"article","og_title":"17. ro\u010dn\u00edk Stretnutia bansk\u00fdch miest a obc\u00ed","og_description":"Posledn\u00fd j\u00fanov\u00fd v\u00edkend v Pre\u0161ove patril ban\u00edckym spolkom a cechom z cel\u00e9ho Slovenska, ale aj...","og_url":"https:\/\/www.regionsaris.sk\/pl\/17-rocnik-stretnutia-banskych-miest-a-obci\/","og_site_name":"OOCR \u0160ari\u0161","article_published_time":"2025-07-16T06:56:26+00:00","article_modified_time":"2025-12-15T09:12:55+00:00","og_image":[{"width":2560,"height":1440,"url":"https:\/\/www.regionsaris.sk\/wp-content\/uploads\/2025\/12\/Photo-28-06-2025-15-14-23-scaled-1.jpg","type":"image\/jpeg"}],"author":"dev@bigway.sk","twitter_card":"summary_large_image","twitter_misc":{"Written by":"dev@bigway.sk","Est. reading time":"3 minuty"},"schema":{"@context":"https:\/\/schema.org","@graph":[{"@type":"Article","@id":"https:\/\/www.regionsaris.sk\/17-rocnik-stretnutia-banskych-miest-a-obci\/#article","isPartOf":{"@id":"https:\/\/www.regionsaris.sk\/17-rocnik-stretnutia-banskych-miest-a-obci\/"},"author":{"name":"dev@bigway.sk","@id":"https:\/\/www.regionsaris.sk\/#\/schema\/person\/30fad06d87cd12ad1d94ff5fbd6919d1"},"headline":"17. ro\u010dn\u00edk Stretnutia bansk\u00fdch miest a obc\u00ed","datePublished":"2025-07-16T06:56:26+00:00","dateModified":"2025-12-15T09:12:55+00:00","mainEntityOfPage":{"@id":"https:\/\/www.regionsaris.sk\/17-rocnik-stretnutia-banskych-miest-a-obci\/"},"wordCount":523,"commentCount":0,"image":{"@id":"https:\/\/www.regionsaris.sk\/17-rocnik-stretnutia-banskych-miest-a-obci\/#primaryimage"},"thumbnailUrl":"https:\/\/www.regionsaris.sk\/wp-content\/uploads\/2025\/12\/Photo-28-06-2025-15-14-23-scaled-1.jpg","articleSection":["Novinky"],"inLanguage":"pl-PL","potentialAction":[{"@type":"CommentAction","name":"Comment","target":["https:\/\/www.regionsaris.sk\/17-rocnik-stretnutia-banskych-miest-a-obci\/#respond"]}]},{"@type":"WebPage","@id":"https:\/\/www.regionsaris.sk\/17-rocnik-stretnutia-banskych-miest-a-obci\/","url":"https:\/\/www.regionsaris.sk\/17-rocnik-stretnutia-banskych-miest-a-obci\/","name":"17. ro\u010dn\u00edk Stretnutia bansk\u00fdch miest a obc\u00ed - OOCR \u0160ari\u0161","isPartOf":{"@id":"https:\/\/www.regionsaris.sk\/#website"},"primaryImageOfPage":{"@id":"https:\/\/www.regionsaris.sk\/17-rocnik-stretnutia-banskych-miest-a-obci\/#primaryimage"},"image":{"@id":"https:\/\/www.regionsaris.sk\/17-rocnik-stretnutia-banskych-miest-a-obci\/#primaryimage"},"thumbnailUrl":"https:\/\/www.regionsaris.sk\/wp-content\/uploads\/2025\/12\/Photo-28-06-2025-15-14-23-scaled-1.jpg","datePublished":"2025-07-16T06:56:26+00:00","dateModified":"2025-12-15T09:12:55+00:00","author":{"@id":"https:\/\/www.regionsaris.sk\/#\/schema\/person\/30fad06d87cd12ad1d94ff5fbd6919d1"},"breadcrumb":{"@id":"https:\/\/www.regionsaris.sk\/17-rocnik-stretnutia-banskych-miest-a-obci\/#breadcrumb"},"inLanguage":"pl-PL","potentialAction":[{"@type":"ReadAction","target":["https:\/\/www.regionsaris.sk\/17-rocnik-stretnutia-banskych-miest-a-obci\/"]}]},{"@type":"ImageObject","inLanguage":"pl-PL","@id":"https:\/\/www.regionsaris.sk\/17-rocnik-stretnutia-banskych-miest-a-obci\/#primaryimage","url":"https:\/\/www.regionsaris.sk\/wp-content\/uploads\/2025\/12\/Photo-28-06-2025-15-14-23-scaled-1.jpg","contentUrl":"https:\/\/www.regionsaris.sk\/wp-content\/uploads\/2025\/12\/Photo-28-06-2025-15-14-23-scaled-1.jpg","width":2560,"height":1440},{"@type":"BreadcrumbList","@id":"https:\/\/www.regionsaris.sk\/17-rocnik-stretnutia-banskych-miest-a-obci\/#breadcrumb","itemListElement":[{"@type":"ListItem","position":1,"name":"Domov","item":"https:\/\/www.regionsaris.sk\/"},{"@type":"ListItem","position":2,"name":"17. ro\u010dn\u00edk Stretnutia bansk\u00fdch miest a obc\u00ed"}]},{"@type":"WebSite","@id":"https:\/\/www.regionsaris.sk\/#website","url":"https:\/\/www.regionsaris.sk\/","name":"OOCR \u0160ari\u0161","description":"","potentialAction":[{"@type":"SearchAction","target":{"@type":"EntryPoint","urlTemplate":"https:\/\/www.regionsaris.sk\/?s={search_term_string}"},"query-input":{"@type":"PropertyValueSpecification","valueRequired":true,"valueName":"search_term_string"}}],"inLanguage":"pl-PL"},{"@type":"Person","@id":"https:\/\/www.regionsaris.sk\/#\/schema\/person\/30fad06d87cd12ad1d94ff5fbd6919d1","name":"dev@bigway.sk","image":{"@type":"ImageObject","inLanguage":"pl-PL","@id":"https:\/\/www.regionsaris.sk\/#\/schema\/person\/image\/","url":"https:\/\/secure.gravatar.com\/avatar\/013b34bc1192067340cff024d72adf40af543d15809da0502beda083cb4f28a2?s=96&d=mm&r=g","contentUrl":"https:\/\/secure.gravatar.com\/avatar\/013b34bc1192067340cff024d72adf40af543d15809da0502beda083cb4f28a2?s=96&d=mm&r=g","caption":"dev@bigway.sk"},"sameAs":["https:\/\/www.regionsaris.sk"],"url":"https:\/\/www.regionsaris.sk\/pl\/author\/devbigway-sk\/"}]}},"_links":{"self":[{"href":"https:\/\/www.regionsaris.sk\/pl\/wp-json\/wp\/v2\/posts\/607","targetHints":{"allow":["GET"]}}],"collection":[{"href":"https:\/\/www.regionsaris.sk\/pl\/wp-json\/wp\/v2\/posts"}],"about":[{"href":"https:\/\/www.regionsaris.sk\/pl\/wp-json\/wp\/v2\/types\/post"}],"author":[{"embeddable":true,"href":"https:\/\/www.regionsaris.sk\/pl\/wp-json\/wp\/v2\/users\/1"}],"replies":[{"embeddable":true,"href":"https:\/\/www.regionsaris.sk\/pl\/wp-json\/wp\/v2\/comments?post=607"}],"version-history":[{"count":1,"href":"https:\/\/www.regionsaris.sk\/pl\/wp-json\/wp\/v2\/posts\/607\/revisions"}],"predecessor-version":[{"id":615,"href":"https:\/\/www.regionsaris.sk\/pl\/wp-json\/wp\/v2\/posts\/607\/revisions\/615"}],"wp:featuredmedia":[{"embeddable":true,"href":"https:\/\/www.regionsaris.sk\/pl\/wp-json\/wp\/v2\/media\/616"}],"wp:attachment":[{"href":"https:\/\/www.regionsaris.sk\/pl\/wp-json\/wp\/v2\/media?parent=607"}],"wp:term":[{"taxonomy":"category","embeddable":true,"href":"https:\/\/www.regionsaris.sk\/pl\/wp-json\/wp\/v2\/categories?post=607"},{"taxonomy":"post_tag","embeddable":true,"href":"https:\/\/www.regionsaris.sk\/pl\/wp-json\/wp\/v2\/tags?post=607"}],"curies":[{"name":"wp","href":"https:\/\/api.w.org\/{rel}","templated":true}]}}