{"id":445,"date":"2024-08-20T13:33:34","date_gmt":"2024-08-20T12:33:34","guid":{"rendered":"https:\/\/www.regionsaris.sk\/fam-trip-slovenskych-touroperatorov-v-regione-saris-horny-zemplin\/"},"modified":"2025-12-15T10:09:19","modified_gmt":"2025-12-15T09:09:19","slug":"fam-trip-slovenskych-touroperatorov-v-regione-saris-horny-zemplin","status":"publish","type":"post","link":"https:\/\/www.regionsaris.sk\/pl\/fam-trip-slovenskych-touroperatorov-v-regione-saris-horny-zemplin\/","title":{"rendered":"Fam Trip s\u0142owackich touroperator\u00f3w w regionie \u0160ari\u0161 i Horn\u00fd Zempl\u00edn"},"content":{"rendered":"<em><span style=\"font-weight: 400;\">Regionalna Organizacja Turystyczna (zwana dalej \"OOCR\") Region Szarysz we wsp\u00f3\u0142pracy z <strong>OOCR Horn\u00fd Zempl\u00edn\u00a0<\/strong> przygotowa\u0142 unikalny <strong>Fam trip dla s\u0142owackich touroperator\u00f3w i influencer\u00f3w<\/strong>, kt\u00f3rego celem by\u0142o poznanie TOP destynacji regionu Szarisza i G\u00f3rnego Zemplina. Ten dwudniowy program przygodowy by\u0142 pe\u0142en historii, kultury i wyj\u0105tkowych atrakcji, kt\u00f3re pokaza\u0142y uczestnikom bogactwo i pi\u0119kno wschodniej S\u0142owacji.<\/span><\/em>\n\n\u00a0\n<h3><strong>Dzie\u0144 1: Odkrywanie historii i kultury Szarisza<\/strong><\/h3>\n\u00a0\n\n<span style=\"font-weight: 400;\">W pi\u0105tek przenie\u015bli\u015bmy si\u0119 razem do Wielkiego Szarisza, gdzie pod\u0105\u017cali\u015bmy \u015bladami historii do <strong>Zamek Szarysz<\/strong>, kt\u00f3ry jest jednym z najwi\u0119kszych zamk\u00f3w na S\u0142owacji. Uczestnicy mieli okazj\u0119 zapozna\u0107 si\u0119 z histori\u0105 poprzez wystaw\u0119, kt\u00f3rej towarzyszy\u0142o zwiedzanie z przewodnikiem. Mogli tak\u017ce spr\u00f3bowa\u0107 swoich si\u0142 w strzelaniu z \u0142uku. Po drodze nie mog\u0142o zabrakn\u0105\u0107 wizyty w s\u0142ynnym <strong>Browar Szarysz<\/strong>, gdzie przewodnik zapozna\u0142 nas z fascynuj\u0105cym procesem produkcji piwa. Nast\u0119pnie mieli\u015bmy okazj\u0119 spr\u00f3bowa\u0107 r\u00f3\u017cnych rodzaj\u00f3w piwa i oceni\u0107 jego jako\u015b\u0107.\u00a0<\/span>\n\n\u00a0\n\n\u00a0\n\n<a href=\"https:\/\/www.regionsaris.sk\/wp-content\/uploads\/2024\/08\/PXL_20240816_105338529.MP_-scaled.jpg\"><img loading=\"lazy\" decoding=\"async\" class=\"size-medium wp-image-20131 alignnone\" src=\"https:\/\/www.regionsaris.sk\/wp-content\/uploads\/2025\/12\/PXL_20240816_105338529.MP_-scaled.jpg\" alt=\"\" width=\"300\" height=\"169\" \/><\/a> <a href=\"https:\/\/www.regionsaris.sk\/wp-content\/uploads\/2024\/08\/PXL_20240816_100109145-scaled.jpg\"><img loading=\"lazy\" decoding=\"async\" class=\"size-medium wp-image-20129 alignnone\" src=\"https:\/\/www.regionsaris.sk\/wp-content\/uploads\/2025\/12\/PXL_20240816_100109145-scaled.jpg\" alt=\"\" width=\"300\" height=\"169\" \/><\/a>\n\n\u00a0\n\n<span style=\"font-weight: 400;\">Po obfitym lunchu w <\/span><strong>Tawerna pod Zamkiem<\/strong><span style=\"font-weight: 400;\"> nasza droga prowadzi\u0142a do <strong>STM - Muzeum Solivar<\/strong>, gdzie uczestnicy<\/span><span style=\"font-weight: 400;\"> dowiedzie\u0107 si\u0119 wi\u0119cej o historii wydobycia i przetwarzania soli. Po przej\u015bciu do centrum Preszowa na ulic\u0119 G\u0142\u00f3wn\u0105, mo\u017cna by\u0142o skorzysta\u0107 z wycieczki po mie\u015bcie z udzia\u0142em przewodnika <em>Andrey Sivanic<\/em>, w tym wizyt\u0119 <strong>Katedra \u015bw.<\/strong> a <strong>Katedra \u015awi\u0119tego Jana Chrzciciela w Preszowie<\/strong>. Pierwszy dzie\u0144 wycieczki informacyjnej zako\u0144czy\u0142 si\u0119 wycieczk\u0105 z przewodnikiem po <strong>Muzeum Wina<\/strong>, w towarzystwie kr\u00f3tkiej degustacji wina, a nast\u0119pnie pysznej 4-daniowej kolacji w restauracji <strong>Via Magna<\/strong>.<\/span>\n\n\u00a0\n\n<a href=\"https:\/\/www.regionsaris.sk\/wp-content\/uploads\/2025\/12\/PXL_20240816_134315773.MP_.jpg\"><img loading=\"lazy\" decoding=\"async\" class=\"size-medium wp-image-20135 alignleft\" src=\"https:\/\/www.regionsaris.sk\/wp-content\/uploads\/2025\/12\/PXL_20240816_134315773.MP_-300x246.jpg\" alt=\"\" width=\"300\" height=\"246\" \/><\/a> <a href=\"https:\/\/www.regionsaris.sk\/wp-content\/uploads\/2024\/08\/PXL_20240816_171956741-scaled.jpg\"><img loading=\"lazy\" decoding=\"async\" class=\"size-medium wp-image-20137 alignleft\" src=\"https:\/\/www.regionsaris.sk\/wp-content\/uploads\/2025\/12\/PXL_20240816_171956741-scaled.jpg\" alt=\"\" width=\"300\" height=\"169\" \/><\/a>\n\n\u00a0\n\n\u00a0\n\n\u00a0\n\n\u00a0\n\n\u00a0\n\n\u00a0\n\n\u00a0\n\n\u00a0\n\n\u00a0\n\n\u00a0\n<h3><strong>Dzie\u0144 2: Skarby G\u00f3rnego Zemplina i UNESCO<\/strong><\/h3>\n\u00a0\n\n<span style=\"font-weight: 400;\">W sobot\u0119 rano udali\u015bmy si\u0119 do wyj\u0105tkowego<strong> S\u0142owackie kopalnie opalu<\/strong> w Dubn\u00edku, gdzie uczestnicy mogli zobaczy\u0107 rzadki opal w jego naturalnym \u015brodowisku. Nast\u0119pnie odwiedzili\u015bmy <strong>Drewniane ko\u015bcio\u0142y UNESCO<\/strong> w Hervartovie, Bodru\u017ealu i Ladom\u00edrovej, a tak\u017ce zatrzymali\u015bmy si\u0119 w <strong>Dolina \u015amierci,<\/strong> gdzie wys\u0142uchali\u015bmy wyk\u0142adu na temat KDO (Operacja Karpacko-Dukielska).<\/span>\n\n\u00a0\n\n\u00a0\n\n<a href=\"https:\/\/www.regionsaris.sk\/wp-content\/uploads\/2024\/08\/IMG_20240817_143942-scaled.jpg\"><img loading=\"lazy\" decoding=\"async\" class=\"size-medium wp-image-20144 alignnone\" src=\"https:\/\/www.regionsaris.sk\/wp-content\/uploads\/2025\/12\/IMG_20240817_143942-scaled.jpg\" alt=\"\" width=\"300\" height=\"225\" \/><\/a> <a href=\"https:\/\/www.regionsaris.sk\/wp-content\/uploads\/2024\/08\/IMG_20240817_181430-scaled.jpg\"><img loading=\"lazy\" decoding=\"async\" class=\"size-medium wp-image-20146 alignnone\" src=\"https:\/\/www.regionsaris.sk\/wp-content\/uploads\/2025\/12\/IMG_20240817_181430-scaled.jpg\" alt=\"\" width=\"300\" height=\"225\" \/><\/a>\n\n\u00a0\n\n<span style=\"font-weight: 400;\">Po po\u0142udniu przenie\u015bli\u015bmy si\u0119 do miejscowo\u015bci Horn\u00fd Zempl\u00edn <strong>Topola<\/strong>, gdzie czeka\u0142 na nas pokaz tradycyjnego rzemios\u0142a. Uczestnicy mogli spr\u00f3bowa\u0107 pieczenia chleba w glinianym piecu, wyrobu dach\u00f3w ze strzechy, tradycyjnej ceramiki i posmakowa\u0107 <em>pierogi tatarskie<\/em>. Wieczorem odwiedzili\u015bmy<strong> Dom dziadka Evening Star<\/strong> v <strong>Nowy Sedlec<\/strong> a <strong>Szko\u0142a Muzealna w Zb\u00f3jnej,<\/strong> gdzie przypomnieli\u015bmy sobie histori\u0119 lokalnej edukacji. Dzie\u0144 zako\u0144czyli\u015bmy obserwacj\u0105 nocnego nieba w miejscowym muzeum. <strong>Obserwatorium astronomiczne w Kolonick\u00fd sedlo.\u00a0<\/strong><\/span>\n\n\u00a0\n\n\u00a0\n\n<a href=\"https:\/\/www.regionsaris.sk\/wp-content\/uploads\/2024\/08\/IMG_20240817_193637-scaled.jpg\"><img loading=\"lazy\" decoding=\"async\" class=\"size-medium wp-image-20150 alignnone\" src=\"https:\/\/www.regionsaris.sk\/wp-content\/uploads\/2025\/12\/IMG_20240817_193637-scaled.jpg\" alt=\"\" width=\"300\" height=\"225\" \/><\/a> <a href=\"https:\/\/www.regionsaris.sk\/wp-content\/uploads\/2024\/08\/IMG_20240817_201333-scaled.jpg\"><img loading=\"lazy\" decoding=\"async\" class=\"size-medium wp-image-20152 alignnone\" src=\"https:\/\/www.regionsaris.sk\/wp-content\/uploads\/2025\/12\/IMG_20240817_201333-scaled.jpg\" alt=\"\" width=\"300\" height=\"225\" \/><\/a>\n\n\u00a0\n\n\u00a0\n<h3><strong>Dzie\u0144 3: Powr\u00f3t do domu<\/strong><\/h3>\n<strong>W niedziel\u0119<\/strong> Po \u015bniadaniu zorganizowano transfer autobusowy z powrotem do Preszowa, gdzie uczestnicy po\u017cegnali si\u0119 i rozpocz\u0119li podr\u00f3\u017c do domu.\n\n<strong>Ta podr\u00f3\u017c Fam by\u0142a pe\u0142na niezapomnianych wra\u017ce\u0144, kt\u00f3re pozwoli\u0142y s\u0142owackim touroperatorom odkry\u0107 pi\u0119kno i histori\u0119 wschodniej S\u0142owacji. Z niecierpliwo\u015bci\u0105 czekamy na kolejne takie wyjazdy, kt\u00f3re ponownie przynios\u0105 nowe odkrycia i do\u015bwiadczenia.<\/strong>\n\n\u00a0\n\nDzi\u0119kuj\u0119 wszystkim, kt\u00f3rzy brali w tym udzia\u0142: <span class=\"html-span xdj266r x11i5rnm xat24cr x1mh8g0r xexx8yu x4uap5 x18d9i69 xkhd6sd x1hl2dhg x16tdsg8 x1vvkbs\"><a class=\"x1i10hfl xjbqb8w x1ejq31n xd10rxx x1sy0etr x17r0tee x972fbf xcfux6l x1qhh985 xm0m39n x9f619 x1ypdohk xt0psk2 xe8uvvx xdj266r x11i5rnm xat24cr x1mh8g0r xexx8yu x4uap5 x18d9i69 xkhd6sd x16tdsg8 x1hl2dhg xggy1nq x1a2a7pz x1sur9pj xkrqix3 x1fey0fg xo1l8bm\" tabindex=\"0\" role=\"link\" href=\"https:\/\/www.facebook.com\/sackaeu?__cft__[0]=AZUhiRudQyZOmUw0ZzOagCHs0w7kSGHZXVHHmmYI4X8chzzq3qbq0VtlHB8Y0CBMp82fsYUxVRcFl_iz2WudjBw5D3Wtz0b_DBCqwcFWy8Mbng2P7x8NgFLEFyzRtgXDVazfpZLy--AZ_SXEtpMyiLeXjWE5e-C4OZ97xbKzOiehTwyYQ6BVmgIU3qAZhNwSZBNyAfpsDTimsPl6FFN1w2q4&__tn__=-]K-R\"><span class=\"xt0psk2\">SACKA,\u00a0 <\/span><\/a><\/span><span class=\"html-span xdj266r x11i5rnm xat24cr x1mh8g0r xexx8yu x4uap5 x18d9i69 xkhd6sd x1hl2dhg x16tdsg8 x1vvkbs\"><a class=\"x1i10hfl xjbqb8w x1ejq31n xd10rxx x1sy0etr x17r0tee x972fbf xcfux6l x1qhh985 xm0m39n x9f619 x1ypdohk xt0psk2 xe8uvvx xdj266r x11i5rnm xat24cr x1mh8g0r xexx8yu x4uap5 x18d9i69 xkhd6sd x16tdsg8 x1hl2dhg xggy1nq x1a2a7pz x1sur9pj xkrqix3 x1fey0fg xo1l8bm\" tabindex=\"0\" role=\"link\" href=\"https:\/\/www.facebook.com\/eastslovakiatravel?__cft__[0]=AZUhiRudQyZOmUw0ZzOagCHs0w7kSGHZXVHHmmYI4X8chzzq3qbq0VtlHB8Y0CBMp82fsYUxVRcFl_iz2WudjBw5D3Wtz0b_DBCqwcFWy8Mbng2P7x8NgFLEFyzRtgXDVazfpZLy--AZ_SXEtpMyiLeXjWE5e-C4OZ97xbKzOiehTwyYQ6BVmgIU3qAZhNwSZBNyAfpsDTimsPl6FFN1w2q4&__tn__=-]K-R\"><span class=\"xt0psk2\">Podr\u00f3\u017c do wschodniej S\u0142owacji,\u00a0<\/span><\/a><\/span>Marcela Laukova,<a href=\"https:\/\/hornyzemplin.sk\/\"> OOCR Horn\u00fd Zempl\u00edn<\/a>\n\n\u00a0\n\n\u00a0\n\n<em><strong>Zrealizowano przy wsparciu finansowym Ministerstwa Turystyki i Sportu Republiki S\u0142owackiej.\u00a0<\/strong><\/em>\n\n\u00a0\n<div class=\"x11i5rnm xat24cr x1mh8g0r x1vvkbs xtlvy1s x126k92a\">\n<div dir=\"auto\"><a href=\"https:\/\/www.regionsaris.sk\/wp-content\/uploads\/2025\/12\/logo_Min-CestovnehoRuchu-a-Sportu_SR_SK_farba_rgb.png\"><img loading=\"lazy\" decoding=\"async\" class=\"size-medium wp-image-20154 alignnone\" src=\"https:\/\/www.regionsaris.sk\/wp-content\/uploads\/2025\/12\/logo_Min-CestovnehoRuchu-a-Sportu_SR_SK_farba_rgb-300x95.png\" alt=\"\" width=\"300\" height=\"95\" \/><\/a> <a href=\"https:\/\/www.regionsaris.sk\/wp-content\/uploads\/2025\/12\/SARIS_region_logo_rgb_01_@4-1.png\"><img loading=\"lazy\" decoding=\"async\" class=\"size-medium wp-image-20156 alignnone\" src=\"https:\/\/www.regionsaris.sk\/wp-content\/uploads\/2025\/12\/SARIS_region_logo_rgb_01_@4-1-300x172.png\" alt=\"\" width=\"300\" height=\"172\" \/> <\/a><a href=\"https:\/\/www.regionsaris.sk\/wp-content\/uploads\/2025\/12\/logo_hornyzemplin_2021-02-7-1.jpg\"><img loading=\"lazy\" decoding=\"async\" class=\"size-medium wp-image-20167 alignnone\" src=\"https:\/\/www.regionsaris.sk\/wp-content\/uploads\/2025\/12\/logo_hornyzemplin_2021-02-7-1-300x127.jpg\" alt=\"\" width=\"300\" height=\"127\" \/><\/a><\/div>\n<\/div>\n<div dir=\"auto\"><\/div>\n<div dir=\"auto\"><\/div>\n<div dir=\"auto\"><\/div>","protected":false},"excerpt":{"rendered":"<p>Oblastn\u00e1 organiz\u00e1cia cestovn\u00e9ho ruchu (\u010falej ako \"OOCR\") Regi\u00f3n \u0160ari\u0161 v spolupr\u00e1ci s OOCR Horn\u00fd Zempl\u00edn\u00a0...<\/p>","protected":false},"author":1,"featured_media":458,"comment_status":"open","ping_status":"open","sticky":false,"template":"","format":"standard","meta":{"_acf_changed":false,"footnotes":""},"categories":[1],"tags":[],"class_list":["post-445","post","type-post","status-publish","format-standard","has-post-thumbnail","hentry","category-novinky"],"acf":[],"yoast_head":"<!-- This site is optimized with the Yoast SEO Premium plugin v26.3 (Yoast SEO v26.8) - https:\/\/yoast.com\/product\/yoast-seo-premium-wordpress\/ -->\n<title>Fam Trip slovensk\u00fdch touroper\u00e1torov v regi\u00f3ne \u0160ari\u0161 &amp; Horn\u00fd Zempl\u00edn - OOCR \u0160ari\u0161<\/title>\n<meta name=\"robots\" content=\"index, follow, max-snippet:-1, max-image-preview:large, max-video-preview:-1\" \/>\n<link rel=\"canonical\" href=\"https:\/\/www.regionsaris.sk\/pl\/fam-trip-slovenskych-touroperatorov-v-regione-saris-horny-zemplin\/\" \/>\n<meta property=\"og:locale\" content=\"pl_PL\" \/>\n<meta property=\"og:type\" content=\"article\" \/>\n<meta property=\"og:title\" content=\"Fam Trip slovensk\u00fdch touroper\u00e1torov v regi\u00f3ne \u0160ari\u0161 &amp; Horn\u00fd Zempl\u00edn\" \/>\n<meta property=\"og:description\" content=\"Oblastn\u00e1 organiz\u00e1cia cestovn\u00e9ho ruchu (\u010falej ako &quot;OOCR&quot;) Regi\u00f3n \u0160ari\u0161 v spolupr\u00e1ci s OOCR Horn\u00fd Zempl\u00edn\u00a0...\" \/>\n<meta property=\"og:url\" content=\"https:\/\/www.regionsaris.sk\/pl\/fam-trip-slovenskych-touroperatorov-v-regione-saris-horny-zemplin\/\" \/>\n<meta property=\"og:site_name\" content=\"OOCR \u0160ari\u0161\" \/>\n<meta property=\"article:published_time\" content=\"2024-08-20T12:33:34+00:00\" \/>\n<meta property=\"article:modified_time\" content=\"2025-12-15T09:09:19+00:00\" \/>\n<meta property=\"og:image\" content=\"https:\/\/www.regionsaris.sk\/wp-content\/uploads\/2025\/12\/IMG_20240817_115246-scaled-1.jpg\" \/>\n\t<meta property=\"og:image:width\" content=\"2560\" \/>\n\t<meta property=\"og:image:height\" content=\"1920\" \/>\n\t<meta property=\"og:image:type\" content=\"image\/jpeg\" \/>\n<meta name=\"author\" content=\"dev@bigway.sk\" \/>\n<meta name=\"twitter:card\" content=\"summary_large_image\" \/>\n<meta name=\"twitter:label1\" content=\"Written by\" \/>\n\t<meta name=\"twitter:data1\" content=\"dev@bigway.sk\" \/>\n\t<meta name=\"twitter:label2\" content=\"Est. reading time\" \/>\n\t<meta name=\"twitter:data2\" content=\"3 minuty\" \/>\n<script type=\"application\/ld+json\" class=\"yoast-schema-graph\">{\"@context\":\"https:\/\/schema.org\",\"@graph\":[{\"@type\":\"Article\",\"@id\":\"https:\/\/www.regionsaris.sk\/fam-trip-slovenskych-touroperatorov-v-regione-saris-horny-zemplin\/#article\",\"isPartOf\":{\"@id\":\"https:\/\/www.regionsaris.sk\/fam-trip-slovenskych-touroperatorov-v-regione-saris-horny-zemplin\/\"},\"author\":{\"name\":\"dev@bigway.sk\",\"@id\":\"https:\/\/www.regionsaris.sk\/#\/schema\/person\/30fad06d87cd12ad1d94ff5fbd6919d1\"},\"headline\":\"Fam Trip slovensk\u00fdch touroper\u00e1torov v regi\u00f3ne \u0160ari\u0161 &#038; Horn\u00fd Zempl\u00edn\",\"datePublished\":\"2024-08-20T12:33:34+00:00\",\"dateModified\":\"2025-12-15T09:09:19+00:00\",\"mainEntityOfPage\":{\"@id\":\"https:\/\/www.regionsaris.sk\/fam-trip-slovenskych-touroperatorov-v-regione-saris-horny-zemplin\/\"},\"wordCount\":591,\"commentCount\":0,\"image\":{\"@id\":\"https:\/\/www.regionsaris.sk\/fam-trip-slovenskych-touroperatorov-v-regione-saris-horny-zemplin\/#primaryimage\"},\"thumbnailUrl\":\"https:\/\/www.regionsaris.sk\/wp-content\/uploads\/2025\/12\/IMG_20240817_115246-scaled-1.jpg\",\"articleSection\":[\"Novinky\"],\"inLanguage\":\"pl-PL\",\"potentialAction\":[{\"@type\":\"CommentAction\",\"name\":\"Comment\",\"target\":[\"https:\/\/www.regionsaris.sk\/fam-trip-slovenskych-touroperatorov-v-regione-saris-horny-zemplin\/#respond\"]}]},{\"@type\":\"WebPage\",\"@id\":\"https:\/\/www.regionsaris.sk\/fam-trip-slovenskych-touroperatorov-v-regione-saris-horny-zemplin\/\",\"url\":\"https:\/\/www.regionsaris.sk\/fam-trip-slovenskych-touroperatorov-v-regione-saris-horny-zemplin\/\",\"name\":\"Fam Trip slovensk\u00fdch touroper\u00e1torov v regi\u00f3ne \u0160ari\u0161 & Horn\u00fd Zempl\u00edn - OOCR \u0160ari\u0161\",\"isPartOf\":{\"@id\":\"https:\/\/www.regionsaris.sk\/#website\"},\"primaryImageOfPage\":{\"@id\":\"https:\/\/www.regionsaris.sk\/fam-trip-slovenskych-touroperatorov-v-regione-saris-horny-zemplin\/#primaryimage\"},\"image\":{\"@id\":\"https:\/\/www.regionsaris.sk\/fam-trip-slovenskych-touroperatorov-v-regione-saris-horny-zemplin\/#primaryimage\"},\"thumbnailUrl\":\"https:\/\/www.regionsaris.sk\/wp-content\/uploads\/2025\/12\/IMG_20240817_115246-scaled-1.jpg\",\"datePublished\":\"2024-08-20T12:33:34+00:00\",\"dateModified\":\"2025-12-15T09:09:19+00:00\",\"author\":{\"@id\":\"https:\/\/www.regionsaris.sk\/#\/schema\/person\/30fad06d87cd12ad1d94ff5fbd6919d1\"},\"breadcrumb\":{\"@id\":\"https:\/\/www.regionsaris.sk\/fam-trip-slovenskych-touroperatorov-v-regione-saris-horny-zemplin\/#breadcrumb\"},\"inLanguage\":\"pl-PL\",\"potentialAction\":[{\"@type\":\"ReadAction\",\"target\":[\"https:\/\/www.regionsaris.sk\/fam-trip-slovenskych-touroperatorov-v-regione-saris-horny-zemplin\/\"]}]},{\"@type\":\"ImageObject\",\"inLanguage\":\"pl-PL\",\"@id\":\"https:\/\/www.regionsaris.sk\/fam-trip-slovenskych-touroperatorov-v-regione-saris-horny-zemplin\/#primaryimage\",\"url\":\"https:\/\/www.regionsaris.sk\/wp-content\/uploads\/2025\/12\/IMG_20240817_115246-scaled-1.jpg\",\"contentUrl\":\"https:\/\/www.regionsaris.sk\/wp-content\/uploads\/2025\/12\/IMG_20240817_115246-scaled-1.jpg\",\"width\":2560,\"height\":1920},{\"@type\":\"BreadcrumbList\",\"@id\":\"https:\/\/www.regionsaris.sk\/fam-trip-slovenskych-touroperatorov-v-regione-saris-horny-zemplin\/#breadcrumb\",\"itemListElement\":[{\"@type\":\"ListItem\",\"position\":1,\"name\":\"Domov\",\"item\":\"https:\/\/www.regionsaris.sk\/\"},{\"@type\":\"ListItem\",\"position\":2,\"name\":\"Fam Trip slovensk\u00fdch touroper\u00e1torov v regi\u00f3ne \u0160ari\u0161 &#038; Horn\u00fd Zempl\u00edn\"}]},{\"@type\":\"WebSite\",\"@id\":\"https:\/\/www.regionsaris.sk\/#website\",\"url\":\"https:\/\/www.regionsaris.sk\/\",\"name\":\"OOCR \u0160ari\u0161\",\"description\":\"\",\"potentialAction\":[{\"@type\":\"SearchAction\",\"target\":{\"@type\":\"EntryPoint\",\"urlTemplate\":\"https:\/\/www.regionsaris.sk\/?s={search_term_string}\"},\"query-input\":{\"@type\":\"PropertyValueSpecification\",\"valueRequired\":true,\"valueName\":\"search_term_string\"}}],\"inLanguage\":\"pl-PL\"},{\"@type\":\"Person\",\"@id\":\"https:\/\/www.regionsaris.sk\/#\/schema\/person\/30fad06d87cd12ad1d94ff5fbd6919d1\",\"name\":\"dev@bigway.sk\",\"image\":{\"@type\":\"ImageObject\",\"inLanguage\":\"pl-PL\",\"@id\":\"https:\/\/www.regionsaris.sk\/#\/schema\/person\/image\/\",\"url\":\"https:\/\/secure.gravatar.com\/avatar\/013b34bc1192067340cff024d72adf40af543d15809da0502beda083cb4f28a2?s=96&d=mm&r=g\",\"contentUrl\":\"https:\/\/secure.gravatar.com\/avatar\/013b34bc1192067340cff024d72adf40af543d15809da0502beda083cb4f28a2?s=96&d=mm&r=g\",\"caption\":\"dev@bigway.sk\"},\"sameAs\":[\"https:\/\/www.regionsaris.sk\"],\"url\":\"https:\/\/www.regionsaris.sk\/pl\/author\/devbigway-sk\/\"}]}<\/script>\n<!-- \/ Yoast SEO Premium plugin. -->","yoast_head_json":{"title":"Fam Trip slovensk\u00fdch touroper\u00e1torov v regi\u00f3ne \u0160ari\u0161 & Horn\u00fd Zempl\u00edn - OOCR \u0160ari\u0161","robots":{"index":"index","follow":"follow","max-snippet":"max-snippet:-1","max-image-preview":"max-image-preview:large","max-video-preview":"max-video-preview:-1"},"canonical":"https:\/\/www.regionsaris.sk\/pl\/fam-trip-slovenskych-touroperatorov-v-regione-saris-horny-zemplin\/","og_locale":"pl_PL","og_type":"article","og_title":"Fam Trip slovensk\u00fdch touroper\u00e1torov v regi\u00f3ne \u0160ari\u0161 & Horn\u00fd Zempl\u00edn","og_description":"Oblastn\u00e1 organiz\u00e1cia cestovn\u00e9ho ruchu (\u010falej ako \"OOCR\") Regi\u00f3n \u0160ari\u0161 v spolupr\u00e1ci s OOCR Horn\u00fd Zempl\u00edn\u00a0...","og_url":"https:\/\/www.regionsaris.sk\/pl\/fam-trip-slovenskych-touroperatorov-v-regione-saris-horny-zemplin\/","og_site_name":"OOCR \u0160ari\u0161","article_published_time":"2024-08-20T12:33:34+00:00","article_modified_time":"2025-12-15T09:09:19+00:00","og_image":[{"width":2560,"height":1920,"url":"https:\/\/www.regionsaris.sk\/wp-content\/uploads\/2025\/12\/IMG_20240817_115246-scaled-1.jpg","type":"image\/jpeg"}],"author":"dev@bigway.sk","twitter_card":"summary_large_image","twitter_misc":{"Written by":"dev@bigway.sk","Est. reading time":"3 minuty"},"schema":{"@context":"https:\/\/schema.org","@graph":[{"@type":"Article","@id":"https:\/\/www.regionsaris.sk\/fam-trip-slovenskych-touroperatorov-v-regione-saris-horny-zemplin\/#article","isPartOf":{"@id":"https:\/\/www.regionsaris.sk\/fam-trip-slovenskych-touroperatorov-v-regione-saris-horny-zemplin\/"},"author":{"name":"dev@bigway.sk","@id":"https:\/\/www.regionsaris.sk\/#\/schema\/person\/30fad06d87cd12ad1d94ff5fbd6919d1"},"headline":"Fam Trip slovensk\u00fdch touroper\u00e1torov v regi\u00f3ne \u0160ari\u0161 &#038; Horn\u00fd Zempl\u00edn","datePublished":"2024-08-20T12:33:34+00:00","dateModified":"2025-12-15T09:09:19+00:00","mainEntityOfPage":{"@id":"https:\/\/www.regionsaris.sk\/fam-trip-slovenskych-touroperatorov-v-regione-saris-horny-zemplin\/"},"wordCount":591,"commentCount":0,"image":{"@id":"https:\/\/www.regionsaris.sk\/fam-trip-slovenskych-touroperatorov-v-regione-saris-horny-zemplin\/#primaryimage"},"thumbnailUrl":"https:\/\/www.regionsaris.sk\/wp-content\/uploads\/2025\/12\/IMG_20240817_115246-scaled-1.jpg","articleSection":["Novinky"],"inLanguage":"pl-PL","potentialAction":[{"@type":"CommentAction","name":"Comment","target":["https:\/\/www.regionsaris.sk\/fam-trip-slovenskych-touroperatorov-v-regione-saris-horny-zemplin\/#respond"]}]},{"@type":"WebPage","@id":"https:\/\/www.regionsaris.sk\/fam-trip-slovenskych-touroperatorov-v-regione-saris-horny-zemplin\/","url":"https:\/\/www.regionsaris.sk\/fam-trip-slovenskych-touroperatorov-v-regione-saris-horny-zemplin\/","name":"Fam Trip slovensk\u00fdch touroper\u00e1torov v regi\u00f3ne \u0160ari\u0161 & Horn\u00fd Zempl\u00edn - OOCR \u0160ari\u0161","isPartOf":{"@id":"https:\/\/www.regionsaris.sk\/#website"},"primaryImageOfPage":{"@id":"https:\/\/www.regionsaris.sk\/fam-trip-slovenskych-touroperatorov-v-regione-saris-horny-zemplin\/#primaryimage"},"image":{"@id":"https:\/\/www.regionsaris.sk\/fam-trip-slovenskych-touroperatorov-v-regione-saris-horny-zemplin\/#primaryimage"},"thumbnailUrl":"https:\/\/www.regionsaris.sk\/wp-content\/uploads\/2025\/12\/IMG_20240817_115246-scaled-1.jpg","datePublished":"2024-08-20T12:33:34+00:00","dateModified":"2025-12-15T09:09:19+00:00","author":{"@id":"https:\/\/www.regionsaris.sk\/#\/schema\/person\/30fad06d87cd12ad1d94ff5fbd6919d1"},"breadcrumb":{"@id":"https:\/\/www.regionsaris.sk\/fam-trip-slovenskych-touroperatorov-v-regione-saris-horny-zemplin\/#breadcrumb"},"inLanguage":"pl-PL","potentialAction":[{"@type":"ReadAction","target":["https:\/\/www.regionsaris.sk\/fam-trip-slovenskych-touroperatorov-v-regione-saris-horny-zemplin\/"]}]},{"@type":"ImageObject","inLanguage":"pl-PL","@id":"https:\/\/www.regionsaris.sk\/fam-trip-slovenskych-touroperatorov-v-regione-saris-horny-zemplin\/#primaryimage","url":"https:\/\/www.regionsaris.sk\/wp-content\/uploads\/2025\/12\/IMG_20240817_115246-scaled-1.jpg","contentUrl":"https:\/\/www.regionsaris.sk\/wp-content\/uploads\/2025\/12\/IMG_20240817_115246-scaled-1.jpg","width":2560,"height":1920},{"@type":"BreadcrumbList","@id":"https:\/\/www.regionsaris.sk\/fam-trip-slovenskych-touroperatorov-v-regione-saris-horny-zemplin\/#breadcrumb","itemListElement":[{"@type":"ListItem","position":1,"name":"Domov","item":"https:\/\/www.regionsaris.sk\/"},{"@type":"ListItem","position":2,"name":"Fam Trip slovensk\u00fdch touroper\u00e1torov v regi\u00f3ne \u0160ari\u0161 &#038; Horn\u00fd Zempl\u00edn"}]},{"@type":"WebSite","@id":"https:\/\/www.regionsaris.sk\/#website","url":"https:\/\/www.regionsaris.sk\/","name":"OOCR \u0160ari\u0161","description":"","potentialAction":[{"@type":"SearchAction","target":{"@type":"EntryPoint","urlTemplate":"https:\/\/www.regionsaris.sk\/?s={search_term_string}"},"query-input":{"@type":"PropertyValueSpecification","valueRequired":true,"valueName":"search_term_string"}}],"inLanguage":"pl-PL"},{"@type":"Person","@id":"https:\/\/www.regionsaris.sk\/#\/schema\/person\/30fad06d87cd12ad1d94ff5fbd6919d1","name":"dev@bigway.sk","image":{"@type":"ImageObject","inLanguage":"pl-PL","@id":"https:\/\/www.regionsaris.sk\/#\/schema\/person\/image\/","url":"https:\/\/secure.gravatar.com\/avatar\/013b34bc1192067340cff024d72adf40af543d15809da0502beda083cb4f28a2?s=96&d=mm&r=g","contentUrl":"https:\/\/secure.gravatar.com\/avatar\/013b34bc1192067340cff024d72adf40af543d15809da0502beda083cb4f28a2?s=96&d=mm&r=g","caption":"dev@bigway.sk"},"sameAs":["https:\/\/www.regionsaris.sk"],"url":"https:\/\/www.regionsaris.sk\/pl\/author\/devbigway-sk\/"}]}},"_links":{"self":[{"href":"https:\/\/www.regionsaris.sk\/pl\/wp-json\/wp\/v2\/posts\/445","targetHints":{"allow":["GET"]}}],"collection":[{"href":"https:\/\/www.regionsaris.sk\/pl\/wp-json\/wp\/v2\/posts"}],"about":[{"href":"https:\/\/www.regionsaris.sk\/pl\/wp-json\/wp\/v2\/types\/post"}],"author":[{"embeddable":true,"href":"https:\/\/www.regionsaris.sk\/pl\/wp-json\/wp\/v2\/users\/1"}],"replies":[{"embeddable":true,"href":"https:\/\/www.regionsaris.sk\/pl\/wp-json\/wp\/v2\/comments?post=445"}],"version-history":[{"count":1,"href":"https:\/\/www.regionsaris.sk\/pl\/wp-json\/wp\/v2\/posts\/445\/revisions"}],"predecessor-version":[{"id":457,"href":"https:\/\/www.regionsaris.sk\/pl\/wp-json\/wp\/v2\/posts\/445\/revisions\/457"}],"wp:featuredmedia":[{"embeddable":true,"href":"https:\/\/www.regionsaris.sk\/pl\/wp-json\/wp\/v2\/media\/458"}],"wp:attachment":[{"href":"https:\/\/www.regionsaris.sk\/pl\/wp-json\/wp\/v2\/media?parent=445"}],"wp:term":[{"taxonomy":"category","embeddable":true,"href":"https:\/\/www.regionsaris.sk\/pl\/wp-json\/wp\/v2\/categories?post=445"},{"taxonomy":"post_tag","embeddable":true,"href":"https:\/\/www.regionsaris.sk\/pl\/wp-json\/wp\/v2\/tags?post=445"}],"curies":[{"name":"wp","href":"https:\/\/api.w.org\/{rel}","templated":true}]}}