{"id":440,"date":"2024-03-08T10:44:21","date_gmt":"2024-03-08T09:44:21","guid":{"rendered":"https:\/\/www.regionsaris.sk\/63-rocnik-presovskej-hudobnej-jari\/"},"modified":"2026-03-16T11:18:01","modified_gmt":"2026-03-16T10:18:01","slug":"63-rocnik-presovskej-hudobnej-jari","status":"publish","type":"post","link":"https:\/\/www.regionsaris.sk\/pl\/63-rocnik-presovskej-hudobnej-jari\/","title":{"rendered":"63 Preszowska Wiosna Muzyczna"},"content":{"rendered":"Park Kultury i Wypoczynku (PKO) w Preszowie zaprasza wszystkich mi\u0142o\u015bnik\u00f3w sztuki na <strong>Preszowska Wiosna Muzyczna<\/strong>, kt\u00f3ry odb\u0119dzie si\u0119 w 2024 roku po<strong> 63 razy<\/strong>. Zapraszamy na wspania\u0142e koncerty pe\u0142ne energii, elegancji i ekspresyjnej wirtuozerii muzycznej. Daj si\u0119 porwa\u0107 wyj\u0105tkowym dzie\u0142om muzycznym w wykonaniu uznanych solist\u00f3w i zespo\u0142\u00f3w. <strong>Rozpocz\u0119cie ju\u017c 13 marca 2024 r. o godz. 19:00<\/strong> i do ko\u0144ca kwietnia b\u0119dziemy prezentowa\u0107 w Preszowie to, co najlepsze w muzyce i tw\u00f3rczo\u015bci s\u0142owackich i zagranicznych artyst\u00f3w.\n\n\u00a0\n<ul>\n \t<li><strong>13.3. 2024 o 19:00 <\/strong>- Sala koncertowa PKO \u010cierny orol, Hlavn\u00e1 50A<\/li>\n<\/ul>\n<strong>KONCERT PROFILOWY ORKIESTRY BRATISLAVA HOT SERENADERS<\/strong>\n\n<em><strong>Bratislava Hot Serenaders<\/strong><\/em> pod kierownictwem tr\u0119bacza <em>Juraj Bartos<\/em> od 1991 roku specjalizuje si\u0119 w muzyce hot-jazzowej lat 20-tych i 30-tych. Orkiestra jest jednym ze \u015bwiatowych lider\u00f3w w autentycznej interpretacji muzyki jazzowej tego okresu, o czym \u015bwiadcz\u0105 nagrody z europejskich festiwali, a tak\u017ce pozytywne opinie i uznanie krytyk\u00f3w z ca\u0142ego \u015bwiata. W latach 2014, 2015, 2016 i 2018 ta wiod\u0105ca s\u0142owacka orkiestra jazzowa odby\u0142a tourn\u00e9e po Wielkiej Brytanii. Najlepsze utwory z repertuaru hot-jazzowego by\u0142y wykonywane przed setkami s\u0142uchaczy w miastach od po\u0142udniowej Anglii (Exeter, Marlborough, Londyn) przez serce Wielkiej Brytanii (Birmingham) po Edynburg i Glasgow w Szkocji.\n\n \n\nOrkiestra ma na swoim koncie trzyna\u015bcie album\u00f3w, cztery p\u0142yty LP i pierwsze DVD z muzyk\u0105 s\u0142owack\u0105. Album <em>Jestem optymist\u0105<\/em> zdoby\u0142 z\u0142ot\u0105 i platynow\u0105 p\u0142yt\u0119, <em>Ca\u0142y \u015bwiat marszczy brwi<\/em> Z\u0142ota p\u0142yta. Album<em> Samotna melodia <\/em>zdoby\u0142 nagrod\u0119 w kategorii\u00a0<em>Nagroda Radio_Head 2014<\/em> i album <em>Podoba mi si\u0119 to<\/em> Nagroda Esprit People's Choice Award 2018.\n\n \n\nOrkiestra sk\u0142ada si\u0119 z pi\u0119tnastu muzyk\u00f3w, \u017ce\u0144skiego trio wokalnego <strong><em>Serenaders Sisters<\/em><\/strong> i piosenkarz (stylowo nazywany \u201ccroonerem\u201d) <em>Milo\u0161 Stan\u010d\u00edk<\/em>. Orkiestra gra na autentycznych instrumentach z lat 20. i wyst\u0119puje w szytych na miar\u0119 smokingach i sukniach z tego wytwornego okresu.\n\n\u00a0\n<ul>\n \t<li><strong>3.4. 2024 o 19:00 <\/strong>- Sala koncertowa PKO \u010cierny orol, Hlavn\u00e1 50A<\/li>\n<\/ul>\n<strong>I ASK NOTHING OF YOU - ANDREJA Z\u00c1HORC CAF\u00c9 ORCHESTRA<\/strong>\n\n\u00a0\n\nKoncert<strong> z okazji 121. rocznicy urodzin F. K. Vesely'ego<\/strong>. Poznaj \u017cycie piosenki s\u0142owackiego bon vivanta, o kt\u00f3rym m\u00f3wiono od Budapesztu po Prag\u0119.\n\n\u00a0\n\n<strong>Andrej Z\u00e1horec Coffee Orchestra<\/strong> wskrzesza dawn\u0105, niemal zapomnian\u0105 tradycj\u0119 zespo\u0142\u00f3w graj\u0105cych w restauracjach, winiarniach i kawiarniach, na deptakach i promenadach. W tradycyjnym sk\u0142adzie skrzypiec, cymba\u0142\u00f3w, kontrabasu i alt\u00f3wki, z wokalistk\u0105 lub wokalist\u0105, chce pod\u0105\u017ca\u0107 \u015bladami wielu znakomito\u015bci, takich jak <em>Gejza Dus\u00edk, F. K. Vesel\u00fd, Janko Blaho, Viliam Farka\u0161, Jo\u017eko Pih\u00edk, Dezider Cibulka<\/em> i inne.\n\n\u00a0\n\n\u00a0\n<ul>\n \t<li><strong>10.4. 2024 o 19:00 <\/strong>- Sala koncertowa PKO \u010cierny orol, Hlavn\u00e1 50A<\/li>\n<\/ul>\n<strong>AMC TRIO PLUS &amp; ANDY MIDDLETON (USA)<\/strong>\n\n\u00a0\n\n<strong>AMC Trio<\/strong> to s\u0142owackie trio fortepianowe z\u0142o\u017cone z trzech mi\u0119dzynarodowych muzyk\u00f3w z dobrymi kontaktami na \u015bwiatowej scenie jazzowej. <em>Randy Brecker, Philip Catherine, Bill Evans, Ulf Wakenius, Mark Whitfield, Michael Patches Stewart<\/em> i wielu innych lubi u\u015bcisn\u0105\u0107 d\u0142o\u0144 cz\u0142onkom AMC Trio, czy to jako go\u015bcie na ich koncertach, czy jako koledzy z zespo\u0142u w studiu. Ta grupa, kt\u00f3ra zbudowa\u0142a sw\u00f3j muzyczny fundament w g\u0142\u00f3wnym nurcie jazzu, istnieje na scenie od trzydziestu lat.\n\n<strong>Andy Middleton<\/strong> od dawna uwa\u017cany jest przez krytyk\u00f3w za jednego z najlepszych saksofonist\u00f3w jazzowych na \u015bwiecie. Chocia\u017c technicznie jest mistrzem, sol\u00f3wki Middletona s\u0105 bardziej znane z inspiruj\u0105cej wyobra\u017ani, rytmicznej jazdy, liryzmu i pe\u0142nej przyg\u00f3d energii.  Jego kompozycje s\u0105 harmonicznie nowoczesne i liryczne z czystym poczuciem tradycji. Unikalna ekspresja Middletona zar\u00f3wno jako gracza, jak i kompozytora\/aran\u017cera przynios\u0142a ikony jazzu, takie jak <em>Dave Holland, Kenny Wheeler i Ralph Towner<\/em> aby z nim nagrywa\u0107 i wyst\u0119powa\u0107.\n\n \n\nWykonawcy:\n\n<em><strong>Peter Adamkovi\u010d<\/strong> - pianino<\/em>\n\n<em><strong>Martin Marin\u010d\u00e1k<\/strong> - kontrabas<\/em>\n\n<em><strong>Stanislav Cvanciger<\/strong> - bicie<\/em>\n\n<em><strong>Andy Middleton (USA)<\/strong> - saksofon<\/em>\n\n<em><strong>Samuela Marin\u010d\u00e1k<\/strong> - gitara<\/em>\n\n\u00a0\n<ul>\n \t<li><strong>17.4. 2024 o 19:00 <\/strong>- Sala koncertowa PKO \u010cierny orol, Hlavn\u00e1 50A<\/li>\n<\/ul>\n<strong>WIECZ\u00d3R CHANSON EVA PAVL\u00cdKOV\u00c1 &amp; BAND<\/strong>\n\n\u00a0\n\nS\u0142owacka aktorka i piosenkarka <strong>Eva Pavl\u00edkov\u00e1<\/strong> zaprezentuje koncert chanson z towarzyszeniem swojego zespo\u0142u, w kt\u00f3rym us\u0142yszymy znane chansons lokalnych i mi\u0119dzynarodowych autor\u00f3w, a tak\u017ce melodie muzyczne. Eva Pavl\u00edkov\u00e1 traktuje sztuk\u0119 \u015bpiewu chanson z naciskiem na tre\u015b\u0107 jako swoj\u0105 w\u0142asn\u0105 i tym samym wype\u0142nia dziedzictwo re\u017cysera Jozefa Bedn\u00e1rika, aby utrzyma\u0107 ten gatunek muzyczny przy \u017cyciu i rozpowszechnia\u0107 go w\u015br\u00f3d ludzi.\n\nTeksty piosenek zosta\u0142y przet\u0142umaczone na j\u0119zyk s\u0142owacki przez czo\u0142owych s\u0142owackich tek\u015bciarzy, takich jak <em>J\u00e1n \u0160trasser, Nora Be\u0148a\u010dkov\u00e1, Olga Z\u00e1black\u00e1<\/em>. Wprowadza to do ich znaczenia dodatkowy, nowy element tre\u015bci i ekspresji. Eva Pavl\u00edkov\u00e1 artystycznie wzbogaca sztuk\u0119 muzyczno-dramatyczn\u0105 tego gatunku o \u015bwiadectwo aktora i do\u015bwiadczenie kobiety, artystki, o niepowtarzalne autentyczne wykonanie. Piosenki takie jak <em>Wi\u015bnie, \u017by\u0107 by\u0142o warto, List do mamy, Pocieszenie, By\u0142a\u015b mi\u0142a<\/em> a inni znajd\u0105 swoich s\u0142uchaczy i nape\u0142ni\u0105 nasze serca czu\u0142o\u015bci\u0105, pokor\u0105 i mi\u0142o\u015bci\u0105.\n\n\u00a0\n<ul>\n \t<li><strong>24.<\/strong><strong>4. 2024 o 19:00 <\/strong>- Sala koncertowa PKO \u010cierny orol, Hlavn\u00e1 50A<\/li>\n<\/ul>\n<strong>PRYWATNY OGR\u00d3D ZIMOWY PRESOV<\/strong>\n\n\u00a0\n\nKoncert muzyki r\u00f3\u017cnych gatunk\u00f3w w wykonaniu uczni\u00f3w i nauczycieli <em>Prywatne konserwatorium w Preszowie.\u00a0<\/em>\n\nKoncert Prywatnego Konserwatorium w Preszowie poprowadzi przez r\u00f3\u017cne style i formy muzyczne, kt\u00f3re studenci studiuj\u0105 i doskonal\u0105 w swoich wyst\u0119pach. Mo\u017cesz spodziewa\u0107 si\u0119 bogatej mieszanki muzyki i \u015bpiewu, kt\u00f3ra b\u0119dzie przekrojem tego, co najlepsze w minionym okresie szkolnym.\n\n \n\n \n\nTegoroczna mieszanka koncert\u00f3w w ramach Preszowskiej Wiosny Muzycznej przynosi szeroki wachlarz gatunk\u00f3w muzycznych dla ka\u017cdego, kto znajdzie drog\u0119 do Sali Czarnego Or\u0142a. Cieszymy si\u0119, \u017ce nasza oferta zosta\u0142a przyj\u0119ta przez s\u0142ynn\u0105 orkiestr\u0119 <em>BRATYS\u0141AWA HOT SERENADERS<\/em>, kt\u00f3re otworz\u0105 ten cykl. Publiczno\u015b\u0107 podczas Preszowskiej Wiosny Muzycznej b\u0119dzie mia\u0142a okazj\u0119 przej\u015b\u0107 od hit\u00f3w muzyki popularnej, przez utwory <em>F. K. Vesely<\/em>, utwory i kompozycje jazzowe, krajowe i zagraniczne chansons, a\u017c po kompozycje wsp\u00f3\u0142czesne.\n\n\u00a0\n\n\u00a0\n\n\u00a0","protected":false},"excerpt":{"rendered":"<p>Park kult\u00fary a\u00a0oddychu (PKO) v\u00a0Pre\u0161ove poz\u00fdva v\u0161etk\u00fdch priaznivcov umenia na Pre\u0161ovsk\u00fa hudobn\u00fa jar, ktor\u00e1 sa...<\/p>","protected":false},"author":1,"featured_media":4019,"comment_status":"open","ping_status":"open","sticky":false,"template":"","format":"standard","meta":{"_acf_changed":false,"footnotes":""},"categories":[1],"tags":[],"class_list":["post-440","post","type-post","status-publish","format-standard","has-post-thumbnail","hentry","category-novinky"],"acf":[],"yoast_head":"<!-- This site is optimized with the Yoast SEO Premium plugin v26.3 (Yoast SEO v26.8) - https:\/\/yoast.com\/product\/yoast-seo-premium-wordpress\/ -->\n<title>63. ro\u010dn\u00edk Pre\u0161ovskej hudobnej jari - OOCR \u0160ari\u0161<\/title>\n<meta name=\"robots\" content=\"index, follow, max-snippet:-1, max-image-preview:large, max-video-preview:-1\" \/>\n<link rel=\"canonical\" href=\"https:\/\/www.regionsaris.sk\/pl\/63-rocnik-presovskej-hudobnej-jari\/\" \/>\n<meta property=\"og:locale\" content=\"pl_PL\" \/>\n<meta property=\"og:type\" content=\"article\" \/>\n<meta property=\"og:title\" content=\"63. ro\u010dn\u00edk Pre\u0161ovskej hudobnej jari\" \/>\n<meta property=\"og:description\" content=\"Park kult\u00fary a\u00a0oddychu (PKO) v\u00a0Pre\u0161ove poz\u00fdva v\u0161etk\u00fdch priaznivcov umenia na Pre\u0161ovsk\u00fa hudobn\u00fa jar, ktor\u00e1 sa...\" \/>\n<meta property=\"og:url\" content=\"https:\/\/www.regionsaris.sk\/pl\/63-rocnik-presovskej-hudobnej-jari\/\" \/>\n<meta property=\"og:site_name\" content=\"OOCR \u0160ari\u0161\" \/>\n<meta property=\"article:published_time\" content=\"2024-03-08T09:44:21+00:00\" \/>\n<meta property=\"article:modified_time\" content=\"2026-03-16T10:18:01+00:00\" \/>\n<meta property=\"og:image\" content=\"https:\/\/www.regionsaris.sk\/wp-content\/uploads\/2024\/03\/presovska-hudobna-jar-2023-archivny-zaber-oocrrs.jpg\" \/>\n\t<meta property=\"og:image:width\" content=\"2048\" \/>\n\t<meta property=\"og:image:height\" content=\"1152\" \/>\n\t<meta property=\"og:image:type\" content=\"image\/jpeg\" \/>\n<meta name=\"author\" content=\"dev@bigway.sk\" \/>\n<meta name=\"twitter:card\" content=\"summary_large_image\" \/>\n<meta name=\"twitter:label1\" content=\"Written by\" \/>\n\t<meta name=\"twitter:data1\" content=\"dev@bigway.sk\" \/>\n\t<meta name=\"twitter:label2\" content=\"Est. reading time\" \/>\n\t<meta name=\"twitter:data2\" content=\"5 minut\" \/>\n<script type=\"application\/ld+json\" class=\"yoast-schema-graph\">{\"@context\":\"https:\/\/schema.org\",\"@graph\":[{\"@type\":\"Article\",\"@id\":\"https:\/\/www.regionsaris.sk\/63-rocnik-presovskej-hudobnej-jari\/#article\",\"isPartOf\":{\"@id\":\"https:\/\/www.regionsaris.sk\/63-rocnik-presovskej-hudobnej-jari\/\"},\"author\":{\"name\":\"dev@bigway.sk\",\"@id\":\"https:\/\/www.regionsaris.sk\/#\/schema\/person\/30fad06d87cd12ad1d94ff5fbd6919d1\"},\"headline\":\"63. ro\u010dn\u00edk Pre\u0161ovskej hudobnej jari\",\"datePublished\":\"2024-03-08T09:44:21+00:00\",\"dateModified\":\"2026-03-16T10:18:01+00:00\",\"mainEntityOfPage\":{\"@id\":\"https:\/\/www.regionsaris.sk\/63-rocnik-presovskej-hudobnej-jari\/\"},\"wordCount\":1052,\"commentCount\":0,\"image\":{\"@id\":\"https:\/\/www.regionsaris.sk\/63-rocnik-presovskej-hudobnej-jari\/#primaryimage\"},\"thumbnailUrl\":\"https:\/\/www.regionsaris.sk\/wp-content\/uploads\/2024\/03\/presovska-hudobna-jar-2023-archivny-zaber-oocrrs.jpg\",\"articleSection\":[\"Novinky\"],\"inLanguage\":\"pl-PL\",\"potentialAction\":[{\"@type\":\"CommentAction\",\"name\":\"Comment\",\"target\":[\"https:\/\/www.regionsaris.sk\/63-rocnik-presovskej-hudobnej-jari\/#respond\"]}]},{\"@type\":\"WebPage\",\"@id\":\"https:\/\/www.regionsaris.sk\/63-rocnik-presovskej-hudobnej-jari\/\",\"url\":\"https:\/\/www.regionsaris.sk\/63-rocnik-presovskej-hudobnej-jari\/\",\"name\":\"63. ro\u010dn\u00edk Pre\u0161ovskej hudobnej jari - OOCR \u0160ari\u0161\",\"isPartOf\":{\"@id\":\"https:\/\/www.regionsaris.sk\/#website\"},\"primaryImageOfPage\":{\"@id\":\"https:\/\/www.regionsaris.sk\/63-rocnik-presovskej-hudobnej-jari\/#primaryimage\"},\"image\":{\"@id\":\"https:\/\/www.regionsaris.sk\/63-rocnik-presovskej-hudobnej-jari\/#primaryimage\"},\"thumbnailUrl\":\"https:\/\/www.regionsaris.sk\/wp-content\/uploads\/2024\/03\/presovska-hudobna-jar-2023-archivny-zaber-oocrrs.jpg\",\"datePublished\":\"2024-03-08T09:44:21+00:00\",\"dateModified\":\"2026-03-16T10:18:01+00:00\",\"author\":{\"@id\":\"https:\/\/www.regionsaris.sk\/#\/schema\/person\/30fad06d87cd12ad1d94ff5fbd6919d1\"},\"breadcrumb\":{\"@id\":\"https:\/\/www.regionsaris.sk\/63-rocnik-presovskej-hudobnej-jari\/#breadcrumb\"},\"inLanguage\":\"pl-PL\",\"potentialAction\":[{\"@type\":\"ReadAction\",\"target\":[\"https:\/\/www.regionsaris.sk\/63-rocnik-presovskej-hudobnej-jari\/\"]}]},{\"@type\":\"ImageObject\",\"inLanguage\":\"pl-PL\",\"@id\":\"https:\/\/www.regionsaris.sk\/63-rocnik-presovskej-hudobnej-jari\/#primaryimage\",\"url\":\"https:\/\/www.regionsaris.sk\/wp-content\/uploads\/2024\/03\/presovska-hudobna-jar-2023-archivny-zaber-oocrrs.jpg\",\"contentUrl\":\"https:\/\/www.regionsaris.sk\/wp-content\/uploads\/2024\/03\/presovska-hudobna-jar-2023-archivny-zaber-oocrrs.jpg\",\"width\":2048,\"height\":1152},{\"@type\":\"BreadcrumbList\",\"@id\":\"https:\/\/www.regionsaris.sk\/63-rocnik-presovskej-hudobnej-jari\/#breadcrumb\",\"itemListElement\":[{\"@type\":\"ListItem\",\"position\":1,\"name\":\"Domov\",\"item\":\"https:\/\/www.regionsaris.sk\/\"},{\"@type\":\"ListItem\",\"position\":2,\"name\":\"63. ro\u010dn\u00edk Pre\u0161ovskej hudobnej jari\"}]},{\"@type\":\"WebSite\",\"@id\":\"https:\/\/www.regionsaris.sk\/#website\",\"url\":\"https:\/\/www.regionsaris.sk\/\",\"name\":\"OOCR \u0160ari\u0161\",\"description\":\"\",\"potentialAction\":[{\"@type\":\"SearchAction\",\"target\":{\"@type\":\"EntryPoint\",\"urlTemplate\":\"https:\/\/www.regionsaris.sk\/?s={search_term_string}\"},\"query-input\":{\"@type\":\"PropertyValueSpecification\",\"valueRequired\":true,\"valueName\":\"search_term_string\"}}],\"inLanguage\":\"pl-PL\"},{\"@type\":\"Person\",\"@id\":\"https:\/\/www.regionsaris.sk\/#\/schema\/person\/30fad06d87cd12ad1d94ff5fbd6919d1\",\"name\":\"dev@bigway.sk\",\"image\":{\"@type\":\"ImageObject\",\"inLanguage\":\"pl-PL\",\"@id\":\"https:\/\/www.regionsaris.sk\/#\/schema\/person\/image\/\",\"url\":\"https:\/\/secure.gravatar.com\/avatar\/013b34bc1192067340cff024d72adf40af543d15809da0502beda083cb4f28a2?s=96&d=mm&r=g\",\"contentUrl\":\"https:\/\/secure.gravatar.com\/avatar\/013b34bc1192067340cff024d72adf40af543d15809da0502beda083cb4f28a2?s=96&d=mm&r=g\",\"caption\":\"dev@bigway.sk\"},\"sameAs\":[\"https:\/\/www.regionsaris.sk\"],\"url\":\"https:\/\/www.regionsaris.sk\/pl\/author\/devbigway-sk\/\"}]}<\/script>\n<!-- \/ Yoast SEO Premium plugin. -->","yoast_head_json":{"title":"63. ro\u010dn\u00edk Pre\u0161ovskej hudobnej jari - OOCR \u0160ari\u0161","robots":{"index":"index","follow":"follow","max-snippet":"max-snippet:-1","max-image-preview":"max-image-preview:large","max-video-preview":"max-video-preview:-1"},"canonical":"https:\/\/www.regionsaris.sk\/pl\/63-rocnik-presovskej-hudobnej-jari\/","og_locale":"pl_PL","og_type":"article","og_title":"63. ro\u010dn\u00edk Pre\u0161ovskej hudobnej jari","og_description":"Park kult\u00fary a\u00a0oddychu (PKO) v\u00a0Pre\u0161ove poz\u00fdva v\u0161etk\u00fdch priaznivcov umenia na Pre\u0161ovsk\u00fa hudobn\u00fa jar, ktor\u00e1 sa...","og_url":"https:\/\/www.regionsaris.sk\/pl\/63-rocnik-presovskej-hudobnej-jari\/","og_site_name":"OOCR \u0160ari\u0161","article_published_time":"2024-03-08T09:44:21+00:00","article_modified_time":"2026-03-16T10:18:01+00:00","og_image":[{"width":2048,"height":1152,"url":"https:\/\/www.regionsaris.sk\/wp-content\/uploads\/2024\/03\/presovska-hudobna-jar-2023-archivny-zaber-oocrrs.jpg","type":"image\/jpeg"}],"author":"dev@bigway.sk","twitter_card":"summary_large_image","twitter_misc":{"Written by":"dev@bigway.sk","Est. reading time":"5 minut"},"schema":{"@context":"https:\/\/schema.org","@graph":[{"@type":"Article","@id":"https:\/\/www.regionsaris.sk\/63-rocnik-presovskej-hudobnej-jari\/#article","isPartOf":{"@id":"https:\/\/www.regionsaris.sk\/63-rocnik-presovskej-hudobnej-jari\/"},"author":{"name":"dev@bigway.sk","@id":"https:\/\/www.regionsaris.sk\/#\/schema\/person\/30fad06d87cd12ad1d94ff5fbd6919d1"},"headline":"63. ro\u010dn\u00edk Pre\u0161ovskej hudobnej jari","datePublished":"2024-03-08T09:44:21+00:00","dateModified":"2026-03-16T10:18:01+00:00","mainEntityOfPage":{"@id":"https:\/\/www.regionsaris.sk\/63-rocnik-presovskej-hudobnej-jari\/"},"wordCount":1052,"commentCount":0,"image":{"@id":"https:\/\/www.regionsaris.sk\/63-rocnik-presovskej-hudobnej-jari\/#primaryimage"},"thumbnailUrl":"https:\/\/www.regionsaris.sk\/wp-content\/uploads\/2024\/03\/presovska-hudobna-jar-2023-archivny-zaber-oocrrs.jpg","articleSection":["Novinky"],"inLanguage":"pl-PL","potentialAction":[{"@type":"CommentAction","name":"Comment","target":["https:\/\/www.regionsaris.sk\/63-rocnik-presovskej-hudobnej-jari\/#respond"]}]},{"@type":"WebPage","@id":"https:\/\/www.regionsaris.sk\/63-rocnik-presovskej-hudobnej-jari\/","url":"https:\/\/www.regionsaris.sk\/63-rocnik-presovskej-hudobnej-jari\/","name":"63. ro\u010dn\u00edk Pre\u0161ovskej hudobnej jari - OOCR \u0160ari\u0161","isPartOf":{"@id":"https:\/\/www.regionsaris.sk\/#website"},"primaryImageOfPage":{"@id":"https:\/\/www.regionsaris.sk\/63-rocnik-presovskej-hudobnej-jari\/#primaryimage"},"image":{"@id":"https:\/\/www.regionsaris.sk\/63-rocnik-presovskej-hudobnej-jari\/#primaryimage"},"thumbnailUrl":"https:\/\/www.regionsaris.sk\/wp-content\/uploads\/2024\/03\/presovska-hudobna-jar-2023-archivny-zaber-oocrrs.jpg","datePublished":"2024-03-08T09:44:21+00:00","dateModified":"2026-03-16T10:18:01+00:00","author":{"@id":"https:\/\/www.regionsaris.sk\/#\/schema\/person\/30fad06d87cd12ad1d94ff5fbd6919d1"},"breadcrumb":{"@id":"https:\/\/www.regionsaris.sk\/63-rocnik-presovskej-hudobnej-jari\/#breadcrumb"},"inLanguage":"pl-PL","potentialAction":[{"@type":"ReadAction","target":["https:\/\/www.regionsaris.sk\/63-rocnik-presovskej-hudobnej-jari\/"]}]},{"@type":"ImageObject","inLanguage":"pl-PL","@id":"https:\/\/www.regionsaris.sk\/63-rocnik-presovskej-hudobnej-jari\/#primaryimage","url":"https:\/\/www.regionsaris.sk\/wp-content\/uploads\/2024\/03\/presovska-hudobna-jar-2023-archivny-zaber-oocrrs.jpg","contentUrl":"https:\/\/www.regionsaris.sk\/wp-content\/uploads\/2024\/03\/presovska-hudobna-jar-2023-archivny-zaber-oocrrs.jpg","width":2048,"height":1152},{"@type":"BreadcrumbList","@id":"https:\/\/www.regionsaris.sk\/63-rocnik-presovskej-hudobnej-jari\/#breadcrumb","itemListElement":[{"@type":"ListItem","position":1,"name":"Domov","item":"https:\/\/www.regionsaris.sk\/"},{"@type":"ListItem","position":2,"name":"63. ro\u010dn\u00edk Pre\u0161ovskej hudobnej jari"}]},{"@type":"WebSite","@id":"https:\/\/www.regionsaris.sk\/#website","url":"https:\/\/www.regionsaris.sk\/","name":"OOCR \u0160ari\u0161","description":"","potentialAction":[{"@type":"SearchAction","target":{"@type":"EntryPoint","urlTemplate":"https:\/\/www.regionsaris.sk\/?s={search_term_string}"},"query-input":{"@type":"PropertyValueSpecification","valueRequired":true,"valueName":"search_term_string"}}],"inLanguage":"pl-PL"},{"@type":"Person","@id":"https:\/\/www.regionsaris.sk\/#\/schema\/person\/30fad06d87cd12ad1d94ff5fbd6919d1","name":"dev@bigway.sk","image":{"@type":"ImageObject","inLanguage":"pl-PL","@id":"https:\/\/www.regionsaris.sk\/#\/schema\/person\/image\/","url":"https:\/\/secure.gravatar.com\/avatar\/013b34bc1192067340cff024d72adf40af543d15809da0502beda083cb4f28a2?s=96&d=mm&r=g","contentUrl":"https:\/\/secure.gravatar.com\/avatar\/013b34bc1192067340cff024d72adf40af543d15809da0502beda083cb4f28a2?s=96&d=mm&r=g","caption":"dev@bigway.sk"},"sameAs":["https:\/\/www.regionsaris.sk"],"url":"https:\/\/www.regionsaris.sk\/pl\/author\/devbigway-sk\/"}]}},"_links":{"self":[{"href":"https:\/\/www.regionsaris.sk\/pl\/wp-json\/wp\/v2\/posts\/440","targetHints":{"allow":["GET"]}}],"collection":[{"href":"https:\/\/www.regionsaris.sk\/pl\/wp-json\/wp\/v2\/posts"}],"about":[{"href":"https:\/\/www.regionsaris.sk\/pl\/wp-json\/wp\/v2\/types\/post"}],"author":[{"embeddable":true,"href":"https:\/\/www.regionsaris.sk\/pl\/wp-json\/wp\/v2\/users\/1"}],"replies":[{"embeddable":true,"href":"https:\/\/www.regionsaris.sk\/pl\/wp-json\/wp\/v2\/comments?post=440"}],"version-history":[{"count":1,"href":"https:\/\/www.regionsaris.sk\/pl\/wp-json\/wp\/v2\/posts\/440\/revisions"}],"predecessor-version":[{"id":4020,"href":"https:\/\/www.regionsaris.sk\/pl\/wp-json\/wp\/v2\/posts\/440\/revisions\/4020"}],"wp:featuredmedia":[{"embeddable":true,"href":"https:\/\/www.regionsaris.sk\/pl\/wp-json\/wp\/v2\/media\/4019"}],"wp:attachment":[{"href":"https:\/\/www.regionsaris.sk\/pl\/wp-json\/wp\/v2\/media?parent=440"}],"wp:term":[{"taxonomy":"category","embeddable":true,"href":"https:\/\/www.regionsaris.sk\/pl\/wp-json\/wp\/v2\/categories?post=440"},{"taxonomy":"post_tag","embeddable":true,"href":"https:\/\/www.regionsaris.sk\/pl\/wp-json\/wp\/v2\/tags?post=440"}],"curies":[{"name":"wp","href":"https:\/\/api.w.org\/{rel}","templated":true}]}}