{"id":429,"date":"2024-02-19T11:54:32","date_gmt":"2024-02-19T10:54:32","guid":{"rendered":"https:\/\/www.regionsaris.sk\/jarne-prazdniny-s-regionom-saris\/"},"modified":"2025-12-15T10:08:20","modified_gmt":"2025-12-15T09:08:20","slug":"jarne-prazdniny-s-regionom-saris","status":"publish","type":"post","link":"https:\/\/www.regionsaris.sk\/pl\/jarne-prazdniny-s-regionom-saris\/","title":{"rendered":"Wiosenne wakacje z regionem Szarysz"},"content":{"rendered":"Wykorzystaj w pe\u0142ni swoje wiosenne wakacje pe\u0142ne atrakcji z regionem \u0160ari\u0161. Je\u015bli nale\u017cysz do aktywnych rodzin, odwied\u017a zak\u0105tki Szarisza, gdzie na pewno nie b\u0119dziesz si\u0119 nudzi\u0107. Wype\u0142nijcie sw\u00f3j rodzinny wolny czas razem. Mamy trzy wskaz\u00f3wki dotycz\u0105ce rodzinnych przyg\u00f3d i wsp\u00f3lnego odkrywania Szarisza.\n<h1><strong>Odkryj klejnot s\u0142owackich g\u00f3r<\/strong><\/h1>\nW samym \u015brodku g\u00f3r Slansk\u00e9 vrchy, pomi\u0119dzy miejscowo\u015bciami Zlat\u00e1 Ba\u0148a i \u010cervenica, znajduje si\u0119 tajemniczy podziemny \u015bwiat s\u0142ynnych kopalni opalu. S\u0142owackie opale od wiek\u00f3w wyr\u00f3\u017cniaj\u0105 si\u0119 intensywn\u0105 gr\u0105 kolor\u00f3w, tak zwan\u0105 opalescencj\u0105, i s\u0105 wysoko cenione na \u015bwiatowych rynkach ze wzgl\u0119du na swoje unikalne w\u0142a\u015bciwo\u015bci. Najstarsze kopalnie opalu na \u015bwiecie znajduj\u0105 si\u0119 pomi\u0119dzy miejscowo\u015bciami Zlat\u00e1 Ba\u0148a i \u010cervenica i znane s\u0105 r\u00f3wnie\u017c jako Dubn\u00edckie kopalnie. Podziemna sie\u0107 tuneli osi\u0105ga d\u0142ugo\u015b\u0107 do 35 kilometr\u00f3w i \u0142\u0105czy skomplikowany system podziemnego g\u00f3rnictwa. Od zako\u0144czenia wydobycia w 1922 roku by\u0142y zamkni\u0119te i zapomniane. Dopiero po ponad 90 latach zosta\u0142y ponownie otwarte. Dzi\u015b mo\u017cna zwiedzi\u0107 ten wyj\u0105tkowy zabytek z przewodnikiem, z fachowym komentarzem na temat historii, geologii i mineralogii oraz pozna\u0107 wiele interesuj\u0105cych fakt\u00f3w na temat skarbu Wzg\u00f3rz Slanskich.\n\nW kopalni czeka na Ciebie wiele przyg\u00f3d. Gdzie\u015b w ciemno\u015bci ukrywa si\u0119 duch podziemia, a ci, kt\u00f3rzy si\u0119 nie boj\u0105, zobacz\u0105 jego \u015bwietliste spojrzenie. W korytarzu pogr\u0105\u017conym w ca\u0142kowitej ciemno\u015bci czeka na was pr\u00f3ba odwagi. Staniecie si\u0119 prawdziwymi poszukiwaczami opali.\n\nPo zwiedzaniu odzyskacie niezb\u0119dne si\u0142y w Centrum dla zwiedzaj\u0105cych - Szopie Josefa. Je\u015bli pami\u0119tasz o zabraniu ze sob\u0105 karty \u0160ari\u0161 Card, b\u0119dziesz jeszcze bardziej od\u015bwie\u017cony dzi\u0119ki zni\u017cce. Kontynuuj, aby jak najlepiej wykorzysta\u0107 ekscytuj\u0105cy dzie\u0144 w obszarze chronionym kopalni Dubnick\u00e9, gdzie zbudowano \u015bcie\u017ck\u0119 edukacyjn\u0105. Prowadzi ona przez dzielnic\u0119 g\u00f3rnicz\u0105 Libanka, gdzie znajduj\u0105 si\u0119 stare kopalnie powsta\u0142e podczas wydobywania cennego opalu. \u015acie\u017cka ta, znajduj\u0105ca si\u0119 na 4. poziomie ochrony przyrody, oferuje zar\u00f3wno zabaw\u0119, jak i edukacj\u0119. Na trasie o d\u0142ugo\u015bci oko\u0142o 1,5 km znajduje si\u0119 14 tablic informacyjnych po\u015bwi\u0119conych pochodzeniu i wydobyciu opalu, nietoperzom, wybranym zak\u0142adom g\u00f3rniczym, a tak\u017ce ro\u015blinno\u015bci i zoologii G\u00f3r Sla\u0144skich. Wej\u015bcie na \u015bcie\u017ck\u0119 jest bezp\u0142atne i odpowiednie zar\u00f3wno dla dzieci, jak i doros\u0142ych.\n\n<figure id=\"attachment_14061\" aria-describedby=\"caption-attachment-14061\" style=\"width: 2560px\" class=\"wp-caption aligncenter\"><img loading=\"lazy\" decoding=\"async\" class=\"wp-image-14061 size-full\" src=\"https:\/\/www.regionsaris.sk\/wp-content\/uploads\/2025\/12\/naucny-chodnik-SOP-1-scaled-1.jpg\" alt=\"\" width=\"2560\" height=\"1707\" \/><figcaption id=\"caption-attachment-14061\" class=\"wp-caption-text\">Zdj\u0119cie: S\u0142owacka Kopalnia Opalu<\/figcaption><\/figure>\n<h1><strong>Malowniczy kanion<\/strong><\/h1>\nJe\u015bli jeste\u015b mi\u0142o\u015bnikiem naturalnego pi\u0119kna i przygody, Kanion La\u010dnov nie powinien zosta\u0107 pomini\u0119ty na Twojej li\u015bcie wizyt w Szaryszu. Ten malowniczy kanion z imponuj\u0105cymi formacjami skalnymi i wodospadami zapewnia wci\u0105gaj\u0105ce wra\u017cenia dla ca\u0142ej rodziny. Znajduje si\u0119 w p\u00f3\u0142nocno-wschodniej cz\u0119\u015bci Braniska, pomi\u0119dzy miejscowo\u015bciami Lipovce i La\u010dnov, wykopany przez potok La\u010dnovsk\u00fd. W\u0105w\u00f3z ten ma oko\u0142o 2 km d\u0142ugo\u015bci i nazywany jest Ma\u0142ym S\u0142owackim Rajem. Mo\u017cna w nim podziwia\u0107 rzadk\u0105 i r\u00f3\u017cnorodn\u0105 ro\u015blinno\u015b\u0107.\n\nSpacer po okolicy prowadzi mi\u0119dzy stromymi zboczami i wysokimi \u015bcianami z dziwacznymi formacjami skalnymi. Do najbardziej znanych nale\u017cy Kamenn\u00e1 Baba, kt\u00f3rej kszta\u0142t przypomina kobiet\u0119 z dzieckiem w ramionach. Obszar ten zosta\u0142 og\u0142oszony pa\u0144stwowym rezerwatem przyrody w 1965 roku. Inne interesuj\u0105ce formacje to 60-metrowy Filar Moj\u017cesza i skalne oko Vr\u00e1tnica.\n\nW ska\u0142ach znajduj\u0105 si\u0119 r\u00f3wnie\u017c znane jaskinie Kom\u00edn i Zl\u00e1 Diera, kt\u00f3ra jest jedyn\u0105 dost\u0119pn\u0105 jaskini\u0105 w regionie \u0160ari\u0161. Jaskinia jest wyj\u0105tkowa ze wzgl\u0119du na bardzo delikatny spos\u00f3b dost\u0119pu, w kt\u00f3rym idziesz z przewodnikiem przez tajemnicze podziemia z kaskiem na g\u0142owie. Twoj\u0105 uwag\u0119 przyci\u0105gnie Staw Szcz\u0119\u015bcia. Wed\u0142ug legendy ma on by\u0107 szczeg\u00f3lnie popularny w\u015br\u00f3d m\u0142odych panien. Je\u015bli zanurz\u0105 w nim palce, w ci\u0105gu roku znajd\u0105 swoich \u017cyciowych partner\u00f3w. Obecnie jaskinia jest domem dla 12 gatunk\u00f3w nietoperzy, kt\u00f3re tam hibernuj\u0105. Wok\u00f3\u0142 jaskini znajduje si\u0119 strefa odpoczynku z \u0142awkami i hu\u015btawkami oraz pi\u0119kn\u0105 sceneri\u0105. Po drodze przez las do jaskini Zl\u00e1 Hora (Z\u0142a Dziura) znajduje si\u0119 punkt widokowy Srdie\u010dko (Serce).\n\nWok\u00f3\u0142 jaskini znajduje si\u0119 strefa odpoczynku z \u0142awkami, hu\u015btawkami i pi\u0119kn\u0105 przyrod\u0105, kt\u00f3r\u0105 doceni ka\u017cdy odwiedzaj\u0105cy. Do jaskini prowadzi dobrze utrzymany szlak przez las.  Po drodze przez las do jaskini Zl\u00e1 hole znajduje si\u0119 punkt widokowy Srdie\u010dko.\n\nNietkni\u0119ta wioska La\u010dnov w g\u00f3rskiej okolicy jest jedn\u0105 z niewielu na S\u0142owacji, kt\u00f3re zosta\u0142y ca\u0142kowicie zachowane. Atmosfer\u0119 dope\u0142niaj\u0105 chaty ze studniami i drewnianymi korytami z czyst\u0105 wod\u0105. Nawet jad\u0105c z Lipowca w kierunku wsi La\u010dnov, mo\u017cna do\u015bwiadczy\u0107 \u201eanomalii grawitacyjnej\u201c, kt\u00f3ra oferuje interesuj\u0105cy spektakl.\n\n<figure id=\"attachment_14705\" aria-describedby=\"caption-attachment-14705\" style=\"width: 2560px\" class=\"wp-caption aligncenter\"><img loading=\"lazy\" decoding=\"async\" class=\"wp-image-14705 size-full\" src=\"https:\/\/www.regionsaris.sk\/wp-content\/uploads\/2025\/12\/083-scaled-1.jpg\" alt=\"\" width=\"2560\" height=\"1707\" \/><figcaption id=\"caption-attachment-14705\" class=\"wp-caption-text\">Zdj\u0119cie: KOCR P\u00f3\u0142nocny Wsch\u00f3d S\u0142owacji<\/figcaption><\/figure>\n<h1><strong>Relaks w wodnym \u015bwiecie<\/strong><\/h1>\nPo ca\u0142ym dniu odkrywania pi\u0119kna przyrody zrelaksuj si\u0119 w basenach termalnych. Odwied\u017a najnowszy park wodny na S\u0142owacji i jedyny po\u0142o\u017cony w g\u00f3rach - w Lipanach. Ciesz si\u0119 wodn\u0105 zabaw\u0105 z widokiem na g\u00f3ry. Aquapark Lipany ma sezonowe baseny, kt\u00f3re s\u0105 otwarte w czasie wakacji, a tak\u017ce ca\u0142oroczne baseny - zar\u00f3wno wewn\u0119trzne, jak i zewn\u0119trzne. Dzieci b\u0119d\u0105 cieszy\u0107 si\u0119 zabaw\u0105 na zje\u017cd\u017calniach wodnych i jest to idealne miejsce na relaks i rodzinn\u0105 zabaw\u0119. Dzieci mog\u0105 cieszy\u0107 si\u0119 zabawnym \u015bwiatem wodnych atrakcji, podczas gdy rodzice relaksuj\u0105 si\u0119 w basenach z ciep\u0142\u0105 wod\u0105.\n\n<figure id=\"attachment_14707\" aria-describedby=\"caption-attachment-14707\" style=\"width: 1200px\" class=\"wp-caption aligncenter\"><img loading=\"lazy\" decoding=\"async\" class=\"wp-image-14707 size-full\" src=\"https:\/\/www.regionsaris.sk\/wp-content\/uploads\/2025\/12\/Foto-aquapark-Lipany.jpg\" alt=\"\" width=\"1200\" height=\"800\" \/><figcaption id=\"caption-attachment-14707\" class=\"wp-caption-text\">Zdj\u0119cie: Aquapark Lipany<\/figcaption><\/figure>\n\n\u00a0","protected":false},"excerpt":{"rendered":"<p>Vyu\u017eite jarn\u00e9 pr\u00e1zdniny pln\u00e9 aktiv\u00edt s regi\u00f3nom \u0160ari\u0161. Ak patr\u00edte medzi akt\u00edvne rodiny, nav\u0161t\u00edvte z\u00e1kutia...<\/p>","protected":false},"author":1,"featured_media":433,"comment_status":"open","ping_status":"open","sticky":false,"template":"","format":"standard","meta":{"_acf_changed":false,"footnotes":""},"categories":[1],"tags":[],"class_list":["post-429","post","type-post","status-publish","format-standard","has-post-thumbnail","hentry","category-novinky"],"acf":[],"yoast_head":"<!-- This site is optimized with the Yoast SEO Premium plugin v26.3 (Yoast SEO v26.8) - https:\/\/yoast.com\/product\/yoast-seo-premium-wordpress\/ -->\n<title>Jarn\u00e9 pr\u00e1zdniny s regi\u00f3nom \u0160ari\u0161 - OOCR \u0160ari\u0161<\/title>\n<meta name=\"robots\" content=\"index, follow, max-snippet:-1, max-image-preview:large, max-video-preview:-1\" \/>\n<link rel=\"canonical\" href=\"https:\/\/www.regionsaris.sk\/pl\/jarne-prazdniny-s-regionom-saris\/\" \/>\n<meta property=\"og:locale\" content=\"pl_PL\" \/>\n<meta property=\"og:type\" content=\"article\" \/>\n<meta property=\"og:title\" content=\"Jarn\u00e9 pr\u00e1zdniny s regi\u00f3nom \u0160ari\u0161\" \/>\n<meta property=\"og:description\" content=\"Vyu\u017eite jarn\u00e9 pr\u00e1zdniny pln\u00e9 aktiv\u00edt s regi\u00f3nom \u0160ari\u0161. Ak patr\u00edte medzi akt\u00edvne rodiny, nav\u0161t\u00edvte z\u00e1kutia...\" \/>\n<meta property=\"og:url\" content=\"https:\/\/www.regionsaris.sk\/pl\/jarne-prazdniny-s-regionom-saris\/\" \/>\n<meta property=\"og:site_name\" content=\"OOCR \u0160ari\u0161\" \/>\n<meta property=\"article:published_time\" content=\"2024-02-19T10:54:32+00:00\" \/>\n<meta property=\"article:modified_time\" content=\"2025-12-15T09:08:20+00:00\" \/>\n<meta property=\"og:image\" content=\"https:\/\/www.regionsaris.sk\/wp-content\/uploads\/2025\/12\/018b-scaled-1.jpg\" \/>\n\t<meta property=\"og:image:width\" content=\"2560\" \/>\n\t<meta property=\"og:image:height\" content=\"1707\" \/>\n\t<meta property=\"og:image:type\" content=\"image\/jpeg\" \/>\n<meta name=\"author\" content=\"dev@bigway.sk\" \/>\n<meta name=\"twitter:card\" content=\"summary_large_image\" \/>\n<meta name=\"twitter:label1\" content=\"Written by\" \/>\n\t<meta name=\"twitter:data1\" content=\"dev@bigway.sk\" \/>\n\t<meta name=\"twitter:label2\" content=\"Est. reading time\" \/>\n\t<meta name=\"twitter:data2\" content=\"5 minut\" \/>\n<script type=\"application\/ld+json\" class=\"yoast-schema-graph\">{\"@context\":\"https:\/\/schema.org\",\"@graph\":[{\"@type\":\"Article\",\"@id\":\"https:\/\/www.regionsaris.sk\/jarne-prazdniny-s-regionom-saris\/#article\",\"isPartOf\":{\"@id\":\"https:\/\/www.regionsaris.sk\/jarne-prazdniny-s-regionom-saris\/\"},\"author\":{\"name\":\"dev@bigway.sk\",\"@id\":\"https:\/\/www.regionsaris.sk\/#\/schema\/person\/30fad06d87cd12ad1d94ff5fbd6919d1\"},\"headline\":\"Jarn\u00e9 pr\u00e1zdniny s regi\u00f3nom \u0160ari\u0161\",\"datePublished\":\"2024-02-19T10:54:32+00:00\",\"dateModified\":\"2025-12-15T09:08:20+00:00\",\"mainEntityOfPage\":{\"@id\":\"https:\/\/www.regionsaris.sk\/jarne-prazdniny-s-regionom-saris\/\"},\"wordCount\":1010,\"commentCount\":0,\"image\":{\"@id\":\"https:\/\/www.regionsaris.sk\/jarne-prazdniny-s-regionom-saris\/#primaryimage\"},\"thumbnailUrl\":\"https:\/\/www.regionsaris.sk\/wp-content\/uploads\/2025\/12\/018b-scaled-1.jpg\",\"articleSection\":[\"Novinky\"],\"inLanguage\":\"pl-PL\",\"potentialAction\":[{\"@type\":\"CommentAction\",\"name\":\"Comment\",\"target\":[\"https:\/\/www.regionsaris.sk\/jarne-prazdniny-s-regionom-saris\/#respond\"]}]},{\"@type\":\"WebPage\",\"@id\":\"https:\/\/www.regionsaris.sk\/jarne-prazdniny-s-regionom-saris\/\",\"url\":\"https:\/\/www.regionsaris.sk\/jarne-prazdniny-s-regionom-saris\/\",\"name\":\"Jarn\u00e9 pr\u00e1zdniny s regi\u00f3nom \u0160ari\u0161 - OOCR \u0160ari\u0161\",\"isPartOf\":{\"@id\":\"https:\/\/www.regionsaris.sk\/#website\"},\"primaryImageOfPage\":{\"@id\":\"https:\/\/www.regionsaris.sk\/jarne-prazdniny-s-regionom-saris\/#primaryimage\"},\"image\":{\"@id\":\"https:\/\/www.regionsaris.sk\/jarne-prazdniny-s-regionom-saris\/#primaryimage\"},\"thumbnailUrl\":\"https:\/\/www.regionsaris.sk\/wp-content\/uploads\/2025\/12\/018b-scaled-1.jpg\",\"datePublished\":\"2024-02-19T10:54:32+00:00\",\"dateModified\":\"2025-12-15T09:08:20+00:00\",\"author\":{\"@id\":\"https:\/\/www.regionsaris.sk\/#\/schema\/person\/30fad06d87cd12ad1d94ff5fbd6919d1\"},\"breadcrumb\":{\"@id\":\"https:\/\/www.regionsaris.sk\/jarne-prazdniny-s-regionom-saris\/#breadcrumb\"},\"inLanguage\":\"pl-PL\",\"potentialAction\":[{\"@type\":\"ReadAction\",\"target\":[\"https:\/\/www.regionsaris.sk\/jarne-prazdniny-s-regionom-saris\/\"]}]},{\"@type\":\"ImageObject\",\"inLanguage\":\"pl-PL\",\"@id\":\"https:\/\/www.regionsaris.sk\/jarne-prazdniny-s-regionom-saris\/#primaryimage\",\"url\":\"https:\/\/www.regionsaris.sk\/wp-content\/uploads\/2025\/12\/018b-scaled-1.jpg\",\"contentUrl\":\"https:\/\/www.regionsaris.sk\/wp-content\/uploads\/2025\/12\/018b-scaled-1.jpg\",\"width\":2560,\"height\":1707},{\"@type\":\"BreadcrumbList\",\"@id\":\"https:\/\/www.regionsaris.sk\/jarne-prazdniny-s-regionom-saris\/#breadcrumb\",\"itemListElement\":[{\"@type\":\"ListItem\",\"position\":1,\"name\":\"Domov\",\"item\":\"https:\/\/www.regionsaris.sk\/\"},{\"@type\":\"ListItem\",\"position\":2,\"name\":\"Jarn\u00e9 pr\u00e1zdniny s regi\u00f3nom \u0160ari\u0161\"}]},{\"@type\":\"WebSite\",\"@id\":\"https:\/\/www.regionsaris.sk\/#website\",\"url\":\"https:\/\/www.regionsaris.sk\/\",\"name\":\"OOCR \u0160ari\u0161\",\"description\":\"\",\"potentialAction\":[{\"@type\":\"SearchAction\",\"target\":{\"@type\":\"EntryPoint\",\"urlTemplate\":\"https:\/\/www.regionsaris.sk\/?s={search_term_string}\"},\"query-input\":{\"@type\":\"PropertyValueSpecification\",\"valueRequired\":true,\"valueName\":\"search_term_string\"}}],\"inLanguage\":\"pl-PL\"},{\"@type\":\"Person\",\"@id\":\"https:\/\/www.regionsaris.sk\/#\/schema\/person\/30fad06d87cd12ad1d94ff5fbd6919d1\",\"name\":\"dev@bigway.sk\",\"image\":{\"@type\":\"ImageObject\",\"inLanguage\":\"pl-PL\",\"@id\":\"https:\/\/www.regionsaris.sk\/#\/schema\/person\/image\/\",\"url\":\"https:\/\/secure.gravatar.com\/avatar\/013b34bc1192067340cff024d72adf40af543d15809da0502beda083cb4f28a2?s=96&d=mm&r=g\",\"contentUrl\":\"https:\/\/secure.gravatar.com\/avatar\/013b34bc1192067340cff024d72adf40af543d15809da0502beda083cb4f28a2?s=96&d=mm&r=g\",\"caption\":\"dev@bigway.sk\"},\"sameAs\":[\"https:\/\/www.regionsaris.sk\"],\"url\":\"https:\/\/www.regionsaris.sk\/pl\/author\/devbigway-sk\/\"}]}<\/script>\n<!-- \/ Yoast SEO Premium plugin. -->","yoast_head_json":{"title":"Jarn\u00e9 pr\u00e1zdniny s regi\u00f3nom \u0160ari\u0161 - OOCR \u0160ari\u0161","robots":{"index":"index","follow":"follow","max-snippet":"max-snippet:-1","max-image-preview":"max-image-preview:large","max-video-preview":"max-video-preview:-1"},"canonical":"https:\/\/www.regionsaris.sk\/pl\/jarne-prazdniny-s-regionom-saris\/","og_locale":"pl_PL","og_type":"article","og_title":"Jarn\u00e9 pr\u00e1zdniny s regi\u00f3nom \u0160ari\u0161","og_description":"Vyu\u017eite jarn\u00e9 pr\u00e1zdniny pln\u00e9 aktiv\u00edt s regi\u00f3nom \u0160ari\u0161. Ak patr\u00edte medzi akt\u00edvne rodiny, nav\u0161t\u00edvte z\u00e1kutia...","og_url":"https:\/\/www.regionsaris.sk\/pl\/jarne-prazdniny-s-regionom-saris\/","og_site_name":"OOCR \u0160ari\u0161","article_published_time":"2024-02-19T10:54:32+00:00","article_modified_time":"2025-12-15T09:08:20+00:00","og_image":[{"width":2560,"height":1707,"url":"https:\/\/www.regionsaris.sk\/wp-content\/uploads\/2025\/12\/018b-scaled-1.jpg","type":"image\/jpeg"}],"author":"dev@bigway.sk","twitter_card":"summary_large_image","twitter_misc":{"Written by":"dev@bigway.sk","Est. reading time":"5 minut"},"schema":{"@context":"https:\/\/schema.org","@graph":[{"@type":"Article","@id":"https:\/\/www.regionsaris.sk\/jarne-prazdniny-s-regionom-saris\/#article","isPartOf":{"@id":"https:\/\/www.regionsaris.sk\/jarne-prazdniny-s-regionom-saris\/"},"author":{"name":"dev@bigway.sk","@id":"https:\/\/www.regionsaris.sk\/#\/schema\/person\/30fad06d87cd12ad1d94ff5fbd6919d1"},"headline":"Jarn\u00e9 pr\u00e1zdniny s regi\u00f3nom \u0160ari\u0161","datePublished":"2024-02-19T10:54:32+00:00","dateModified":"2025-12-15T09:08:20+00:00","mainEntityOfPage":{"@id":"https:\/\/www.regionsaris.sk\/jarne-prazdniny-s-regionom-saris\/"},"wordCount":1010,"commentCount":0,"image":{"@id":"https:\/\/www.regionsaris.sk\/jarne-prazdniny-s-regionom-saris\/#primaryimage"},"thumbnailUrl":"https:\/\/www.regionsaris.sk\/wp-content\/uploads\/2025\/12\/018b-scaled-1.jpg","articleSection":["Novinky"],"inLanguage":"pl-PL","potentialAction":[{"@type":"CommentAction","name":"Comment","target":["https:\/\/www.regionsaris.sk\/jarne-prazdniny-s-regionom-saris\/#respond"]}]},{"@type":"WebPage","@id":"https:\/\/www.regionsaris.sk\/jarne-prazdniny-s-regionom-saris\/","url":"https:\/\/www.regionsaris.sk\/jarne-prazdniny-s-regionom-saris\/","name":"Jarn\u00e9 pr\u00e1zdniny s regi\u00f3nom \u0160ari\u0161 - OOCR \u0160ari\u0161","isPartOf":{"@id":"https:\/\/www.regionsaris.sk\/#website"},"primaryImageOfPage":{"@id":"https:\/\/www.regionsaris.sk\/jarne-prazdniny-s-regionom-saris\/#primaryimage"},"image":{"@id":"https:\/\/www.regionsaris.sk\/jarne-prazdniny-s-regionom-saris\/#primaryimage"},"thumbnailUrl":"https:\/\/www.regionsaris.sk\/wp-content\/uploads\/2025\/12\/018b-scaled-1.jpg","datePublished":"2024-02-19T10:54:32+00:00","dateModified":"2025-12-15T09:08:20+00:00","author":{"@id":"https:\/\/www.regionsaris.sk\/#\/schema\/person\/30fad06d87cd12ad1d94ff5fbd6919d1"},"breadcrumb":{"@id":"https:\/\/www.regionsaris.sk\/jarne-prazdniny-s-regionom-saris\/#breadcrumb"},"inLanguage":"pl-PL","potentialAction":[{"@type":"ReadAction","target":["https:\/\/www.regionsaris.sk\/jarne-prazdniny-s-regionom-saris\/"]}]},{"@type":"ImageObject","inLanguage":"pl-PL","@id":"https:\/\/www.regionsaris.sk\/jarne-prazdniny-s-regionom-saris\/#primaryimage","url":"https:\/\/www.regionsaris.sk\/wp-content\/uploads\/2025\/12\/018b-scaled-1.jpg","contentUrl":"https:\/\/www.regionsaris.sk\/wp-content\/uploads\/2025\/12\/018b-scaled-1.jpg","width":2560,"height":1707},{"@type":"BreadcrumbList","@id":"https:\/\/www.regionsaris.sk\/jarne-prazdniny-s-regionom-saris\/#breadcrumb","itemListElement":[{"@type":"ListItem","position":1,"name":"Domov","item":"https:\/\/www.regionsaris.sk\/"},{"@type":"ListItem","position":2,"name":"Jarn\u00e9 pr\u00e1zdniny s regi\u00f3nom \u0160ari\u0161"}]},{"@type":"WebSite","@id":"https:\/\/www.regionsaris.sk\/#website","url":"https:\/\/www.regionsaris.sk\/","name":"OOCR \u0160ari\u0161","description":"","potentialAction":[{"@type":"SearchAction","target":{"@type":"EntryPoint","urlTemplate":"https:\/\/www.regionsaris.sk\/?s={search_term_string}"},"query-input":{"@type":"PropertyValueSpecification","valueRequired":true,"valueName":"search_term_string"}}],"inLanguage":"pl-PL"},{"@type":"Person","@id":"https:\/\/www.regionsaris.sk\/#\/schema\/person\/30fad06d87cd12ad1d94ff5fbd6919d1","name":"dev@bigway.sk","image":{"@type":"ImageObject","inLanguage":"pl-PL","@id":"https:\/\/www.regionsaris.sk\/#\/schema\/person\/image\/","url":"https:\/\/secure.gravatar.com\/avatar\/013b34bc1192067340cff024d72adf40af543d15809da0502beda083cb4f28a2?s=96&d=mm&r=g","contentUrl":"https:\/\/secure.gravatar.com\/avatar\/013b34bc1192067340cff024d72adf40af543d15809da0502beda083cb4f28a2?s=96&d=mm&r=g","caption":"dev@bigway.sk"},"sameAs":["https:\/\/www.regionsaris.sk"],"url":"https:\/\/www.regionsaris.sk\/pl\/author\/devbigway-sk\/"}]}},"_links":{"self":[{"href":"https:\/\/www.regionsaris.sk\/pl\/wp-json\/wp\/v2\/posts\/429","targetHints":{"allow":["GET"]}}],"collection":[{"href":"https:\/\/www.regionsaris.sk\/pl\/wp-json\/wp\/v2\/posts"}],"about":[{"href":"https:\/\/www.regionsaris.sk\/pl\/wp-json\/wp\/v2\/types\/post"}],"author":[{"embeddable":true,"href":"https:\/\/www.regionsaris.sk\/pl\/wp-json\/wp\/v2\/users\/1"}],"replies":[{"embeddable":true,"href":"https:\/\/www.regionsaris.sk\/pl\/wp-json\/wp\/v2\/comments?post=429"}],"version-history":[{"count":1,"href":"https:\/\/www.regionsaris.sk\/pl\/wp-json\/wp\/v2\/posts\/429\/revisions"}],"predecessor-version":[{"id":432,"href":"https:\/\/www.regionsaris.sk\/pl\/wp-json\/wp\/v2\/posts\/429\/revisions\/432"}],"wp:featuredmedia":[{"embeddable":true,"href":"https:\/\/www.regionsaris.sk\/pl\/wp-json\/wp\/v2\/media\/433"}],"wp:attachment":[{"href":"https:\/\/www.regionsaris.sk\/pl\/wp-json\/wp\/v2\/media?parent=429"}],"wp:term":[{"taxonomy":"category","embeddable":true,"href":"https:\/\/www.regionsaris.sk\/pl\/wp-json\/wp\/v2\/categories?post=429"},{"taxonomy":"post_tag","embeddable":true,"href":"https:\/\/www.regionsaris.sk\/pl\/wp-json\/wp\/v2\/tags?post=429"}],"curies":[{"name":"wp","href":"https:\/\/api.w.org\/{rel}","templated":true}]}}