{"id":169,"date":"2020-09-21T10:46:17","date_gmt":"2020-09-21T09:46:17","guid":{"rendered":"https:\/\/www.regionsaris.sk\/z-novej-rozhladne-v-sabinove-budete-mat-vysoke-vrcholy-regionu-saris-ako-na-dlani\/"},"modified":"2026-03-16T11:19:09","modified_gmt":"2026-03-16T10:19:09","slug":"z-novej-rozhladne-v-sabinove-budete-mat-vysoke-vrcholy-regionu-saris-ako-na-dlani","status":"publish","type":"post","link":"https:\/\/www.regionsaris.sk\/pl\/z-novej-rozhladne-v-sabinove-budete-mat-vysoke-vrcholy-regionu-saris-ako-na-dlani\/","title":{"rendered":"Z nowej wie\u017cy widokowej w Sabinovie b\u0119dziesz mie\u0107 wysokie szczyty regionu \u0160ari\u0161 jak na d\u0142oni"},"content":{"rendered":"<p>Powy\u017cej\u00a0<a href=\"https:\/\/www.regionsaris.sk\/pl\/kam-ist-na-vylet\/sabinov-a-okolie\/\">miasto Sabinov<\/a>\u00a0Szansa jest wy\u0142\u0105czona. Jest to nazwa cz\u0119\u015bci zalesionego wzg\u00f3rza tu\u017c obok rzeki Torysa. \u0160anec s\u0142u\u017cy g\u0142\u00f3wnie do rekreacji, a ze wzgl\u0119du na blisko\u015b\u0107 miasta (wjazd bezpo\u015brednio z g\u0142\u00f3wnej drogi) jest popularnym miejscem o ka\u017cdej porze roku. Do podn\u00f3\u017ca wzg\u00f3rza mo\u017cna dotrze\u0107 r\u00f3\u017cnymi rodzajami \u015bcie\u017cek, trasy s\u0105 znane jako\u00a0<a href=\"https:\/\/www.regionsaris.sk\/pl\/prirodne-krasy\/svablovske-chodnicky-kupelny-chodnicek\/\">\u201e\u0160vablovsk\u00e9 chodni\u010dky\u201c<\/a>. Na szczycie znajduje si\u0119 r\u00f3wnina, na kt\u00f3rej we wrze\u015bniu 2020 r. zainaugurowano \u201eWie\u017c\u0119 widokow\u0105 na Szansie\u201c. Budowa wie\u017cy widokowej zosta\u0142a zrealizowana dzi\u0119ki wsparciu finansowemu Biura Rz\u0105du Republiki S\u0142owackiej, jako \u015brodek promocji turystyki i zwi\u0119kszenia atrakcyjno\u015bci przedmie\u015bcia<a href=\"https:\/\/www.regionsaris.sk\/pl\/prirodne-krasy\/lesopark-svablovka\/\">\u00a0park le\u015bny \u0160vab\u013eovka.<\/a><\/p>\n\n\n\n<p>Wie\u017ca widokowa znajduje si\u0119 na wysoko\u015bci 465 m n.p.m. i znajduje si\u0119 na maksymalnej wysoko\u015bci, na kt\u00f3rej budowa by\u0142a mo\u017cliwa ze wzgl\u0119du na pobliskie lotnisko Ra\u017e\u0148any, jego strefy ochronne i bezpiecze\u0144stwo ruchu lotniczego. Wie\u017ca widokowa ma 11 m wysoko\u015bci, dwa pi\u0119tra, drewnian\u0105 konstrukcj\u0119, w kt\u00f3rej zastosowano najnowocze\u015bniejsz\u0105 technologi\u0119 obr\u00f3bki drewna. Autorem projektu by\u0142 in\u017c. Juraj Lovich, a wykonawc\u0105 firma Interbau s.r.o.<\/p>\n\n\n\n<p>Na wie\u017cy znajduje si\u0119 cz\u0119\u015b\u0107 wypoczynkowa, z kt\u00f3rej mo\u017cna podziwia\u0107 pi\u0119kny widok na ca\u0142\u0105 panoram\u0119 regionu \u0160ari\u0161, od wzg\u00f3rza zamkowego \u0160ari\u0161, Hradov\u00e1, Zobrana, Malkovsk\u00e1 h\u00f4rka, przez Makovica, Bodo\u0148, Lys\u00e1, \u010cierna Hora do \u0160imonka.<\/p>\n\n\n\n<p>Przy wie\u017cy widokowej znajduje si\u0119 r\u00f3wnie\u017c droga krzy\u017cowa, kt\u00f3ra jest cz\u0119sto odwiedzana, a tak\u017ce znany park le\u015bny \u0160v\u00e1b\u013eovka. W ramach lokalnej grupy dzia\u0142ania Urz\u0105d Miasta Sabinov z\u0142o\u017cy\u0142 wniosek o jego rewitalizacj\u0119, co zwi\u0119kszy liczb\u0119 odwiedzaj\u0105cych miasto i przywr\u00f3ci \u015bwietno\u015b\u0107 s\u0142ynnego parku le\u015bnego.<\/p>\n\n\n\n<p><iframe loading=\"lazy\" title=\"Wie\u017ca obserwacyjna \u0160vab\u013eovka Sabinov\" width=\"500\" height=\"281\" src=\"https:\/\/www.youtube.com\/embed\/GUd8Evgr9kA?start=71&feature=oembed\" frameborder=\"0\" allow=\"accelerometer; autoplay; clipboard-write; encrypted-media; gyroscope; picture-in-picture; web-share\" referrerpolicy=\"strict-origin-when-cross-origin\" allowfullscreen><\/iframe><\/p>","protected":false},"excerpt":{"rendered":"<p>Nad\u00a0mestom Sabinov\u00a0sa vyp\u00edna \u0160anec. Je to pomenovanie pre \u010das\u0165 zalesnen\u00e9ho kopca hne\u010f pri toku rieky...<\/p>","protected":false},"author":1,"featured_media":170,"comment_status":"open","ping_status":"open","sticky":false,"template":"","format":"standard","meta":{"_acf_changed":false,"footnotes":""},"categories":[1],"tags":[],"class_list":["post-169","post","type-post","status-publish","format-standard","has-post-thumbnail","hentry","category-novinky"],"acf":[],"yoast_head":"<!-- This site is optimized with the Yoast SEO Premium plugin v26.3 (Yoast SEO v26.8) - https:\/\/yoast.com\/product\/yoast-seo-premium-wordpress\/ -->\n<title>Z novej rozh\u013eadne v Sabinove budete ma\u0165 vysok\u00e9 vrcholy regi\u00f3nu \u0160ari\u0161 ako na dlani - OOCR \u0160ari\u0161<\/title>\n<meta name=\"robots\" content=\"index, follow, max-snippet:-1, max-image-preview:large, max-video-preview:-1\" \/>\n<link rel=\"canonical\" href=\"https:\/\/www.regionsaris.sk\/pl\/z-novej-rozhladne-v-sabinove-budete-mat-vysoke-vrcholy-regionu-saris-ako-na-dlani\/\" \/>\n<meta property=\"og:locale\" content=\"pl_PL\" \/>\n<meta property=\"og:type\" content=\"article\" \/>\n<meta property=\"og:title\" content=\"Z novej rozh\u013eadne v Sabinove budete ma\u0165 vysok\u00e9 vrcholy regi\u00f3nu \u0160ari\u0161 ako na dlani\" \/>\n<meta property=\"og:description\" content=\"Nad\u00a0mestom Sabinov\u00a0sa vyp\u00edna \u0160anec. Je to pomenovanie pre \u010das\u0165 zalesnen\u00e9ho kopca hne\u010f pri toku rieky...\" \/>\n<meta property=\"og:url\" content=\"https:\/\/www.regionsaris.sk\/pl\/z-novej-rozhladne-v-sabinove-budete-mat-vysoke-vrcholy-regionu-saris-ako-na-dlani\/\" \/>\n<meta property=\"og:site_name\" content=\"OOCR \u0160ari\u0161\" \/>\n<meta property=\"article:published_time\" content=\"2020-09-21T09:46:17+00:00\" \/>\n<meta property=\"article:modified_time\" content=\"2026-03-16T10:19:09+00:00\" \/>\n<meta property=\"og:image\" content=\"https:\/\/www.regionsaris.sk\/wp-content\/uploads\/2025\/12\/Rozhladna-na-Sanci_1.jpg\" \/>\n\t<meta property=\"og:image:width\" content=\"800\" \/>\n\t<meta property=\"og:image:height\" content=\"1255\" \/>\n\t<meta property=\"og:image:type\" content=\"image\/jpeg\" \/>\n<meta name=\"author\" content=\"dev@bigway.sk\" \/>\n<meta name=\"twitter:card\" content=\"summary_large_image\" \/>\n<meta name=\"twitter:label1\" content=\"Written by\" \/>\n\t<meta name=\"twitter:data1\" content=\"dev@bigway.sk\" \/>\n\t<meta name=\"twitter:label2\" content=\"Est. reading time\" \/>\n\t<meta name=\"twitter:data2\" content=\"2 minuty\" \/>\n<script type=\"application\/ld+json\" class=\"yoast-schema-graph\">{\"@context\":\"https:\/\/schema.org\",\"@graph\":[{\"@type\":\"Article\",\"@id\":\"https:\/\/www.regionsaris.sk\/z-novej-rozhladne-v-sabinove-budete-mat-vysoke-vrcholy-regionu-saris-ako-na-dlani\/#article\",\"isPartOf\":{\"@id\":\"https:\/\/www.regionsaris.sk\/z-novej-rozhladne-v-sabinove-budete-mat-vysoke-vrcholy-regionu-saris-ako-na-dlani\/\"},\"author\":{\"name\":\"dev@bigway.sk\",\"@id\":\"https:\/\/www.regionsaris.sk\/#\/schema\/person\/30fad06d87cd12ad1d94ff5fbd6919d1\"},\"headline\":\"Z novej rozh\u013eadne v Sabinove budete ma\u0165 vysok\u00e9 vrcholy regi\u00f3nu \u0160ari\u0161 ako na dlani\",\"datePublished\":\"2020-09-21T09:46:17+00:00\",\"dateModified\":\"2026-03-16T10:19:09+00:00\",\"mainEntityOfPage\":{\"@id\":\"https:\/\/www.regionsaris.sk\/z-novej-rozhladne-v-sabinove-budete-mat-vysoke-vrcholy-regionu-saris-ako-na-dlani\/\"},\"wordCount\":332,\"commentCount\":0,\"image\":{\"@id\":\"https:\/\/www.regionsaris.sk\/z-novej-rozhladne-v-sabinove-budete-mat-vysoke-vrcholy-regionu-saris-ako-na-dlani\/#primaryimage\"},\"thumbnailUrl\":\"https:\/\/www.regionsaris.sk\/wp-content\/uploads\/2025\/12\/Rozhladna-na-Sanci_1.jpg\",\"articleSection\":[\"Novinky\"],\"inLanguage\":\"pl-PL\",\"potentialAction\":[{\"@type\":\"CommentAction\",\"name\":\"Comment\",\"target\":[\"https:\/\/www.regionsaris.sk\/z-novej-rozhladne-v-sabinove-budete-mat-vysoke-vrcholy-regionu-saris-ako-na-dlani\/#respond\"]}]},{\"@type\":\"WebPage\",\"@id\":\"https:\/\/www.regionsaris.sk\/z-novej-rozhladne-v-sabinove-budete-mat-vysoke-vrcholy-regionu-saris-ako-na-dlani\/\",\"url\":\"https:\/\/www.regionsaris.sk\/z-novej-rozhladne-v-sabinove-budete-mat-vysoke-vrcholy-regionu-saris-ako-na-dlani\/\",\"name\":\"Z novej rozh\u013eadne v Sabinove budete ma\u0165 vysok\u00e9 vrcholy regi\u00f3nu \u0160ari\u0161 ako na dlani - OOCR \u0160ari\u0161\",\"isPartOf\":{\"@id\":\"https:\/\/www.regionsaris.sk\/#website\"},\"primaryImageOfPage\":{\"@id\":\"https:\/\/www.regionsaris.sk\/z-novej-rozhladne-v-sabinove-budete-mat-vysoke-vrcholy-regionu-saris-ako-na-dlani\/#primaryimage\"},\"image\":{\"@id\":\"https:\/\/www.regionsaris.sk\/z-novej-rozhladne-v-sabinove-budete-mat-vysoke-vrcholy-regionu-saris-ako-na-dlani\/#primaryimage\"},\"thumbnailUrl\":\"https:\/\/www.regionsaris.sk\/wp-content\/uploads\/2025\/12\/Rozhladna-na-Sanci_1.jpg\",\"datePublished\":\"2020-09-21T09:46:17+00:00\",\"dateModified\":\"2026-03-16T10:19:09+00:00\",\"author\":{\"@id\":\"https:\/\/www.regionsaris.sk\/#\/schema\/person\/30fad06d87cd12ad1d94ff5fbd6919d1\"},\"breadcrumb\":{\"@id\":\"https:\/\/www.regionsaris.sk\/z-novej-rozhladne-v-sabinove-budete-mat-vysoke-vrcholy-regionu-saris-ako-na-dlani\/#breadcrumb\"},\"inLanguage\":\"pl-PL\",\"potentialAction\":[{\"@type\":\"ReadAction\",\"target\":[\"https:\/\/www.regionsaris.sk\/z-novej-rozhladne-v-sabinove-budete-mat-vysoke-vrcholy-regionu-saris-ako-na-dlani\/\"]}]},{\"@type\":\"ImageObject\",\"inLanguage\":\"pl-PL\",\"@id\":\"https:\/\/www.regionsaris.sk\/z-novej-rozhladne-v-sabinove-budete-mat-vysoke-vrcholy-regionu-saris-ako-na-dlani\/#primaryimage\",\"url\":\"https:\/\/www.regionsaris.sk\/wp-content\/uploads\/2025\/12\/Rozhladna-na-Sanci_1.jpg\",\"contentUrl\":\"https:\/\/www.regionsaris.sk\/wp-content\/uploads\/2025\/12\/Rozhladna-na-Sanci_1.jpg\",\"width\":800,\"height\":1255},{\"@type\":\"BreadcrumbList\",\"@id\":\"https:\/\/www.regionsaris.sk\/z-novej-rozhladne-v-sabinove-budete-mat-vysoke-vrcholy-regionu-saris-ako-na-dlani\/#breadcrumb\",\"itemListElement\":[{\"@type\":\"ListItem\",\"position\":1,\"name\":\"Domov\",\"item\":\"https:\/\/www.regionsaris.sk\/\"},{\"@type\":\"ListItem\",\"position\":2,\"name\":\"Z novej rozh\u013eadne v Sabinove budete ma\u0165 vysok\u00e9 vrcholy regi\u00f3nu \u0160ari\u0161 ako na dlani\"}]},{\"@type\":\"WebSite\",\"@id\":\"https:\/\/www.regionsaris.sk\/#website\",\"url\":\"https:\/\/www.regionsaris.sk\/\",\"name\":\"OOCR \u0160ari\u0161\",\"description\":\"\",\"potentialAction\":[{\"@type\":\"SearchAction\",\"target\":{\"@type\":\"EntryPoint\",\"urlTemplate\":\"https:\/\/www.regionsaris.sk\/?s={search_term_string}\"},\"query-input\":{\"@type\":\"PropertyValueSpecification\",\"valueRequired\":true,\"valueName\":\"search_term_string\"}}],\"inLanguage\":\"pl-PL\"},{\"@type\":\"Person\",\"@id\":\"https:\/\/www.regionsaris.sk\/#\/schema\/person\/30fad06d87cd12ad1d94ff5fbd6919d1\",\"name\":\"dev@bigway.sk\",\"image\":{\"@type\":\"ImageObject\",\"inLanguage\":\"pl-PL\",\"@id\":\"https:\/\/www.regionsaris.sk\/#\/schema\/person\/image\/\",\"url\":\"https:\/\/secure.gravatar.com\/avatar\/013b34bc1192067340cff024d72adf40af543d15809da0502beda083cb4f28a2?s=96&d=mm&r=g\",\"contentUrl\":\"https:\/\/secure.gravatar.com\/avatar\/013b34bc1192067340cff024d72adf40af543d15809da0502beda083cb4f28a2?s=96&d=mm&r=g\",\"caption\":\"dev@bigway.sk\"},\"sameAs\":[\"https:\/\/www.regionsaris.sk\"],\"url\":\"https:\/\/www.regionsaris.sk\/pl\/author\/devbigway-sk\/\"}]}<\/script>\n<!-- \/ Yoast SEO Premium plugin. -->","yoast_head_json":{"title":"Z novej rozh\u013eadne v Sabinove budete ma\u0165 vysok\u00e9 vrcholy regi\u00f3nu \u0160ari\u0161 ako na dlani - OOCR \u0160ari\u0161","robots":{"index":"index","follow":"follow","max-snippet":"max-snippet:-1","max-image-preview":"max-image-preview:large","max-video-preview":"max-video-preview:-1"},"canonical":"https:\/\/www.regionsaris.sk\/pl\/z-novej-rozhladne-v-sabinove-budete-mat-vysoke-vrcholy-regionu-saris-ako-na-dlani\/","og_locale":"pl_PL","og_type":"article","og_title":"Z novej rozh\u013eadne v Sabinove budete ma\u0165 vysok\u00e9 vrcholy regi\u00f3nu \u0160ari\u0161 ako na dlani","og_description":"Nad\u00a0mestom Sabinov\u00a0sa vyp\u00edna \u0160anec. Je to pomenovanie pre \u010das\u0165 zalesnen\u00e9ho kopca hne\u010f pri toku rieky...","og_url":"https:\/\/www.regionsaris.sk\/pl\/z-novej-rozhladne-v-sabinove-budete-mat-vysoke-vrcholy-regionu-saris-ako-na-dlani\/","og_site_name":"OOCR \u0160ari\u0161","article_published_time":"2020-09-21T09:46:17+00:00","article_modified_time":"2026-03-16T10:19:09+00:00","og_image":[{"width":800,"height":1255,"url":"https:\/\/www.regionsaris.sk\/wp-content\/uploads\/2025\/12\/Rozhladna-na-Sanci_1.jpg","type":"image\/jpeg"}],"author":"dev@bigway.sk","twitter_card":"summary_large_image","twitter_misc":{"Written by":"dev@bigway.sk","Est. reading time":"2 minuty"},"schema":{"@context":"https:\/\/schema.org","@graph":[{"@type":"Article","@id":"https:\/\/www.regionsaris.sk\/z-novej-rozhladne-v-sabinove-budete-mat-vysoke-vrcholy-regionu-saris-ako-na-dlani\/#article","isPartOf":{"@id":"https:\/\/www.regionsaris.sk\/z-novej-rozhladne-v-sabinove-budete-mat-vysoke-vrcholy-regionu-saris-ako-na-dlani\/"},"author":{"name":"dev@bigway.sk","@id":"https:\/\/www.regionsaris.sk\/#\/schema\/person\/30fad06d87cd12ad1d94ff5fbd6919d1"},"headline":"Z novej rozh\u013eadne v Sabinove budete ma\u0165 vysok\u00e9 vrcholy regi\u00f3nu \u0160ari\u0161 ako na dlani","datePublished":"2020-09-21T09:46:17+00:00","dateModified":"2026-03-16T10:19:09+00:00","mainEntityOfPage":{"@id":"https:\/\/www.regionsaris.sk\/z-novej-rozhladne-v-sabinove-budete-mat-vysoke-vrcholy-regionu-saris-ako-na-dlani\/"},"wordCount":332,"commentCount":0,"image":{"@id":"https:\/\/www.regionsaris.sk\/z-novej-rozhladne-v-sabinove-budete-mat-vysoke-vrcholy-regionu-saris-ako-na-dlani\/#primaryimage"},"thumbnailUrl":"https:\/\/www.regionsaris.sk\/wp-content\/uploads\/2025\/12\/Rozhladna-na-Sanci_1.jpg","articleSection":["Novinky"],"inLanguage":"pl-PL","potentialAction":[{"@type":"CommentAction","name":"Comment","target":["https:\/\/www.regionsaris.sk\/z-novej-rozhladne-v-sabinove-budete-mat-vysoke-vrcholy-regionu-saris-ako-na-dlani\/#respond"]}]},{"@type":"WebPage","@id":"https:\/\/www.regionsaris.sk\/z-novej-rozhladne-v-sabinove-budete-mat-vysoke-vrcholy-regionu-saris-ako-na-dlani\/","url":"https:\/\/www.regionsaris.sk\/z-novej-rozhladne-v-sabinove-budete-mat-vysoke-vrcholy-regionu-saris-ako-na-dlani\/","name":"Z novej rozh\u013eadne v Sabinove budete ma\u0165 vysok\u00e9 vrcholy regi\u00f3nu \u0160ari\u0161 ako na dlani - OOCR \u0160ari\u0161","isPartOf":{"@id":"https:\/\/www.regionsaris.sk\/#website"},"primaryImageOfPage":{"@id":"https:\/\/www.regionsaris.sk\/z-novej-rozhladne-v-sabinove-budete-mat-vysoke-vrcholy-regionu-saris-ako-na-dlani\/#primaryimage"},"image":{"@id":"https:\/\/www.regionsaris.sk\/z-novej-rozhladne-v-sabinove-budete-mat-vysoke-vrcholy-regionu-saris-ako-na-dlani\/#primaryimage"},"thumbnailUrl":"https:\/\/www.regionsaris.sk\/wp-content\/uploads\/2025\/12\/Rozhladna-na-Sanci_1.jpg","datePublished":"2020-09-21T09:46:17+00:00","dateModified":"2026-03-16T10:19:09+00:00","author":{"@id":"https:\/\/www.regionsaris.sk\/#\/schema\/person\/30fad06d87cd12ad1d94ff5fbd6919d1"},"breadcrumb":{"@id":"https:\/\/www.regionsaris.sk\/z-novej-rozhladne-v-sabinove-budete-mat-vysoke-vrcholy-regionu-saris-ako-na-dlani\/#breadcrumb"},"inLanguage":"pl-PL","potentialAction":[{"@type":"ReadAction","target":["https:\/\/www.regionsaris.sk\/z-novej-rozhladne-v-sabinove-budete-mat-vysoke-vrcholy-regionu-saris-ako-na-dlani\/"]}]},{"@type":"ImageObject","inLanguage":"pl-PL","@id":"https:\/\/www.regionsaris.sk\/z-novej-rozhladne-v-sabinove-budete-mat-vysoke-vrcholy-regionu-saris-ako-na-dlani\/#primaryimage","url":"https:\/\/www.regionsaris.sk\/wp-content\/uploads\/2025\/12\/Rozhladna-na-Sanci_1.jpg","contentUrl":"https:\/\/www.regionsaris.sk\/wp-content\/uploads\/2025\/12\/Rozhladna-na-Sanci_1.jpg","width":800,"height":1255},{"@type":"BreadcrumbList","@id":"https:\/\/www.regionsaris.sk\/z-novej-rozhladne-v-sabinove-budete-mat-vysoke-vrcholy-regionu-saris-ako-na-dlani\/#breadcrumb","itemListElement":[{"@type":"ListItem","position":1,"name":"Domov","item":"https:\/\/www.regionsaris.sk\/"},{"@type":"ListItem","position":2,"name":"Z novej rozh\u013eadne v Sabinove budete ma\u0165 vysok\u00e9 vrcholy regi\u00f3nu \u0160ari\u0161 ako na dlani"}]},{"@type":"WebSite","@id":"https:\/\/www.regionsaris.sk\/#website","url":"https:\/\/www.regionsaris.sk\/","name":"OOCR \u0160ari\u0161","description":"","potentialAction":[{"@type":"SearchAction","target":{"@type":"EntryPoint","urlTemplate":"https:\/\/www.regionsaris.sk\/?s={search_term_string}"},"query-input":{"@type":"PropertyValueSpecification","valueRequired":true,"valueName":"search_term_string"}}],"inLanguage":"pl-PL"},{"@type":"Person","@id":"https:\/\/www.regionsaris.sk\/#\/schema\/person\/30fad06d87cd12ad1d94ff5fbd6919d1","name":"dev@bigway.sk","image":{"@type":"ImageObject","inLanguage":"pl-PL","@id":"https:\/\/www.regionsaris.sk\/#\/schema\/person\/image\/","url":"https:\/\/secure.gravatar.com\/avatar\/013b34bc1192067340cff024d72adf40af543d15809da0502beda083cb4f28a2?s=96&d=mm&r=g","contentUrl":"https:\/\/secure.gravatar.com\/avatar\/013b34bc1192067340cff024d72adf40af543d15809da0502beda083cb4f28a2?s=96&d=mm&r=g","caption":"dev@bigway.sk"},"sameAs":["https:\/\/www.regionsaris.sk"],"url":"https:\/\/www.regionsaris.sk\/pl\/author\/devbigway-sk\/"}]}},"_links":{"self":[{"href":"https:\/\/www.regionsaris.sk\/pl\/wp-json\/wp\/v2\/posts\/169","targetHints":{"allow":["GET"]}}],"collection":[{"href":"https:\/\/www.regionsaris.sk\/pl\/wp-json\/wp\/v2\/posts"}],"about":[{"href":"https:\/\/www.regionsaris.sk\/pl\/wp-json\/wp\/v2\/types\/post"}],"author":[{"embeddable":true,"href":"https:\/\/www.regionsaris.sk\/pl\/wp-json\/wp\/v2\/users\/1"}],"replies":[{"embeddable":true,"href":"https:\/\/www.regionsaris.sk\/pl\/wp-json\/wp\/v2\/comments?post=169"}],"version-history":[{"count":1,"href":"https:\/\/www.regionsaris.sk\/pl\/wp-json\/wp\/v2\/posts\/169\/revisions"}],"predecessor-version":[{"id":4022,"href":"https:\/\/www.regionsaris.sk\/pl\/wp-json\/wp\/v2\/posts\/169\/revisions\/4022"}],"wp:featuredmedia":[{"embeddable":true,"href":"https:\/\/www.regionsaris.sk\/pl\/wp-json\/wp\/v2\/media\/170"}],"wp:attachment":[{"href":"https:\/\/www.regionsaris.sk\/pl\/wp-json\/wp\/v2\/media?parent=169"}],"wp:term":[{"taxonomy":"category","embeddable":true,"href":"https:\/\/www.regionsaris.sk\/pl\/wp-json\/wp\/v2\/categories?post=169"},{"taxonomy":"post_tag","embeddable":true,"href":"https:\/\/www.regionsaris.sk\/pl\/wp-json\/wp\/v2\/tags?post=169"}],"curies":[{"name":"wp","href":"https:\/\/api.w.org\/{rel}","templated":true}]}}