{"id":717,"date":"2025-11-10T09:39:43","date_gmt":"2025-11-10T08:39:43","guid":{"rendered":"https:\/\/www.regionsaris.sk\/outdoor-saris-2025-konferencia-o-rozvoji-aktivneho-a-udrzatelneho-turizmu-v-srdci-sarisa\/"},"modified":"2026-02-24T14:22:32","modified_gmt":"2026-02-24T13:22:32","slug":"outdoor-saris-2025-konferencia-o-rozvoji-aktivneho-a-udrzatelneho-turizmu-v-srdci-sarisa","status":"publish","type":"post","link":"https:\/\/www.regionsaris.sk\/it\/outdoor-saris-2025-konferencia-o-rozvoji-aktivneho-a-udrzatelneho-turizmu-v-srdci-sarisa\/","title":{"rendered":"Outdoor \u0160ari\u0161 2025: conferenza sullo sviluppo del turismo attivo e sostenibile nel cuore di \u0160ari\u0161"},"content":{"rendered":"<p><strong>PRE\u0160OV, 31 ottobre 2025<\/strong> - Organizzazione turistica regionale <strong>Regione di \u0160ari\u0161<\/strong> ha organizzato una conferenza professionale presso l'Hotel Dukla <strong>\u201e\u0160ari\u0161 all'aperto 2025\u201c<\/strong>, che si \u00e8 concentrato sulle possibilit\u00e0 di sviluppo del turismo all'aria aperta e sostenibile nella regione di \u0160ari\u0161.<\/p>\n\n\n\n<p>\u00a0<\/p>\n\n\n\n<p><a href=\"https:\/\/www.regionsaris.sk\/wp-content\/uploads\/2025\/11\/PXL_20251031_083902821-scaled.jpg\"><img loading=\"lazy\" decoding=\"async\" class=\"wp-image-34252 alignnone\" src=\"https:\/\/www.regionsaris.sk\/wp-content\/uploads\/2025\/12\/PXL_20251031_083902821-scaled.jpg\" alt=\"\" width=\"754\" height=\"425\" \/><\/a><\/p>\n\n\n\n<p>\u00a0<\/p>\n\n\n\n<p>La parola d'ordine \u00e8 stata quella di <strong>Ing. Petr Halaj<\/strong>, Il direttore esecutivo dell'OOCR Regione \u0160ari\u0161 ha sottolineato la necessit\u00e0 di connettere gli attori della regione e di collegare movimento, cultura e natura. Un turismo attivo di questo tipo, secondo lui, pu\u00f2 attirare visitatori sia nazionali che stranieri.<\/p>\n\n\n\n<p>Il programma di esperti comprendeva diverse presentazioni di progetti di successo provenienti da altre parti della Slovacchia. La conferenza \u00e8 stata divisa in tre blocchi tematici: il primo comprendeva lezioni incentrate sulle infrastrutture e sul marketing nel turismo, il secondo blocco era dedicato alla creazione di prodotti turistici, il terzo presentava gli strumenti digitali e le moderne tecnologie utilizzate nella promozione e nella gestione delle destinazioni. Il quarto blocco \u00e8 stato dedicato alla discussione.<\/p>\n\n\n\n<p><a href=\"https:\/\/www.regionsaris.sk\/wp-content\/uploads\/2025\/11\/PXL_20251031_084226308-scaled.jpg\"><img loading=\"lazy\" decoding=\"async\" class=\"wp-image-34256 alignnone\" src=\"https:\/\/www.regionsaris.sk\/wp-content\/uploads\/2025\/12\/PXL_20251031_084226308-scaled.jpg\" alt=\"\" width=\"754\" height=\"425\" \/><\/a><\/p>\n\n\n\n<p>\u00a0<\/p>\n\n\n\n<p><strong>Peter Krusinski<\/strong> z <strong>RA BBSK<\/strong> ha introdotto lo sviluppo dell'outdoor nella regione di Bansk\u00e1 Bystrica, dove la campagna <em>Muovetevi!<\/em> motivato podisti, ciclisti e sciatori di fondo a muoversi nella natura. L'organizzazione regionale si avvale anche di moderne soluzioni digitali - il sistema <strong>Intelligente<\/strong>, che tiene traccia dei movimenti dei visitatori attraverso contatori e telecamere, e una piattaforma <strong>OutdoorActive<\/strong>, ora completamente integrato e utilizzato attivamente.<\/p>\n\n\n\n<p>\u00a0<\/p>\n\n\n\n<p><a href=\"https:\/\/www.regionsaris.sk\/wp-content\/uploads\/2025\/11\/PXL_20251031_091606342.MP_-scaled.jpg\"><img loading=\"lazy\" decoding=\"async\" class=\"wp-image-34260 alignnone\" src=\"https:\/\/www.regionsaris.sk\/wp-content\/uploads\/2025\/12\/PXL_20251031_091606342.MP_-scaled.jpg\" alt=\"\" width=\"751\" height=\"423\" \/><\/a><\/p>\n\n\n\n<p>\u00a0<\/p>\n\n\n\n<p><strong>Michal Homola<\/strong> z <strong>Visitare Liptov<\/strong> ha presentato un approccio completo allo sviluppo del cicloturismo - dai segnalatori ciclistici addestrati a <strong>900 km di percorsi ciclabili<\/strong>. Liptov nel 2024 ha tracciato 38 km di nuovi tratti, rinnovato centinaia di chilometri di segnaletica, costruito <strong>Stazioni di ricarica per biciclette elettriche<\/strong>, e offre anche percorsi tematici, come ad esempio <em>Sulle tracce dei villaggi alluvionati di Liptovsk\u00e1 Mara<\/em>. C'\u00e8 anche un <strong>ciclogeno<\/strong> e strumento online <em>podnet.cykloregion.sk<\/em>, che consente ai ciclisti di segnalare i difetti direttamente dal campo.<\/p>\n\n\n\n<p>\u00a0<\/p>\n\n\n\n<p><a href=\"https:\/\/www.regionsaris.sk\/wp-content\/uploads\/2025\/11\/PXL_20251031_102326344.MP_-scaled.jpg\"><img loading=\"lazy\" decoding=\"async\" class=\"wp-image-34268 alignnone\" src=\"https:\/\/www.regionsaris.sk\/wp-content\/uploads\/2025\/12\/PXL_20251031_102326344.MP_-scaled.jpg\" alt=\"\" width=\"790\" height=\"445\" \/><\/a><\/p>\n\n\n\n<p>\u00a0<\/p>\n\n\n\n<p><strong>Michaela Zdra\u017eilov\u00e1<\/strong>, Direttore esecutivo <strong>OOCR Horn\u00fd Zempl\u00edn<\/strong>, ha presentato la campagna <strong>Chavarguj<\/strong>, che, attraverso elementi di gioco e ricompense, ha reso pi\u00f9 visibili i luoghi meno conosciuti, ha collegato le localit\u00e0 e ha motivato i residenti a partecipare attivamente alla creazione del prodotto turistico.<\/p>\n\n\n\n<p><a href=\"https:\/\/www.regionsaris.sk\/wp-content\/uploads\/2025\/11\/PXL_20251031_104351400-scaled.jpg\"><img loading=\"lazy\" decoding=\"async\" class=\"wp-image-34272 alignnone\" src=\"https:\/\/www.regionsaris.sk\/wp-content\/uploads\/2025\/12\/PXL_20251031_104351400-scaled.jpg\" alt=\"\" width=\"793\" height=\"447\" \/><\/a><\/p>\n\n\n\n<p>\u00a0<\/p>\n\n\n\n<p><strong>Martin Janus<\/strong> z <strong>KOCR Nord-Est della Slovacchia<\/strong> si \u00e8 avvicinato al concetto <strong>Pellegrinaggio di Santa Maria<\/strong>, che collega la dimensione spirituale del viaggio con i valori culturali e naturali della regione.<\/p>\n\n\n\n<p>\u00a0<\/p>\n\n\n\n<p><a href=\"https:\/\/www.regionsaris.sk\/wp-content\/uploads\/2025\/11\/PXL_20251031_110946056.MP_-scaled.jpg\"><img loading=\"lazy\" decoding=\"async\" class=\"wp-image-34276 alignnone\" src=\"https:\/\/www.regionsaris.sk\/wp-content\/uploads\/2025\/12\/PXL_20251031_110946056.MP_-scaled.jpg\" alt=\"\" width=\"797\" height=\"449\" \/><\/a><\/p>\n\n\n\n<p>\u00a0<\/p>\n\n\n\n<p><strong>Zuzana Burdov\u00e1<\/strong> z <strong>AEVIS n.o.<\/strong> ha presentato esempi di <strong>Polon\u00edn<\/strong>, dove la conservazione della natura \u00e8 legata allo sviluppo regionale e al turismo naturalistico. Nell'ambito del progetto <em>digidetox<\/em> organizzare escursioni sulle tracce del bisonte, del lupo o della lince, che sono supportate anche da guide e servizi locali.<\/p>\n\n\n\n<p>\u00a0<\/p>\n\n\n\n<p><a href=\"https:\/\/www.regionsaris.sk\/wp-content\/uploads\/2025\/11\/PXL_20251031_123457702-scaled.jpg\"><img loading=\"lazy\" decoding=\"async\" class=\"wp-image-34280 alignnone\" src=\"https:\/\/www.regionsaris.sk\/wp-content\/uploads\/2025\/12\/PXL_20251031_123457702-scaled.jpg\" alt=\"\" width=\"767\" height=\"432\" \/><\/a><\/p>\n\n\n\n<p>\u00a0<\/p>\n\n\n\n<p><strong>Ing. Lud\u011bk Kuhr<\/strong> z <strong>Alpdest CEE ha presentato<\/strong> le tendenze digitali nella promozione outdoor e il collegamento efficace dei marchi con i prodotti turistici<\/p>\n\n\n\n<p><strong>Peter Halaj, OOCR Regione \u0160ari\u0161<\/strong><br>Presentazione incentrata sulle attuali attivit\u00e0 dell'organizzazione nel campo dello sviluppo del turismo all'aria aperta e dell'utilizzo di strumenti digitali. <strong>OutdoorActive<\/strong> a <strong>SmartGuide<\/strong>. Sono state presentate le possibilit\u00e0 offerte da queste piattaforme: pianificazione del viaggio, navigazione, esportazione di percorsi GPX, audioguide con leggende ed elementi di gioco per bambini. La presentazione ha incluso anche una dimostrazione dei prodotti chiave della destinazione, che comprendono sentieri naturalistici, percorsi tematici, traversate a lunga distanza, sentieri delle fiabe e itinerari turistico-culturali, tra cui il prodotto \u0160ari\u0161sk\u00e1 hradn\u00e1 cesta. La presentazione si \u00e8 concentrata sul rafforzamento dell'autenticit\u00e0, del legame con la natura, della sostenibilit\u00e0 e della cooperazione nello sviluppo del turismo all'aria aperta nella regione di \u0160ari\u0161.<\/p>\n\n\n\n<p>La conclusione dell'evento \u00e8 stata affidata a <strong>panel di discussione \u201eCome spostare l'outdoor nella destinazione \u0160ari\u0161\u201c<\/strong>, in cui i rappresentanti di citt\u00e0, comuni, club sportivi, imprenditori e ambientalisti hanno scambiato le loro esperienze e suggerimenti.<\/p>\n\n\n\n<p>\u00a0<\/p>\n\n\n\n<p><a href=\"https:\/\/www.regionsaris.sk\/wp-content\/uploads\/2025\/11\/PXL_20251031_130311412.MP_-scaled.jpg\"><img loading=\"lazy\" decoding=\"async\" class=\"wp-image-34264 alignnone\" src=\"https:\/\/www.regionsaris.sk\/wp-content\/uploads\/2025\/12\/PXL_20251031_130311412.MP_-scaled.jpg\" alt=\"\" width=\"795\" height=\"448\" \/><\/a><\/p>\n\n\n\n<p>\u00a0<\/p>\n\n\n\n<p><strong>L'evento ha portato presentazioni di esperti, esempi di buone pratiche e spazio per lo scambio di esperienze tra esperti, rappresentanti di regioni, comuni e organizzazioni turistiche. L'obiettivo era quello di promuovere <\/strong><strong>sviluppo di attivit\u00e0 all'aperto, sport e tempo libero attivo<\/strong><strong>, e allo stesso tempo creare una visione di \u0160ari\u0161 come destinazione attraente per l'outdoor. L'OOCR Regione di \u0160ari\u0161 prevede di continuare queste attivit\u00e0 nel 2026.<\/strong><\/p>\n\n\n\n<p>\u00a0<\/p>\n\n\n\n<p><a href=\"https:\/\/www.regionsaris.sk\/wp-content\/uploads\/2025\/12\/logo_Min-CestovnehoRuchu-a-Sportu_SR_SK_farba_rgb-1.png\"><img loading=\"lazy\" decoding=\"async\" class=\"size-medium wp-image-28931 alignnone\" src=\"https:\/\/www.regionsaris.sk\/wp-content\/uploads\/2025\/12\/logo_Min-CestovnehoRuchu-a-Sportu_SR_SK_farba_rgb-1-300x95.png\" alt=\"\" width=\"300\" height=\"95\" \/><\/a> <a href=\"https:\/\/www.regionsaris.sk\/wp-content\/uploads\/2025\/12\/SARIS_region_logo_rgb_01_@4-1-1.png\"><img loading=\"lazy\" decoding=\"async\" class=\"size-medium wp-image-28923 alignnone\" src=\"https:\/\/www.regionsaris.sk\/wp-content\/uploads\/2025\/12\/SARIS_region_logo_rgb_01_@4-1-1-300x172.png\" alt=\"\" width=\"300\" height=\"172\" \/><\/a><\/p>\n\n\n\n<p>Implementato da <strong>con il sostegno finanziario del Ministero del Turismo e dello Sport della Repubblica Slovacca<\/strong>.<\/p>\n\n\n\n<p>\u00a0<\/p>\n\n\n\n<p>\u00a0<\/p>","protected":false},"excerpt":{"rendered":"<p>PRE\u0160OV, 31 ottobre 2025 - L'Organizzazione turistica regionale Regi\u00f3n \u0160ari\u0161 ha organizzato un...<\/p>","protected":false},"author":1,"featured_media":727,"comment_status":"open","ping_status":"open","sticky":false,"template":"","format":"standard","meta":{"_acf_changed":false,"footnotes":""},"categories":[1],"tags":[],"class_list":["post-717","post","type-post","status-publish","format-standard","has-post-thumbnail","hentry","category-novinky"],"acf":[],"yoast_head":"<!-- This site is optimized with the Yoast SEO Premium plugin v26.3 (Yoast SEO v26.8) - https:\/\/yoast.com\/product\/yoast-seo-premium-wordpress\/ -->\n<title>Outdoor \u0160ari\u0161 2025: Konferencia o rozvoji akt\u00edvneho a udr\u017eate\u013en\u00e9ho turizmu v srdci \u0160ari\u0161a - OOCR \u0160ari\u0161<\/title>\n<meta name=\"robots\" content=\"index, follow, max-snippet:-1, max-image-preview:large, max-video-preview:-1\" \/>\n<link rel=\"canonical\" href=\"https:\/\/www.regionsaris.sk\/it\/outdoor-saris-2025-konferencia-o-rozvoji-aktivneho-a-udrzatelneho-turizmu-v-srdci-sarisa\/\" \/>\n<meta property=\"og:locale\" content=\"it_IT\" \/>\n<meta property=\"og:type\" content=\"article\" \/>\n<meta property=\"og:title\" content=\"Outdoor \u0160ari\u0161 2025: Konferencia o rozvoji akt\u00edvneho a udr\u017eate\u013en\u00e9ho turizmu v srdci \u0160ari\u0161a\" \/>\n<meta property=\"og:description\" content=\"PRE\u0160OV, 31. okt\u00f3bra 2025 \u2013 Oblastn\u00e1 organiz\u00e1cia cestovn\u00e9ho ruchu Regi\u00f3n \u0160ari\u0161 zorganizovala v hoteli Dukla...\" \/>\n<meta property=\"og:url\" content=\"https:\/\/www.regionsaris.sk\/it\/outdoor-saris-2025-konferencia-o-rozvoji-aktivneho-a-udrzatelneho-turizmu-v-srdci-sarisa\/\" \/>\n<meta property=\"og:site_name\" content=\"OOCR \u0160ari\u0161\" \/>\n<meta property=\"article:published_time\" content=\"2025-11-10T08:39:43+00:00\" \/>\n<meta property=\"article:modified_time\" content=\"2026-02-24T13:22:32+00:00\" \/>\n<meta property=\"og:image\" content=\"https:\/\/www.regionsaris.sk\/wp-content\/uploads\/2025\/12\/PXL_20251031_083902821-scaled-1.jpg\" \/>\n\t<meta property=\"og:image:width\" content=\"2560\" \/>\n\t<meta property=\"og:image:height\" content=\"1440\" \/>\n\t<meta property=\"og:image:type\" content=\"image\/jpeg\" \/>\n<meta name=\"author\" content=\"dev@bigway.sk\" \/>\n<meta name=\"twitter:card\" content=\"summary_large_image\" \/>\n<meta name=\"twitter:label1\" content=\"Scritto da\" \/>\n\t<meta name=\"twitter:data1\" content=\"dev@bigway.sk\" \/>\n\t<meta name=\"twitter:label2\" content=\"Tempo di lettura stimato\" \/>\n\t<meta name=\"twitter:data2\" content=\"6 minuti\" \/>\n<script type=\"application\/ld+json\" class=\"yoast-schema-graph\">{\"@context\":\"https:\/\/schema.org\",\"@graph\":[{\"@type\":\"Article\",\"@id\":\"https:\/\/www.regionsaris.sk\/outdoor-saris-2025-konferencia-o-rozvoji-aktivneho-a-udrzatelneho-turizmu-v-srdci-sarisa\/#article\",\"isPartOf\":{\"@id\":\"https:\/\/www.regionsaris.sk\/outdoor-saris-2025-konferencia-o-rozvoji-aktivneho-a-udrzatelneho-turizmu-v-srdci-sarisa\/\"},\"author\":{\"name\":\"dev@bigway.sk\",\"@id\":\"https:\/\/www.regionsaris.sk\/#\/schema\/person\/30fad06d87cd12ad1d94ff5fbd6919d1\"},\"headline\":\"Outdoor \u0160ari\u0161 2025: Konferencia o rozvoji akt\u00edvneho a udr\u017eate\u013en\u00e9ho turizmu v srdci \u0160ari\u0161a\",\"datePublished\":\"2025-11-10T08:39:43+00:00\",\"dateModified\":\"2026-02-24T13:22:32+00:00\",\"mainEntityOfPage\":{\"@id\":\"https:\/\/www.regionsaris.sk\/outdoor-saris-2025-konferencia-o-rozvoji-aktivneho-a-udrzatelneho-turizmu-v-srdci-sarisa\/\"},\"wordCount\":742,\"commentCount\":0,\"image\":{\"@id\":\"https:\/\/www.regionsaris.sk\/outdoor-saris-2025-konferencia-o-rozvoji-aktivneho-a-udrzatelneho-turizmu-v-srdci-sarisa\/#primaryimage\"},\"thumbnailUrl\":\"https:\/\/www.regionsaris.sk\/wp-content\/uploads\/2025\/12\/PXL_20251031_083902821-scaled-1.jpg\",\"articleSection\":[\"Novinky\"],\"inLanguage\":\"it-IT\",\"potentialAction\":[{\"@type\":\"CommentAction\",\"name\":\"Comment\",\"target\":[\"https:\/\/www.regionsaris.sk\/outdoor-saris-2025-konferencia-o-rozvoji-aktivneho-a-udrzatelneho-turizmu-v-srdci-sarisa\/#respond\"]}]},{\"@type\":\"WebPage\",\"@id\":\"https:\/\/www.regionsaris.sk\/outdoor-saris-2025-konferencia-o-rozvoji-aktivneho-a-udrzatelneho-turizmu-v-srdci-sarisa\/\",\"url\":\"https:\/\/www.regionsaris.sk\/outdoor-saris-2025-konferencia-o-rozvoji-aktivneho-a-udrzatelneho-turizmu-v-srdci-sarisa\/\",\"name\":\"Outdoor \u0160ari\u0161 2025: Konferencia o rozvoji akt\u00edvneho a udr\u017eate\u013en\u00e9ho turizmu v srdci \u0160ari\u0161a - OOCR \u0160ari\u0161\",\"isPartOf\":{\"@id\":\"https:\/\/www.regionsaris.sk\/#website\"},\"primaryImageOfPage\":{\"@id\":\"https:\/\/www.regionsaris.sk\/outdoor-saris-2025-konferencia-o-rozvoji-aktivneho-a-udrzatelneho-turizmu-v-srdci-sarisa\/#primaryimage\"},\"image\":{\"@id\":\"https:\/\/www.regionsaris.sk\/outdoor-saris-2025-konferencia-o-rozvoji-aktivneho-a-udrzatelneho-turizmu-v-srdci-sarisa\/#primaryimage\"},\"thumbnailUrl\":\"https:\/\/www.regionsaris.sk\/wp-content\/uploads\/2025\/12\/PXL_20251031_083902821-scaled-1.jpg\",\"datePublished\":\"2025-11-10T08:39:43+00:00\",\"dateModified\":\"2026-02-24T13:22:32+00:00\",\"author\":{\"@id\":\"https:\/\/www.regionsaris.sk\/#\/schema\/person\/30fad06d87cd12ad1d94ff5fbd6919d1\"},\"breadcrumb\":{\"@id\":\"https:\/\/www.regionsaris.sk\/outdoor-saris-2025-konferencia-o-rozvoji-aktivneho-a-udrzatelneho-turizmu-v-srdci-sarisa\/#breadcrumb\"},\"inLanguage\":\"it-IT\",\"potentialAction\":[{\"@type\":\"ReadAction\",\"target\":[\"https:\/\/www.regionsaris.sk\/outdoor-saris-2025-konferencia-o-rozvoji-aktivneho-a-udrzatelneho-turizmu-v-srdci-sarisa\/\"]}]},{\"@type\":\"ImageObject\",\"inLanguage\":\"it-IT\",\"@id\":\"https:\/\/www.regionsaris.sk\/outdoor-saris-2025-konferencia-o-rozvoji-aktivneho-a-udrzatelneho-turizmu-v-srdci-sarisa\/#primaryimage\",\"url\":\"https:\/\/www.regionsaris.sk\/wp-content\/uploads\/2025\/12\/PXL_20251031_083902821-scaled-1.jpg\",\"contentUrl\":\"https:\/\/www.regionsaris.sk\/wp-content\/uploads\/2025\/12\/PXL_20251031_083902821-scaled-1.jpg\",\"width\":2560,\"height\":1440},{\"@type\":\"BreadcrumbList\",\"@id\":\"https:\/\/www.regionsaris.sk\/outdoor-saris-2025-konferencia-o-rozvoji-aktivneho-a-udrzatelneho-turizmu-v-srdci-sarisa\/#breadcrumb\",\"itemListElement\":[{\"@type\":\"ListItem\",\"position\":1,\"name\":\"Domov\",\"item\":\"https:\/\/www.regionsaris.sk\/\"},{\"@type\":\"ListItem\",\"position\":2,\"name\":\"Outdoor \u0160ari\u0161 2025: Konferencia o rozvoji akt\u00edvneho a udr\u017eate\u013en\u00e9ho turizmu v srdci \u0160ari\u0161a\"}]},{\"@type\":\"WebSite\",\"@id\":\"https:\/\/www.regionsaris.sk\/#website\",\"url\":\"https:\/\/www.regionsaris.sk\/\",\"name\":\"OOCR \u0160ari\u0161\",\"description\":\"\",\"potentialAction\":[{\"@type\":\"SearchAction\",\"target\":{\"@type\":\"EntryPoint\",\"urlTemplate\":\"https:\/\/www.regionsaris.sk\/?s={search_term_string}\"},\"query-input\":{\"@type\":\"PropertyValueSpecification\",\"valueRequired\":true,\"valueName\":\"search_term_string\"}}],\"inLanguage\":\"it-IT\"},{\"@type\":\"Person\",\"@id\":\"https:\/\/www.regionsaris.sk\/#\/schema\/person\/30fad06d87cd12ad1d94ff5fbd6919d1\",\"name\":\"dev@bigway.sk\",\"image\":{\"@type\":\"ImageObject\",\"inLanguage\":\"it-IT\",\"@id\":\"https:\/\/www.regionsaris.sk\/#\/schema\/person\/image\/\",\"url\":\"https:\/\/secure.gravatar.com\/avatar\/013b34bc1192067340cff024d72adf40af543d15809da0502beda083cb4f28a2?s=96&d=mm&r=g\",\"contentUrl\":\"https:\/\/secure.gravatar.com\/avatar\/013b34bc1192067340cff024d72adf40af543d15809da0502beda083cb4f28a2?s=96&d=mm&r=g\",\"caption\":\"dev@bigway.sk\"},\"sameAs\":[\"https:\/\/www.regionsaris.sk\"],\"url\":\"https:\/\/www.regionsaris.sk\/it\/author\/devbigway-sk\/\"}]}<\/script>\n<!-- \/ Yoast SEO Premium plugin. -->","yoast_head_json":{"title":"Outdoor \u0160ari\u0161 2025: Konferencia o rozvoji akt\u00edvneho a udr\u017eate\u013en\u00e9ho turizmu v srdci \u0160ari\u0161a - OOCR \u0160ari\u0161","robots":{"index":"index","follow":"follow","max-snippet":"max-snippet:-1","max-image-preview":"max-image-preview:large","max-video-preview":"max-video-preview:-1"},"canonical":"https:\/\/www.regionsaris.sk\/it\/outdoor-saris-2025-konferencia-o-rozvoji-aktivneho-a-udrzatelneho-turizmu-v-srdci-sarisa\/","og_locale":"it_IT","og_type":"article","og_title":"Outdoor \u0160ari\u0161 2025: Konferencia o rozvoji akt\u00edvneho a udr\u017eate\u013en\u00e9ho turizmu v srdci \u0160ari\u0161a","og_description":"PRE\u0160OV, 31. okt\u00f3bra 2025 \u2013 Oblastn\u00e1 organiz\u00e1cia cestovn\u00e9ho ruchu Regi\u00f3n \u0160ari\u0161 zorganizovala v hoteli Dukla...","og_url":"https:\/\/www.regionsaris.sk\/it\/outdoor-saris-2025-konferencia-o-rozvoji-aktivneho-a-udrzatelneho-turizmu-v-srdci-sarisa\/","og_site_name":"OOCR \u0160ari\u0161","article_published_time":"2025-11-10T08:39:43+00:00","article_modified_time":"2026-02-24T13:22:32+00:00","og_image":[{"width":2560,"height":1440,"url":"https:\/\/www.regionsaris.sk\/wp-content\/uploads\/2025\/12\/PXL_20251031_083902821-scaled-1.jpg","type":"image\/jpeg"}],"author":"dev@bigway.sk","twitter_card":"summary_large_image","twitter_misc":{"Scritto da":"dev@bigway.sk","Tempo di lettura stimato":"6 minuti"},"schema":{"@context":"https:\/\/schema.org","@graph":[{"@type":"Article","@id":"https:\/\/www.regionsaris.sk\/outdoor-saris-2025-konferencia-o-rozvoji-aktivneho-a-udrzatelneho-turizmu-v-srdci-sarisa\/#article","isPartOf":{"@id":"https:\/\/www.regionsaris.sk\/outdoor-saris-2025-konferencia-o-rozvoji-aktivneho-a-udrzatelneho-turizmu-v-srdci-sarisa\/"},"author":{"name":"dev@bigway.sk","@id":"https:\/\/www.regionsaris.sk\/#\/schema\/person\/30fad06d87cd12ad1d94ff5fbd6919d1"},"headline":"Outdoor \u0160ari\u0161 2025: Konferencia o rozvoji akt\u00edvneho a udr\u017eate\u013en\u00e9ho turizmu v srdci \u0160ari\u0161a","datePublished":"2025-11-10T08:39:43+00:00","dateModified":"2026-02-24T13:22:32+00:00","mainEntityOfPage":{"@id":"https:\/\/www.regionsaris.sk\/outdoor-saris-2025-konferencia-o-rozvoji-aktivneho-a-udrzatelneho-turizmu-v-srdci-sarisa\/"},"wordCount":742,"commentCount":0,"image":{"@id":"https:\/\/www.regionsaris.sk\/outdoor-saris-2025-konferencia-o-rozvoji-aktivneho-a-udrzatelneho-turizmu-v-srdci-sarisa\/#primaryimage"},"thumbnailUrl":"https:\/\/www.regionsaris.sk\/wp-content\/uploads\/2025\/12\/PXL_20251031_083902821-scaled-1.jpg","articleSection":["Novinky"],"inLanguage":"it-IT","potentialAction":[{"@type":"CommentAction","name":"Comment","target":["https:\/\/www.regionsaris.sk\/outdoor-saris-2025-konferencia-o-rozvoji-aktivneho-a-udrzatelneho-turizmu-v-srdci-sarisa\/#respond"]}]},{"@type":"WebPage","@id":"https:\/\/www.regionsaris.sk\/outdoor-saris-2025-konferencia-o-rozvoji-aktivneho-a-udrzatelneho-turizmu-v-srdci-sarisa\/","url":"https:\/\/www.regionsaris.sk\/outdoor-saris-2025-konferencia-o-rozvoji-aktivneho-a-udrzatelneho-turizmu-v-srdci-sarisa\/","name":"Outdoor \u0160ari\u0161 2025: Konferencia o rozvoji akt\u00edvneho a udr\u017eate\u013en\u00e9ho turizmu v srdci \u0160ari\u0161a - OOCR \u0160ari\u0161","isPartOf":{"@id":"https:\/\/www.regionsaris.sk\/#website"},"primaryImageOfPage":{"@id":"https:\/\/www.regionsaris.sk\/outdoor-saris-2025-konferencia-o-rozvoji-aktivneho-a-udrzatelneho-turizmu-v-srdci-sarisa\/#primaryimage"},"image":{"@id":"https:\/\/www.regionsaris.sk\/outdoor-saris-2025-konferencia-o-rozvoji-aktivneho-a-udrzatelneho-turizmu-v-srdci-sarisa\/#primaryimage"},"thumbnailUrl":"https:\/\/www.regionsaris.sk\/wp-content\/uploads\/2025\/12\/PXL_20251031_083902821-scaled-1.jpg","datePublished":"2025-11-10T08:39:43+00:00","dateModified":"2026-02-24T13:22:32+00:00","author":{"@id":"https:\/\/www.regionsaris.sk\/#\/schema\/person\/30fad06d87cd12ad1d94ff5fbd6919d1"},"breadcrumb":{"@id":"https:\/\/www.regionsaris.sk\/outdoor-saris-2025-konferencia-o-rozvoji-aktivneho-a-udrzatelneho-turizmu-v-srdci-sarisa\/#breadcrumb"},"inLanguage":"it-IT","potentialAction":[{"@type":"ReadAction","target":["https:\/\/www.regionsaris.sk\/outdoor-saris-2025-konferencia-o-rozvoji-aktivneho-a-udrzatelneho-turizmu-v-srdci-sarisa\/"]}]},{"@type":"ImageObject","inLanguage":"it-IT","@id":"https:\/\/www.regionsaris.sk\/outdoor-saris-2025-konferencia-o-rozvoji-aktivneho-a-udrzatelneho-turizmu-v-srdci-sarisa\/#primaryimage","url":"https:\/\/www.regionsaris.sk\/wp-content\/uploads\/2025\/12\/PXL_20251031_083902821-scaled-1.jpg","contentUrl":"https:\/\/www.regionsaris.sk\/wp-content\/uploads\/2025\/12\/PXL_20251031_083902821-scaled-1.jpg","width":2560,"height":1440},{"@type":"BreadcrumbList","@id":"https:\/\/www.regionsaris.sk\/outdoor-saris-2025-konferencia-o-rozvoji-aktivneho-a-udrzatelneho-turizmu-v-srdci-sarisa\/#breadcrumb","itemListElement":[{"@type":"ListItem","position":1,"name":"Domov","item":"https:\/\/www.regionsaris.sk\/"},{"@type":"ListItem","position":2,"name":"Outdoor \u0160ari\u0161 2025: Konferencia o rozvoji akt\u00edvneho a udr\u017eate\u013en\u00e9ho turizmu v srdci \u0160ari\u0161a"}]},{"@type":"WebSite","@id":"https:\/\/www.regionsaris.sk\/#website","url":"https:\/\/www.regionsaris.sk\/","name":"OOCR \u0160ari\u0161","description":"","potentialAction":[{"@type":"SearchAction","target":{"@type":"EntryPoint","urlTemplate":"https:\/\/www.regionsaris.sk\/?s={search_term_string}"},"query-input":{"@type":"PropertyValueSpecification","valueRequired":true,"valueName":"search_term_string"}}],"inLanguage":"it-IT"},{"@type":"Person","@id":"https:\/\/www.regionsaris.sk\/#\/schema\/person\/30fad06d87cd12ad1d94ff5fbd6919d1","name":"dev@bigway.sk","image":{"@type":"ImageObject","inLanguage":"it-IT","@id":"https:\/\/www.regionsaris.sk\/#\/schema\/person\/image\/","url":"https:\/\/secure.gravatar.com\/avatar\/013b34bc1192067340cff024d72adf40af543d15809da0502beda083cb4f28a2?s=96&d=mm&r=g","contentUrl":"https:\/\/secure.gravatar.com\/avatar\/013b34bc1192067340cff024d72adf40af543d15809da0502beda083cb4f28a2?s=96&d=mm&r=g","caption":"dev@bigway.sk"},"sameAs":["https:\/\/www.regionsaris.sk"],"url":"https:\/\/www.regionsaris.sk\/it\/author\/devbigway-sk\/"}]}},"_links":{"self":[{"href":"https:\/\/www.regionsaris.sk\/it\/wp-json\/wp\/v2\/posts\/717","targetHints":{"allow":["GET"]}}],"collection":[{"href":"https:\/\/www.regionsaris.sk\/it\/wp-json\/wp\/v2\/posts"}],"about":[{"href":"https:\/\/www.regionsaris.sk\/it\/wp-json\/wp\/v2\/types\/post"}],"author":[{"embeddable":true,"href":"https:\/\/www.regionsaris.sk\/it\/wp-json\/wp\/v2\/users\/1"}],"replies":[{"embeddable":true,"href":"https:\/\/www.regionsaris.sk\/it\/wp-json\/wp\/v2\/comments?post=717"}],"version-history":[{"count":2,"href":"https:\/\/www.regionsaris.sk\/it\/wp-json\/wp\/v2\/posts\/717\/revisions"}],"predecessor-version":[{"id":3857,"href":"https:\/\/www.regionsaris.sk\/it\/wp-json\/wp\/v2\/posts\/717\/revisions\/3857"}],"wp:featuredmedia":[{"embeddable":true,"href":"https:\/\/www.regionsaris.sk\/it\/wp-json\/wp\/v2\/media\/727"}],"wp:attachment":[{"href":"https:\/\/www.regionsaris.sk\/it\/wp-json\/wp\/v2\/media?parent=717"}],"wp:term":[{"taxonomy":"category","embeddable":true,"href":"https:\/\/www.regionsaris.sk\/it\/wp-json\/wp\/v2\/categories?post=717"},{"taxonomy":"post_tag","embeddable":true,"href":"https:\/\/www.regionsaris.sk\/it\/wp-json\/wp\/v2\/tags?post=717"}],"curies":[{"name":"wp","href":"https:\/\/api.w.org\/{rel}","templated":true}]}}