{"id":705,"date":"2025-10-27T10:18:05","date_gmt":"2025-10-27T09:18:05","guid":{"rendered":"https:\/\/www.regionsaris.sk\/region-saris-zorganizoval-konferenciu-o-rozvoji-sarisskej-hradnej-cesty\/"},"modified":"2026-02-24T14:23:05","modified_gmt":"2026-02-24T13:23:05","slug":"region-saris-zorganizoval-konferenciu-o-rozvoji-sarisskej-hradnej-cesty","status":"publish","type":"post","link":"https:\/\/www.regionsaris.sk\/it\/region-saris-zorganizoval-konferenciu-o-rozvoji-sarisskej-hradnej-cesty\/","title":{"rendered":"La Regione di \u0160ari\u0161 ha organizzato una conferenza sullo sviluppo dell'itinerario del castello di \u0160ari\u0161."},"content":{"rendered":"<h5>L'OOCR Regi\u00f3n \u0160ari\u0161 ha invitato i comuni, gli esperti di turismo, gli amministratori dei castelli e i proprietari di edifici storici a un incontro professionale e di networking \u201eLa via dei castelli di \u0160ari\u0161 - dal restauro al prodotto turistico\u201c. L'evento si \u00e8 svolto il 24.10.2025 presso l'Hotel Lineas di Pre\u0161ov ed \u00e8 stato realizzato con il sostegno finanziario del Ministero del Turismo e dello Sport della Repubblica Slovacca. L'obiettivo della mini-conferenza era quello di presentare la visione e lo sviluppo del prodotto turistico \u0160ari\u0161sk\u00e1 hradn\u00e1 cesta, che collega castelli, manieri e monumenti storici della regione in un prodotto esperienziale unificato.<\/h5>\nIl focus della mini-conferenza ha portato una visione dei castelli e dei manieri come elementi vivi del turismo culturale - spazi per esperienze, eventi e forme di turismo sostenibile. La conferenza ha anche creato uno spazio per la condivisione di esperienze, la presentazione di modelli di cooperazione di successo e la discussione sull'uso dei siti storici restaurati per il turismo, il marketing congiunto e la creazione di prodotti esperienziali regionali.\n\n\u00a0\n\n\u00a0\n\n<a href=\"https:\/\/www.regionsaris.sk\/wp-content\/uploads\/2025\/11\/PXL_20251024_073928054-scaled.jpg\"><img loading=\"lazy\" decoding=\"async\" class=\"wp-image-34219 alignnone\" src=\"https:\/\/www.regionsaris.sk\/wp-content\/uploads\/2025\/12\/PXL_20251024_073928054-scaled.jpg\" alt=\"\" width=\"893\" height=\"503\" \/><\/a>\n\nIl programma \u00e8 stato aperto da un discorso introduttivo del Direttore esecutivo dell'OOCR Regione \u0160ari\u0161 ing. Peter Halaj.\n\nBc. Runa Tk\u00e1\u010dikov\u00e1, coordinatrice di destinazione dell'OOCR Regione di \u0160ari\u0161, ha presentato le attivit\u00e0 del progetto della Strada dei castelli di \u0160ari\u0161 e ha offerto le possibilit\u00e0 di cooperazione nel prodotto della Strada dei castelli di \u0160ari\u0161. Il progetto \u0160HC vuole mettere in risalto la bellezza dei monumenti storici come castelli, manieri, rocche, castelli e fortificazioni cittadine, di cui nella regione di \u0160ari\u0161 ce ne sono oltre 80. Questo prodotto turistico utilizza strumenti come il web, i social network, la stampa, le applicazioni mobili, le mappe e Outdooractive. L'obiettivo di questo prodotto \u00e8 dare un'identit\u00e0 alla regione, collegare i castelli in un'unica storia, creare esperienze, sviluppare un turismo di prodotto ed esperienziale, aumentare il numero di visitatori nella regione, attrarre nuove risorse e sviluppare la cooperazione e il networking. La chiave per lo sviluppo del turismo a \u0160ari\u0161 \u00e8 la cooperazione tra i comuni, il KOCR, l'OOCR, gli imprenditori, i volontari dell'OZ e altri attori della CR. \u00c8 inoltre importante il collegamento con le attivit\u00e0 regionali. I risultati del marketing sono la crescita della diffusione, del web, dell'app, degli opuscoli e dei social network.\n\n\u00a0\n\n<a href=\"https:\/\/www.regionsaris.sk\/wp-content\/uploads\/2025\/11\/PXL_20251024_074052035-scaled.jpg\"><img loading=\"lazy\" decoding=\"async\" class=\"wp-image-34211 alignnone\" src=\"https:\/\/www.regionsaris.sk\/wp-content\/uploads\/2025\/12\/PXL_20251024_074052035-scaled.jpg\" alt=\"\" width=\"895\" height=\"504\" \/><\/a>\n\n\u00a0\n\nLe principali attivit\u00e0 dell'OOCR Regione di \u0160ari\u0161 sono il marketing (identit\u00e0, social network, banca fotografica e articoli di PR), i prodotti (l'evento Notte delle rovine del castello e le cartoline 3D), le infrastrutture (segnaletica, arredi, telescopi e sentieri) e l'educazione attraverso conferenze, workshop e tour informativi.\n\n<a href=\"https:\/\/www.regionsaris.sk\/wp-content\/uploads\/2025\/11\/PXL_20251024_075640976-scaled.jpg\"><img loading=\"lazy\" decoding=\"async\" class=\"wp-image-34223 alignnone\" src=\"https:\/\/www.regionsaris.sk\/wp-content\/uploads\/2025\/12\/PXL_20251024_075640976-scaled.jpg\" alt=\"\" width=\"886\" height=\"499\" \/><\/a>\n\n\u00a0\n\nL'ing. Zuzana J\u00f3bov\u00e1, PhD, specialista di marketing delle destinazioni e direttore esecutivo della Regione KOCR Bansk\u00e1 Bystrica, ha dimostrato, sull'esempio della Pohronska hradna cesta, che la cooperazione porta risultati. Ha spiegato il funzionamento della Regione autonoma di Bansk\u00e1 Bystrica, attraverso l'Agenzia di sviluppo BBSK Good Region, e del KOCR Bansk\u00e1 Bystrica Region Tourism. Ha illustrato il regime di aiuti dell'Agenzia di sviluppo BBSK, che \u00e8 stato utilizzato per la realizzazione di progetti, ad esempio, presso il Castello del Deserto, il maniero di \u017diar nad Hronom o a Revi\u0161ti. L'itinerario del castello di Pohron offre attualmente 16 localit\u00e0 con percorsi ciclabili segnalati. Il reparto marketing ha creato una comunicazione visiva accattivante e audace, che ha incluso un \u201elifting\u201c del logo PHC, una comunicazione visiva unificata, un'apertura congiunta della stagione con l'evento Light Signal Connects Castles, attivit\u00e0 di PR, social media, campagne, progetti, prodotti ed eventi. Sono stati creati un passaporto per i castelli, la realt\u00e0 aumentata al Castello di Revi\u0161te, il matrimonio reale al Castello Deserto e le visite guidate \u201eVivi i castelli in un altro modo!.\n\n<a href=\"https:\/\/www.regionsaris.sk\/wp-content\/uploads\/2025\/11\/PXL_20251024_090020684.MP_-scaled.jpg\"><img loading=\"lazy\" decoding=\"async\" class=\"wp-image-34231 alignnone\" src=\"https:\/\/www.regionsaris.sk\/wp-content\/uploads\/2025\/12\/PXL_20251024_090020684.MP_-scaled.jpg\" alt=\"\" width=\"898\" height=\"506\" \/><\/a>\n\n\u00a0\n\nLa relazione sullo stato dei castelli della regione di \u0160ari\u0161 e la visione del funzionamento dei castelli della Strada dei castelli di \u0160ari\u0161 \u00e8 stata presentata dall'ing. Martin S\u00e1rossy, dottore di ricerca, che ha avviato il restauro dei castelli della regione di \u0160ari\u0161 e il loro utilizzo a fini turistici. Ha presentato le presenze come indicatore del turismo e ha illustrato il finanziamento del restauro dei castelli.\n\n<a href=\"https:\/\/www.regionsaris.sk\/wp-content\/uploads\/2025\/11\/PXL_20251024_093051575.MP_-scaled.jpg\"><img loading=\"lazy\" decoding=\"async\" class=\"wp-image-34235 alignnone\" src=\"https:\/\/www.regionsaris.sk\/wp-content\/uploads\/2025\/12\/PXL_20251024_093051575.MP_-scaled.jpg\" alt=\"\" width=\"905\" height=\"510\" \/><\/a>\n\n\u00a0\n\nMons. Ladislav Babu\u0161\u010d\u00e1k dell'associazione Zachr\u00e1\u0148me hrady (Salviamo i castelli) ha sottolineato la cooperazione delle organizzazioni non governative nel salvataggio dei monumenti culturali nazionali e ha raccomandato l'uso dei castelli per le esigenze della CR. L'obiettivo dell'associazione \u00e8 il restauro dei monumenti culturali nazionali. \u201eSi tratta soprattutto di persone\u201c, ha detto Babu\u0161\u010d\u00e1k. Considera la promozione e la creazione di condizioni per il salvataggio dei castelli la cosa pi\u00f9 importante. Met\u00e0 dei castelli sono riparati da associazioni civiche e l'altra met\u00e0 da citt\u00e0 e comuni. Dal momento che nel 2023 la quota del turismo nel PIL della Slovacchia era di\u00a0<strong>2,43 %, Babu\u0161\u010d\u00e1k vede spazio per il potenziale non sfruttato dei castelli.<\/strong>\n\n<a href=\"https:\/\/www.regionsaris.sk\/wp-content\/uploads\/2025\/11\/PXL_20251024_100316358-scaled.jpg\"><img loading=\"lazy\" decoding=\"async\" class=\"wp-image-34239 alignnone\" src=\"https:\/\/www.regionsaris.sk\/wp-content\/uploads\/2025\/12\/PXL_20251024_100316358-scaled.jpg\" alt=\"\" width=\"896\" height=\"505\" \/><\/a>\n\n\u00a0\n\nLa conclusione della conferenza \u00e8 stata affidata a\u00a0<strong>tavola rotonda \u201eCome sostenere il marchio <\/strong><strong>Percorso del castello di \u0160ari\u0161<\/strong><strong>\u201c<\/strong>, in cui i partecipanti hanno cercato passi concreti per mettere in pratica le lezioni apprese e le raccomandazioni. \u00c8 seguito un pranzo comune, durante il quale \u00e8 proseguito lo scambio informale di esperienze e la discussione su ulteriori possibilit\u00e0 di creazione di prodotti comuni per lo sviluppo della CR e il sostegno a castelli e manieri.\n\n<a href=\"https:\/\/www.regionsaris.sk\/wp-content\/uploads\/2025\/11\/PXL_20251024_102126183.MP_-scaled.jpg\"><img loading=\"lazy\" decoding=\"async\" class=\"wp-image-34243 alignnone\" src=\"https:\/\/www.regionsaris.sk\/wp-content\/uploads\/2025\/12\/PXL_20251024_102126183.MP_-scaled.jpg\" alt=\"\" width=\"904\" height=\"509\" \/><\/a>\n\n\u00a0\n\n\u00a0\n\n\u00a0","protected":false},"excerpt":{"rendered":"<p>L'OOCR Regi\u00f3n \u0160ari\u0161 ha invitato i comuni, gli esperti di turismo, gli amministratori dei castelli e i proprietari di oggetti storici...<\/p>","protected":false},"author":1,"featured_media":716,"comment_status":"open","ping_status":"open","sticky":false,"template":"","format":"standard","meta":{"_acf_changed":false,"footnotes":""},"categories":[1],"tags":[],"class_list":["post-705","post","type-post","status-publish","format-standard","has-post-thumbnail","hentry","category-novinky"],"acf":[],"yoast_head":"<!-- This site is optimized with the Yoast SEO Premium plugin v26.3 (Yoast SEO v26.8) - https:\/\/yoast.com\/product\/yoast-seo-premium-wordpress\/ -->\n<title>Regi\u00f3n \u0160ari\u0161 zorganizoval konferenciu o rozvoji \u0160ari\u0161skej hradnej cesty - OOCR \u0160ari\u0161<\/title>\n<meta name=\"robots\" content=\"index, follow, max-snippet:-1, max-image-preview:large, max-video-preview:-1\" \/>\n<link rel=\"canonical\" href=\"https:\/\/www.regionsaris.sk\/it\/region-saris-zorganizoval-konferenciu-o-rozvoji-sarisskej-hradnej-cesty\/\" \/>\n<meta property=\"og:locale\" content=\"it_IT\" \/>\n<meta property=\"og:type\" content=\"article\" \/>\n<meta property=\"og:title\" content=\"Regi\u00f3n \u0160ari\u0161 zorganizoval konferenciu o rozvoji \u0160ari\u0161skej hradnej cesty\" \/>\n<meta property=\"og:description\" content=\"OOCR Regi\u00f3n \u0160ari\u0161 pozvala samospr\u00e1vy, odborn\u00edkov na cestovn\u00fd ruch, spr\u00e1vcov hradov a majite\u013eov historick\u00fdch objektov...\" \/>\n<meta property=\"og:url\" content=\"https:\/\/www.regionsaris.sk\/it\/region-saris-zorganizoval-konferenciu-o-rozvoji-sarisskej-hradnej-cesty\/\" \/>\n<meta property=\"og:site_name\" content=\"OOCR \u0160ari\u0161\" \/>\n<meta property=\"article:published_time\" content=\"2025-10-27T09:18:05+00:00\" \/>\n<meta property=\"article:modified_time\" content=\"2026-02-24T13:23:05+00:00\" \/>\n<meta property=\"og:image\" content=\"https:\/\/www.regionsaris.sk\/wp-content\/uploads\/2025\/12\/PXL_20251024_090020684.MP_-scaled-1.jpg\" \/>\n\t<meta property=\"og:image:width\" content=\"2560\" \/>\n\t<meta property=\"og:image:height\" content=\"1440\" \/>\n\t<meta property=\"og:image:type\" content=\"image\/jpeg\" \/>\n<meta name=\"author\" content=\"dev@bigway.sk\" \/>\n<meta name=\"twitter:card\" content=\"summary_large_image\" \/>\n<meta name=\"twitter:label1\" content=\"Scritto da\" \/>\n\t<meta name=\"twitter:data1\" content=\"dev@bigway.sk\" \/>\n\t<meta name=\"twitter:label2\" content=\"Tempo di lettura stimato\" \/>\n\t<meta name=\"twitter:data2\" content=\"5 minuti\" \/>\n<script type=\"application\/ld+json\" class=\"yoast-schema-graph\">{\"@context\":\"https:\/\/schema.org\",\"@graph\":[{\"@type\":\"Article\",\"@id\":\"https:\/\/www.regionsaris.sk\/region-saris-zorganizoval-konferenciu-o-rozvoji-sarisskej-hradnej-cesty\/#article\",\"isPartOf\":{\"@id\":\"https:\/\/www.regionsaris.sk\/region-saris-zorganizoval-konferenciu-o-rozvoji-sarisskej-hradnej-cesty\/\"},\"author\":{\"name\":\"dev@bigway.sk\",\"@id\":\"https:\/\/www.regionsaris.sk\/#\/schema\/person\/30fad06d87cd12ad1d94ff5fbd6919d1\"},\"headline\":\"Regi\u00f3n \u0160ari\u0161 zorganizoval konferenciu o rozvoji \u0160ari\u0161skej hradnej cesty\",\"datePublished\":\"2025-10-27T09:18:05+00:00\",\"dateModified\":\"2026-02-24T13:23:05+00:00\",\"mainEntityOfPage\":{\"@id\":\"https:\/\/www.regionsaris.sk\/region-saris-zorganizoval-konferenciu-o-rozvoji-sarisskej-hradnej-cesty\/\"},\"wordCount\":838,\"commentCount\":0,\"image\":{\"@id\":\"https:\/\/www.regionsaris.sk\/region-saris-zorganizoval-konferenciu-o-rozvoji-sarisskej-hradnej-cesty\/#primaryimage\"},\"thumbnailUrl\":\"https:\/\/www.regionsaris.sk\/wp-content\/uploads\/2025\/12\/PXL_20251024_090020684.MP_-scaled-1.jpg\",\"articleSection\":[\"Novinky\"],\"inLanguage\":\"it-IT\",\"potentialAction\":[{\"@type\":\"CommentAction\",\"name\":\"Comment\",\"target\":[\"https:\/\/www.regionsaris.sk\/region-saris-zorganizoval-konferenciu-o-rozvoji-sarisskej-hradnej-cesty\/#respond\"]}]},{\"@type\":\"WebPage\",\"@id\":\"https:\/\/www.regionsaris.sk\/region-saris-zorganizoval-konferenciu-o-rozvoji-sarisskej-hradnej-cesty\/\",\"url\":\"https:\/\/www.regionsaris.sk\/region-saris-zorganizoval-konferenciu-o-rozvoji-sarisskej-hradnej-cesty\/\",\"name\":\"Regi\u00f3n \u0160ari\u0161 zorganizoval konferenciu o rozvoji \u0160ari\u0161skej hradnej cesty - OOCR \u0160ari\u0161\",\"isPartOf\":{\"@id\":\"https:\/\/www.regionsaris.sk\/#website\"},\"primaryImageOfPage\":{\"@id\":\"https:\/\/www.regionsaris.sk\/region-saris-zorganizoval-konferenciu-o-rozvoji-sarisskej-hradnej-cesty\/#primaryimage\"},\"image\":{\"@id\":\"https:\/\/www.regionsaris.sk\/region-saris-zorganizoval-konferenciu-o-rozvoji-sarisskej-hradnej-cesty\/#primaryimage\"},\"thumbnailUrl\":\"https:\/\/www.regionsaris.sk\/wp-content\/uploads\/2025\/12\/PXL_20251024_090020684.MP_-scaled-1.jpg\",\"datePublished\":\"2025-10-27T09:18:05+00:00\",\"dateModified\":\"2026-02-24T13:23:05+00:00\",\"author\":{\"@id\":\"https:\/\/www.regionsaris.sk\/#\/schema\/person\/30fad06d87cd12ad1d94ff5fbd6919d1\"},\"breadcrumb\":{\"@id\":\"https:\/\/www.regionsaris.sk\/region-saris-zorganizoval-konferenciu-o-rozvoji-sarisskej-hradnej-cesty\/#breadcrumb\"},\"inLanguage\":\"it-IT\",\"potentialAction\":[{\"@type\":\"ReadAction\",\"target\":[\"https:\/\/www.regionsaris.sk\/region-saris-zorganizoval-konferenciu-o-rozvoji-sarisskej-hradnej-cesty\/\"]}]},{\"@type\":\"ImageObject\",\"inLanguage\":\"it-IT\",\"@id\":\"https:\/\/www.regionsaris.sk\/region-saris-zorganizoval-konferenciu-o-rozvoji-sarisskej-hradnej-cesty\/#primaryimage\",\"url\":\"https:\/\/www.regionsaris.sk\/wp-content\/uploads\/2025\/12\/PXL_20251024_090020684.MP_-scaled-1.jpg\",\"contentUrl\":\"https:\/\/www.regionsaris.sk\/wp-content\/uploads\/2025\/12\/PXL_20251024_090020684.MP_-scaled-1.jpg\",\"width\":2560,\"height\":1440},{\"@type\":\"BreadcrumbList\",\"@id\":\"https:\/\/www.regionsaris.sk\/region-saris-zorganizoval-konferenciu-o-rozvoji-sarisskej-hradnej-cesty\/#breadcrumb\",\"itemListElement\":[{\"@type\":\"ListItem\",\"position\":1,\"name\":\"Domov\",\"item\":\"https:\/\/www.regionsaris.sk\/\"},{\"@type\":\"ListItem\",\"position\":2,\"name\":\"Regi\u00f3n \u0160ari\u0161 zorganizoval konferenciu o rozvoji \u0160ari\u0161skej hradnej cesty\"}]},{\"@type\":\"WebSite\",\"@id\":\"https:\/\/www.regionsaris.sk\/#website\",\"url\":\"https:\/\/www.regionsaris.sk\/\",\"name\":\"OOCR \u0160ari\u0161\",\"description\":\"\",\"potentialAction\":[{\"@type\":\"SearchAction\",\"target\":{\"@type\":\"EntryPoint\",\"urlTemplate\":\"https:\/\/www.regionsaris.sk\/?s={search_term_string}\"},\"query-input\":{\"@type\":\"PropertyValueSpecification\",\"valueRequired\":true,\"valueName\":\"search_term_string\"}}],\"inLanguage\":\"it-IT\"},{\"@type\":\"Person\",\"@id\":\"https:\/\/www.regionsaris.sk\/#\/schema\/person\/30fad06d87cd12ad1d94ff5fbd6919d1\",\"name\":\"dev@bigway.sk\",\"image\":{\"@type\":\"ImageObject\",\"inLanguage\":\"it-IT\",\"@id\":\"https:\/\/www.regionsaris.sk\/#\/schema\/person\/image\/\",\"url\":\"https:\/\/secure.gravatar.com\/avatar\/013b34bc1192067340cff024d72adf40af543d15809da0502beda083cb4f28a2?s=96&d=mm&r=g\",\"contentUrl\":\"https:\/\/secure.gravatar.com\/avatar\/013b34bc1192067340cff024d72adf40af543d15809da0502beda083cb4f28a2?s=96&d=mm&r=g\",\"caption\":\"dev@bigway.sk\"},\"sameAs\":[\"https:\/\/www.regionsaris.sk\"],\"url\":\"https:\/\/www.regionsaris.sk\/it\/author\/devbigway-sk\/\"}]}<\/script>\n<!-- \/ Yoast SEO Premium plugin. -->","yoast_head_json":{"title":"Regi\u00f3n \u0160ari\u0161 zorganizoval konferenciu o rozvoji \u0160ari\u0161skej hradnej cesty - OOCR \u0160ari\u0161","robots":{"index":"index","follow":"follow","max-snippet":"max-snippet:-1","max-image-preview":"max-image-preview:large","max-video-preview":"max-video-preview:-1"},"canonical":"https:\/\/www.regionsaris.sk\/it\/region-saris-zorganizoval-konferenciu-o-rozvoji-sarisskej-hradnej-cesty\/","og_locale":"it_IT","og_type":"article","og_title":"Regi\u00f3n \u0160ari\u0161 zorganizoval konferenciu o rozvoji \u0160ari\u0161skej hradnej cesty","og_description":"OOCR Regi\u00f3n \u0160ari\u0161 pozvala samospr\u00e1vy, odborn\u00edkov na cestovn\u00fd ruch, spr\u00e1vcov hradov a majite\u013eov historick\u00fdch objektov...","og_url":"https:\/\/www.regionsaris.sk\/it\/region-saris-zorganizoval-konferenciu-o-rozvoji-sarisskej-hradnej-cesty\/","og_site_name":"OOCR \u0160ari\u0161","article_published_time":"2025-10-27T09:18:05+00:00","article_modified_time":"2026-02-24T13:23:05+00:00","og_image":[{"width":2560,"height":1440,"url":"https:\/\/www.regionsaris.sk\/wp-content\/uploads\/2025\/12\/PXL_20251024_090020684.MP_-scaled-1.jpg","type":"image\/jpeg"}],"author":"dev@bigway.sk","twitter_card":"summary_large_image","twitter_misc":{"Scritto da":"dev@bigway.sk","Tempo di lettura stimato":"5 minuti"},"schema":{"@context":"https:\/\/schema.org","@graph":[{"@type":"Article","@id":"https:\/\/www.regionsaris.sk\/region-saris-zorganizoval-konferenciu-o-rozvoji-sarisskej-hradnej-cesty\/#article","isPartOf":{"@id":"https:\/\/www.regionsaris.sk\/region-saris-zorganizoval-konferenciu-o-rozvoji-sarisskej-hradnej-cesty\/"},"author":{"name":"dev@bigway.sk","@id":"https:\/\/www.regionsaris.sk\/#\/schema\/person\/30fad06d87cd12ad1d94ff5fbd6919d1"},"headline":"Regi\u00f3n \u0160ari\u0161 zorganizoval konferenciu o rozvoji \u0160ari\u0161skej hradnej cesty","datePublished":"2025-10-27T09:18:05+00:00","dateModified":"2026-02-24T13:23:05+00:00","mainEntityOfPage":{"@id":"https:\/\/www.regionsaris.sk\/region-saris-zorganizoval-konferenciu-o-rozvoji-sarisskej-hradnej-cesty\/"},"wordCount":838,"commentCount":0,"image":{"@id":"https:\/\/www.regionsaris.sk\/region-saris-zorganizoval-konferenciu-o-rozvoji-sarisskej-hradnej-cesty\/#primaryimage"},"thumbnailUrl":"https:\/\/www.regionsaris.sk\/wp-content\/uploads\/2025\/12\/PXL_20251024_090020684.MP_-scaled-1.jpg","articleSection":["Novinky"],"inLanguage":"it-IT","potentialAction":[{"@type":"CommentAction","name":"Comment","target":["https:\/\/www.regionsaris.sk\/region-saris-zorganizoval-konferenciu-o-rozvoji-sarisskej-hradnej-cesty\/#respond"]}]},{"@type":"WebPage","@id":"https:\/\/www.regionsaris.sk\/region-saris-zorganizoval-konferenciu-o-rozvoji-sarisskej-hradnej-cesty\/","url":"https:\/\/www.regionsaris.sk\/region-saris-zorganizoval-konferenciu-o-rozvoji-sarisskej-hradnej-cesty\/","name":"Regi\u00f3n \u0160ari\u0161 zorganizoval konferenciu o rozvoji \u0160ari\u0161skej hradnej cesty - OOCR \u0160ari\u0161","isPartOf":{"@id":"https:\/\/www.regionsaris.sk\/#website"},"primaryImageOfPage":{"@id":"https:\/\/www.regionsaris.sk\/region-saris-zorganizoval-konferenciu-o-rozvoji-sarisskej-hradnej-cesty\/#primaryimage"},"image":{"@id":"https:\/\/www.regionsaris.sk\/region-saris-zorganizoval-konferenciu-o-rozvoji-sarisskej-hradnej-cesty\/#primaryimage"},"thumbnailUrl":"https:\/\/www.regionsaris.sk\/wp-content\/uploads\/2025\/12\/PXL_20251024_090020684.MP_-scaled-1.jpg","datePublished":"2025-10-27T09:18:05+00:00","dateModified":"2026-02-24T13:23:05+00:00","author":{"@id":"https:\/\/www.regionsaris.sk\/#\/schema\/person\/30fad06d87cd12ad1d94ff5fbd6919d1"},"breadcrumb":{"@id":"https:\/\/www.regionsaris.sk\/region-saris-zorganizoval-konferenciu-o-rozvoji-sarisskej-hradnej-cesty\/#breadcrumb"},"inLanguage":"it-IT","potentialAction":[{"@type":"ReadAction","target":["https:\/\/www.regionsaris.sk\/region-saris-zorganizoval-konferenciu-o-rozvoji-sarisskej-hradnej-cesty\/"]}]},{"@type":"ImageObject","inLanguage":"it-IT","@id":"https:\/\/www.regionsaris.sk\/region-saris-zorganizoval-konferenciu-o-rozvoji-sarisskej-hradnej-cesty\/#primaryimage","url":"https:\/\/www.regionsaris.sk\/wp-content\/uploads\/2025\/12\/PXL_20251024_090020684.MP_-scaled-1.jpg","contentUrl":"https:\/\/www.regionsaris.sk\/wp-content\/uploads\/2025\/12\/PXL_20251024_090020684.MP_-scaled-1.jpg","width":2560,"height":1440},{"@type":"BreadcrumbList","@id":"https:\/\/www.regionsaris.sk\/region-saris-zorganizoval-konferenciu-o-rozvoji-sarisskej-hradnej-cesty\/#breadcrumb","itemListElement":[{"@type":"ListItem","position":1,"name":"Domov","item":"https:\/\/www.regionsaris.sk\/"},{"@type":"ListItem","position":2,"name":"Regi\u00f3n \u0160ari\u0161 zorganizoval konferenciu o rozvoji \u0160ari\u0161skej hradnej cesty"}]},{"@type":"WebSite","@id":"https:\/\/www.regionsaris.sk\/#website","url":"https:\/\/www.regionsaris.sk\/","name":"OOCR \u0160ari\u0161","description":"","potentialAction":[{"@type":"SearchAction","target":{"@type":"EntryPoint","urlTemplate":"https:\/\/www.regionsaris.sk\/?s={search_term_string}"},"query-input":{"@type":"PropertyValueSpecification","valueRequired":true,"valueName":"search_term_string"}}],"inLanguage":"it-IT"},{"@type":"Person","@id":"https:\/\/www.regionsaris.sk\/#\/schema\/person\/30fad06d87cd12ad1d94ff5fbd6919d1","name":"dev@bigway.sk","image":{"@type":"ImageObject","inLanguage":"it-IT","@id":"https:\/\/www.regionsaris.sk\/#\/schema\/person\/image\/","url":"https:\/\/secure.gravatar.com\/avatar\/013b34bc1192067340cff024d72adf40af543d15809da0502beda083cb4f28a2?s=96&d=mm&r=g","contentUrl":"https:\/\/secure.gravatar.com\/avatar\/013b34bc1192067340cff024d72adf40af543d15809da0502beda083cb4f28a2?s=96&d=mm&r=g","caption":"dev@bigway.sk"},"sameAs":["https:\/\/www.regionsaris.sk"],"url":"https:\/\/www.regionsaris.sk\/it\/author\/devbigway-sk\/"}]}},"_links":{"self":[{"href":"https:\/\/www.regionsaris.sk\/it\/wp-json\/wp\/v2\/posts\/705","targetHints":{"allow":["GET"]}}],"collection":[{"href":"https:\/\/www.regionsaris.sk\/it\/wp-json\/wp\/v2\/posts"}],"about":[{"href":"https:\/\/www.regionsaris.sk\/it\/wp-json\/wp\/v2\/types\/post"}],"author":[{"embeddable":true,"href":"https:\/\/www.regionsaris.sk\/it\/wp-json\/wp\/v2\/users\/1"}],"replies":[{"embeddable":true,"href":"https:\/\/www.regionsaris.sk\/it\/wp-json\/wp\/v2\/comments?post=705"}],"version-history":[{"count":2,"href":"https:\/\/www.regionsaris.sk\/it\/wp-json\/wp\/v2\/posts\/705\/revisions"}],"predecessor-version":[{"id":3858,"href":"https:\/\/www.regionsaris.sk\/it\/wp-json\/wp\/v2\/posts\/705\/revisions\/3858"}],"wp:featuredmedia":[{"embeddable":true,"href":"https:\/\/www.regionsaris.sk\/it\/wp-json\/wp\/v2\/media\/716"}],"wp:attachment":[{"href":"https:\/\/www.regionsaris.sk\/it\/wp-json\/wp\/v2\/media?parent=705"}],"wp:term":[{"taxonomy":"category","embeddable":true,"href":"https:\/\/www.regionsaris.sk\/it\/wp-json\/wp\/v2\/categories?post=705"},{"taxonomy":"post_tag","embeddable":true,"href":"https:\/\/www.regionsaris.sk\/it\/wp-json\/wp\/v2\/tags?post=705"}],"curies":[{"name":"wp","href":"https:\/\/api.w.org\/{rel}","templated":true}]}}