{"id":6062,"date":"2026-09-03T13:30:36","date_gmt":"2026-09-03T12:30:36","guid":{"rendered":"https:\/\/www.regionsaris.sk\/?p=6062"},"modified":"2026-09-03T13:30:37","modified_gmt":"2026-09-03T12:30:37","slug":"po-stopach-rusinov-na-sarisi-od-presova-az-po-svidnik","status":"publish","type":"post","link":"https:\/\/www.regionsaris.sk\/it\/po-stopach-rusinov-na-sarisi-od-presova-az-po-svidnik\/","title":{"rendered":"Sulle tracce dei rusini nello \u0160ari\u0161: da Pre\u0161ov a Svidn\u00edk"},"content":{"rendered":"<p class=\"wp-block-paragraph\">Un abitante di Bratislava arriva a \u0160ari\u0161, si siede in una taverna del posto e all\u2019improvviso si rende conto che il suo slovacco potrebbe non bastare. E quando al dialetto di \u0160ari\u0161 si aggiunge il rusino, viene da chiedersi se per caso non si sia varcato il confine di Stato. E invece no! \u00c8 ancora in Slovacchia, \u00e8 solo arrivato a \u0160ari\u0161 \u2013 una regione in cui, in un territorio relativamente piccolo, da secoli si mescolano lingue, nazionalit\u00e0, dialetti e confessioni religiose. Ed \u00e8 proprio questo uno dei suoi aspetti pi\u00f9 esotici. Mentre in un villaggio si sente il dialetto di \u0160ari\u0161, a pochi chilometri di distanza si sente il rusino. Una chiesa cattolica romana lascia il posto a una chiesa greco-cattolica e, dopo un\u2019altra curva, ci si pu\u00f2 imbattere in un tempio ortodosso. <\/p>\n\n\n\n<figure class=\"wp-block-embed is-type-video is-provider-youtube wp-block-embed-youtube wp-embed-aspect-9-16 wp-has-aspect-ratio\"><div class=\"wp-block-embed__wrapper\">\n<iframe loading=\"lazy\" title=\"\ud83c\udf7b Un abitante di Bratislava in una taverna del posto\" width=\"422\" height=\"750\" src=\"https:\/\/www.youtube.com\/embed\/rkyv1nhOulE?feature=oembed\" frameborder=\"0\" allow=\"accelerometer; autoplay; clipboard-write; encrypted-media; gyroscope; picture-in-picture; web-share\" referrerpolicy=\"strict-origin-when-cross-origin\" allowfullscreen><\/iframe>\n<\/div><\/figure>\n\n\n\n<p class=\"wp-block-paragraph\">Questa volta, quindi, tireremo fuori il nostro amico di Bratislava dalla taverna e lo manderemo in una piccola spedizione culturale e linguistica. Lasciate il passaporto a casa e unitevi anche voi a lui. Lasciatevi ispirare dal percorso dei rusini e seguite le tracce delle riprese dei nostri nuovi video, che fanno parte di <a href=\"https:\/\/www.regionsaris.sk\/it\/ako-sme-obliekli-region-saris-do-novych-siat\/\">ribranding in occasione del 10\u00b0 anniversario dell\u2019OOCR Regione di \u0160ari\u0161<\/a>. Il percorso unisce lingue, dialetti, confessioni religiose e culture della regione di \u0160ari\u0161.<\/p>\n\n\n<div class=\"wp-block-image\">\n<figure class=\"aligncenter size-large\"><img loading=\"lazy\" decoding=\"async\" width=\"819\" height=\"1024\" src=\"https:\/\/www.regionsaris.sk\/wp-content\/uploads\/2026\/09\/itinerar-rusini-2-oocrrs-819x1024.png\" alt=\"\" class=\"wp-image-6128\" srcset=\"https:\/\/www.regionsaris.sk\/wp-content\/uploads\/2026\/09\/itinerar-rusini-2-oocrrs-819x1024.png 819w, https:\/\/www.regionsaris.sk\/wp-content\/uploads\/2026\/09\/itinerar-rusini-2-oocrrs-240x300.png 240w, https:\/\/www.regionsaris.sk\/wp-content\/uploads\/2026\/09\/itinerar-rusini-2-oocrrs-768x960.png 768w, https:\/\/www.regionsaris.sk\/wp-content\/uploads\/2026\/09\/itinerar-rusini-2-oocrrs-10x12.png 10w, https:\/\/www.regionsaris.sk\/wp-content\/uploads\/2026\/09\/itinerar-rusini-2-oocrrs.png 1080w\" sizes=\"auto, (max-width: 819px) 100vw, 819px\" \/><\/figure>\n<\/div>\n\n\n<p class=\"wp-block-paragraph\"><\/p>\n\n\n\n<h2 class=\"wp-block-heading\">La cultura rusina al museo<\/h2>\n\n\n\n<p class=\"wp-block-paragraph\">La prima tappa del nostro viaggio sar\u00e0 un'escursione alla scoperta della cultura rusina. Inizieremo a Pre\u0161ov, a <a href=\"https:\/\/www.regionsaris.sk\/it\/kultura-a-umenie\/muzeum-rusinskej-kultury-slovenske-narodne-muzeum\/\" data-type=\"kultura-a-umenie\" data-id=\"2195\">SNM - Museo della cultura rusina<\/a>. <\/p>\n\n\n<div class=\"wp-block-image\">\n<figure class=\"aligncenter size-large\"><img loading=\"lazy\" decoding=\"async\" width=\"1024\" height=\"683\" src=\"https:\/\/www.regionsaris.sk\/wp-content\/uploads\/2026\/01\/rusinske-muzeum-3-oocrrs-1024x683.jpg\" alt=\"\" class=\"wp-image-5947\" srcset=\"https:\/\/www.regionsaris.sk\/wp-content\/uploads\/2026\/01\/rusinske-muzeum-3-oocrrs-1024x683.jpg 1024w, https:\/\/www.regionsaris.sk\/wp-content\/uploads\/2026\/01\/rusinske-muzeum-3-oocrrs-300x200.jpg 300w, https:\/\/www.regionsaris.sk\/wp-content\/uploads\/2026\/01\/rusinske-muzeum-3-oocrrs-768x512.jpg 768w, https:\/\/www.regionsaris.sk\/wp-content\/uploads\/2026\/01\/rusinske-muzeum-3-oocrrs-18x12.jpg 18w, https:\/\/www.regionsaris.sk\/wp-content\/uploads\/2026\/01\/rusinske-muzeum-3-oocrrs.jpg 1200w\" sizes=\"auto, (max-width: 1024px) 100vw, 1024px\" \/><\/figure>\n<\/div>\n\n\n<p class=\"wp-block-paragraph\"><\/p>\n\n\n\n<p class=\"wp-block-paragraph\">La regione di \u0160ari\u0161 e l\u2019intera regione di Pre\u0161ov sono strettamente legate ai rusini. Il 27 gennaio 1995 \u00e8 stata codificata in Slovacchia la lingua rusina standard e nel 2011 i Rusini sono diventati la terza minoranza nazionale pi\u00f9 numerosa in Slovacchia. A dimostrazione dell\u2019accettazione della volont\u00e0 della popolazione rusina, nel 2007 \u00e8 stata istituita <a href=\"https:\/\/www.regionsaris.sk\/it\/kultura-a-umenie\/muzeum-rusinskej-kultury-slovenske-narodne-muzeum\/\" data-type=\"kultura-a-umenie\" data-id=\"2195\">Musei della cultura rusina a Pre\u0161ov<\/a>, aperto al pubblico nel 2008. Il museo si concentra sulla documentazione museale dello sviluppo della scienza, della cultura, dell\u2019arte e della tecnica sul territorio della Slovacchia, nonch\u00e9 sui fatti relativi alla popolazione rusina che vive all\u2019estero (emigrazione passata e presente). Il museo ha elaborato un programma editoriale volto a documentare le testimonianze e i ricordi dei testimoni ancora in vita provenienti da diversi ambiti della vita della minoranza rusina in Slovacchia.\u00a0<\/p>\n\n\n\n<h2 class=\"wp-block-heading\">La sacralit\u00e0 dei rusini<\/h2>\n\n\n\n<p class=\"wp-block-paragraph\">Anche la fede greco-cattolica \u00e8 strettamente legata alla cultura rusina; per questo restiamo a Pre\u0161ov e la nostra seconda tappa \u00e8 <a href=\"https:\/\/www.regionsaris.sk\/it\/historia\/katedralny-chram-sv-jana-krstitela\/\" data-type=\"historia\" data-id=\"2023\">Cattedrale di San Giovanni Battista<\/a>. La sua storia risale alla fine del XIV secolo, quando qui sorgeva la cappella ospedaliera agostiniana della Beata Vergine Maria; durante il periodo della Riforma fu utilizzata dai luterani. In base a un decreto reale, la cappella e l\u2019ospedale passarono ai Frati Minori, che la trasformarono nel convento di San Giovanni Battista. La disposizione della chiesa fu modificata per adattarla dal rito orientale a quello occidentale. <\/p>\n\n\n\n<figure class=\"wp-block-image size-large\"><img loading=\"lazy\" decoding=\"async\" width=\"1024\" height=\"822\" src=\"https:\/\/www.regionsaris.sk\/wp-content\/uploads\/2026\/09\/greckokatolicky-kostol-1-presov-oocrrs-e1788438379861-1024x822.jpg\" alt=\"\" class=\"wp-image-6129\" srcset=\"https:\/\/www.regionsaris.sk\/wp-content\/uploads\/2026\/09\/greckokatolicky-kostol-1-presov-oocrrs-e1788438379861-1024x822.jpg 1024w, https:\/\/www.regionsaris.sk\/wp-content\/uploads\/2026\/09\/greckokatolicky-kostol-1-presov-oocrrs-e1788438379861-300x241.jpg 300w, https:\/\/www.regionsaris.sk\/wp-content\/uploads\/2026\/09\/greckokatolicky-kostol-1-presov-oocrrs-e1788438379861-768x616.jpg 768w, https:\/\/www.regionsaris.sk\/wp-content\/uploads\/2026\/09\/greckokatolicky-kostol-1-presov-oocrrs-e1788438379861-1536x1232.jpg 1536w, https:\/\/www.regionsaris.sk\/wp-content\/uploads\/2026\/09\/greckokatolicky-kostol-1-presov-oocrrs-e1788438379861-15x12.jpg 15w, https:\/\/www.regionsaris.sk\/wp-content\/uploads\/2026\/09\/greckokatolicky-kostol-1-presov-oocrrs-e1788438379861.jpg 1543w\" sizes=\"auto, (max-width: 1024px) 100vw, 1024px\" \/><\/figure>\n\n\n\n<p class=\"wp-block-paragraph\"><\/p>\n\n\n\n<p class=\"wp-block-paragraph\">Il 22 settembre 1818, con la bolla *Relata semper*, papa Pio VII istitu\u00ec canonicamente l\u2019eparchia di Pre\u0161ov e la chiesa di San Giovanni Battista divenne la cattedrale, in seguito a ci\u00f2 la chiesa fu nuovamente adattata per la celebrazione delle funzioni religiose e dei riti secondo la tradizione bizantina orientale. Dopo la violenta soppressione della Chiesa greco-cattolica nel 1950, la cattedrale pass\u00f2 in possesso della Chiesa ortodossa e fu formalmente restituita solo diciotto anni dopo. Dal punto di vista patrimoniale e giuridico, la Chiesa ortodossa ne rimase proprietaria, ma nel 1999 una decisione del Ministero della Cultura pose definitivamente fine a tale situazione, trasferendo la cattedrale e gli altri edifici alla Chiesa greco-cattolica. <\/p>\n\n\n<div class=\"wp-block-image\">\n<figure class=\"aligncenter size-large\"><img loading=\"lazy\" decoding=\"async\" width=\"768\" height=\"1024\" src=\"https:\/\/www.regionsaris.sk\/wp-content\/uploads\/2026\/09\/greckokatolicky-kostol-3-presov-oocrrs-768x1024.jpg\" alt=\"\" class=\"wp-image-6130\" srcset=\"https:\/\/www.regionsaris.sk\/wp-content\/uploads\/2026\/09\/greckokatolicky-kostol-3-presov-oocrrs-768x1024.jpg 768w, https:\/\/www.regionsaris.sk\/wp-content\/uploads\/2026\/09\/greckokatolicky-kostol-3-presov-oocrrs-225x300.jpg 225w, https:\/\/www.regionsaris.sk\/wp-content\/uploads\/2026\/09\/greckokatolicky-kostol-3-presov-oocrrs-1152x1536.jpg 1152w, https:\/\/www.regionsaris.sk\/wp-content\/uploads\/2026\/09\/greckokatolicky-kostol-3-presov-oocrrs-9x12.jpg 9w, https:\/\/www.regionsaris.sk\/wp-content\/uploads\/2026\/09\/greckokatolicky-kostol-3-presov-oocrrs.jpg 1355w\" sizes=\"auto, (max-width: 768px) 100vw, 768px\" \/><\/figure>\n<\/div>\n\n\n<p class=\"wp-block-paragraph\"><\/p>\n\n\n\n<p class=\"wp-block-paragraph\">All\u2019interno della cattedrale si trovano tre cappelle e, al di sotto di essa, una cripta; sotto gli altari delle cappelle laterali sono conservati i sarcofagi con le reliquie dei beati ieromartiri Paolo Pietro Gojdi\u010d OSBM e Vasil Hopko. Nel 2003 \u00e8 stata collocata nella cattedrale una copia fedele della Sindone di Torino; vi si trovano inoltre le reliquie della Santa Croce di Cristo, di San Giovanni Battista, del primo martire Santo Stefano e di altri santi. Dal 2008 l\u2019Eparchia di Pre\u0161ov \u00e8 stata elevata ad arcieparchia, Pre\u0161ov \u00e8 diventata sede della Chiesa metropolitana greco-cattolica e la chiesa cattedrale di San Giovanni Battista \u00e8 stata proclamata cattedrale dell\u2019arcieparchia di Pre\u0161ov. La chiesa \u00e8 aperta durante le funzioni religiose; per accedervi in altri orari \u00e8 necessario contattare l\u2019ufficio parrocchiale.<\/p>\n\n\n\n<h2 class=\"wp-block-heading\">Sentiero in legno dei Carpazi<\/h2>\n\n\n\n<p class=\"wp-block-paragraph\">Rimarremo sul tema della religiosit\u00e0 e dei rusini, e lo faremo attraverso <a href=\"https:\/\/www.regionsaris.sk\/it\/nabozensky-turizmus\/karpatska-drevena-cesta\/\" data-type=\"nabozensky-turizmus\" data-id=\"2547\">Via dei Carpazi in legno<\/a>. Essa rappresenta un insieme unico di monumenti sacri dei Carpazi, in cui si fondono l'architettura popolare, la storia, la religione e la cultura della Slovacchia nord-orientale.<\/p>\n\n\n\n<p class=\"wp-block-paragraph\">Noi proseguiremo il nostro itinerario attraverso <a href=\"https:\/\/www.regionsaris.sk\/it\/lokalita\/bardejov-a-okolie\/\" data-type=\"lokalita\" data-id=\"178\">Bardejov<\/a> fino a <a href=\"https:\/\/www.regionsaris.sk\/it\/lokalita\/svidnik-a-okolie\/\" data-type=\"lokalita\" data-id=\"115\">Svidn\u00edk<\/a>, in modo da poter visitare lungo il percorso diverse chiese del Sentiero dei boschi dei Carpazi. La prima di queste sar\u00e0 <a href=\"https:\/\/www.regionsaris.sk\/it\/nabozensky-turizmus\/dreveny-greckokatolicky-chram-svateho-lukasa-trocany\/\" data-type=\"nabozensky-turizmus\" data-id=\"2549\">Chiesa greco-cattolica di San Luca a Tro\u010dany<\/a>, a giudicare dallo stile della chiesa, risale inequivocabilmente al periodo di transizione tra il XV e il XVI secolo. Probabilmente fu trasportata dalla vicina localit\u00e0 di Re\u0161ov, come testimoniano i segni lasciati sulle travi di legno e l\u2019iscrizione commemorativa sull\u2019icona della Crocifissione. Nel 1968 la chiesa fu dichiarata monumento culturale nazionale.\u00a0\u00a0<\/p>\n\n\n<div class=\"wp-block-image\">\n<figure class=\"aligncenter size-large\"><img loading=\"lazy\" decoding=\"async\" width=\"1024\" height=\"683\" src=\"https:\/\/www.regionsaris.sk\/wp-content\/uploads\/2026\/09\/dreveny-chram-trocany-oocrrs-1024x683.jpg\" alt=\"\" class=\"wp-image-6131\"\/><\/figure>\n<\/div>\n\n\n<p class=\"wp-block-paragraph\"><\/p>\n\n\n\n<p class=\"wp-block-paragraph\">Dopo aver visitato un\u2019altra chiesa in legno, ci sposteremo nel villaggio di Hervartov, dove troveremo <a href=\"https:\/\/www.regionsaris.sk\/it\/nabozensky-turizmus\/dreveny-rimskokatolicky-kostol-sv-frantiska-z-assisi-hervartov\/\" data-type=\"nabozensky-turizmus\" data-id=\"2551\">Chiesa cattolica romana di San Francesco d\u2019Assisi<\/a>. Nel 2008 \u00e8 stata inserita, insieme ad altre sette chiesette in legno, nella Lista del Patrimonio Mondiale dell\u2019UNESCO. Il suo stile \u00e8 puramente gotico e le pareti interne della chiesa sono oggi ricoperte da una decorazione pittorica unica nel suo genere, con motivi figurativi e vegetali. Con la sua pianta a due parti, l\u2019alto tetto e altre caratteristiche sia all\u2019esterno che all\u2019interno, si differenzia notevolmente dalle chiese in legno rusine (chiese di rito orientale). <\/p>\n\n\n<div class=\"wp-block-image\">\n<figure class=\"aligncenter size-large\"><img loading=\"lazy\" decoding=\"async\" width=\"1024\" height=\"683\" src=\"https:\/\/www.regionsaris.sk\/wp-content\/uploads\/2026\/01\/kapratska-drevena-cesta-4-oocrrs-1-1024x683.jpg\" alt=\"\" class=\"wp-image-5204\" srcset=\"https:\/\/www.regionsaris.sk\/wp-content\/uploads\/2026\/01\/kapratska-drevena-cesta-4-oocrrs-1-1024x683.jpg 1024w, https:\/\/www.regionsaris.sk\/wp-content\/uploads\/2026\/01\/kapratska-drevena-cesta-4-oocrrs-1-300x200.jpg 300w, https:\/\/www.regionsaris.sk\/wp-content\/uploads\/2026\/01\/kapratska-drevena-cesta-4-oocrrs-1-768x512.jpg 768w, https:\/\/www.regionsaris.sk\/wp-content\/uploads\/2026\/01\/kapratska-drevena-cesta-4-oocrrs-1-18x12.jpg 18w, https:\/\/www.regionsaris.sk\/wp-content\/uploads\/2026\/01\/kapratska-drevena-cesta-4-oocrrs-1.jpg 1300w\" sizes=\"auto, (max-width: 1024px) 100vw, 1024px\" \/><\/figure>\n<\/div>\n\n\n<p class=\"wp-block-paragraph\"><\/p>\n\n\n\n<p class=\"wp-block-paragraph\">Da Hervartov \u00e8 a due passi da <a href=\"https:\/\/www.regionsaris.sk\/it\/lokalita\/bardejov-a-okolie\/\" data-type=\"lokalita\" data-id=\"178\">Bardejova<\/a>, in particolare a <a href=\"https:\/\/www.regionsaris.sk\/it\/kupele-a-wellness\/bardejovske-kupele\/\" data-type=\"kupele-a-wellness\" data-id=\"2016\">Terme di Bardejov<\/a>, dove visiteremo <a href=\"https:\/\/www.regionsaris.sk\/it\/kultura-a-umenie\/skanzen-bardejovske-kupele\/\" data-type=\"kultura-a-umenie\" data-id=\"2210\">Museo dell'architettura popolare<\/a>. Si tratta di un museo all'aperto con la struttura pi\u00f9 antica del suo genere in Slovacchia: \u00e8 stato aperto al pubblico gi\u00e0 nel 1965. Su una superficie di 1,5 ettari, l\u2019etnoparco ospita 24 edifici espositivi che illustrano la cultura popolare e l\u2019architettura di due gruppi etnici: la popolazione slovacca e quella rusina, che vivono nella regione dell\u2019Alto \u0160ari\u0161 e dello Zempl\u00edn settentrionale.<\/p>\n\n\n<div class=\"wp-block-image\">\n<figure class=\"aligncenter size-full\"><img loading=\"lazy\" decoding=\"async\" width=\"669\" height=\"675\" src=\"https:\/\/www.regionsaris.sk\/wp-content\/uploads\/2026\/01\/skanzen-bardejov-1-oocrrs.jpg\" alt=\"\" class=\"wp-image-6029\" srcset=\"https:\/\/www.regionsaris.sk\/wp-content\/uploads\/2026\/01\/skanzen-bardejov-1-oocrrs.jpg 669w, https:\/\/www.regionsaris.sk\/wp-content\/uploads\/2026\/01\/skanzen-bardejov-1-oocrrs-297x300.jpg 297w, https:\/\/www.regionsaris.sk\/wp-content\/uploads\/2026\/01\/skanzen-bardejov-1-oocrrs-150x150.jpg 150w, https:\/\/www.regionsaris.sk\/wp-content\/uploads\/2026\/01\/skanzen-bardejov-1-oocrrs-12x12.jpg 12w\" sizes=\"auto, (max-width: 669px) 100vw, 669px\" \/><\/figure>\n<\/div>\n\n\n<p class=\"wp-block-paragraph\"><\/p>\n\n\n\n<p class=\"wp-block-paragraph\">Lungo il percorso Bardejov - Svidn\u00edk si trovano altre chiese in legno dove \u00e8 possibile fermarsi lungo il tragitto, ad esempio nel villaggio di Jedlinka, dove si trova la chiesa dedicata alla Protezione della Santissima Madre di Dio, oppure a Hutka, dove si trova la chiesa ortodossa in legno dedicata alla Nascita della Santissima Madre di Dio.<\/p>\n\n\n\n<h2 class=\"wp-block-heading\">Museo all'aperto a Svidn\u00edk<\/h2>\n\n\n\n<p class=\"wp-block-paragraph\">L'ultima tappa del nostro itinerario \u00e8 <a href=\"https:\/\/www.regionsaris.sk\/it\/kultura-a-umenie\/narodopisna-expozicia-v-prirode\/\" data-type=\"kultura-a-umenie\" data-id=\"2204\">Museo della cultura ucraina a Svidn\u00edk<\/a>. \u00c8 uno dei pi\u00f9 importanti musei all'aperto della Slovacchia nord-orientale. Si estende su una superficie di circa dieci ettari nelle immediate vicinanze dell'anfiteatro di Svidn\u00edk. Attraverso edifici sia originali che ricostruiti, illustra ai visitatori lo stile di vita dei rusini e degli ucraini che vivevano sul territorio della Slovacchia nei periodi storici passati. <\/p>\n\n\n\n<p class=\"wp-block-paragraph\">Qui i visitatori possono scoprire l\u2019architettura tradizionale, le abitazioni, l\u2019economia, i mestieri e la vita spirituale degli abitanti della regione. I singoli edifici sono disposti in modo da ricreare l\u2019immagine di un tipico villaggio della Slovacchia nord-orientale. <\/p>\n\n\n\n<p class=\"wp-block-paragraph\">Il cuore dell'esposizione \u00e8 costituito da case abitative che rappresentano i tipi pi\u00f9 diffusi di architettura popolare della regione. Gli edifici sono stati trasferiti nel complesso da vari comuni, successivamente restaurati a regola d'arte e arredati secondo lo stile di vita originario dei loro abitanti. Uno degli edifici pi\u00f9 preziosi del museo all'aperto \u00e8 la chiesa ortodossa in legno del 1766, nota anche con il nome originario di Merge\u0161ka. La chiesa in legno di Santa Paraskeva di Nov\u00e1 Polianka rappresenta un importante esempio di architettura sacra tradizionale di rito orientale. Il suo interno \u00e8 riccamente decorato e offre cos\u00ec uno spaccato delle tradizioni religiose e della vita spirituale dei rusini e degli ucraini della Slovacchia nord-orientale. <\/p>\n\n\n<div class=\"wp-block-image\">\n<figure class=\"aligncenter size-large\"><img loading=\"lazy\" decoding=\"async\" width=\"1024\" height=\"683\" src=\"https:\/\/www.regionsaris.sk\/wp-content\/uploads\/2026\/01\/skanzen-svidnik-1-oocrrs-1024x683.jpg\" alt=\"\" class=\"wp-image-5562\"\/><\/figure>\n<\/div>\n\n\n<p class=\"wp-block-paragraph\"><\/p>\n\n\n\n<p class=\"wp-block-paragraph\">Quando il nostro concittadino di Bratislava torner\u00e0 alla taverna dopo aver percorso questo itinerario, forse non cercher\u00e0 pi\u00f9 un traduttore per ogni parola in dialetto. E forse sapr\u00e0 gi\u00e0 cos\u2019\u00e8 una \u00abcerkov\u00bb e che nel nord-est della Slovacchia, per secoli, si sono sviluppate fianco a fianco diverse lingue, culture e tradizioni religiose. \u00c8 proprio questo l\u2019aspetto interessante dello \u0160ari\u0161. Non c\u2019\u00e8 bisogno di andare all\u2019estero per sentire una lingua diversa, conoscere una cultura diversa o entrare in un tempio le cui tradizioni vi sono del tutto nuove. A volte basta partire da Bratislava in direzione est e, dopo poche ore, si ha la sensazione di aver attraversato una parte del mondo molto pi\u00f9 vasta.<\/p>\n\n\n\n<p class=\"wp-block-paragraph\">E se, dopo tutte quelle chiese, icone, musei, la lingua rusina e quella dello \u0160ari\u0161, vi viene voglia di una pausa, tornate pure tranquillamente dove \u00e8 iniziato il nostro viaggio alla scoperta della cultura: in una taverna tra la gente del posto. <strong><em>Poich\u00e9 alcune differenze si spiegano meglio davanti a una birra e \u201eta co?\u201c \u00e8 forse la prima lezione di dialetto della regione di \u0160ari\u0161 che ricorderete per sempre.<\/em><\/strong><\/p>\n\n\n\n<p class=\"wp-block-paragraph\">Fonte: OOCR R\u0160<br>Fonte delle foto: OOCR R\u0160<\/p>","protected":false},"excerpt":{"rendered":"<p>Bratislav\u010dan pr\u00edde na \u0160ari\u0161, sadne si do miestnej kr\u010dmy a zrazu zis\u0165uje, \u017ee jeho sloven\u010dina...<\/p>","protected":false},"author":3,"featured_media":6133,"comment_status":"closed","ping_status":"closed","sticky":false,"template":"","format":"standard","meta":{"_acf_changed":false,"footnotes":""},"categories":[1],"tags":[],"class_list":["post-6062","post","type-post","status-publish","format-standard","has-post-thumbnail","hentry","category-novinky"],"acf":[],"_links":{"self":[{"href":"https:\/\/www.regionsaris.sk\/it\/wp-json\/wp\/v2\/posts\/6062","targetHints":{"allow":["GET"]}}],"collection":[{"href":"https:\/\/www.regionsaris.sk\/it\/wp-json\/wp\/v2\/posts"}],"about":[{"href":"https:\/\/www.regionsaris.sk\/it\/wp-json\/wp\/v2\/types\/post"}],"author":[{"embeddable":true,"href":"https:\/\/www.regionsaris.sk\/it\/wp-json\/wp\/v2\/users\/3"}],"replies":[{"embeddable":true,"href":"https:\/\/www.regionsaris.sk\/it\/wp-json\/wp\/v2\/comments?post=6062"}],"version-history":[{"count":5,"href":"https:\/\/www.regionsaris.sk\/it\/wp-json\/wp\/v2\/posts\/6062\/revisions"}],"predecessor-version":[{"id":6132,"href":"https:\/\/www.regionsaris.sk\/it\/wp-json\/wp\/v2\/posts\/6062\/revisions\/6132"}],"wp:featuredmedia":[{"embeddable":true,"href":"https:\/\/www.regionsaris.sk\/it\/wp-json\/wp\/v2\/media\/6133"}],"wp:attachment":[{"href":"https:\/\/www.regionsaris.sk\/it\/wp-json\/wp\/v2\/media?parent=6062"}],"wp:term":[{"taxonomy":"category","embeddable":true,"href":"https:\/\/www.regionsaris.sk\/it\/wp-json\/wp\/v2\/categories?post=6062"},{"taxonomy":"post_tag","embeddable":true,"href":"https:\/\/www.regionsaris.sk\/it\/wp-json\/wp\/v2\/tags?post=6062"}],"curies":[{"name":"wp","href":"https:\/\/api.w.org\/{rel}","templated":true}]}}