{"id":5991,"date":"2026-08-31T11:00:28","date_gmt":"2026-08-31T10:00:28","guid":{"rendered":"https:\/\/www.regionsaris.sk\/?p=5991"},"modified":"2026-08-31T11:05:00","modified_gmt":"2026-08-31T10:05:00","slug":"potulky-divocinou-cergova-vylet-na-velku-javorinu-spojil-turistiku-poznavanie-prirody-a-prijemne-zazitky","status":"publish","type":"post","link":"https:\/\/www.regionsaris.sk\/it\/potulky-divocinou-cergova-vylet-na-velku-javorinu-spojil-turistiku-poznavanie-prirody-a-prijemne-zazitky\/","title":{"rendered":"Escursione nella natura selvaggia del \u010cergov e alla scoperta della natura"},"content":{"rendered":"<p class=\"wp-block-paragraph\">Sabato<strong> 29 agosto 2026, <\/strong>simbolicamente nel giorno dell'anniversario della Rivolta Nazionale Slovacca, abbiamo percorso il Sentiero degli Eroi della SNP fino alla Ve\u013ek\u00e1 Javorina, la seconda vetta pi\u00f9 alta della catena montuosa <a href=\"https:\/\/pohoriecergov.sk\" target=\"_blank\" rel=\"noopener\">Chergov<\/a>. Gita dal titolo\u00a0<strong><a href=\"https:\/\/www.regionsaris.sk\/it\/podujatie\/divokou-prirodou-cergova\/\" data-type=\"podujatie\" data-id=\"5683\">La natura selvaggia del \u010cergov<\/a><\/strong> ha offerto non solo una piacevole escursione, ma soprattutto l\u2019opportunit\u00e0 di conoscere pi\u00f9 da vicino la natura dello \u0160ari\u0161, i suoi abitanti e le tracce che lasciano dietro di s\u00e9 nel bosco.<\/p>\n\n\n\n<p class=\"wp-block-paragraph\">L'evento \u00e8 iniziato presso il rifugio \u010cergov, da dove abbiamo intrapreso un percorso di circa 9 chilometri. Il percorso si snodava lungo sentieri boschivi, prati e crinali <a href=\"https:\/\/pohoriecergov.sk\" target=\"_blank\" rel=\"noopener\">\u010cergova<\/a> in direzione della Ve\u013ek\u00e1 Javorina. Il terreno agevole e le lievi salite hanno creato le condizioni ideali per una piacevole escursione per gli amanti della natura. Non sono mancati nemmeno i tratti in cui la natura del \u010cergov ha mostrato il suo volto davvero selvaggio.<\/p>\n\n\n<div class=\"wp-block-image\">\n<figure class=\"aligncenter size-large\"><img loading=\"lazy\" decoding=\"async\" width=\"1024\" height=\"683\" src=\"https:\/\/www.regionsaris.sk\/wp-content\/uploads\/2026\/08\/divocina-cergova-2-oocrrs-1024x683.jpg\" alt=\"\" class=\"wp-image-5992\" srcset=\"https:\/\/www.regionsaris.sk\/wp-content\/uploads\/2026\/08\/divocina-cergova-2-oocrrs-1024x683.jpg 1024w, https:\/\/www.regionsaris.sk\/wp-content\/uploads\/2026\/08\/divocina-cergova-2-oocrrs-300x200.jpg 300w, https:\/\/www.regionsaris.sk\/wp-content\/uploads\/2026\/08\/divocina-cergova-2-oocrrs-768x512.jpg 768w, https:\/\/www.regionsaris.sk\/wp-content\/uploads\/2026\/08\/divocina-cergova-2-oocrrs-1536x1024.jpg 1536w, https:\/\/www.regionsaris.sk\/wp-content\/uploads\/2026\/08\/divocina-cergova-2-oocrrs-2048x1365.jpg 2048w, https:\/\/www.regionsaris.sk\/wp-content\/uploads\/2026\/08\/divocina-cergova-2-oocrrs-18x12.jpg 18w, https:\/\/www.regionsaris.sk\/wp-content\/uploads\/2026\/08\/divocina-cergova-2-oocrrs-scaled.jpg 2560w\" sizes=\"auto, (max-width: 1024px) 100vw, 1024px\" \/><\/figure>\n<\/div>\n\n\n<p class=\"wp-block-paragraph\"><\/p>\n\n\n\n<h2 class=\"wp-block-heading\">Quando la foresta inizia a raccontare<\/h2>\n\n\n\n<p class=\"wp-block-paragraph\">La gita non \u00e8 stata solo un'escursione. La guida\u00a0<strong>Du\u0161an Guman di Medvedia cesta<\/strong>\u00a0Durante il nostro viaggio ci ha svelato i segreti del bosco. Abbiamo appreso molte curiosit\u00e0 sui suoi abitanti, abbiamo imparato a riconoscere i suoni del bosco e le tracce degli animali e, poco a poco, ci siamo resi conto che il bosco che ci circondava era molto pi\u00f9 vivo di quanto potesse sembrare a prima vista.<\/p>\n\n\n\n<p class=\"wp-block-paragraph\">Durante l'escursione anche il tempo ci \u00e8 stato favorevole. Sulla cresta abbiamo potuto vedere la vetta per tutto il tempo\u00a0<strong><a href=\"https:\/\/www.regionsaris.sk\/it\/sport\/ski-lysa-1-067-m-n-m\/\" data-type=\"sport\" data-id=\"2467\">Lis\u00e0<\/a><\/strong>\u00a0e i raggi del sole hanno reso ancora pi\u00f9 suggestiva l'atmosfera di una giornata estiva trascorsa nella natura.<\/p>\n\n\n<div class=\"wp-block-image\">\n<figure class=\"aligncenter size-large\"><img loading=\"lazy\" decoding=\"async\" width=\"1024\" height=\"683\" src=\"https:\/\/www.regionsaris.sk\/wp-content\/uploads\/2026\/08\/divocinou-cergova-9-oocrrs-1024x683.jpg\" alt=\"\" class=\"wp-image-5993\" srcset=\"https:\/\/www.regionsaris.sk\/wp-content\/uploads\/2026\/08\/divocinou-cergova-9-oocrrs-1024x683.jpg 1024w, https:\/\/www.regionsaris.sk\/wp-content\/uploads\/2026\/08\/divocinou-cergova-9-oocrrs-300x200.jpg 300w, https:\/\/www.regionsaris.sk\/wp-content\/uploads\/2026\/08\/divocinou-cergova-9-oocrrs-768x512.jpg 768w, https:\/\/www.regionsaris.sk\/wp-content\/uploads\/2026\/08\/divocinou-cergova-9-oocrrs-18x12.jpg 18w, https:\/\/www.regionsaris.sk\/wp-content\/uploads\/2026\/08\/divocinou-cergova-9-oocrrs.jpg 1200w\" sizes=\"auto, (max-width: 1024px) 100vw, 1024px\" \/><\/figure>\n<\/div>\n\n\n<p class=\"wp-block-paragraph\"><\/p>\n\n\n\n<h2 class=\"wp-block-heading\">Visita alla foresta rara nella riserva di Vl\u010dia<\/h2>\n\n\n\n<p class=\"wp-block-paragraph\">Uno dei momenti pi\u00f9 significativi della gita \u00e8 stata la visita a\u00a0<strong>Riserva naturale privata di Vl\u010dia<\/strong>, gestita da\u00a0<strong>Associazione per la tutela delle foreste VLK<\/strong>. Si tratta di un\u2019area in cui si sono conservate alcune delle foreste pi\u00f9 antiche e preziose <a href=\"https:\/\/pohoriecergov.sk\" target=\"_blank\" rel=\"noopener\">\u010cergova<\/a>.<\/p>\n\n\n\n<p class=\"wp-block-paragraph\">Sono proprio questi luoghi a ricordarci l'importanza di proteggere le foreste naturali e la necessit\u00e0 di considerare la natura non solo come uno spazio di svago, ma anche come habitat di numerose specie vegetali e animali. Anche grazie alla guida esperta, abbiamo potuto osservare questa parte del \u010cergov con occhi un po\u2019 diversi.<\/p>\n\n\n<div class=\"wp-block-image\">\n<figure class=\"aligncenter size-large\"><img loading=\"lazy\" decoding=\"async\" width=\"1024\" height=\"683\" src=\"https:\/\/www.regionsaris.sk\/wp-content\/uploads\/2026\/08\/divocina-cergova-4-oocrrs-1024x683.jpg\" alt=\"\" class=\"wp-image-5994\" srcset=\"https:\/\/www.regionsaris.sk\/wp-content\/uploads\/2026\/08\/divocina-cergova-4-oocrrs-1024x683.jpg 1024w, https:\/\/www.regionsaris.sk\/wp-content\/uploads\/2026\/08\/divocina-cergova-4-oocrrs-300x200.jpg 300w, https:\/\/www.regionsaris.sk\/wp-content\/uploads\/2026\/08\/divocina-cergova-4-oocrrs-768x512.jpg 768w, https:\/\/www.regionsaris.sk\/wp-content\/uploads\/2026\/08\/divocina-cergova-4-oocrrs-18x12.jpg 18w, https:\/\/www.regionsaris.sk\/wp-content\/uploads\/2026\/08\/divocina-cergova-4-oocrrs.jpg 1200w\" sizes=\"auto, (max-width: 1024px) 100vw, 1024px\" \/><\/figure>\n<\/div>\n\n\n<p class=\"wp-block-paragraph\"><\/p>\n\n\n\n<h2 class=\"wp-block-heading\">Ce l'abbiamo fatta tutti \u2013 compresi i partecipanti a quattro zampe<\/h2>\n\n\n\n<p class=\"wp-block-paragraph\">Tutti i partecipanti si sono divertiti durante l'escursione e a dimostrazione del fatto che il percorso fosse alla portata anche dei turisti a quattro zampe c'era la nostra amica Pampi, che insieme al suo padrone Matej ha percorso l'intero itinerario con noi. <\/p>\n\n\n\n<p class=\"wp-block-paragraph\">Al termine, ad attendere tutti coloro che avevano portato a termine con successo l\u2019escursione c\u2019erano un attestato e una medaglia. Tuttavia, non erano solo una ricompensa simbolica per i chilometri percorsi. Rappresentavano un ricordo dell\u2019esperienza condivisa, delle nuove conoscenze acquisite e di una giornata trascorsa nella natura in buona compagnia.<\/p>\n\n\n<div class=\"wp-block-image\">\n<figure class=\"aligncenter size-large\"><img loading=\"lazy\" decoding=\"async\" width=\"683\" height=\"1024\" src=\"https:\/\/www.regionsaris.sk\/wp-content\/uploads\/2026\/08\/divocina-cergova-6-oocrrs-683x1024.jpg\" alt=\"\" class=\"wp-image-5996\" srcset=\"https:\/\/www.regionsaris.sk\/wp-content\/uploads\/2026\/08\/divocina-cergova-6-oocrrs-683x1024.jpg 683w, https:\/\/www.regionsaris.sk\/wp-content\/uploads\/2026\/08\/divocina-cergova-6-oocrrs-200x300.jpg 200w, https:\/\/www.regionsaris.sk\/wp-content\/uploads\/2026\/08\/divocina-cergova-6-oocrrs-768x1152.jpg 768w, https:\/\/www.regionsaris.sk\/wp-content\/uploads\/2026\/08\/divocina-cergova-6-oocrrs-1024x1536.jpg 1024w, https:\/\/www.regionsaris.sk\/wp-content\/uploads\/2026\/08\/divocina-cergova-6-oocrrs-8x12.jpg 8w, https:\/\/www.regionsaris.sk\/wp-content\/uploads\/2026\/08\/divocina-cergova-6-oocrrs.jpg 1200w\" sizes=\"auto, (max-width: 683px) 100vw, 683px\" \/><\/figure>\n<\/div>\n\n\n<p class=\"wp-block-paragraph\"><\/p>\n\n\n\n<h2 class=\"wp-block-heading\">Grazie per la giornata trascorsa insieme<\/h2>\n\n\n\n<p class=\"wp-block-paragraph\">Un grande ringraziamento va a\u00a0<strong>alla guida Du\u0161an Guman<\/strong>\u00a0per l'organizzazione dell'evento, la guida esperta e coinvolgente e la piacevole atmosfera che ha caratterizzato l'intera gita. Ringraziamo inoltre tutti i partecipanti, che hanno dato vita a un fantastico gruppo di amanti della natura.<\/p>\n\n\n\n<p class=\"wp-block-paragraph\"><strong>\u010cergov ci ha dimostrato ancora una volta che non occorre andare lontano per trovare la bellezza della natura. Basta incamminarsi lungo un sentiero, rallentare il passo e ascoltare con attenzione. Forse allora sentiremo il bosco come non l\u2019avevamo mai percepito prima.<\/strong><\/p>\n\n\n\n<p class=\"wp-block-paragraph\">Non vediamo l\u2019ora di fare altre gite insieme agli amanti della natura dello \u0160ari\u0161. <\/p>\n\n\n\n<p class=\"wp-block-paragraph\">L'evento \u00e8 stato realizzato con il sostegno finanziario del Ministero del Turismo e dello Sport della Repubblica Slovacca.<\/p>\n\n\n<div class=\"wp-block-image\">\n<figure class=\"aligncenter size-full\"><img loading=\"lazy\" decoding=\"async\" width=\"400\" height=\"150\" src=\"https:\/\/www.regionsaris.sk\/wp-content\/uploads\/2026\/06\/logo-nove-pata-clanok-oocrrs.png\" alt=\"\" class=\"wp-image-4884\" srcset=\"https:\/\/www.regionsaris.sk\/wp-content\/uploads\/2026\/06\/logo-nove-pata-clanok-oocrrs.png 400w, https:\/\/www.regionsaris.sk\/wp-content\/uploads\/2026\/06\/logo-nove-pata-clanok-oocrrs-300x113.png 300w, https:\/\/www.regionsaris.sk\/wp-content\/uploads\/2026\/06\/logo-nove-pata-clanok-oocrrs-18x7.png 18w\" sizes=\"auto, (max-width: 400px) 100vw, 400px\" \/><\/figure>\n<\/div>\n\n\n<p class=\"wp-block-paragraph\">Fonte: OOCR R\u0160<br>Fonte delle foto: OOCR R\u0160<\/p>","protected":false},"excerpt":{"rendered":"<p>V sobotu 29. augusta 2026, symbolicky v de\u0148 v\u00fdro\u010dia Slovensk\u00e9ho n\u00e1rodn\u00e9ho povstania, sme sa vybrali...<\/p>","protected":false},"author":3,"featured_media":6003,"comment_status":"closed","ping_status":"closed","sticky":false,"template":"","format":"standard","meta":{"_acf_changed":false,"footnotes":""},"categories":[207],"tags":[],"class_list":["post-5991","post","type-post","status-publish","format-standard","has-post-thumbnail","hentry","category-projekty"],"acf":[],"_links":{"self":[{"href":"https:\/\/www.regionsaris.sk\/it\/wp-json\/wp\/v2\/posts\/5991","targetHints":{"allow":["GET"]}}],"collection":[{"href":"https:\/\/www.regionsaris.sk\/it\/wp-json\/wp\/v2\/posts"}],"about":[{"href":"https:\/\/www.regionsaris.sk\/it\/wp-json\/wp\/v2\/types\/post"}],"author":[{"embeddable":true,"href":"https:\/\/www.regionsaris.sk\/it\/wp-json\/wp\/v2\/users\/3"}],"replies":[{"embeddable":true,"href":"https:\/\/www.regionsaris.sk\/it\/wp-json\/wp\/v2\/comments?post=5991"}],"version-history":[{"count":5,"href":"https:\/\/www.regionsaris.sk\/it\/wp-json\/wp\/v2\/posts\/5991\/revisions"}],"predecessor-version":[{"id":6007,"href":"https:\/\/www.regionsaris.sk\/it\/wp-json\/wp\/v2\/posts\/5991\/revisions\/6007"}],"wp:featuredmedia":[{"embeddable":true,"href":"https:\/\/www.regionsaris.sk\/it\/wp-json\/wp\/v2\/media\/6003"}],"wp:attachment":[{"href":"https:\/\/www.regionsaris.sk\/it\/wp-json\/wp\/v2\/media?parent=5991"}],"wp:term":[{"taxonomy":"category","embeddable":true,"href":"https:\/\/www.regionsaris.sk\/it\/wp-json\/wp\/v2\/categories?post=5991"},{"taxonomy":"post_tag","embeddable":true,"href":"https:\/\/www.regionsaris.sk\/it\/wp-json\/wp\/v2\/tags?post=5991"}],"curies":[{"name":"wp","href":"https:\/\/api.w.org\/{rel}","templated":true}]}}