{"id":533,"date":"2025-02-14T11:24:13","date_gmt":"2025-02-14T10:24:13","guid":{"rendered":"https:\/\/www.regionsaris.sk\/kam-na-jarne-prazdniny-s-detmi-v-regione-saris\/"},"modified":"2025-12-15T10:11:36","modified_gmt":"2025-12-15T09:11:36","slug":"kam-na-jarne-prazdniny-s-detmi-v-regione-saris","status":"publish","type":"post","link":"https:\/\/www.regionsaris.sk\/it\/kam-na-jarne-prazdniny-s-detmi-v-regione-saris\/","title":{"rendered":"Dove andare in vacanza in primavera con i bambini nella regione di \u0160ari\u0161?"},"content":{"rendered":"<p data-pm-slice=\"1 1 []\">State cercando ispirazione su dove andare con i vostri figli durante le vacanze di primavera nella regione di \u0160ari\u0161? Questo splendido angolo della Slovacchia offre una serie di eventi e attivit\u00e0 interessanti che faranno divertire grandi e piccini. Ecco alcuni consigli per vivere una vacanza indimenticabile.<\/p>\n<p data-pm-slice=\"1 1 []\"><a href=\"https:\/\/www.regionsaris.sk\/wp-content\/uploads\/2025\/12\/IMG_0000.jpg\"><img loading=\"lazy\" decoding=\"async\" class=\"wp-image-29020 alignnone\" src=\"https:\/\/www.regionsaris.sk\/wp-content\/uploads\/2025\/12\/IMG_0000-300x169.jpg\" alt=\"\" width=\"762\" height=\"429\" \/><\/a><\/p>\n<p data-pm-slice=\"1 1 []\"><\/p>\n\u00a0\n<h3>Vacanze di primavera al Castello di \u0160ari\u0161: un programma per tutta la famiglia<\/h3>\n<strong>Data: 16-21 febbraio 2025<\/strong>\n<strong>Luogo: Castello di \u0160ari\u0161<\/strong>\n<div class=\"x11i5rnm xat24cr x1mh8g0r x1vvkbs xtlvy1s x126k92a\">\n<div dir=\"auto\">\n<p data-pm-slice=\"1 1 []\">Il Castello di \u0160ari\u0161 sta preparando una settimana ricca di storia, divertimento e gare per grandi e piccini. Ogni giorno vi aspetta un piccolo programma di tradizioni medievali, avventura e creativit\u00e0.<\/p>\n\n<\/div>\n<\/div>\n<div class=\"x11i5rnm xat24cr x1mh8g0r x1vvkbs xtlvy1s x126k92a\">\n<div dir=\"auto\">PROGRAMMA:<\/div>\n<\/div>\n<div class=\"x11i5rnm xat24cr x1mh8g0r x1vvkbs xtlvy1s x126k92a\">\n<div dir=\"auto\"><span class=\"html-span xexx8yu x4uap5 x18d9i69 xkhd6sd x1hl2dhg x16tdsg8 x1vvkbs x3nfvp2 x1j61x8r x1fcty0u xdj266r xat24cr xgzva0m xhhsvwb xxymvpz xlup9mm x1kky2od\"><img loading=\"lazy\" decoding=\"async\" class=\"xz74otr\" src=\"https:\/\/www.regionsaris.sk\/wp-content\/uploads\/2025\/12\/2764.png\" alt=\"\u2764\ufe0f\" width=\"16\" height=\"16\" \/><\/span> 16.2. Castello di San Valentino - Sigilla il tuo amore sul Blocco dell'Amore<span class=\"html-span xexx8yu x4uap5 x18d9i69 xkhd6sd x1hl2dhg x16tdsg8 x1vvkbs x3nfvp2 x1j61x8r x1fcty0u xdj266r xat24cr xgzva0m xhhsvwb xxymvpz xlup9mm x1kky2od\"><img loading=\"lazy\" decoding=\"async\" class=\"xz74otr\" src=\"https:\/\/www.regionsaris.sk\/wp-content\/uploads\/2025\/12\/1f512.png\" alt=\" \" width=\"16\" height=\"16\" \/><\/span><\/div>\n<div dir=\"auto\"><span class=\"html-span xexx8yu x4uap5 x18d9i69 xkhd6sd x1hl2dhg x16tdsg8 x1vvkbs x3nfvp2 x1j61x8r x1fcty0u xdj266r xat24cr xgzva0m xhhsvwb xxymvpz xlup9mm x1kky2od\"><img loading=\"lazy\" decoding=\"async\" class=\"xz74otr\" src=\"https:\/\/www.regionsaris.sk\/wp-content\/uploads\/2025\/12\/1f50d.png\" alt=\" \" width=\"16\" height=\"16\" \/><\/span> Un'occasione unica per visitare il lapidario della Torre del Donjon.<\/div>\n<div dir=\"auto\"><span class=\"html-span xexx8yu x4uap5 x18d9i69 xkhd6sd x1hl2dhg x16tdsg8 x1vvkbs x3nfvp2 x1j61x8r x1fcty0u xdj266r xat24cr xgzva0m xhhsvwb xxymvpz xlup9mm x1kky2od\"><img loading=\"lazy\" decoding=\"async\" class=\"xz74otr\" src=\"https:\/\/www.regionsaris.sk\/wp-content\/uploads\/2025\/12\/1f50e.png\" alt=\" \" width=\"16\" height=\"16\" \/><\/span> 17.2. Caccia al tesoro - Gioco di avventura per bambini sui tesori che non si trovano nel castello.<\/div>\n<div dir=\"auto\"><span class=\"html-span xexx8yu x4uap5 x18d9i69 xkhd6sd x1hl2dhg x16tdsg8 x1vvkbs x3nfvp2 x1j61x8r x1fcty0u xdj266r xat24cr xgzva0m xhhsvwb xxymvpz xlup9mm x1kky2od\"><img loading=\"lazy\" decoding=\"async\" class=\"xz74otr\" src=\"https:\/\/www.regionsaris.sk\/wp-content\/uploads\/2025\/12\/1f3a8.png\" alt=\" \" width=\"16\" height=\"16\" \/><\/span> 18.2. Il castello attraverso gli occhi dei bambini - Concorso per il pi\u00f9 bel disegno del castello di \u0160ari\u0161 legato a <span class=\"html-span xexx8yu x4uap5 x18d9i69 xkhd6sd x1hl2dhg x16tdsg8 x1vvkbs x3nfvp2 x1j61x8r x1fcty0u xdj266r xat24cr xgzva0m xhhsvwb xxymvpz xlup9mm x1kky2od\"><img loading=\"lazy\" decoding=\"async\" class=\"xz74otr\" src=\"https:\/\/www.regionsaris.sk\/wp-content\/uploads\/2025\/12\/1f4dc.png\" alt=\" \" width=\"16\" height=\"16\" \/><\/span> La posta del castello - Sigillare le lettere come ai vecchi tempi<\/div>\n<div dir=\"auto\"><span class=\"html-span xexx8yu x4uap5 x18d9i69 xkhd6sd x1hl2dhg x16tdsg8 x1vvkbs x3nfvp2 x1j61x8r x1fcty0u xdj266r xat24cr xgzva0m xhhsvwb xxymvpz xlup9mm x1kky2od\"><img loading=\"lazy\" decoding=\"async\" class=\"xz74otr\" src=\"https:\/\/www.regionsaris.sk\/wp-content\/uploads\/2025\/12\/1f3f9.png\" alt=\" \" width=\"16\" height=\"16\" \/><\/span> 19.2. Gara di tiro con l'arco medievale - Prova la tua precisione!<\/div>\n<div dir=\"auto\"><span class=\"html-span xexx8yu x4uap5 x18d9i69 xkhd6sd x1hl2dhg x16tdsg8 x1vvkbs x3nfvp2 x1j61x8r x1fcty0u xdj266r xat24cr xgzva0m xhhsvwb xxymvpz xlup9mm x1kky2od\"><img loading=\"lazy\" decoding=\"async\" class=\"xz74otr\" src=\"https:\/\/www.regionsaris.sk\/wp-content\/uploads\/2025\/12\/2694.png\" alt=\"\u2694\ufe0f\" width=\"16\" height=\"16\" \/><\/span> 20.2. Giochi medievali per bambini - battitura del legno, corsa dei cavalli di legno, tiro alla fune, scacchi.<\/div>\n<div dir=\"auto\"><span class=\"html-span xexx8yu x4uap5 x18d9i69 xkhd6sd x1hl2dhg x16tdsg8 x1vvkbs x3nfvp2 x1j61x8r x1fcty0u xdj266r xat24cr xgzva0m xhhsvwb xxymvpz xlup9mm x1kky2od\"><img loading=\"lazy\" decoding=\"async\" class=\"xz74otr\" src=\"https:\/\/www.regionsaris.sk\/wp-content\/uploads\/2025\/12\/1f525.png\" alt=\" \" width=\"16\" height=\"16\" \/><\/span> 21.2. Cottura tradizionale dei pos\u00fachov - Degustazione nel forno del castello<\/div>\n<div dir=\"auto\"><\/div>\n<div dir=\"auto\"><span class=\"html-span xexx8yu x4uap5 x18d9i69 xkhd6sd x1hl2dhg x16tdsg8 x1vvkbs x3nfvp2 x1j61x8r x1fcty0u xdj266r xat24cr xgzva0m xhhsvwb xxymvpz xlup9mm x1kky2od\"><img loading=\"lazy\" decoding=\"async\" class=\"xz74otr\" src=\"https:\/\/www.regionsaris.sk\/wp-content\/uploads\/2025\/12\/1f953.png\" alt=\" \" width=\"16\" height=\"16\" \/><\/span>Nel cortile del castello saranno disponibili dei focolari (legna e bastoni) per arrostire.<\/div>\n<\/div>\nIn caso di neve, il programma prevede anche escursioni in slitta. Durante tutta la settimana \u00e8 aperto l'Archeoparco del castello, dove \u00e8 possibile conoscere la vita del passato.\n\n<a href=\"https:\/\/www.regionsaris.sk\/wp-content\/uploads\/2025\/12\/Jarne-prazdniny-Hrad-Saris.png\"><img loading=\"lazy\" decoding=\"async\" class=\"wp-image-28981 alignnone\" src=\"https:\/\/www.regionsaris.sk\/wp-content\/uploads\/2025\/12\/Jarne-prazdniny-Hrad-Saris-212x300.png\" alt=\"\" width=\"402\" height=\"569\" \/><\/a>\n\n\u00a0\n\n\u00a0\n<h3><strong>Vacanze sulla neve a Drienica<\/strong><\/h3>\n<ul>\n \t<li data-start=\"113\" data-end=\"144\"><strong data-start=\"115\" data-end=\"125\">Data:<\/strong> Domenica 16.2.2025<\/li>\n \t<li data-start=\"145\" data-end=\"171\"><strong data-start=\"147\" data-end=\"155\">Luogo: area di Tu\u010dnia\u010dik, Drienica<\/strong><\/li>\n<\/ul>\nLa scuola di sci M-Ski invita le famiglie con bambini a una vacanza sugli sci nell'area di Tu\u010dnia\u010dik a Drienica. Domenica 16 febbraio 2025 dalle 10:00 alle 14:00 i bambini potranno divertirsi con lo sci, uno slalom da favola, un incontro con gli animali, un carosello e musica. \u00c8 possibile prenotare un istruttore o sciare autonomamente.\n\nIl prezzo d'ingresso con attrezzatura \u00e8 di 15 \u20ac. Non perdetevi il grande divertimento invernale!\n\n\u00a0\n\n<a href=\"https:\/\/www.regionsaris.sk\/wp-content\/uploads\/2025\/12\/477564255_1164284489031274_7711325529265915015_n.jpg\"><img loading=\"lazy\" decoding=\"async\" class=\"wp-image-28989 alignnone\" src=\"https:\/\/www.regionsaris.sk\/wp-content\/uploads\/2025\/12\/477564255_1164284489031274_7711325529265915015_n-240x300.jpg\" alt=\"\" width=\"407\" height=\"509\" \/><\/a>\n\n\u00a0\n\n\u00a0\n<div><\/div>\n<h4>Ricerca di opali per bambini nelle miniere di opale slovacche<\/h4>\nData: 17 e 21 febbraio 2025\nLuogo.\n\nLe Miniere di Opale Slovacche offrono un'avventura unica nel sottosuolo. Durante le date speciali di vacanza, i bambini possono unirsi alla ricerca dell'opale e scoprire i segreti di queste miniere uniche con l'aiuto di guide esperte. Alla fine, potranno portare via un piccolo souvenir. Per saperne di pi\u00f9 <a href=\"https:\/\/fb.me\/e\/2Rf5lsRug\">sul link.<\/a>\n\n<a href=\"https:\/\/www.regionsaris.sk\/wp-content\/uploads\/2025\/12\/1-Slovenske-opalove-bane-Foto_-OOCR-Region-Saris.jpg\"><img loading=\"lazy\" decoding=\"async\" class=\"wp-image-28993 alignnone\" src=\"https:\/\/www.regionsaris.sk\/wp-content\/uploads\/2025\/12\/1-Slovenske-opalove-bane-Foto_-OOCR-Region-Saris-300x200.jpg\" alt=\"\" width=\"612\" height=\"408\" \/><\/a>\n\n\u00a0\n\n\u00a0\n\n\u00a0\n<div><\/div>\n<h4>Il sentiero delle fiabe di Miklusz il folletto<\/h4>\nLuogo: percorso naturalistico nel villaggio di Miklu\u0161ovce\n\nPer le famiglie che amano le passeggiate nella natura, il sentiero degli gnomi di Miklus \u00e8 un'ottima scelta. Questo sentiero divertente ed educativo offre molte tappe interessanti che insegnano ai bambini la natura e la storia della regione in modo giocoso.\n\n\u00a0\n\n<a href=\"https:\/\/www.regionsaris.sk\/wp-content\/uploads\/2024\/11\/PXL_20240811_080259149-scaled.jpg\"><img loading=\"lazy\" decoding=\"async\" class=\"wp-image-24060 alignnone\" src=\"https:\/\/www.regionsaris.sk\/wp-content\/uploads\/2025\/12\/PXL_20240811_080259149-scaled.jpg\" alt=\"\" width=\"602\" height=\"339\" \/><\/a>\n<div><\/div>\n<div><\/div>\n<h4>Avventure acquatiche per i pi\u00f9 piccoli all'Aquapark Lipany<\/h4>\nLuogo: Aquapark Lipany\n\nL'Aquapark Lipany \u00e8 un luogo ideale per trascorrere momenti in famiglia all'insegna della gioia e del divertimento. I bambini possono usufruire di una piscina sicura progettata per i pi\u00f9 piccoli, dove possono scoprire il mondo acquatico. La piacevole atmosfera \u00e8 completata dall'acqua calda e dall'ambiente confortevole.\n<div><a href=\"https:\/\/www.regionsaris.sk\/wp-content\/uploads\/2025\/02\/IMG_0003-scaled.jpg\"><img loading=\"lazy\" decoding=\"async\" class=\"wp-image-28997 alignnone\" src=\"https:\/\/www.regionsaris.sk\/wp-content\/uploads\/2025\/12\/IMG_0003-scaled.jpg\" alt=\"\" width=\"539\" height=\"359\" \/><\/a><\/div>\n<div><\/div>\n<div><\/div>\n<h4>Carnevale sul ghiaccio<\/h4>\nData: 23 febbraio 2025 alle 14:00\nLuogo.\n\nA Sabinov, durante le vacanze di primavera, si terr\u00e0 un carnevale sul ghiaccio. Il programma prevede esibizioni dei membri del club di pattinaggio artistico KK Kraso Pre\u0161ov, gare sportive, pattinaggio in maschera e un concorso per la maschera pi\u00f9 bella. L'ingresso sul ghiaccio \u00e8 consentito solo in maschera.\n<div><\/div>\n<div>\n\n<a href=\"https:\/\/www.regionsaris.sk\/wp-content\/uploads\/2025\/02\/Karneval-na-lade-scaled.jpg\"><img loading=\"lazy\" decoding=\"async\" class=\"wp-image-28807 alignnone\" src=\"https:\/\/www.regionsaris.sk\/wp-content\/uploads\/2025\/02\/Karneval-na-lade-212x300.jpg\" alt=\"\" width=\"405\" height=\"573\" \/><\/a>\n\n<\/div>\n<div><\/div>\n<p data-pm-slice=\"1 1 []\"><em>La regione di \u0160ari\u0161 offre una vasta gamma di attivit\u00e0 per le famiglie con bambini durante le vacanze di primavera. Che decidiate di scoprire la storia al Castello di \u0160ari\u0161, di vivere un'avventura nelle miniere di opale, di fare una passeggiata lungo il sentiero degli gnomi di Miklusz, di divertirvi in acqua a Lipany, di divertirvi al carnevale sul ghiaccio o di scatenarvi sulla pista di Drienice, vivrete sicuramente esperienze indimenticabili. Pianificate il vostro programma e trascorrete le vacanze all'insegna della gioia, del movimento e dell'avventura.<\/em><\/p>","protected":false},"excerpt":{"rendered":"<p>H\u013ead\u00e1te in\u0161pir\u00e1ciu, kam s de\u0165mi na jarn\u00e9 pr\u00e1zdniny v regi\u00f3ne \u0160ari\u0161? Tento kr\u00e1sny k\u00fat Slovenska...<\/p>","protected":false},"author":1,"featured_media":547,"comment_status":"open","ping_status":"open","sticky":false,"template":"","format":"standard","meta":{"_acf_changed":false,"footnotes":""},"categories":[1],"tags":[],"class_list":["post-533","post","type-post","status-publish","format-standard","has-post-thumbnail","hentry","category-novinky"],"acf":[],"yoast_head":"<!-- This site is optimized with the Yoast SEO Premium plugin v26.3 (Yoast SEO v26.8) - https:\/\/yoast.com\/product\/yoast-seo-premium-wordpress\/ -->\n<title>Kam na jarn\u00e9 pr\u00e1zdniny s de\u0165mi v regi\u00f3ne \u0160ari\u0161? - OOCR \u0160ari\u0161<\/title>\n<meta name=\"robots\" content=\"index, follow, max-snippet:-1, max-image-preview:large, max-video-preview:-1\" \/>\n<link rel=\"canonical\" href=\"https:\/\/www.regionsaris.sk\/it\/kam-na-jarne-prazdniny-s-detmi-v-regione-saris\/\" \/>\n<meta property=\"og:locale\" content=\"it_IT\" \/>\n<meta property=\"og:type\" content=\"article\" \/>\n<meta property=\"og:title\" content=\"Kam na jarn\u00e9 pr\u00e1zdniny s de\u0165mi v regi\u00f3ne \u0160ari\u0161?\" \/>\n<meta property=\"og:description\" content=\"H\u013ead\u00e1te in\u0161pir\u00e1ciu, kam s de\u0165mi na jarn\u00e9 pr\u00e1zdniny v regi\u00f3ne \u0160ari\u0161? Tento kr\u00e1sny k\u00fat Slovenska...\" \/>\n<meta property=\"og:url\" content=\"https:\/\/www.regionsaris.sk\/it\/kam-na-jarne-prazdniny-s-detmi-v-regione-saris\/\" \/>\n<meta property=\"og:site_name\" content=\"OOCR \u0160ari\u0161\" \/>\n<meta property=\"article:published_time\" content=\"2025-02-14T10:24:13+00:00\" \/>\n<meta property=\"article:modified_time\" content=\"2025-12-15T09:11:36+00:00\" \/>\n<meta property=\"og:image\" content=\"https:\/\/www.regionsaris.sk\/wp-content\/uploads\/2025\/12\/1-Slovenske-opalove-bane-Foto_-OOCR-Region-Saris.jpg\" \/>\n\t<meta property=\"og:image:width\" content=\"1200\" \/>\n\t<meta property=\"og:image:height\" content=\"801\" \/>\n\t<meta property=\"og:image:type\" content=\"image\/jpeg\" \/>\n<meta name=\"author\" content=\"dev@bigway.sk\" \/>\n<meta name=\"twitter:card\" content=\"summary_large_image\" \/>\n<meta name=\"twitter:label1\" content=\"Scritto da\" \/>\n\t<meta name=\"twitter:data1\" content=\"dev@bigway.sk\" \/>\n\t<meta name=\"twitter:label2\" content=\"Tempo di lettura stimato\" \/>\n\t<meta name=\"twitter:data2\" content=\"4 minuti\" \/>\n<script type=\"application\/ld+json\" class=\"yoast-schema-graph\">{\"@context\":\"https:\/\/schema.org\",\"@graph\":[{\"@type\":\"Article\",\"@id\":\"https:\/\/www.regionsaris.sk\/kam-na-jarne-prazdniny-s-detmi-v-regione-saris\/#article\",\"isPartOf\":{\"@id\":\"https:\/\/www.regionsaris.sk\/kam-na-jarne-prazdniny-s-detmi-v-regione-saris\/\"},\"author\":{\"name\":\"dev@bigway.sk\",\"@id\":\"https:\/\/www.regionsaris.sk\/#\/schema\/person\/30fad06d87cd12ad1d94ff5fbd6919d1\"},\"headline\":\"Kam na jarn\u00e9 pr\u00e1zdniny s de\u0165mi v regi\u00f3ne \u0160ari\u0161?\",\"datePublished\":\"2025-02-14T10:24:13+00:00\",\"dateModified\":\"2025-12-15T09:11:36+00:00\",\"mainEntityOfPage\":{\"@id\":\"https:\/\/www.regionsaris.sk\/kam-na-jarne-prazdniny-s-detmi-v-regione-saris\/\"},\"wordCount\":729,\"commentCount\":0,\"image\":{\"@id\":\"https:\/\/www.regionsaris.sk\/kam-na-jarne-prazdniny-s-detmi-v-regione-saris\/#primaryimage\"},\"thumbnailUrl\":\"https:\/\/www.regionsaris.sk\/wp-content\/uploads\/2025\/12\/1-Slovenske-opalove-bane-Foto_-OOCR-Region-Saris.jpg\",\"articleSection\":[\"Novinky\"],\"inLanguage\":\"it-IT\",\"potentialAction\":[{\"@type\":\"CommentAction\",\"name\":\"Comment\",\"target\":[\"https:\/\/www.regionsaris.sk\/kam-na-jarne-prazdniny-s-detmi-v-regione-saris\/#respond\"]}]},{\"@type\":\"WebPage\",\"@id\":\"https:\/\/www.regionsaris.sk\/kam-na-jarne-prazdniny-s-detmi-v-regione-saris\/\",\"url\":\"https:\/\/www.regionsaris.sk\/kam-na-jarne-prazdniny-s-detmi-v-regione-saris\/\",\"name\":\"Kam na jarn\u00e9 pr\u00e1zdniny s de\u0165mi v regi\u00f3ne \u0160ari\u0161? - OOCR \u0160ari\u0161\",\"isPartOf\":{\"@id\":\"https:\/\/www.regionsaris.sk\/#website\"},\"primaryImageOfPage\":{\"@id\":\"https:\/\/www.regionsaris.sk\/kam-na-jarne-prazdniny-s-detmi-v-regione-saris\/#primaryimage\"},\"image\":{\"@id\":\"https:\/\/www.regionsaris.sk\/kam-na-jarne-prazdniny-s-detmi-v-regione-saris\/#primaryimage\"},\"thumbnailUrl\":\"https:\/\/www.regionsaris.sk\/wp-content\/uploads\/2025\/12\/1-Slovenske-opalove-bane-Foto_-OOCR-Region-Saris.jpg\",\"datePublished\":\"2025-02-14T10:24:13+00:00\",\"dateModified\":\"2025-12-15T09:11:36+00:00\",\"author\":{\"@id\":\"https:\/\/www.regionsaris.sk\/#\/schema\/person\/30fad06d87cd12ad1d94ff5fbd6919d1\"},\"breadcrumb\":{\"@id\":\"https:\/\/www.regionsaris.sk\/kam-na-jarne-prazdniny-s-detmi-v-regione-saris\/#breadcrumb\"},\"inLanguage\":\"it-IT\",\"potentialAction\":[{\"@type\":\"ReadAction\",\"target\":[\"https:\/\/www.regionsaris.sk\/kam-na-jarne-prazdniny-s-detmi-v-regione-saris\/\"]}]},{\"@type\":\"ImageObject\",\"inLanguage\":\"it-IT\",\"@id\":\"https:\/\/www.regionsaris.sk\/kam-na-jarne-prazdniny-s-detmi-v-regione-saris\/#primaryimage\",\"url\":\"https:\/\/www.regionsaris.sk\/wp-content\/uploads\/2025\/12\/1-Slovenske-opalove-bane-Foto_-OOCR-Region-Saris.jpg\",\"contentUrl\":\"https:\/\/www.regionsaris.sk\/wp-content\/uploads\/2025\/12\/1-Slovenske-opalove-bane-Foto_-OOCR-Region-Saris.jpg\",\"width\":1200,\"height\":801},{\"@type\":\"BreadcrumbList\",\"@id\":\"https:\/\/www.regionsaris.sk\/kam-na-jarne-prazdniny-s-detmi-v-regione-saris\/#breadcrumb\",\"itemListElement\":[{\"@type\":\"ListItem\",\"position\":1,\"name\":\"Domov\",\"item\":\"https:\/\/www.regionsaris.sk\/\"},{\"@type\":\"ListItem\",\"position\":2,\"name\":\"Kam na jarn\u00e9 pr\u00e1zdniny s de\u0165mi v regi\u00f3ne \u0160ari\u0161?\"}]},{\"@type\":\"WebSite\",\"@id\":\"https:\/\/www.regionsaris.sk\/#website\",\"url\":\"https:\/\/www.regionsaris.sk\/\",\"name\":\"OOCR \u0160ari\u0161\",\"description\":\"\",\"potentialAction\":[{\"@type\":\"SearchAction\",\"target\":{\"@type\":\"EntryPoint\",\"urlTemplate\":\"https:\/\/www.regionsaris.sk\/?s={search_term_string}\"},\"query-input\":{\"@type\":\"PropertyValueSpecification\",\"valueRequired\":true,\"valueName\":\"search_term_string\"}}],\"inLanguage\":\"it-IT\"},{\"@type\":\"Person\",\"@id\":\"https:\/\/www.regionsaris.sk\/#\/schema\/person\/30fad06d87cd12ad1d94ff5fbd6919d1\",\"name\":\"dev@bigway.sk\",\"image\":{\"@type\":\"ImageObject\",\"inLanguage\":\"it-IT\",\"@id\":\"https:\/\/www.regionsaris.sk\/#\/schema\/person\/image\/\",\"url\":\"https:\/\/secure.gravatar.com\/avatar\/013b34bc1192067340cff024d72adf40af543d15809da0502beda083cb4f28a2?s=96&d=mm&r=g\",\"contentUrl\":\"https:\/\/secure.gravatar.com\/avatar\/013b34bc1192067340cff024d72adf40af543d15809da0502beda083cb4f28a2?s=96&d=mm&r=g\",\"caption\":\"dev@bigway.sk\"},\"sameAs\":[\"https:\/\/www.regionsaris.sk\"],\"url\":\"https:\/\/www.regionsaris.sk\/it\/author\/devbigway-sk\/\"}]}<\/script>\n<!-- \/ Yoast SEO Premium plugin. -->","yoast_head_json":{"title":"Kam na jarn\u00e9 pr\u00e1zdniny s de\u0165mi v regi\u00f3ne \u0160ari\u0161? - OOCR \u0160ari\u0161","robots":{"index":"index","follow":"follow","max-snippet":"max-snippet:-1","max-image-preview":"max-image-preview:large","max-video-preview":"max-video-preview:-1"},"canonical":"https:\/\/www.regionsaris.sk\/it\/kam-na-jarne-prazdniny-s-detmi-v-regione-saris\/","og_locale":"it_IT","og_type":"article","og_title":"Kam na jarn\u00e9 pr\u00e1zdniny s de\u0165mi v regi\u00f3ne \u0160ari\u0161?","og_description":"H\u013ead\u00e1te in\u0161pir\u00e1ciu, kam s de\u0165mi na jarn\u00e9 pr\u00e1zdniny v regi\u00f3ne \u0160ari\u0161? Tento kr\u00e1sny k\u00fat Slovenska...","og_url":"https:\/\/www.regionsaris.sk\/it\/kam-na-jarne-prazdniny-s-detmi-v-regione-saris\/","og_site_name":"OOCR \u0160ari\u0161","article_published_time":"2025-02-14T10:24:13+00:00","article_modified_time":"2025-12-15T09:11:36+00:00","og_image":[{"width":1200,"height":801,"url":"https:\/\/www.regionsaris.sk\/wp-content\/uploads\/2025\/12\/1-Slovenske-opalove-bane-Foto_-OOCR-Region-Saris.jpg","type":"image\/jpeg"}],"author":"dev@bigway.sk","twitter_card":"summary_large_image","twitter_misc":{"Scritto da":"dev@bigway.sk","Tempo di lettura stimato":"4 minuti"},"schema":{"@context":"https:\/\/schema.org","@graph":[{"@type":"Article","@id":"https:\/\/www.regionsaris.sk\/kam-na-jarne-prazdniny-s-detmi-v-regione-saris\/#article","isPartOf":{"@id":"https:\/\/www.regionsaris.sk\/kam-na-jarne-prazdniny-s-detmi-v-regione-saris\/"},"author":{"name":"dev@bigway.sk","@id":"https:\/\/www.regionsaris.sk\/#\/schema\/person\/30fad06d87cd12ad1d94ff5fbd6919d1"},"headline":"Kam na jarn\u00e9 pr\u00e1zdniny s de\u0165mi v regi\u00f3ne \u0160ari\u0161?","datePublished":"2025-02-14T10:24:13+00:00","dateModified":"2025-12-15T09:11:36+00:00","mainEntityOfPage":{"@id":"https:\/\/www.regionsaris.sk\/kam-na-jarne-prazdniny-s-detmi-v-regione-saris\/"},"wordCount":729,"commentCount":0,"image":{"@id":"https:\/\/www.regionsaris.sk\/kam-na-jarne-prazdniny-s-detmi-v-regione-saris\/#primaryimage"},"thumbnailUrl":"https:\/\/www.regionsaris.sk\/wp-content\/uploads\/2025\/12\/1-Slovenske-opalove-bane-Foto_-OOCR-Region-Saris.jpg","articleSection":["Novinky"],"inLanguage":"it-IT","potentialAction":[{"@type":"CommentAction","name":"Comment","target":["https:\/\/www.regionsaris.sk\/kam-na-jarne-prazdniny-s-detmi-v-regione-saris\/#respond"]}]},{"@type":"WebPage","@id":"https:\/\/www.regionsaris.sk\/kam-na-jarne-prazdniny-s-detmi-v-regione-saris\/","url":"https:\/\/www.regionsaris.sk\/kam-na-jarne-prazdniny-s-detmi-v-regione-saris\/","name":"Kam na jarn\u00e9 pr\u00e1zdniny s de\u0165mi v regi\u00f3ne \u0160ari\u0161? - OOCR \u0160ari\u0161","isPartOf":{"@id":"https:\/\/www.regionsaris.sk\/#website"},"primaryImageOfPage":{"@id":"https:\/\/www.regionsaris.sk\/kam-na-jarne-prazdniny-s-detmi-v-regione-saris\/#primaryimage"},"image":{"@id":"https:\/\/www.regionsaris.sk\/kam-na-jarne-prazdniny-s-detmi-v-regione-saris\/#primaryimage"},"thumbnailUrl":"https:\/\/www.regionsaris.sk\/wp-content\/uploads\/2025\/12\/1-Slovenske-opalove-bane-Foto_-OOCR-Region-Saris.jpg","datePublished":"2025-02-14T10:24:13+00:00","dateModified":"2025-12-15T09:11:36+00:00","author":{"@id":"https:\/\/www.regionsaris.sk\/#\/schema\/person\/30fad06d87cd12ad1d94ff5fbd6919d1"},"breadcrumb":{"@id":"https:\/\/www.regionsaris.sk\/kam-na-jarne-prazdniny-s-detmi-v-regione-saris\/#breadcrumb"},"inLanguage":"it-IT","potentialAction":[{"@type":"ReadAction","target":["https:\/\/www.regionsaris.sk\/kam-na-jarne-prazdniny-s-detmi-v-regione-saris\/"]}]},{"@type":"ImageObject","inLanguage":"it-IT","@id":"https:\/\/www.regionsaris.sk\/kam-na-jarne-prazdniny-s-detmi-v-regione-saris\/#primaryimage","url":"https:\/\/www.regionsaris.sk\/wp-content\/uploads\/2025\/12\/1-Slovenske-opalove-bane-Foto_-OOCR-Region-Saris.jpg","contentUrl":"https:\/\/www.regionsaris.sk\/wp-content\/uploads\/2025\/12\/1-Slovenske-opalove-bane-Foto_-OOCR-Region-Saris.jpg","width":1200,"height":801},{"@type":"BreadcrumbList","@id":"https:\/\/www.regionsaris.sk\/kam-na-jarne-prazdniny-s-detmi-v-regione-saris\/#breadcrumb","itemListElement":[{"@type":"ListItem","position":1,"name":"Domov","item":"https:\/\/www.regionsaris.sk\/"},{"@type":"ListItem","position":2,"name":"Kam na jarn\u00e9 pr\u00e1zdniny s de\u0165mi v regi\u00f3ne \u0160ari\u0161?"}]},{"@type":"WebSite","@id":"https:\/\/www.regionsaris.sk\/#website","url":"https:\/\/www.regionsaris.sk\/","name":"OOCR \u0160ari\u0161","description":"","potentialAction":[{"@type":"SearchAction","target":{"@type":"EntryPoint","urlTemplate":"https:\/\/www.regionsaris.sk\/?s={search_term_string}"},"query-input":{"@type":"PropertyValueSpecification","valueRequired":true,"valueName":"search_term_string"}}],"inLanguage":"it-IT"},{"@type":"Person","@id":"https:\/\/www.regionsaris.sk\/#\/schema\/person\/30fad06d87cd12ad1d94ff5fbd6919d1","name":"dev@bigway.sk","image":{"@type":"ImageObject","inLanguage":"it-IT","@id":"https:\/\/www.regionsaris.sk\/#\/schema\/person\/image\/","url":"https:\/\/secure.gravatar.com\/avatar\/013b34bc1192067340cff024d72adf40af543d15809da0502beda083cb4f28a2?s=96&d=mm&r=g","contentUrl":"https:\/\/secure.gravatar.com\/avatar\/013b34bc1192067340cff024d72adf40af543d15809da0502beda083cb4f28a2?s=96&d=mm&r=g","caption":"dev@bigway.sk"},"sameAs":["https:\/\/www.regionsaris.sk"],"url":"https:\/\/www.regionsaris.sk\/it\/author\/devbigway-sk\/"}]}},"_links":{"self":[{"href":"https:\/\/www.regionsaris.sk\/it\/wp-json\/wp\/v2\/posts\/533","targetHints":{"allow":["GET"]}}],"collection":[{"href":"https:\/\/www.regionsaris.sk\/it\/wp-json\/wp\/v2\/posts"}],"about":[{"href":"https:\/\/www.regionsaris.sk\/it\/wp-json\/wp\/v2\/types\/post"}],"author":[{"embeddable":true,"href":"https:\/\/www.regionsaris.sk\/it\/wp-json\/wp\/v2\/users\/1"}],"replies":[{"embeddable":true,"href":"https:\/\/www.regionsaris.sk\/it\/wp-json\/wp\/v2\/comments?post=533"}],"version-history":[{"count":1,"href":"https:\/\/www.regionsaris.sk\/it\/wp-json\/wp\/v2\/posts\/533\/revisions"}],"predecessor-version":[{"id":549,"href":"https:\/\/www.regionsaris.sk\/it\/wp-json\/wp\/v2\/posts\/533\/revisions\/549"}],"wp:featuredmedia":[{"embeddable":true,"href":"https:\/\/www.regionsaris.sk\/it\/wp-json\/wp\/v2\/media\/547"}],"wp:attachment":[{"href":"https:\/\/www.regionsaris.sk\/it\/wp-json\/wp\/v2\/media?parent=533"}],"wp:term":[{"taxonomy":"category","embeddable":true,"href":"https:\/\/www.regionsaris.sk\/it\/wp-json\/wp\/v2\/categories?post=533"},{"taxonomy":"post_tag","embeddable":true,"href":"https:\/\/www.regionsaris.sk\/it\/wp-json\/wp\/v2\/tags?post=533"}],"curies":[{"name":"wp","href":"https:\/\/api.w.org\/{rel}","templated":true}]}}