{"id":512,"date":"2024-12-19T13:13:34","date_gmt":"2024-12-19T12:13:34","guid":{"rendered":"https:\/\/www.regionsaris.sk\/kam-na-zimne-vylety-v-regione-saris\/"},"modified":"2025-12-15T10:11:03","modified_gmt":"2025-12-15T09:11:03","slug":"kam-na-zimne-vylety-v-regione-saris","status":"publish","type":"post","link":"https:\/\/www.regionsaris.sk\/it\/kam-na-zimne-vylety-v-regione-saris\/","title":{"rendered":"Dove fare escursioni invernali nella regione di \u0160ari\u0161"},"content":{"rendered":"<span style=\"font-weight: 400;\">Con l'arrivo della stagione invernale, la regione di \u0160ari\u0161 apre nuove opportunit\u00e0 per scoprire le bellezze naturali, i panorami mozzafiato e i luoghi di relax attivo. Che siate amanti delle escursioni, delle bellezze naturali o degli sport attivi, \u0160ari\u0161 vi accoglier\u00e0 con una ricca offerta di attivit\u00e0. Ecco una panoramica di luoghi interessanti che non dovrebbero mancare nel vostro programma invernale.<\/span>\n\n\u00a0\n<h3><b>1. Pattinare sul lago artificiale di Sigord<\/b><\/h3>\n<span style=\"font-weight: 400;\">Quando le gelate producono una superficie ghiacciata solida, nella zona di<strong> il bacino di Sigord<\/strong> \u00e8 la possibilit\u00e0 di pattinare in modo naturale. La sicurezza del pattinaggio \u00e8 curata dall'associazione <em>Chavargy<\/em>, che misura regolarmente lo spessore del ghiaccio e riporta le condizioni sui social media (<a href=\"https:\/\/www.facebook.com\/lodenicasigord\">Facebook e Instagram - Sigord Boathouse<\/a>). Oltre ai servizi gratuiti come spazzaneve, porte da hockey e attrezzature per il pattinaggio per i bambini, \u00e8 possibile noleggiare i pattini a pagamento. I visitatori possono gustare t\u00e8 caldo, cioccolata calda o vin brul\u00e9 presso la caffetteria vicino al lago artificiale. Nei fine settimana e nei giorni festivi \u00e8 possibile pattinare anche di sera fino alle 19.00.<\/span>\n\n<span style=\"font-weight: 400;\">Intorno al lago artificiale corre <strong>percorso naturalistico<\/strong>, che \u00e8 accessibile anche in inverno e ha una lunghezza di <strong>1 km<\/strong>. Il sentiero \u00e8 dotato di panchine con vista sull'acqua e di tre pannelli informativi sulla fauna di Sigord. Si raccomanda di indossare stivali invernali e di prestare attenzione quando si cammina su un terreno leggermente esposto.\u00a0<\/span>\n\n<a href=\"https:\/\/www.regionsaris.sk\/wp-content\/uploads\/2024\/12\/IMG_20240112_153452-scaled.jpg\"><img loading=\"lazy\" decoding=\"async\" class=\"wp-image-25203 alignnone\" src=\"https:\/\/www.regionsaris.sk\/wp-content\/uploads\/2025\/12\/IMG_20240112_153452-scaled.jpg\" alt=\"\" width=\"704\" height=\"396\" \/><\/a>\n\n\u00a0\n<h3><b>2. \u010cergovsk\u00fd Min\u010dol<\/b><\/h3>\n<span style=\"font-weight: 400;\">La cima del Min\u010dol, con un'altitudine di 1157 m, \u00e8 il punto pi\u00f9 alto dei Monti \u010cergov ed \u00e8 stata dichiarata Riserva Naturale Nazionale nel 1986 per proteggere la tipica flora dei Carpazi. I sentieri escursionistici segnalati, accessibili anche in inverno, vi guideranno in questa splendida area piena di silenzio e di maestosit\u00e0 della natura. I percorsi pi\u00f9 popolari partono dai villaggi di Kamenica, Kyjov o \u0160ari\u0161sk\u00e9 Jatrabie. In inverno c'\u00e8 molta neve e spesso c'\u00e8 vento. In caso di bel tempo si possono vedere gli Alti Tatra.\u00a0<\/span>\n\n\u00a0\n\n<a href=\"https:\/\/www.regionsaris.sk\/wp-content\/uploads\/2024\/12\/DSCF2338-scaled.jpg\"><img loading=\"lazy\" decoding=\"async\" class=\"wp-image-25224 alignnone\" src=\"https:\/\/www.regionsaris.sk\/wp-content\/uploads\/2025\/12\/DSCF2338-scaled.jpg\" alt=\"\" width=\"714\" height=\"476\" \/><\/a>\n\n\u00a0\n\n\u00a0\n<h3><b>3. Torre panoramica sotto la vetta del Bala\u017eka<\/b><\/h3>\n\u00a0\n\n<span style=\"font-weight: 400;\">La torre panoramica sotto la cima del Bal\u00e1\u017eka, a 598 m di altitudine, offre una vista mozzafiato su Lipany, Kamenick\u00fd hrad e la cresta di \u010cergov. Sono accessibili due circuiti: il circuito della Piccola Roccia con un punto panoramico alla croce, il pozzo italiano e un microverso geologico, e il circuito della Grande Roccia, che conduce lungo la cresta di Balazka. Il percorso facile dal polder alla torre panoramica dura circa 40 minuti.\u00a0<\/span>\n\n\u00a0\n\n<a href=\"https:\/\/www.regionsaris.sk\/wp-content\/uploads\/2025\/12\/No-6-Rozhladna-1.jpg\"><img loading=\"lazy\" decoding=\"async\" class=\"wp-image-25213 alignnone\" src=\"https:\/\/www.regionsaris.sk\/wp-content\/uploads\/2025\/12\/No-6-Rozhladna-1-300x225.jpg\" alt=\"\" width=\"715\" height=\"536\" \/><\/a>\n\n\u00a0\n<h3><strong>4. Rilassarsi anche durante le giornate fredde all'Aquapark Lipany<\/strong><\/h3>\nAnche se le temperature scendono sotto lo zero, l'Aquapark Lipany rimane un luogo dove riscaldarsi e godersi il meritato riposo. Le piscine termali con acqua piacevolmente calda sono un rifugio ideale dal freddo invernale. Grazie alla composizione minerale dell'acqua, non solo vi rilasserete, ma rafforzerete anche la vostra salute: gli effetti benefici delle sorgenti termali saranno particolarmente apprezzati dalle articolazioni e dai muscoli.\n\nOltre alle piscine, vi aspettano servizi di benessere come saune e massaggi. Per le famiglie con bambini, ci sono attrazioni acquatiche divertenti per tutti.\n\n\u00a0\n\n<a href=\"https:\/\/www.regionsaris.sk\/wp-content\/uploads\/2024\/12\/PXL_20240713_072943037-scaled.jpg\"><img loading=\"lazy\" decoding=\"async\" class=\"wp-image-25217 alignnone\" src=\"https:\/\/www.regionsaris.sk\/wp-content\/uploads\/2025\/12\/PXL_20240713_072943037-scaled.jpg\" alt=\"\" width=\"714\" height=\"402\" \/><\/a>\n\n\u00a0\n<h3><\/h3>\n<h3><b>5. Pista di pattinaggio multifunzionale a Lipany<\/b><\/h3>\n<span style=\"font-weight: 400;\">A met\u00e0 novembre apre a Lipany una pista di pattinaggio multifunzionale. C'\u00e8 un programma di pattinaggio scolastico, lezioni pubbliche e noleggi privati: una scelta ideale per le famiglie e gli appassionati di sport. Per ulteriori informazioni, visitate il sito web della Citt\u00e0 di Lipany (<a href=\"http:\/\/www.lipany.sk\">www.lipany.sk<\/a>).<\/span>\n\n<a href=\"https:\/\/www.regionsaris.sk\/wp-content\/uploads\/2025\/12\/466040369_10224914118312110_7310268891264842370_n_ece26c_md.jpg\"><img loading=\"lazy\" decoding=\"async\" class=\"wp-image-25228 alignnone\" src=\"https:\/\/www.regionsaris.sk\/wp-content\/uploads\/2025\/12\/466040369_10224914118312110_7310268891264842370_n_ece26c_md-300x169.jpg\" alt=\"\" width=\"721\" height=\"406\" \/><\/a>\n\n\u00a0\n\n\u00a0\n\n\u00a0\n\n\u00a0\n\n\u00a0","protected":false},"excerpt":{"rendered":"<p>S pr\u00edchodom zimnej sez\u00f3ny sa v regi\u00f3ne \u0160ari\u0161 otv\u00e1raj\u00fa nov\u00e9 mo\u017enosti na objavovanie pr\u00edrodn\u00fdch kr\u00e1s,...<\/p>","protected":false},"author":1,"featured_media":519,"comment_status":"open","ping_status":"open","sticky":false,"template":"","format":"standard","meta":{"_acf_changed":false,"footnotes":""},"categories":[1],"tags":[],"class_list":["post-512","post","type-post","status-publish","format-standard","has-post-thumbnail","hentry","category-novinky"],"acf":[],"yoast_head":"<!-- This site is optimized with the Yoast SEO Premium plugin v26.3 (Yoast SEO v26.8) - https:\/\/yoast.com\/product\/yoast-seo-premium-wordpress\/ -->\n<title>Kam na zimn\u00e9 v\u00fdlety v regi\u00f3ne \u0160ari\u0161 - OOCR \u0160ari\u0161<\/title>\n<meta name=\"robots\" content=\"index, follow, max-snippet:-1, max-image-preview:large, max-video-preview:-1\" \/>\n<link rel=\"canonical\" href=\"https:\/\/www.regionsaris.sk\/it\/kam-na-zimne-vylety-v-regione-saris\/\" \/>\n<meta property=\"og:locale\" content=\"it_IT\" \/>\n<meta property=\"og:type\" content=\"article\" \/>\n<meta property=\"og:title\" content=\"Kam na zimn\u00e9 v\u00fdlety v regi\u00f3ne \u0160ari\u0161\" \/>\n<meta property=\"og:description\" content=\"S pr\u00edchodom zimnej sez\u00f3ny sa v regi\u00f3ne \u0160ari\u0161 otv\u00e1raj\u00fa nov\u00e9 mo\u017enosti na objavovanie pr\u00edrodn\u00fdch kr\u00e1s,...\" \/>\n<meta property=\"og:url\" content=\"https:\/\/www.regionsaris.sk\/it\/kam-na-zimne-vylety-v-regione-saris\/\" \/>\n<meta property=\"og:site_name\" content=\"OOCR \u0160ari\u0161\" \/>\n<meta property=\"article:published_time\" content=\"2024-12-19T12:13:34+00:00\" \/>\n<meta property=\"article:modified_time\" content=\"2025-12-15T09:11:03+00:00\" \/>\n<meta property=\"og:image\" content=\"https:\/\/www.regionsaris.sk\/wp-content\/uploads\/2025\/12\/Cergov-scaled-1.jpg\" \/>\n\t<meta property=\"og:image:width\" content=\"2560\" \/>\n\t<meta property=\"og:image:height\" content=\"1709\" \/>\n\t<meta property=\"og:image:type\" content=\"image\/jpeg\" \/>\n<meta name=\"author\" content=\"dev@bigway.sk\" \/>\n<meta name=\"twitter:card\" content=\"summary_large_image\" \/>\n<meta name=\"twitter:label1\" content=\"Scritto da\" \/>\n\t<meta name=\"twitter:data1\" content=\"dev@bigway.sk\" \/>\n\t<meta name=\"twitter:label2\" content=\"Tempo di lettura stimato\" \/>\n\t<meta name=\"twitter:data2\" content=\"3 minuti\" \/>\n<script type=\"application\/ld+json\" class=\"yoast-schema-graph\">{\"@context\":\"https:\/\/schema.org\",\"@graph\":[{\"@type\":\"Article\",\"@id\":\"https:\/\/www.regionsaris.sk\/kam-na-zimne-vylety-v-regione-saris\/#article\",\"isPartOf\":{\"@id\":\"https:\/\/www.regionsaris.sk\/kam-na-zimne-vylety-v-regione-saris\/\"},\"author\":{\"name\":\"dev@bigway.sk\",\"@id\":\"https:\/\/www.regionsaris.sk\/#\/schema\/person\/30fad06d87cd12ad1d94ff5fbd6919d1\"},\"headline\":\"Kam na zimn\u00e9 v\u00fdlety v regi\u00f3ne \u0160ari\u0161\",\"datePublished\":\"2024-12-19T12:13:34+00:00\",\"dateModified\":\"2025-12-15T09:11:03+00:00\",\"mainEntityOfPage\":{\"@id\":\"https:\/\/www.regionsaris.sk\/kam-na-zimne-vylety-v-regione-saris\/\"},\"wordCount\":636,\"commentCount\":0,\"image\":{\"@id\":\"https:\/\/www.regionsaris.sk\/kam-na-zimne-vylety-v-regione-saris\/#primaryimage\"},\"thumbnailUrl\":\"https:\/\/www.regionsaris.sk\/wp-content\/uploads\/2025\/12\/Cergov-scaled-1.jpg\",\"articleSection\":[\"Novinky\"],\"inLanguage\":\"it-IT\",\"potentialAction\":[{\"@type\":\"CommentAction\",\"name\":\"Comment\",\"target\":[\"https:\/\/www.regionsaris.sk\/kam-na-zimne-vylety-v-regione-saris\/#respond\"]}]},{\"@type\":\"WebPage\",\"@id\":\"https:\/\/www.regionsaris.sk\/kam-na-zimne-vylety-v-regione-saris\/\",\"url\":\"https:\/\/www.regionsaris.sk\/kam-na-zimne-vylety-v-regione-saris\/\",\"name\":\"Kam na zimn\u00e9 v\u00fdlety v regi\u00f3ne \u0160ari\u0161 - OOCR \u0160ari\u0161\",\"isPartOf\":{\"@id\":\"https:\/\/www.regionsaris.sk\/#website\"},\"primaryImageOfPage\":{\"@id\":\"https:\/\/www.regionsaris.sk\/kam-na-zimne-vylety-v-regione-saris\/#primaryimage\"},\"image\":{\"@id\":\"https:\/\/www.regionsaris.sk\/kam-na-zimne-vylety-v-regione-saris\/#primaryimage\"},\"thumbnailUrl\":\"https:\/\/www.regionsaris.sk\/wp-content\/uploads\/2025\/12\/Cergov-scaled-1.jpg\",\"datePublished\":\"2024-12-19T12:13:34+00:00\",\"dateModified\":\"2025-12-15T09:11:03+00:00\",\"author\":{\"@id\":\"https:\/\/www.regionsaris.sk\/#\/schema\/person\/30fad06d87cd12ad1d94ff5fbd6919d1\"},\"breadcrumb\":{\"@id\":\"https:\/\/www.regionsaris.sk\/kam-na-zimne-vylety-v-regione-saris\/#breadcrumb\"},\"inLanguage\":\"it-IT\",\"potentialAction\":[{\"@type\":\"ReadAction\",\"target\":[\"https:\/\/www.regionsaris.sk\/kam-na-zimne-vylety-v-regione-saris\/\"]}]},{\"@type\":\"ImageObject\",\"inLanguage\":\"it-IT\",\"@id\":\"https:\/\/www.regionsaris.sk\/kam-na-zimne-vylety-v-regione-saris\/#primaryimage\",\"url\":\"https:\/\/www.regionsaris.sk\/wp-content\/uploads\/2025\/12\/Cergov-scaled-1.jpg\",\"contentUrl\":\"https:\/\/www.regionsaris.sk\/wp-content\/uploads\/2025\/12\/Cergov-scaled-1.jpg\",\"width\":2560,\"height\":1709},{\"@type\":\"BreadcrumbList\",\"@id\":\"https:\/\/www.regionsaris.sk\/kam-na-zimne-vylety-v-regione-saris\/#breadcrumb\",\"itemListElement\":[{\"@type\":\"ListItem\",\"position\":1,\"name\":\"Domov\",\"item\":\"https:\/\/www.regionsaris.sk\/\"},{\"@type\":\"ListItem\",\"position\":2,\"name\":\"Kam na zimn\u00e9 v\u00fdlety v regi\u00f3ne \u0160ari\u0161\"}]},{\"@type\":\"WebSite\",\"@id\":\"https:\/\/www.regionsaris.sk\/#website\",\"url\":\"https:\/\/www.regionsaris.sk\/\",\"name\":\"OOCR \u0160ari\u0161\",\"description\":\"\",\"potentialAction\":[{\"@type\":\"SearchAction\",\"target\":{\"@type\":\"EntryPoint\",\"urlTemplate\":\"https:\/\/www.regionsaris.sk\/?s={search_term_string}\"},\"query-input\":{\"@type\":\"PropertyValueSpecification\",\"valueRequired\":true,\"valueName\":\"search_term_string\"}}],\"inLanguage\":\"it-IT\"},{\"@type\":\"Person\",\"@id\":\"https:\/\/www.regionsaris.sk\/#\/schema\/person\/30fad06d87cd12ad1d94ff5fbd6919d1\",\"name\":\"dev@bigway.sk\",\"image\":{\"@type\":\"ImageObject\",\"inLanguage\":\"it-IT\",\"@id\":\"https:\/\/www.regionsaris.sk\/#\/schema\/person\/image\/\",\"url\":\"https:\/\/secure.gravatar.com\/avatar\/013b34bc1192067340cff024d72adf40af543d15809da0502beda083cb4f28a2?s=96&d=mm&r=g\",\"contentUrl\":\"https:\/\/secure.gravatar.com\/avatar\/013b34bc1192067340cff024d72adf40af543d15809da0502beda083cb4f28a2?s=96&d=mm&r=g\",\"caption\":\"dev@bigway.sk\"},\"sameAs\":[\"https:\/\/www.regionsaris.sk\"],\"url\":\"https:\/\/www.regionsaris.sk\/it\/author\/devbigway-sk\/\"}]}<\/script>\n<!-- \/ Yoast SEO Premium plugin. -->","yoast_head_json":{"title":"Kam na zimn\u00e9 v\u00fdlety v regi\u00f3ne \u0160ari\u0161 - OOCR \u0160ari\u0161","robots":{"index":"index","follow":"follow","max-snippet":"max-snippet:-1","max-image-preview":"max-image-preview:large","max-video-preview":"max-video-preview:-1"},"canonical":"https:\/\/www.regionsaris.sk\/it\/kam-na-zimne-vylety-v-regione-saris\/","og_locale":"it_IT","og_type":"article","og_title":"Kam na zimn\u00e9 v\u00fdlety v regi\u00f3ne \u0160ari\u0161","og_description":"S pr\u00edchodom zimnej sez\u00f3ny sa v regi\u00f3ne \u0160ari\u0161 otv\u00e1raj\u00fa nov\u00e9 mo\u017enosti na objavovanie pr\u00edrodn\u00fdch kr\u00e1s,...","og_url":"https:\/\/www.regionsaris.sk\/it\/kam-na-zimne-vylety-v-regione-saris\/","og_site_name":"OOCR \u0160ari\u0161","article_published_time":"2024-12-19T12:13:34+00:00","article_modified_time":"2025-12-15T09:11:03+00:00","og_image":[{"width":2560,"height":1709,"url":"https:\/\/www.regionsaris.sk\/wp-content\/uploads\/2025\/12\/Cergov-scaled-1.jpg","type":"image\/jpeg"}],"author":"dev@bigway.sk","twitter_card":"summary_large_image","twitter_misc":{"Scritto da":"dev@bigway.sk","Tempo di lettura stimato":"3 minuti"},"schema":{"@context":"https:\/\/schema.org","@graph":[{"@type":"Article","@id":"https:\/\/www.regionsaris.sk\/kam-na-zimne-vylety-v-regione-saris\/#article","isPartOf":{"@id":"https:\/\/www.regionsaris.sk\/kam-na-zimne-vylety-v-regione-saris\/"},"author":{"name":"dev@bigway.sk","@id":"https:\/\/www.regionsaris.sk\/#\/schema\/person\/30fad06d87cd12ad1d94ff5fbd6919d1"},"headline":"Kam na zimn\u00e9 v\u00fdlety v regi\u00f3ne \u0160ari\u0161","datePublished":"2024-12-19T12:13:34+00:00","dateModified":"2025-12-15T09:11:03+00:00","mainEntityOfPage":{"@id":"https:\/\/www.regionsaris.sk\/kam-na-zimne-vylety-v-regione-saris\/"},"wordCount":636,"commentCount":0,"image":{"@id":"https:\/\/www.regionsaris.sk\/kam-na-zimne-vylety-v-regione-saris\/#primaryimage"},"thumbnailUrl":"https:\/\/www.regionsaris.sk\/wp-content\/uploads\/2025\/12\/Cergov-scaled-1.jpg","articleSection":["Novinky"],"inLanguage":"it-IT","potentialAction":[{"@type":"CommentAction","name":"Comment","target":["https:\/\/www.regionsaris.sk\/kam-na-zimne-vylety-v-regione-saris\/#respond"]}]},{"@type":"WebPage","@id":"https:\/\/www.regionsaris.sk\/kam-na-zimne-vylety-v-regione-saris\/","url":"https:\/\/www.regionsaris.sk\/kam-na-zimne-vylety-v-regione-saris\/","name":"Kam na zimn\u00e9 v\u00fdlety v regi\u00f3ne \u0160ari\u0161 - OOCR \u0160ari\u0161","isPartOf":{"@id":"https:\/\/www.regionsaris.sk\/#website"},"primaryImageOfPage":{"@id":"https:\/\/www.regionsaris.sk\/kam-na-zimne-vylety-v-regione-saris\/#primaryimage"},"image":{"@id":"https:\/\/www.regionsaris.sk\/kam-na-zimne-vylety-v-regione-saris\/#primaryimage"},"thumbnailUrl":"https:\/\/www.regionsaris.sk\/wp-content\/uploads\/2025\/12\/Cergov-scaled-1.jpg","datePublished":"2024-12-19T12:13:34+00:00","dateModified":"2025-12-15T09:11:03+00:00","author":{"@id":"https:\/\/www.regionsaris.sk\/#\/schema\/person\/30fad06d87cd12ad1d94ff5fbd6919d1"},"breadcrumb":{"@id":"https:\/\/www.regionsaris.sk\/kam-na-zimne-vylety-v-regione-saris\/#breadcrumb"},"inLanguage":"it-IT","potentialAction":[{"@type":"ReadAction","target":["https:\/\/www.regionsaris.sk\/kam-na-zimne-vylety-v-regione-saris\/"]}]},{"@type":"ImageObject","inLanguage":"it-IT","@id":"https:\/\/www.regionsaris.sk\/kam-na-zimne-vylety-v-regione-saris\/#primaryimage","url":"https:\/\/www.regionsaris.sk\/wp-content\/uploads\/2025\/12\/Cergov-scaled-1.jpg","contentUrl":"https:\/\/www.regionsaris.sk\/wp-content\/uploads\/2025\/12\/Cergov-scaled-1.jpg","width":2560,"height":1709},{"@type":"BreadcrumbList","@id":"https:\/\/www.regionsaris.sk\/kam-na-zimne-vylety-v-regione-saris\/#breadcrumb","itemListElement":[{"@type":"ListItem","position":1,"name":"Domov","item":"https:\/\/www.regionsaris.sk\/"},{"@type":"ListItem","position":2,"name":"Kam na zimn\u00e9 v\u00fdlety v regi\u00f3ne \u0160ari\u0161"}]},{"@type":"WebSite","@id":"https:\/\/www.regionsaris.sk\/#website","url":"https:\/\/www.regionsaris.sk\/","name":"OOCR \u0160ari\u0161","description":"","potentialAction":[{"@type":"SearchAction","target":{"@type":"EntryPoint","urlTemplate":"https:\/\/www.regionsaris.sk\/?s={search_term_string}"},"query-input":{"@type":"PropertyValueSpecification","valueRequired":true,"valueName":"search_term_string"}}],"inLanguage":"it-IT"},{"@type":"Person","@id":"https:\/\/www.regionsaris.sk\/#\/schema\/person\/30fad06d87cd12ad1d94ff5fbd6919d1","name":"dev@bigway.sk","image":{"@type":"ImageObject","inLanguage":"it-IT","@id":"https:\/\/www.regionsaris.sk\/#\/schema\/person\/image\/","url":"https:\/\/secure.gravatar.com\/avatar\/013b34bc1192067340cff024d72adf40af543d15809da0502beda083cb4f28a2?s=96&d=mm&r=g","contentUrl":"https:\/\/secure.gravatar.com\/avatar\/013b34bc1192067340cff024d72adf40af543d15809da0502beda083cb4f28a2?s=96&d=mm&r=g","caption":"dev@bigway.sk"},"sameAs":["https:\/\/www.regionsaris.sk"],"url":"https:\/\/www.regionsaris.sk\/it\/author\/devbigway-sk\/"}]}},"_links":{"self":[{"href":"https:\/\/www.regionsaris.sk\/it\/wp-json\/wp\/v2\/posts\/512","targetHints":{"allow":["GET"]}}],"collection":[{"href":"https:\/\/www.regionsaris.sk\/it\/wp-json\/wp\/v2\/posts"}],"about":[{"href":"https:\/\/www.regionsaris.sk\/it\/wp-json\/wp\/v2\/types\/post"}],"author":[{"embeddable":true,"href":"https:\/\/www.regionsaris.sk\/it\/wp-json\/wp\/v2\/users\/1"}],"replies":[{"embeddable":true,"href":"https:\/\/www.regionsaris.sk\/it\/wp-json\/wp\/v2\/comments?post=512"}],"version-history":[{"count":1,"href":"https:\/\/www.regionsaris.sk\/it\/wp-json\/wp\/v2\/posts\/512\/revisions"}],"predecessor-version":[{"id":518,"href":"https:\/\/www.regionsaris.sk\/it\/wp-json\/wp\/v2\/posts\/512\/revisions\/518"}],"wp:featuredmedia":[{"embeddable":true,"href":"https:\/\/www.regionsaris.sk\/it\/wp-json\/wp\/v2\/media\/519"}],"wp:attachment":[{"href":"https:\/\/www.regionsaris.sk\/it\/wp-json\/wp\/v2\/media?parent=512"}],"wp:term":[{"taxonomy":"category","embeddable":true,"href":"https:\/\/www.regionsaris.sk\/it\/wp-json\/wp\/v2\/categories?post=512"},{"taxonomy":"post_tag","embeddable":true,"href":"https:\/\/www.regionsaris.sk\/it\/wp-json\/wp\/v2\/tags?post=512"}],"curies":[{"name":"wp","href":"https:\/\/api.w.org\/{rel}","templated":true}]}}