{"id":3514,"date":"2026-02-09T08:38:43","date_gmt":"2026-02-09T07:38:43","guid":{"rendered":"https:\/\/www.regionsaris.sk\/?p=3514"},"modified":"2026-02-15T17:37:31","modified_gmt":"2026-02-15T16:37:31","slug":"krajske-muzeum-v-presove-sa-zapaja-do-narodneho-tyzdna-manzelstva-zvyhodnene-vstupne-aj-tematicky-caj-o-piatej","status":"publish","type":"post","link":"https:\/\/www.regionsaris.sk\/it\/krajske-muzeum-v-presove-sa-zapaja-do-narodneho-tyzdna-manzelstva-zvyhodnene-vstupne-aj-tematicky-caj-o-piatej\/","title":{"rendered":"Il Museo regionale di Pre\u0161ov aderisce alla Settimana nazionale del matrimonio: ingresso scontato e t\u00e8 tematico alle cinque"},"content":{"rendered":"<p class=\"has-text-align-left\">Il Museo Regionale di Pre\u0161ov parteciper\u00e0 nuovamente alla Settimana Nazionale del Matrimonio nel 2026<br> (NTM), una campagna globale per la promozione del matrimonio che si svolge in Slovacchia dal 2011 in<br>la settimana intorno a San Valentino. L'obiettivo \u00e8 quello di incoraggiare le persone a costruire e sviluppare<br>relazioni coniugali e per ricordare loro che un matrimonio felice \u00e8 un valore che vale la pena di curare.<\/p>\n\n\n\n<p class=\"has-text-align-left\"><br>In questa occasione, il Museo Regionale offrir\u00e0 un evento speciale durante la Settimana Nazionale del Matrimonio a<br>tutte le sue filiali con un ingresso scontato di 1+1 gratuito, invitando cos\u00ec coniugi e coppie<br>di trascorrere del tempo insieme in un ambiente di cultura, storia e arte.<\/p>\n\n\n\n<p class=\"has-text-align-left\"><br>Il programma includer\u00e0 anche un'edizione speciale della popolare serie Tea at Five at R\u00e1koci's, che<br>si svolger\u00e0 il 10 febbraio 2026 alle ore 17:00 presso Hlavn\u00e1 139 a Pre\u0161ov. L'evento si chiama<br>Matrimonio nelle collezioni del Museo Regionale: ritratti dei Bujanovic ed \u00e8 dedicato a<br>della coppia di coniugi \u0160\u00e1ndor e Hermina Bujanovics.<\/p>\n\n\n\n<p class=\"has-text-align-left\"><br>La conferenza introdurr\u00e0 la personalit\u00e0 di \u0160\u00e1ndor Bujanovics - politico e proprietario terriero oggi quasi dimenticato,<br>e il destino della loro famiglia attraverso i ritratti delle collezioni del Museo Regionale. Verranno inoltre presentati<br>l'opera del pittore ungherese S\u00e1ndor Endrey (1867-1940), autore di entrambi i ritratti. Speciale<br>L'attenzione sar\u00e0 rivolta all'indagine di restauro e al processo di recupero delle opere, a partire dalla fase iniziale.<br>ricerca alla loro forma finale.<\/p>\n\n\n\n<p class=\"has-text-align-left\"><br>L'evento \u00e8 aperto al pubblico e l'ingresso alla conferenza \u00e8 gratuito.<br>Ulteriori informazioni sono disponibili sul sito web del Museo Regionale di Pre\u0161ov e sui suoi social network.<br>reti.<\/p>\n\n\n\n<p class=\"has-text-align-left\">Fonte: Museo regionale di Pre\u0161ov<br>Fonte della foto: Museo regionale di Pre\u0161ov<\/p>\n\n\n\n<p><\/p>","protected":false},"excerpt":{"rendered":"<p>Il Museo Regionale di Pre\u0161ov parteciper\u00e0 nuovamente alla Settimana Nazionale del Matrimonio nel 2026...<\/p>","protected":false},"author":3,"featured_media":3512,"comment_status":"closed","ping_status":"closed","sticky":false,"template":"","format":"standard","meta":{"_acf_changed":false,"footnotes":""},"categories":[1],"tags":[],"class_list":["post-3514","post","type-post","status-publish","format-standard","has-post-thumbnail","hentry","category-novinky"],"acf":[],"yoast_head":"<!-- This site is optimized with the Yoast SEO Premium plugin v26.3 (Yoast SEO v26.8) - https:\/\/yoast.com\/product\/yoast-seo-premium-wordpress\/ -->\n<title>Krajsk\u00e9 m\u00fazeum v\u00a0Pre\u0161ove sa zap\u00e1ja do N\u00e1rodn\u00e9ho t\u00fd\u017ed\u0148a man\u017eelstva: zv\u00fdhodnen\u00e9 vstupn\u00e9 aj tematick\u00fd \u010caj o\u00a0piatej - OOCR \u0160ari\u0161<\/title>\n<meta name=\"description\" content=\"Krajsk\u00e9 m\u00fazeum v Pre\u0161ove v\u00e1s pri pr\u00edle\u017eitosti N\u00e1rodn\u00e9ho t\u00fd\u017ede\u0148a man\u017eelstva poz\u00fdva na R\u00e1kociho \u010daj o piatej.\" \/>\n<meta name=\"robots\" content=\"index, follow, max-snippet:-1, max-image-preview:large, max-video-preview:-1\" \/>\n<link rel=\"canonical\" href=\"https:\/\/www.regionsaris.sk\/it\/krajske-muzeum-v-presove-sa-zapaja-do-narodneho-tyzdna-manzelstva-zvyhodnene-vstupne-aj-tematicky-caj-o-piatej\/\" \/>\n<meta property=\"og:locale\" content=\"it_IT\" \/>\n<meta property=\"og:type\" content=\"article\" \/>\n<meta property=\"og:title\" content=\"Krajsk\u00e9 m\u00fazeum v\u00a0Pre\u0161ove sa zap\u00e1ja do N\u00e1rodn\u00e9ho t\u00fd\u017ed\u0148a man\u017eelstva: zv\u00fdhodnen\u00e9 vstupn\u00e9 aj tematick\u00fd \u010caj o\u00a0piatej\" \/>\n<meta property=\"og:description\" content=\"Krajsk\u00e9 m\u00fazeum v Pre\u0161ove v\u00e1s pri pr\u00edle\u017eitosti N\u00e1rodn\u00e9ho t\u00fd\u017ede\u0148a man\u017eelstva poz\u00fdva na R\u00e1kociho \u010daj o piatej.\" \/>\n<meta property=\"og:url\" content=\"https:\/\/www.regionsaris.sk\/it\/krajske-muzeum-v-presove-sa-zapaja-do-narodneho-tyzdna-manzelstva-zvyhodnene-vstupne-aj-tematicky-caj-o-piatej\/\" \/>\n<meta property=\"og:site_name\" content=\"OOCR \u0160ari\u0161\" \/>\n<meta property=\"article:published_time\" content=\"2026-02-09T07:38:43+00:00\" \/>\n<meta property=\"article:modified_time\" content=\"2026-02-15T16:37:31+00:00\" \/>\n<meta property=\"og:image\" content=\"https:\/\/www.regionsaris.sk\/wp-content\/uploads\/2026\/02\/c203ac48-scaled.jpeg\" \/>\n\t<meta property=\"og:image:width\" content=\"1810\" \/>\n\t<meta property=\"og:image:height\" content=\"2560\" \/>\n\t<meta property=\"og:image:type\" content=\"image\/jpeg\" \/>\n<meta name=\"author\" content=\"marketing\" \/>\n<meta name=\"twitter:card\" content=\"summary_large_image\" \/>\n<meta name=\"twitter:label1\" content=\"Scritto da\" \/>\n\t<meta name=\"twitter:data1\" content=\"marketing\" \/>\n\t<meta name=\"twitter:label2\" content=\"Tempo di lettura stimato\" \/>\n\t<meta name=\"twitter:data2\" content=\"2 minuti\" \/>\n<script type=\"application\/ld+json\" class=\"yoast-schema-graph\">{\"@context\":\"https:\/\/schema.org\",\"@graph\":[{\"@type\":\"Article\",\"@id\":\"https:\/\/www.regionsaris.sk\/krajske-muzeum-v-presove-sa-zapaja-do-narodneho-tyzdna-manzelstva-zvyhodnene-vstupne-aj-tematicky-caj-o-piatej\/#article\",\"isPartOf\":{\"@id\":\"https:\/\/www.regionsaris.sk\/krajske-muzeum-v-presove-sa-zapaja-do-narodneho-tyzdna-manzelstva-zvyhodnene-vstupne-aj-tematicky-caj-o-piatej\/\"},\"author\":{\"name\":\"marketing\",\"@id\":\"https:\/\/www.regionsaris.sk\/#\/schema\/person\/ec8d3b7d0a3a7dad307f10116198d0b5\"},\"headline\":\"Krajsk\u00e9 m\u00fazeum v\u00a0Pre\u0161ove sa zap\u00e1ja do N\u00e1rodn\u00e9ho t\u00fd\u017ed\u0148a man\u017eelstva: zv\u00fdhodnen\u00e9 vstupn\u00e9 aj tematick\u00fd \u010caj o\u00a0piatej\",\"datePublished\":\"2026-02-09T07:38:43+00:00\",\"dateModified\":\"2026-02-15T16:37:31+00:00\",\"mainEntityOfPage\":{\"@id\":\"https:\/\/www.regionsaris.sk\/krajske-muzeum-v-presove-sa-zapaja-do-narodneho-tyzdna-manzelstva-zvyhodnene-vstupne-aj-tematicky-caj-o-piatej\/\"},\"wordCount\":332,\"image\":{\"@id\":\"https:\/\/www.regionsaris.sk\/krajske-muzeum-v-presove-sa-zapaja-do-narodneho-tyzdna-manzelstva-zvyhodnene-vstupne-aj-tematicky-caj-o-piatej\/#primaryimage\"},\"thumbnailUrl\":\"https:\/\/www.regionsaris.sk\/wp-content\/uploads\/2026\/02\/c203ac48-scaled.jpeg\",\"articleSection\":[\"Novinky\"],\"inLanguage\":\"it-IT\"},{\"@type\":\"WebPage\",\"@id\":\"https:\/\/www.regionsaris.sk\/krajske-muzeum-v-presove-sa-zapaja-do-narodneho-tyzdna-manzelstva-zvyhodnene-vstupne-aj-tematicky-caj-o-piatej\/\",\"url\":\"https:\/\/www.regionsaris.sk\/krajske-muzeum-v-presove-sa-zapaja-do-narodneho-tyzdna-manzelstva-zvyhodnene-vstupne-aj-tematicky-caj-o-piatej\/\",\"name\":\"Krajsk\u00e9 m\u00fazeum v\u00a0Pre\u0161ove sa zap\u00e1ja do N\u00e1rodn\u00e9ho t\u00fd\u017ed\u0148a man\u017eelstva: zv\u00fdhodnen\u00e9 vstupn\u00e9 aj tematick\u00fd \u010caj o\u00a0piatej - OOCR \u0160ari\u0161\",\"isPartOf\":{\"@id\":\"https:\/\/www.regionsaris.sk\/#website\"},\"primaryImageOfPage\":{\"@id\":\"https:\/\/www.regionsaris.sk\/krajske-muzeum-v-presove-sa-zapaja-do-narodneho-tyzdna-manzelstva-zvyhodnene-vstupne-aj-tematicky-caj-o-piatej\/#primaryimage\"},\"image\":{\"@id\":\"https:\/\/www.regionsaris.sk\/krajske-muzeum-v-presove-sa-zapaja-do-narodneho-tyzdna-manzelstva-zvyhodnene-vstupne-aj-tematicky-caj-o-piatej\/#primaryimage\"},\"thumbnailUrl\":\"https:\/\/www.regionsaris.sk\/wp-content\/uploads\/2026\/02\/c203ac48-scaled.jpeg\",\"datePublished\":\"2026-02-09T07:38:43+00:00\",\"dateModified\":\"2026-02-15T16:37:31+00:00\",\"author\":{\"@id\":\"https:\/\/www.regionsaris.sk\/#\/schema\/person\/ec8d3b7d0a3a7dad307f10116198d0b5\"},\"description\":\"Krajsk\u00e9 m\u00fazeum v Pre\u0161ove v\u00e1s pri pr\u00edle\u017eitosti N\u00e1rodn\u00e9ho t\u00fd\u017ede\u0148a man\u017eelstva poz\u00fdva na R\u00e1kociho \u010daj o piatej.\",\"breadcrumb\":{\"@id\":\"https:\/\/www.regionsaris.sk\/krajske-muzeum-v-presove-sa-zapaja-do-narodneho-tyzdna-manzelstva-zvyhodnene-vstupne-aj-tematicky-caj-o-piatej\/#breadcrumb\"},\"inLanguage\":\"it-IT\",\"potentialAction\":[{\"@type\":\"ReadAction\",\"target\":[\"https:\/\/www.regionsaris.sk\/krajske-muzeum-v-presove-sa-zapaja-do-narodneho-tyzdna-manzelstva-zvyhodnene-vstupne-aj-tematicky-caj-o-piatej\/\"]}]},{\"@type\":\"ImageObject\",\"inLanguage\":\"it-IT\",\"@id\":\"https:\/\/www.regionsaris.sk\/krajske-muzeum-v-presove-sa-zapaja-do-narodneho-tyzdna-manzelstva-zvyhodnene-vstupne-aj-tematicky-caj-o-piatej\/#primaryimage\",\"url\":\"https:\/\/www.regionsaris.sk\/wp-content\/uploads\/2026\/02\/c203ac48-scaled.jpeg\",\"contentUrl\":\"https:\/\/www.regionsaris.sk\/wp-content\/uploads\/2026\/02\/c203ac48-scaled.jpeg\",\"width\":1810,\"height\":2560},{\"@type\":\"BreadcrumbList\",\"@id\":\"https:\/\/www.regionsaris.sk\/krajske-muzeum-v-presove-sa-zapaja-do-narodneho-tyzdna-manzelstva-zvyhodnene-vstupne-aj-tematicky-caj-o-piatej\/#breadcrumb\",\"itemListElement\":[{\"@type\":\"ListItem\",\"position\":1,\"name\":\"Domov\",\"item\":\"https:\/\/www.regionsaris.sk\/\"},{\"@type\":\"ListItem\",\"position\":2,\"name\":\"Krajsk\u00e9 m\u00fazeum v\u00a0Pre\u0161ove sa zap\u00e1ja do N\u00e1rodn\u00e9ho t\u00fd\u017ed\u0148a man\u017eelstva: zv\u00fdhodnen\u00e9 vstupn\u00e9 aj tematick\u00fd \u010caj o\u00a0piatej\"}]},{\"@type\":\"WebSite\",\"@id\":\"https:\/\/www.regionsaris.sk\/#website\",\"url\":\"https:\/\/www.regionsaris.sk\/\",\"name\":\"OOCR \u0160ari\u0161\",\"description\":\"\",\"potentialAction\":[{\"@type\":\"SearchAction\",\"target\":{\"@type\":\"EntryPoint\",\"urlTemplate\":\"https:\/\/www.regionsaris.sk\/?s={search_term_string}\"},\"query-input\":{\"@type\":\"PropertyValueSpecification\",\"valueRequired\":true,\"valueName\":\"search_term_string\"}}],\"inLanguage\":\"it-IT\"},{\"@type\":\"Person\",\"@id\":\"https:\/\/www.regionsaris.sk\/#\/schema\/person\/ec8d3b7d0a3a7dad307f10116198d0b5\",\"name\":\"marketing\",\"image\":{\"@type\":\"ImageObject\",\"inLanguage\":\"it-IT\",\"@id\":\"https:\/\/www.regionsaris.sk\/#\/schema\/person\/image\/\",\"url\":\"https:\/\/secure.gravatar.com\/avatar\/d86c85c214091923000a199276e541a97ba20b5109e7b00260a23abc26f5b6c1?s=96&d=mm&r=g\",\"contentUrl\":\"https:\/\/secure.gravatar.com\/avatar\/d86c85c214091923000a199276e541a97ba20b5109e7b00260a23abc26f5b6c1?s=96&d=mm&r=g\",\"caption\":\"marketing\"},\"url\":\"https:\/\/www.regionsaris.sk\/it\/author\/marketing\/\"}]}<\/script>\n<!-- \/ Yoast SEO Premium plugin. -->","yoast_head_json":{"title":"Krajsk\u00e9 m\u00fazeum v\u00a0Pre\u0161ove sa zap\u00e1ja do N\u00e1rodn\u00e9ho t\u00fd\u017ed\u0148a man\u017eelstva: zv\u00fdhodnen\u00e9 vstupn\u00e9 aj tematick\u00fd \u010caj o\u00a0piatej - OOCR \u0160ari\u0161","description":"Krajsk\u00e9 m\u00fazeum v Pre\u0161ove v\u00e1s pri pr\u00edle\u017eitosti N\u00e1rodn\u00e9ho t\u00fd\u017ede\u0148a man\u017eelstva poz\u00fdva na R\u00e1kociho \u010daj o piatej.","robots":{"index":"index","follow":"follow","max-snippet":"max-snippet:-1","max-image-preview":"max-image-preview:large","max-video-preview":"max-video-preview:-1"},"canonical":"https:\/\/www.regionsaris.sk\/it\/krajske-muzeum-v-presove-sa-zapaja-do-narodneho-tyzdna-manzelstva-zvyhodnene-vstupne-aj-tematicky-caj-o-piatej\/","og_locale":"it_IT","og_type":"article","og_title":"Krajsk\u00e9 m\u00fazeum v\u00a0Pre\u0161ove sa zap\u00e1ja do N\u00e1rodn\u00e9ho t\u00fd\u017ed\u0148a man\u017eelstva: zv\u00fdhodnen\u00e9 vstupn\u00e9 aj tematick\u00fd \u010caj o\u00a0piatej","og_description":"Krajsk\u00e9 m\u00fazeum v Pre\u0161ove v\u00e1s pri pr\u00edle\u017eitosti N\u00e1rodn\u00e9ho t\u00fd\u017ede\u0148a man\u017eelstva poz\u00fdva na R\u00e1kociho \u010daj o piatej.","og_url":"https:\/\/www.regionsaris.sk\/it\/krajske-muzeum-v-presove-sa-zapaja-do-narodneho-tyzdna-manzelstva-zvyhodnene-vstupne-aj-tematicky-caj-o-piatej\/","og_site_name":"OOCR \u0160ari\u0161","article_published_time":"2026-02-09T07:38:43+00:00","article_modified_time":"2026-02-15T16:37:31+00:00","og_image":[{"width":1810,"height":2560,"url":"https:\/\/www.regionsaris.sk\/wp-content\/uploads\/2026\/02\/c203ac48-scaled.jpeg","type":"image\/jpeg"}],"author":"marketing","twitter_card":"summary_large_image","twitter_misc":{"Scritto da":"marketing","Tempo di lettura stimato":"2 minuti"},"schema":{"@context":"https:\/\/schema.org","@graph":[{"@type":"Article","@id":"https:\/\/www.regionsaris.sk\/krajske-muzeum-v-presove-sa-zapaja-do-narodneho-tyzdna-manzelstva-zvyhodnene-vstupne-aj-tematicky-caj-o-piatej\/#article","isPartOf":{"@id":"https:\/\/www.regionsaris.sk\/krajske-muzeum-v-presove-sa-zapaja-do-narodneho-tyzdna-manzelstva-zvyhodnene-vstupne-aj-tematicky-caj-o-piatej\/"},"author":{"name":"marketing","@id":"https:\/\/www.regionsaris.sk\/#\/schema\/person\/ec8d3b7d0a3a7dad307f10116198d0b5"},"headline":"Krajsk\u00e9 m\u00fazeum v\u00a0Pre\u0161ove sa zap\u00e1ja do N\u00e1rodn\u00e9ho t\u00fd\u017ed\u0148a man\u017eelstva: zv\u00fdhodnen\u00e9 vstupn\u00e9 aj tematick\u00fd \u010caj o\u00a0piatej","datePublished":"2026-02-09T07:38:43+00:00","dateModified":"2026-02-15T16:37:31+00:00","mainEntityOfPage":{"@id":"https:\/\/www.regionsaris.sk\/krajske-muzeum-v-presove-sa-zapaja-do-narodneho-tyzdna-manzelstva-zvyhodnene-vstupne-aj-tematicky-caj-o-piatej\/"},"wordCount":332,"image":{"@id":"https:\/\/www.regionsaris.sk\/krajske-muzeum-v-presove-sa-zapaja-do-narodneho-tyzdna-manzelstva-zvyhodnene-vstupne-aj-tematicky-caj-o-piatej\/#primaryimage"},"thumbnailUrl":"https:\/\/www.regionsaris.sk\/wp-content\/uploads\/2026\/02\/c203ac48-scaled.jpeg","articleSection":["Novinky"],"inLanguage":"it-IT"},{"@type":"WebPage","@id":"https:\/\/www.regionsaris.sk\/krajske-muzeum-v-presove-sa-zapaja-do-narodneho-tyzdna-manzelstva-zvyhodnene-vstupne-aj-tematicky-caj-o-piatej\/","url":"https:\/\/www.regionsaris.sk\/krajske-muzeum-v-presove-sa-zapaja-do-narodneho-tyzdna-manzelstva-zvyhodnene-vstupne-aj-tematicky-caj-o-piatej\/","name":"Krajsk\u00e9 m\u00fazeum v\u00a0Pre\u0161ove sa zap\u00e1ja do N\u00e1rodn\u00e9ho t\u00fd\u017ed\u0148a man\u017eelstva: zv\u00fdhodnen\u00e9 vstupn\u00e9 aj tematick\u00fd \u010caj o\u00a0piatej - OOCR \u0160ari\u0161","isPartOf":{"@id":"https:\/\/www.regionsaris.sk\/#website"},"primaryImageOfPage":{"@id":"https:\/\/www.regionsaris.sk\/krajske-muzeum-v-presove-sa-zapaja-do-narodneho-tyzdna-manzelstva-zvyhodnene-vstupne-aj-tematicky-caj-o-piatej\/#primaryimage"},"image":{"@id":"https:\/\/www.regionsaris.sk\/krajske-muzeum-v-presove-sa-zapaja-do-narodneho-tyzdna-manzelstva-zvyhodnene-vstupne-aj-tematicky-caj-o-piatej\/#primaryimage"},"thumbnailUrl":"https:\/\/www.regionsaris.sk\/wp-content\/uploads\/2026\/02\/c203ac48-scaled.jpeg","datePublished":"2026-02-09T07:38:43+00:00","dateModified":"2026-02-15T16:37:31+00:00","author":{"@id":"https:\/\/www.regionsaris.sk\/#\/schema\/person\/ec8d3b7d0a3a7dad307f10116198d0b5"},"description":"Krajsk\u00e9 m\u00fazeum v Pre\u0161ove v\u00e1s pri pr\u00edle\u017eitosti N\u00e1rodn\u00e9ho t\u00fd\u017ede\u0148a man\u017eelstva poz\u00fdva na R\u00e1kociho \u010daj o piatej.","breadcrumb":{"@id":"https:\/\/www.regionsaris.sk\/krajske-muzeum-v-presove-sa-zapaja-do-narodneho-tyzdna-manzelstva-zvyhodnene-vstupne-aj-tematicky-caj-o-piatej\/#breadcrumb"},"inLanguage":"it-IT","potentialAction":[{"@type":"ReadAction","target":["https:\/\/www.regionsaris.sk\/krajske-muzeum-v-presove-sa-zapaja-do-narodneho-tyzdna-manzelstva-zvyhodnene-vstupne-aj-tematicky-caj-o-piatej\/"]}]},{"@type":"ImageObject","inLanguage":"it-IT","@id":"https:\/\/www.regionsaris.sk\/krajske-muzeum-v-presove-sa-zapaja-do-narodneho-tyzdna-manzelstva-zvyhodnene-vstupne-aj-tematicky-caj-o-piatej\/#primaryimage","url":"https:\/\/www.regionsaris.sk\/wp-content\/uploads\/2026\/02\/c203ac48-scaled.jpeg","contentUrl":"https:\/\/www.regionsaris.sk\/wp-content\/uploads\/2026\/02\/c203ac48-scaled.jpeg","width":1810,"height":2560},{"@type":"BreadcrumbList","@id":"https:\/\/www.regionsaris.sk\/krajske-muzeum-v-presove-sa-zapaja-do-narodneho-tyzdna-manzelstva-zvyhodnene-vstupne-aj-tematicky-caj-o-piatej\/#breadcrumb","itemListElement":[{"@type":"ListItem","position":1,"name":"Domov","item":"https:\/\/www.regionsaris.sk\/"},{"@type":"ListItem","position":2,"name":"Krajsk\u00e9 m\u00fazeum v\u00a0Pre\u0161ove sa zap\u00e1ja do N\u00e1rodn\u00e9ho t\u00fd\u017ed\u0148a man\u017eelstva: zv\u00fdhodnen\u00e9 vstupn\u00e9 aj tematick\u00fd \u010caj o\u00a0piatej"}]},{"@type":"WebSite","@id":"https:\/\/www.regionsaris.sk\/#website","url":"https:\/\/www.regionsaris.sk\/","name":"OOCR \u0160ari\u0161","description":"","potentialAction":[{"@type":"SearchAction","target":{"@type":"EntryPoint","urlTemplate":"https:\/\/www.regionsaris.sk\/?s={search_term_string}"},"query-input":{"@type":"PropertyValueSpecification","valueRequired":true,"valueName":"search_term_string"}}],"inLanguage":"it-IT"},{"@type":"Person","@id":"https:\/\/www.regionsaris.sk\/#\/schema\/person\/ec8d3b7d0a3a7dad307f10116198d0b5","name":"marketing","image":{"@type":"ImageObject","inLanguage":"it-IT","@id":"https:\/\/www.regionsaris.sk\/#\/schema\/person\/image\/","url":"https:\/\/secure.gravatar.com\/avatar\/d86c85c214091923000a199276e541a97ba20b5109e7b00260a23abc26f5b6c1?s=96&d=mm&r=g","contentUrl":"https:\/\/secure.gravatar.com\/avatar\/d86c85c214091923000a199276e541a97ba20b5109e7b00260a23abc26f5b6c1?s=96&d=mm&r=g","caption":"marketing"},"url":"https:\/\/www.regionsaris.sk\/it\/author\/marketing\/"}]}},"_links":{"self":[{"href":"https:\/\/www.regionsaris.sk\/it\/wp-json\/wp\/v2\/posts\/3514","targetHints":{"allow":["GET"]}}],"collection":[{"href":"https:\/\/www.regionsaris.sk\/it\/wp-json\/wp\/v2\/posts"}],"about":[{"href":"https:\/\/www.regionsaris.sk\/it\/wp-json\/wp\/v2\/types\/post"}],"author":[{"embeddable":true,"href":"https:\/\/www.regionsaris.sk\/it\/wp-json\/wp\/v2\/users\/3"}],"replies":[{"embeddable":true,"href":"https:\/\/www.regionsaris.sk\/it\/wp-json\/wp\/v2\/comments?post=3514"}],"version-history":[{"count":5,"href":"https:\/\/www.regionsaris.sk\/it\/wp-json\/wp\/v2\/posts\/3514\/revisions"}],"predecessor-version":[{"id":3640,"href":"https:\/\/www.regionsaris.sk\/it\/wp-json\/wp\/v2\/posts\/3514\/revisions\/3640"}],"wp:featuredmedia":[{"embeddable":true,"href":"https:\/\/www.regionsaris.sk\/it\/wp-json\/wp\/v2\/media\/3512"}],"wp:attachment":[{"href":"https:\/\/www.regionsaris.sk\/it\/wp-json\/wp\/v2\/media?parent=3514"}],"wp:term":[{"taxonomy":"category","embeddable":true,"href":"https:\/\/www.regionsaris.sk\/it\/wp-json\/wp\/v2\/categories?post=3514"},{"taxonomy":"post_tag","embeddable":true,"href":"https:\/\/www.regionsaris.sk\/it\/wp-json\/wp\/v2\/tags?post=3514"}],"curies":[{"name":"wp","href":"https:\/\/api.w.org\/{rel}","templated":true}]}}