{"id":309,"date":"2022-09-14T08:42:13","date_gmt":"2022-09-14T07:42:13","guid":{"rendered":"https:\/\/www.regionsaris.sk\/na-lysu-sa-pobezi-po-druhykrat\/"},"modified":"2025-12-15T10:06:17","modified_gmt":"2025-12-15T09:06:17","slug":"na-lysu-sa-pobezi-po-druhykrat","status":"publish","type":"post","link":"https:\/\/www.regionsaris.sk\/it\/na-lysu-sa-pobezi-po-druhykrat\/","title":{"rendered":"Lys\u00e1 verr\u00e0 gestito per la seconda volta"},"content":{"rendered":"<p style=\"text-align: left;\"><strong>Dopo il successo dello scorso anno, SKI LYS\u00c1 ha preparato la seconda edizione della MOUNTAIN RUN per gli amanti della corsa.<\/strong> <strong>LYSU. <\/strong><strong>Oltre alle prestazioni sportive, i partecipanti saranno ricompensati con premi in natura. Venite a gareggiare nel cuore di \u010cergov on Lys\u00e1 sabato 17 settembre 2022.\u00a0<\/strong><\/p>\n<img loading=\"lazy\" decoding=\"async\" class=\"aligncenter wp-image-11306 size-full\" src=\"https:\/\/www.regionsaris.sk\/wp-content\/uploads\/2025\/12\/IMG_1062-scaled-1.jpg\" alt=\"\" width=\"2560\" height=\"1920\" \/>\n<div class=\"elementor-element elementor-element-0bfad34 elementor-widget elementor-widget-text-editor\" data-id=\"0bfad34\" data-element_type=\"widget\" data-widget_type=\"text-editor.default\">\n<div class=\"elementor-widget-container\">\n<div class=\"elementor-text-editor elementor-clearfix\">\n\nLa gara principale inizia <strong>dalle ore 10:00<\/strong> dalla stazione di imbarco della seggiovia SKI Lys\u00e1 Drienica. La pista di fondo si snoda lungo il sentiero escursionistico blu attraverso l'Altare di Pietra, con l'obiettivo di correre fino alla cima del Lys\u00e1 a un'altitudine di 1 068 m. La lunghezza della pista \u00e8 di 3,7 km con un'altitudine di 423 m.\n\nL'iscrizione dei concorrenti per il 2\u00b0 anno della corsa chiamata Mountain Run to Lys\u00e1 \u00e8 disponibile anche tramite <strong>modulo di registrazione<\/strong> sulla pagina <a href=\"https:\/\/www.skilysa.sk\/horsky-beh-na-lysu-2\/?fbclid=IwAR1VGOK_DQdfqwln4bii3Aqadn45cfvmV33Jy2DWqq-scUgv0XzQfPs1uIQ\" target=\"_blank\" rel=\"noopener\">www.skilysa.sk\/horsky-beh-na-lysu<\/a>. Al momento dell'iscrizione online, la quota di iscrizione \u00e8 di 9\u20ac, che comprende cibo, rinfreschi e un regalo incluso nel prezzo per i concorrenti iscritti online. Il giorno della gara, i partecipanti possono iscriversi in loco dalle 08:30 alle 09:30 al costo di 10\u20ac.\n\n<img loading=\"lazy\" decoding=\"async\" class=\"aligncenter wp-image-11310 size-full\" src=\"https:\/\/www.regionsaris.sk\/wp-content\/uploads\/2025\/12\/IMG_1174-scaled-1.jpg\" alt=\"\" width=\"2560\" height=\"1920\" \/>\n\nI primi tre posti di ogni categoria saranno <strong>premi in natura<\/strong>. Oltre alla buona sensazione di prestazione sportiva, il partecipante pu\u00f2 essere motivato anche nel modo seguente. La valutazione della gara avverr\u00e0 <strong>presso il Mountain Sport Chalet alle 12.30.<\/strong>.\n\n<strong>Categoria<\/strong>\n<div class=\"elementor-element elementor-element-9925b51 elementor-widget elementor-widget-text-editor\" data-id=\"9925b51\" data-element_type=\"widget\" data-widget_type=\"text-editor.default\">\n<div class=\"elementor-widget-container\">\n<div class=\"elementor-text-editor elementor-clearfix\">\n\nJuniors + Juniors 2003-2006\n\nUomini A : 2002-1982\n\nUomini B : 1981- 1972\n\nUomini C : 1971- 1961\n\nUomini D 1961- ... pi\u00f9 anziani\n\nDonne A: 2002- 1987\n\nDonne B: 1986-1972\n\nDonne C 1971 - pi\u00f9 vecchie\n\n<\/div>\n<\/div>\n<\/div>\n<\/div>\n<\/div>\n<\/div>\nNon vediamo l'ora di vedervi.","protected":false},"excerpt":{"rendered":"<p>Po \u00faspe\u0161nom minuloro\u010dnom preteku, pripravila SKI LYS\u00c1 aj tentokr\u00e1t pre milovn\u00edkov behu 2. ro\u010dn\u00edk HORSK\u00c9HO...<\/p>","protected":false},"author":1,"featured_media":310,"comment_status":"open","ping_status":"open","sticky":false,"template":"","format":"standard","meta":{"_acf_changed":false,"footnotes":""},"categories":[1],"tags":[],"class_list":["post-309","post","type-post","status-publish","format-standard","has-post-thumbnail","hentry","category-novinky"],"acf":[],"yoast_head":"<!-- This site is optimized with the Yoast SEO Premium plugin v26.3 (Yoast SEO v26.8) - https:\/\/yoast.com\/product\/yoast-seo-premium-wordpress\/ -->\n<title>Na Lys\u00fa sa pobe\u017e\u00ed po druhykr\u00e1t - OOCR \u0160ari\u0161<\/title>\n<meta name=\"robots\" content=\"index, follow, max-snippet:-1, max-image-preview:large, max-video-preview:-1\" \/>\n<link rel=\"canonical\" href=\"https:\/\/www.regionsaris.sk\/it\/na-lysu-sa-pobezi-po-druhykrat\/\" \/>\n<meta property=\"og:locale\" content=\"it_IT\" \/>\n<meta property=\"og:type\" content=\"article\" \/>\n<meta property=\"og:title\" content=\"Na Lys\u00fa sa pobe\u017e\u00ed po druhykr\u00e1t\" \/>\n<meta property=\"og:description\" content=\"Po \u00faspe\u0161nom minuloro\u010dnom preteku, pripravila SKI LYS\u00c1 aj tentokr\u00e1t pre milovn\u00edkov behu 2. ro\u010dn\u00edk HORSK\u00c9HO...\" \/>\n<meta property=\"og:url\" content=\"https:\/\/www.regionsaris.sk\/it\/na-lysu-sa-pobezi-po-druhykrat\/\" \/>\n<meta property=\"og:site_name\" content=\"OOCR \u0160ari\u0161\" \/>\n<meta property=\"article:published_time\" content=\"2022-09-14T07:42:13+00:00\" \/>\n<meta property=\"article:modified_time\" content=\"2025-12-15T09:06:17+00:00\" \/>\n<meta property=\"og:image\" content=\"https:\/\/www.regionsaris.sk\/wp-content\/uploads\/2025\/12\/IMG_1062-scaled-1.jpg\" \/>\n\t<meta property=\"og:image:width\" content=\"2560\" \/>\n\t<meta property=\"og:image:height\" content=\"1920\" \/>\n\t<meta property=\"og:image:type\" content=\"image\/jpeg\" \/>\n<meta name=\"author\" content=\"dev@bigway.sk\" \/>\n<meta name=\"twitter:card\" content=\"summary_large_image\" \/>\n<meta name=\"twitter:label1\" content=\"Scritto da\" \/>\n\t<meta name=\"twitter:data1\" content=\"dev@bigway.sk\" \/>\n\t<meta name=\"twitter:label2\" content=\"Tempo di lettura stimato\" \/>\n\t<meta name=\"twitter:data2\" content=\"1 minuto\" \/>\n<script type=\"application\/ld+json\" class=\"yoast-schema-graph\">{\"@context\":\"https:\/\/schema.org\",\"@graph\":[{\"@type\":\"Article\",\"@id\":\"https:\/\/www.regionsaris.sk\/na-lysu-sa-pobezi-po-druhykrat\/#article\",\"isPartOf\":{\"@id\":\"https:\/\/www.regionsaris.sk\/na-lysu-sa-pobezi-po-druhykrat\/\"},\"author\":{\"name\":\"dev@bigway.sk\",\"@id\":\"https:\/\/www.regionsaris.sk\/#\/schema\/person\/30fad06d87cd12ad1d94ff5fbd6919d1\"},\"headline\":\"Na Lys\u00fa sa pobe\u017e\u00ed po druhykr\u00e1t\",\"datePublished\":\"2022-09-14T07:42:13+00:00\",\"dateModified\":\"2025-12-15T09:06:17+00:00\",\"mainEntityOfPage\":{\"@id\":\"https:\/\/www.regionsaris.sk\/na-lysu-sa-pobezi-po-druhykrat\/\"},\"wordCount\":268,\"commentCount\":0,\"image\":{\"@id\":\"https:\/\/www.regionsaris.sk\/na-lysu-sa-pobezi-po-druhykrat\/#primaryimage\"},\"thumbnailUrl\":\"https:\/\/www.regionsaris.sk\/wp-content\/uploads\/2025\/12\/IMG_1062-scaled-1.jpg\",\"articleSection\":[\"Novinky\"],\"inLanguage\":\"it-IT\",\"potentialAction\":[{\"@type\":\"CommentAction\",\"name\":\"Comment\",\"target\":[\"https:\/\/www.regionsaris.sk\/na-lysu-sa-pobezi-po-druhykrat\/#respond\"]}]},{\"@type\":\"WebPage\",\"@id\":\"https:\/\/www.regionsaris.sk\/na-lysu-sa-pobezi-po-druhykrat\/\",\"url\":\"https:\/\/www.regionsaris.sk\/na-lysu-sa-pobezi-po-druhykrat\/\",\"name\":\"Na Lys\u00fa sa pobe\u017e\u00ed po druhykr\u00e1t - OOCR \u0160ari\u0161\",\"isPartOf\":{\"@id\":\"https:\/\/www.regionsaris.sk\/#website\"},\"primaryImageOfPage\":{\"@id\":\"https:\/\/www.regionsaris.sk\/na-lysu-sa-pobezi-po-druhykrat\/#primaryimage\"},\"image\":{\"@id\":\"https:\/\/www.regionsaris.sk\/na-lysu-sa-pobezi-po-druhykrat\/#primaryimage\"},\"thumbnailUrl\":\"https:\/\/www.regionsaris.sk\/wp-content\/uploads\/2025\/12\/IMG_1062-scaled-1.jpg\",\"datePublished\":\"2022-09-14T07:42:13+00:00\",\"dateModified\":\"2025-12-15T09:06:17+00:00\",\"author\":{\"@id\":\"https:\/\/www.regionsaris.sk\/#\/schema\/person\/30fad06d87cd12ad1d94ff5fbd6919d1\"},\"breadcrumb\":{\"@id\":\"https:\/\/www.regionsaris.sk\/na-lysu-sa-pobezi-po-druhykrat\/#breadcrumb\"},\"inLanguage\":\"it-IT\",\"potentialAction\":[{\"@type\":\"ReadAction\",\"target\":[\"https:\/\/www.regionsaris.sk\/na-lysu-sa-pobezi-po-druhykrat\/\"]}]},{\"@type\":\"ImageObject\",\"inLanguage\":\"it-IT\",\"@id\":\"https:\/\/www.regionsaris.sk\/na-lysu-sa-pobezi-po-druhykrat\/#primaryimage\",\"url\":\"https:\/\/www.regionsaris.sk\/wp-content\/uploads\/2025\/12\/IMG_1062-scaled-1.jpg\",\"contentUrl\":\"https:\/\/www.regionsaris.sk\/wp-content\/uploads\/2025\/12\/IMG_1062-scaled-1.jpg\",\"width\":2560,\"height\":1920},{\"@type\":\"BreadcrumbList\",\"@id\":\"https:\/\/www.regionsaris.sk\/na-lysu-sa-pobezi-po-druhykrat\/#breadcrumb\",\"itemListElement\":[{\"@type\":\"ListItem\",\"position\":1,\"name\":\"Domov\",\"item\":\"https:\/\/www.regionsaris.sk\/\"},{\"@type\":\"ListItem\",\"position\":2,\"name\":\"Na Lys\u00fa sa pobe\u017e\u00ed po druhykr\u00e1t\"}]},{\"@type\":\"WebSite\",\"@id\":\"https:\/\/www.regionsaris.sk\/#website\",\"url\":\"https:\/\/www.regionsaris.sk\/\",\"name\":\"OOCR \u0160ari\u0161\",\"description\":\"\",\"potentialAction\":[{\"@type\":\"SearchAction\",\"target\":{\"@type\":\"EntryPoint\",\"urlTemplate\":\"https:\/\/www.regionsaris.sk\/?s={search_term_string}\"},\"query-input\":{\"@type\":\"PropertyValueSpecification\",\"valueRequired\":true,\"valueName\":\"search_term_string\"}}],\"inLanguage\":\"it-IT\"},{\"@type\":\"Person\",\"@id\":\"https:\/\/www.regionsaris.sk\/#\/schema\/person\/30fad06d87cd12ad1d94ff5fbd6919d1\",\"name\":\"dev@bigway.sk\",\"image\":{\"@type\":\"ImageObject\",\"inLanguage\":\"it-IT\",\"@id\":\"https:\/\/www.regionsaris.sk\/#\/schema\/person\/image\/\",\"url\":\"https:\/\/secure.gravatar.com\/avatar\/013b34bc1192067340cff024d72adf40af543d15809da0502beda083cb4f28a2?s=96&d=mm&r=g\",\"contentUrl\":\"https:\/\/secure.gravatar.com\/avatar\/013b34bc1192067340cff024d72adf40af543d15809da0502beda083cb4f28a2?s=96&d=mm&r=g\",\"caption\":\"dev@bigway.sk\"},\"sameAs\":[\"https:\/\/www.regionsaris.sk\"],\"url\":\"https:\/\/www.regionsaris.sk\/it\/author\/devbigway-sk\/\"}]}<\/script>\n<!-- \/ Yoast SEO Premium plugin. -->","yoast_head_json":{"title":"Na Lys\u00fa sa pobe\u017e\u00ed po druhykr\u00e1t - OOCR \u0160ari\u0161","robots":{"index":"index","follow":"follow","max-snippet":"max-snippet:-1","max-image-preview":"max-image-preview:large","max-video-preview":"max-video-preview:-1"},"canonical":"https:\/\/www.regionsaris.sk\/it\/na-lysu-sa-pobezi-po-druhykrat\/","og_locale":"it_IT","og_type":"article","og_title":"Na Lys\u00fa sa pobe\u017e\u00ed po druhykr\u00e1t","og_description":"Po \u00faspe\u0161nom minuloro\u010dnom preteku, pripravila SKI LYS\u00c1 aj tentokr\u00e1t pre milovn\u00edkov behu 2. ro\u010dn\u00edk HORSK\u00c9HO...","og_url":"https:\/\/www.regionsaris.sk\/it\/na-lysu-sa-pobezi-po-druhykrat\/","og_site_name":"OOCR \u0160ari\u0161","article_published_time":"2022-09-14T07:42:13+00:00","article_modified_time":"2025-12-15T09:06:17+00:00","og_image":[{"width":2560,"height":1920,"url":"https:\/\/www.regionsaris.sk\/wp-content\/uploads\/2025\/12\/IMG_1062-scaled-1.jpg","type":"image\/jpeg"}],"author":"dev@bigway.sk","twitter_card":"summary_large_image","twitter_misc":{"Scritto da":"dev@bigway.sk","Tempo di lettura stimato":"1 minuto"},"schema":{"@context":"https:\/\/schema.org","@graph":[{"@type":"Article","@id":"https:\/\/www.regionsaris.sk\/na-lysu-sa-pobezi-po-druhykrat\/#article","isPartOf":{"@id":"https:\/\/www.regionsaris.sk\/na-lysu-sa-pobezi-po-druhykrat\/"},"author":{"name":"dev@bigway.sk","@id":"https:\/\/www.regionsaris.sk\/#\/schema\/person\/30fad06d87cd12ad1d94ff5fbd6919d1"},"headline":"Na Lys\u00fa sa pobe\u017e\u00ed po druhykr\u00e1t","datePublished":"2022-09-14T07:42:13+00:00","dateModified":"2025-12-15T09:06:17+00:00","mainEntityOfPage":{"@id":"https:\/\/www.regionsaris.sk\/na-lysu-sa-pobezi-po-druhykrat\/"},"wordCount":268,"commentCount":0,"image":{"@id":"https:\/\/www.regionsaris.sk\/na-lysu-sa-pobezi-po-druhykrat\/#primaryimage"},"thumbnailUrl":"https:\/\/www.regionsaris.sk\/wp-content\/uploads\/2025\/12\/IMG_1062-scaled-1.jpg","articleSection":["Novinky"],"inLanguage":"it-IT","potentialAction":[{"@type":"CommentAction","name":"Comment","target":["https:\/\/www.regionsaris.sk\/na-lysu-sa-pobezi-po-druhykrat\/#respond"]}]},{"@type":"WebPage","@id":"https:\/\/www.regionsaris.sk\/na-lysu-sa-pobezi-po-druhykrat\/","url":"https:\/\/www.regionsaris.sk\/na-lysu-sa-pobezi-po-druhykrat\/","name":"Na Lys\u00fa sa pobe\u017e\u00ed po druhykr\u00e1t - OOCR \u0160ari\u0161","isPartOf":{"@id":"https:\/\/www.regionsaris.sk\/#website"},"primaryImageOfPage":{"@id":"https:\/\/www.regionsaris.sk\/na-lysu-sa-pobezi-po-druhykrat\/#primaryimage"},"image":{"@id":"https:\/\/www.regionsaris.sk\/na-lysu-sa-pobezi-po-druhykrat\/#primaryimage"},"thumbnailUrl":"https:\/\/www.regionsaris.sk\/wp-content\/uploads\/2025\/12\/IMG_1062-scaled-1.jpg","datePublished":"2022-09-14T07:42:13+00:00","dateModified":"2025-12-15T09:06:17+00:00","author":{"@id":"https:\/\/www.regionsaris.sk\/#\/schema\/person\/30fad06d87cd12ad1d94ff5fbd6919d1"},"breadcrumb":{"@id":"https:\/\/www.regionsaris.sk\/na-lysu-sa-pobezi-po-druhykrat\/#breadcrumb"},"inLanguage":"it-IT","potentialAction":[{"@type":"ReadAction","target":["https:\/\/www.regionsaris.sk\/na-lysu-sa-pobezi-po-druhykrat\/"]}]},{"@type":"ImageObject","inLanguage":"it-IT","@id":"https:\/\/www.regionsaris.sk\/na-lysu-sa-pobezi-po-druhykrat\/#primaryimage","url":"https:\/\/www.regionsaris.sk\/wp-content\/uploads\/2025\/12\/IMG_1062-scaled-1.jpg","contentUrl":"https:\/\/www.regionsaris.sk\/wp-content\/uploads\/2025\/12\/IMG_1062-scaled-1.jpg","width":2560,"height":1920},{"@type":"BreadcrumbList","@id":"https:\/\/www.regionsaris.sk\/na-lysu-sa-pobezi-po-druhykrat\/#breadcrumb","itemListElement":[{"@type":"ListItem","position":1,"name":"Domov","item":"https:\/\/www.regionsaris.sk\/"},{"@type":"ListItem","position":2,"name":"Na Lys\u00fa sa pobe\u017e\u00ed po druhykr\u00e1t"}]},{"@type":"WebSite","@id":"https:\/\/www.regionsaris.sk\/#website","url":"https:\/\/www.regionsaris.sk\/","name":"OOCR \u0160ari\u0161","description":"","potentialAction":[{"@type":"SearchAction","target":{"@type":"EntryPoint","urlTemplate":"https:\/\/www.regionsaris.sk\/?s={search_term_string}"},"query-input":{"@type":"PropertyValueSpecification","valueRequired":true,"valueName":"search_term_string"}}],"inLanguage":"it-IT"},{"@type":"Person","@id":"https:\/\/www.regionsaris.sk\/#\/schema\/person\/30fad06d87cd12ad1d94ff5fbd6919d1","name":"dev@bigway.sk","image":{"@type":"ImageObject","inLanguage":"it-IT","@id":"https:\/\/www.regionsaris.sk\/#\/schema\/person\/image\/","url":"https:\/\/secure.gravatar.com\/avatar\/013b34bc1192067340cff024d72adf40af543d15809da0502beda083cb4f28a2?s=96&d=mm&r=g","contentUrl":"https:\/\/secure.gravatar.com\/avatar\/013b34bc1192067340cff024d72adf40af543d15809da0502beda083cb4f28a2?s=96&d=mm&r=g","caption":"dev@bigway.sk"},"sameAs":["https:\/\/www.regionsaris.sk"],"url":"https:\/\/www.regionsaris.sk\/it\/author\/devbigway-sk\/"}]}},"_links":{"self":[{"href":"https:\/\/www.regionsaris.sk\/it\/wp-json\/wp\/v2\/posts\/309","targetHints":{"allow":["GET"]}}],"collection":[{"href":"https:\/\/www.regionsaris.sk\/it\/wp-json\/wp\/v2\/posts"}],"about":[{"href":"https:\/\/www.regionsaris.sk\/it\/wp-json\/wp\/v2\/types\/post"}],"author":[{"embeddable":true,"href":"https:\/\/www.regionsaris.sk\/it\/wp-json\/wp\/v2\/users\/1"}],"replies":[{"embeddable":true,"href":"https:\/\/www.regionsaris.sk\/it\/wp-json\/wp\/v2\/comments?post=309"}],"version-history":[{"count":1,"href":"https:\/\/www.regionsaris.sk\/it\/wp-json\/wp\/v2\/posts\/309\/revisions"}],"predecessor-version":[{"id":312,"href":"https:\/\/www.regionsaris.sk\/it\/wp-json\/wp\/v2\/posts\/309\/revisions\/312"}],"wp:featuredmedia":[{"embeddable":true,"href":"https:\/\/www.regionsaris.sk\/it\/wp-json\/wp\/v2\/media\/310"}],"wp:attachment":[{"href":"https:\/\/www.regionsaris.sk\/it\/wp-json\/wp\/v2\/media?parent=309"}],"wp:term":[{"taxonomy":"category","embeddable":true,"href":"https:\/\/www.regionsaris.sk\/it\/wp-json\/wp\/v2\/categories?post=309"},{"taxonomy":"post_tag","embeddable":true,"href":"https:\/\/www.regionsaris.sk\/it\/wp-json\/wp\/v2\/tags?post=309"}],"curies":[{"name":"wp","href":"https:\/\/api.w.org\/{rel}","templated":true}]}}