{"id":638,"date":"2025-09-03T10:11:14","date_gmt":"2025-09-03T09:11:14","guid":{"rendered":"https:\/\/www.regionsaris.sk\/8-rocnik-pohara-mladeze-vo-volejbale-v-presove\/"},"modified":"2025-12-15T10:13:32","modified_gmt":"2025-12-15T09:13:32","slug":"8-rocnik-pohara-mladeze-vo-volejbale-v-presove","status":"publish","type":"post","link":"https:\/\/www.regionsaris.sk\/hu\/8-rocnik-pohara-mladeze-vo-volejbale-v-presove\/","title":{"rendered":"8. Ifj\u00fas\u00e1gi r\u00f6plabda-kupa Pre\u0161ovban"},"content":{"rendered":"<p data-start=\"135\" data-end=\"497\">A Szlov\u00e1k R\u00f6plabda Sz\u00f6vets\u00e9g Keleti Region\u00e1lis Bizotts\u00e1ga elk\u00e9sz\u00fclt <strong data-start=\"201\" data-end=\"221\">2025. augusztus 30.<\/strong> A  oldalon. <strong data-start=\"225\" data-end=\"266\">8. Ifj\u00fas\u00e1gi R\u00f6plabda Kupa<\/strong>. Az esem\u00e9nyt a sportkomplexum f\u00fcves p\u00e1ly\u00e1in tartott\u00e1k. <strong data-start=\"330\" data-end=\"356\">\u0160rob\u00e1rova \u00c1ltal\u00e1nos Iskola Pre\u0161ovban<\/strong> \u00e9s ism\u00e9t meger\u0151s\u00edtette egyed\u00fcl\u00e1ll\u00f3 jelleg\u00e9t - ez egy <strong data-start=\"413\" data-end=\"494\">az egyetlen szlov\u00e1kiai ifj\u00fas\u00e1gi r\u00f6plabdaesem\u00e9ny f\u00fcves p\u00e1ly\u00e1kon<\/strong>.<\/p>\n<p data-start=\"135\" data-end=\"497\"><\/p>\n<p data-start=\"135\" data-end=\"497\"><a href=\"https:\/\/www.regionsaris.sk\/wp-content\/uploads\/2025\/09\/96b62d6c-64c6-4ee3-b7dd-fbd244c1a9ec-scaled.jpg\"><img loading=\"lazy\" decoding=\"async\" class=\"wp-image-32528 alignnone\" src=\"https:\/\/www.regionsaris.sk\/wp-content\/uploads\/2025\/12\/96b62d6c-64c6-4ee3-b7dd-fbd244c1a9ec-scaled.jpg\" alt=\"\" width=\"785\" height=\"589\" \/><\/a>\n\n<\/p>\n<p data-start=\"499\" data-end=\"669\">N\u00e9gy p\u00e1ly\u00e1n <strong data-start=\"536\" data-end=\"579\">12 n\u0151i, f\u00e9rfi \u00e9s ifj\u00fas\u00e1gi n\u0151i csapat<\/strong>, amelyek egy\u00fcttesen <strong data-start=\"607\" data-end=\"666\">160 j\u00e1t\u00e9kos, edz\u0151, j\u00e1t\u00e9kvezet\u0151 \u00e9s szervez\u0151<\/strong>.\n\n<a href=\"https:\/\/www.regionsaris.sk\/wp-content\/uploads\/2025\/09\/58fa9c3b-7db1-489e-8cb8-d159f35b6567-scaled.jpg\"><img loading=\"lazy\" decoding=\"async\" class=\"wp-image-32524 alignnone\" src=\"https:\/\/www.regionsaris.sk\/wp-content\/uploads\/2025\/12\/58fa9c3b-7db1-489e-8cb8-d159f35b6567-scaled.jpg\" alt=\"\" width=\"795\" height=\"596\" \/><\/a>\n\n<\/p>\n\n<h3 data-start=\"671\" data-end=\"705\">Az egyes kateg\u00f3ri\u00e1k gy\u0151ztesei:<\/h3>\n<ul data-start=\"706\" data-end=\"794\">\n \t<li data-start=\"706\" data-end=\"736\">\n<p data-start=\"708\" data-end=\"736\"><strong data-start=\"708\" data-end=\"719\">Tanul\u00f3k:<\/strong> \u0160K Elba Pre\u0161ov<\/p>\n<\/li>\n \t<li data-start=\"737\" data-end=\"766\">\n<p data-start=\"739\" data-end=\"766\"><strong data-start=\"739\" data-end=\"749\">Tanul\u00f3k:<\/strong> Slavia Svidn\u00edk<\/p>\n<\/li>\n \t<li data-start=\"767\" data-end=\"794\">\n<p data-start=\"769\" data-end=\"794\"><strong data-start=\"769\" data-end=\"782\">Juniorok:<\/strong> VK Pre\u0161ov\n\n<a href=\"https:\/\/www.regionsaris.sk\/wp-content\/uploads\/2025\/09\/IMG_20250830_153401-scaled.jpg\"><img loading=\"lazy\" decoding=\"async\" class=\"size-medium wp-image-32548 alignnone\" src=\"https:\/\/www.regionsaris.sk\/wp-content\/uploads\/2025\/12\/IMG_20250830_153401-scaled.jpg\" alt=\"\" width=\"169\" height=\"300\" \/><\/a> <a href=\"https:\/\/www.regionsaris.sk\/wp-content\/uploads\/2025\/09\/IMG_20250830_153328-1-scaled.jpg\"><img loading=\"lazy\" decoding=\"async\" class=\"size-medium wp-image-32544 alignnone\" src=\"https:\/\/www.regionsaris.sk\/wp-content\/uploads\/2025\/12\/IMG_20250830_153328-1-scaled.jpg\" alt=\"\" width=\"169\" height=\"300\" \/><\/a> <a href=\"https:\/\/www.regionsaris.sk\/wp-content\/uploads\/2025\/09\/IMG_20250830_153257-scaled.jpg\"><img loading=\"lazy\" decoding=\"async\" class=\"size-medium wp-image-32540 alignnone\" src=\"https:\/\/www.regionsaris.sk\/wp-content\/uploads\/2025\/12\/IMG_20250830_153257-scaled.jpg\" alt=\"\" width=\"169\" height=\"300\" \/><\/a>\n\n\n<\/p>\n<\/li>\n<\/ul>\n<p data-start=\"796\" data-end=\"982\">OOCR <strong data-start=\"801\" data-end=\"817\">\u0160ari\u0161 r\u00e9gi\u00f3<\/strong> b\u00fcszk\u00e9n t\u00e1mogatta ezt a kiv\u00e9teles sportesem\u00e9nyt, amely \u00f6r\u00f6met, versenyszellemet \u00e9s sok pozit\u00edv energi\u00e1t hozott a fiatal sportol\u00f3knak.\n\n<a href=\"https:\/\/www.regionsaris.sk\/wp-content\/uploads\/2025\/09\/IMG_20250827_155254-scaled.jpg\"><img loading=\"lazy\" decoding=\"async\" class=\"wp-image-32536 alignnone\" src=\"https:\/\/www.regionsaris.sk\/wp-content\/uploads\/2025\/12\/IMG_20250827_155254-scaled.jpg\" alt=\"\" width=\"533\" height=\"946\" \/><\/a>\n\n<\/p>\n<p data-start=\"984\" data-end=\"1223\">\u201eGratul\u00e1lunk a gy\u0151zteseknek, \u00e9s k\u00f6sz\u00f6nj\u00fck minden r\u00e9sztvev\u0151nek a remek hangulatot, amelyet Pre\u0161ovban teremtettek. \u00d6r\u00fcl\u00fcnk, hogy a sporttehets\u00e9geknek ilyen eredeti rendezv\u00e9nyeken kereszt\u00fcl is van tere a fejl\u0151d\u00e9sre\u201c - mondta az OOCR Region \u0160ari\u0161 vezet\u0151s\u00e9ge.\n\n\n<\/p>","protected":false},"excerpt":{"rendered":"<p>Oblastn\u00fd v\u00fdbor v\u00fdchod Slovenskej volejbalovej feder\u00e1cie pripravil 30. augusta 2025 u\u017e 8. ro\u010dn\u00edk Poh\u00e1ra ml\u00e1de\u017ee...<\/p>","protected":false},"author":1,"featured_media":646,"comment_status":"open","ping_status":"open","sticky":false,"template":"","format":"standard","meta":{"_acf_changed":false,"footnotes":""},"categories":[1],"tags":[],"class_list":["post-638","post","type-post","status-publish","format-standard","has-post-thumbnail","hentry","category-novinky"],"acf":[],"yoast_head":"<!-- This site is optimized with the Yoast SEO Premium plugin v26.3 (Yoast SEO v26.8) - https:\/\/yoast.com\/product\/yoast-seo-premium-wordpress\/ -->\n<title>8. ro\u010dn\u00edk Poh\u00e1ra ml\u00e1de\u017ee vo volejbale v Pre\u0161ove - OOCR \u0160ari\u0161<\/title>\n<meta name=\"robots\" content=\"index, follow, max-snippet:-1, max-image-preview:large, max-video-preview:-1\" \/>\n<link rel=\"canonical\" href=\"https:\/\/www.regionsaris.sk\/hu\/8-rocnik-pohara-mladeze-vo-volejbale-v-presove\/\" \/>\n<meta property=\"og:locale\" content=\"hu_HU\" \/>\n<meta property=\"og:type\" content=\"article\" \/>\n<meta property=\"og:title\" content=\"8. ro\u010dn\u00edk Poh\u00e1ra ml\u00e1de\u017ee vo volejbale v Pre\u0161ove\" \/>\n<meta property=\"og:description\" content=\"Oblastn\u00fd v\u00fdbor v\u00fdchod Slovenskej volejbalovej feder\u00e1cie pripravil 30. augusta 2025 u\u017e 8. ro\u010dn\u00edk Poh\u00e1ra ml\u00e1de\u017ee...\" \/>\n<meta property=\"og:url\" content=\"https:\/\/www.regionsaris.sk\/hu\/8-rocnik-pohara-mladeze-vo-volejbale-v-presove\/\" \/>\n<meta property=\"og:site_name\" content=\"OOCR \u0160ari\u0161\" \/>\n<meta property=\"article:published_time\" content=\"2025-09-03T09:11:14+00:00\" \/>\n<meta property=\"article:modified_time\" content=\"2025-12-15T09:13:32+00:00\" \/>\n<meta property=\"og:image\" content=\"https:\/\/www.regionsaris.sk\/wp-content\/uploads\/2025\/12\/96b62d6c-64c6-4ee3-b7dd-fbd244c1a9ec-scaled-1.jpg\" \/>\n\t<meta property=\"og:image:width\" content=\"2560\" \/>\n\t<meta property=\"og:image:height\" content=\"1920\" \/>\n\t<meta property=\"og:image:type\" content=\"image\/jpeg\" \/>\n<meta name=\"author\" content=\"dev@bigway.sk\" \/>\n<meta name=\"twitter:card\" content=\"summary_large_image\" \/>\n<meta name=\"twitter:label1\" content=\"Szerz\u0151:\" \/>\n\t<meta name=\"twitter:data1\" content=\"dev@bigway.sk\" \/>\n\t<meta name=\"twitter:label2\" content=\"Becs\u00fclt olvas\u00e1si id\u0151\" \/>\n\t<meta name=\"twitter:data2\" content=\"1 perc\" \/>\n<script type=\"application\/ld+json\" class=\"yoast-schema-graph\">{\"@context\":\"https:\/\/schema.org\",\"@graph\":[{\"@type\":\"Article\",\"@id\":\"https:\/\/www.regionsaris.sk\/8-rocnik-pohara-mladeze-vo-volejbale-v-presove\/#article\",\"isPartOf\":{\"@id\":\"https:\/\/www.regionsaris.sk\/8-rocnik-pohara-mladeze-vo-volejbale-v-presove\/\"},\"author\":{\"name\":\"dev@bigway.sk\",\"@id\":\"https:\/\/www.regionsaris.sk\/#\/schema\/person\/30fad06d87cd12ad1d94ff5fbd6919d1\"},\"headline\":\"8. ro\u010dn\u00edk Poh\u00e1ra ml\u00e1de\u017ee vo volejbale v Pre\u0161ove\",\"datePublished\":\"2025-09-03T09:11:14+00:00\",\"dateModified\":\"2025-12-15T09:13:32+00:00\",\"mainEntityOfPage\":{\"@id\":\"https:\/\/www.regionsaris.sk\/8-rocnik-pohara-mladeze-vo-volejbale-v-presove\/\"},\"wordCount\":203,\"commentCount\":0,\"image\":{\"@id\":\"https:\/\/www.regionsaris.sk\/8-rocnik-pohara-mladeze-vo-volejbale-v-presove\/#primaryimage\"},\"thumbnailUrl\":\"https:\/\/www.regionsaris.sk\/wp-content\/uploads\/2025\/12\/96b62d6c-64c6-4ee3-b7dd-fbd244c1a9ec-scaled-1.jpg\",\"articleSection\":[\"Novinky\"],\"inLanguage\":\"hu\",\"potentialAction\":[{\"@type\":\"CommentAction\",\"name\":\"Comment\",\"target\":[\"https:\/\/www.regionsaris.sk\/8-rocnik-pohara-mladeze-vo-volejbale-v-presove\/#respond\"]}]},{\"@type\":\"WebPage\",\"@id\":\"https:\/\/www.regionsaris.sk\/8-rocnik-pohara-mladeze-vo-volejbale-v-presove\/\",\"url\":\"https:\/\/www.regionsaris.sk\/8-rocnik-pohara-mladeze-vo-volejbale-v-presove\/\",\"name\":\"8. ro\u010dn\u00edk Poh\u00e1ra ml\u00e1de\u017ee vo volejbale v Pre\u0161ove - OOCR \u0160ari\u0161\",\"isPartOf\":{\"@id\":\"https:\/\/www.regionsaris.sk\/#website\"},\"primaryImageOfPage\":{\"@id\":\"https:\/\/www.regionsaris.sk\/8-rocnik-pohara-mladeze-vo-volejbale-v-presove\/#primaryimage\"},\"image\":{\"@id\":\"https:\/\/www.regionsaris.sk\/8-rocnik-pohara-mladeze-vo-volejbale-v-presove\/#primaryimage\"},\"thumbnailUrl\":\"https:\/\/www.regionsaris.sk\/wp-content\/uploads\/2025\/12\/96b62d6c-64c6-4ee3-b7dd-fbd244c1a9ec-scaled-1.jpg\",\"datePublished\":\"2025-09-03T09:11:14+00:00\",\"dateModified\":\"2025-12-15T09:13:32+00:00\",\"author\":{\"@id\":\"https:\/\/www.regionsaris.sk\/#\/schema\/person\/30fad06d87cd12ad1d94ff5fbd6919d1\"},\"breadcrumb\":{\"@id\":\"https:\/\/www.regionsaris.sk\/8-rocnik-pohara-mladeze-vo-volejbale-v-presove\/#breadcrumb\"},\"inLanguage\":\"hu\",\"potentialAction\":[{\"@type\":\"ReadAction\",\"target\":[\"https:\/\/www.regionsaris.sk\/8-rocnik-pohara-mladeze-vo-volejbale-v-presove\/\"]}]},{\"@type\":\"ImageObject\",\"inLanguage\":\"hu\",\"@id\":\"https:\/\/www.regionsaris.sk\/8-rocnik-pohara-mladeze-vo-volejbale-v-presove\/#primaryimage\",\"url\":\"https:\/\/www.regionsaris.sk\/wp-content\/uploads\/2025\/12\/96b62d6c-64c6-4ee3-b7dd-fbd244c1a9ec-scaled-1.jpg\",\"contentUrl\":\"https:\/\/www.regionsaris.sk\/wp-content\/uploads\/2025\/12\/96b62d6c-64c6-4ee3-b7dd-fbd244c1a9ec-scaled-1.jpg\",\"width\":2560,\"height\":1920},{\"@type\":\"BreadcrumbList\",\"@id\":\"https:\/\/www.regionsaris.sk\/8-rocnik-pohara-mladeze-vo-volejbale-v-presove\/#breadcrumb\",\"itemListElement\":[{\"@type\":\"ListItem\",\"position\":1,\"name\":\"Domov\",\"item\":\"https:\/\/www.regionsaris.sk\/\"},{\"@type\":\"ListItem\",\"position\":2,\"name\":\"8. ro\u010dn\u00edk Poh\u00e1ra ml\u00e1de\u017ee vo volejbale v Pre\u0161ove\"}]},{\"@type\":\"WebSite\",\"@id\":\"https:\/\/www.regionsaris.sk\/#website\",\"url\":\"https:\/\/www.regionsaris.sk\/\",\"name\":\"OOCR \u0160ari\u0161\",\"description\":\"\",\"potentialAction\":[{\"@type\":\"SearchAction\",\"target\":{\"@type\":\"EntryPoint\",\"urlTemplate\":\"https:\/\/www.regionsaris.sk\/?s={search_term_string}\"},\"query-input\":{\"@type\":\"PropertyValueSpecification\",\"valueRequired\":true,\"valueName\":\"search_term_string\"}}],\"inLanguage\":\"hu\"},{\"@type\":\"Person\",\"@id\":\"https:\/\/www.regionsaris.sk\/#\/schema\/person\/30fad06d87cd12ad1d94ff5fbd6919d1\",\"name\":\"dev@bigway.sk\",\"image\":{\"@type\":\"ImageObject\",\"inLanguage\":\"hu\",\"@id\":\"https:\/\/www.regionsaris.sk\/#\/schema\/person\/image\/\",\"url\":\"https:\/\/secure.gravatar.com\/avatar\/013b34bc1192067340cff024d72adf40af543d15809da0502beda083cb4f28a2?s=96&d=mm&r=g\",\"contentUrl\":\"https:\/\/secure.gravatar.com\/avatar\/013b34bc1192067340cff024d72adf40af543d15809da0502beda083cb4f28a2?s=96&d=mm&r=g\",\"caption\":\"dev@bigway.sk\"},\"sameAs\":[\"https:\/\/www.regionsaris.sk\"],\"url\":\"https:\/\/www.regionsaris.sk\/hu\/author\/devbigway-sk\/\"}]}<\/script>\n<!-- \/ Yoast SEO Premium plugin. -->","yoast_head_json":{"title":"8. ro\u010dn\u00edk Poh\u00e1ra ml\u00e1de\u017ee vo volejbale v Pre\u0161ove - OOCR \u0160ari\u0161","robots":{"index":"index","follow":"follow","max-snippet":"max-snippet:-1","max-image-preview":"max-image-preview:large","max-video-preview":"max-video-preview:-1"},"canonical":"https:\/\/www.regionsaris.sk\/hu\/8-rocnik-pohara-mladeze-vo-volejbale-v-presove\/","og_locale":"hu_HU","og_type":"article","og_title":"8. ro\u010dn\u00edk Poh\u00e1ra ml\u00e1de\u017ee vo volejbale v Pre\u0161ove","og_description":"Oblastn\u00fd v\u00fdbor v\u00fdchod Slovenskej volejbalovej feder\u00e1cie pripravil 30. augusta 2025 u\u017e 8. ro\u010dn\u00edk Poh\u00e1ra ml\u00e1de\u017ee...","og_url":"https:\/\/www.regionsaris.sk\/hu\/8-rocnik-pohara-mladeze-vo-volejbale-v-presove\/","og_site_name":"OOCR \u0160ari\u0161","article_published_time":"2025-09-03T09:11:14+00:00","article_modified_time":"2025-12-15T09:13:32+00:00","og_image":[{"width":2560,"height":1920,"url":"https:\/\/www.regionsaris.sk\/wp-content\/uploads\/2025\/12\/96b62d6c-64c6-4ee3-b7dd-fbd244c1a9ec-scaled-1.jpg","type":"image\/jpeg"}],"author":"dev@bigway.sk","twitter_card":"summary_large_image","twitter_misc":{"Szerz\u0151:":"dev@bigway.sk","Becs\u00fclt olvas\u00e1si id\u0151":"1 perc"},"schema":{"@context":"https:\/\/schema.org","@graph":[{"@type":"Article","@id":"https:\/\/www.regionsaris.sk\/8-rocnik-pohara-mladeze-vo-volejbale-v-presove\/#article","isPartOf":{"@id":"https:\/\/www.regionsaris.sk\/8-rocnik-pohara-mladeze-vo-volejbale-v-presove\/"},"author":{"name":"dev@bigway.sk","@id":"https:\/\/www.regionsaris.sk\/#\/schema\/person\/30fad06d87cd12ad1d94ff5fbd6919d1"},"headline":"8. ro\u010dn\u00edk Poh\u00e1ra ml\u00e1de\u017ee vo volejbale v Pre\u0161ove","datePublished":"2025-09-03T09:11:14+00:00","dateModified":"2025-12-15T09:13:32+00:00","mainEntityOfPage":{"@id":"https:\/\/www.regionsaris.sk\/8-rocnik-pohara-mladeze-vo-volejbale-v-presove\/"},"wordCount":203,"commentCount":0,"image":{"@id":"https:\/\/www.regionsaris.sk\/8-rocnik-pohara-mladeze-vo-volejbale-v-presove\/#primaryimage"},"thumbnailUrl":"https:\/\/www.regionsaris.sk\/wp-content\/uploads\/2025\/12\/96b62d6c-64c6-4ee3-b7dd-fbd244c1a9ec-scaled-1.jpg","articleSection":["Novinky"],"inLanguage":"hu","potentialAction":[{"@type":"CommentAction","name":"Comment","target":["https:\/\/www.regionsaris.sk\/8-rocnik-pohara-mladeze-vo-volejbale-v-presove\/#respond"]}]},{"@type":"WebPage","@id":"https:\/\/www.regionsaris.sk\/8-rocnik-pohara-mladeze-vo-volejbale-v-presove\/","url":"https:\/\/www.regionsaris.sk\/8-rocnik-pohara-mladeze-vo-volejbale-v-presove\/","name":"8. ro\u010dn\u00edk Poh\u00e1ra ml\u00e1de\u017ee vo volejbale v Pre\u0161ove - OOCR \u0160ari\u0161","isPartOf":{"@id":"https:\/\/www.regionsaris.sk\/#website"},"primaryImageOfPage":{"@id":"https:\/\/www.regionsaris.sk\/8-rocnik-pohara-mladeze-vo-volejbale-v-presove\/#primaryimage"},"image":{"@id":"https:\/\/www.regionsaris.sk\/8-rocnik-pohara-mladeze-vo-volejbale-v-presove\/#primaryimage"},"thumbnailUrl":"https:\/\/www.regionsaris.sk\/wp-content\/uploads\/2025\/12\/96b62d6c-64c6-4ee3-b7dd-fbd244c1a9ec-scaled-1.jpg","datePublished":"2025-09-03T09:11:14+00:00","dateModified":"2025-12-15T09:13:32+00:00","author":{"@id":"https:\/\/www.regionsaris.sk\/#\/schema\/person\/30fad06d87cd12ad1d94ff5fbd6919d1"},"breadcrumb":{"@id":"https:\/\/www.regionsaris.sk\/8-rocnik-pohara-mladeze-vo-volejbale-v-presove\/#breadcrumb"},"inLanguage":"hu","potentialAction":[{"@type":"ReadAction","target":["https:\/\/www.regionsaris.sk\/8-rocnik-pohara-mladeze-vo-volejbale-v-presove\/"]}]},{"@type":"ImageObject","inLanguage":"hu","@id":"https:\/\/www.regionsaris.sk\/8-rocnik-pohara-mladeze-vo-volejbale-v-presove\/#primaryimage","url":"https:\/\/www.regionsaris.sk\/wp-content\/uploads\/2025\/12\/96b62d6c-64c6-4ee3-b7dd-fbd244c1a9ec-scaled-1.jpg","contentUrl":"https:\/\/www.regionsaris.sk\/wp-content\/uploads\/2025\/12\/96b62d6c-64c6-4ee3-b7dd-fbd244c1a9ec-scaled-1.jpg","width":2560,"height":1920},{"@type":"BreadcrumbList","@id":"https:\/\/www.regionsaris.sk\/8-rocnik-pohara-mladeze-vo-volejbale-v-presove\/#breadcrumb","itemListElement":[{"@type":"ListItem","position":1,"name":"Domov","item":"https:\/\/www.regionsaris.sk\/"},{"@type":"ListItem","position":2,"name":"8. ro\u010dn\u00edk Poh\u00e1ra ml\u00e1de\u017ee vo volejbale v Pre\u0161ove"}]},{"@type":"WebSite","@id":"https:\/\/www.regionsaris.sk\/#website","url":"https:\/\/www.regionsaris.sk\/","name":"OOCR \u0160ari\u0161","description":"","potentialAction":[{"@type":"SearchAction","target":{"@type":"EntryPoint","urlTemplate":"https:\/\/www.regionsaris.sk\/?s={search_term_string}"},"query-input":{"@type":"PropertyValueSpecification","valueRequired":true,"valueName":"search_term_string"}}],"inLanguage":"hu"},{"@type":"Person","@id":"https:\/\/www.regionsaris.sk\/#\/schema\/person\/30fad06d87cd12ad1d94ff5fbd6919d1","name":"dev@bigway.sk","image":{"@type":"ImageObject","inLanguage":"hu","@id":"https:\/\/www.regionsaris.sk\/#\/schema\/person\/image\/","url":"https:\/\/secure.gravatar.com\/avatar\/013b34bc1192067340cff024d72adf40af543d15809da0502beda083cb4f28a2?s=96&d=mm&r=g","contentUrl":"https:\/\/secure.gravatar.com\/avatar\/013b34bc1192067340cff024d72adf40af543d15809da0502beda083cb4f28a2?s=96&d=mm&r=g","caption":"dev@bigway.sk"},"sameAs":["https:\/\/www.regionsaris.sk"],"url":"https:\/\/www.regionsaris.sk\/hu\/author\/devbigway-sk\/"}]}},"_links":{"self":[{"href":"https:\/\/www.regionsaris.sk\/hu\/wp-json\/wp\/v2\/posts\/638","targetHints":{"allow":["GET"]}}],"collection":[{"href":"https:\/\/www.regionsaris.sk\/hu\/wp-json\/wp\/v2\/posts"}],"about":[{"href":"https:\/\/www.regionsaris.sk\/hu\/wp-json\/wp\/v2\/types\/post"}],"author":[{"embeddable":true,"href":"https:\/\/www.regionsaris.sk\/hu\/wp-json\/wp\/v2\/users\/1"}],"replies":[{"embeddable":true,"href":"https:\/\/www.regionsaris.sk\/hu\/wp-json\/wp\/v2\/comments?post=638"}],"version-history":[{"count":1,"href":"https:\/\/www.regionsaris.sk\/hu\/wp-json\/wp\/v2\/posts\/638\/revisions"}],"predecessor-version":[{"id":645,"href":"https:\/\/www.regionsaris.sk\/hu\/wp-json\/wp\/v2\/posts\/638\/revisions\/645"}],"wp:featuredmedia":[{"embeddable":true,"href":"https:\/\/www.regionsaris.sk\/hu\/wp-json\/wp\/v2\/media\/646"}],"wp:attachment":[{"href":"https:\/\/www.regionsaris.sk\/hu\/wp-json\/wp\/v2\/media?parent=638"}],"wp:term":[{"taxonomy":"category","embeddable":true,"href":"https:\/\/www.regionsaris.sk\/hu\/wp-json\/wp\/v2\/categories?post=638"},{"taxonomy":"post_tag","embeddable":true,"href":"https:\/\/www.regionsaris.sk\/hu\/wp-json\/wp\/v2\/tags?post=638"}],"curies":[{"name":"wp","href":"https:\/\/api.w.org\/{rel}","templated":true}]}}