{"id":607,"date":"2025-07-16T07:56:26","date_gmt":"2025-07-16T06:56:26","guid":{"rendered":"https:\/\/www.regionsaris.sk\/17-rocnik-stretnutia-banskych-miest-a-obci\/"},"modified":"2025-12-15T10:12:55","modified_gmt":"2025-12-15T09:12:55","slug":"17-rocnik-stretnutia-banskych-miest-a-obci","status":"publish","type":"post","link":"https:\/\/www.regionsaris.sk\/hu\/17-rocnik-stretnutia-banskych-miest-a-obci\/","title":{"rendered":"B\u00e1nyav\u00e1rosok \u00e9s telep\u00fcl\u00e9sek 17. tal\u00e1lkoz\u00f3ja"},"content":{"rendered":"<h5><strong>J\u00fanius utols\u00f3 h\u00e9tv\u00e9g\u00e9je Pre\u0161ovban a b\u00e1ny\u00e1szegyes\u00fcletek \u00e9s c\u00e9hek\u00e9 volt Szlov\u00e1kia eg\u00e9sz ter\u00fclet\u00e9r\u0151l \u00e9s k\u00fclf\u00f6ldr\u0151l. A 17. alkalommal megrendezett esem\u00e9nyen t\u00f6bb mint 520 r\u00e9sztvev\u0151 gy\u0171lt \u00f6ssze 36 szlov\u00e1kiai, csehorsz\u00e1gi, magyarorsz\u00e1gi, lengyelorsz\u00e1gi \u00e9s rom\u00e1niai b\u00e1ny\u00e1szati \u00e9s koh\u00e1szati egyes\u00fcletb\u0151l \u00e9s c\u00e9hb\u0151l. A rendezv\u00e9ny, amely a b\u00e1ny\u00e1szati hagyom\u00e1nyok \u00e9s a k\u00e9zm\u0171ves b\u00fcszkes\u00e9g \u00fcnnepe volt, Pre\u0161ov v\u00e1ros\u00e1val \u00e9s a Szlov\u00e1kiai B\u00e1ny\u00e1szati T\u00e1rsas\u00e1gok \u00e9s C\u00e9hek Sz\u00f6vets\u00e9g\u00e9vel szoros egy\u00fcttm\u0171k\u00f6d\u00e9sben ker\u00fclt megrendez\u00e9sre. A k\u00e9t nap alatt szakmai, szellemi \u00e9s kultur\u00e1lis programmal k\u00e9sz\u00fcltek, amelyet t\u00f6bb sz\u00e1z l\u00e1togat\u00f3 nem hagyott ki.<\/strong><\/h5>\n\u00a0\n\n<a href=\"https:\/\/www.regionsaris.sk\/wp-content\/uploads\/2025\/07\/Photo-28-06-2025-11-46-12-scaled.jpg\"><img loading=\"lazy\" decoding=\"async\" class=\"wp-image-31244 alignnone\" src=\"https:\/\/www.regionsaris.sk\/wp-content\/uploads\/2025\/12\/Photo-28-06-2025-11-46-12-scaled.jpg\" alt=\"\" width=\"813\" height=\"458\" \/><\/a>\n\n\u00a0\n\nA p\u00e9nteki megnyit\u00f3ra a <strong data-start=\"767\" data-end=\"806\">Nemzeti Kultur\u00e1lis Eml\u00e9km\u0171 Solivar<\/strong>, ahol a r\u00e9gi\u00f3k, a v\u00e1ros \u00e9s a s\u00f3b\u00e1nya bemutat\u00e1s\u00e1ra ker\u00fclt sor.\n<p data-start=\"54\" data-end=\"380\"><strong data-start=\"194\" data-end=\"247\">A \u0160ari\u0161 r\u00e9gi\u00f3 akt\u00edvan r\u00e9szt vett a programban.<\/strong> - bemutattuk r\u00e9gi\u00f3nk l\u00e1tnival\u00f3it, ismertett\u00fck a szervezet tev\u00e9kenys\u00e9g\u00e9t, \u00e9s megh\u00edvtuk a l\u00e1togat\u00f3kat, hogy fedezz\u00e9k fel \u0160ari\u0161 sz\u00e9ps\u00e9geit.<\/p>\n<p data-start=\"382\" data-end=\"608\">Bev\u00e1lt kir\u00e1ndul\u00e1si tippeket, \u00e9rdekes helysz\u00edneket aj\u00e1nlottunk, \u00e9s kiosztottuk hivatalos \u00fatic\u00e9l-\u00fatikalauzunkat. Kiosztottuk <strong data-start=\"527\" data-end=\"558\">t\u00e9rk\u00e9pek \u00e9s prom\u00f3ci\u00f3s anyagok<\/strong>, ami seg\u00edtett nekik a r\u00e9gi\u00f3 tov\u00e1bbi felfedez\u00e9s\u00e9ben.<\/p>\n<p data-start=\"382\" data-end=\"608\"><a href=\"https:\/\/www.regionsaris.sk\/wp-content\/uploads\/2025\/12\/Messenger_creation_0220CB78-71EC-4B74-A26F-8A596E30883C.jpeg\"><img loading=\"lazy\" decoding=\"async\" class=\"wp-image-31280 alignnone\" src=\"https:\/\/www.regionsaris.sk\/wp-content\/uploads\/2025\/12\/Messenger_creation_0220CB78-71EC-4B74-A26F-8A596E30883C-300x225.jpeg\" alt=\"\" width=\"835\" height=\"626\" \/><\/a><\/p>\n<p data-start=\"610\" data-end=\"764\"><strong data-start=\"610\" data-end=\"689\">A kifejezetten az esem\u00e9nyre k\u00e9sz\u00edtett t\u00e1sk\u00e1k k\u00fcl\u00f6n\u00f6sen nagy tetsz\u00e9st arattak.<\/strong>, amelyet praktikus \u00e9s eml\u00e9kezetes aj\u00e1nd\u00e9kk\u00e9nt adtunk a l\u00e1togat\u00f3knak prom\u00f3ci\u00f3s anyagokkal egy\u00fctt.<\/p>\n<p data-start=\"766\" data-end=\"994\"><strong data-start=\"766\" data-end=\"879\">A rendezv\u00e9ny ideje alatt nyitva volt a \u0160ari\u0161 r\u00e9gi\u00f3 turisztikai inform\u00e1ci\u00f3s k\u00f6zpontja is a Hlavn\u00e1 utc\u00e1ban.<\/strong>, amely naprak\u00e9sz inform\u00e1ci\u00f3kkal, szem\u00e9lyes aj\u00e1nl\u00e1sokkal \u00e9s szolg\u00e1ltat\u00e1sokkal l\u00e1tta el a t\u00e9rs\u00e9g\u00fcnk felfedez\u00e9se ir\u00e1nt \u00e9rdekl\u0151d\u0151ket.<\/p>\n\u00a0\n\nAz esem\u00e9ny egy est\u00e9vel folytat\u00f3dott <strong data-start=\"901\" data-end=\"933\">Szent Barbara szobr\u00e1nak felszentel\u00e9se<\/strong> - a b\u00e1ny\u00e1szok v\u00e9d\u0151szentje - a Szent Mikl\u00f3s-sz\u00e9kesegyh\u00e1zban.\n\n\u00a0\n\n<a href=\"https:\/\/www.regionsaris.sk\/wp-content\/uploads\/2025\/07\/Photo-27-06-2025-15-44-37-scaled.jpg\"><img loading=\"lazy\" decoding=\"async\" class=\"wp-image-31260 alignnone\" src=\"https:\/\/www.regionsaris.sk\/wp-content\/uploads\/2025\/12\/Photo-27-06-2025-15-44-37-scaled.jpg\" alt=\"\" width=\"809\" height=\"456\" \/><\/a>\n\n\u00a0\n\nA szombat reggel a <strong data-start=\"1026\" data-end=\"1052\">\u00f6kumenikus istentisztelet<\/strong> a Szent Mikl\u00f3s sz\u00e9kesegyh\u00e1zban \u00e9s <strong data-start=\"1083\" data-end=\"1142\">a Szent Barbara tiszteletjelv\u00e9nyek \u00e1tad\u00e1s\u00e1nak szertart\u00e1sa<\/strong>.\n\n\u00a0\n\n<a href=\"https:\/\/www.regionsaris.sk\/wp-content\/uploads\/2025\/07\/Photo-28-06-2025-13-07-10-scaled.jpg\"><img loading=\"lazy\" decoding=\"async\" class=\"wp-image-31256 alignnone\" src=\"https:\/\/www.regionsaris.sk\/wp-content\/uploads\/2025\/12\/Photo-28-06-2025-13-07-10-scaled.jpg\" alt=\"\" width=\"811\" height=\"457\" \/><\/a>\n\n\u00a0\n\n14:15-kor Pre\u0161ov v\u00e1ros k\u00f6zpontja <strong data-start=\"1183\" data-end=\"1214\">sz\u00ednes \u00e9s m\u00e9lt\u00f3s\u00e1gteljes felvonul\u00e1s<\/strong> b\u00e1ny\u00e1szati \u00e9s koh\u00e1szati egyes\u00fcletek t\u00f6rt\u00e9nelmi egyenruh\u00e1ban, ami nagy k\u00f6z\u00e9rdekl\u0151d\u00e9st v\u00e1ltott ki.\n\n<a href=\"https:\/\/www.regionsaris.sk\/wp-content\/uploads\/2025\/07\/Photo-28-06-2025-14-30-27-scaled.jpg\"><img loading=\"lazy\" decoding=\"async\" class=\"wp-image-31264 alignnone\" src=\"https:\/\/www.regionsaris.sk\/wp-content\/uploads\/2025\/12\/Photo-28-06-2025-14-30-27-scaled.jpg\" alt=\"\" width=\"820\" height=\"462\" \/><\/a>\n\n\u00a0\n\nA d\u00e9lut\u00e1ni program a F\u0151 utc\u00e1n, a lovasszobor k\u00f6zel\u00e9ben kultur\u00e1lis el\u0151ad\u00e1sokkal tet\u0151z\u00f6tt, ahol b\u00e1ny\u00e1szfolkl\u00f3r \u00f6r\u00f6ks\u00e9ggel rendelkez\u0151 egy\u00fcttesek mutatkoztak be.\n\n<a href=\"https:\/\/www.regionsaris.sk\/wp-content\/uploads\/2025\/07\/Photo-28-06-2025-15-14-23-scaled.jpg\"><img loading=\"lazy\" decoding=\"async\" class=\"wp-image-31268 alignnone\" src=\"https:\/\/www.regionsaris.sk\/wp-content\/uploads\/2025\/12\/Photo-28-06-2025-15-14-23-scaled.jpg\" alt=\"\" width=\"822\" height=\"463\" \/><\/a>\n<p data-start=\"0\" data-end=\"311\">Az esem\u00e9ny felh\u00edvta a figyelmet Pre\u0161ov \u00e9s k\u00f6rny\u00e9k\u00e9nek gazdag s\u00f3t\u00f6rt\u00e9net\u00e9re is - mind szimbolikus, mind aktu\u00e1lis \u00e9rtelemben. A rendezv\u00e9ny teret nyitott a k\u00f6vetkez\u0151 t\u00e9m\u00e1k megvitat\u00e1s\u00e1ra <strong data-start=\"142\" data-end=\"198\">a Solivar al\u00e1akn\u00e1zott ter\u00fclet\u00e9nek jelenlegi probl\u00e9m\u00e1i<\/strong>, amelyet a v\u00e1ros a Szlov\u00e1k K\u00f6zt\u00e1rsas\u00e1g K\u00f6rnyezetv\u00e9delmi Miniszt\u00e9rium\u00e1val \u00e9s a Szlov\u00e1k K\u00f6zt\u00e1rsas\u00e1g Gazdas\u00e1gi Miniszt\u00e9rium\u00e1val egy\u00fcttm\u0171k\u00f6dve akt\u00edvan kezel.<\/p>\n<p data-start=\"313\" data-end=\"439\">Pre\u0161ov m\u00e9lt\u00f3 h\u00e1zigazd\u00e1nak bizonyult, amely k\u00e9pes volt egyes\u00edteni <strong data-start=\"374\" data-end=\"401\">m\u00falt \u00e9s jelen<\/strong>, <strong data-start=\"403\" data-end=\"436\">hagyom\u00e1ny a jelenlegi kih\u00edv\u00e1sokkal<\/strong>.<\/p>\n<p data-start=\"441\" data-end=\"624\" data-is-last-node=\"\" data-is-only-node=\"\">A b\u00e1ny\u00e1szati sz\u00f6vets\u00e9gek, a c\u00e9hek \u00e9s a l\u00e1togat\u00f3k nemcsak \u00e9rt\u00e9kes tapasztalatokat, hanem az egys\u00e9g, az \u00f6r\u00f6ks\u00e9g \u00e9s a k\u00f6z\u00f6s kultur\u00e1lis \u00f6r\u00f6ks\u00e9gre val\u00f3 b\u00fcszkes\u00e9g er\u0151s \u00fczenet\u00e9t is magukkal vitt\u00e9k err\u0151l a rendk\u00edv\u00fcli tal\u00e1lkoz\u00f3r\u00f3l.<\/p>\n<p data-start=\"441\" data-end=\"624\" data-is-last-node=\"\" data-is-only-node=\"\"><a href=\"https:\/\/www.regionsaris.sk\/wp-content\/uploads\/2025\/07\/Photo-28-06-2025-14-49-28-scaled.jpg\"><img loading=\"lazy\" decoding=\"async\" class=\"wp-image-31272 alignnone\" src=\"https:\/\/www.regionsaris.sk\/wp-content\/uploads\/2025\/12\/Photo-28-06-2025-14-49-28-scaled.jpg\" alt=\"\" width=\"849\" height=\"478\" \/><\/a><\/p>\n<p data-start=\"441\" data-end=\"624\" data-is-last-node=\"\" data-is-only-node=\"\"><\/p>\n<p data-start=\"441\" data-end=\"624\" data-is-last-node=\"\" data-is-only-node=\"\"><i>K\u00f6sz\u00f6nj\u00fck partners\u00e9gi t\u00e1mogat\u00e1s\u00e1t\u00a0<a class=\"x1i10hfl xjbqb8w x1ejq31n xd10rxx x1sy0etr x17r0tee x972fbf xcfux6l x1qhh985 xm0m39n x9f619 x1ypdohk xt0psk2 xe8uvvx xdj266r x11i5rnm xat24cr x1mh8g0r xexx8yu x4uap5 x18d9i69 xkhd6sd x16tdsg8 x1hl2dhg xggy1nq x1a2a7pz xkrqix3 x1sur9pj x1fey0fg x1s688f\" tabindex=\"0\" role=\"link\" href=\"https:\/\/www.facebook.com\/mincrs.sk?__cft__[0]=AZXG4VGlyyFPiuAfFwz81gdW0LTjBZPAcb00n-4ct7ZBiLk7JtEntol4E5WVR2NkTx_hOdiFr3z9NLAwmLf9YxxTDTG4WdXRVlESOUGo4xeLzUDJXW8EuY9KhmH5scpXVwrm7bUFOW5QdjNAdohaHS2K5ZfUyUQfRfVlhvi6xflk3Q&__tn__=-]K-R\" target=\"_blank\" rel=\"noopener\"><span class=\"xt0psk2\"><span class=\"xjp7ctv\">A Szlov\u00e1k K\u00f6zt\u00e1rsas\u00e1g Turisztikai \u00e9s Sportminiszt\u00e9riuma.<\/span><\/span><\/a><\/i><\/p>\n<p data-start=\"441\" data-end=\"624\" data-is-last-node=\"\" data-is-only-node=\"\"><a href=\"https:\/\/www.regionsaris.sk\/wp-content\/uploads\/2025\/12\/SARIS_region_logo_rgb_01_@4-1-1.png\"><img loading=\"lazy\" decoding=\"async\" class=\"size-medium wp-image-28923 alignnone\" src=\"https:\/\/www.regionsaris.sk\/wp-content\/uploads\/2025\/12\/SARIS_region_logo_rgb_01_@4-1-1-300x172.png\" alt=\"\" width=\"300\" height=\"172\" \/><\/a> <a href=\"https:\/\/www.regionsaris.sk\/wp-content\/uploads\/2025\/12\/logo_Min-CestovnehoRuchu-a-Sportu_SR_SK_farba_rgb-1.png\"><img loading=\"lazy\" decoding=\"async\" class=\"size-medium wp-image-28931 alignnone\" src=\"https:\/\/www.regionsaris.sk\/wp-content\/uploads\/2025\/12\/logo_Min-CestovnehoRuchu-a-Sportu_SR_SK_farba_rgb-1-300x95.png\" alt=\"\" width=\"300\" height=\"95\" \/><\/a><\/p>\n\u00a0\n\n\u00a0\n\n\u00a0\n\n\u00a0","protected":false},"excerpt":{"rendered":"<p>Posledn\u00fd j\u00fanov\u00fd v\u00edkend v Pre\u0161ove patril ban\u00edckym spolkom a cechom z cel\u00e9ho Slovenska, ale aj...<\/p>","protected":false},"author":1,"featured_media":616,"comment_status":"open","ping_status":"open","sticky":false,"template":"","format":"standard","meta":{"_acf_changed":false,"footnotes":""},"categories":[1],"tags":[],"class_list":["post-607","post","type-post","status-publish","format-standard","has-post-thumbnail","hentry","category-novinky"],"acf":[],"yoast_head":"<!-- This site is optimized with the Yoast SEO Premium plugin v26.3 (Yoast SEO v26.8) - https:\/\/yoast.com\/product\/yoast-seo-premium-wordpress\/ -->\n<title>17. ro\u010dn\u00edk Stretnutia bansk\u00fdch miest a obc\u00ed - OOCR \u0160ari\u0161<\/title>\n<meta name=\"robots\" content=\"index, follow, max-snippet:-1, max-image-preview:large, max-video-preview:-1\" \/>\n<link rel=\"canonical\" href=\"https:\/\/www.regionsaris.sk\/hu\/17-rocnik-stretnutia-banskych-miest-a-obci\/\" \/>\n<meta property=\"og:locale\" content=\"hu_HU\" \/>\n<meta property=\"og:type\" content=\"article\" \/>\n<meta property=\"og:title\" content=\"17. ro\u010dn\u00edk Stretnutia bansk\u00fdch miest a obc\u00ed\" \/>\n<meta property=\"og:description\" content=\"Posledn\u00fd j\u00fanov\u00fd v\u00edkend v Pre\u0161ove patril ban\u00edckym spolkom a cechom z cel\u00e9ho Slovenska, ale aj...\" \/>\n<meta property=\"og:url\" content=\"https:\/\/www.regionsaris.sk\/hu\/17-rocnik-stretnutia-banskych-miest-a-obci\/\" \/>\n<meta property=\"og:site_name\" content=\"OOCR \u0160ari\u0161\" \/>\n<meta property=\"article:published_time\" content=\"2025-07-16T06:56:26+00:00\" \/>\n<meta property=\"article:modified_time\" content=\"2025-12-15T09:12:55+00:00\" \/>\n<meta property=\"og:image\" content=\"https:\/\/www.regionsaris.sk\/wp-content\/uploads\/2025\/12\/Photo-28-06-2025-15-14-23-scaled-1.jpg\" \/>\n\t<meta property=\"og:image:width\" content=\"2560\" \/>\n\t<meta property=\"og:image:height\" content=\"1440\" \/>\n\t<meta property=\"og:image:type\" content=\"image\/jpeg\" \/>\n<meta name=\"author\" content=\"dev@bigway.sk\" \/>\n<meta name=\"twitter:card\" content=\"summary_large_image\" \/>\n<meta name=\"twitter:label1\" content=\"Szerz\u0151:\" \/>\n\t<meta name=\"twitter:data1\" content=\"dev@bigway.sk\" \/>\n\t<meta name=\"twitter:label2\" content=\"Becs\u00fclt olvas\u00e1si id\u0151\" \/>\n\t<meta name=\"twitter:data2\" content=\"3 perc\" \/>\n<script type=\"application\/ld+json\" class=\"yoast-schema-graph\">{\"@context\":\"https:\/\/schema.org\",\"@graph\":[{\"@type\":\"Article\",\"@id\":\"https:\/\/www.regionsaris.sk\/17-rocnik-stretnutia-banskych-miest-a-obci\/#article\",\"isPartOf\":{\"@id\":\"https:\/\/www.regionsaris.sk\/17-rocnik-stretnutia-banskych-miest-a-obci\/\"},\"author\":{\"name\":\"dev@bigway.sk\",\"@id\":\"https:\/\/www.regionsaris.sk\/#\/schema\/person\/30fad06d87cd12ad1d94ff5fbd6919d1\"},\"headline\":\"17. ro\u010dn\u00edk Stretnutia bansk\u00fdch miest a obc\u00ed\",\"datePublished\":\"2025-07-16T06:56:26+00:00\",\"dateModified\":\"2025-12-15T09:12:55+00:00\",\"mainEntityOfPage\":{\"@id\":\"https:\/\/www.regionsaris.sk\/17-rocnik-stretnutia-banskych-miest-a-obci\/\"},\"wordCount\":523,\"commentCount\":0,\"image\":{\"@id\":\"https:\/\/www.regionsaris.sk\/17-rocnik-stretnutia-banskych-miest-a-obci\/#primaryimage\"},\"thumbnailUrl\":\"https:\/\/www.regionsaris.sk\/wp-content\/uploads\/2025\/12\/Photo-28-06-2025-15-14-23-scaled-1.jpg\",\"articleSection\":[\"Novinky\"],\"inLanguage\":\"hu\",\"potentialAction\":[{\"@type\":\"CommentAction\",\"name\":\"Comment\",\"target\":[\"https:\/\/www.regionsaris.sk\/17-rocnik-stretnutia-banskych-miest-a-obci\/#respond\"]}]},{\"@type\":\"WebPage\",\"@id\":\"https:\/\/www.regionsaris.sk\/17-rocnik-stretnutia-banskych-miest-a-obci\/\",\"url\":\"https:\/\/www.regionsaris.sk\/17-rocnik-stretnutia-banskych-miest-a-obci\/\",\"name\":\"17. ro\u010dn\u00edk Stretnutia bansk\u00fdch miest a obc\u00ed - OOCR \u0160ari\u0161\",\"isPartOf\":{\"@id\":\"https:\/\/www.regionsaris.sk\/#website\"},\"primaryImageOfPage\":{\"@id\":\"https:\/\/www.regionsaris.sk\/17-rocnik-stretnutia-banskych-miest-a-obci\/#primaryimage\"},\"image\":{\"@id\":\"https:\/\/www.regionsaris.sk\/17-rocnik-stretnutia-banskych-miest-a-obci\/#primaryimage\"},\"thumbnailUrl\":\"https:\/\/www.regionsaris.sk\/wp-content\/uploads\/2025\/12\/Photo-28-06-2025-15-14-23-scaled-1.jpg\",\"datePublished\":\"2025-07-16T06:56:26+00:00\",\"dateModified\":\"2025-12-15T09:12:55+00:00\",\"author\":{\"@id\":\"https:\/\/www.regionsaris.sk\/#\/schema\/person\/30fad06d87cd12ad1d94ff5fbd6919d1\"},\"breadcrumb\":{\"@id\":\"https:\/\/www.regionsaris.sk\/17-rocnik-stretnutia-banskych-miest-a-obci\/#breadcrumb\"},\"inLanguage\":\"hu\",\"potentialAction\":[{\"@type\":\"ReadAction\",\"target\":[\"https:\/\/www.regionsaris.sk\/17-rocnik-stretnutia-banskych-miest-a-obci\/\"]}]},{\"@type\":\"ImageObject\",\"inLanguage\":\"hu\",\"@id\":\"https:\/\/www.regionsaris.sk\/17-rocnik-stretnutia-banskych-miest-a-obci\/#primaryimage\",\"url\":\"https:\/\/www.regionsaris.sk\/wp-content\/uploads\/2025\/12\/Photo-28-06-2025-15-14-23-scaled-1.jpg\",\"contentUrl\":\"https:\/\/www.regionsaris.sk\/wp-content\/uploads\/2025\/12\/Photo-28-06-2025-15-14-23-scaled-1.jpg\",\"width\":2560,\"height\":1440},{\"@type\":\"BreadcrumbList\",\"@id\":\"https:\/\/www.regionsaris.sk\/17-rocnik-stretnutia-banskych-miest-a-obci\/#breadcrumb\",\"itemListElement\":[{\"@type\":\"ListItem\",\"position\":1,\"name\":\"Domov\",\"item\":\"https:\/\/www.regionsaris.sk\/\"},{\"@type\":\"ListItem\",\"position\":2,\"name\":\"17. ro\u010dn\u00edk Stretnutia bansk\u00fdch miest a obc\u00ed\"}]},{\"@type\":\"WebSite\",\"@id\":\"https:\/\/www.regionsaris.sk\/#website\",\"url\":\"https:\/\/www.regionsaris.sk\/\",\"name\":\"OOCR \u0160ari\u0161\",\"description\":\"\",\"potentialAction\":[{\"@type\":\"SearchAction\",\"target\":{\"@type\":\"EntryPoint\",\"urlTemplate\":\"https:\/\/www.regionsaris.sk\/?s={search_term_string}\"},\"query-input\":{\"@type\":\"PropertyValueSpecification\",\"valueRequired\":true,\"valueName\":\"search_term_string\"}}],\"inLanguage\":\"hu\"},{\"@type\":\"Person\",\"@id\":\"https:\/\/www.regionsaris.sk\/#\/schema\/person\/30fad06d87cd12ad1d94ff5fbd6919d1\",\"name\":\"dev@bigway.sk\",\"image\":{\"@type\":\"ImageObject\",\"inLanguage\":\"hu\",\"@id\":\"https:\/\/www.regionsaris.sk\/#\/schema\/person\/image\/\",\"url\":\"https:\/\/secure.gravatar.com\/avatar\/013b34bc1192067340cff024d72adf40af543d15809da0502beda083cb4f28a2?s=96&d=mm&r=g\",\"contentUrl\":\"https:\/\/secure.gravatar.com\/avatar\/013b34bc1192067340cff024d72adf40af543d15809da0502beda083cb4f28a2?s=96&d=mm&r=g\",\"caption\":\"dev@bigway.sk\"},\"sameAs\":[\"https:\/\/www.regionsaris.sk\"],\"url\":\"https:\/\/www.regionsaris.sk\/hu\/author\/devbigway-sk\/\"}]}<\/script>\n<!-- \/ Yoast SEO Premium plugin. -->","yoast_head_json":{"title":"17. ro\u010dn\u00edk Stretnutia bansk\u00fdch miest a obc\u00ed - OOCR \u0160ari\u0161","robots":{"index":"index","follow":"follow","max-snippet":"max-snippet:-1","max-image-preview":"max-image-preview:large","max-video-preview":"max-video-preview:-1"},"canonical":"https:\/\/www.regionsaris.sk\/hu\/17-rocnik-stretnutia-banskych-miest-a-obci\/","og_locale":"hu_HU","og_type":"article","og_title":"17. ro\u010dn\u00edk Stretnutia bansk\u00fdch miest a obc\u00ed","og_description":"Posledn\u00fd j\u00fanov\u00fd v\u00edkend v Pre\u0161ove patril ban\u00edckym spolkom a cechom z cel\u00e9ho Slovenska, ale aj...","og_url":"https:\/\/www.regionsaris.sk\/hu\/17-rocnik-stretnutia-banskych-miest-a-obci\/","og_site_name":"OOCR \u0160ari\u0161","article_published_time":"2025-07-16T06:56:26+00:00","article_modified_time":"2025-12-15T09:12:55+00:00","og_image":[{"width":2560,"height":1440,"url":"https:\/\/www.regionsaris.sk\/wp-content\/uploads\/2025\/12\/Photo-28-06-2025-15-14-23-scaled-1.jpg","type":"image\/jpeg"}],"author":"dev@bigway.sk","twitter_card":"summary_large_image","twitter_misc":{"Szerz\u0151:":"dev@bigway.sk","Becs\u00fclt olvas\u00e1si id\u0151":"3 perc"},"schema":{"@context":"https:\/\/schema.org","@graph":[{"@type":"Article","@id":"https:\/\/www.regionsaris.sk\/17-rocnik-stretnutia-banskych-miest-a-obci\/#article","isPartOf":{"@id":"https:\/\/www.regionsaris.sk\/17-rocnik-stretnutia-banskych-miest-a-obci\/"},"author":{"name":"dev@bigway.sk","@id":"https:\/\/www.regionsaris.sk\/#\/schema\/person\/30fad06d87cd12ad1d94ff5fbd6919d1"},"headline":"17. ro\u010dn\u00edk Stretnutia bansk\u00fdch miest a obc\u00ed","datePublished":"2025-07-16T06:56:26+00:00","dateModified":"2025-12-15T09:12:55+00:00","mainEntityOfPage":{"@id":"https:\/\/www.regionsaris.sk\/17-rocnik-stretnutia-banskych-miest-a-obci\/"},"wordCount":523,"commentCount":0,"image":{"@id":"https:\/\/www.regionsaris.sk\/17-rocnik-stretnutia-banskych-miest-a-obci\/#primaryimage"},"thumbnailUrl":"https:\/\/www.regionsaris.sk\/wp-content\/uploads\/2025\/12\/Photo-28-06-2025-15-14-23-scaled-1.jpg","articleSection":["Novinky"],"inLanguage":"hu","potentialAction":[{"@type":"CommentAction","name":"Comment","target":["https:\/\/www.regionsaris.sk\/17-rocnik-stretnutia-banskych-miest-a-obci\/#respond"]}]},{"@type":"WebPage","@id":"https:\/\/www.regionsaris.sk\/17-rocnik-stretnutia-banskych-miest-a-obci\/","url":"https:\/\/www.regionsaris.sk\/17-rocnik-stretnutia-banskych-miest-a-obci\/","name":"17. ro\u010dn\u00edk Stretnutia bansk\u00fdch miest a obc\u00ed - OOCR \u0160ari\u0161","isPartOf":{"@id":"https:\/\/www.regionsaris.sk\/#website"},"primaryImageOfPage":{"@id":"https:\/\/www.regionsaris.sk\/17-rocnik-stretnutia-banskych-miest-a-obci\/#primaryimage"},"image":{"@id":"https:\/\/www.regionsaris.sk\/17-rocnik-stretnutia-banskych-miest-a-obci\/#primaryimage"},"thumbnailUrl":"https:\/\/www.regionsaris.sk\/wp-content\/uploads\/2025\/12\/Photo-28-06-2025-15-14-23-scaled-1.jpg","datePublished":"2025-07-16T06:56:26+00:00","dateModified":"2025-12-15T09:12:55+00:00","author":{"@id":"https:\/\/www.regionsaris.sk\/#\/schema\/person\/30fad06d87cd12ad1d94ff5fbd6919d1"},"breadcrumb":{"@id":"https:\/\/www.regionsaris.sk\/17-rocnik-stretnutia-banskych-miest-a-obci\/#breadcrumb"},"inLanguage":"hu","potentialAction":[{"@type":"ReadAction","target":["https:\/\/www.regionsaris.sk\/17-rocnik-stretnutia-banskych-miest-a-obci\/"]}]},{"@type":"ImageObject","inLanguage":"hu","@id":"https:\/\/www.regionsaris.sk\/17-rocnik-stretnutia-banskych-miest-a-obci\/#primaryimage","url":"https:\/\/www.regionsaris.sk\/wp-content\/uploads\/2025\/12\/Photo-28-06-2025-15-14-23-scaled-1.jpg","contentUrl":"https:\/\/www.regionsaris.sk\/wp-content\/uploads\/2025\/12\/Photo-28-06-2025-15-14-23-scaled-1.jpg","width":2560,"height":1440},{"@type":"BreadcrumbList","@id":"https:\/\/www.regionsaris.sk\/17-rocnik-stretnutia-banskych-miest-a-obci\/#breadcrumb","itemListElement":[{"@type":"ListItem","position":1,"name":"Domov","item":"https:\/\/www.regionsaris.sk\/"},{"@type":"ListItem","position":2,"name":"17. ro\u010dn\u00edk Stretnutia bansk\u00fdch miest a obc\u00ed"}]},{"@type":"WebSite","@id":"https:\/\/www.regionsaris.sk\/#website","url":"https:\/\/www.regionsaris.sk\/","name":"OOCR \u0160ari\u0161","description":"","potentialAction":[{"@type":"SearchAction","target":{"@type":"EntryPoint","urlTemplate":"https:\/\/www.regionsaris.sk\/?s={search_term_string}"},"query-input":{"@type":"PropertyValueSpecification","valueRequired":true,"valueName":"search_term_string"}}],"inLanguage":"hu"},{"@type":"Person","@id":"https:\/\/www.regionsaris.sk\/#\/schema\/person\/30fad06d87cd12ad1d94ff5fbd6919d1","name":"dev@bigway.sk","image":{"@type":"ImageObject","inLanguage":"hu","@id":"https:\/\/www.regionsaris.sk\/#\/schema\/person\/image\/","url":"https:\/\/secure.gravatar.com\/avatar\/013b34bc1192067340cff024d72adf40af543d15809da0502beda083cb4f28a2?s=96&d=mm&r=g","contentUrl":"https:\/\/secure.gravatar.com\/avatar\/013b34bc1192067340cff024d72adf40af543d15809da0502beda083cb4f28a2?s=96&d=mm&r=g","caption":"dev@bigway.sk"},"sameAs":["https:\/\/www.regionsaris.sk"],"url":"https:\/\/www.regionsaris.sk\/hu\/author\/devbigway-sk\/"}]}},"_links":{"self":[{"href":"https:\/\/www.regionsaris.sk\/hu\/wp-json\/wp\/v2\/posts\/607","targetHints":{"allow":["GET"]}}],"collection":[{"href":"https:\/\/www.regionsaris.sk\/hu\/wp-json\/wp\/v2\/posts"}],"about":[{"href":"https:\/\/www.regionsaris.sk\/hu\/wp-json\/wp\/v2\/types\/post"}],"author":[{"embeddable":true,"href":"https:\/\/www.regionsaris.sk\/hu\/wp-json\/wp\/v2\/users\/1"}],"replies":[{"embeddable":true,"href":"https:\/\/www.regionsaris.sk\/hu\/wp-json\/wp\/v2\/comments?post=607"}],"version-history":[{"count":1,"href":"https:\/\/www.regionsaris.sk\/hu\/wp-json\/wp\/v2\/posts\/607\/revisions"}],"predecessor-version":[{"id":615,"href":"https:\/\/www.regionsaris.sk\/hu\/wp-json\/wp\/v2\/posts\/607\/revisions\/615"}],"wp:featuredmedia":[{"embeddable":true,"href":"https:\/\/www.regionsaris.sk\/hu\/wp-json\/wp\/v2\/media\/616"}],"wp:attachment":[{"href":"https:\/\/www.regionsaris.sk\/hu\/wp-json\/wp\/v2\/media?parent=607"}],"wp:term":[{"taxonomy":"category","embeddable":true,"href":"https:\/\/www.regionsaris.sk\/hu\/wp-json\/wp\/v2\/categories?post=607"},{"taxonomy":"post_tag","embeddable":true,"href":"https:\/\/www.regionsaris.sk\/hu\/wp-json\/wp\/v2\/tags?post=607"}],"curies":[{"name":"wp","href":"https:\/\/api.w.org\/{rel}","templated":true}]}}