{"id":565,"date":"2025-03-24T13:56:40","date_gmt":"2025-03-24T12:56:40","guid":{"rendered":"https:\/\/www.regionsaris.sk\/region-saris-sa-reprezentoval-doma-i-v-zahranici\/"},"modified":"2025-12-15T10:12:01","modified_gmt":"2025-12-15T09:12:01","slug":"region-saris-sa-reprezentoval-doma-i-v-zahranici","status":"publish","type":"post","link":"https:\/\/www.regionsaris.sk\/hu\/region-saris-sa-reprezentoval-doma-i-v-zahranici\/","title":{"rendered":"A \u0160ari\u0161 r\u00e9gi\u00f3 otthon \u00e9s k\u00fclf\u00f6ld\u00f6n is k\u00e9pviseltette mag\u00e1t"},"content":{"rendered":"<em>Az elm\u00falt h\u00f3napokban a \u0160ari\u0161 r\u00e9gi\u00f3 Turisztikai Szervezete (OOCR) akt\u00edvan r\u00e9szt vett t\u00f6bb rangos hazai \u00e9s k\u00fclf\u00f6ldi v\u00e1s\u00e1ron. A pozsonyi, rigai, budapesti, pr\u00e1gai \u00e9s nyitrai rendezv\u00e9nyeken val\u00f3 r\u00e9szv\u00e9tel meger\u0151s\u00edtette a \u0160ari\u0161 r\u00e9gi\u00f3 ir\u00e1nti n\u00f6vekv\u0151 \u00e9rdekl\u0151d\u00e9st, \u00e9s \u00e9rt\u00e9kes ismereteket, kapcsolatokat \u00e9s \u00faj egy\u00fcttm\u0171k\u00f6d\u00e9si lehet\u0151s\u00e9geket hozott.<\/em>\n\n\u00a0\n\n<a href=\"https:\/\/www.regionsaris.sk\/wp-content\/uploads\/2025\/12\/482241887_1482756692774894_2999696419102257874_n.jpg\"><img loading=\"lazy\" decoding=\"async\" class=\"wp-image-29693 alignnone\" src=\"https:\/\/www.regionsaris.sk\/wp-content\/uploads\/2025\/12\/482241887_1482756692774894_2999696419102257874_n-300x225.jpg\" alt=\"\" width=\"1015\" height=\"761\" \/><\/a>\n\n\u00a0\n<h3 class=\"\" data-start=\"410\" data-end=\"481\"><strong data-start=\"414\" data-end=\"479\">ITF Bratislava 2025: A hazai k\u00f6z\u00f6ns\u00e9g a hiteless\u00e9g ir\u00e1nt \u00e9rdekl\u0151dik<\/strong><\/h3>\n<p class=\"\" data-start=\"482\" data-end=\"903\">A pozsonyi ITF-v\u00e1s\u00e1r volt a legfontosabb alkalom arra, hogy \u0160ari\u0161-t megismertess\u00fck a szlov\u00e1k l\u00e1togat\u00f3kkal. A legnagyobb \u00e9rdekl\u0151d\u00e9s a <strong data-start=\"601\" data-end=\"662\">kast\u00e9lyok, ker\u00e9kp\u00e1rutak, folkl\u00f3r, gy\u00f3gyf\u00fcrd\u0151k \u00e9s region\u00e1lis rendezv\u00e9nyek<\/strong>. A legn\u00e9pszer\u0171bb helyek k\u00f6z\u00f6tt voltak <strong data-start=\"705\" data-end=\"772\">Szlov\u00e1k \u00d3p\u00e1lb\u00e1nya, STM Solivar M\u00fazeum \u00e9s Bardejov Spa<\/strong>. Fontos t\u00e9nyez\u0151 volt a hiteles tapasztalatok bemutat\u00e1sa is, mint p\u00e9ld\u00e1ul a <strong data-start=\"843\" data-end=\"900\">region\u00e1lis term\u00e9kek \u00e9s Michal Smetanka zen\u00e9je<\/strong>.<\/p>\n<p class=\"\" data-start=\"905\" data-end=\"926\"><strong data-start=\"905\" data-end=\"924\">F\u0151bb eredm\u00e9nyek:<\/strong><\/p>\n\n<ul data-start=\"927\" data-end=\"1122\">\n \t<li class=\"\" data-start=\"927\" data-end=\"993\">\n<p class=\"\" data-start=\"929\" data-end=\"993\">Er\u0151s kereslet a <strong data-start=\"944\" data-end=\"991\">\u00e9lm\u00e9nyturizmus \u00e9s digit\u00e1lis innov\u00e1ci\u00f3<\/strong><\/p>\n<\/li>\n \t<li class=\"\" data-start=\"994\" data-end=\"1048\">\n<p class=\"\" data-start=\"996\" data-end=\"1048\">Az OOCR-ek k\u00f6z\u00f6tti egy\u00fcttm\u0171k\u00f6d\u00e9s meger\u0151s\u00edt\u00e9se Szlov\u00e1ki\u00e1ban<\/p>\n<\/li>\n \t<li class=\"\" data-start=\"1049\" data-end=\"1122\">\n<p class=\"\" data-start=\"1051\" data-end=\"1122\">\u00daj partners\u00e9gek kialak\u00edt\u00e1sa utaz\u00e1si irod\u00e1kkal \u00e9s influencerekkel<\/p>\n<\/li>\n<\/ul>\n\u00a0\n\n<a href=\"https:\/\/www.regionsaris.sk\/wp-content\/uploads\/2025\/12\/475743682_1446453723071858_9133458843884284106_n.jpg\"><img loading=\"lazy\" decoding=\"async\" class=\"wp-image-29697 alignnone\" src=\"https:\/\/www.regionsaris.sk\/wp-content\/uploads\/2025\/12\/475743682_1446453723071858_9133458843884284106_n-225x300.jpg\" alt=\"\" width=\"677\" height=\"903\" \/><\/a>\n\n\u00a0\n<h3 class=\"\" data-start=\"1124\" data-end=\"1198\"><strong data-start=\"1128\" data-end=\"1196\">Balttour Riga 2025: \u0160ari\u0161, mint a lett piac felfedezetlen \u00e9kk\u00f6ve<\/strong><\/h3>\n<p class=\"\" data-start=\"1199\" data-end=\"1532\">Lettorsz\u00e1g \u00edg\u00e9retes piacnak bizonyult, ahol a l\u00e1togat\u00f3k nagyra \u00e9rt\u00e9kelik a <strong data-start=\"1265\" data-end=\"1338\">ker\u00e9kp\u00e1rutak, gy\u00f3gyturizmus, \u00e1sv\u00e1nyv\u00edzforr\u00e1sok \u00e9s kempingez\u00e9si lehet\u0151s\u00e9gek<\/strong>. A v\u00e1s\u00e1rt megl\u00e1togatta <strong data-start=\"1358\" data-end=\"1433\">t\u00f6bb mint 20 000 ember, akik k\u00f6z\u00fcl ak\u00e1r 5000 turisztikai szakember is lehetett.<\/strong>. Ez kifejezetten rezon\u00e1lt <strong data-start=\"1457\" data-end=\"1529\">a term\u00e9szet \u00e9s a t\u00f6rt\u00e9nelmi m\u0171eml\u00e9kek sokf\u00e9les\u00e9ge viszonylag kis ter\u00fcleten<\/strong>.<\/p>\n<p class=\"\" data-start=\"1629\" data-end=\"1647\">A rigai Balttour v\u00e1s\u00e1ron a l\u00e1togat\u00f3k alakultak: <strong>30 % 30-45 \u00e9v k\u00f6z\u00f6tti feln\u0151tt, 30 % gyermekes csal\u00e1d \u00e9s 40 % id\u0151skor\u00fa.<\/strong>, ami kiegyens\u00falyozott \u00e9rdekl\u0151d\u00e9st mutat a k\u00fcl\u00f6nb\u00f6z\u0151 korcsoportok k\u00f6z\u00f6tt.<\/p>\n<p class=\"\" data-start=\"1649\" data-end=\"1677\"><strong data-start=\"1649\" data-end=\"1675\">A legnagyobb \u00e9rdekl\u0151d\u00e9s a k\u00f6vetkez\u0151k ir\u00e1nt mutatkozott:<\/strong><\/p>\n\n<ul data-start=\"1678\" data-end=\"1886\">\n \t<li class=\"\" data-start=\"1678\" data-end=\"1812\">\n<p class=\"\" data-start=\"1680\" data-end=\"1812\"><strong data-start=\"1680\" data-end=\"1810\">Szlov\u00e1kiai op\u00e1lb\u00e1ny\u00e1k, \u0160ari\u0161 v\u00e1r, Bardejov f\u00fcrd\u0151 \u00e9s kempingez\u00e9si lehet\u0151s\u00e9gek a v\u00edzter\u00fclet k\u00f6zel\u00e9ben (pl. Sigord haj\u00f3gy\u00e1r).<\/strong><\/p>\n<\/li>\n \t<li class=\"\" data-start=\"1813\" data-end=\"1886\">\n<p class=\"\" data-start=\"1815\" data-end=\"1886\">Digit\u00e1lis eszk\u00f6z\u00f6k az \u00fcnnepek tervez\u00e9s\u00e9hez \u00e9s interakt\u00edv prezent\u00e1ci\u00f3khoz<\/p>\n<\/li>\n<\/ul>\n\u00a0\n\n<a href=\"https:\/\/www.regionsaris.sk\/wp-content\/uploads\/2025\/03\/PXL_20250207_085632326-scaled.jpg\"><img loading=\"lazy\" decoding=\"async\" class=\"wp-image-29707 alignnone\" src=\"https:\/\/www.regionsaris.sk\/wp-content\/uploads\/2025\/12\/PXL_20250207_085632326-scaled.jpg\" alt=\"\" width=\"683\" height=\"385\" \/><\/a>\n\n\u00a0\n<h3 class=\"\" data-start=\"1888\" data-end=\"1968\"><strong data-start=\"1892\" data-end=\"1966\">Utaz\u00e1s Budapest 2025: T\u00f6rt\u00e9nelmi kapcsolat a magyar piac kulcsa<\/strong><\/h3>\n<p class=\"\" data-start=\"1969\" data-end=\"2290\">A magyar l\u00e1togat\u00f3k nagyra \u00e9rt\u00e9kelt\u00e9k a k\u00e9t orsz\u00e1g k\u00f6z\u00f6tti t\u00f6rt\u00e9nelmi \u00e9s kultur\u00e1lis kapcsolatokat. A legnagyobb \u00e9rdekl\u0151d\u00e9s a <strong data-start=\"2071\" data-end=\"2132\">kast\u00e9lyok, udvarh\u00e1zak \u00e9s m\u0171eml\u00e9kek, amelyek k\u00f6z\u00f6s t\u00f6rt\u00e9nelemhez k\u00f6t\u0151dnek<\/strong>. A sz\u00f3r\u00f3lap rendk\u00edv\u00fcl sikeres prom\u00f3ci\u00f3s eszk\u00f6zz\u00e9 v\u00e1lt. <strong data-start=\"2190\" data-end=\"2221\">\"S\u00e1ros V\u00e1r\" - egy term\u00e9k Sabinov v\u00e1ros\u00e1val egy\u00fcttm\u0171k\u00f6dve<\/strong>, amely vil\u00e1gosan megfogalmazott inform\u00e1ci\u00f3kkal ny\u0171g\u00f6zte le a magyar turist\u00e1kat.<\/p>\n<span data-start=\"51\" data-end=\"153\">L\u00e1togat\u00f3k csoportos\u00edt\u00e1sa: <\/span><strong data-start=\"51\" data-end=\"153\">70 % nyugd\u00edjas, 25 % 35-55 \u00e9v k\u00f6z\u00f6tti feln\u0151tt \u00e9s gyermekes csal\u00e1d, valamint 5 % di\u00e1k \u00e9s iskolai csoport.<\/strong>, ami azt jelzi, hogy az id\u0151sebb gener\u00e1ci\u00f3 jelent\u0151s \u00e9rdekl\u0151d\u00e9st mutat a \u0160ari\u0161 \u00fati c\u00e9l ir\u00e1nt.\n<p class=\"\" data-start=\"2435\" data-end=\"2457\"><strong data-start=\"2435\" data-end=\"2455\">Kulcsfontoss\u00e1g\u00fa eredm\u00e9nyek:<\/strong><\/p>\n\n<ul data-start=\"2458\" data-end=\"2632\">\n \t<li class=\"\" data-start=\"2458\" data-end=\"2516\">\n<p class=\"\" data-start=\"2460\" data-end=\"2516\">Meger\u0151s\u00edtett kereslet a <strong data-start=\"2479\" data-end=\"2514\">kultur\u00e1lis \u00e9s t\u00f6rt\u00e9nelmi turizmus<\/strong><\/p>\n<\/li>\n \t<li class=\"\" data-start=\"2517\" data-end=\"2575\">\n<p class=\"\" data-start=\"2519\" data-end=\"2575\">\u00c9rdekl\u0151d\u00e9s a <strong data-start=\"2528\" data-end=\"2573\">tapasztalatcsere magyar szak\u00e9rt\u0151kkel<\/strong><\/p>\n<\/li>\n \t<li class=\"\" data-start=\"2576\" data-end=\"2632\">\n<p class=\"\" data-start=\"2578\" data-end=\"2632\">A marketingstrat\u00e9gia meger\u0151s\u00edt\u00e9se a magyar piacon<\/p>\n<\/li>\n<\/ul>\n<a href=\"https:\/\/www.regionsaris.sk\/wp-content\/uploads\/2025\/03\/PXL_20250220_092222907-scaled.jpg\"><img loading=\"lazy\" decoding=\"async\" class=\"wp-image-29711 alignnone\" src=\"https:\/\/www.regionsaris.sk\/wp-content\/uploads\/2025\/12\/PXL_20250220_092222907-scaled.jpg\" alt=\"\" width=\"695\" height=\"391\" \/><\/a>\n\n\u00a0\n<h3 class=\"\" data-start=\"2634\" data-end=\"2731\"><strong data-start=\"2638\" data-end=\"2729\">Holiday World &amp; Region World Pr\u00e1ga 2025: a cseh turist\u00e1k a term\u00e9szetet \u00e9s az akt\u00edv pihen\u00e9st keresik<\/strong><\/h3>\n<p class=\"\" data-start=\"2732\" data-end=\"3001\">A pr\u00e1gai v\u00e1s\u00e1r a cseh piacon a \u0160ari\u0161 bemutatkoz\u00e1s\u00e1nak fontos pontja volt. A l\u00e1togat\u00f3k els\u0151sorban a k\u00f6vetkez\u0151k ir\u00e1nt \u00e9rdekl\u0151dtek <strong data-start=\"2838\" data-end=\"2910\">szabadt\u00e9ri tev\u00e9kenys\u00e9gek, t\u00far\u00e1z\u00e1s, ker\u00e9kp\u00e1roz\u00e1s, kast\u00e9lyok \u00e9s gy\u00f3gyturizmus<\/strong>. A \u0160ari\u0161 r\u00e9gi\u00f3 k\u00fcl\u00f6n sz\u00e1ml\u00e1l\u00f3ja lehet\u0151v\u00e9 tette a potenci\u00e1lis turist\u00e1k c\u00e9lzottabb megk\u00f6zel\u00edt\u00e9s\u00e9t.<\/p>\n<p data-start=\"2732\" data-end=\"3001\">A l\u00e1togat\u00f3k \u00f6sszet\u00e9tele a k\u00f6vetkez\u0151 volt <strong data-start=\"31\" data-end=\"126\">40 % gyermekes csal\u00e1dok, 25 % k\u00fclf\u00f6ldi turist\u00e1k, 20 % id\u0151sek \u00e9s 15 % utaz\u00e1si irod\u00e1k.<\/strong>, amely a \u0160ari\u0161 r\u00e9gi\u00f3 ir\u00e1nti \u00e9rdekl\u0151d\u00e9s sz\u00e9les sk\u00e1l\u00e1j\u00e1t mutatja.<\/p>\n<p class=\"\" data-start=\"3147\" data-end=\"3168\"><strong data-start=\"3147\" data-end=\"3166\">F\u0151bb eredm\u00e9nyek:<\/strong><\/p>\n\n<ul data-start=\"3169\" data-end=\"3376\">\n \t<li class=\"\" data-start=\"3169\" data-end=\"3240\">\n<p class=\"\" data-start=\"3171\" data-end=\"3240\"><strong data-start=\"3171\" data-end=\"3197\">Verseny a l\u00e1togat\u00f3k\u00e9rt<\/strong> a r\u00e9gi\u00f3 fokozott interakci\u00f3ja \u00e9s ismerts\u00e9ge<\/p>\n<\/li>\n \t<li class=\"\" data-start=\"3241\" data-end=\"3302\">\n<p class=\"\" data-start=\"3243\" data-end=\"3302\">Kereslet a <strong data-start=\"3252\" data-end=\"3300\">min\u0151s\u00e9gi kempingek \u00e9s s\u00edk\u00f6zpontok<\/strong><\/p>\n<\/li>\n \t<li class=\"\" data-start=\"3303\" data-end=\"3376\">\n<p class=\"\" data-start=\"3305\" data-end=\"3376\">A potenci\u00e1l meger\u0151s\u00edt\u00e9se <strong data-start=\"3327\" data-end=\"3374\">Slansk\u00e9 dombok \u00e9s az el\u0151k\u00e9sz\u00edtett ker\u00e9kp\u00e1rutak<\/strong><\/p>\n\u00a0<\/li>\n<\/ul>\n<a href=\"https:\/\/www.regionsaris.sk\/wp-content\/uploads\/2025\/03\/IMG_20250316_110629-scaled.jpg\"><img loading=\"lazy\" decoding=\"async\" class=\"wp-image-29723 alignnone\" src=\"https:\/\/www.regionsaris.sk\/wp-content\/uploads\/2025\/12\/IMG_20250316_110629-scaled.jpg\" alt=\"\" width=\"722\" height=\"325\" \/><\/a>\n<h4>Caravan Bike Travel: amikor a ker\u00e9kp\u00e1roz\u00e1s tal\u00e1lkozik a t\u00f6rt\u00e9nelemmel \u00e9s a hagyom\u00e1nyokkal<\/h4>\n<article class=\"w-full text-token-text-primary\" dir=\"auto\" data-testid=\"conversation-turn-6\" data-scroll-anchor=\"false\">\n<div class=\"text-base my-auto mx-auto py-5 px-6\">\n<div class=\"mx-auto flex flex-1 text-base gap-4 md:gap-5 lg:gap-6 md:max-w-3xl lg:max-w-[40rem] xl:max-w-[48rem] group\/turn-messages focus-visible:outline-none\" tabindex=\"-1\">\n<div class=\"group\/conversation-turn relative flex w-full min-w-0 flex-col agent-turn @xs\/thread:px-0 @sm\/thread:px-1.5 @md\/thread:px-4\">\n<div class=\"relative flex-col gap-1 md:gap-3\">\n<div class=\"flex max-w-full flex-col flex-grow\">\n<div class=\"min-h-8 text-message relative flex w-full flex-col items-end gap-2 whitespace-normal break-words text-start [.text-message+&]:mt-5\" dir=\"auto\" data-message-author-role=\"assistant\" data-message-id=\"22bf611b-5ee2-44e8-8125-e824cbb52873\" data-message-model-slug=\"gpt-4o\">\n<div class=\"flex w-full flex-col gap-1 empty:hidden first:pt-[3px]\">\n<div class=\"markdown prose w-full break-words dark:prose-invert dark\">\n<p class=\"\" data-start=\"55\" data-end=\"408\">A nyitrai Caravan Bike Travel v\u00e1s\u00e1r sikeres \u00e9lm\u00e9nybemutat\u00f3t hozott a l\u00e1togat\u00f3k sz\u00e1m\u00e1ra, akik akt\u00edvan keresik a kaland \u00e9s a kikapcsol\u00f3d\u00e1s k\u00fcl\u00f6nleges form\u00e1it. Egy\u00fcttm\u0171k\u00f6d\u00e9s a <strong data-start=\"236\" data-end=\"253\">OOCR Bardejov<\/strong> a <strong data-start=\"256\" data-end=\"277\">OOCR r\u00e9gi\u00f3 \u0160ari\u0161<\/strong> a ker\u00e9kp\u00e1roz\u00e1sra, a t\u00f6rt\u00e9nelemre \u00e9s a region\u00e1lis gasztron\u00f3mi\u00e1ra \u00f6sszpontos\u00edt\u00f3 turisztikai lehet\u0151s\u00e9gek sz\u00e9les sk\u00e1l\u00e1j\u00e1t mutathatja be.<\/p>\n<p class=\"\" data-start=\"459\" data-end=\"739\">A gyermekes csal\u00e1dokat legink\u00e1bb a rendelkez\u00e9sre \u00e1ll\u00f3 ker\u00e9kp\u00e1rutak, az \u00fatvonalak biztons\u00e1ga \u00e9s a r\u00e9gi\u00f3 csal\u00e1di tev\u00e9kenys\u00e9gei \u00e9rdekelt\u00e9k. A nyitrai SPU marketing \u00e9s \u00fczleti kar\u00e1nak egyetemi hallgat\u00f3i az akt\u00edv utaz\u00e1sban \u00e9s az \u00e9lm\u00e9nyturizmusban rejl\u0151 lehet\u0151s\u00e9geket elemezt\u00e9k.<\/p>\nA l\u00e1togat\u00f3kat legink\u00e1bb a k\u00f6vetkez\u0151 t\u00e9m\u00e1k \u00e9rdekelt\u00e9k:\n<ul>\n \t<li data-start=\"741\" data-end=\"1066\"><strong data-start=\"788\" data-end=\"806\">Ker\u00e9kp\u00e1roz\u00e1s<\/strong> - singletracks, k\u00f6rutak, \u00fatvonalak min\u0151s\u00e9ge, sz\u00e1ll\u00e1s \u00e9s szolg\u00e1ltat\u00e1sok<\/li>\n \t<li><strong data-start=\"886\" data-end=\"913\">Term\u00e9szet \u00e9s kaland<\/strong> - Sigord, op\u00e1lb\u00e1ny\u00e1k, kast\u00e9lyok \u00e9s kempingez\u00e9si lehet\u0151s\u00e9gek.<\/li>\n \t<li><strong data-start=\"961\" data-end=\"992\">T\u00f6rt\u00e9nelem \u00e9s h\u00e1bor\u00fas t\u00e9m\u00e1k<\/strong> - I. \u00e9s II. vil\u00e1gh\u00e1bor\u00fa (Svidn\u00edk), \u0160ari\u0161 v\u00e1r, (fel)fedezetlen Solivar.<\/li>\n<\/ul>\n<p data-start=\"741\" data-end=\"1066\"><strong data-start=\"3147\" data-end=\"3166\">F\u0151bb eredm\u00e9nyek:<\/strong><\/p>\n\n<ul>\n \t<li data-start=\"741\" data-end=\"1066\"><strong data-start=\"1183\" data-end=\"1214\">Korabeli konyha a 12. sz\u00e1zadb\u00f3l<\/strong> - kir\u00e1lyok receptjei, hagyom\u00e1nyos sharis s\u00fctem\u00e9nyek k\u00f3stol\u00e1sa<\/li>\n \t<li data-start=\"741\" data-end=\"1066\"><strong data-start=\"1280\" data-end=\"1301\">K\u00f6z\u00e9pkori p\u00e9ld\u00e1k<\/strong> - fegyverforgat\u00f3, v\u00edv\u00e1s, korabeli t\u00e1rsasj\u00e1t\u00e9kok, lehet\u0151s\u00e9g fegyverek, pajzsok \u00e9s t\u00f6rt\u00e9nelmi ruh\u00e1k kipr\u00f3b\u00e1l\u00e1s\u00e1ra.<\/li>\n<\/ul>\n<p data-start=\"1115\" data-end=\"1393\"><\/p>\n\n<\/div>\n<p data-start=\"1115\" data-end=\"1393\"><a href=\"https:\/\/www.regionsaris.sk\/wp-content\/uploads\/2025\/12\/487325147_1492616971788866_2126845833693909587_n.jpg\"><img loading=\"lazy\" decoding=\"async\" class=\"wp-image-30011 alignnone\" src=\"https:\/\/www.regionsaris.sk\/wp-content\/uploads\/2025\/12\/487325147_1492616971788866_2126845833693909587_n-300x169.jpg\" alt=\"\" width=\"770\" height=\"434\" \/><\/a><\/p>\n\n<\/div>\n<div class=\"flex w-full flex-col gap-1 empty:hidden first:pt-[3px]\">\n<div class=\"markdown prose w-full break-words dark:prose-invert dark\">\n<h3 class=\"\" data-start=\"1395\" data-end=\"1410\"><strong data-start=\"1399\" data-end=\"1408\">K\u00f6vetkeztet\u00e9s<\/strong><\/h3>\n<p class=\"\" data-start=\"1411\" data-end=\"1781\">A Caravan Bike Travel ki\u00e1ll\u00edt\u00e1son val\u00f3 r\u00e9szv\u00e9tel hat\u00e9kony m\u00f3dszernek bizonyult a r\u00e9gi\u00f3 bemutat\u00e1s\u00e1ra, amely hiteles \u00e9s k\u00fcl\u00f6nleges \u00e9lm\u00e9nyeket k\u00edn\u00e1l. A l\u00e1togat\u00f3k \u00e9rt\u00e9kelt\u00e9k a prom\u00f3ci\u00f3 interakt\u00edv form\u00e1j\u00e1t, \u00e9s kerest\u00e9k a ker\u00e9kp\u00e1ros \u00e9s t\u00f6rt\u00e9nelmi kalandok konkr\u00e9t lehet\u0151s\u00e9geit. A \u0160ari\u0161 r\u00e9gi\u00f3 \u00edgy meger\u0151s\u00edtette poz\u00edci\u00f3j\u00e1t az akt\u00edv utaz\u00f3k sz\u00e1m\u00e1ra vonz\u00f3 \u00fati c\u00e9lok k\u00f6z\u00f6tt.<\/p>\n\n<\/div>\n<\/div>\n<\/div>\n<\/div>\n<\/div>\n<div class=\"absolute\">\n<div class=\"flex items-center justify-center\"><\/div>\n<\/div>\n<\/div>\n<\/div>\n<\/div>\n<\/article><article class=\"w-full text-token-text-primary\" dir=\"auto\" data-testid=\"conversation-turn-7\" data-scroll-anchor=\"false\">\n<h5 class=\"sr-only\"><\/h5>\n<\/article>\u00a0\n\n<em><strong>A v\u00e1s\u00e1rokon val\u00f3 r\u00e9szv\u00e9tel \u00e1ltal\u00e1nos \u00e9rt\u00e9kel\u00e9se<\/strong><\/em>\n\nAz OOCR Region \u0160ari\u0161 r\u00e9szv\u00e9tele ezeken a v\u00e1s\u00e1rokon jelent\u0151sen er\u0151s\u00edtette a r\u00e9gi\u00f3 ismerts\u00e9g\u00e9t, \u00e9s meghat\u00e1rozta a turizmus kulcsfontoss\u00e1g\u00fa trendjeit. A f\u0151 el\u0151ny\u00f6k k\u00f6z\u00e9 tartozik az \u00faj kapcsolatok megszerz\u00e9se szak\u00e9rt\u0151kkel, utaz\u00e1si irod\u00e1kkal \u00e9s befoly\u00e1sos szem\u00e9lyekkel, ami lehet\u0151v\u00e9 tette \u0160ari\u0161 sz\u00e9lesebb k\u00f6r\u0171 ismerts\u00e9g\u00e9t nemzetk\u00f6zi szinten. Ugyanakkor \u00faj marketingstrat\u00e9gi\u00e1k, p\u00e9ld\u00e1ul digit\u00e1lis kamp\u00e1nyok \u00e9s interakt\u00edv bemutat\u00f3k ker\u00fcltek bevezet\u00e9sre, amelyek hozz\u00e1j\u00e1rultak a r\u00e9gi\u00f3 m\u00e9g jobb bemutat\u00e1s\u00e1hoz. Egy m\u00e1sik fontos eredm\u00e9ny az \u00fajs\u00e1g\u00edr\u00f3kkal \u00e9s szak\u00e9rt\u0151kkel val\u00f3 egy\u00fcttm\u0171k\u00f6d\u00e9s b\u0151v\u00edt\u00e9se a k\u00fclf\u00f6ldi piacokon. Az OOCR Region \u0160ari\u0161 tov\u00e1bbra is akt\u00edvan dolgozik majd a desztin\u00e1ci\u00f3 bemutat\u00e1s\u00e1nak innov\u00e1ci\u00f3j\u00e1n \u00e9s \u00faj turisztikai term\u00e9kek fejleszt\u00e9s\u00e9n, hogy m\u00e9g t\u00f6bb l\u00e1togat\u00f3t vonzzon ebbe az egyed\u00fcl\u00e1ll\u00f3 r\u00e9gi\u00f3ba.\n\n\u00a0\n\n\u00a0","protected":false},"excerpt":{"rendered":"<p>V uplynul\u00fdch mesiacoch sa Organiz\u00e1cia cestovn\u00e9ho ruchu (OOCR) Regi\u00f3n \u0160ari\u0161 akt\u00edvne zapojila do viacer\u00fdch prest\u00ed\u017enych...<\/p>","protected":false},"author":1,"featured_media":567,"comment_status":"open","ping_status":"open","sticky":false,"template":"","format":"standard","meta":{"_acf_changed":false,"footnotes":""},"categories":[1],"tags":[],"class_list":["post-565","post","type-post","status-publish","format-standard","has-post-thumbnail","hentry","category-novinky"],"acf":[],"yoast_head":"<!-- This site is optimized with the Yoast SEO Premium plugin v26.3 (Yoast SEO v26.8) - https:\/\/yoast.com\/product\/yoast-seo-premium-wordpress\/ -->\n<title>Regi\u00f3n \u0160ari\u0161 sa reprezentoval doma i v zahrani\u010d\u00ed - OOCR \u0160ari\u0161<\/title>\n<meta name=\"robots\" content=\"index, follow, max-snippet:-1, max-image-preview:large, max-video-preview:-1\" \/>\n<link rel=\"canonical\" href=\"https:\/\/www.regionsaris.sk\/hu\/region-saris-sa-reprezentoval-doma-i-v-zahranici\/\" \/>\n<meta property=\"og:locale\" content=\"hu_HU\" \/>\n<meta property=\"og:type\" content=\"article\" \/>\n<meta property=\"og:title\" content=\"Regi\u00f3n \u0160ari\u0161 sa reprezentoval doma i v zahrani\u010d\u00ed\" \/>\n<meta property=\"og:description\" content=\"V uplynul\u00fdch mesiacoch sa Organiz\u00e1cia cestovn\u00e9ho ruchu (OOCR) Regi\u00f3n \u0160ari\u0161 akt\u00edvne zapojila do viacer\u00fdch prest\u00ed\u017enych...\" \/>\n<meta property=\"og:url\" content=\"https:\/\/www.regionsaris.sk\/hu\/region-saris-sa-reprezentoval-doma-i-v-zahranici\/\" \/>\n<meta property=\"og:site_name\" content=\"OOCR \u0160ari\u0161\" \/>\n<meta property=\"article:published_time\" content=\"2025-03-24T12:56:40+00:00\" \/>\n<meta property=\"article:modified_time\" content=\"2025-12-15T09:12:01+00:00\" \/>\n<meta property=\"og:image\" content=\"https:\/\/www.regionsaris.sk\/wp-content\/uploads\/2025\/12\/475743682_1446453723071858_9133458843884284106_n.jpg\" \/>\n\t<meta property=\"og:image:width\" content=\"1536\" \/>\n\t<meta property=\"og:image:height\" content=\"2048\" \/>\n\t<meta property=\"og:image:type\" content=\"image\/jpeg\" \/>\n<meta name=\"author\" content=\"dev@bigway.sk\" \/>\n<meta name=\"twitter:card\" content=\"summary_large_image\" \/>\n<meta name=\"twitter:label1\" content=\"Szerz\u0151:\" \/>\n\t<meta name=\"twitter:data1\" content=\"dev@bigway.sk\" \/>\n\t<meta name=\"twitter:label2\" content=\"Becs\u00fclt olvas\u00e1si id\u0151\" \/>\n\t<meta name=\"twitter:data2\" content=\"5 perc\" \/>\n<script type=\"application\/ld+json\" class=\"yoast-schema-graph\">{\"@context\":\"https:\/\/schema.org\",\"@graph\":[{\"@type\":\"Article\",\"@id\":\"https:\/\/www.regionsaris.sk\/region-saris-sa-reprezentoval-doma-i-v-zahranici\/#article\",\"isPartOf\":{\"@id\":\"https:\/\/www.regionsaris.sk\/region-saris-sa-reprezentoval-doma-i-v-zahranici\/\"},\"author\":{\"name\":\"dev@bigway.sk\",\"@id\":\"https:\/\/www.regionsaris.sk\/#\/schema\/person\/30fad06d87cd12ad1d94ff5fbd6919d1\"},\"headline\":\"Regi\u00f3n \u0160ari\u0161 sa reprezentoval doma i v zahrani\u010d\u00ed\",\"datePublished\":\"2025-03-24T12:56:40+00:00\",\"dateModified\":\"2025-12-15T09:12:01+00:00\",\"mainEntityOfPage\":{\"@id\":\"https:\/\/www.regionsaris.sk\/region-saris-sa-reprezentoval-doma-i-v-zahranici\/\"},\"wordCount\":1070,\"commentCount\":0,\"image\":{\"@id\":\"https:\/\/www.regionsaris.sk\/region-saris-sa-reprezentoval-doma-i-v-zahranici\/#primaryimage\"},\"thumbnailUrl\":\"https:\/\/www.regionsaris.sk\/wp-content\/uploads\/2025\/12\/475743682_1446453723071858_9133458843884284106_n.jpg\",\"articleSection\":[\"Novinky\"],\"inLanguage\":\"hu\",\"potentialAction\":[{\"@type\":\"CommentAction\",\"name\":\"Comment\",\"target\":[\"https:\/\/www.regionsaris.sk\/region-saris-sa-reprezentoval-doma-i-v-zahranici\/#respond\"]}]},{\"@type\":\"WebPage\",\"@id\":\"https:\/\/www.regionsaris.sk\/region-saris-sa-reprezentoval-doma-i-v-zahranici\/\",\"url\":\"https:\/\/www.regionsaris.sk\/region-saris-sa-reprezentoval-doma-i-v-zahranici\/\",\"name\":\"Regi\u00f3n \u0160ari\u0161 sa reprezentoval doma i v zahrani\u010d\u00ed - OOCR \u0160ari\u0161\",\"isPartOf\":{\"@id\":\"https:\/\/www.regionsaris.sk\/#website\"},\"primaryImageOfPage\":{\"@id\":\"https:\/\/www.regionsaris.sk\/region-saris-sa-reprezentoval-doma-i-v-zahranici\/#primaryimage\"},\"image\":{\"@id\":\"https:\/\/www.regionsaris.sk\/region-saris-sa-reprezentoval-doma-i-v-zahranici\/#primaryimage\"},\"thumbnailUrl\":\"https:\/\/www.regionsaris.sk\/wp-content\/uploads\/2025\/12\/475743682_1446453723071858_9133458843884284106_n.jpg\",\"datePublished\":\"2025-03-24T12:56:40+00:00\",\"dateModified\":\"2025-12-15T09:12:01+00:00\",\"author\":{\"@id\":\"https:\/\/www.regionsaris.sk\/#\/schema\/person\/30fad06d87cd12ad1d94ff5fbd6919d1\"},\"breadcrumb\":{\"@id\":\"https:\/\/www.regionsaris.sk\/region-saris-sa-reprezentoval-doma-i-v-zahranici\/#breadcrumb\"},\"inLanguage\":\"hu\",\"potentialAction\":[{\"@type\":\"ReadAction\",\"target\":[\"https:\/\/www.regionsaris.sk\/region-saris-sa-reprezentoval-doma-i-v-zahranici\/\"]}]},{\"@type\":\"ImageObject\",\"inLanguage\":\"hu\",\"@id\":\"https:\/\/www.regionsaris.sk\/region-saris-sa-reprezentoval-doma-i-v-zahranici\/#primaryimage\",\"url\":\"https:\/\/www.regionsaris.sk\/wp-content\/uploads\/2025\/12\/475743682_1446453723071858_9133458843884284106_n.jpg\",\"contentUrl\":\"https:\/\/www.regionsaris.sk\/wp-content\/uploads\/2025\/12\/475743682_1446453723071858_9133458843884284106_n.jpg\",\"width\":1536,\"height\":2048},{\"@type\":\"BreadcrumbList\",\"@id\":\"https:\/\/www.regionsaris.sk\/region-saris-sa-reprezentoval-doma-i-v-zahranici\/#breadcrumb\",\"itemListElement\":[{\"@type\":\"ListItem\",\"position\":1,\"name\":\"Domov\",\"item\":\"https:\/\/www.regionsaris.sk\/\"},{\"@type\":\"ListItem\",\"position\":2,\"name\":\"Regi\u00f3n \u0160ari\u0161 sa reprezentoval doma i v zahrani\u010d\u00ed\"}]},{\"@type\":\"WebSite\",\"@id\":\"https:\/\/www.regionsaris.sk\/#website\",\"url\":\"https:\/\/www.regionsaris.sk\/\",\"name\":\"OOCR \u0160ari\u0161\",\"description\":\"\",\"potentialAction\":[{\"@type\":\"SearchAction\",\"target\":{\"@type\":\"EntryPoint\",\"urlTemplate\":\"https:\/\/www.regionsaris.sk\/?s={search_term_string}\"},\"query-input\":{\"@type\":\"PropertyValueSpecification\",\"valueRequired\":true,\"valueName\":\"search_term_string\"}}],\"inLanguage\":\"hu\"},{\"@type\":\"Person\",\"@id\":\"https:\/\/www.regionsaris.sk\/#\/schema\/person\/30fad06d87cd12ad1d94ff5fbd6919d1\",\"name\":\"dev@bigway.sk\",\"image\":{\"@type\":\"ImageObject\",\"inLanguage\":\"hu\",\"@id\":\"https:\/\/www.regionsaris.sk\/#\/schema\/person\/image\/\",\"url\":\"https:\/\/secure.gravatar.com\/avatar\/013b34bc1192067340cff024d72adf40af543d15809da0502beda083cb4f28a2?s=96&d=mm&r=g\",\"contentUrl\":\"https:\/\/secure.gravatar.com\/avatar\/013b34bc1192067340cff024d72adf40af543d15809da0502beda083cb4f28a2?s=96&d=mm&r=g\",\"caption\":\"dev@bigway.sk\"},\"sameAs\":[\"https:\/\/www.regionsaris.sk\"],\"url\":\"https:\/\/www.regionsaris.sk\/hu\/author\/devbigway-sk\/\"}]}<\/script>\n<!-- \/ Yoast SEO Premium plugin. -->","yoast_head_json":{"title":"Regi\u00f3n \u0160ari\u0161 sa reprezentoval doma i v zahrani\u010d\u00ed - OOCR \u0160ari\u0161","robots":{"index":"index","follow":"follow","max-snippet":"max-snippet:-1","max-image-preview":"max-image-preview:large","max-video-preview":"max-video-preview:-1"},"canonical":"https:\/\/www.regionsaris.sk\/hu\/region-saris-sa-reprezentoval-doma-i-v-zahranici\/","og_locale":"hu_HU","og_type":"article","og_title":"Regi\u00f3n \u0160ari\u0161 sa reprezentoval doma i v zahrani\u010d\u00ed","og_description":"V uplynul\u00fdch mesiacoch sa Organiz\u00e1cia cestovn\u00e9ho ruchu (OOCR) Regi\u00f3n \u0160ari\u0161 akt\u00edvne zapojila do viacer\u00fdch prest\u00ed\u017enych...","og_url":"https:\/\/www.regionsaris.sk\/hu\/region-saris-sa-reprezentoval-doma-i-v-zahranici\/","og_site_name":"OOCR \u0160ari\u0161","article_published_time":"2025-03-24T12:56:40+00:00","article_modified_time":"2025-12-15T09:12:01+00:00","og_image":[{"width":1536,"height":2048,"url":"https:\/\/www.regionsaris.sk\/wp-content\/uploads\/2025\/12\/475743682_1446453723071858_9133458843884284106_n.jpg","type":"image\/jpeg"}],"author":"dev@bigway.sk","twitter_card":"summary_large_image","twitter_misc":{"Szerz\u0151:":"dev@bigway.sk","Becs\u00fclt olvas\u00e1si id\u0151":"5 perc"},"schema":{"@context":"https:\/\/schema.org","@graph":[{"@type":"Article","@id":"https:\/\/www.regionsaris.sk\/region-saris-sa-reprezentoval-doma-i-v-zahranici\/#article","isPartOf":{"@id":"https:\/\/www.regionsaris.sk\/region-saris-sa-reprezentoval-doma-i-v-zahranici\/"},"author":{"name":"dev@bigway.sk","@id":"https:\/\/www.regionsaris.sk\/#\/schema\/person\/30fad06d87cd12ad1d94ff5fbd6919d1"},"headline":"Regi\u00f3n \u0160ari\u0161 sa reprezentoval doma i v zahrani\u010d\u00ed","datePublished":"2025-03-24T12:56:40+00:00","dateModified":"2025-12-15T09:12:01+00:00","mainEntityOfPage":{"@id":"https:\/\/www.regionsaris.sk\/region-saris-sa-reprezentoval-doma-i-v-zahranici\/"},"wordCount":1070,"commentCount":0,"image":{"@id":"https:\/\/www.regionsaris.sk\/region-saris-sa-reprezentoval-doma-i-v-zahranici\/#primaryimage"},"thumbnailUrl":"https:\/\/www.regionsaris.sk\/wp-content\/uploads\/2025\/12\/475743682_1446453723071858_9133458843884284106_n.jpg","articleSection":["Novinky"],"inLanguage":"hu","potentialAction":[{"@type":"CommentAction","name":"Comment","target":["https:\/\/www.regionsaris.sk\/region-saris-sa-reprezentoval-doma-i-v-zahranici\/#respond"]}]},{"@type":"WebPage","@id":"https:\/\/www.regionsaris.sk\/region-saris-sa-reprezentoval-doma-i-v-zahranici\/","url":"https:\/\/www.regionsaris.sk\/region-saris-sa-reprezentoval-doma-i-v-zahranici\/","name":"Regi\u00f3n \u0160ari\u0161 sa reprezentoval doma i v zahrani\u010d\u00ed - OOCR \u0160ari\u0161","isPartOf":{"@id":"https:\/\/www.regionsaris.sk\/#website"},"primaryImageOfPage":{"@id":"https:\/\/www.regionsaris.sk\/region-saris-sa-reprezentoval-doma-i-v-zahranici\/#primaryimage"},"image":{"@id":"https:\/\/www.regionsaris.sk\/region-saris-sa-reprezentoval-doma-i-v-zahranici\/#primaryimage"},"thumbnailUrl":"https:\/\/www.regionsaris.sk\/wp-content\/uploads\/2025\/12\/475743682_1446453723071858_9133458843884284106_n.jpg","datePublished":"2025-03-24T12:56:40+00:00","dateModified":"2025-12-15T09:12:01+00:00","author":{"@id":"https:\/\/www.regionsaris.sk\/#\/schema\/person\/30fad06d87cd12ad1d94ff5fbd6919d1"},"breadcrumb":{"@id":"https:\/\/www.regionsaris.sk\/region-saris-sa-reprezentoval-doma-i-v-zahranici\/#breadcrumb"},"inLanguage":"hu","potentialAction":[{"@type":"ReadAction","target":["https:\/\/www.regionsaris.sk\/region-saris-sa-reprezentoval-doma-i-v-zahranici\/"]}]},{"@type":"ImageObject","inLanguage":"hu","@id":"https:\/\/www.regionsaris.sk\/region-saris-sa-reprezentoval-doma-i-v-zahranici\/#primaryimage","url":"https:\/\/www.regionsaris.sk\/wp-content\/uploads\/2025\/12\/475743682_1446453723071858_9133458843884284106_n.jpg","contentUrl":"https:\/\/www.regionsaris.sk\/wp-content\/uploads\/2025\/12\/475743682_1446453723071858_9133458843884284106_n.jpg","width":1536,"height":2048},{"@type":"BreadcrumbList","@id":"https:\/\/www.regionsaris.sk\/region-saris-sa-reprezentoval-doma-i-v-zahranici\/#breadcrumb","itemListElement":[{"@type":"ListItem","position":1,"name":"Domov","item":"https:\/\/www.regionsaris.sk\/"},{"@type":"ListItem","position":2,"name":"Regi\u00f3n \u0160ari\u0161 sa reprezentoval doma i v zahrani\u010d\u00ed"}]},{"@type":"WebSite","@id":"https:\/\/www.regionsaris.sk\/#website","url":"https:\/\/www.regionsaris.sk\/","name":"OOCR \u0160ari\u0161","description":"","potentialAction":[{"@type":"SearchAction","target":{"@type":"EntryPoint","urlTemplate":"https:\/\/www.regionsaris.sk\/?s={search_term_string}"},"query-input":{"@type":"PropertyValueSpecification","valueRequired":true,"valueName":"search_term_string"}}],"inLanguage":"hu"},{"@type":"Person","@id":"https:\/\/www.regionsaris.sk\/#\/schema\/person\/30fad06d87cd12ad1d94ff5fbd6919d1","name":"dev@bigway.sk","image":{"@type":"ImageObject","inLanguage":"hu","@id":"https:\/\/www.regionsaris.sk\/#\/schema\/person\/image\/","url":"https:\/\/secure.gravatar.com\/avatar\/013b34bc1192067340cff024d72adf40af543d15809da0502beda083cb4f28a2?s=96&d=mm&r=g","contentUrl":"https:\/\/secure.gravatar.com\/avatar\/013b34bc1192067340cff024d72adf40af543d15809da0502beda083cb4f28a2?s=96&d=mm&r=g","caption":"dev@bigway.sk"},"sameAs":["https:\/\/www.regionsaris.sk"],"url":"https:\/\/www.regionsaris.sk\/hu\/author\/devbigway-sk\/"}]}},"_links":{"self":[{"href":"https:\/\/www.regionsaris.sk\/hu\/wp-json\/wp\/v2\/posts\/565","targetHints":{"allow":["GET"]}}],"collection":[{"href":"https:\/\/www.regionsaris.sk\/hu\/wp-json\/wp\/v2\/posts"}],"about":[{"href":"https:\/\/www.regionsaris.sk\/hu\/wp-json\/wp\/v2\/types\/post"}],"author":[{"embeddable":true,"href":"https:\/\/www.regionsaris.sk\/hu\/wp-json\/wp\/v2\/users\/1"}],"replies":[{"embeddable":true,"href":"https:\/\/www.regionsaris.sk\/hu\/wp-json\/wp\/v2\/comments?post=565"}],"version-history":[{"count":1,"href":"https:\/\/www.regionsaris.sk\/hu\/wp-json\/wp\/v2\/posts\/565\/revisions"}],"predecessor-version":[{"id":572,"href":"https:\/\/www.regionsaris.sk\/hu\/wp-json\/wp\/v2\/posts\/565\/revisions\/572"}],"wp:featuredmedia":[{"embeddable":true,"href":"https:\/\/www.regionsaris.sk\/hu\/wp-json\/wp\/v2\/media\/567"}],"wp:attachment":[{"href":"https:\/\/www.regionsaris.sk\/hu\/wp-json\/wp\/v2\/media?parent=565"}],"wp:term":[{"taxonomy":"category","embeddable":true,"href":"https:\/\/www.regionsaris.sk\/hu\/wp-json\/wp\/v2\/categories?post=565"},{"taxonomy":"post_tag","embeddable":true,"href":"https:\/\/www.regionsaris.sk\/hu\/wp-json\/wp\/v2\/tags?post=565"}],"curies":[{"name":"wp","href":"https:\/\/api.w.org\/{rel}","templated":true}]}}