{"id":533,"date":"2025-02-14T11:24:13","date_gmt":"2025-02-14T10:24:13","guid":{"rendered":"https:\/\/www.regionsaris.sk\/kam-na-jarne-prazdniny-s-detmi-v-regione-saris\/"},"modified":"2025-12-15T10:11:36","modified_gmt":"2025-12-15T09:11:36","slug":"kam-na-jarne-prazdniny-s-detmi-v-regione-saris","status":"publish","type":"post","link":"https:\/\/www.regionsaris.sk\/hu\/kam-na-jarne-prazdniny-s-detmi-v-regione-saris\/","title":{"rendered":"Hov\u00e1 menj\u00fcnk tavaszi vak\u00e1ci\u00f3ra gyerekekkel a \u0160ari\u0161 r\u00e9gi\u00f3ban?"},"content":{"rendered":"<p data-pm-slice=\"1 1 []\">Inspir\u00e1ci\u00f3t keres, hov\u00e1 menjen a gyerekekkel a tavaszi sz\u00fcnetben a \u0160ari\u0161 r\u00e9gi\u00f3ban? Szlov\u00e1kia e gy\u00f6ny\u00f6r\u0171 szeglete sz\u00e1mos \u00e9rdekes esem\u00e9nyt \u00e9s tev\u00e9kenys\u00e9get k\u00edn\u00e1l, amelyek kicsiket \u00e9s nagyokat egyar\u00e1nt sz\u00f3rakoztatnak. \u00cdme n\u00e9h\u00e1ny tipp a felejthetetlen vak\u00e1ci\u00f3s \u00e9lm\u00e9nyekhez.<\/p>\n<p data-pm-slice=\"1 1 []\"><a href=\"https:\/\/www.regionsaris.sk\/wp-content\/uploads\/2025\/12\/IMG_0000.jpg\"><img loading=\"lazy\" decoding=\"async\" class=\"wp-image-29020 alignnone\" src=\"https:\/\/www.regionsaris.sk\/wp-content\/uploads\/2025\/12\/IMG_0000-300x169.jpg\" alt=\"\" width=\"762\" height=\"429\" \/><\/a><\/p>\n<p data-pm-slice=\"1 1 []\"><\/p>\n\u00a0\n<h3>Tavaszi sz\u00fcnid\u0151 a \u0160ari\u0161-kast\u00e9lyban - program az eg\u00e9sz csal\u00e1dnak<\/h3>\n<strong>Id\u0151pont: 2025. febru\u00e1r 16-21.<\/strong>\n<strong>Helysz\u00edn:\u0160ari\u0161 v\u00e1r<\/strong>\n<div class=\"x11i5rnm xat24cr x1mh8g0r x1vvkbs xtlvy1s x126k92a\">\n<div dir=\"auto\">\n<p data-pm-slice=\"1 1 []\">A \u0160ari\u0161-v\u00e1r egy t\u00f6rt\u00e9nelmi, sz\u00f3rakoztat\u00f3 \u00e9s versenyekkel teli h\u00e9tre k\u00e9sz\u00fcl kicsiknek \u00e9s nagyoknak. Minden nap egy kis program v\u00e1rja \u00d6n\u00f6ket a k\u00f6z\u00e9pkori hagyom\u00e1nyok, a kaland \u00e9s a kreativit\u00e1s jegy\u00e9ben.<\/p>\n\n<\/div>\n<\/div>\n<div class=\"x11i5rnm xat24cr x1mh8g0r x1vvkbs xtlvy1s x126k92a\">\n<div dir=\"auto\">PROGRAM:<\/div>\n<\/div>\n<div class=\"x11i5rnm xat24cr x1mh8g0r x1vvkbs xtlvy1s x126k92a\">\n<div dir=\"auto\"><span class=\"html-span xexx8yu x4uap5 x18d9i69 xkhd6sd x1hl2dhg x16tdsg8 x1vvkbs x3nfvp2 x1j61x8r x1fcty0u xdj266r xat24cr xgzva0m xhhsvwb xxymvpz xlup9mm x1kky2od\"><img loading=\"lazy\" decoding=\"async\" class=\"xz74otr\" src=\"https:\/\/www.regionsaris.sk\/wp-content\/uploads\/2025\/12\/2764.png\" alt=\"\u2764\ufe0f\" width=\"16\" height=\"16\" \/><\/span> 16.2. Valentin-kast\u00e9ly - pecs\u00e9teld meg szerelmedet a szerelmi blokkon<span class=\"html-span xexx8yu x4uap5 x18d9i69 xkhd6sd x1hl2dhg x16tdsg8 x1vvkbs x3nfvp2 x1j61x8r x1fcty0u xdj266r xat24cr xgzva0m xhhsvwb xxymvpz xlup9mm x1kky2od\"><img loading=\"lazy\" decoding=\"async\" class=\"xz74otr\" src=\"https:\/\/www.regionsaris.sk\/wp-content\/uploads\/2025\/12\/1f512.png\" alt=\" \" width=\"16\" height=\"16\" \/><\/span><\/div>\n<div dir=\"auto\"><span class=\"html-span xexx8yu x4uap5 x18d9i69 xkhd6sd x1hl2dhg x16tdsg8 x1vvkbs x3nfvp2 x1j61x8r x1fcty0u xdj266r xat24cr xgzva0m xhhsvwb xxymvpz xlup9mm x1kky2od\"><img loading=\"lazy\" decoding=\"async\" class=\"xz74otr\" src=\"https:\/\/www.regionsaris.sk\/wp-content\/uploads\/2025\/12\/1f50d.png\" alt=\" \" width=\"16\" height=\"16\" \/><\/span> Egyed\u00fcl\u00e1ll\u00f3 lehet\u0151s\u00e9g a Donjon-toronyban tal\u00e1lhat\u00f3 lapid\u00e1rium megtekint\u00e9s\u00e9re.<\/div>\n<div dir=\"auto\"><span class=\"html-span xexx8yu x4uap5 x18d9i69 xkhd6sd x1hl2dhg x16tdsg8 x1vvkbs x3nfvp2 x1j61x8r x1fcty0u xdj266r xat24cr xgzva0m xhhsvwb xxymvpz xlup9mm x1kky2od\"><img loading=\"lazy\" decoding=\"async\" class=\"xz74otr\" src=\"https:\/\/www.regionsaris.sk\/wp-content\/uploads\/2025\/12\/1f50e.png\" alt=\" \" width=\"16\" height=\"16\" \/><\/span> 17.2. Kincskeres\u00e9s - Kalandj\u00e1t\u00e9k gyerekeknek a kast\u00e9lyban nem tal\u00e1lhat\u00f3 kincsekr\u0151l.<\/div>\n<div dir=\"auto\"><span class=\"html-span xexx8yu x4uap5 x18d9i69 xkhd6sd x1hl2dhg x16tdsg8 x1vvkbs x3nfvp2 x1j61x8r x1fcty0u xdj266r xat24cr xgzva0m xhhsvwb xxymvpz xlup9mm x1kky2od\"><img loading=\"lazy\" decoding=\"async\" class=\"xz74otr\" src=\"https:\/\/www.regionsaris.sk\/wp-content\/uploads\/2025\/12\/1f3a8.png\" alt=\" \" width=\"16\" height=\"16\" \/><\/span> 18.2. V\u00e1r a gyermekek szem\u00e9vel - A \u0160ari\u0161-v\u00e1r legszebb rajz\u00e1nak versenye a k\u00f6vetkez\u0151 t\u00e9m\u00e1kkal kapcsolatban <span class=\"html-span xexx8yu x4uap5 x18d9i69 xkhd6sd x1hl2dhg x16tdsg8 x1vvkbs x3nfvp2 x1j61x8r x1fcty0u xdj266r xat24cr xgzva0m xhhsvwb xxymvpz xlup9mm x1kky2od\"><img loading=\"lazy\" decoding=\"async\" class=\"xz74otr\" src=\"https:\/\/www.regionsaris.sk\/wp-content\/uploads\/2025\/12\/1f4dc.png\" alt=\" \" width=\"16\" height=\"16\" \/><\/span> Kast\u00e9lyposta - A levelek lez\u00e1r\u00e1sa, mint a r\u00e9gi id\u0151kben<\/div>\n<div dir=\"auto\"><span class=\"html-span xexx8yu x4uap5 x18d9i69 xkhd6sd x1hl2dhg x16tdsg8 x1vvkbs x3nfvp2 x1j61x8r x1fcty0u xdj266r xat24cr xgzva0m xhhsvwb xxymvpz xlup9mm x1kky2od\"><img loading=\"lazy\" decoding=\"async\" class=\"xz74otr\" src=\"https:\/\/www.regionsaris.sk\/wp-content\/uploads\/2025\/12\/1f3f9.png\" alt=\" \" width=\"16\" height=\"16\" \/><\/span> 19.2. K\u00f6z\u00e9pkori \u00edj\u00e1szverseny - Teszteld a pontoss\u00e1god!<\/div>\n<div dir=\"auto\"><span class=\"html-span xexx8yu x4uap5 x18d9i69 xkhd6sd x1hl2dhg x16tdsg8 x1vvkbs x3nfvp2 x1j61x8r x1fcty0u xdj266r xat24cr xgzva0m xhhsvwb xxymvpz xlup9mm x1kky2od\"><img loading=\"lazy\" decoding=\"async\" class=\"xz74otr\" src=\"https:\/\/www.regionsaris.sk\/wp-content\/uploads\/2025\/12\/2694.png\" alt=\"\u2694\ufe0f\" width=\"16\" height=\"16\" \/><\/span> 20.2. K\u00f6z\u00e9pkori gyermekj\u00e1t\u00e9kok - fav\u00e1g\u00e1s, f\u00e1b\u00f3l k\u00e9sz\u00fclt l\u00f3verseny, k\u00f6t\u00e9lh\u00faz\u00e1s, sakk.<\/div>\n<div dir=\"auto\"><span class=\"html-span xexx8yu x4uap5 x18d9i69 xkhd6sd x1hl2dhg x16tdsg8 x1vvkbs x3nfvp2 x1j61x8r x1fcty0u xdj266r xat24cr xgzva0m xhhsvwb xxymvpz xlup9mm x1kky2od\"><img loading=\"lazy\" decoding=\"async\" class=\"xz74otr\" src=\"https:\/\/www.regionsaris.sk\/wp-content\/uploads\/2025\/12\/1f525.png\" alt=\" \" width=\"16\" height=\"16\" \/><\/span> 21.2. Hagyom\u00e1nyos pos\u00fachov s\u00fct\u00e9s - k\u00f3stol\u00f3 a v\u00e1rkemenc\u00e9ben<\/div>\n<div dir=\"auto\"><\/div>\n<div dir=\"auto\"><span class=\"html-span xexx8yu x4uap5 x18d9i69 xkhd6sd x1hl2dhg x16tdsg8 x1vvkbs x3nfvp2 x1j61x8r x1fcty0u xdj266r xat24cr xgzva0m xhhsvwb xxymvpz xlup9mm x1kky2od\"><img loading=\"lazy\" decoding=\"async\" class=\"xz74otr\" src=\"https:\/\/www.regionsaris.sk\/wp-content\/uploads\/2025\/12\/1f953.png\" alt=\" \" width=\"16\" height=\"16\" \/><\/span>A kast\u00e9ly udvar\u00e1n t\u0171zrak\u00f3helyek (fa \u00e9s botok) \u00e1llnak majd rendelkez\u00e9sre a s\u00fct\u00e9shez.<\/div>\n<\/div>\nHa havazik, a sz\u00e1nk\u00f3z\u00e1s is a program r\u00e9sze lesz. Eg\u00e9sz h\u00e9ten nyitva tart a v\u00e1rban tal\u00e1lhat\u00f3 R\u00e9g\u00e9szeti Park, ahol a m\u00faltbeli \u00e9letet fedezheti fel.\n\n<a href=\"https:\/\/www.regionsaris.sk\/wp-content\/uploads\/2025\/12\/Jarne-prazdniny-Hrad-Saris.png\"><img loading=\"lazy\" decoding=\"async\" class=\"wp-image-28981 alignnone\" src=\"https:\/\/www.regionsaris.sk\/wp-content\/uploads\/2025\/12\/Jarne-prazdniny-Hrad-Saris-212x300.png\" alt=\"\" width=\"402\" height=\"569\" \/><\/a>\n\n\u00a0\n\n\u00a0\n<h3><strong>Nyaral\u00e1s s\u00edel\u00e9s Drienica<\/strong><\/h3>\n<ul>\n \t<li data-start=\"113\" data-end=\"144\"><strong data-start=\"115\" data-end=\"125\">D\u00e1tum:<\/strong> vas\u00e1rnap 16.2.2025<\/li>\n \t<li data-start=\"145\" data-end=\"171\"><strong data-start=\"147\" data-end=\"155\">Helysz\u00edn: Tu\u010dnia\u010dik ter\u00fclet, Drienica<\/strong><\/li>\n<\/ul>\nAz M-Ski s\u00ediskola megh\u00edvja a gyermekes csal\u00e1dokat egy s\u00edel\u00e9ssel egybek\u00f6t\u00f6tt nyaral\u00e1sra Tu\u010dnia\u010dik ter\u00fclet\u00e9re Drienic\u00e1ban. 2025. febru\u00e1r 16-\u00e1n, vas\u00e1rnap 10:00 \u00e9s 14:00 \u00f3ra k\u00f6z\u00f6tt a gyerekeket sz\u00f3rakoztat\u00f3 s\u00edel\u00e9s, meseszlalom, tal\u00e1lkoz\u00e1s \u00e1llatokkal, k\u00f6rhinta \u00e9s zene v\u00e1rja. Lehet\u0151s\u00e9g van oktat\u00f3t foglalni vagy \u00f6n\u00e1ll\u00f3an s\u00edelni.\n\nA bel\u00e9p\u0151 \u00e1ra felszerel\u00e9ssel egy\u00fctt 15 \u20ac. Ne hagyja ki a nagyszer\u0171 t\u00e9li sz\u00f3rakoz\u00e1st!\n\n\u00a0\n\n<a href=\"https:\/\/www.regionsaris.sk\/wp-content\/uploads\/2025\/12\/477564255_1164284489031274_7711325529265915015_n.jpg\"><img loading=\"lazy\" decoding=\"async\" class=\"wp-image-28989 alignnone\" src=\"https:\/\/www.regionsaris.sk\/wp-content\/uploads\/2025\/12\/477564255_1164284489031274_7711325529265915015_n-240x300.jpg\" alt=\"\" width=\"407\" height=\"509\" \/><\/a>\n\n\u00a0\n\n\u00a0\n<div><\/div>\n<h4>\u00d3p\u00e1l keres\u00e9se gyermekek sz\u00e1m\u00e1ra a szlov\u00e1kiai op\u00e1lb\u00e1ny\u00e1kban<\/h4>\nId\u0151pont: 2025. febru\u00e1r 17. \u00e9s 21.\nHelysz\u00edn.\n\nA Szlov\u00e1k Op\u00e1lb\u00e1ny\u00e1k egyed\u00fcl\u00e1ll\u00f3 kalandot k\u00edn\u00e1l a f\u00f6ld alatt. A k\u00fcl\u00f6nleges sz\u00fcnidei id\u0151pontokban a gyerekek csatlakozhatnak az op\u00e1l keres\u00e9s\u00e9hez, \u00e9s tapasztalt vezet\u0151k seg\u00edts\u00e9g\u00e9vel felfedezhetik ezeknek az egyed\u00fcl\u00e1ll\u00f3 b\u00e1ny\u00e1knak a titkait. A v\u00e9g\u00e9n pedig egy kis aj\u00e1nd\u00e9kt\u00e1rgyat vihetnek magukkal. Tov\u00e1bbi inform\u00e1ci\u00f3k <a href=\"https:\/\/fb.me\/e\/2Rf5lsRug\">a linkre.<\/a>\n\n<a href=\"https:\/\/www.regionsaris.sk\/wp-content\/uploads\/2025\/12\/1-Slovenske-opalove-bane-Foto_-OOCR-Region-Saris.jpg\"><img loading=\"lazy\" decoding=\"async\" class=\"wp-image-28993 alignnone\" src=\"https:\/\/www.regionsaris.sk\/wp-content\/uploads\/2025\/12\/1-Slovenske-opalove-bane-Foto_-OOCR-Region-Saris-300x200.jpg\" alt=\"\" width=\"612\" height=\"408\" \/><\/a>\n\n\u00a0\n\n\u00a0\n\n\u00a0\n<div><\/div>\n<h4>Mikl\u00f3s a kobold mese\u00f6sv\u00e9nye<\/h4>\nHelysz\u00edn: tan\u00f6sv\u00e9ny Miklu\u0161ovce faluban\n\nA term\u00e9szetben s\u00e9t\u00e1lni szeret\u0151 csal\u00e1dok sz\u00e1m\u00e1ra remek v\u00e1laszt\u00e1s a mikl\u00f3si gn\u00f3m tan\u00f6sv\u00e9ny. Ez a sz\u00f3rakoztat\u00f3 \u00e9s ismeretterjeszt\u0151 tan\u00f6sv\u00e9ny sz\u00e1mos \u00e9rdekes meg\u00e1ll\u00f3helyet k\u00edn\u00e1l, amelyek j\u00e1t\u00e9kos form\u00e1ban tan\u00edtj\u00e1k a gyerekeket a term\u00e9szetre \u00e9s a r\u00e9gi\u00f3 t\u00f6rt\u00e9nelm\u00e9re.\n\n\u00a0\n\n<a href=\"https:\/\/www.regionsaris.sk\/wp-content\/uploads\/2024\/11\/PXL_20240811_080259149-scaled.jpg\"><img loading=\"lazy\" decoding=\"async\" class=\"wp-image-24060 alignnone\" src=\"https:\/\/www.regionsaris.sk\/wp-content\/uploads\/2025\/12\/PXL_20240811_080259149-scaled.jpg\" alt=\"\" width=\"602\" height=\"339\" \/><\/a>\n<div><\/div>\n<div><\/div>\n<h4>V\u00edzi kalandok a kicsiknek az Aquapark Lipanyban<\/h4>\nHely: Aquapark Lipany\n\nAz Aquapark Lipany ide\u00e1lis hely az \u00f6r\u00f6mteli \u00e9s sz\u00f3rakoztat\u00f3 csal\u00e1di pillanatokhoz. A gyermekek egy biztons\u00e1gos, kisgyermekek sz\u00e1m\u00e1ra kialak\u00edtott medenc\u00e9ben \u00e9lvezhetik a v\u00edz vil\u00e1g\u00e1nak felfedez\u00e9s\u00e9t. A kellemes hangulatot a meleg v\u00edz \u00e9s a k\u00e9nyelmes k\u00f6rnyezet teszi teljess\u00e9.\n<div><a href=\"https:\/\/www.regionsaris.sk\/wp-content\/uploads\/2025\/02\/IMG_0003-scaled.jpg\"><img loading=\"lazy\" decoding=\"async\" class=\"wp-image-28997 alignnone\" src=\"https:\/\/www.regionsaris.sk\/wp-content\/uploads\/2025\/12\/IMG_0003-scaled.jpg\" alt=\"\" width=\"539\" height=\"359\" \/><\/a><\/div>\n<div><\/div>\n<div><\/div>\n<h4>Karnev\u00e1l a j\u00e9gen<\/h4>\nD\u00e1tum: 2025. febru\u00e1r 23., 14:00 \u00f3ra\nHelysz\u00edne: 14:00 \u00f3ra 14:00 \u00f3ra 14:00.\n\nSzabinovban a tavaszi sz\u00fcnetben j\u00e9gkarnev\u00e1lra ker\u00fcl sor. A programban szerepelnek a KK Kraso Pre\u0161ov m\u0171korcsolyaklub tagjainak el\u0151ad\u00e1sai, sportversenyek, maszkos korcsoly\u00e1z\u00e1s \u00e9s a legszebb maszk verseny. A j\u00e9gre csak maszkban lehet bel\u00e9pni.\n<div><\/div>\n<div>\n\n<a href=\"https:\/\/www.regionsaris.sk\/wp-content\/uploads\/2025\/02\/Karneval-na-lade-scaled.jpg\"><img loading=\"lazy\" decoding=\"async\" class=\"wp-image-28807 alignnone\" src=\"https:\/\/www.regionsaris.sk\/wp-content\/uploads\/2025\/02\/Karneval-na-lade-212x300.jpg\" alt=\"\" width=\"405\" height=\"573\" \/><\/a>\n\n<\/div>\n<div><\/div>\n<p data-pm-slice=\"1 1 []\"><em>A \u0160ari\u0161 r\u00e9gi\u00f3 a tavaszi sz\u00fcnid\u0151ben a gyermekes csal\u00e1dok sz\u00e1m\u00e1ra a tev\u00e9kenys\u00e9gek sz\u00e9les sk\u00e1l\u00e1j\u00e1t k\u00edn\u00e1lja. Ak\u00e1r \u00fagy d\u00f6ntenek, hogy felfedezik a t\u00f6rt\u00e9nelmet a \u0160ari\u0161-v\u00e1rban, kalandoznak az op\u00e1lb\u00e1ny\u00e1kban, s\u00e9t\u00e1lnak a Miklusz, a t\u00f6rpe \u00f6sv\u00e9nyen, v\u00edzi m\u00f3k\u00e1znak Lipanyban, sz\u00f3rakoznak a karnev\u00e1lon a j\u00e9gen, vagy meg\u0151r\u00fclnek a drienicei s\u00edp\u00e1ly\u00e1n, biztosan felejthetetlen \u00e9lm\u00e9nyek v\u00e1rnak \u00d6n\u00f6kre. Tervezze meg programj\u00e1t, \u00e9s t\u00f6ltse \u00f6r\u00f6mben, mozg\u00e1sban \u00e9s kalandokban gazdag nyaral\u00e1s\u00e1t.<\/em><\/p>","protected":false},"excerpt":{"rendered":"<p>H\u013ead\u00e1te in\u0161pir\u00e1ciu, kam s de\u0165mi na jarn\u00e9 pr\u00e1zdniny v regi\u00f3ne \u0160ari\u0161? Tento kr\u00e1sny k\u00fat Slovenska...<\/p>","protected":false},"author":1,"featured_media":547,"comment_status":"open","ping_status":"open","sticky":false,"template":"","format":"standard","meta":{"_acf_changed":false,"footnotes":""},"categories":[1],"tags":[],"class_list":["post-533","post","type-post","status-publish","format-standard","has-post-thumbnail","hentry","category-novinky"],"acf":[],"yoast_head":"<!-- This site is optimized with the Yoast SEO Premium plugin v26.3 (Yoast SEO v26.8) - https:\/\/yoast.com\/product\/yoast-seo-premium-wordpress\/ -->\n<title>Kam na jarn\u00e9 pr\u00e1zdniny s de\u0165mi v regi\u00f3ne \u0160ari\u0161? - OOCR \u0160ari\u0161<\/title>\n<meta name=\"robots\" content=\"index, follow, max-snippet:-1, max-image-preview:large, max-video-preview:-1\" \/>\n<link rel=\"canonical\" href=\"https:\/\/www.regionsaris.sk\/hu\/kam-na-jarne-prazdniny-s-detmi-v-regione-saris\/\" \/>\n<meta property=\"og:locale\" content=\"hu_HU\" \/>\n<meta property=\"og:type\" content=\"article\" \/>\n<meta property=\"og:title\" content=\"Kam na jarn\u00e9 pr\u00e1zdniny s de\u0165mi v regi\u00f3ne \u0160ari\u0161?\" \/>\n<meta property=\"og:description\" content=\"H\u013ead\u00e1te in\u0161pir\u00e1ciu, kam s de\u0165mi na jarn\u00e9 pr\u00e1zdniny v regi\u00f3ne \u0160ari\u0161? Tento kr\u00e1sny k\u00fat Slovenska...\" \/>\n<meta property=\"og:url\" content=\"https:\/\/www.regionsaris.sk\/hu\/kam-na-jarne-prazdniny-s-detmi-v-regione-saris\/\" \/>\n<meta property=\"og:site_name\" content=\"OOCR \u0160ari\u0161\" \/>\n<meta property=\"article:published_time\" content=\"2025-02-14T10:24:13+00:00\" \/>\n<meta property=\"article:modified_time\" content=\"2025-12-15T09:11:36+00:00\" \/>\n<meta property=\"og:image\" content=\"https:\/\/www.regionsaris.sk\/wp-content\/uploads\/2025\/12\/1-Slovenske-opalove-bane-Foto_-OOCR-Region-Saris.jpg\" \/>\n\t<meta property=\"og:image:width\" content=\"1200\" \/>\n\t<meta property=\"og:image:height\" content=\"801\" \/>\n\t<meta property=\"og:image:type\" content=\"image\/jpeg\" \/>\n<meta name=\"author\" content=\"dev@bigway.sk\" \/>\n<meta name=\"twitter:card\" content=\"summary_large_image\" \/>\n<meta name=\"twitter:label1\" content=\"Szerz\u0151:\" \/>\n\t<meta name=\"twitter:data1\" content=\"dev@bigway.sk\" \/>\n\t<meta name=\"twitter:label2\" content=\"Becs\u00fclt olvas\u00e1si id\u0151\" \/>\n\t<meta name=\"twitter:data2\" content=\"4 perc\" \/>\n<script type=\"application\/ld+json\" class=\"yoast-schema-graph\">{\"@context\":\"https:\/\/schema.org\",\"@graph\":[{\"@type\":\"Article\",\"@id\":\"https:\/\/www.regionsaris.sk\/kam-na-jarne-prazdniny-s-detmi-v-regione-saris\/#article\",\"isPartOf\":{\"@id\":\"https:\/\/www.regionsaris.sk\/kam-na-jarne-prazdniny-s-detmi-v-regione-saris\/\"},\"author\":{\"name\":\"dev@bigway.sk\",\"@id\":\"https:\/\/www.regionsaris.sk\/#\/schema\/person\/30fad06d87cd12ad1d94ff5fbd6919d1\"},\"headline\":\"Kam na jarn\u00e9 pr\u00e1zdniny s de\u0165mi v regi\u00f3ne \u0160ari\u0161?\",\"datePublished\":\"2025-02-14T10:24:13+00:00\",\"dateModified\":\"2025-12-15T09:11:36+00:00\",\"mainEntityOfPage\":{\"@id\":\"https:\/\/www.regionsaris.sk\/kam-na-jarne-prazdniny-s-detmi-v-regione-saris\/\"},\"wordCount\":729,\"commentCount\":0,\"image\":{\"@id\":\"https:\/\/www.regionsaris.sk\/kam-na-jarne-prazdniny-s-detmi-v-regione-saris\/#primaryimage\"},\"thumbnailUrl\":\"https:\/\/www.regionsaris.sk\/wp-content\/uploads\/2025\/12\/1-Slovenske-opalove-bane-Foto_-OOCR-Region-Saris.jpg\",\"articleSection\":[\"Novinky\"],\"inLanguage\":\"hu\",\"potentialAction\":[{\"@type\":\"CommentAction\",\"name\":\"Comment\",\"target\":[\"https:\/\/www.regionsaris.sk\/kam-na-jarne-prazdniny-s-detmi-v-regione-saris\/#respond\"]}]},{\"@type\":\"WebPage\",\"@id\":\"https:\/\/www.regionsaris.sk\/kam-na-jarne-prazdniny-s-detmi-v-regione-saris\/\",\"url\":\"https:\/\/www.regionsaris.sk\/kam-na-jarne-prazdniny-s-detmi-v-regione-saris\/\",\"name\":\"Kam na jarn\u00e9 pr\u00e1zdniny s de\u0165mi v regi\u00f3ne \u0160ari\u0161? - OOCR \u0160ari\u0161\",\"isPartOf\":{\"@id\":\"https:\/\/www.regionsaris.sk\/#website\"},\"primaryImageOfPage\":{\"@id\":\"https:\/\/www.regionsaris.sk\/kam-na-jarne-prazdniny-s-detmi-v-regione-saris\/#primaryimage\"},\"image\":{\"@id\":\"https:\/\/www.regionsaris.sk\/kam-na-jarne-prazdniny-s-detmi-v-regione-saris\/#primaryimage\"},\"thumbnailUrl\":\"https:\/\/www.regionsaris.sk\/wp-content\/uploads\/2025\/12\/1-Slovenske-opalove-bane-Foto_-OOCR-Region-Saris.jpg\",\"datePublished\":\"2025-02-14T10:24:13+00:00\",\"dateModified\":\"2025-12-15T09:11:36+00:00\",\"author\":{\"@id\":\"https:\/\/www.regionsaris.sk\/#\/schema\/person\/30fad06d87cd12ad1d94ff5fbd6919d1\"},\"breadcrumb\":{\"@id\":\"https:\/\/www.regionsaris.sk\/kam-na-jarne-prazdniny-s-detmi-v-regione-saris\/#breadcrumb\"},\"inLanguage\":\"hu\",\"potentialAction\":[{\"@type\":\"ReadAction\",\"target\":[\"https:\/\/www.regionsaris.sk\/kam-na-jarne-prazdniny-s-detmi-v-regione-saris\/\"]}]},{\"@type\":\"ImageObject\",\"inLanguage\":\"hu\",\"@id\":\"https:\/\/www.regionsaris.sk\/kam-na-jarne-prazdniny-s-detmi-v-regione-saris\/#primaryimage\",\"url\":\"https:\/\/www.regionsaris.sk\/wp-content\/uploads\/2025\/12\/1-Slovenske-opalove-bane-Foto_-OOCR-Region-Saris.jpg\",\"contentUrl\":\"https:\/\/www.regionsaris.sk\/wp-content\/uploads\/2025\/12\/1-Slovenske-opalove-bane-Foto_-OOCR-Region-Saris.jpg\",\"width\":1200,\"height\":801},{\"@type\":\"BreadcrumbList\",\"@id\":\"https:\/\/www.regionsaris.sk\/kam-na-jarne-prazdniny-s-detmi-v-regione-saris\/#breadcrumb\",\"itemListElement\":[{\"@type\":\"ListItem\",\"position\":1,\"name\":\"Domov\",\"item\":\"https:\/\/www.regionsaris.sk\/\"},{\"@type\":\"ListItem\",\"position\":2,\"name\":\"Kam na jarn\u00e9 pr\u00e1zdniny s de\u0165mi v regi\u00f3ne \u0160ari\u0161?\"}]},{\"@type\":\"WebSite\",\"@id\":\"https:\/\/www.regionsaris.sk\/#website\",\"url\":\"https:\/\/www.regionsaris.sk\/\",\"name\":\"OOCR \u0160ari\u0161\",\"description\":\"\",\"potentialAction\":[{\"@type\":\"SearchAction\",\"target\":{\"@type\":\"EntryPoint\",\"urlTemplate\":\"https:\/\/www.regionsaris.sk\/?s={search_term_string}\"},\"query-input\":{\"@type\":\"PropertyValueSpecification\",\"valueRequired\":true,\"valueName\":\"search_term_string\"}}],\"inLanguage\":\"hu\"},{\"@type\":\"Person\",\"@id\":\"https:\/\/www.regionsaris.sk\/#\/schema\/person\/30fad06d87cd12ad1d94ff5fbd6919d1\",\"name\":\"dev@bigway.sk\",\"image\":{\"@type\":\"ImageObject\",\"inLanguage\":\"hu\",\"@id\":\"https:\/\/www.regionsaris.sk\/#\/schema\/person\/image\/\",\"url\":\"https:\/\/secure.gravatar.com\/avatar\/013b34bc1192067340cff024d72adf40af543d15809da0502beda083cb4f28a2?s=96&d=mm&r=g\",\"contentUrl\":\"https:\/\/secure.gravatar.com\/avatar\/013b34bc1192067340cff024d72adf40af543d15809da0502beda083cb4f28a2?s=96&d=mm&r=g\",\"caption\":\"dev@bigway.sk\"},\"sameAs\":[\"https:\/\/www.regionsaris.sk\"],\"url\":\"https:\/\/www.regionsaris.sk\/hu\/author\/devbigway-sk\/\"}]}<\/script>\n<!-- \/ Yoast SEO Premium plugin. -->","yoast_head_json":{"title":"Kam na jarn\u00e9 pr\u00e1zdniny s de\u0165mi v regi\u00f3ne \u0160ari\u0161? - OOCR \u0160ari\u0161","robots":{"index":"index","follow":"follow","max-snippet":"max-snippet:-1","max-image-preview":"max-image-preview:large","max-video-preview":"max-video-preview:-1"},"canonical":"https:\/\/www.regionsaris.sk\/hu\/kam-na-jarne-prazdniny-s-detmi-v-regione-saris\/","og_locale":"hu_HU","og_type":"article","og_title":"Kam na jarn\u00e9 pr\u00e1zdniny s de\u0165mi v regi\u00f3ne \u0160ari\u0161?","og_description":"H\u013ead\u00e1te in\u0161pir\u00e1ciu, kam s de\u0165mi na jarn\u00e9 pr\u00e1zdniny v regi\u00f3ne \u0160ari\u0161? Tento kr\u00e1sny k\u00fat Slovenska...","og_url":"https:\/\/www.regionsaris.sk\/hu\/kam-na-jarne-prazdniny-s-detmi-v-regione-saris\/","og_site_name":"OOCR \u0160ari\u0161","article_published_time":"2025-02-14T10:24:13+00:00","article_modified_time":"2025-12-15T09:11:36+00:00","og_image":[{"width":1200,"height":801,"url":"https:\/\/www.regionsaris.sk\/wp-content\/uploads\/2025\/12\/1-Slovenske-opalove-bane-Foto_-OOCR-Region-Saris.jpg","type":"image\/jpeg"}],"author":"dev@bigway.sk","twitter_card":"summary_large_image","twitter_misc":{"Szerz\u0151:":"dev@bigway.sk","Becs\u00fclt olvas\u00e1si id\u0151":"4 perc"},"schema":{"@context":"https:\/\/schema.org","@graph":[{"@type":"Article","@id":"https:\/\/www.regionsaris.sk\/kam-na-jarne-prazdniny-s-detmi-v-regione-saris\/#article","isPartOf":{"@id":"https:\/\/www.regionsaris.sk\/kam-na-jarne-prazdniny-s-detmi-v-regione-saris\/"},"author":{"name":"dev@bigway.sk","@id":"https:\/\/www.regionsaris.sk\/#\/schema\/person\/30fad06d87cd12ad1d94ff5fbd6919d1"},"headline":"Kam na jarn\u00e9 pr\u00e1zdniny s de\u0165mi v regi\u00f3ne \u0160ari\u0161?","datePublished":"2025-02-14T10:24:13+00:00","dateModified":"2025-12-15T09:11:36+00:00","mainEntityOfPage":{"@id":"https:\/\/www.regionsaris.sk\/kam-na-jarne-prazdniny-s-detmi-v-regione-saris\/"},"wordCount":729,"commentCount":0,"image":{"@id":"https:\/\/www.regionsaris.sk\/kam-na-jarne-prazdniny-s-detmi-v-regione-saris\/#primaryimage"},"thumbnailUrl":"https:\/\/www.regionsaris.sk\/wp-content\/uploads\/2025\/12\/1-Slovenske-opalove-bane-Foto_-OOCR-Region-Saris.jpg","articleSection":["Novinky"],"inLanguage":"hu","potentialAction":[{"@type":"CommentAction","name":"Comment","target":["https:\/\/www.regionsaris.sk\/kam-na-jarne-prazdniny-s-detmi-v-regione-saris\/#respond"]}]},{"@type":"WebPage","@id":"https:\/\/www.regionsaris.sk\/kam-na-jarne-prazdniny-s-detmi-v-regione-saris\/","url":"https:\/\/www.regionsaris.sk\/kam-na-jarne-prazdniny-s-detmi-v-regione-saris\/","name":"Kam na jarn\u00e9 pr\u00e1zdniny s de\u0165mi v regi\u00f3ne \u0160ari\u0161? - OOCR \u0160ari\u0161","isPartOf":{"@id":"https:\/\/www.regionsaris.sk\/#website"},"primaryImageOfPage":{"@id":"https:\/\/www.regionsaris.sk\/kam-na-jarne-prazdniny-s-detmi-v-regione-saris\/#primaryimage"},"image":{"@id":"https:\/\/www.regionsaris.sk\/kam-na-jarne-prazdniny-s-detmi-v-regione-saris\/#primaryimage"},"thumbnailUrl":"https:\/\/www.regionsaris.sk\/wp-content\/uploads\/2025\/12\/1-Slovenske-opalove-bane-Foto_-OOCR-Region-Saris.jpg","datePublished":"2025-02-14T10:24:13+00:00","dateModified":"2025-12-15T09:11:36+00:00","author":{"@id":"https:\/\/www.regionsaris.sk\/#\/schema\/person\/30fad06d87cd12ad1d94ff5fbd6919d1"},"breadcrumb":{"@id":"https:\/\/www.regionsaris.sk\/kam-na-jarne-prazdniny-s-detmi-v-regione-saris\/#breadcrumb"},"inLanguage":"hu","potentialAction":[{"@type":"ReadAction","target":["https:\/\/www.regionsaris.sk\/kam-na-jarne-prazdniny-s-detmi-v-regione-saris\/"]}]},{"@type":"ImageObject","inLanguage":"hu","@id":"https:\/\/www.regionsaris.sk\/kam-na-jarne-prazdniny-s-detmi-v-regione-saris\/#primaryimage","url":"https:\/\/www.regionsaris.sk\/wp-content\/uploads\/2025\/12\/1-Slovenske-opalove-bane-Foto_-OOCR-Region-Saris.jpg","contentUrl":"https:\/\/www.regionsaris.sk\/wp-content\/uploads\/2025\/12\/1-Slovenske-opalove-bane-Foto_-OOCR-Region-Saris.jpg","width":1200,"height":801},{"@type":"BreadcrumbList","@id":"https:\/\/www.regionsaris.sk\/kam-na-jarne-prazdniny-s-detmi-v-regione-saris\/#breadcrumb","itemListElement":[{"@type":"ListItem","position":1,"name":"Domov","item":"https:\/\/www.regionsaris.sk\/"},{"@type":"ListItem","position":2,"name":"Kam na jarn\u00e9 pr\u00e1zdniny s de\u0165mi v regi\u00f3ne \u0160ari\u0161?"}]},{"@type":"WebSite","@id":"https:\/\/www.regionsaris.sk\/#website","url":"https:\/\/www.regionsaris.sk\/","name":"OOCR \u0160ari\u0161","description":"","potentialAction":[{"@type":"SearchAction","target":{"@type":"EntryPoint","urlTemplate":"https:\/\/www.regionsaris.sk\/?s={search_term_string}"},"query-input":{"@type":"PropertyValueSpecification","valueRequired":true,"valueName":"search_term_string"}}],"inLanguage":"hu"},{"@type":"Person","@id":"https:\/\/www.regionsaris.sk\/#\/schema\/person\/30fad06d87cd12ad1d94ff5fbd6919d1","name":"dev@bigway.sk","image":{"@type":"ImageObject","inLanguage":"hu","@id":"https:\/\/www.regionsaris.sk\/#\/schema\/person\/image\/","url":"https:\/\/secure.gravatar.com\/avatar\/013b34bc1192067340cff024d72adf40af543d15809da0502beda083cb4f28a2?s=96&d=mm&r=g","contentUrl":"https:\/\/secure.gravatar.com\/avatar\/013b34bc1192067340cff024d72adf40af543d15809da0502beda083cb4f28a2?s=96&d=mm&r=g","caption":"dev@bigway.sk"},"sameAs":["https:\/\/www.regionsaris.sk"],"url":"https:\/\/www.regionsaris.sk\/hu\/author\/devbigway-sk\/"}]}},"_links":{"self":[{"href":"https:\/\/www.regionsaris.sk\/hu\/wp-json\/wp\/v2\/posts\/533","targetHints":{"allow":["GET"]}}],"collection":[{"href":"https:\/\/www.regionsaris.sk\/hu\/wp-json\/wp\/v2\/posts"}],"about":[{"href":"https:\/\/www.regionsaris.sk\/hu\/wp-json\/wp\/v2\/types\/post"}],"author":[{"embeddable":true,"href":"https:\/\/www.regionsaris.sk\/hu\/wp-json\/wp\/v2\/users\/1"}],"replies":[{"embeddable":true,"href":"https:\/\/www.regionsaris.sk\/hu\/wp-json\/wp\/v2\/comments?post=533"}],"version-history":[{"count":1,"href":"https:\/\/www.regionsaris.sk\/hu\/wp-json\/wp\/v2\/posts\/533\/revisions"}],"predecessor-version":[{"id":549,"href":"https:\/\/www.regionsaris.sk\/hu\/wp-json\/wp\/v2\/posts\/533\/revisions\/549"}],"wp:featuredmedia":[{"embeddable":true,"href":"https:\/\/www.regionsaris.sk\/hu\/wp-json\/wp\/v2\/media\/547"}],"wp:attachment":[{"href":"https:\/\/www.regionsaris.sk\/hu\/wp-json\/wp\/v2\/media?parent=533"}],"wp:term":[{"taxonomy":"category","embeddable":true,"href":"https:\/\/www.regionsaris.sk\/hu\/wp-json\/wp\/v2\/categories?post=533"},{"taxonomy":"post_tag","embeddable":true,"href":"https:\/\/www.regionsaris.sk\/hu\/wp-json\/wp\/v2\/tags?post=533"}],"curies":[{"name":"wp","href":"https:\/\/api.w.org\/{rel}","templated":true}]}}