{"id":477,"date":"2024-10-08T09:31:37","date_gmt":"2024-10-08T08:31:37","guid":{"rendered":"https:\/\/www.regionsaris.sk\/15-rocnik-filmoveho-festivalu-pocity\/"},"modified":"2025-12-15T10:10:25","modified_gmt":"2025-12-15T09:10:25","slug":"15-rocnik-filmoveho-festivalu-pocity","status":"publish","type":"post","link":"https:\/\/www.regionsaris.sk\/hu\/15-rocnik-filmoveho-festivalu-pocity\/","title":{"rendered":"15. POCITY Filmfesztiv\u00e1l"},"content":{"rendered":"<h5><em>Tizen\u00f6t\u00f6dik alkalommal rendezik meg Pre\u0161ovban a <strong>POCITY Filmfesztiv\u00e1l<\/strong>, amely okt\u00f3ber 10. \u00e9s 16. k\u00f6z\u00f6tt a pre\u0161ovi lakosok sz\u00e1m\u00e1ra a legjobb filmes produkci\u00f3kat \u00e9s a filmk\u00e9sz\u00edt\u0151kkel val\u00f3 tal\u00e1lkoz\u00e1st k\u00edn\u00e1lja. A fesztiv\u00e1lnak ez\u00fattal a Cinemax Novum mozi, a Wave f\u00fcggetlen kultur\u00e1lis k\u00f6zpont, a Region\u00e1lis Gal\u00e9ria \u00e9s a Stromoradie klub ad otthont. A programban t\u00f6bb mint 30 vet\u00edt\u00e9s, besz\u00e9lget\u00e9sek a filmk\u00e9sz\u00edt\u0151kkel \u00e9s a legjobb r\u00f6vidfilmnek j\u00e1r\u00f3 S\u00f3szemek d\u00edj\u00e1tad\u00f3 \u00fcnneps\u00e9g szerepel.<\/em><\/h5>\n\u00a0\n\nA kort\u00e1rs szlov\u00e1k filmm\u0171v\u00e9szet legjobb \u00e9s legaktu\u00e1lisabb alkot\u00e1sait az \u00c9rz\u00e9seink szekci\u00f3ban mutatj\u00e1k be. A fesztiv\u00e1l egyik f\u0151 vend\u00e9ge lesz a <strong>Peter Kerekes<\/strong>, aki szem\u00e9lyesen mutatja be \u00faj dokumentumfilmj\u00e9t <strong>Egy csillagra k\u00edv\u00e1nkozva<\/strong>. Igazgat\u00f3 <strong>Iveta Gr\u00f3fov\u00e1<\/strong> leg\u00fajabb m\u0171v\u00e9t hozza el Pre\u0161ovba <strong>Emma \u00e9s a hal\u00e1lfej<\/strong>, amely a 97. alkalommal megrendezett rangos Oscar-d\u00edj\u00e1tad\u00f3 szlov\u00e1k nemzeti jel\u00f6ltje. A rendez\u0151 \u00fajszer\u0171 megk\u00f6zel\u00edt\u00e9st k\u00edn\u00e1l a szlov\u00e1k filmm\u0171v\u00e9szetben <strong>Krist\u00f3f Gy\u00f6rgy<\/strong>, aki elv\u00e9gzi a <strong>diszt\u00f3pikus t\u00e1ncfilm Zenith<\/strong>. A k\u00f6z\u00f6ns\u00e9g az el\u0151n\u00e9zetben egy di\u00e1t is l\u00e1that. <strong>Szlov\u00e1ki\u00e1n kereszt\u00fcl<\/strong>, amelyet az igazgat\u00f3 szem\u00e9lyesen mutat be <strong>V\u00ed\u0165azoslav Chrappa<\/strong>, gy\u00e1rt\u00f3 <strong>Peter Nevedal<\/strong> \u00e9s a f\u0151szerepl\u0151 <strong>Slavomir Duchovic<\/strong>. A film egy rendk\u00edv\u00fcli t\u00far\u00e1z\u00f3 t\u00f6rt\u00e9net\u00e9t mes\u00e9li el, aki 82 nap alatt v\u00e9gigj\u00e1rta Szlov\u00e1kia leghosszabb t\u00fara\u00fatvonal\u00e1t, t\u00f6bb mint 1870 kilom\u00e9tert megt\u00e9ve az orsz\u00e1g hat\u00e1rai ment\u00e9n. A filmet a pre\u0161ovi David Koll\u00e1r mutatja be. <strong>MIKI<\/strong>, amelyhez \u0151 kompon\u00e1lta a filmzen\u00e9t. Az \u00e9p\u00edt\u00e9szet szerelmeseinek nem szabad kihagyniuk ezt a nagyon er\u0151teljes dokumentumfilm-\u00e9lm\u00e9nyt, amelyet a <strong>A Csehszlov\u00e1k Szocialista K\u00f6zt\u00e1rsas\u00e1g \u00e9p\u00edt\u00e9szete 58-89<\/strong>. A programban szerepel Ji\u0159\u00ed M\u00e1dl sikeres, t\u00f6rt\u00e9nelmi, de nagyon aktu\u00e1lis filmje is. <strong>Hull\u00e1mok.<\/strong>\n\n<a href=\"https:\/\/www.regionsaris.sk\/wp-content\/uploads\/2025\/12\/David-Doros-20231.jpg\"><img loading=\"lazy\" decoding=\"async\" class=\"wp-image-21095 alignleft\" src=\"https:\/\/www.regionsaris.sk\/wp-content\/uploads\/2025\/12\/David-Doros-20231-300x200.jpg\" alt=\"\" width=\"863\" height=\"575\" \/><\/a>\n\n\u00a0\n\nFeelings from the World (\u00c9rz\u00e9sek a vil\u00e1gb\u00f3l) a neve annak a szekci\u00f3nak, amely lehet\u0151v\u00e9 teszi a n\u00e9z\u0151k sz\u00e1m\u00e1ra, hogy felfedezz\u00e9k az aktu\u00e1lis eur\u00f3pai filmeket \u00e9s t\u00e9m\u00e1kat. Egy \u00e9kessz\u00f3l\u00f3, \u00e9les \u00e9s sokkol\u00f3 szat\u00edra. <strong>Anyag<\/strong> nemcsak a szakmai k\u00f6z\u00f6ns\u00e9g, hanem a fesztiv\u00e1lok nemzetk\u00f6zi \u00e9rdekl\u0151d\u00e9s\u00e9t is \u00e9lvezi, \u00e9s az \u00e9vad egyik legt\u00f6bbet emlegetett esem\u00e9ny\u00e9nek \u00edg\u00e9rkezik. <strong>A vil\u00e1g v\u00e9g\u00e9re<\/strong>, Viggo Mortensen m\u00e1sodik rendez\u00e9se, egy id\u0151tlen rom\u00e1nc k\u00e9t v\u00e9gzetesen makacs szerelmes k\u00f6z\u00f6tt. Egy neo-noir romantikus thriller <strong>V\u00e9r az ajkakon<\/strong> viszont egy edz\u0151terem \u00fczemeltet\u0151j\u00e9nek \u00e9s egy kezd\u0151 test\u00e9p\u00edt\u0151nek a nem szokv\u00e1nyos szerelmi t\u00f6rt\u00e9net\u00e9t k\u00edn\u00e1lja.  Ez a fekete-feh\u00e9r sportfilm egy lebilincsel\u0151 \u00e9s izgalmas t\u00f6rt\u00e9net, amely minden n\u00e9z\u0151nek tetszeni fog.<strong> Tatami<\/strong>. A film egy ir\u00e1ni judok\u00e1r\u00f3l, Leil\u00e1r\u00f3l sz\u00f3l, aki a vil\u00e1gbajnoks\u00e1gon ultim\u00e1tumot kap az Iszl\u00e1m K\u00f6zt\u00e1rsas\u00e1gt\u00f3l: vagy s\u00e9r\u00fcl\u00e9st sz\u00ednlel \u00e9s vesz\u00edt, vagy a nemzet \u00e1rul\u00f3j\u00e1nak b\u00e9lyegzik. Leila \u00e9letre sz\u00f3l\u00f3 d\u00f6nt\u00e9s el\u0151tt \u00e1ll: engedelmeskedjen az ir\u00e1ni rezsimnek, vagy k\u00fczdj\u00f6n tov\u00e1bb az arany\u00e9rem\u00e9rt? A n\u0151i er\u0151r\u0151l \u00e9s szolidarit\u00e1sr\u00f3l sz\u00f3l\u00f3 er\u0151teljes \u00e9s sz\u00f3rakoztat\u00f3 film, amely Olaszorsz\u00e1gban minden n\u00e9zetts\u00e9gi rekordot megd\u00f6nt\u00f6tt. <strong>Szint\u00e9n holnap van a nap<\/strong>. A fesztiv\u00e1l v\u00e9ge a Karlovy Vary-i fesztiv\u00e1l k\u00f6z\u00f6ns\u00e9gsiker\u00e9nek exkluz\u00edv el\u0151zetese lesz. <strong>\u00d6r\u00f6kk\u00f6n \u00f6r\u00f6kk\u00e9<\/strong>. Lilje Ingolfsdottir norv\u00e9g forgat\u00f3k\u00f6nyv\u00edr\u00f3 \u00e9s rendez\u0151 bemutatkoz\u00f3 filmje egy n\u0151 t\u00f6bbr\u00e9teg\u0171 karaktertanulm\u00e1nya, amely \u00fcd\u00edt\u0151en vizsg\u00e1lja a romantikus kapcsolatokr\u00f3l, a p\u00e1rkapcsolati egyenl\u0151s\u00e9gr\u0151l \u00e9s a n\u0151i hatalomr\u00f3l alkotott kort\u00e1rs elk\u00e9pzel\u00e9seket. A filmb\u0151l egy er\u0151s n\u0151i karaktert is megform\u00e1l\u00f3 Eve <strong>Fel\u00fcgyel\u0151<\/strong>, ami egy felkavar\u00f3 \u00e9s \u00e1tgondolt pszichol\u00f3giai dr\u00e1ma. A film Gustav M\u00f6ller apr\u00f3l\u00e9kos rendez\u0151i munk\u00e1ja, akinek el\u0151z\u0151 filmje, a szint\u00e9n t\u00e9rhat\u00e1s\u00fa V\u00e9szh\u00edv\u00e1s vil\u00e1gszerte nagy sikert aratott.\n\n\u00a0\n\n<em>\u201cA fesztiv\u00e1l f\u0151 partnere id\u00e9n a Fecupral pre\u0161ovi v\u00e1llalat, amely a hullad\u00e9k feldolgoz\u00e1s\u00e1val \u00e9s \u00fajrahasznos\u00edt\u00e1s\u00e1val foglalkozik. \u00cdgy a programban elfoglalt hely\u00e9t k\u00f6rnyezetv\u00e9delmi \u00e1tfed\u00e9ssel rendelkez\u0151 filmekkel gazdag\u00edthattuk. N\u00e9pszer\u0171 izlandi v\u00edgj\u00e1t\u00e9k<strong> N\u0151 a harcban<\/strong> a kem\u00e9ny \u00e9s megalkuv\u00e1st nem ismer\u0151 Halle-r\u00f3l, aki az izlandi t\u00e1jat puszt\u00edt\u00f3 ipari \u00f3ri\u00e1sok ellen harcol, \u00e9s az els\u0151 szlov\u00e1k-magyar anim\u00e1ci\u00f3s film feln\u0151tteknek. <strong>M\u0171anyag vagy<\/strong> er\u0151s \u00f6kol\u00f3giai \u00fczenettel,\u201d <\/em>k\u00f6zeledett a program dramaturgja, Nina \u0160ilanov\u00e1. A Feelings X Fecupral szekci\u00f3t egy r\u00f6vid dokumentumfilm eg\u00e9sz\u00edti ki. <strong>Bordalo II: A pazarl\u00f3 \u00e9let<\/strong> amely Arturo Bordal portug\u00e1l street art m\u0171v\u00e9sz intim portr\u00e9j\u00e1t \u00e1br\u00e1zolja. H\u00edres \"Trash Animals\" (szemetes \u00e1llatok) szobraival h\u00edvja fel a figyelmet az emberi felel\u0151tlens\u00e9g m\u00e9rt\u00e9k\u00e9re \u00e9s annak a k\u00f6rnyezetre gyakorolt hat\u00e1s\u00e1ra.\n\n\u00a0\n\n<a href=\"https:\/\/www.regionsaris.sk\/wp-content\/uploads\/2025\/12\/David-Doros-20233.jpg\"><img loading=\"lazy\" decoding=\"async\" class=\"alignright wp-image-21098\" src=\"https:\/\/www.regionsaris.sk\/wp-content\/uploads\/2025\/12\/David-Doros-20233-300x200.jpg\" alt=\"\" width=\"1025\" height=\"683\" \/><\/a>\n\n\u00a0\n\n\u00a0\n\nA fesztiv\u00e1l nem feledkezett meg a legfiatalabb n\u00e9z\u0151kr\u0151l sem, a film r\u00e9v\u00e9n <strong>Egy macska od\u00fcsszei\u00e1ja, <\/strong>amely a bolyg\u00f3 j\u00f6v\u0151j\u00e9t is \u00e9rinti. A film gy\u00f6ny\u00f6r\u0171 anim\u00e1ci\u00f3t \u00e9s egy haj\u00f3n \u00e9l\u0151 \u00e1llatokr\u00f3l sz\u00f3l\u00f3 t\u00f6rt\u00e9netet k\u00edn\u00e1l, akiknek egy el\u00e1rasztott v\u00e1rosban kell alkalmazkodniuk egy \u00faj vil\u00e1ghoz. A film szavak n\u00e9lk\u00fcli, \u00e9s m\u00e1r a legkisebbek sz\u00e1m\u00e1ra is alkalmas.\n\n \n\nA fesztiv\u00e1l \u00e1ltal k\u00edn\u00e1lt utols\u00f3 szekci\u00f3 a Szomsz\u00e9dok \u00e9rz\u00e9sei, ahol jellegzetes lengyel filmeket l\u00e1that a k\u00f6z\u00f6ns\u00e9g: Agnieszka Holland tavalyi abszol\u00fat n\u00e9lk\u00fcl\u00f6zhetetlen eur\u00f3pai filmj\u00e9t <strong>Hat\u00e1r<\/strong> a <strong>Parasztok <\/strong>- c\u00edm\u0171 j\u00e1t\u00e9kfilm, amely olajfestm\u00e9ny-szer\u0171en anim\u00e1lt, \u00e9s amelyet a Pre\u0161ovi Region\u00e1lis Gal\u00e9ri\u00e1ban egy cseh dokumentumfilmmel egy\u00fctt mutatnak be. <strong>M\u00e9g nem vagyok az, aki lenni akarok<\/strong>,intim portr\u00e9t ny\u00fajt a j\u00f3l ismert cseh fotogr\u00e1fusr\u00f3l, Libu\u0161e Jarcovj\u00e1kov\u00e1r\u00f3l, akit a cseh fotogr\u00e1fia szem\u00e9lyis\u00e9ge c\u00edmmel t\u00fcntettek ki, \u00e9s akit szubkultur\u00e1lisan a Snapchat cseh \u201eanyjak\u00e9nt\u201c emlegetnek. A k\u00f6z\u00f6ns\u00e9g sz\u00e1m\u00e1ra biztosan meglepet\u00e9s lesz <strong>PSO nagyd\u00f6nt\u0151<\/strong> - egy id\u0151z\u00edtett dokumentumfilm egy rendk\u00edv\u00fcli zenei egy\u00fcttesr\u0151l, amely a nagysz\u00ednpadokon l\u00e9p fel, \u00e9s egy\u00fattal h\u00e9tk\u00f6znapi fiatalok szem\u00e9lyes vallom\u00e1sa a minket k\u00f6r\u00fclvev\u0151 vil\u00e1gr\u00f3l.\n\n\u00a0\n\n\u00a0\n<h5><strong>Akkredit\u00e1ci\u00f3k el\u0151\u00e9rt\u00e9kes\u00edt\u00e9se<\/strong><\/h5>\n<h5>A filmrajong\u00f3k sz\u00e1m\u00e1ra 30 \u20ac \u00e9rt\u00e9k\u0171 fesztiv\u00e1lb\u00e9rleteket lehet el\u0151v\u00e9telben megv\u00e1s\u00e1rolni, amelyek minden esem\u00e9nyre biztos\u00edtj\u00e1k a bel\u00e9p\u00e9st. Az el\u0151v\u00e1s\u00e1rl\u00e1si id\u0151szak okt\u00f3ber 10-ig tart. A di\u00e1kok 5 \u20ac kedvezm\u00e9nnyel v\u00e1s\u00e1rolhatnak bel\u00e9p\u0151t.<\/h5>\n<h5>Ne hagyja ki az egyed\u00fcl\u00e1ll\u00f3 lehet\u0151s\u00e9get, hogy a kort\u00e1rs filmek vil\u00e1gpremierjeinek el\u0151zetes\u00e9t k\u00f6zvetlen\u00fcl Pre\u0161ovban l\u00e1thassa! Tov\u00e1bbi inform\u00e1ci\u00f3k a programr\u00f3l \u00e9s a vend\u00e9gekr\u0151l a k\u00f6vetkez\u0151 weboldalon tal\u00e1lhat\u00f3k <a href=\"http:\/\/www.pocityfilm.sk\">www.pocityfilm.sk<\/a>.<\/h5>","protected":false},"excerpt":{"rendered":"<p>U\u017e p\u00e4tn\u00e1sty rok sa v Pre\u0161ove uskuto\u010dn\u00ed filmov\u00fd festival POCITY, ktor\u00fd od 10. do 16....<\/p>","protected":false},"author":1,"featured_media":481,"comment_status":"open","ping_status":"open","sticky":false,"template":"","format":"standard","meta":{"_acf_changed":false,"footnotes":""},"categories":[1],"tags":[],"class_list":["post-477","post","type-post","status-publish","format-standard","has-post-thumbnail","hentry","category-novinky"],"acf":[],"yoast_head":"<!-- This site is optimized with the Yoast SEO Premium plugin v26.3 (Yoast SEO v26.8) - https:\/\/yoast.com\/product\/yoast-seo-premium-wordpress\/ -->\n<title>15. ro\u010dn\u00edk filmov\u00e9ho festivalu POCITY - OOCR \u0160ari\u0161<\/title>\n<meta name=\"robots\" content=\"index, follow, max-snippet:-1, max-image-preview:large, max-video-preview:-1\" \/>\n<link rel=\"canonical\" href=\"https:\/\/www.regionsaris.sk\/hu\/15-rocnik-filmoveho-festivalu-pocity\/\" \/>\n<meta property=\"og:locale\" content=\"hu_HU\" \/>\n<meta property=\"og:type\" content=\"article\" \/>\n<meta property=\"og:title\" content=\"15. ro\u010dn\u00edk filmov\u00e9ho festivalu POCITY\" \/>\n<meta property=\"og:description\" content=\"U\u017e p\u00e4tn\u00e1sty rok sa v Pre\u0161ove uskuto\u010dn\u00ed filmov\u00fd festival POCITY, ktor\u00fd od 10. do 16....\" \/>\n<meta property=\"og:url\" content=\"https:\/\/www.regionsaris.sk\/hu\/15-rocnik-filmoveho-festivalu-pocity\/\" \/>\n<meta property=\"og:site_name\" content=\"OOCR \u0160ari\u0161\" \/>\n<meta property=\"article:published_time\" content=\"2024-10-08T08:31:37+00:00\" \/>\n<meta property=\"article:modified_time\" content=\"2025-12-15T09:10:25+00:00\" \/>\n<meta property=\"og:image\" content=\"https:\/\/www.regionsaris.sk\/wp-content\/uploads\/2025\/12\/David-Doros-20232-1024x682.jpg\" \/>\n\t<meta property=\"og:image:width\" content=\"1024\" \/>\n\t<meta property=\"og:image:height\" content=\"682\" \/>\n\t<meta property=\"og:image:type\" content=\"image\/jpeg\" \/>\n<meta name=\"author\" content=\"dev@bigway.sk\" \/>\n<meta name=\"twitter:card\" content=\"summary_large_image\" \/>\n<meta name=\"twitter:label1\" content=\"Szerz\u0151:\" \/>\n\t<meta name=\"twitter:data1\" content=\"dev@bigway.sk\" \/>\n\t<meta name=\"twitter:label2\" content=\"Becs\u00fclt olvas\u00e1si id\u0151\" \/>\n\t<meta name=\"twitter:data2\" content=\"5 perc\" \/>\n<script type=\"application\/ld+json\" class=\"yoast-schema-graph\">{\"@context\":\"https:\/\/schema.org\",\"@graph\":[{\"@type\":\"Article\",\"@id\":\"https:\/\/www.regionsaris.sk\/15-rocnik-filmoveho-festivalu-pocity\/#article\",\"isPartOf\":{\"@id\":\"https:\/\/www.regionsaris.sk\/15-rocnik-filmoveho-festivalu-pocity\/\"},\"author\":{\"name\":\"dev@bigway.sk\",\"@id\":\"https:\/\/www.regionsaris.sk\/#\/schema\/person\/30fad06d87cd12ad1d94ff5fbd6919d1\"},\"headline\":\"15. ro\u010dn\u00edk filmov\u00e9ho festivalu POCITY\",\"datePublished\":\"2024-10-08T08:31:37+00:00\",\"dateModified\":\"2025-12-15T09:10:25+00:00\",\"mainEntityOfPage\":{\"@id\":\"https:\/\/www.regionsaris.sk\/15-rocnik-filmoveho-festivalu-pocity\/\"},\"wordCount\":1033,\"commentCount\":0,\"image\":{\"@id\":\"https:\/\/www.regionsaris.sk\/15-rocnik-filmoveho-festivalu-pocity\/#primaryimage\"},\"thumbnailUrl\":\"https:\/\/www.regionsaris.sk\/wp-content\/uploads\/2025\/12\/David-Doros-20232.jpg\",\"articleSection\":[\"Novinky\"],\"inLanguage\":\"hu\",\"potentialAction\":[{\"@type\":\"CommentAction\",\"name\":\"Comment\",\"target\":[\"https:\/\/www.regionsaris.sk\/15-rocnik-filmoveho-festivalu-pocity\/#respond\"]}]},{\"@type\":\"WebPage\",\"@id\":\"https:\/\/www.regionsaris.sk\/15-rocnik-filmoveho-festivalu-pocity\/\",\"url\":\"https:\/\/www.regionsaris.sk\/15-rocnik-filmoveho-festivalu-pocity\/\",\"name\":\"15. ro\u010dn\u00edk filmov\u00e9ho festivalu POCITY - OOCR \u0160ari\u0161\",\"isPartOf\":{\"@id\":\"https:\/\/www.regionsaris.sk\/#website\"},\"primaryImageOfPage\":{\"@id\":\"https:\/\/www.regionsaris.sk\/15-rocnik-filmoveho-festivalu-pocity\/#primaryimage\"},\"image\":{\"@id\":\"https:\/\/www.regionsaris.sk\/15-rocnik-filmoveho-festivalu-pocity\/#primaryimage\"},\"thumbnailUrl\":\"https:\/\/www.regionsaris.sk\/wp-content\/uploads\/2025\/12\/David-Doros-20232.jpg\",\"datePublished\":\"2024-10-08T08:31:37+00:00\",\"dateModified\":\"2025-12-15T09:10:25+00:00\",\"author\":{\"@id\":\"https:\/\/www.regionsaris.sk\/#\/schema\/person\/30fad06d87cd12ad1d94ff5fbd6919d1\"},\"breadcrumb\":{\"@id\":\"https:\/\/www.regionsaris.sk\/15-rocnik-filmoveho-festivalu-pocity\/#breadcrumb\"},\"inLanguage\":\"hu\",\"potentialAction\":[{\"@type\":\"ReadAction\",\"target\":[\"https:\/\/www.regionsaris.sk\/15-rocnik-filmoveho-festivalu-pocity\/\"]}]},{\"@type\":\"ImageObject\",\"inLanguage\":\"hu\",\"@id\":\"https:\/\/www.regionsaris.sk\/15-rocnik-filmoveho-festivalu-pocity\/#primaryimage\",\"url\":\"https:\/\/www.regionsaris.sk\/wp-content\/uploads\/2025\/12\/David-Doros-20232.jpg\",\"contentUrl\":\"https:\/\/www.regionsaris.sk\/wp-content\/uploads\/2025\/12\/David-Doros-20232.jpg\",\"width\":2000,\"height\":1333},{\"@type\":\"BreadcrumbList\",\"@id\":\"https:\/\/www.regionsaris.sk\/15-rocnik-filmoveho-festivalu-pocity\/#breadcrumb\",\"itemListElement\":[{\"@type\":\"ListItem\",\"position\":1,\"name\":\"Domov\",\"item\":\"https:\/\/www.regionsaris.sk\/\"},{\"@type\":\"ListItem\",\"position\":2,\"name\":\"15. ro\u010dn\u00edk filmov\u00e9ho festivalu POCITY\"}]},{\"@type\":\"WebSite\",\"@id\":\"https:\/\/www.regionsaris.sk\/#website\",\"url\":\"https:\/\/www.regionsaris.sk\/\",\"name\":\"OOCR \u0160ari\u0161\",\"description\":\"\",\"potentialAction\":[{\"@type\":\"SearchAction\",\"target\":{\"@type\":\"EntryPoint\",\"urlTemplate\":\"https:\/\/www.regionsaris.sk\/?s={search_term_string}\"},\"query-input\":{\"@type\":\"PropertyValueSpecification\",\"valueRequired\":true,\"valueName\":\"search_term_string\"}}],\"inLanguage\":\"hu\"},{\"@type\":\"Person\",\"@id\":\"https:\/\/www.regionsaris.sk\/#\/schema\/person\/30fad06d87cd12ad1d94ff5fbd6919d1\",\"name\":\"dev@bigway.sk\",\"image\":{\"@type\":\"ImageObject\",\"inLanguage\":\"hu\",\"@id\":\"https:\/\/www.regionsaris.sk\/#\/schema\/person\/image\/\",\"url\":\"https:\/\/secure.gravatar.com\/avatar\/013b34bc1192067340cff024d72adf40af543d15809da0502beda083cb4f28a2?s=96&d=mm&r=g\",\"contentUrl\":\"https:\/\/secure.gravatar.com\/avatar\/013b34bc1192067340cff024d72adf40af543d15809da0502beda083cb4f28a2?s=96&d=mm&r=g\",\"caption\":\"dev@bigway.sk\"},\"sameAs\":[\"https:\/\/www.regionsaris.sk\"],\"url\":\"https:\/\/www.regionsaris.sk\/hu\/author\/devbigway-sk\/\"}]}<\/script>\n<!-- \/ Yoast SEO Premium plugin. -->","yoast_head_json":{"title":"15. ro\u010dn\u00edk filmov\u00e9ho festivalu POCITY - OOCR \u0160ari\u0161","robots":{"index":"index","follow":"follow","max-snippet":"max-snippet:-1","max-image-preview":"max-image-preview:large","max-video-preview":"max-video-preview:-1"},"canonical":"https:\/\/www.regionsaris.sk\/hu\/15-rocnik-filmoveho-festivalu-pocity\/","og_locale":"hu_HU","og_type":"article","og_title":"15. ro\u010dn\u00edk filmov\u00e9ho festivalu POCITY","og_description":"U\u017e p\u00e4tn\u00e1sty rok sa v Pre\u0161ove uskuto\u010dn\u00ed filmov\u00fd festival POCITY, ktor\u00fd od 10. do 16....","og_url":"https:\/\/www.regionsaris.sk\/hu\/15-rocnik-filmoveho-festivalu-pocity\/","og_site_name":"OOCR \u0160ari\u0161","article_published_time":"2024-10-08T08:31:37+00:00","article_modified_time":"2025-12-15T09:10:25+00:00","og_image":[{"width":1024,"height":682,"url":"https:\/\/www.regionsaris.sk\/wp-content\/uploads\/2025\/12\/David-Doros-20232-1024x682.jpg","type":"image\/jpeg"}],"author":"dev@bigway.sk","twitter_card":"summary_large_image","twitter_misc":{"Szerz\u0151:":"dev@bigway.sk","Becs\u00fclt olvas\u00e1si id\u0151":"5 perc"},"schema":{"@context":"https:\/\/schema.org","@graph":[{"@type":"Article","@id":"https:\/\/www.regionsaris.sk\/15-rocnik-filmoveho-festivalu-pocity\/#article","isPartOf":{"@id":"https:\/\/www.regionsaris.sk\/15-rocnik-filmoveho-festivalu-pocity\/"},"author":{"name":"dev@bigway.sk","@id":"https:\/\/www.regionsaris.sk\/#\/schema\/person\/30fad06d87cd12ad1d94ff5fbd6919d1"},"headline":"15. ro\u010dn\u00edk filmov\u00e9ho festivalu POCITY","datePublished":"2024-10-08T08:31:37+00:00","dateModified":"2025-12-15T09:10:25+00:00","mainEntityOfPage":{"@id":"https:\/\/www.regionsaris.sk\/15-rocnik-filmoveho-festivalu-pocity\/"},"wordCount":1033,"commentCount":0,"image":{"@id":"https:\/\/www.regionsaris.sk\/15-rocnik-filmoveho-festivalu-pocity\/#primaryimage"},"thumbnailUrl":"https:\/\/www.regionsaris.sk\/wp-content\/uploads\/2025\/12\/David-Doros-20232.jpg","articleSection":["Novinky"],"inLanguage":"hu","potentialAction":[{"@type":"CommentAction","name":"Comment","target":["https:\/\/www.regionsaris.sk\/15-rocnik-filmoveho-festivalu-pocity\/#respond"]}]},{"@type":"WebPage","@id":"https:\/\/www.regionsaris.sk\/15-rocnik-filmoveho-festivalu-pocity\/","url":"https:\/\/www.regionsaris.sk\/15-rocnik-filmoveho-festivalu-pocity\/","name":"15. ro\u010dn\u00edk filmov\u00e9ho festivalu POCITY - OOCR \u0160ari\u0161","isPartOf":{"@id":"https:\/\/www.regionsaris.sk\/#website"},"primaryImageOfPage":{"@id":"https:\/\/www.regionsaris.sk\/15-rocnik-filmoveho-festivalu-pocity\/#primaryimage"},"image":{"@id":"https:\/\/www.regionsaris.sk\/15-rocnik-filmoveho-festivalu-pocity\/#primaryimage"},"thumbnailUrl":"https:\/\/www.regionsaris.sk\/wp-content\/uploads\/2025\/12\/David-Doros-20232.jpg","datePublished":"2024-10-08T08:31:37+00:00","dateModified":"2025-12-15T09:10:25+00:00","author":{"@id":"https:\/\/www.regionsaris.sk\/#\/schema\/person\/30fad06d87cd12ad1d94ff5fbd6919d1"},"breadcrumb":{"@id":"https:\/\/www.regionsaris.sk\/15-rocnik-filmoveho-festivalu-pocity\/#breadcrumb"},"inLanguage":"hu","potentialAction":[{"@type":"ReadAction","target":["https:\/\/www.regionsaris.sk\/15-rocnik-filmoveho-festivalu-pocity\/"]}]},{"@type":"ImageObject","inLanguage":"hu","@id":"https:\/\/www.regionsaris.sk\/15-rocnik-filmoveho-festivalu-pocity\/#primaryimage","url":"https:\/\/www.regionsaris.sk\/wp-content\/uploads\/2025\/12\/David-Doros-20232.jpg","contentUrl":"https:\/\/www.regionsaris.sk\/wp-content\/uploads\/2025\/12\/David-Doros-20232.jpg","width":2000,"height":1333},{"@type":"BreadcrumbList","@id":"https:\/\/www.regionsaris.sk\/15-rocnik-filmoveho-festivalu-pocity\/#breadcrumb","itemListElement":[{"@type":"ListItem","position":1,"name":"Domov","item":"https:\/\/www.regionsaris.sk\/"},{"@type":"ListItem","position":2,"name":"15. ro\u010dn\u00edk filmov\u00e9ho festivalu POCITY"}]},{"@type":"WebSite","@id":"https:\/\/www.regionsaris.sk\/#website","url":"https:\/\/www.regionsaris.sk\/","name":"OOCR \u0160ari\u0161","description":"","potentialAction":[{"@type":"SearchAction","target":{"@type":"EntryPoint","urlTemplate":"https:\/\/www.regionsaris.sk\/?s={search_term_string}"},"query-input":{"@type":"PropertyValueSpecification","valueRequired":true,"valueName":"search_term_string"}}],"inLanguage":"hu"},{"@type":"Person","@id":"https:\/\/www.regionsaris.sk\/#\/schema\/person\/30fad06d87cd12ad1d94ff5fbd6919d1","name":"dev@bigway.sk","image":{"@type":"ImageObject","inLanguage":"hu","@id":"https:\/\/www.regionsaris.sk\/#\/schema\/person\/image\/","url":"https:\/\/secure.gravatar.com\/avatar\/013b34bc1192067340cff024d72adf40af543d15809da0502beda083cb4f28a2?s=96&d=mm&r=g","contentUrl":"https:\/\/secure.gravatar.com\/avatar\/013b34bc1192067340cff024d72adf40af543d15809da0502beda083cb4f28a2?s=96&d=mm&r=g","caption":"dev@bigway.sk"},"sameAs":["https:\/\/www.regionsaris.sk"],"url":"https:\/\/www.regionsaris.sk\/hu\/author\/devbigway-sk\/"}]}},"_links":{"self":[{"href":"https:\/\/www.regionsaris.sk\/hu\/wp-json\/wp\/v2\/posts\/477","targetHints":{"allow":["GET"]}}],"collection":[{"href":"https:\/\/www.regionsaris.sk\/hu\/wp-json\/wp\/v2\/posts"}],"about":[{"href":"https:\/\/www.regionsaris.sk\/hu\/wp-json\/wp\/v2\/types\/post"}],"author":[{"embeddable":true,"href":"https:\/\/www.regionsaris.sk\/hu\/wp-json\/wp\/v2\/users\/1"}],"replies":[{"embeddable":true,"href":"https:\/\/www.regionsaris.sk\/hu\/wp-json\/wp\/v2\/comments?post=477"}],"version-history":[{"count":1,"href":"https:\/\/www.regionsaris.sk\/hu\/wp-json\/wp\/v2\/posts\/477\/revisions"}],"predecessor-version":[{"id":480,"href":"https:\/\/www.regionsaris.sk\/hu\/wp-json\/wp\/v2\/posts\/477\/revisions\/480"}],"wp:featuredmedia":[{"embeddable":true,"href":"https:\/\/www.regionsaris.sk\/hu\/wp-json\/wp\/v2\/media\/481"}],"wp:attachment":[{"href":"https:\/\/www.regionsaris.sk\/hu\/wp-json\/wp\/v2\/media?parent=477"}],"wp:term":[{"taxonomy":"category","embeddable":true,"href":"https:\/\/www.regionsaris.sk\/hu\/wp-json\/wp\/v2\/categories?post=477"},{"taxonomy":"post_tag","embeddable":true,"href":"https:\/\/www.regionsaris.sk\/hu\/wp-json\/wp\/v2\/tags?post=477"}],"curies":[{"name":"wp","href":"https:\/\/api.w.org\/{rel}","templated":true}]}}