{"id":4611,"date":"2026-05-14T18:02:35","date_gmt":"2026-05-14T17:02:35","guid":{"rendered":"https:\/\/www.regionsaris.sk\/?p=4611"},"modified":"2026-06-24T11:25:18","modified_gmt":"2026-06-24T10:25:18","slug":"uvodna-konferencia-kooperacneho-projektu-subdestinacie-cergov","status":"publish","type":"post","link":"https:\/\/www.regionsaris.sk\/hu\/uvodna-konferencia-kooperacneho-projektu-subdestinacie-cergov\/","title":{"rendered":"Bevezet\u0151 konferencia a Cergov aloszt\u00e1ly egy\u00fcttm\u0171k\u00f6d\u00e9si projektj\u00e9r\u0151l"},"content":{"rendered":"<p class=\"wp-block-paragraph\">\u010cergov egyike azoknak a ter\u00fcleteknek, amelyek sok mindent k\u00edn\u00e1lnak - gy\u00f6ny\u00f6r\u0171 term\u00e9szetet, gazdag t\u00f6rt\u00e9nelmet, \u00e9l\u00e9nk helyi kezdem\u00e9nyez\u00e9seket \u00e9s \u00faj turisztikai term\u00e9kekkel kapcsolatos lehet\u0151s\u00e9geket. Ahhoz azonban, hogy ezt a potenci\u00e1lt szisztematikusan \u00e9s hossz\u00fa t\u00e1von fejleszteni lehessen, kulcsfontoss\u00e1g\u00fa az egy\u00fcttm\u0171k\u00f6d\u00e9s. Ez volt a nyit\u00f3konferencia f\u0151 t\u00e9m\u00e1ja&nbsp;<strong>A turizmus fejleszt\u00e9se a Cergov-kist\u00e9rs\u00e9gben<\/strong>, amelyre cs\u00fct\u00f6rt\u00f6k\u00f6n ker\u00fclt sor <strong>m\u00e1jus 14. 2026<\/strong> v <a href=\"https:\/\/www.regionsaris.sk\/hu\/ubytovanie-gastro\/hotel-torysa\/\">Sz\u00e1llod\u00e1k Torysa<\/a> Sabinovban.<\/p>\n\n\n\n<h2 class=\"wp-block-heading\" id=\"h-cergov-ako-uzemie-s-velkym-potencialom\">\u010cergov mint nagy potenci\u00e1llal rendelkez\u0151 ter\u00fclet<\/h2>\n\n\n\n<p class=\"wp-block-paragraph\">A \u010cergov aloszt\u00e1ly fejleszt\u00e9s\u00e9re ir\u00e1nyul\u00f3 egy\u00fcttm\u0171k\u00f6d\u00e9si projektet az al\u00e1bbi vezet\u00e9s\u00e9vel hozt\u00e1k l\u00e9tre <a href=\"https:\/\/www.regionsaris.sk\/hu\/\">Region\u00e1lis turisztikai szervezet Regi\u00f3n \u0160ari\u0161<\/a> a <a href=\"https:\/\/presovregion.travel\" target=\"_blank\" rel=\"noopener\">Region\u00e1lis region\u00e1lis szervezet Pre\u0161ovi r\u00e9gi\u00f3<\/a>. <\/p>\n\n\n\n<p class=\"wp-block-paragraph\">A konferencia c\u00e9lja az volt, hogy bemutassa a projekt koncepci\u00f3j\u00e1t a turizmus ter\u00fclet\u00e9n, el\u0151seg\u00edtse a t\u00e9rs\u00e9g szerepl\u0151i k\u00f6z\u00f6tti egy\u00fcttm\u0171k\u00f6d\u00e9st, \u00e9s r\u00e1vil\u00e1g\u00edtson a fenntarthat\u00f3 term\u00e9kek l\u00e9trehoz\u00e1s\u00e1nak lehet\u0151s\u00e9geire. Ezek a j\u00f6v\u0151ben n\u00f6velhetik \u010cergovo vonzerej\u00e9t a belf\u00f6ldi \u00e9s k\u00fclf\u00f6ldi l\u00e1togat\u00f3k sz\u00e1m\u00e1ra.<\/p>\n\n\n\n<p class=\"wp-block-paragraph\">Mint r\u00e1mutatott&nbsp;<strong>Ing. Peter Halaj, az OOCR \u0160ari\u0161 r\u00e9gi\u00f3 \u00fcgyvezet\u0151 igazgat\u00f3ja<\/strong>:<\/p>\n\n\n\n<blockquote class=\"wp-block-quote is-layout-flow wp-block-quote-is-layout-flow\">\n<p class=\"wp-block-paragraph\">\u201e\u010cergov jelent\u0151s term\u00e9szeti, kultur\u00e1lis \u00e9s t\u00f6rt\u00e9nelmi potenci\u00e1llal rendelkez\u0151 ter\u00fclet. Ha ezt a potenci\u00e1lt szisztematikusan ki akarjuk fejleszteni, sz\u00fcks\u00e9g\u00fcnk van az \u00f6nkorm\u00e1nyzatok, a turisztikai szervezetek, a szak\u00e9rt\u0151k \u00e9s a helyi kezdem\u00e9nyez\u00e9sek egy\u00fcttm\u0171k\u00f6d\u00e9s\u00e9re. Ez a konferencia egy olyan t\u00e9r k\u00edv\u00e1n lenni, ahol ezek a kapcsolatok meger\u0151s\u00f6dhetnek\u201c.\u201c<\/p>\n<\/blockquote>\n\n\n<div class=\"wp-block-image\">\n<figure class=\"aligncenter size-large\"><img loading=\"lazy\" decoding=\"async\" width=\"683\" height=\"1024\" src=\"https:\/\/www.regionsaris.sk\/wp-content\/uploads\/2026\/05\/konferencia-cergov-oocrrs-2-683x1024.jpg\" alt=\"\" class=\"wp-image-4618\" srcset=\"https:\/\/www.regionsaris.sk\/wp-content\/uploads\/2026\/05\/konferencia-cergov-oocrrs-2-683x1024.jpg 683w, https:\/\/www.regionsaris.sk\/wp-content\/uploads\/2026\/05\/konferencia-cergov-oocrrs-2-200x300.jpg 200w, https:\/\/www.regionsaris.sk\/wp-content\/uploads\/2026\/05\/konferencia-cergov-oocrrs-2-768x1152.jpg 768w, https:\/\/www.regionsaris.sk\/wp-content\/uploads\/2026\/05\/konferencia-cergov-oocrrs-2-1024x1536.jpg 1024w, https:\/\/www.regionsaris.sk\/wp-content\/uploads\/2026\/05\/konferencia-cergov-oocrrs-2-1365x2048.jpg 1365w, https:\/\/www.regionsaris.sk\/wp-content\/uploads\/2026\/05\/konferencia-cergov-oocrrs-2-8x12.jpg 8w, https:\/\/www.regionsaris.sk\/wp-content\/uploads\/2026\/05\/konferencia-cergov-oocrrs-2-scaled.jpg 1707w\" sizes=\"auto, (max-width: 683px) 100vw, 683px\" \/><\/figure>\n<\/div>\n\n\n<p class=\"wp-block-paragraph\"><\/p>\n\n\n\n<h2 class=\"wp-block-heading\" id=\"h-odborne-temy-aj-prakticke-skusenosti\">Szak\u00e9rt\u0151i t\u00e9m\u00e1k \u00e9s gyakorlati tapasztalatok<\/h2>\n\n\n\n<p class=\"wp-block-paragraph\">A konferencia programj\u00e1ban sz\u00e1mos szak\u00e9rt\u0151i hozz\u00e1sz\u00f3l\u00e1s hangzott el, amelyek a Fels\u0151-Zempl\u00e9n \u00e9s a \u0160ari\u0161 turizmus\u00e1ra, a desztin\u00e1ci\u00f3menedzsmentre, a Pre\u0161ov r\u00e9gi\u00f3 tev\u00e9kenys\u00e9geire, Sabinov v\u00e1ros\u00e1nak fejleszt\u00e9s\u00e9re, az \u00e9ghajlatv\u00e1ltoz\u00e1sra \u00e9s a j\u00f3 gyakorlatok p\u00e9ld\u00e1ira \u00f6sszpontos\u00edtottak k\u00f6zvetlen\u00fcl a \u010cergov-hegys\u00e9g ter\u00fclet\u00e9r\u0151l.<\/p>\n\n\n\n<p class=\"wp-block-paragraph\">A bevezet\u0151 blokk a fels\u0151-zempl\u00e9ni \u00e9s a s\u00e1rospataki turizmusfejleszt\u00e9s t\u00e1gabb \u00f6sszef\u00fcgg\u00e9seivel foglalkozott. A r\u00e9sztvev\u0151k \u00fcdv\u00f6zl\u00e9se ut\u00e1n a Pre\u0161ovi \u00d6nkorm\u00e1nyzati R\u00e9gi\u00f3 aleln\u00f6ke&nbsp;<strong>PhDr. Jozef Kanu\u0161\u010d\u00e1k, MBA<\/strong>. Ezt k\u00f6vett\u00e9k a tev\u00e9kenys\u00e9gekr\u0151l sz\u00f3l\u00f3 el\u0151ad\u00e1sok&nbsp;<strong><a href=\"https:\/\/presovregion.travel\" target=\"_blank\" rel=\"noopener\">KOCR Pre\u0161ov r\u00e9gi\u00f3<\/a><\/strong>, tev\u00e9kenys\u00e9gek&nbsp;<strong><a href=\"https:\/\/www.regionsaris.sk\/hu\/\">OOCR r\u00e9gi\u00f3 \u0160ari\u0161<\/a><\/strong>&nbsp;\u00e9s gyakorlati tapasztalatok a c\u00e9l\u00e1llom\u00e1s-menedzsmenttel kapcsolatban, ahogyan azt a&nbsp;<strong><a href=\"https:\/\/hornyzemplin.sk\" target=\"_blank\" rel=\"noopener\">OOCR Horn\u00fd Zempl\u00edn<\/a><\/strong>.<\/p>\n\n\n\n<p class=\"wp-block-paragraph\">A m\u00e1sodik blokk ink\u00e1bb mag\u00e1ra a cserkeszti aldesztin\u00e1ci\u00f3ra \u00f6sszpontos\u00edtott. A turizmus fejleszt\u00e9s\u00e9r\u0151l a k\u00f6zelg\u0151&nbsp;<strong>Fenntarthat\u00f3 turisztikai strat\u00e9gia a Pre\u0161ov r\u00e9gi\u00f3 sz\u00e1m\u00e1ra a 2028-2030-as id\u0151szakra<\/strong>, a szabinovi turizmusfejleszt\u00e9si lehet\u0151s\u00e9gekr\u0151l, de arr\u00f3l is, hogy az \u00e9ghajlatv\u00e1ltoz\u00e1s hogyan befoly\u00e1solhatja a r\u00e9gi\u00f3 j\u00f6v\u0151beli fejl\u0151d\u00e9si ir\u00e1ny\u00e1t.<\/p>\n\n\n<div class=\"wp-block-image\">\n<figure class=\"aligncenter size-large\"><img loading=\"lazy\" decoding=\"async\" width=\"1024\" height=\"683\" src=\"https:\/\/www.regionsaris.sk\/wp-content\/uploads\/2026\/05\/konferencia-cergov-oocrrs-1024x683.jpg\" alt=\"\" class=\"wp-image-4619\" srcset=\"https:\/\/www.regionsaris.sk\/wp-content\/uploads\/2026\/05\/konferencia-cergov-oocrrs-1024x683.jpg 1024w, https:\/\/www.regionsaris.sk\/wp-content\/uploads\/2026\/05\/konferencia-cergov-oocrrs-300x200.jpg 300w, https:\/\/www.regionsaris.sk\/wp-content\/uploads\/2026\/05\/konferencia-cergov-oocrrs-768x512.jpg 768w, https:\/\/www.regionsaris.sk\/wp-content\/uploads\/2026\/05\/konferencia-cergov-oocrrs-1536x1024.jpg 1536w, https:\/\/www.regionsaris.sk\/wp-content\/uploads\/2026\/05\/konferencia-cergov-oocrrs-2048x1365.jpg 2048w, https:\/\/www.regionsaris.sk\/wp-content\/uploads\/2026\/05\/konferencia-cergov-oocrrs-18x12.jpg 18w, https:\/\/www.regionsaris.sk\/wp-content\/uploads\/2026\/05\/konferencia-cergov-oocrrs-scaled.jpg 2560w\" sizes=\"auto, (max-width: 1024px) 100vw, 1024px\" \/><\/figure>\n<\/div>\n\n\n<p class=\"wp-block-paragraph\"><\/p>\n\n\n\n<h2 class=\"wp-block-heading\" id=\"h-dobra-prax-priamo-z-uzemia\">J\u00f3 gyakorlat k\u00f6zvetlen\u00fcl a ter\u00fcletr\u0151l<\/h2>\n\n\n\n<p class=\"wp-block-paragraph\">A konferencia d\u00e9lut\u00e1ni r\u00e9sz\u00e9ben a j\u00f3 gyakorlatok konkr\u00e9t p\u00e9ld\u00e1it mutatt\u00e1k be. A r\u00e9sztvev\u0151k megismerkedtek a polg\u00e1ri t\u00e1rsul\u00e1s tev\u00e9kenys\u00e9g\u00e9vel.&nbsp;<strong><a href=\"https:\/\/www.regionsaris.sk\/hu\/pre-rodiny\/archeopark-hradisko-lipany\/\">Lipany kast\u00e9ly<\/a><\/strong>, kezdem\u00e9nyez\u00e9sek&nbsp;<strong>Mikror\u00e9gi\u00f3 \u010cergov<\/strong>, a \u010cergov-hegys\u00e9gben tal\u00e1lhat\u00f3 telep\u00fcl\u00e9sek potenci\u00e1lja, a geoparkok felhaszn\u00e1l\u00e1s\u00e1nak lehet\u0151s\u00e9gei a turizmus fejleszt\u00e9s\u00e9ben \u00e9s a helyre\u00e1ll\u00edt\u00e1s v\u00edzi\u00f3ja.&nbsp;<strong><a href=\"https:\/\/www.regionsaris.sk\/hu\/historia\/hanigovsky-novy-hrad\/\">Hanigov kast\u00e9ly<\/a><\/strong>.<\/p>\n\n\n\n<p class=\"wp-block-paragraph\">Ezek a p\u00e9ld\u00e1k megmutatt\u00e1k, hogy a turizmusfejleszt\u00e9snek nem csak a nagy projekteken kell alapulnia. Fontos szerepet j\u00e1tszanak a helyi kezdem\u00e9nyez\u00e9sek, az akt\u00edv k\u00f6z\u00f6ss\u00e9gek, a ter\u00fclet t\u00f6rt\u00e9netei \u00e9s az a k\u00e9pess\u00e9g, hogy a megl\u00e9v\u0151 attrakci\u00f3kat a l\u00e1togat\u00f3k sz\u00e1m\u00e1ra \u00e9rthet\u0151 \u00e9s magas sz\u00ednvonal\u00fa k\u00edn\u00e1latt\u00e1 kapcsolj\u00e1k \u00f6ssze.<\/p>\n\n\n<div class=\"wp-block-image\">\n<figure class=\"aligncenter size-large\"><img loading=\"lazy\" decoding=\"async\" width=\"1024\" height=\"683\" src=\"https:\/\/www.regionsaris.sk\/wp-content\/uploads\/2026\/05\/konferencia-cergov-oocrrs-1-1024x683.jpg\" alt=\"\" class=\"wp-image-4620\" srcset=\"https:\/\/www.regionsaris.sk\/wp-content\/uploads\/2026\/05\/konferencia-cergov-oocrrs-1-1024x683.jpg 1024w, https:\/\/www.regionsaris.sk\/wp-content\/uploads\/2026\/05\/konferencia-cergov-oocrrs-1-300x200.jpg 300w, https:\/\/www.regionsaris.sk\/wp-content\/uploads\/2026\/05\/konferencia-cergov-oocrrs-1-768x512.jpg 768w, https:\/\/www.regionsaris.sk\/wp-content\/uploads\/2026\/05\/konferencia-cergov-oocrrs-1-1536x1024.jpg 1536w, https:\/\/www.regionsaris.sk\/wp-content\/uploads\/2026\/05\/konferencia-cergov-oocrrs-1-2048x1365.jpg 2048w, https:\/\/www.regionsaris.sk\/wp-content\/uploads\/2026\/05\/konferencia-cergov-oocrrs-1-18x12.jpg 18w, https:\/\/www.regionsaris.sk\/wp-content\/uploads\/2026\/05\/konferencia-cergov-oocrrs-1-scaled.jpg 2560w\" sizes=\"auto, (max-width: 1024px) 100vw, 1024px\" \/><\/figure>\n<\/div>\n\n\n<p class=\"wp-block-paragraph\"><\/p>\n\n\n\n<h2 class=\"wp-block-heading\" id=\"h-spolocny-zaklad-pre-dalsiu-spolupracu\">K\u00f6z\u00f6s alap a tov\u00e1bbi egy\u00fcttm\u0171k\u00f6d\u00e9shez<\/h2>\n\n\n\n<p class=\"wp-block-paragraph\">A Szabinovban tartott konferencia volt az els\u0151 l\u00e9p\u00e9s a cerkhovi alrendeltet\u00e9sben val\u00f3 tov\u00e1bbi egy\u00fcttm\u0171k\u00f6d\u00e9s k\u00f6z\u00f6s alapjainak megteremt\u00e9se fel\u00e9. V\u00e1rhat\u00f3 haszna a ter\u00fclet fejleszt\u00e9si lehet\u0151s\u00e9geinek felt\u00e1r\u00e1sa, a konkr\u00e9t tev\u00e9kenys\u00e9gek t\u00e1mogat\u00e1sa \u00e9s olyan megold\u00e1sok keres\u00e9se, amelyek hozz\u00e1j\u00e1rulnak a magasabb l\u00e1togat\u00f3sz\u00e1mhoz, a jobb szolg\u00e1ltat\u00e1sk\u00edn\u00e1lathoz \u00e9s a fenntarthat\u00f3 turizmusfejleszt\u00e9shez.<\/p>\n\n\n\n<p class=\"wp-block-paragraph\">Cergovnak megvan a lehet\u0151s\u00e9ge arra, hogy er\u0151sebb \u00e9s l\u00e1that\u00f3bb alc\u00e9lpontt\u00e1 v\u00e1ljon. Ennek kulcsa az egy\u00fcttm\u0171k\u00f6d\u00e9s, a k\u00f6z\u00f6s j\u00f6v\u0151k\u00e9p \u00e9s az a k\u00e9pess\u00e9g, hogy a r\u00e9gi\u00f3t \u00fagy fejlessz\u00fck, hogy az vonz\u00f3 legyen a l\u00e1togat\u00f3k sz\u00e1m\u00e1ra \u00e9s hasznos legyen a helyi lakoss\u00e1g sz\u00e1m\u00e1ra.<\/p>\n\n\n\n<p class=\"wp-block-paragraph\">A projekt a Szlov\u00e1k K\u00f6zt\u00e1rsas\u00e1g Turisztikai \u00e9s Sportminiszt\u00e9rium\u00e1nak p\u00e9nz\u00fcgyi t\u00e1mogat\u00e1s\u00e1val val\u00f3sul meg. <\/p>\n\n\n<div class=\"wp-block-image\">\n<figure class=\"aligncenter size-full is-resized\"><img loading=\"lazy\" decoding=\"async\" width=\"500\" height=\"150\" src=\"https:\/\/www.regionsaris.sk\/wp-content\/uploads\/2026\/05\/Dizajn-bez-nazvu-15.png\" alt=\"\" class=\"wp-image-4528\" style=\"width:500px;height:auto\" srcset=\"https:\/\/www.regionsaris.sk\/wp-content\/uploads\/2026\/05\/Dizajn-bez-nazvu-15.png 500w, https:\/\/www.regionsaris.sk\/wp-content\/uploads\/2026\/05\/Dizajn-bez-nazvu-15-300x90.png 300w, https:\/\/www.regionsaris.sk\/wp-content\/uploads\/2026\/05\/Dizajn-bez-nazvu-15-18x5.png 18w\" sizes=\"auto, (max-width: 500px) 100vw, 500px\" \/><\/figure>\n<\/div>\n\n\n<p class=\"wp-block-paragraph\">Forr\u00e1s: Region\u00e1lis Turisztikai Szervezet Regi\u00f3n \u0160ari\u0161<br>Fot\u00f3 forr\u00e1sa: Region\u00e1lis Turisztikai Szervezet Regi\u00f3n \u0160ari\u0161<\/p>\n\n\n\n<p class=\"wp-block-paragraph\"><\/p>","protected":false},"excerpt":{"rendered":"<p>\u010cergov azon ter\u00fcletek k\u00f6z\u00e9 tartozik, amelyek sok mindent k\u00edn\u00e1lnak - gy\u00f6ny\u00f6r\u0171 term\u00e9szetet, gazdag t\u00f6rt\u00e9nelmet, \u00e9l\u00e9nk helyi...<\/p>","protected":false},"author":3,"featured_media":4635,"comment_status":"closed","ping_status":"closed","sticky":false,"template":"","format":"standard","meta":{"_acf_changed":false,"footnotes":""},"categories":[207],"tags":[],"class_list":["post-4611","post","type-post","status-publish","format-standard","has-post-thumbnail","hentry","category-projekty"],"acf":[],"_links":{"self":[{"href":"https:\/\/www.regionsaris.sk\/hu\/wp-json\/wp\/v2\/posts\/4611","targetHints":{"allow":["GET"]}}],"collection":[{"href":"https:\/\/www.regionsaris.sk\/hu\/wp-json\/wp\/v2\/posts"}],"about":[{"href":"https:\/\/www.regionsaris.sk\/hu\/wp-json\/wp\/v2\/types\/post"}],"author":[{"embeddable":true,"href":"https:\/\/www.regionsaris.sk\/hu\/wp-json\/wp\/v2\/users\/3"}],"replies":[{"embeddable":true,"href":"https:\/\/www.regionsaris.sk\/hu\/wp-json\/wp\/v2\/comments?post=4611"}],"version-history":[{"count":5,"href":"https:\/\/www.regionsaris.sk\/hu\/wp-json\/wp\/v2\/posts\/4611\/revisions"}],"predecessor-version":[{"id":4913,"href":"https:\/\/www.regionsaris.sk\/hu\/wp-json\/wp\/v2\/posts\/4611\/revisions\/4913"}],"wp:featuredmedia":[{"embeddable":true,"href":"https:\/\/www.regionsaris.sk\/hu\/wp-json\/wp\/v2\/media\/4635"}],"wp:attachment":[{"href":"https:\/\/www.regionsaris.sk\/hu\/wp-json\/wp\/v2\/media?parent=4611"}],"wp:term":[{"taxonomy":"category","embeddable":true,"href":"https:\/\/www.regionsaris.sk\/hu\/wp-json\/wp\/v2\/categories?post=4611"},{"taxonomy":"post_tag","embeddable":true,"href":"https:\/\/www.regionsaris.sk\/hu\/wp-json\/wp\/v2\/tags?post=4611"}],"curies":[{"name":"wp","href":"https:\/\/api.w.org\/{rel}","templated":true}]}}