{"id":445,"date":"2024-08-20T13:33:34","date_gmt":"2024-08-20T12:33:34","guid":{"rendered":"https:\/\/www.regionsaris.sk\/fam-trip-slovenskych-touroperatorov-v-regione-saris-horny-zemplin\/"},"modified":"2025-12-15T10:09:19","modified_gmt":"2025-12-15T09:09:19","slug":"fam-trip-slovenskych-touroperatorov-v-regione-saris-horny-zemplin","status":"publish","type":"post","link":"https:\/\/www.regionsaris.sk\/hu\/fam-trip-slovenskych-touroperatorov-v-regione-saris-horny-zemplin\/","title":{"rendered":"Fam Trip szlov\u00e1kiai utaz\u00e1sszervez\u0151k utaz\u00e1sa a \u0160ari\u0161 &amp; Horn\u00fd Zempl\u00edn r\u00e9gi\u00f3ban"},"content":{"rendered":"<em><span style=\"font-weight: 400;\">A Region\u00e1lis Turisztikai Szervezet (a tov\u00e1bbiakban: OOCR) \u0160ari\u0161 r\u00e9gi\u00f3, egy\u00fcttm\u0171k\u00f6dve a k\u00f6vetkez\u0151kkel <strong>OOCR Horn\u00fd Zempl\u00edn\u00a0<\/strong> k\u00e9sz\u00edtett egy egyedi <strong>H\u00edres utaz\u00e1s szlov\u00e1kiai utaz\u00e1sszervez\u0151k \u00e9s influencerek sz\u00e1m\u00e1ra<\/strong>, amelynek c\u00e9lja a \u0160ari\u0161 \u00e9s a Fels\u0151-Zempl\u00edn r\u00e9gi\u00f3 TOP c\u00e9lpontjainak felfedez\u00e9se. A k\u00e9tnapos kalandprogram tele volt t\u00f6rt\u00e9nelemmel, kult\u00far\u00e1val \u00e9s egyed\u00fcl\u00e1ll\u00f3 l\u00e1tnival\u00f3kkal, amelyek megmutatt\u00e1k a r\u00e9sztvev\u0151knek Kelet-Szlov\u00e1kia gazdags\u00e1g\u00e1t \u00e9s sz\u00e9ps\u00e9g\u00e9t.<\/span><\/em>\n\n\u00a0\n<h3><strong>1. nap: \u0160ari\u0161 t\u00f6rt\u00e9nelm\u00e9nek \u00e9s kult\u00far\u00e1j\u00e1nak felfedez\u00e9se<\/strong><\/h3>\n\u00a0\n\n<span style=\"font-weight: 400;\">P\u00e9nteken egy\u00fctt indultunk Ve\u013ek\u00fd \u0160ari\u0161ba, ahol a t\u00f6rt\u00e9nelem nyomait k\u00f6vett\u00fck, hogy a <strong>\u0160ari\u0161 v\u00e1r<\/strong>, amely Szlov\u00e1kia egyik legnagyobb kast\u00e9lya. A r\u00e9sztvev\u0151knek lehet\u0151s\u00e9g\u00fck volt bepillant\u00e1st nyerni a t\u00f6rt\u00e9nelembe a ki\u00e1ll\u00edt\u00e1son kereszt\u00fcl, amelyet idegenvezet\u00e9s k\u00eds\u00e9rt. T\u00f6bbek k\u00f6z\u00f6tt az \u00edj\u00e1szatot is kipr\u00f3b\u00e1lhatt\u00e1k. \u00datk\u00f6zben nem maradhatott el egy l\u00e1togat\u00e1s a h\u00edres <strong>\u0160ari\u0161 s\u00f6rf\u0151zde<\/strong>, ahol az idegenvezet\u0151 bemutatta nek\u00fcnk a s\u00f6rgy\u00e1rt\u00e1s leny\u0171g\u00f6z\u0151 folyamat\u00e1t. Ezt k\u00f6vet\u0151en lehet\u0151s\u00e9g\u00fcnk volt megk\u00f3stolni a k\u00fcl\u00f6nb\u00f6z\u0151 s\u00f6r\u00f6ket \u00e9s \u00e9rt\u00e9kelni a min\u0151s\u00e9g\u00fcket.\u00a0<\/span>\n\n\u00a0\n\n\u00a0\n\n<a href=\"https:\/\/www.regionsaris.sk\/wp-content\/uploads\/2024\/08\/PXL_20240816_105338529.MP_-scaled.jpg\"><img loading=\"lazy\" decoding=\"async\" class=\"size-medium wp-image-20131 alignnone\" src=\"https:\/\/www.regionsaris.sk\/wp-content\/uploads\/2025\/12\/PXL_20240816_105338529.MP_-scaled.jpg\" alt=\"\" width=\"300\" height=\"169\" \/><\/a> <a href=\"https:\/\/www.regionsaris.sk\/wp-content\/uploads\/2024\/08\/PXL_20240816_100109145-scaled.jpg\"><img loading=\"lazy\" decoding=\"async\" class=\"size-medium wp-image-20129 alignnone\" src=\"https:\/\/www.regionsaris.sk\/wp-content\/uploads\/2025\/12\/PXL_20240816_100109145-scaled.jpg\" alt=\"\" width=\"300\" height=\"169\" \/><\/a>\n\n\u00a0\n\n<span style=\"font-weight: 400;\">Egy kiad\u00f3s eb\u00e9d ut\u00e1n a <\/span><strong>Taverna a kast\u00e9ly alatt<\/strong><span style=\"font-weight: 400;\"> utunk a <strong>STM - Solivar M\u00fazeum<\/strong>, ahol a r\u00e9sztvev\u0151k<\/span><span style=\"font-weight: 400;\"> t\u00f6bbet megtudhat a s\u00f3b\u00e1ny\u00e1szat \u00e9s a s\u00f3feldolgoz\u00e1s t\u00f6rt\u00e9net\u00e9r\u0151l. Miut\u00e1n Pre\u0161ov k\u00f6zpontj\u00e1ba, a F\u0151 utc\u00e1ra k\u00f6lt\u00f6ztek, idegenvezet\u00e9ssel egybek\u00f6t\u00f6tt v\u00e1rosn\u00e9z\u00e9sen vehettek r\u00e9szt. <em>Andrey Sivanic<\/em>, bele\u00e9rtve egy l\u00e1togat\u00e1st <strong>Szent Mikl\u00f3s sz\u00e9kesegyh\u00e1z<\/strong> a <strong>Keresztel\u0151 Szent J\u00e1nos sz\u00e9kesegyh\u00e1z Pre\u0161ovban<\/strong>. Az inform\u00e1ci\u00f3s t\u00fara els\u0151 napja egy vezetett t\u00far\u00e1val z\u00e1rult a <strong>Borm\u00fazeum<\/strong>, egy r\u00f6vid bork\u00f3stol\u00f3, majd egy finom 4 fog\u00e1sos vacsora az \u00e9tteremben. <strong>Via Magna<\/strong>.<\/span>\n\n\u00a0\n\n<a href=\"https:\/\/www.regionsaris.sk\/wp-content\/uploads\/2025\/12\/PXL_20240816_134315773.MP_.jpg\"><img loading=\"lazy\" decoding=\"async\" class=\"size-medium wp-image-20135 alignleft\" src=\"https:\/\/www.regionsaris.sk\/wp-content\/uploads\/2025\/12\/PXL_20240816_134315773.MP_-300x246.jpg\" alt=\"\" width=\"300\" height=\"246\" \/><\/a> <a href=\"https:\/\/www.regionsaris.sk\/wp-content\/uploads\/2024\/08\/PXL_20240816_171956741-scaled.jpg\"><img loading=\"lazy\" decoding=\"async\" class=\"size-medium wp-image-20137 alignleft\" src=\"https:\/\/www.regionsaris.sk\/wp-content\/uploads\/2025\/12\/PXL_20240816_171956741-scaled.jpg\" alt=\"\" width=\"300\" height=\"169\" \/><\/a>\n\n\u00a0\n\n\u00a0\n\n\u00a0\n\n\u00a0\n\n\u00a0\n\n\u00a0\n\n\u00a0\n\n\u00a0\n\n\u00a0\n\n\u00a0\n<h3><strong>2. nap: Fels\u0151-Zempl\u00e9n kincsei \u00e9s az UNESCO<\/strong><\/h3>\n\u00a0\n\n<span style=\"font-weight: 400;\">Szombat reggel elment\u00fcnk az egyed\u00fcl\u00e1ll\u00f3<strong> Szlov\u00e1k op\u00e1lb\u00e1ny\u00e1k<\/strong> Dubn\u00edkban, ahol a r\u00e9sztvev\u0151k term\u00e9szetes k\u00f6rnyezet\u00e9ben l\u00e1thatt\u00e1k a ritka op\u00e1lt. Ezut\u00e1n megl\u00e1togattuk <strong>UNESCO fatemplomok<\/strong> Hervartovban, Bodru\u017ealban \u00e9s Ladom\u00edrov\u00e1ban, mik\u00f6zben meg\u00e1lltunk a <strong>Death Valley,<\/strong> ahol el\u0151ad\u00e1st hallgattunk meg a KDO-r\u00f3l (K\u00e1rp\u00e1t-Dukla Hadm\u0171velet).<\/span>\n\n\u00a0\n\n\u00a0\n\n<a href=\"https:\/\/www.regionsaris.sk\/wp-content\/uploads\/2024\/08\/IMG_20240817_143942-scaled.jpg\"><img loading=\"lazy\" decoding=\"async\" class=\"size-medium wp-image-20144 alignnone\" src=\"https:\/\/www.regionsaris.sk\/wp-content\/uploads\/2025\/12\/IMG_20240817_143942-scaled.jpg\" alt=\"\" width=\"300\" height=\"225\" \/><\/a> <a href=\"https:\/\/www.regionsaris.sk\/wp-content\/uploads\/2024\/08\/IMG_20240817_181430-scaled.jpg\"><img loading=\"lazy\" decoding=\"async\" class=\"size-medium wp-image-20146 alignnone\" src=\"https:\/\/www.regionsaris.sk\/wp-content\/uploads\/2025\/12\/IMG_20240817_181430-scaled.jpg\" alt=\"\" width=\"300\" height=\"225\" \/><\/a>\n\n\u00a0\n\n<span style=\"font-weight: 400;\">D\u00e9lut\u00e1n Horn\u00fd Zempl\u00edn faluba ment\u00fcnk. <strong>Ny\u00e1rfa<\/strong>, ahol a hagyom\u00e1nyos mesters\u00e9gek bemutat\u00f3ja v\u00e1rt minket. A r\u00e9sztvev\u0151k kipr\u00f3b\u00e1lhatt\u00e1k a keny\u00e9rs\u00fct\u00e9st agyagkemenc\u00e9ben, a n\u00e1dtet\u0151k k\u00e9sz\u00edt\u00e9s\u00e9t, a hagyom\u00e1nyos ker\u00e1mi\u00e1k k\u00e9sz\u00edt\u00e9s\u00e9t \u00e9s megk\u00f3stolhattak <em>tat\u00e1r pierogi<\/em>. Este megl\u00e1togattuk<strong> Esthajnalcsillag nagyapa h\u00e1za<\/strong> v <strong>\u00daj Sedlec<\/strong> a <strong>A zboji iskola m\u00fazeuma,<\/strong> ahol felid\u00e9zt\u00fck a helyi oktat\u00e1s t\u00f6rt\u00e9net\u00e9t. A napot az \u00e9jszakai \u00e9gbolt megfigyel\u00e9s\u00e9vel fejezt\u00fck be a helyi <strong>Kolonick\u00fd sedlo-i csillagvizsg\u00e1l\u00f3.\u00a0<\/strong><\/span>\n\n\u00a0\n\n\u00a0\n\n<a href=\"https:\/\/www.regionsaris.sk\/wp-content\/uploads\/2024\/08\/IMG_20240817_193637-scaled.jpg\"><img loading=\"lazy\" decoding=\"async\" class=\"size-medium wp-image-20150 alignnone\" src=\"https:\/\/www.regionsaris.sk\/wp-content\/uploads\/2025\/12\/IMG_20240817_193637-scaled.jpg\" alt=\"\" width=\"300\" height=\"225\" \/><\/a> <a href=\"https:\/\/www.regionsaris.sk\/wp-content\/uploads\/2024\/08\/IMG_20240817_201333-scaled.jpg\"><img loading=\"lazy\" decoding=\"async\" class=\"size-medium wp-image-20152 alignnone\" src=\"https:\/\/www.regionsaris.sk\/wp-content\/uploads\/2025\/12\/IMG_20240817_201333-scaled.jpg\" alt=\"\" width=\"300\" height=\"225\" \/><\/a>\n\n\u00a0\n\n\u00a0\n<h3><strong>3. nap: Hazat\u00e9r\u00e9s<\/strong><\/h3>\n<strong>Vas\u00e1rnap<\/strong> Reggeli ut\u00e1n busztranszfert szerveztek vissza Pre\u0161ovba, ahol a r\u00e9sztvev\u0151k elb\u00facs\u00faztak \u00e9s hazaindultak.\n\n<strong>Ez a Fam utaz\u00e1s felejthetetlen \u00e9lm\u00e9nyekkel telt, amelyek lehet\u0151v\u00e9 tett\u00e9k a szlov\u00e1kiai utaz\u00e1sszervez\u0151k sz\u00e1m\u00e1ra, hogy felfedezz\u00e9k Kelet-Szlov\u00e1kia sz\u00e9ps\u00e9g\u00e9t \u00e9s t\u00f6rt\u00e9nelm\u00e9t. V\u00e1rjuk a tov\u00e1bbi ilyen utakat, amelyek ism\u00e9t \u00faj felfedez\u00e9seket \u00e9s \u00e9lm\u00e9nyeket hoznak.<\/strong>\n\n\u00a0\n\nK\u00f6sz\u00f6n\u00f6m mindenkinek, aki r\u00e9szt vett ebben: <span class=\"html-span xdj266r x11i5rnm xat24cr x1mh8g0r xexx8yu x4uap5 x18d9i69 xkhd6sd x1hl2dhg x16tdsg8 x1vvkbs\"><a class=\"x1i10hfl xjbqb8w x1ejq31n xd10rxx x1sy0etr x17r0tee x972fbf xcfux6l x1qhh985 xm0m39n x9f619 x1ypdohk xt0psk2 xe8uvvx xdj266r x11i5rnm xat24cr x1mh8g0r xexx8yu x4uap5 x18d9i69 xkhd6sd x16tdsg8 x1hl2dhg xggy1nq x1a2a7pz x1sur9pj xkrqix3 x1fey0fg xo1l8bm\" tabindex=\"0\" role=\"link\" href=\"https:\/\/www.facebook.com\/sackaeu?__cft__[0]=AZUhiRudQyZOmUw0ZzOagCHs0w7kSGHZXVHHmmYI4X8chzzq3qbq0VtlHB8Y0CBMp82fsYUxVRcFl_iz2WudjBw5D3Wtz0b_DBCqwcFWy8Mbng2P7x8NgFLEFyzRtgXDVazfpZLy--AZ_SXEtpMyiLeXjWE5e-C4OZ97xbKzOiehTwyYQ6BVmgIU3qAZhNwSZBNyAfpsDTimsPl6FFN1w2q4&__tn__=-]K-R\"><span class=\"xt0psk2\">SACKA,\u00a0 <\/span><\/a><\/span><span class=\"html-span xdj266r x11i5rnm xat24cr x1mh8g0r xexx8yu x4uap5 x18d9i69 xkhd6sd x1hl2dhg x16tdsg8 x1vvkbs\"><a class=\"x1i10hfl xjbqb8w x1ejq31n xd10rxx x1sy0etr x17r0tee x972fbf xcfux6l x1qhh985 xm0m39n x9f619 x1ypdohk xt0psk2 xe8uvvx xdj266r x11i5rnm xat24cr x1mh8g0r xexx8yu x4uap5 x18d9i69 xkhd6sd x16tdsg8 x1hl2dhg xggy1nq x1a2a7pz x1sur9pj xkrqix3 x1fey0fg xo1l8bm\" tabindex=\"0\" role=\"link\" href=\"https:\/\/www.facebook.com\/eastslovakiatravel?__cft__[0]=AZUhiRudQyZOmUw0ZzOagCHs0w7kSGHZXVHHmmYI4X8chzzq3qbq0VtlHB8Y0CBMp82fsYUxVRcFl_iz2WudjBw5D3Wtz0b_DBCqwcFWy8Mbng2P7x8NgFLEFyzRtgXDVazfpZLy--AZ_SXEtpMyiLeXjWE5e-C4OZ97xbKzOiehTwyYQ6BVmgIU3qAZhNwSZBNyAfpsDTimsPl6FFN1w2q4&__tn__=-]K-R\"><span class=\"xt0psk2\">Kelet-Szlov\u00e1kia utaz\u00e1s,\u00a0<\/span><\/a><\/span>Marcela Laukova,<a href=\"https:\/\/hornyzemplin.sk\/\"> OOCR Horn\u00fd Zempl\u00edn<\/a>\n\n\u00a0\n\n\u00a0\n\n<em><strong>A Szlov\u00e1k K\u00f6zt\u00e1rsas\u00e1g Turisztikai \u00e9s Sportminiszt\u00e9rium\u00e1nak p\u00e9nz\u00fcgyi t\u00e1mogat\u00e1s\u00e1val val\u00f3sult meg.\u00a0<\/strong><\/em>\n\n\u00a0\n<div class=\"x11i5rnm xat24cr x1mh8g0r x1vvkbs xtlvy1s x126k92a\">\n<div dir=\"auto\"><a href=\"https:\/\/www.regionsaris.sk\/wp-content\/uploads\/2025\/12\/logo_Min-CestovnehoRuchu-a-Sportu_SR_SK_farba_rgb.png\"><img loading=\"lazy\" decoding=\"async\" class=\"size-medium wp-image-20154 alignnone\" src=\"https:\/\/www.regionsaris.sk\/wp-content\/uploads\/2025\/12\/logo_Min-CestovnehoRuchu-a-Sportu_SR_SK_farba_rgb-300x95.png\" alt=\"\" width=\"300\" height=\"95\" \/><\/a> <a href=\"https:\/\/www.regionsaris.sk\/wp-content\/uploads\/2025\/12\/SARIS_region_logo_rgb_01_@4-1.png\"><img loading=\"lazy\" decoding=\"async\" class=\"size-medium wp-image-20156 alignnone\" src=\"https:\/\/www.regionsaris.sk\/wp-content\/uploads\/2025\/12\/SARIS_region_logo_rgb_01_@4-1-300x172.png\" alt=\"\" width=\"300\" height=\"172\" \/> <\/a><a href=\"https:\/\/www.regionsaris.sk\/wp-content\/uploads\/2025\/12\/logo_hornyzemplin_2021-02-7-1.jpg\"><img loading=\"lazy\" decoding=\"async\" class=\"size-medium wp-image-20167 alignnone\" src=\"https:\/\/www.regionsaris.sk\/wp-content\/uploads\/2025\/12\/logo_hornyzemplin_2021-02-7-1-300x127.jpg\" alt=\"\" width=\"300\" height=\"127\" \/><\/a><\/div>\n<\/div>\n<div dir=\"auto\"><\/div>\n<div dir=\"auto\"><\/div>\n<div dir=\"auto\"><\/div>","protected":false},"excerpt":{"rendered":"<p>Oblastn\u00e1 organiz\u00e1cia cestovn\u00e9ho ruchu (\u010falej ako \"OOCR\") Regi\u00f3n \u0160ari\u0161 v spolupr\u00e1ci s OOCR Horn\u00fd Zempl\u00edn\u00a0...<\/p>","protected":false},"author":1,"featured_media":458,"comment_status":"open","ping_status":"open","sticky":false,"template":"","format":"standard","meta":{"_acf_changed":false,"footnotes":""},"categories":[1],"tags":[],"class_list":["post-445","post","type-post","status-publish","format-standard","has-post-thumbnail","hentry","category-novinky"],"acf":[],"yoast_head":"<!-- This site is optimized with the Yoast SEO Premium plugin v26.3 (Yoast SEO v26.8) - https:\/\/yoast.com\/product\/yoast-seo-premium-wordpress\/ -->\n<title>Fam Trip slovensk\u00fdch touroper\u00e1torov v regi\u00f3ne \u0160ari\u0161 &amp; Horn\u00fd Zempl\u00edn - OOCR \u0160ari\u0161<\/title>\n<meta name=\"robots\" content=\"index, follow, max-snippet:-1, max-image-preview:large, max-video-preview:-1\" \/>\n<link rel=\"canonical\" href=\"https:\/\/www.regionsaris.sk\/hu\/fam-trip-slovenskych-touroperatorov-v-regione-saris-horny-zemplin\/\" \/>\n<meta property=\"og:locale\" content=\"hu_HU\" \/>\n<meta property=\"og:type\" content=\"article\" \/>\n<meta property=\"og:title\" content=\"Fam Trip slovensk\u00fdch touroper\u00e1torov v regi\u00f3ne \u0160ari\u0161 &amp; Horn\u00fd Zempl\u00edn\" \/>\n<meta property=\"og:description\" content=\"Oblastn\u00e1 organiz\u00e1cia cestovn\u00e9ho ruchu (\u010falej ako &quot;OOCR&quot;) Regi\u00f3n \u0160ari\u0161 v spolupr\u00e1ci s OOCR Horn\u00fd Zempl\u00edn\u00a0...\" \/>\n<meta property=\"og:url\" content=\"https:\/\/www.regionsaris.sk\/hu\/fam-trip-slovenskych-touroperatorov-v-regione-saris-horny-zemplin\/\" \/>\n<meta property=\"og:site_name\" content=\"OOCR \u0160ari\u0161\" \/>\n<meta property=\"article:published_time\" content=\"2024-08-20T12:33:34+00:00\" \/>\n<meta property=\"article:modified_time\" content=\"2025-12-15T09:09:19+00:00\" \/>\n<meta property=\"og:image\" content=\"https:\/\/www.regionsaris.sk\/wp-content\/uploads\/2025\/12\/IMG_20240817_115246-scaled-1.jpg\" \/>\n\t<meta property=\"og:image:width\" content=\"2560\" \/>\n\t<meta property=\"og:image:height\" content=\"1920\" \/>\n\t<meta property=\"og:image:type\" content=\"image\/jpeg\" \/>\n<meta name=\"author\" content=\"dev@bigway.sk\" \/>\n<meta name=\"twitter:card\" content=\"summary_large_image\" \/>\n<meta name=\"twitter:label1\" content=\"Szerz\u0151:\" \/>\n\t<meta name=\"twitter:data1\" content=\"dev@bigway.sk\" \/>\n\t<meta name=\"twitter:label2\" content=\"Becs\u00fclt olvas\u00e1si id\u0151\" \/>\n\t<meta name=\"twitter:data2\" content=\"3 perc\" \/>\n<script type=\"application\/ld+json\" class=\"yoast-schema-graph\">{\"@context\":\"https:\/\/schema.org\",\"@graph\":[{\"@type\":\"Article\",\"@id\":\"https:\/\/www.regionsaris.sk\/fam-trip-slovenskych-touroperatorov-v-regione-saris-horny-zemplin\/#article\",\"isPartOf\":{\"@id\":\"https:\/\/www.regionsaris.sk\/fam-trip-slovenskych-touroperatorov-v-regione-saris-horny-zemplin\/\"},\"author\":{\"name\":\"dev@bigway.sk\",\"@id\":\"https:\/\/www.regionsaris.sk\/#\/schema\/person\/30fad06d87cd12ad1d94ff5fbd6919d1\"},\"headline\":\"Fam Trip slovensk\u00fdch touroper\u00e1torov v regi\u00f3ne \u0160ari\u0161 &#038; Horn\u00fd Zempl\u00edn\",\"datePublished\":\"2024-08-20T12:33:34+00:00\",\"dateModified\":\"2025-12-15T09:09:19+00:00\",\"mainEntityOfPage\":{\"@id\":\"https:\/\/www.regionsaris.sk\/fam-trip-slovenskych-touroperatorov-v-regione-saris-horny-zemplin\/\"},\"wordCount\":591,\"commentCount\":0,\"image\":{\"@id\":\"https:\/\/www.regionsaris.sk\/fam-trip-slovenskych-touroperatorov-v-regione-saris-horny-zemplin\/#primaryimage\"},\"thumbnailUrl\":\"https:\/\/www.regionsaris.sk\/wp-content\/uploads\/2025\/12\/IMG_20240817_115246-scaled-1.jpg\",\"articleSection\":[\"Novinky\"],\"inLanguage\":\"hu\",\"potentialAction\":[{\"@type\":\"CommentAction\",\"name\":\"Comment\",\"target\":[\"https:\/\/www.regionsaris.sk\/fam-trip-slovenskych-touroperatorov-v-regione-saris-horny-zemplin\/#respond\"]}]},{\"@type\":\"WebPage\",\"@id\":\"https:\/\/www.regionsaris.sk\/fam-trip-slovenskych-touroperatorov-v-regione-saris-horny-zemplin\/\",\"url\":\"https:\/\/www.regionsaris.sk\/fam-trip-slovenskych-touroperatorov-v-regione-saris-horny-zemplin\/\",\"name\":\"Fam Trip slovensk\u00fdch touroper\u00e1torov v regi\u00f3ne \u0160ari\u0161 & Horn\u00fd Zempl\u00edn - OOCR \u0160ari\u0161\",\"isPartOf\":{\"@id\":\"https:\/\/www.regionsaris.sk\/#website\"},\"primaryImageOfPage\":{\"@id\":\"https:\/\/www.regionsaris.sk\/fam-trip-slovenskych-touroperatorov-v-regione-saris-horny-zemplin\/#primaryimage\"},\"image\":{\"@id\":\"https:\/\/www.regionsaris.sk\/fam-trip-slovenskych-touroperatorov-v-regione-saris-horny-zemplin\/#primaryimage\"},\"thumbnailUrl\":\"https:\/\/www.regionsaris.sk\/wp-content\/uploads\/2025\/12\/IMG_20240817_115246-scaled-1.jpg\",\"datePublished\":\"2024-08-20T12:33:34+00:00\",\"dateModified\":\"2025-12-15T09:09:19+00:00\",\"author\":{\"@id\":\"https:\/\/www.regionsaris.sk\/#\/schema\/person\/30fad06d87cd12ad1d94ff5fbd6919d1\"},\"breadcrumb\":{\"@id\":\"https:\/\/www.regionsaris.sk\/fam-trip-slovenskych-touroperatorov-v-regione-saris-horny-zemplin\/#breadcrumb\"},\"inLanguage\":\"hu\",\"potentialAction\":[{\"@type\":\"ReadAction\",\"target\":[\"https:\/\/www.regionsaris.sk\/fam-trip-slovenskych-touroperatorov-v-regione-saris-horny-zemplin\/\"]}]},{\"@type\":\"ImageObject\",\"inLanguage\":\"hu\",\"@id\":\"https:\/\/www.regionsaris.sk\/fam-trip-slovenskych-touroperatorov-v-regione-saris-horny-zemplin\/#primaryimage\",\"url\":\"https:\/\/www.regionsaris.sk\/wp-content\/uploads\/2025\/12\/IMG_20240817_115246-scaled-1.jpg\",\"contentUrl\":\"https:\/\/www.regionsaris.sk\/wp-content\/uploads\/2025\/12\/IMG_20240817_115246-scaled-1.jpg\",\"width\":2560,\"height\":1920},{\"@type\":\"BreadcrumbList\",\"@id\":\"https:\/\/www.regionsaris.sk\/fam-trip-slovenskych-touroperatorov-v-regione-saris-horny-zemplin\/#breadcrumb\",\"itemListElement\":[{\"@type\":\"ListItem\",\"position\":1,\"name\":\"Domov\",\"item\":\"https:\/\/www.regionsaris.sk\/\"},{\"@type\":\"ListItem\",\"position\":2,\"name\":\"Fam Trip slovensk\u00fdch touroper\u00e1torov v regi\u00f3ne \u0160ari\u0161 &#038; Horn\u00fd Zempl\u00edn\"}]},{\"@type\":\"WebSite\",\"@id\":\"https:\/\/www.regionsaris.sk\/#website\",\"url\":\"https:\/\/www.regionsaris.sk\/\",\"name\":\"OOCR \u0160ari\u0161\",\"description\":\"\",\"potentialAction\":[{\"@type\":\"SearchAction\",\"target\":{\"@type\":\"EntryPoint\",\"urlTemplate\":\"https:\/\/www.regionsaris.sk\/?s={search_term_string}\"},\"query-input\":{\"@type\":\"PropertyValueSpecification\",\"valueRequired\":true,\"valueName\":\"search_term_string\"}}],\"inLanguage\":\"hu\"},{\"@type\":\"Person\",\"@id\":\"https:\/\/www.regionsaris.sk\/#\/schema\/person\/30fad06d87cd12ad1d94ff5fbd6919d1\",\"name\":\"dev@bigway.sk\",\"image\":{\"@type\":\"ImageObject\",\"inLanguage\":\"hu\",\"@id\":\"https:\/\/www.regionsaris.sk\/#\/schema\/person\/image\/\",\"url\":\"https:\/\/secure.gravatar.com\/avatar\/013b34bc1192067340cff024d72adf40af543d15809da0502beda083cb4f28a2?s=96&d=mm&r=g\",\"contentUrl\":\"https:\/\/secure.gravatar.com\/avatar\/013b34bc1192067340cff024d72adf40af543d15809da0502beda083cb4f28a2?s=96&d=mm&r=g\",\"caption\":\"dev@bigway.sk\"},\"sameAs\":[\"https:\/\/www.regionsaris.sk\"],\"url\":\"https:\/\/www.regionsaris.sk\/hu\/author\/devbigway-sk\/\"}]}<\/script>\n<!-- \/ Yoast SEO Premium plugin. -->","yoast_head_json":{"title":"Fam Trip slovensk\u00fdch touroper\u00e1torov v regi\u00f3ne \u0160ari\u0161 & Horn\u00fd Zempl\u00edn - OOCR \u0160ari\u0161","robots":{"index":"index","follow":"follow","max-snippet":"max-snippet:-1","max-image-preview":"max-image-preview:large","max-video-preview":"max-video-preview:-1"},"canonical":"https:\/\/www.regionsaris.sk\/hu\/fam-trip-slovenskych-touroperatorov-v-regione-saris-horny-zemplin\/","og_locale":"hu_HU","og_type":"article","og_title":"Fam Trip slovensk\u00fdch touroper\u00e1torov v regi\u00f3ne \u0160ari\u0161 & Horn\u00fd Zempl\u00edn","og_description":"Oblastn\u00e1 organiz\u00e1cia cestovn\u00e9ho ruchu (\u010falej ako \"OOCR\") Regi\u00f3n \u0160ari\u0161 v spolupr\u00e1ci s OOCR Horn\u00fd Zempl\u00edn\u00a0...","og_url":"https:\/\/www.regionsaris.sk\/hu\/fam-trip-slovenskych-touroperatorov-v-regione-saris-horny-zemplin\/","og_site_name":"OOCR \u0160ari\u0161","article_published_time":"2024-08-20T12:33:34+00:00","article_modified_time":"2025-12-15T09:09:19+00:00","og_image":[{"width":2560,"height":1920,"url":"https:\/\/www.regionsaris.sk\/wp-content\/uploads\/2025\/12\/IMG_20240817_115246-scaled-1.jpg","type":"image\/jpeg"}],"author":"dev@bigway.sk","twitter_card":"summary_large_image","twitter_misc":{"Szerz\u0151:":"dev@bigway.sk","Becs\u00fclt olvas\u00e1si id\u0151":"3 perc"},"schema":{"@context":"https:\/\/schema.org","@graph":[{"@type":"Article","@id":"https:\/\/www.regionsaris.sk\/fam-trip-slovenskych-touroperatorov-v-regione-saris-horny-zemplin\/#article","isPartOf":{"@id":"https:\/\/www.regionsaris.sk\/fam-trip-slovenskych-touroperatorov-v-regione-saris-horny-zemplin\/"},"author":{"name":"dev@bigway.sk","@id":"https:\/\/www.regionsaris.sk\/#\/schema\/person\/30fad06d87cd12ad1d94ff5fbd6919d1"},"headline":"Fam Trip slovensk\u00fdch touroper\u00e1torov v regi\u00f3ne \u0160ari\u0161 &#038; Horn\u00fd Zempl\u00edn","datePublished":"2024-08-20T12:33:34+00:00","dateModified":"2025-12-15T09:09:19+00:00","mainEntityOfPage":{"@id":"https:\/\/www.regionsaris.sk\/fam-trip-slovenskych-touroperatorov-v-regione-saris-horny-zemplin\/"},"wordCount":591,"commentCount":0,"image":{"@id":"https:\/\/www.regionsaris.sk\/fam-trip-slovenskych-touroperatorov-v-regione-saris-horny-zemplin\/#primaryimage"},"thumbnailUrl":"https:\/\/www.regionsaris.sk\/wp-content\/uploads\/2025\/12\/IMG_20240817_115246-scaled-1.jpg","articleSection":["Novinky"],"inLanguage":"hu","potentialAction":[{"@type":"CommentAction","name":"Comment","target":["https:\/\/www.regionsaris.sk\/fam-trip-slovenskych-touroperatorov-v-regione-saris-horny-zemplin\/#respond"]}]},{"@type":"WebPage","@id":"https:\/\/www.regionsaris.sk\/fam-trip-slovenskych-touroperatorov-v-regione-saris-horny-zemplin\/","url":"https:\/\/www.regionsaris.sk\/fam-trip-slovenskych-touroperatorov-v-regione-saris-horny-zemplin\/","name":"Fam Trip slovensk\u00fdch touroper\u00e1torov v regi\u00f3ne \u0160ari\u0161 & Horn\u00fd Zempl\u00edn - OOCR \u0160ari\u0161","isPartOf":{"@id":"https:\/\/www.regionsaris.sk\/#website"},"primaryImageOfPage":{"@id":"https:\/\/www.regionsaris.sk\/fam-trip-slovenskych-touroperatorov-v-regione-saris-horny-zemplin\/#primaryimage"},"image":{"@id":"https:\/\/www.regionsaris.sk\/fam-trip-slovenskych-touroperatorov-v-regione-saris-horny-zemplin\/#primaryimage"},"thumbnailUrl":"https:\/\/www.regionsaris.sk\/wp-content\/uploads\/2025\/12\/IMG_20240817_115246-scaled-1.jpg","datePublished":"2024-08-20T12:33:34+00:00","dateModified":"2025-12-15T09:09:19+00:00","author":{"@id":"https:\/\/www.regionsaris.sk\/#\/schema\/person\/30fad06d87cd12ad1d94ff5fbd6919d1"},"breadcrumb":{"@id":"https:\/\/www.regionsaris.sk\/fam-trip-slovenskych-touroperatorov-v-regione-saris-horny-zemplin\/#breadcrumb"},"inLanguage":"hu","potentialAction":[{"@type":"ReadAction","target":["https:\/\/www.regionsaris.sk\/fam-trip-slovenskych-touroperatorov-v-regione-saris-horny-zemplin\/"]}]},{"@type":"ImageObject","inLanguage":"hu","@id":"https:\/\/www.regionsaris.sk\/fam-trip-slovenskych-touroperatorov-v-regione-saris-horny-zemplin\/#primaryimage","url":"https:\/\/www.regionsaris.sk\/wp-content\/uploads\/2025\/12\/IMG_20240817_115246-scaled-1.jpg","contentUrl":"https:\/\/www.regionsaris.sk\/wp-content\/uploads\/2025\/12\/IMG_20240817_115246-scaled-1.jpg","width":2560,"height":1920},{"@type":"BreadcrumbList","@id":"https:\/\/www.regionsaris.sk\/fam-trip-slovenskych-touroperatorov-v-regione-saris-horny-zemplin\/#breadcrumb","itemListElement":[{"@type":"ListItem","position":1,"name":"Domov","item":"https:\/\/www.regionsaris.sk\/"},{"@type":"ListItem","position":2,"name":"Fam Trip slovensk\u00fdch touroper\u00e1torov v regi\u00f3ne \u0160ari\u0161 &#038; Horn\u00fd Zempl\u00edn"}]},{"@type":"WebSite","@id":"https:\/\/www.regionsaris.sk\/#website","url":"https:\/\/www.regionsaris.sk\/","name":"OOCR \u0160ari\u0161","description":"","potentialAction":[{"@type":"SearchAction","target":{"@type":"EntryPoint","urlTemplate":"https:\/\/www.regionsaris.sk\/?s={search_term_string}"},"query-input":{"@type":"PropertyValueSpecification","valueRequired":true,"valueName":"search_term_string"}}],"inLanguage":"hu"},{"@type":"Person","@id":"https:\/\/www.regionsaris.sk\/#\/schema\/person\/30fad06d87cd12ad1d94ff5fbd6919d1","name":"dev@bigway.sk","image":{"@type":"ImageObject","inLanguage":"hu","@id":"https:\/\/www.regionsaris.sk\/#\/schema\/person\/image\/","url":"https:\/\/secure.gravatar.com\/avatar\/013b34bc1192067340cff024d72adf40af543d15809da0502beda083cb4f28a2?s=96&d=mm&r=g","contentUrl":"https:\/\/secure.gravatar.com\/avatar\/013b34bc1192067340cff024d72adf40af543d15809da0502beda083cb4f28a2?s=96&d=mm&r=g","caption":"dev@bigway.sk"},"sameAs":["https:\/\/www.regionsaris.sk"],"url":"https:\/\/www.regionsaris.sk\/hu\/author\/devbigway-sk\/"}]}},"_links":{"self":[{"href":"https:\/\/www.regionsaris.sk\/hu\/wp-json\/wp\/v2\/posts\/445","targetHints":{"allow":["GET"]}}],"collection":[{"href":"https:\/\/www.regionsaris.sk\/hu\/wp-json\/wp\/v2\/posts"}],"about":[{"href":"https:\/\/www.regionsaris.sk\/hu\/wp-json\/wp\/v2\/types\/post"}],"author":[{"embeddable":true,"href":"https:\/\/www.regionsaris.sk\/hu\/wp-json\/wp\/v2\/users\/1"}],"replies":[{"embeddable":true,"href":"https:\/\/www.regionsaris.sk\/hu\/wp-json\/wp\/v2\/comments?post=445"}],"version-history":[{"count":1,"href":"https:\/\/www.regionsaris.sk\/hu\/wp-json\/wp\/v2\/posts\/445\/revisions"}],"predecessor-version":[{"id":457,"href":"https:\/\/www.regionsaris.sk\/hu\/wp-json\/wp\/v2\/posts\/445\/revisions\/457"}],"wp:featuredmedia":[{"embeddable":true,"href":"https:\/\/www.regionsaris.sk\/hu\/wp-json\/wp\/v2\/media\/458"}],"wp:attachment":[{"href":"https:\/\/www.regionsaris.sk\/hu\/wp-json\/wp\/v2\/media?parent=445"}],"wp:term":[{"taxonomy":"category","embeddable":true,"href":"https:\/\/www.regionsaris.sk\/hu\/wp-json\/wp\/v2\/categories?post=445"},{"taxonomy":"post_tag","embeddable":true,"href":"https:\/\/www.regionsaris.sk\/hu\/wp-json\/wp\/v2\/tags?post=445"}],"curies":[{"name":"wp","href":"https:\/\/api.w.org\/{rel}","templated":true}]}}