{"id":429,"date":"2024-02-19T11:54:32","date_gmt":"2024-02-19T10:54:32","guid":{"rendered":"https:\/\/www.regionsaris.sk\/jarne-prazdniny-s-regionom-saris\/"},"modified":"2025-12-15T10:08:20","modified_gmt":"2025-12-15T09:08:20","slug":"jarne-prazdniny-s-regionom-saris","status":"publish","type":"post","link":"https:\/\/www.regionsaris.sk\/hu\/jarne-prazdniny-s-regionom-saris\/","title":{"rendered":"Tavaszi \u00fcd\u00fcl\u00e9s a \u0160ari\u0161 r\u00e9gi\u00f3ban"},"content":{"rendered":"Hozza ki a legt\u00f6bbet a tavaszi szabads\u00e1g\u00e1b\u00f3l a \u0160ari\u0161 r\u00e9gi\u00f3ban. Ha akt\u00edv csal\u00e1dok k\u00f6z\u00e9 tartoznak, l\u00e1togassanak el \u0160ari\u0161 sarkaiba, ahol biztosan nem fognak unatkozni. T\u00f6lts\u00e9k ki egy\u00fctt a csal\u00e1di szabadid\u0151t. H\u00e1rom tipp\u00fcnk van a csal\u00e1di kalandokhoz \u00e9s a \u0160ari\u0161 k\u00f6z\u00f6s felfedez\u00e9s\u00e9hez.\n<h1><strong>Fedezze fel a szlov\u00e1k hegyek \u00e9kszer\u00e9t<\/strong><\/h1>\nA Slansk\u00e9 vrchy-hegys\u00e9g k\u00f6zep\u00e9n, Zlat\u00e1 Ba\u0148a \u00e9s \u010cervenica falvak k\u00f6z\u00f6tt tal\u00e1lhat\u00f3 a h\u00edres op\u00e1lb\u00e1ny\u00e1k titokzatos f\u00f6ldalatti vil\u00e1ga. A szlov\u00e1kiai op\u00e1lok m\u00e1r \u00e9vsz\u00e1zadok \u00f3ta kit\u0171nik intenz\u00edv sz\u00ednj\u00e1t\u00e9kukkal, az \u00fagynevezett op\u00e1losod\u00e1ssal, \u00e9s egyed\u00fcl\u00e1ll\u00f3 tulajdons\u00e1gaik miatt a vil\u00e1gpiacokon nagyra \u00e9rt\u00e9kelik \u0151ket. A vil\u00e1g legr\u00e9gebbi op\u00e1lb\u00e1ny\u00e1i Zlat\u00e1 Ba\u0148a \u00e9s \u010cervenica k\u00f6z\u00f6tt tal\u00e1lhat\u00f3k, \u00e9s Dubn\u00edckie b\u00e1ny\u00e1k n\u00e9ven is ismertek. A f\u00f6ld alatti alag\u00fath\u00e1l\u00f3zat hossza el\u00e9ri a 35 kilom\u00e9tert, \u00e9s a f\u00f6ld alatti b\u00e1ny\u00e1szat bonyolult rendszer\u00e9t k\u00f6ti \u00f6ssze. A b\u00e1ny\u00e1szat 1922-es megsz\u0171n\u00e9se \u00f3ta bez\u00e1rt\u00e1k \u00e9s feled\u00e9sbe mer\u00fcltek. T\u00f6bb mint 90 \u00e9vbe telt, mire \u00fajra megnyitott\u00e1k \u0151ket. Ma egy vezetett t\u00far\u00e1n ismerkedhet meg ezzel az egyed\u00fcl\u00e1ll\u00f3 m\u0171eml\u00e9kkel, ahol szak\u00e9rt\u0151 magyar\u00e1zatot kaphat a t\u00f6rt\u00e9nelemr\u0151l, geol\u00f3gi\u00e1r\u00f3l \u00e9s \u00e1sv\u00e1nytanr\u00f3l, \u00e9s sz\u00e1mos \u00e9rdekess\u00e9get tudhat meg a Slansk\u00e9-hegys\u00e9g kincs\u00e9r\u0151l.\n\nA b\u00e1ny\u00e1ban rengeteg kaland v\u00e1r r\u00e1d. Valahol a s\u00f6t\u00e9ts\u00e9gben rejt\u0151zik a f\u00f6ldalatti szellem, \u00e9s aki nem f\u00e9l, megl\u00e1tja f\u00e9nyl\u0151 tekintet\u00e9t. A teljes s\u00f6t\u00e9ts\u00e9g folyos\u00f3j\u00e1n b\u00e1tors\u00e1gpr\u00f3ba v\u00e1r r\u00e1d. Igazi op\u00e1lkeres\u0151kk\u00e9 v\u00e1ltok.\n\nA t\u00fara ut\u00e1n a l\u00e1togat\u00f3k\u00f6zpontban - J\u00f3zsef f\u00e9szer\u00e9ben - visszanyerhetitek a sz\u00fcks\u00e9ges er\u0151t. Ha nem felejtik el magukkal vinni a \u0160ari\u0161-k\u00e1rty\u00e1jukat, m\u00e9g ink\u00e1bb felfriss\u00fclhetnek a kedvezm\u00e9nnyel. Folytassa az izgalmas napot a Dubnick\u00e9 b\u00e1ny\u00e1k v\u00e9dett ter\u00fclet\u00e9n, ahol a Tan\u00f6sv\u00e9nyt \u00e9p\u00edtett\u00e9k ki. Ez a Libanka b\u00e1nyavid\u00e9ken kereszt\u00fcl vezet, ahol r\u00e9gi b\u00e1nyam\u0171veket tal\u00e1l, amelyeket az \u00e9rt\u00e9kes op\u00e1l b\u00e1ny\u00e1szata sor\u00e1n hoztak l\u00e9tre. Ez a tan\u00f6sv\u00e9ny, amely a term\u00e9szetv\u00e9delem 4. szintj\u00e9n tal\u00e1lhat\u00f3, egyszerre k\u00edn\u00e1l sz\u00f3rakoz\u00e1st \u00e9s oktat\u00e1st. A mintegy 1,5 km hossz\u00fa tan\u00f6sv\u00e9nyen 14 inform\u00e1ci\u00f3s t\u00e1bla tal\u00e1lhat\u00f3, amelyek az op\u00e1l eredet\u00e9r\u0151l \u00e9s b\u00e1ny\u00e1szat\u00e1r\u00f3l, a denev\u00e9rekr\u0151l, a kiv\u00e1lasztott b\u00e1nyam\u0171vekr\u0151l, valamint a Slansk\u00e9 vrchy-hegys\u00e9g n\u00f6v\u00e9nyzet\u00e9r\u0151l \u00e9s zool\u00f3gi\u00e1j\u00e1r\u00f3l sz\u00f3lnak. A tan\u00f6sv\u00e9nyre a bel\u00e9p\u00e9s ingyenes, \u00e9s gyermekek \u00e9s feln\u0151ttek sz\u00e1m\u00e1ra egyar\u00e1nt alkalmas.\n\n<figure id=\"attachment_14061\" aria-describedby=\"caption-attachment-14061\" style=\"width: 2560px\" class=\"wp-caption aligncenter\"><img loading=\"lazy\" decoding=\"async\" class=\"wp-image-14061 size-full\" src=\"https:\/\/www.regionsaris.sk\/wp-content\/uploads\/2025\/12\/naucny-chodnik-SOP-1-scaled-1.jpg\" alt=\"\" width=\"2560\" height=\"1707\" \/><figcaption id=\"caption-attachment-14061\" class=\"wp-caption-text\">F\u00e9nyk\u00e9p: Szlov\u00e1k \u00d3p\u00e1lb\u00e1nya<\/figcaption><\/figure>\n<h1><strong>Fest\u0151i kanyon<\/strong><\/h1>\nHa \u00d6n a term\u00e9szeti sz\u00e9ps\u00e9g \u00e9s a kalandok szerelmese, a La\u010dnov-kanyon nem hi\u00e1nyozhat a \u0160ari\u0161ban tett l\u00e1togat\u00e1sainak list\u00e1j\u00e1r\u00f3l. Ez a fest\u0151i kanyon leny\u0171g\u00f6z\u0151 sziklaalakzatokkal \u00e9s v\u00edzes\u00e9sekkel leny\u0171g\u00f6z\u0151 \u00e9lm\u00e9nyt ny\u00fajt az eg\u00e9sz csal\u00e1d sz\u00e1m\u00e1ra. Branisko \u00e9szakkeleti r\u00e9sz\u00e9n, Lipovce \u00e9s La\u010dnov falvak k\u00f6z\u00f6tt tal\u00e1lhat\u00f3, a La\u010dnovsk\u00fd-patak \u00e1ltal \u00e1sva. Ez a szurdok mintegy 2 km hossz\u00fa, beceneve a Kis Szlov\u00e1k Paradicsom. Ritka \u00e9s v\u00e1ltozatos n\u00f6v\u00e9nyzetet csod\u00e1lhatunk meg benne.\n\nA k\u00f6rny\u00e9ken tett s\u00e9ta meredek lejt\u0151k \u00e9s magas falak k\u00f6z\u00f6tt vezet bizarr sziklaalakzatokkal. A legh\u00edresebbek k\u00f6z\u00e9 tartozik a Kamenn\u00e1 Baba, amelynek alakja egy n\u0151re hasonl\u00edt, karj\u00e1ban egy gyermekkel. Ezt a ter\u00fcletet 1965-ben \u00e1llami term\u00e9szetv\u00e9delmi ter\u00fclett\u00e9 nyilv\u00e1n\u00edtott\u00e1k. Tov\u00e1bbi \u00e9rdekes k\u00e9pz\u0151dm\u00e9nyek k\u00f6z\u00e9 tartozik a 60 m magas M\u00f3zes-oszlop \u00e9s a Vr\u00e1tnica sziklaszem.\n\nA szikl\u00e1k k\u00f6z\u00f6tt tal\u00e1ljuk a j\u00f3l ismert Kom\u00edn-barlangot \u00e9s a Zl\u00e1 Diera-barlangot is, amely az egyetlen hozz\u00e1f\u00e9rhet\u0151 barlang a \u0160ari\u0161 r\u00e9gi\u00f3ban. A barlang kiv\u00e9teles a nagyon \u00e9rz\u00e9keny megk\u00f6zel\u00edt\u00e9si m\u00f3dja miatt, ahol sisakkal a fej\u00fcnk\u00f6n egy vezet\u0151vel s\u00e9t\u00e1lunk a titokzatos f\u00f6ldalatti m\u00e9lys\u00e9gben. Figyelm\u00e9t a Boldogs\u00e1g tava vonzza majd. A legenda szerint \u00e1ll\u00edt\u00f3lag k\u00fcl\u00f6n\u00f6sen n\u00e9pszer\u0171 a fiatal le\u00e1nyok k\u00f6r\u00e9ben. Ha megm\u00e1rtj\u00e1k benne a l\u00e1bujjukat, egy \u00e9ven bel\u00fcl megtal\u00e1lj\u00e1k \u00e9let\u00fck p\u00e1rj\u00e1t. Jelenleg a barlang 12 denev\u00e9rfajnak ad otthont, amelyek ott telelnek t\u00e9li \u00e1lmot. A barlang k\u00f6r\u00fcl egy pihen\u0151hely tal\u00e1lhat\u00f3 padokkal \u00e9s hint\u00e1kkal, valamint gy\u00f6ny\u00f6r\u0171 t\u00e1jjal. Az erd\u0151n kereszt\u00fcl a Zl\u00e1 Hora (Rossz lyuk) barlanghoz vezet\u0151 \u00faton tal\u00e1lhat\u00f3 a Srdie\u010dko (Sz\u00edv) kil\u00e1t\u00f3.\n\nA barlang k\u00f6r\u00fcl pihen\u0151hely tal\u00e1lhat\u00f3 padokkal, hint\u00e1kkal \u00e9s gy\u00f6ny\u00f6r\u0171 term\u00e9szettel, amelyet minden l\u00e1togat\u00f3 \u00e9rt\u00e9kelni fog. A barlanghoz j\u00f3l karbantartott \u00f6sv\u00e9ny vezet az erd\u0151n kereszt\u00fcl.  Az erd\u0151n kereszt\u00fcl a Zl\u00e1-lyuk barlanghoz vezet\u0151 \u00faton tal\u00e1lhat\u00f3 a Srdie\u010dko kil\u00e1t\u00f3.\n\nA hegyvid\u00e9ki telep\u00fcl\u00e9sen tal\u00e1lhat\u00f3 La\u010dnov \u00e9rintetlen falu egyike azon keveseknek Szlov\u00e1ki\u00e1ban, amelyek teljesen megmaradtak. A hangulatot a kutakkal \u00e9s f\u00e1b\u00f3l k\u00e9sz\u00fclt v\u00e1ly\u00fakkal ell\u00e1tott h\u00e1zik\u00f3k teszik teljess\u00e9, amelyekben tiszta v\u00edz folyik. M\u00e9g ha Lipovce fel\u0151l La\u010dnov falu fel\u00e9 indulunk, akkor is egy \u201egravit\u00e1ci\u00f3s anom\u00e1li\u00e1t\u201c tapasztalhatunk, amely \u00e9rdekes l\u00e1tv\u00e1nyt ny\u00fajt.\n\n<figure id=\"attachment_14705\" aria-describedby=\"caption-attachment-14705\" style=\"width: 2560px\" class=\"wp-caption aligncenter\"><img loading=\"lazy\" decoding=\"async\" class=\"wp-image-14705 size-full\" src=\"https:\/\/www.regionsaris.sk\/wp-content\/uploads\/2025\/12\/083-scaled-1.jpg\" alt=\"\" width=\"2560\" height=\"1707\" \/><figcaption id=\"caption-attachment-14705\" class=\"wp-caption-text\">F\u00e9nyk\u00e9p: KOCR \u00c9szakkelet-Szlov\u00e1kia<\/figcaption><\/figure>\n<h1><strong>Pihen\u00e9s a v\u00edz vil\u00e1g\u00e1ban<\/strong><\/h1>\nA term\u00e9szet sz\u00e9ps\u00e9g\u00e9nek felfedez\u00e9s\u00e9vel t\u00f6lt\u00f6tt nap ut\u00e1n pihenjen a term\u00e1lmedenc\u00e9kben. L\u00e1togasson el Szlov\u00e1kia leg\u00fajabb \u00e9s egyetlen hegyvid\u00e9ki v\u00edziparkj\u00e1ba - Lipanyba. \u00c9lvezze a v\u00edzi sz\u00f3rakoz\u00e1st a hegyekre ny\u00edl\u00f3 kil\u00e1t\u00e1ssal. Az Aquapark Lipany szezon\u00e1lis medenc\u00e9kkel rendelkezik, amelyek az \u00fcnnepek alatt is nyitva vannak, valamint eg\u00e9sz \u00e9vben nyitva tart\u00f3 medenc\u00e9kkel - fedett \u00e9s szabadt\u00e9ri medenc\u00e9kkel egyar\u00e1nt. A gyerekek \u00e9lvezni fogj\u00e1k a v\u00edzi cs\u00faszd\u00e1kon val\u00f3 sz\u00f3rakoz\u00e1st, \u00e9s ez egy ide\u00e1lis hely a pihen\u00e9sre \u00e9s a csal\u00e1di sz\u00f3rakoz\u00e1sra. A gyerekek \u00e9lvezhetik a v\u00edzi attrakci\u00f3k j\u00e1t\u00e9kos vil\u00e1g\u00e1t, m\u00edg a sz\u00fcl\u0151k a meleg vizes medenc\u00e9kben pihenhetnek.\n\n<figure id=\"attachment_14707\" aria-describedby=\"caption-attachment-14707\" style=\"width: 1200px\" class=\"wp-caption aligncenter\"><img loading=\"lazy\" decoding=\"async\" class=\"wp-image-14707 size-full\" src=\"https:\/\/www.regionsaris.sk\/wp-content\/uploads\/2025\/12\/Foto-aquapark-Lipany.jpg\" alt=\"\" width=\"1200\" height=\"800\" \/><figcaption id=\"caption-attachment-14707\" class=\"wp-caption-text\">F\u00e9nyk\u00e9p: Aquapark Lipany<\/figcaption><\/figure>\n\n\u00a0","protected":false},"excerpt":{"rendered":"<p>Vyu\u017eite jarn\u00e9 pr\u00e1zdniny pln\u00e9 aktiv\u00edt s regi\u00f3nom \u0160ari\u0161. Ak patr\u00edte medzi akt\u00edvne rodiny, nav\u0161t\u00edvte z\u00e1kutia...<\/p>","protected":false},"author":1,"featured_media":433,"comment_status":"open","ping_status":"open","sticky":false,"template":"","format":"standard","meta":{"_acf_changed":false,"footnotes":""},"categories":[1],"tags":[],"class_list":["post-429","post","type-post","status-publish","format-standard","has-post-thumbnail","hentry","category-novinky"],"acf":[],"yoast_head":"<!-- This site is optimized with the Yoast SEO Premium plugin v26.3 (Yoast SEO v26.8) - https:\/\/yoast.com\/product\/yoast-seo-premium-wordpress\/ -->\n<title>Jarn\u00e9 pr\u00e1zdniny s regi\u00f3nom \u0160ari\u0161 - OOCR \u0160ari\u0161<\/title>\n<meta name=\"robots\" content=\"index, follow, max-snippet:-1, max-image-preview:large, max-video-preview:-1\" \/>\n<link rel=\"canonical\" href=\"https:\/\/www.regionsaris.sk\/hu\/jarne-prazdniny-s-regionom-saris\/\" \/>\n<meta property=\"og:locale\" content=\"hu_HU\" \/>\n<meta property=\"og:type\" content=\"article\" \/>\n<meta property=\"og:title\" content=\"Jarn\u00e9 pr\u00e1zdniny s regi\u00f3nom \u0160ari\u0161\" \/>\n<meta property=\"og:description\" content=\"Vyu\u017eite jarn\u00e9 pr\u00e1zdniny pln\u00e9 aktiv\u00edt s regi\u00f3nom \u0160ari\u0161. Ak patr\u00edte medzi akt\u00edvne rodiny, nav\u0161t\u00edvte z\u00e1kutia...\" \/>\n<meta property=\"og:url\" content=\"https:\/\/www.regionsaris.sk\/hu\/jarne-prazdniny-s-regionom-saris\/\" \/>\n<meta property=\"og:site_name\" content=\"OOCR \u0160ari\u0161\" \/>\n<meta property=\"article:published_time\" content=\"2024-02-19T10:54:32+00:00\" \/>\n<meta property=\"article:modified_time\" content=\"2025-12-15T09:08:20+00:00\" \/>\n<meta property=\"og:image\" content=\"https:\/\/www.regionsaris.sk\/wp-content\/uploads\/2025\/12\/018b-scaled-1.jpg\" \/>\n\t<meta property=\"og:image:width\" content=\"2560\" \/>\n\t<meta property=\"og:image:height\" content=\"1707\" \/>\n\t<meta property=\"og:image:type\" content=\"image\/jpeg\" \/>\n<meta name=\"author\" content=\"dev@bigway.sk\" \/>\n<meta name=\"twitter:card\" content=\"summary_large_image\" \/>\n<meta name=\"twitter:label1\" content=\"Szerz\u0151:\" \/>\n\t<meta name=\"twitter:data1\" content=\"dev@bigway.sk\" \/>\n\t<meta name=\"twitter:label2\" content=\"Becs\u00fclt olvas\u00e1si id\u0151\" \/>\n\t<meta name=\"twitter:data2\" content=\"5 perc\" \/>\n<script type=\"application\/ld+json\" class=\"yoast-schema-graph\">{\"@context\":\"https:\/\/schema.org\",\"@graph\":[{\"@type\":\"Article\",\"@id\":\"https:\/\/www.regionsaris.sk\/jarne-prazdniny-s-regionom-saris\/#article\",\"isPartOf\":{\"@id\":\"https:\/\/www.regionsaris.sk\/jarne-prazdniny-s-regionom-saris\/\"},\"author\":{\"name\":\"dev@bigway.sk\",\"@id\":\"https:\/\/www.regionsaris.sk\/#\/schema\/person\/30fad06d87cd12ad1d94ff5fbd6919d1\"},\"headline\":\"Jarn\u00e9 pr\u00e1zdniny s regi\u00f3nom \u0160ari\u0161\",\"datePublished\":\"2024-02-19T10:54:32+00:00\",\"dateModified\":\"2025-12-15T09:08:20+00:00\",\"mainEntityOfPage\":{\"@id\":\"https:\/\/www.regionsaris.sk\/jarne-prazdniny-s-regionom-saris\/\"},\"wordCount\":1010,\"commentCount\":0,\"image\":{\"@id\":\"https:\/\/www.regionsaris.sk\/jarne-prazdniny-s-regionom-saris\/#primaryimage\"},\"thumbnailUrl\":\"https:\/\/www.regionsaris.sk\/wp-content\/uploads\/2025\/12\/018b-scaled-1.jpg\",\"articleSection\":[\"Novinky\"],\"inLanguage\":\"hu\",\"potentialAction\":[{\"@type\":\"CommentAction\",\"name\":\"Comment\",\"target\":[\"https:\/\/www.regionsaris.sk\/jarne-prazdniny-s-regionom-saris\/#respond\"]}]},{\"@type\":\"WebPage\",\"@id\":\"https:\/\/www.regionsaris.sk\/jarne-prazdniny-s-regionom-saris\/\",\"url\":\"https:\/\/www.regionsaris.sk\/jarne-prazdniny-s-regionom-saris\/\",\"name\":\"Jarn\u00e9 pr\u00e1zdniny s regi\u00f3nom \u0160ari\u0161 - OOCR \u0160ari\u0161\",\"isPartOf\":{\"@id\":\"https:\/\/www.regionsaris.sk\/#website\"},\"primaryImageOfPage\":{\"@id\":\"https:\/\/www.regionsaris.sk\/jarne-prazdniny-s-regionom-saris\/#primaryimage\"},\"image\":{\"@id\":\"https:\/\/www.regionsaris.sk\/jarne-prazdniny-s-regionom-saris\/#primaryimage\"},\"thumbnailUrl\":\"https:\/\/www.regionsaris.sk\/wp-content\/uploads\/2025\/12\/018b-scaled-1.jpg\",\"datePublished\":\"2024-02-19T10:54:32+00:00\",\"dateModified\":\"2025-12-15T09:08:20+00:00\",\"author\":{\"@id\":\"https:\/\/www.regionsaris.sk\/#\/schema\/person\/30fad06d87cd12ad1d94ff5fbd6919d1\"},\"breadcrumb\":{\"@id\":\"https:\/\/www.regionsaris.sk\/jarne-prazdniny-s-regionom-saris\/#breadcrumb\"},\"inLanguage\":\"hu\",\"potentialAction\":[{\"@type\":\"ReadAction\",\"target\":[\"https:\/\/www.regionsaris.sk\/jarne-prazdniny-s-regionom-saris\/\"]}]},{\"@type\":\"ImageObject\",\"inLanguage\":\"hu\",\"@id\":\"https:\/\/www.regionsaris.sk\/jarne-prazdniny-s-regionom-saris\/#primaryimage\",\"url\":\"https:\/\/www.regionsaris.sk\/wp-content\/uploads\/2025\/12\/018b-scaled-1.jpg\",\"contentUrl\":\"https:\/\/www.regionsaris.sk\/wp-content\/uploads\/2025\/12\/018b-scaled-1.jpg\",\"width\":2560,\"height\":1707},{\"@type\":\"BreadcrumbList\",\"@id\":\"https:\/\/www.regionsaris.sk\/jarne-prazdniny-s-regionom-saris\/#breadcrumb\",\"itemListElement\":[{\"@type\":\"ListItem\",\"position\":1,\"name\":\"Domov\",\"item\":\"https:\/\/www.regionsaris.sk\/\"},{\"@type\":\"ListItem\",\"position\":2,\"name\":\"Jarn\u00e9 pr\u00e1zdniny s regi\u00f3nom \u0160ari\u0161\"}]},{\"@type\":\"WebSite\",\"@id\":\"https:\/\/www.regionsaris.sk\/#website\",\"url\":\"https:\/\/www.regionsaris.sk\/\",\"name\":\"OOCR \u0160ari\u0161\",\"description\":\"\",\"potentialAction\":[{\"@type\":\"SearchAction\",\"target\":{\"@type\":\"EntryPoint\",\"urlTemplate\":\"https:\/\/www.regionsaris.sk\/?s={search_term_string}\"},\"query-input\":{\"@type\":\"PropertyValueSpecification\",\"valueRequired\":true,\"valueName\":\"search_term_string\"}}],\"inLanguage\":\"hu\"},{\"@type\":\"Person\",\"@id\":\"https:\/\/www.regionsaris.sk\/#\/schema\/person\/30fad06d87cd12ad1d94ff5fbd6919d1\",\"name\":\"dev@bigway.sk\",\"image\":{\"@type\":\"ImageObject\",\"inLanguage\":\"hu\",\"@id\":\"https:\/\/www.regionsaris.sk\/#\/schema\/person\/image\/\",\"url\":\"https:\/\/secure.gravatar.com\/avatar\/013b34bc1192067340cff024d72adf40af543d15809da0502beda083cb4f28a2?s=96&d=mm&r=g\",\"contentUrl\":\"https:\/\/secure.gravatar.com\/avatar\/013b34bc1192067340cff024d72adf40af543d15809da0502beda083cb4f28a2?s=96&d=mm&r=g\",\"caption\":\"dev@bigway.sk\"},\"sameAs\":[\"https:\/\/www.regionsaris.sk\"],\"url\":\"https:\/\/www.regionsaris.sk\/hu\/author\/devbigway-sk\/\"}]}<\/script>\n<!-- \/ Yoast SEO Premium plugin. -->","yoast_head_json":{"title":"Jarn\u00e9 pr\u00e1zdniny s regi\u00f3nom \u0160ari\u0161 - OOCR \u0160ari\u0161","robots":{"index":"index","follow":"follow","max-snippet":"max-snippet:-1","max-image-preview":"max-image-preview:large","max-video-preview":"max-video-preview:-1"},"canonical":"https:\/\/www.regionsaris.sk\/hu\/jarne-prazdniny-s-regionom-saris\/","og_locale":"hu_HU","og_type":"article","og_title":"Jarn\u00e9 pr\u00e1zdniny s regi\u00f3nom \u0160ari\u0161","og_description":"Vyu\u017eite jarn\u00e9 pr\u00e1zdniny pln\u00e9 aktiv\u00edt s regi\u00f3nom \u0160ari\u0161. Ak patr\u00edte medzi akt\u00edvne rodiny, nav\u0161t\u00edvte z\u00e1kutia...","og_url":"https:\/\/www.regionsaris.sk\/hu\/jarne-prazdniny-s-regionom-saris\/","og_site_name":"OOCR \u0160ari\u0161","article_published_time":"2024-02-19T10:54:32+00:00","article_modified_time":"2025-12-15T09:08:20+00:00","og_image":[{"width":2560,"height":1707,"url":"https:\/\/www.regionsaris.sk\/wp-content\/uploads\/2025\/12\/018b-scaled-1.jpg","type":"image\/jpeg"}],"author":"dev@bigway.sk","twitter_card":"summary_large_image","twitter_misc":{"Szerz\u0151:":"dev@bigway.sk","Becs\u00fclt olvas\u00e1si id\u0151":"5 perc"},"schema":{"@context":"https:\/\/schema.org","@graph":[{"@type":"Article","@id":"https:\/\/www.regionsaris.sk\/jarne-prazdniny-s-regionom-saris\/#article","isPartOf":{"@id":"https:\/\/www.regionsaris.sk\/jarne-prazdniny-s-regionom-saris\/"},"author":{"name":"dev@bigway.sk","@id":"https:\/\/www.regionsaris.sk\/#\/schema\/person\/30fad06d87cd12ad1d94ff5fbd6919d1"},"headline":"Jarn\u00e9 pr\u00e1zdniny s regi\u00f3nom \u0160ari\u0161","datePublished":"2024-02-19T10:54:32+00:00","dateModified":"2025-12-15T09:08:20+00:00","mainEntityOfPage":{"@id":"https:\/\/www.regionsaris.sk\/jarne-prazdniny-s-regionom-saris\/"},"wordCount":1010,"commentCount":0,"image":{"@id":"https:\/\/www.regionsaris.sk\/jarne-prazdniny-s-regionom-saris\/#primaryimage"},"thumbnailUrl":"https:\/\/www.regionsaris.sk\/wp-content\/uploads\/2025\/12\/018b-scaled-1.jpg","articleSection":["Novinky"],"inLanguage":"hu","potentialAction":[{"@type":"CommentAction","name":"Comment","target":["https:\/\/www.regionsaris.sk\/jarne-prazdniny-s-regionom-saris\/#respond"]}]},{"@type":"WebPage","@id":"https:\/\/www.regionsaris.sk\/jarne-prazdniny-s-regionom-saris\/","url":"https:\/\/www.regionsaris.sk\/jarne-prazdniny-s-regionom-saris\/","name":"Jarn\u00e9 pr\u00e1zdniny s regi\u00f3nom \u0160ari\u0161 - OOCR \u0160ari\u0161","isPartOf":{"@id":"https:\/\/www.regionsaris.sk\/#website"},"primaryImageOfPage":{"@id":"https:\/\/www.regionsaris.sk\/jarne-prazdniny-s-regionom-saris\/#primaryimage"},"image":{"@id":"https:\/\/www.regionsaris.sk\/jarne-prazdniny-s-regionom-saris\/#primaryimage"},"thumbnailUrl":"https:\/\/www.regionsaris.sk\/wp-content\/uploads\/2025\/12\/018b-scaled-1.jpg","datePublished":"2024-02-19T10:54:32+00:00","dateModified":"2025-12-15T09:08:20+00:00","author":{"@id":"https:\/\/www.regionsaris.sk\/#\/schema\/person\/30fad06d87cd12ad1d94ff5fbd6919d1"},"breadcrumb":{"@id":"https:\/\/www.regionsaris.sk\/jarne-prazdniny-s-regionom-saris\/#breadcrumb"},"inLanguage":"hu","potentialAction":[{"@type":"ReadAction","target":["https:\/\/www.regionsaris.sk\/jarne-prazdniny-s-regionom-saris\/"]}]},{"@type":"ImageObject","inLanguage":"hu","@id":"https:\/\/www.regionsaris.sk\/jarne-prazdniny-s-regionom-saris\/#primaryimage","url":"https:\/\/www.regionsaris.sk\/wp-content\/uploads\/2025\/12\/018b-scaled-1.jpg","contentUrl":"https:\/\/www.regionsaris.sk\/wp-content\/uploads\/2025\/12\/018b-scaled-1.jpg","width":2560,"height":1707},{"@type":"BreadcrumbList","@id":"https:\/\/www.regionsaris.sk\/jarne-prazdniny-s-regionom-saris\/#breadcrumb","itemListElement":[{"@type":"ListItem","position":1,"name":"Domov","item":"https:\/\/www.regionsaris.sk\/"},{"@type":"ListItem","position":2,"name":"Jarn\u00e9 pr\u00e1zdniny s regi\u00f3nom \u0160ari\u0161"}]},{"@type":"WebSite","@id":"https:\/\/www.regionsaris.sk\/#website","url":"https:\/\/www.regionsaris.sk\/","name":"OOCR \u0160ari\u0161","description":"","potentialAction":[{"@type":"SearchAction","target":{"@type":"EntryPoint","urlTemplate":"https:\/\/www.regionsaris.sk\/?s={search_term_string}"},"query-input":{"@type":"PropertyValueSpecification","valueRequired":true,"valueName":"search_term_string"}}],"inLanguage":"hu"},{"@type":"Person","@id":"https:\/\/www.regionsaris.sk\/#\/schema\/person\/30fad06d87cd12ad1d94ff5fbd6919d1","name":"dev@bigway.sk","image":{"@type":"ImageObject","inLanguage":"hu","@id":"https:\/\/www.regionsaris.sk\/#\/schema\/person\/image\/","url":"https:\/\/secure.gravatar.com\/avatar\/013b34bc1192067340cff024d72adf40af543d15809da0502beda083cb4f28a2?s=96&d=mm&r=g","contentUrl":"https:\/\/secure.gravatar.com\/avatar\/013b34bc1192067340cff024d72adf40af543d15809da0502beda083cb4f28a2?s=96&d=mm&r=g","caption":"dev@bigway.sk"},"sameAs":["https:\/\/www.regionsaris.sk"],"url":"https:\/\/www.regionsaris.sk\/hu\/author\/devbigway-sk\/"}]}},"_links":{"self":[{"href":"https:\/\/www.regionsaris.sk\/hu\/wp-json\/wp\/v2\/posts\/429","targetHints":{"allow":["GET"]}}],"collection":[{"href":"https:\/\/www.regionsaris.sk\/hu\/wp-json\/wp\/v2\/posts"}],"about":[{"href":"https:\/\/www.regionsaris.sk\/hu\/wp-json\/wp\/v2\/types\/post"}],"author":[{"embeddable":true,"href":"https:\/\/www.regionsaris.sk\/hu\/wp-json\/wp\/v2\/users\/1"}],"replies":[{"embeddable":true,"href":"https:\/\/www.regionsaris.sk\/hu\/wp-json\/wp\/v2\/comments?post=429"}],"version-history":[{"count":1,"href":"https:\/\/www.regionsaris.sk\/hu\/wp-json\/wp\/v2\/posts\/429\/revisions"}],"predecessor-version":[{"id":432,"href":"https:\/\/www.regionsaris.sk\/hu\/wp-json\/wp\/v2\/posts\/429\/revisions\/432"}],"wp:featuredmedia":[{"embeddable":true,"href":"https:\/\/www.regionsaris.sk\/hu\/wp-json\/wp\/v2\/media\/433"}],"wp:attachment":[{"href":"https:\/\/www.regionsaris.sk\/hu\/wp-json\/wp\/v2\/media?parent=429"}],"wp:term":[{"taxonomy":"category","embeddable":true,"href":"https:\/\/www.regionsaris.sk\/hu\/wp-json\/wp\/v2\/categories?post=429"},{"taxonomy":"post_tag","embeddable":true,"href":"https:\/\/www.regionsaris.sk\/hu\/wp-json\/wp\/v2\/tags?post=429"}],"curies":[{"name":"wp","href":"https:\/\/api.w.org\/{rel}","templated":true}]}}