{"id":401,"date":"2023-12-16T08:16:47","date_gmt":"2023-12-16T07:16:47","guid":{"rendered":"https:\/\/www.regionsaris.sk\/lyzovacka-v-regione-saris\/"},"modified":"2025-12-15T10:07:48","modified_gmt":"2025-12-15T09:07:48","slug":"lyzovacka-v-regione-saris","status":"publish","type":"post","link":"https:\/\/www.regionsaris.sk\/hu\/lyzovacka-v-regione-saris\/","title":{"rendered":"S\u00edel\u00e9s a \u0160ari\u0161 r\u00e9gi\u00f3ban"},"content":{"rendered":"J\u00f6jj\u00f6n \u00e9s \u00e9lvezze a telet a \u0160ari\u0161 r\u00e9gi\u00f3ban. A s\u00edel\u00e9s \u0160ari\u0161ban ide\u00e1lis v\u00e1laszt\u00e1s azoknak, akik s\u00edel\u00e9ssel, sz\u00f3rakoz\u00e1ssal \u00e9s gy\u00f6ny\u00f6r\u0171 term\u00e9szettel teli t\u00e9li vak\u00e1ci\u00f3ra v\u00e1gynak. \u0160ari\u0161 t\u00f6bb kiv\u00e1l\u00f3 s\u00edterepet k\u00edn\u00e1l, amelyek k\u00e9szen \u00e1llnak az idei 2023\/2024-es szezonra, amelyek k\u00f6z\u00fcl kiemelkedik Ski Drienica, Ski Lys\u00e1 \u00e9s Ski B\u00fa\u010de.\n\n<strong>Csal\u00e1di s\u00edel\u00e9s Drienica<\/strong>\n\nAz \u00fcd\u00fcl\u0151ter\u00fclet <strong>SKI Drienica<\/strong> t\u00f6k\u00e9letes csal\u00e1di s\u00edel\u00e9sre, Sabinov ker\u00fcletben, Drienica faluban tal\u00e1lhat\u00f3. Az \u00fcd\u00fcl\u0151hely k\u00f6r\u00fclbel\u00fcl 700 m\u00e9teres magass\u00e1gban tal\u00e1lhat\u00f3, \u00edgy j\u00f3 felt\u00e9teleket biztos\u00edt a hossz\u00fa s\u00edszezonhoz, amit a mesters\u00e9ges h\u00f3 is seg\u00edt. N\u00e9gy s\u00edp\u00e1ly\u00e1val rendelkezik, amelyek teljes hossza k\u00f6zel 2,5 km. Az aktu\u00e1lis viszonyokt\u00f3l f\u00fcgg\u0151en k\u00e9t kis (gyermek)felvon\u00f3, k\u00e9t nagy felvon\u00f3 \u00e9s a f\u0151p\u00e1lya teljes hossz\u00e1ban \u00fczemel. A gondozott \"poratraked\" lejt\u0151 k\u00e9szen \u00e1ll a min\u0151s\u00e9gi \u00e9s biztons\u00e1gos s\u00edel\u00e9sre.\n\n<figure id=\"attachment_14263\" aria-describedby=\"caption-attachment-14263\" style=\"width: 2560px\" class=\"wp-caption aligncenter\"><img loading=\"lazy\" decoding=\"async\" class=\"wp-image-14263 size-full\" src=\"https:\/\/www.regionsaris.sk\/wp-content\/uploads\/2025\/12\/smARTin-20200209-1711-scaled-1.jpg\" alt=\"\" width=\"2560\" height=\"1703\" \/><figcaption id=\"caption-attachment-14263\" class=\"wp-caption-text\">SKI Drienica<\/figcaption><\/figure>\n\nAz \u00e9lm\u00e9ny nemcsak nappali (09:00 - 16:00), hanem \u00e9jszakai s\u00edel\u00e9s (17:00 - 21:00) eg\u00e9sz h\u00e9ten. A sz\u00e9les, lank\u00e1s lejt\u0151 ide\u00e1lis a kezd\u0151k sz\u00e1m\u00e1ra. Azonban a kezd\u0151k \u00e9s a tapasztaltabb s\u00edel\u0151k sem fognak elt\u00e9vedni a lejt\u0151k\u00f6n. Szak\u00e9rt\u0151 ir\u00e1ny\u00edt\u00e1s\u00e1val itt megtanulhat s\u00edelni vagy fejlesztheti s\u00edel\u00e9s\u00e9t. A STAR SKI s\u00ed- \u00e9s snowboardiskola gondoskodik a s\u00edel\u00e9sr\u0151l. M\u00e9g a s\u00edfelszerel\u00e9s\u00e9t sem kell mag\u00e1val vinnie az \u00fcd\u00fcl\u0151helyre. A \u0160olty Ski s\u00ed- \u00e9s snowboardfelszerel\u00e9s k\u00f6lcs\u00f6nz\u00e9st \u00e9s szervizt biztos\u00edt azok sz\u00e1m\u00e1ra is, akiknek nincs saj\u00e1tjuk. M\u00e9g sikl\u00f3erny\u0151t is a kicsiknek.\n\n<figure id=\"attachment_1167\" aria-describedby=\"caption-attachment-1167\" style=\"width: 909px\" class=\"wp-caption aligncenter\"><img loading=\"lazy\" decoding=\"async\" class=\"wp-image-1167 size-full\" src=\"https:\/\/www.regionsaris.sk\/wp-content\/uploads\/2025\/12\/drienica176-118.jpg\" alt=\"\" width=\"909\" height=\"600\" \/><figcaption id=\"caption-attachment-1167\" class=\"wp-caption-text\">a SKI Drienica k\u00f6zpontj\u00e1nak t\u00e9rk\u00e9pe<\/figcaption><\/figure>\n\nVan egy gyors\u00e9ttermi b\u00fcf\u00e9 k\u00f6zvetlen\u00fcl a lejt\u0151n. Az \u00fcd\u00fcl\u0151helyen a sz\u00e1ll\u00e1shelyek sz\u00e9les v\u00e1laszt\u00e9k\u00e1t kieg\u00e9sz\u00edti a k\u00f6zeli <strong>Hotel \u0160omka <\/strong>\u00e9tteremmel. A parkol\u00e1s k\u00f6zvetlen\u00fcl a lejt\u0151 alatt ingyenes. Az aktu\u00e1lis \u00e1rlist\u00e1t a weboldalon tal\u00e1lja: <a href=\"https:\/\/www.skidrienica.sk\/\" target=\"_blank\" rel=\"noopener\">www.skidrienica.sk<\/a>\n\n<blockquote class=\"wp-embedded-content\" data-secret=\"LoI7clC5cu\"><a href=\"https:\/\/www.regionsaris.sk\/hu\/ubytovanie-gastro\/hotel-somka\/\">Hotel \u0160omka **<\/a><\/blockquote><iframe loading=\"lazy\" class=\"wp-embedded-content\" sandbox=\"allow-scripts\" security=\"restricted\" style=\"position: absolute; visibility: hidden;\" title=\"\u201cHotel \u0160omka **\u201d - Pesterzs\u00e9bet | Regi\u00f3n \u0160ari\u0161\" src=\"https:\/\/www.regionsaris.sk\/ubytovanie-gastro\/hotel-somka\/embed\/#?secret=51eIp7xWCB#?secret=LoI7clC5cu\" data-secret=\"LoI7clC5cu\" width=\"500\" height=\"282\" frameborder=\"0\" marginwidth=\"0\" marginheight=\"0\" scrolling=\"no\"><\/iframe>\n\n\u00a0\n\n<strong>S\u00edk\u00f6zpont \u010cergov sz\u00edv\u00e9ben<\/strong>\n\nTervezzen l\u00e1togat\u00e1st egy m\u00e1sik k\u00f6zeli \u00fcd\u00fcl\u0151helyre<strong> SKI Lys\u00e1<\/strong> Drienica, ahol s\u00edel\u00e9s, snowboardoz\u00e1s, sz\u00e1nk\u00f3z\u00e1s, skialpuje, egyszer\u0171en \u00e9l. Ebben a szezonban az \u00fcd\u00fcl\u0151hely n\u00e9gy gondozott p\u00e1ly\u00e1t k\u00edn\u00e1l, amelyek teljes hossza t\u00f6bb mint 6 km, amelyek mind a halad\u00f3k, mind a kezd\u0151k sz\u00e1m\u00e1ra k\u00e9sz\u00fcltek.\n\nA s\u00edp\u00e1ly\u00e1kon val\u00f3 s\u00edel\u00e9st egy dupla \u00fcl\u0151felvon\u00f3 felvon\u00f3z\u00e1s el\u0151zi meg a cs\u00facsra. A Lys\u00e1 a \u010cergov-hegys\u00e9g egyik legmagasabb cs\u00facsa a maga 1 067 m-es tengerszint feletti magass\u00e1g\u00e1val. A cs\u00facsr\u00f3l csod\u00e1latos kil\u00e1t\u00e1s ny\u00edlik a f\u0151gerincre, a Ve\u013ek\u00e1 Javorin\u00e1ra, a Min\u010dolra \u00e9s j\u00f3 l\u00e1t\u00e1si viszonyok eset\u00e9n a T\u00e1tr\u00e1ra. A \u010cergov sz\u00edv\u00e9ben s\u00edelni igazi \u00e9lm\u00e9ny. Az aktu\u00e1lis \u00e1rlist\u00e1t a honlapon tal\u00e1lja: <a href=\"https:\/\/www.skilysa.sk\/#\" target=\"_blank\" rel=\"noopener\">www.skilysa.sk\u00a0<\/a>\n\n<figure id=\"attachment_14265\" aria-describedby=\"caption-attachment-14265\" style=\"width: 2560px\" class=\"wp-caption aligncenter\"><img loading=\"lazy\" decoding=\"async\" class=\"wp-image-14265 size-full\" src=\"https:\/\/www.regionsaris.sk\/wp-content\/uploads\/2025\/12\/IMGP1654-scaled-1.jpg\" alt=\"\" width=\"2560\" height=\"1696\" \/><figcaption id=\"caption-attachment-14265\" class=\"wp-caption-text\">SKI Lys\u00e1<\/figcaption><\/figure>\n\nHa \u00d6n a s\u00edel\u00e9s szerelmese, aj\u00e1nljuk a Lys\u00e1 jelzett lejt\u0151in vagy a \u010cergov-hegys\u00e9g cs\u00facsain val\u00f3 t\u00far\u00e1z\u00e1st. A feh\u00e9r p\u00e1ly\u00e1k kedvel\u0151it sz\u00e1mos kijel\u00f6lt p\u00e1lya gondozott p\u00e1ly\u00e1i \u00f6rvendeztetik meg, amelyekkel sehol m\u00e1shol nem tal\u00e1lkozhat a r\u00e9gi\u00f3ban.\n\n<img loading=\"lazy\" decoding=\"async\" class=\"wp-image-14305 size-full\" src=\"https:\/\/www.regionsaris.sk\/wp-content\/uploads\/2025\/12\/mapa-strediska_skiLysa.jpg\" alt=\"\" width=\"2000\" height=\"1106\" \/>\n\nA s\u00edfelszerel\u00e9s k\u00f6lcs\u00f6nz\u00e9s k\u00f6zvetlen\u00fcl az \u00fcd\u00fcl\u0151helyre \u00e9rkez\u00e9skor tal\u00e1lhat\u00f3. Az \u00e9p\u00fclet a b\u00fcf\u00e9 m\u00f6g\u00f6tti felvon\u00f3felvon\u00f3 besz\u00e1ll\u00f3\u00e1llom\u00e1s\u00e1n\u00e1l tal\u00e1lhat\u00f3 a jegyp\u00e9nzt\u00e1rak m\u00f6g\u00f6tt. Sportos h\u0151stette ut\u00e1n t\u00f6ltse fel energi\u00e1j\u00e1t a Sport Chalet-ben, ahol t\u00edz h\u00e1rom\u00e1gyas szob\u00e1ban igazi hegyi sz\u00e1ll\u00e1st tapasztalhat meg. A fah\u00e1z minden nap nyitva tart.\n<div class=\"x11i5rnm xat24cr x1mh8g0r x1vvkbs xtlvy1s x126k92a\"><\/div>\n<div class=\"x11i5rnm xat24cr x1mh8g0r x1vvkbs xtlvy1s x126k92a\">\n<div dir=\"auto\">Ha m\u00e9g nem rendezte meg a szilveszteri mulats\u00e1got, \u00e9lvezze azt a hegyoldalban.<\/div>\n<\/div>\n<img loading=\"lazy\" decoding=\"async\" class=\"aligncenter wp-image-14309 size-full\" src=\"https:\/\/www.regionsaris.sk\/wp-content\/uploads\/2025\/12\/silvester-na-ski-lysa.jpg\" alt=\"\" width=\"1448\" height=\"2048\" \/>\n\n\u00a0\n\n<strong>Bachure\u0148 fest\u0151i \u00fcd\u00fcl\u0151hely<\/strong>\n\nAz \u00fcd\u00fcl\u0151helyen tal\u00e1lhat\u00f3 lejt\u0151k v\u00e1ltoz\u00f3 neh\u00e9zs\u00e9ge miatt <strong>SKI B\u00fa\u010de - Ren\u010di\u0161ov<\/strong>, minden s\u00edel\u00e9s, skialpu \u00e9s s\u00edfut\u00e1s szerelmese megtal\u00e1lja a saj\u00e1tj\u00e1t. Az \u00fcd\u00fcl\u0151helyre val\u00f3 bejut\u00e1s Ren\u010di\u0161ov falub\u00f3l t\u00f6rt\u00e9nik, ahol s\u00edp\u00e1ly\u00e1k, s\u00ediskola \u00e9s gyermekk\u00f6t\u00e9lp\u00e1lya tal\u00e1lhat\u00f3.\n\nAz \u00fcd\u00fcl\u0151hely technikai h\u00f3\u00e1gy\u00faz\u00e1ssal rendelkezik, de az elhelyezked\u00e9se \u00e9s a tengerszint feletti magass\u00e1ga az oka annak, hogy az \u00fcd\u00fcl\u0151hely t\u00e9len sem szenved hi\u00e1nyt term\u00e9szetes h\u00f3b\u00f3l. Az \u00fcd\u00fcl\u0151helyen 5 k\u00fcl\u00f6nb\u00f6z\u0151 hossz\u00fas\u00e1g\u00fa s\u00edfelvon\u00f3 tal\u00e1lhat\u00f3. Az \u00fcd\u00fcl\u0151helyen tal\u00e1lhat\u00f3 s\u00edp\u00e1ly\u00e1k minden neh\u00e9zs\u00e9gi fokozat\u00faak, \u00f6sszesen 4 km hossz\u00faak. Ha a SKI B\u00fa\u010de s\u00edterep\u00e9n fog s\u00edelni, ne felejtse el a l\u00e1ncokat, hogy aut\u00f3j\u00e1val fel tudjon menni a fels\u0151 parkol\u00f3ba. \u00c9hen azonban nem fogsz maradni. Az \u00fcd\u00fcl\u0151k\u00f6zpont k\u00f6zep\u00e9n, 810 m tengerszint feletti magass\u00e1gban tal\u00e1lhat\u00f3 a Bukvica hegyi fah\u00e1z, vend\u00e9gl\u00e1t\u00f3helyekkel.\n\nAz \u00fcd\u00fcl\u0151hely sz\u00e1mos s\u00edhegy- \u00e9s s\u00edfut\u00f3p\u00e1ly\u00e1t k\u00edn\u00e1l, amelyek mind a kezd\u0151k, mind az egyre n\u00e9pszer\u0171bb t\u00e9li sport halad\u00f3 rajong\u00f3i sz\u00e1m\u00e1ra alkalmasak. Az alpesi jelleg\u0171 hegygerincr\u0151l sz\u00e1mos \u00e9rdekes kil\u00e1t\u00e1s ny\u00edlik Szlov\u00e1kia legmagasabb hegyeire. N\u00e9pszer\u0171ek a Biatlonov\u00e1 k\u00f6rny\u00e9ki s\u00edfut\u00f3 p\u00e1ly\u00e1k 3 km hossz\u00fas\u00e1gban, a Kis Lipovecky k\u00f6r\u00fat 5 km hossz\u00fas\u00e1gban, a Bachure\u0148sk\u00e1 gerinc\u00fat 8 km hossz\u00fas\u00e1gban vagy a Mind\u017eov\u00e1 k\u00f6r\u00fcli k\u00f6r\u00fat 7 km hossz\u00fas\u00e1gban.\n\nAz aktu\u00e1lis \u00e1rlista a honlapon tal\u00e1lhat\u00f3:\u00a0<a href=\"https:\/\/skibuce.sk\/informacie\/cennik\/\" target=\"_blank\" rel=\"noopener\">www.skibuce.sk<\/a>\n\n<figure id=\"attachment_14267\" aria-describedby=\"caption-attachment-14267\" style=\"width: 2560px\" class=\"wp-caption aligncenter\"><img loading=\"lazy\" decoding=\"async\" class=\"wp-image-14267 size-full\" src=\"https:\/\/www.regionsaris.sk\/wp-content\/uploads\/2025\/12\/smARTin-20231223-1444-scaled-1.jpg\" alt=\"\" width=\"2560\" height=\"1703\" \/><figcaption id=\"caption-attachment-14267\" class=\"wp-caption-text\">SKI B\u00fa\u010de<\/figcaption><\/figure>\n\nA s\u00edel\u00e9s a \u0160ari\u0161 r\u00e9gi\u00f3ban a Ski Drienica, Ski Lys\u00e1 \u00e9s Ski B\u00fa\u010de s\u00edterepekkel nem csak a lejt\u0151kr\u0151l \u00e9s a lejt\u0151kr\u0151l sz\u00f3l. A t\u00e9li \u00e9lm\u00e9nyek teljes spektrum\u00e1t k\u00edn\u00e1lja az adrenalinsportokt\u00f3l a csendes s\u00e9t\u00e1kig a havas t\u00e1j var\u00e1zs\u00e1ban. Ak\u00e1r lelkes s\u00edel\u0151, ak\u00e1r snowboardos, ak\u00e1r gyermekes csal\u00e1d vagy romantik\u00e1ra v\u00e1gy\u00f3 p\u00e1r, a Sharis r\u00e9gi\u00f3 t\u00e9li var\u00e1zsa meg\u00e9ri, hogy felfedezze.","protected":false},"excerpt":{"rendered":"<p>Pr\u00ed\u010fte si u\u017ei\u0165 zimu do regi\u00f3nu \u0160ari\u0161. Ly\u017eova\u010dka na \u0160ari\u0161i je ide\u00e1lnou vo\u013ebou pre t\u00fdch,...<\/p>","protected":false},"author":1,"featured_media":409,"comment_status":"open","ping_status":"open","sticky":false,"template":"","format":"standard","meta":{"_acf_changed":false,"footnotes":""},"categories":[1],"tags":[],"class_list":["post-401","post","type-post","status-publish","format-standard","has-post-thumbnail","hentry","category-novinky"],"acf":[],"yoast_head":"<!-- This site is optimized with the Yoast SEO Premium plugin v26.3 (Yoast SEO v26.8) - https:\/\/yoast.com\/product\/yoast-seo-premium-wordpress\/ -->\n<title>Ly\u017eova\u010dka v regi\u00f3ne \u0160ari\u0161 - OOCR \u0160ari\u0161<\/title>\n<meta name=\"robots\" content=\"index, follow, max-snippet:-1, max-image-preview:large, max-video-preview:-1\" \/>\n<link rel=\"canonical\" href=\"https:\/\/www.regionsaris.sk\/hu\/lyzovacka-v-regione-saris\/\" \/>\n<meta property=\"og:locale\" content=\"hu_HU\" \/>\n<meta property=\"og:type\" content=\"article\" \/>\n<meta property=\"og:title\" content=\"Ly\u017eova\u010dka v regi\u00f3ne \u0160ari\u0161\" \/>\n<meta property=\"og:description\" content=\"Pr\u00ed\u010fte si u\u017ei\u0165 zimu do regi\u00f3nu \u0160ari\u0161. Ly\u017eova\u010dka na \u0160ari\u0161i je ide\u00e1lnou vo\u013ebou pre t\u00fdch,...\" \/>\n<meta property=\"og:url\" content=\"https:\/\/www.regionsaris.sk\/hu\/lyzovacka-v-regione-saris\/\" \/>\n<meta property=\"og:site_name\" content=\"OOCR \u0160ari\u0161\" \/>\n<meta property=\"article:published_time\" content=\"2023-12-16T07:16:47+00:00\" \/>\n<meta property=\"article:modified_time\" content=\"2025-12-15T09:07:48+00:00\" \/>\n<meta property=\"og:image\" content=\"https:\/\/www.regionsaris.sk\/wp-content\/uploads\/2025\/12\/smARTin-20200209-0171-scaled-1.jpg\" \/>\n\t<meta property=\"og:image:width\" content=\"2560\" \/>\n\t<meta property=\"og:image:height\" content=\"1709\" \/>\n\t<meta property=\"og:image:type\" content=\"image\/jpeg\" \/>\n<meta name=\"author\" content=\"dev@bigway.sk\" \/>\n<meta name=\"twitter:card\" content=\"summary_large_image\" \/>\n<meta name=\"twitter:label1\" content=\"Szerz\u0151:\" \/>\n\t<meta name=\"twitter:data1\" content=\"dev@bigway.sk\" \/>\n\t<meta name=\"twitter:label2\" content=\"Becs\u00fclt olvas\u00e1si id\u0151\" \/>\n\t<meta name=\"twitter:data2\" content=\"5 perc\" \/>\n<script type=\"application\/ld+json\" class=\"yoast-schema-graph\">{\"@context\":\"https:\/\/schema.org\",\"@graph\":[{\"@type\":\"Article\",\"@id\":\"https:\/\/www.regionsaris.sk\/lyzovacka-v-regione-saris\/#article\",\"isPartOf\":{\"@id\":\"https:\/\/www.regionsaris.sk\/lyzovacka-v-regione-saris\/\"},\"author\":{\"name\":\"dev@bigway.sk\",\"@id\":\"https:\/\/www.regionsaris.sk\/#\/schema\/person\/30fad06d87cd12ad1d94ff5fbd6919d1\"},\"headline\":\"Ly\u017eova\u010dka v regi\u00f3ne \u0160ari\u0161\",\"datePublished\":\"2023-12-16T07:16:47+00:00\",\"dateModified\":\"2025-12-15T09:07:48+00:00\",\"mainEntityOfPage\":{\"@id\":\"https:\/\/www.regionsaris.sk\/lyzovacka-v-regione-saris\/\"},\"wordCount\":1040,\"commentCount\":0,\"image\":{\"@id\":\"https:\/\/www.regionsaris.sk\/lyzovacka-v-regione-saris\/#primaryimage\"},\"thumbnailUrl\":\"https:\/\/www.regionsaris.sk\/wp-content\/uploads\/2025\/12\/smARTin-20200209-0171-scaled-1.jpg\",\"articleSection\":[\"Novinky\"],\"inLanguage\":\"hu\",\"potentialAction\":[{\"@type\":\"CommentAction\",\"name\":\"Comment\",\"target\":[\"https:\/\/www.regionsaris.sk\/lyzovacka-v-regione-saris\/#respond\"]}]},{\"@type\":\"WebPage\",\"@id\":\"https:\/\/www.regionsaris.sk\/lyzovacka-v-regione-saris\/\",\"url\":\"https:\/\/www.regionsaris.sk\/lyzovacka-v-regione-saris\/\",\"name\":\"Ly\u017eova\u010dka v regi\u00f3ne \u0160ari\u0161 - OOCR \u0160ari\u0161\",\"isPartOf\":{\"@id\":\"https:\/\/www.regionsaris.sk\/#website\"},\"primaryImageOfPage\":{\"@id\":\"https:\/\/www.regionsaris.sk\/lyzovacka-v-regione-saris\/#primaryimage\"},\"image\":{\"@id\":\"https:\/\/www.regionsaris.sk\/lyzovacka-v-regione-saris\/#primaryimage\"},\"thumbnailUrl\":\"https:\/\/www.regionsaris.sk\/wp-content\/uploads\/2025\/12\/smARTin-20200209-0171-scaled-1.jpg\",\"datePublished\":\"2023-12-16T07:16:47+00:00\",\"dateModified\":\"2025-12-15T09:07:48+00:00\",\"author\":{\"@id\":\"https:\/\/www.regionsaris.sk\/#\/schema\/person\/30fad06d87cd12ad1d94ff5fbd6919d1\"},\"breadcrumb\":{\"@id\":\"https:\/\/www.regionsaris.sk\/lyzovacka-v-regione-saris\/#breadcrumb\"},\"inLanguage\":\"hu\",\"potentialAction\":[{\"@type\":\"ReadAction\",\"target\":[\"https:\/\/www.regionsaris.sk\/lyzovacka-v-regione-saris\/\"]}]},{\"@type\":\"ImageObject\",\"inLanguage\":\"hu\",\"@id\":\"https:\/\/www.regionsaris.sk\/lyzovacka-v-regione-saris\/#primaryimage\",\"url\":\"https:\/\/www.regionsaris.sk\/wp-content\/uploads\/2025\/12\/smARTin-20200209-0171-scaled-1.jpg\",\"contentUrl\":\"https:\/\/www.regionsaris.sk\/wp-content\/uploads\/2025\/12\/smARTin-20200209-0171-scaled-1.jpg\",\"width\":2560,\"height\":1709},{\"@type\":\"BreadcrumbList\",\"@id\":\"https:\/\/www.regionsaris.sk\/lyzovacka-v-regione-saris\/#breadcrumb\",\"itemListElement\":[{\"@type\":\"ListItem\",\"position\":1,\"name\":\"Domov\",\"item\":\"https:\/\/www.regionsaris.sk\/\"},{\"@type\":\"ListItem\",\"position\":2,\"name\":\"Ly\u017eova\u010dka v regi\u00f3ne \u0160ari\u0161\"}]},{\"@type\":\"WebSite\",\"@id\":\"https:\/\/www.regionsaris.sk\/#website\",\"url\":\"https:\/\/www.regionsaris.sk\/\",\"name\":\"OOCR \u0160ari\u0161\",\"description\":\"\",\"potentialAction\":[{\"@type\":\"SearchAction\",\"target\":{\"@type\":\"EntryPoint\",\"urlTemplate\":\"https:\/\/www.regionsaris.sk\/?s={search_term_string}\"},\"query-input\":{\"@type\":\"PropertyValueSpecification\",\"valueRequired\":true,\"valueName\":\"search_term_string\"}}],\"inLanguage\":\"hu\"},{\"@type\":\"Person\",\"@id\":\"https:\/\/www.regionsaris.sk\/#\/schema\/person\/30fad06d87cd12ad1d94ff5fbd6919d1\",\"name\":\"dev@bigway.sk\",\"image\":{\"@type\":\"ImageObject\",\"inLanguage\":\"hu\",\"@id\":\"https:\/\/www.regionsaris.sk\/#\/schema\/person\/image\/\",\"url\":\"https:\/\/secure.gravatar.com\/avatar\/013b34bc1192067340cff024d72adf40af543d15809da0502beda083cb4f28a2?s=96&d=mm&r=g\",\"contentUrl\":\"https:\/\/secure.gravatar.com\/avatar\/013b34bc1192067340cff024d72adf40af543d15809da0502beda083cb4f28a2?s=96&d=mm&r=g\",\"caption\":\"dev@bigway.sk\"},\"sameAs\":[\"https:\/\/www.regionsaris.sk\"],\"url\":\"https:\/\/www.regionsaris.sk\/hu\/author\/devbigway-sk\/\"}]}<\/script>\n<!-- \/ Yoast SEO Premium plugin. -->","yoast_head_json":{"title":"Ly\u017eova\u010dka v regi\u00f3ne \u0160ari\u0161 - OOCR \u0160ari\u0161","robots":{"index":"index","follow":"follow","max-snippet":"max-snippet:-1","max-image-preview":"max-image-preview:large","max-video-preview":"max-video-preview:-1"},"canonical":"https:\/\/www.regionsaris.sk\/hu\/lyzovacka-v-regione-saris\/","og_locale":"hu_HU","og_type":"article","og_title":"Ly\u017eova\u010dka v regi\u00f3ne \u0160ari\u0161","og_description":"Pr\u00ed\u010fte si u\u017ei\u0165 zimu do regi\u00f3nu \u0160ari\u0161. Ly\u017eova\u010dka na \u0160ari\u0161i je ide\u00e1lnou vo\u013ebou pre t\u00fdch,...","og_url":"https:\/\/www.regionsaris.sk\/hu\/lyzovacka-v-regione-saris\/","og_site_name":"OOCR \u0160ari\u0161","article_published_time":"2023-12-16T07:16:47+00:00","article_modified_time":"2025-12-15T09:07:48+00:00","og_image":[{"width":2560,"height":1709,"url":"https:\/\/www.regionsaris.sk\/wp-content\/uploads\/2025\/12\/smARTin-20200209-0171-scaled-1.jpg","type":"image\/jpeg"}],"author":"dev@bigway.sk","twitter_card":"summary_large_image","twitter_misc":{"Szerz\u0151:":"dev@bigway.sk","Becs\u00fclt olvas\u00e1si id\u0151":"5 perc"},"schema":{"@context":"https:\/\/schema.org","@graph":[{"@type":"Article","@id":"https:\/\/www.regionsaris.sk\/lyzovacka-v-regione-saris\/#article","isPartOf":{"@id":"https:\/\/www.regionsaris.sk\/lyzovacka-v-regione-saris\/"},"author":{"name":"dev@bigway.sk","@id":"https:\/\/www.regionsaris.sk\/#\/schema\/person\/30fad06d87cd12ad1d94ff5fbd6919d1"},"headline":"Ly\u017eova\u010dka v regi\u00f3ne \u0160ari\u0161","datePublished":"2023-12-16T07:16:47+00:00","dateModified":"2025-12-15T09:07:48+00:00","mainEntityOfPage":{"@id":"https:\/\/www.regionsaris.sk\/lyzovacka-v-regione-saris\/"},"wordCount":1040,"commentCount":0,"image":{"@id":"https:\/\/www.regionsaris.sk\/lyzovacka-v-regione-saris\/#primaryimage"},"thumbnailUrl":"https:\/\/www.regionsaris.sk\/wp-content\/uploads\/2025\/12\/smARTin-20200209-0171-scaled-1.jpg","articleSection":["Novinky"],"inLanguage":"hu","potentialAction":[{"@type":"CommentAction","name":"Comment","target":["https:\/\/www.regionsaris.sk\/lyzovacka-v-regione-saris\/#respond"]}]},{"@type":"WebPage","@id":"https:\/\/www.regionsaris.sk\/lyzovacka-v-regione-saris\/","url":"https:\/\/www.regionsaris.sk\/lyzovacka-v-regione-saris\/","name":"Ly\u017eova\u010dka v regi\u00f3ne \u0160ari\u0161 - OOCR \u0160ari\u0161","isPartOf":{"@id":"https:\/\/www.regionsaris.sk\/#website"},"primaryImageOfPage":{"@id":"https:\/\/www.regionsaris.sk\/lyzovacka-v-regione-saris\/#primaryimage"},"image":{"@id":"https:\/\/www.regionsaris.sk\/lyzovacka-v-regione-saris\/#primaryimage"},"thumbnailUrl":"https:\/\/www.regionsaris.sk\/wp-content\/uploads\/2025\/12\/smARTin-20200209-0171-scaled-1.jpg","datePublished":"2023-12-16T07:16:47+00:00","dateModified":"2025-12-15T09:07:48+00:00","author":{"@id":"https:\/\/www.regionsaris.sk\/#\/schema\/person\/30fad06d87cd12ad1d94ff5fbd6919d1"},"breadcrumb":{"@id":"https:\/\/www.regionsaris.sk\/lyzovacka-v-regione-saris\/#breadcrumb"},"inLanguage":"hu","potentialAction":[{"@type":"ReadAction","target":["https:\/\/www.regionsaris.sk\/lyzovacka-v-regione-saris\/"]}]},{"@type":"ImageObject","inLanguage":"hu","@id":"https:\/\/www.regionsaris.sk\/lyzovacka-v-regione-saris\/#primaryimage","url":"https:\/\/www.regionsaris.sk\/wp-content\/uploads\/2025\/12\/smARTin-20200209-0171-scaled-1.jpg","contentUrl":"https:\/\/www.regionsaris.sk\/wp-content\/uploads\/2025\/12\/smARTin-20200209-0171-scaled-1.jpg","width":2560,"height":1709},{"@type":"BreadcrumbList","@id":"https:\/\/www.regionsaris.sk\/lyzovacka-v-regione-saris\/#breadcrumb","itemListElement":[{"@type":"ListItem","position":1,"name":"Domov","item":"https:\/\/www.regionsaris.sk\/"},{"@type":"ListItem","position":2,"name":"Ly\u017eova\u010dka v regi\u00f3ne \u0160ari\u0161"}]},{"@type":"WebSite","@id":"https:\/\/www.regionsaris.sk\/#website","url":"https:\/\/www.regionsaris.sk\/","name":"OOCR \u0160ari\u0161","description":"","potentialAction":[{"@type":"SearchAction","target":{"@type":"EntryPoint","urlTemplate":"https:\/\/www.regionsaris.sk\/?s={search_term_string}"},"query-input":{"@type":"PropertyValueSpecification","valueRequired":true,"valueName":"search_term_string"}}],"inLanguage":"hu"},{"@type":"Person","@id":"https:\/\/www.regionsaris.sk\/#\/schema\/person\/30fad06d87cd12ad1d94ff5fbd6919d1","name":"dev@bigway.sk","image":{"@type":"ImageObject","inLanguage":"hu","@id":"https:\/\/www.regionsaris.sk\/#\/schema\/person\/image\/","url":"https:\/\/secure.gravatar.com\/avatar\/013b34bc1192067340cff024d72adf40af543d15809da0502beda083cb4f28a2?s=96&d=mm&r=g","contentUrl":"https:\/\/secure.gravatar.com\/avatar\/013b34bc1192067340cff024d72adf40af543d15809da0502beda083cb4f28a2?s=96&d=mm&r=g","caption":"dev@bigway.sk"},"sameAs":["https:\/\/www.regionsaris.sk"],"url":"https:\/\/www.regionsaris.sk\/hu\/author\/devbigway-sk\/"}]}},"_links":{"self":[{"href":"https:\/\/www.regionsaris.sk\/hu\/wp-json\/wp\/v2\/posts\/401","targetHints":{"allow":["GET"]}}],"collection":[{"href":"https:\/\/www.regionsaris.sk\/hu\/wp-json\/wp\/v2\/posts"}],"about":[{"href":"https:\/\/www.regionsaris.sk\/hu\/wp-json\/wp\/v2\/types\/post"}],"author":[{"embeddable":true,"href":"https:\/\/www.regionsaris.sk\/hu\/wp-json\/wp\/v2\/users\/1"}],"replies":[{"embeddable":true,"href":"https:\/\/www.regionsaris.sk\/hu\/wp-json\/wp\/v2\/comments?post=401"}],"version-history":[{"count":1,"href":"https:\/\/www.regionsaris.sk\/hu\/wp-json\/wp\/v2\/posts\/401\/revisions"}],"predecessor-version":[{"id":408,"href":"https:\/\/www.regionsaris.sk\/hu\/wp-json\/wp\/v2\/posts\/401\/revisions\/408"}],"wp:featuredmedia":[{"embeddable":true,"href":"https:\/\/www.regionsaris.sk\/hu\/wp-json\/wp\/v2\/media\/409"}],"wp:attachment":[{"href":"https:\/\/www.regionsaris.sk\/hu\/wp-json\/wp\/v2\/media?parent=401"}],"wp:term":[{"taxonomy":"category","embeddable":true,"href":"https:\/\/www.regionsaris.sk\/hu\/wp-json\/wp\/v2\/categories?post=401"},{"taxonomy":"post_tag","embeddable":true,"href":"https:\/\/www.regionsaris.sk\/hu\/wp-json\/wp\/v2\/tags?post=401"}],"curies":[{"name":"wp","href":"https:\/\/api.w.org\/{rel}","templated":true}]}}