{"id":3966,"date":"2026-03-09T13:46:23","date_gmt":"2026-03-09T12:46:23","guid":{"rendered":"https:\/\/www.regionsaris.sk\/?p=3966"},"modified":"2026-03-27T14:58:49","modified_gmt":"2026-03-27T13:58:49","slug":"objavovanie-presova-den-zien-s-velkymi-zenami-velkeho-sarisa","status":"publish","type":"post","link":"https:\/\/www.regionsaris.sk\/hu\/objavovanie-presova-den-zien-s-velkymi-zenami-velkeho-sarisa\/","title":{"rendered":"Pre\u0161ov felfedez\u00e9se: n\u0151nap a nagyv\u00e1radi n\u0151kkel"},"content":{"rendered":"<p>A nemzetk\u00f6zi n\u0151napot a \u0160ari\u0161 r\u00e9gi\u00f3ban id\u00e9n is a t\u00f6rt\u00e9nelem, az inspir\u00e1ci\u00f3 \u00e9s a felfedez\u00e9s jellemezte. A tematikus esem\u00e9ny\u00a0<strong><a href=\"https:\/\/www.regionsaris.sk\/hu\/objavujte-presov\/\">Pre\u0161ov felfedez\u00e9se<\/a><\/strong>\u00a0ez\u00fattal bemutatta a r\u00e9sztvev\u0151knek\u00a0<strong>Ve\u013ek\u00fd \u0160ari\u0161<\/strong>, ahol megeml\u00e9kezt\u00fcnk a v\u00e1roshoz k\u00f6t\u0151d\u0151 rendk\u00edv\u00fcli n\u0151k t\u00f6rt\u00e9neteir\u0151l. A t\u00e9ma \u201e<strong>Ve\u013ek\u00fd \u0160ari\u0161 nagy asszonyai<\/strong>\u201c olyan n\u0151kr\u0151l ny\u00fajtott bepillant\u00e1st, akik \u00e9let\u00fckkel, b\u00e1tors\u00e1gukkal \u00e9s kreativit\u00e1sukkal nyomot hagytak a r\u00e9gi\u00f3 t\u00f6rt\u00e9nelm\u00e9ben.<\/p>\n\n\n<div class=\"wp-block-image\">\n<figure class=\"aligncenter size-large\"><img loading=\"lazy\" decoding=\"async\" width=\"1024\" height=\"768\" src=\"https:\/\/www.regionsaris.sk\/wp-content\/uploads\/2026\/02\/objavovanie-presova-velky-saris-2-marec-2026-oocrrs-1024x768.jpeg\" alt=\"\" class=\"wp-image-3958\" srcset=\"https:\/\/www.regionsaris.sk\/wp-content\/uploads\/2026\/02\/objavovanie-presova-velky-saris-2-marec-2026-oocrrs-1024x768.jpeg 1024w, https:\/\/www.regionsaris.sk\/wp-content\/uploads\/2026\/02\/objavovanie-presova-velky-saris-2-marec-2026-oocrrs-300x225.jpeg 300w, https:\/\/www.regionsaris.sk\/wp-content\/uploads\/2026\/02\/objavovanie-presova-velky-saris-2-marec-2026-oocrrs-768x576.jpeg 768w, https:\/\/www.regionsaris.sk\/wp-content\/uploads\/2026\/02\/objavovanie-presova-velky-saris-2-marec-2026-oocrrs-1536x1152.jpeg 1536w, https:\/\/www.regionsaris.sk\/wp-content\/uploads\/2026\/02\/objavovanie-presova-velky-saris-2-marec-2026-oocrrs-16x12.jpeg 16w, https:\/\/www.regionsaris.sk\/wp-content\/uploads\/2026\/02\/objavovanie-presova-velky-saris-2-marec-2026-oocrrs.jpeg 2048w\" sizes=\"auto, (max-width: 1024px) 100vw, 1024px\" \/><\/figure>\n<\/div>\n\n\n<p><\/p>\n\n\n\n<p>A rendezv\u00e9ny a v\u00e1rosn\u00e9z\u0151 s\u00e9t\u00e1t \u00f6sszek\u00f6t\u00f6tte egy besz\u00e9lget\u00e9ssel a m\u00faltr\u00f3l \u00e9s a helyi t\u00f6rt\u00e9netekr\u0151l, amelyek gyakran rejtve maradnak a t\u00f6rt\u00e9nelmi forr\u00e1sokban vagy a lakosok eml\u00e9keiben. A r\u00e9sztvev\u0151knek lehet\u0151s\u00e9g\u00fck ny\u00edlt arra, hogy \u00e9rdekes t\u00e9nyeket tudjanak meg a v\u00e1ros \u00e9let\u00e9r\u0151l. <strong>Elena Lackova<\/strong> a <strong>Szent Kunhuty<\/strong>, akik a helyi \u00e9let fontos szem\u00e9lyis\u00e9gei voltak.<\/p>\n\n\n<div class=\"wp-block-image\">\n<figure class=\"aligncenter size-large\"><img loading=\"lazy\" decoding=\"async\" width=\"768\" height=\"1024\" src=\"https:\/\/www.regionsaris.sk\/wp-content\/uploads\/2026\/02\/objavovanie-presova-velky-saris-3-marec-2026-oocrrs-768x1024.jpeg\" alt=\"\" class=\"wp-image-3959\" srcset=\"https:\/\/www.regionsaris.sk\/wp-content\/uploads\/2026\/02\/objavovanie-presova-velky-saris-3-marec-2026-oocrrs-768x1024.jpeg 768w, https:\/\/www.regionsaris.sk\/wp-content\/uploads\/2026\/02\/objavovanie-presova-velky-saris-3-marec-2026-oocrrs-225x300.jpeg 225w, https:\/\/www.regionsaris.sk\/wp-content\/uploads\/2026\/02\/objavovanie-presova-velky-saris-3-marec-2026-oocrrs-1152x1536.jpeg 1152w, https:\/\/www.regionsaris.sk\/wp-content\/uploads\/2026\/02\/objavovanie-presova-velky-saris-3-marec-2026-oocrrs-9x12.jpeg 9w, https:\/\/www.regionsaris.sk\/wp-content\/uploads\/2026\/02\/objavovanie-presova-velky-saris-3-marec-2026-oocrrs.jpeg 1536w\" sizes=\"auto, (max-width: 768px) 100vw, 768px\" \/><\/figure>\n<\/div>\n\n\n<p><\/p>\n\n\n\n<p>Az esem\u00e9ny egyben szimbolikus \u00fcnnepl\u00e9se is volt a <strong>Nemzetk\u00f6zi n\u0151nap<\/strong> - eml\u00e9keztet\u0151\u00fcl arra, hogy a region\u00e1lis t\u00f6rt\u00e9nelemben sok olyan er\u0151s n\u0151i t\u00f6rt\u00e9net van, amely figyelmet \u00e9rdemel. Sorsuk azt bizony\u00edtja, hogy a n\u0151k nemcsak a csal\u00e1dokban, hanem a r\u00e9gi\u00f3 kultur\u00e1lis \u00e9s t\u00e1rsadalmi \u00e9let\u00e9ben is fontos szerepet j\u00e1tszottak.<\/p>\n\n\n<div class=\"wp-block-image\">\n<figure class=\"aligncenter size-large\"><img loading=\"lazy\" decoding=\"async\" width=\"768\" height=\"1024\" src=\"https:\/\/www.regionsaris.sk\/wp-content\/uploads\/2026\/02\/objavovanie-presova-velky-saris-5-marec-2026-oocrrs-768x1024.jpg\" alt=\"\" class=\"wp-image-3961\" srcset=\"https:\/\/www.regionsaris.sk\/wp-content\/uploads\/2026\/02\/objavovanie-presova-velky-saris-5-marec-2026-oocrrs-768x1024.jpg 768w, https:\/\/www.regionsaris.sk\/wp-content\/uploads\/2026\/02\/objavovanie-presova-velky-saris-5-marec-2026-oocrrs-225x300.jpg 225w, https:\/\/www.regionsaris.sk\/wp-content\/uploads\/2026\/02\/objavovanie-presova-velky-saris-5-marec-2026-oocrrs-1152x1536.jpg 1152w, https:\/\/www.regionsaris.sk\/wp-content\/uploads\/2026\/02\/objavovanie-presova-velky-saris-5-marec-2026-oocrrs-9x12.jpg 9w, https:\/\/www.regionsaris.sk\/wp-content\/uploads\/2026\/02\/objavovanie-presova-velky-saris-5-marec-2026-oocrrs.jpg 1536w\" sizes=\"auto, (max-width: 768px) 100vw, 768px\" \/><\/figure>\n<\/div>\n\n\n<p><\/p>\n\n\n\n<p>Leny\u0171g\u00f6z\u0151 \u00e9lett\u00f6rt\u00e9netek <strong>Elena Lackova<\/strong> a <strong>Szent Kunhuty<\/strong> A. Sivani\u010dov\u00e1 \u00e9s a h\u00e1zasp\u00e1r D. \u00e9s J. Sabol kalauzolt minket. A felfedez\u00e9s sor\u00e1n megl\u00e1togattuk <a href=\"https:\/\/www.regionsaris.sk\/hu\/nabozensky-turizmus\/kaplnka-sv-kunhuty-velky-saris\/\">a Szent Kunhuta k\u00e1polna<\/a>, amelyet a 16. sz\u00e1zad k\u00f6zep\u00e9n alap\u00edtottak. A nagyk\u00f6z\u00f6ns\u00e9g sz\u00e1m\u00e1ra csak sz\u00f3rv\u00e1nyosan l\u00e1togathat\u00f3, \u00e9s nek\u00fcnk lehet\u0151s\u00e9g\u00fcnk volt megn\u00e9zni a belsej\u00e9t. <\/p>\n\n\n\n<figure class=\"wp-block-image size-large\"><img loading=\"lazy\" decoding=\"async\" width=\"1024\" height=\"768\" src=\"https:\/\/www.regionsaris.sk\/wp-content\/uploads\/2026\/02\/objavovanie-presova-velky-saris-4-marec-2026-oocrrs-1024x768.jpeg\" alt=\"\" class=\"wp-image-3960\" srcset=\"https:\/\/www.regionsaris.sk\/wp-content\/uploads\/2026\/02\/objavovanie-presova-velky-saris-4-marec-2026-oocrrs-1024x768.jpeg 1024w, https:\/\/www.regionsaris.sk\/wp-content\/uploads\/2026\/02\/objavovanie-presova-velky-saris-4-marec-2026-oocrrs-300x225.jpeg 300w, https:\/\/www.regionsaris.sk\/wp-content\/uploads\/2026\/02\/objavovanie-presova-velky-saris-4-marec-2026-oocrrs-768x576.jpeg 768w, https:\/\/www.regionsaris.sk\/wp-content\/uploads\/2026\/02\/objavovanie-presova-velky-saris-4-marec-2026-oocrrs-1536x1152.jpeg 1536w, https:\/\/www.regionsaris.sk\/wp-content\/uploads\/2026\/02\/objavovanie-presova-velky-saris-4-marec-2026-oocrrs-16x12.jpeg 16w, https:\/\/www.regionsaris.sk\/wp-content\/uploads\/2026\/02\/objavovanie-presova-velky-saris-4-marec-2026-oocrrs.jpeg 2048w\" sizes=\"auto, (max-width: 1024px) 100vw, 1024px\" \/><\/figure>\n\n\n\n<p><\/p>\n\n\n\n<p>Sorozat\u00a0<strong><a href=\"https:\/\/www.regionsaris.sk\/hu\/objavujte-presov\/\">Pre\u0161ov felfedez\u00e9se<\/a><\/strong>\u00a0rendszeresen \u00faj t\u00e9m\u00e1kat \u00e9s helysz\u00edneket mutat be, amelyek seg\u00edtenek megismerni Pre\u0161ov \u00e9s k\u00f6rny\u00e9ke t\u00f6rt\u00e9nelm\u00e9t k\u00fcl\u00f6nb\u00f6z\u0151 n\u00e9z\u0151pontokb\u00f3l. Az ilyen tal\u00e1lkoz\u00f3knak k\u00f6sz\u00f6nhet\u0151en a l\u00e1togat\u00f3k m\u00e9lyebben megismerhetik a \u0160ari\u0161 r\u00e9gi\u00f3t - azoknak az embereknek a t\u00f6rt\u00e9netein kereszt\u00fcl, akik itt \u00e9ltek \u00e9s megteremtett\u00e9k a r\u00e9gi\u00f3 egyedi hangulat\u00e1t.<\/p>\n\n\n\n<p>A felt\u00e1r\u00e1s a k\u00f6vetkez\u0151 h\u00f3napokban is folytat\u00f3dik, \u00e9s \u00faj t\u00e9m\u00e1kat k\u00edn\u00e1l, amelyek ism\u00e9t \u00e9rdekes fejezeteket hoznak k\u00f6zelebb Pre\u0161ov \u00e9s k\u00f6rny\u00e9ke t\u00f6rt\u00e9net\u00e9b\u0151l.<\/p>\n\n\n\n<p class=\"has-text-align-center\">Az esem\u00e9ny p\u00e9nz\u00fcgyi t\u00e1mogat\u00e1ssal val\u00f3sult meg\u00a0<strong>A Szlov\u00e1k K\u00f6zt\u00e1rsas\u00e1g Idegenforgalmi \u00e9s Sportminiszt\u00e9riuma<\/strong>.<\/p>\n\n\n<div class=\"wp-block-image\">\n<figure class=\"aligncenter size-full is-resized\"><img loading=\"lazy\" decoding=\"async\" width=\"400\" height=\"150\" src=\"https:\/\/www.regionsaris.sk\/wp-content\/uploads\/2026\/02\/loga-pata-clanok-1.jpg\" alt=\"\" class=\"wp-image-3541\" style=\"width:400px;height:auto\" srcset=\"https:\/\/www.regionsaris.sk\/wp-content\/uploads\/2026\/02\/loga-pata-clanok-1.jpg 400w, https:\/\/www.regionsaris.sk\/wp-content\/uploads\/2026\/02\/loga-pata-clanok-1-300x113.jpg 300w, https:\/\/www.regionsaris.sk\/wp-content\/uploads\/2026\/02\/loga-pata-clanok-1-18x7.jpg 18w\" sizes=\"auto, (max-width: 400px) 100vw, 400px\" \/><\/figure>\n<\/div>\n\n\n<p><\/p>\n\n\n\n<p>Forr\u00e1s: Region\u00e1lis Turisztikai Szervezet Regi\u00f3n \u0160ari\u0161<br>Fot\u00f3 forr\u00e1sa: Region\u00e1lis Turisztikai Szervezet Regi\u00f3n \u0160ari\u0161<\/p>\n\n\n\n<p><\/p>","protected":false},"excerpt":{"rendered":"<p>A nemzetk\u00f6zi n\u0151napot a \u0160ari\u0161 r\u00e9gi\u00f3ban id\u00e9n is a t\u00f6rt\u00e9nelem, az inspir\u00e1ci\u00f3, a...<\/p>","protected":false},"author":3,"featured_media":3959,"comment_status":"closed","ping_status":"closed","sticky":false,"template":"","format":"standard","meta":{"_acf_changed":false,"footnotes":""},"categories":[207],"tags":[],"class_list":["post-3966","post","type-post","status-publish","format-standard","has-post-thumbnail","hentry","category-projekty"],"acf":[],"yoast_head":"<!-- This site is optimized with the Yoast SEO Premium plugin v26.3 (Yoast SEO v26.8) - https:\/\/yoast.com\/product\/yoast-seo-premium-wordpress\/ -->\n<title>Objavovanie Pre\u0161ova: De\u0148 \u017eien s ve\u013ek\u00fdmi \u017eenami Ve\u013ek\u00e9ho \u0160ari\u0161a - OOCR \u0160ari\u0161<\/title>\n<meta name=\"description\" content=\"Marcov\u00e9 Objavovanie Pre\u0161ova n\u00e1s presunulo do ved\u013eaj\u0161ieho mesta. V meste Ve\u013ek\u00fd \u0160ari\u0161 sme objavili pr\u00edbeh Eleny Lackovej a sv. Kunhuty.\" \/>\n<meta name=\"robots\" content=\"index, follow, max-snippet:-1, max-image-preview:large, max-video-preview:-1\" \/>\n<link rel=\"canonical\" href=\"https:\/\/www.regionsaris.sk\/hu\/objavovanie-presova-den-zien-s-velkymi-zenami-velkeho-sarisa\/\" \/>\n<meta property=\"og:locale\" content=\"hu_HU\" \/>\n<meta property=\"og:type\" content=\"article\" \/>\n<meta property=\"og:title\" content=\"Objavovanie Pre\u0161ova: De\u0148 \u017eien s ve\u013ek\u00fdmi \u017eenami Ve\u013ek\u00e9ho \u0160ari\u0161a\" \/>\n<meta property=\"og:description\" content=\"Marcov\u00e9 Objavovanie Pre\u0161ova n\u00e1s presunulo do ved\u013eaj\u0161ieho mesta. V meste Ve\u013ek\u00fd \u0160ari\u0161 sme objavili pr\u00edbeh Eleny Lackovej a sv. Kunhuty.\" \/>\n<meta property=\"og:url\" content=\"https:\/\/www.regionsaris.sk\/hu\/objavovanie-presova-den-zien-s-velkymi-zenami-velkeho-sarisa\/\" \/>\n<meta property=\"og:site_name\" content=\"OOCR \u0160ari\u0161\" \/>\n<meta property=\"article:published_time\" content=\"2026-03-09T12:46:23+00:00\" \/>\n<meta property=\"article:modified_time\" content=\"2026-03-27T13:58:49+00:00\" \/>\n<meta property=\"og:image\" content=\"https:\/\/www.regionsaris.sk\/wp-content\/uploads\/2026\/02\/objavovanie-presova-velky-saris-3-marec-2026-oocrrs.jpeg\" \/>\n\t<meta property=\"og:image:width\" content=\"1536\" \/>\n\t<meta property=\"og:image:height\" content=\"2048\" \/>\n\t<meta property=\"og:image:type\" content=\"image\/jpeg\" \/>\n<meta name=\"author\" content=\"marketing\" \/>\n<meta name=\"twitter:card\" content=\"summary_large_image\" \/>\n<meta name=\"twitter:label1\" content=\"Szerz\u0151:\" \/>\n\t<meta name=\"twitter:data1\" content=\"marketing\" \/>\n\t<meta name=\"twitter:label2\" content=\"Becs\u00fclt olvas\u00e1si id\u0151\" \/>\n\t<meta name=\"twitter:data2\" content=\"3 perc\" \/>\n<script type=\"application\/ld+json\" class=\"yoast-schema-graph\">{\"@context\":\"https:\/\/schema.org\",\"@graph\":[{\"@type\":\"Article\",\"@id\":\"https:\/\/www.regionsaris.sk\/objavovanie-presova-den-zien-s-velkymi-zenami-velkeho-sarisa\/#article\",\"isPartOf\":{\"@id\":\"https:\/\/www.regionsaris.sk\/objavovanie-presova-den-zien-s-velkymi-zenami-velkeho-sarisa\/\"},\"author\":{\"name\":\"marketing\",\"@id\":\"https:\/\/www.regionsaris.sk\/#\/schema\/person\/ec8d3b7d0a3a7dad307f10116198d0b5\"},\"headline\":\"Objavovanie Pre\u0161ova: De\u0148 \u017eien s ve\u013ek\u00fdmi \u017eenami Ve\u013ek\u00e9ho \u0160ari\u0161a\",\"datePublished\":\"2026-03-09T12:46:23+00:00\",\"dateModified\":\"2026-03-27T13:58:49+00:00\",\"mainEntityOfPage\":{\"@id\":\"https:\/\/www.regionsaris.sk\/objavovanie-presova-den-zien-s-velkymi-zenami-velkeho-sarisa\/\"},\"wordCount\":405,\"image\":{\"@id\":\"https:\/\/www.regionsaris.sk\/objavovanie-presova-den-zien-s-velkymi-zenami-velkeho-sarisa\/#primaryimage\"},\"thumbnailUrl\":\"https:\/\/www.regionsaris.sk\/wp-content\/uploads\/2026\/02\/objavovanie-presova-velky-saris-3-marec-2026-oocrrs.jpeg\",\"articleSection\":[\"Projekty\"],\"inLanguage\":\"hu\"},{\"@type\":\"WebPage\",\"@id\":\"https:\/\/www.regionsaris.sk\/objavovanie-presova-den-zien-s-velkymi-zenami-velkeho-sarisa\/\",\"url\":\"https:\/\/www.regionsaris.sk\/objavovanie-presova-den-zien-s-velkymi-zenami-velkeho-sarisa\/\",\"name\":\"Objavovanie Pre\u0161ova: De\u0148 \u017eien s ve\u013ek\u00fdmi \u017eenami Ve\u013ek\u00e9ho \u0160ari\u0161a - OOCR \u0160ari\u0161\",\"isPartOf\":{\"@id\":\"https:\/\/www.regionsaris.sk\/#website\"},\"primaryImageOfPage\":{\"@id\":\"https:\/\/www.regionsaris.sk\/objavovanie-presova-den-zien-s-velkymi-zenami-velkeho-sarisa\/#primaryimage\"},\"image\":{\"@id\":\"https:\/\/www.regionsaris.sk\/objavovanie-presova-den-zien-s-velkymi-zenami-velkeho-sarisa\/#primaryimage\"},\"thumbnailUrl\":\"https:\/\/www.regionsaris.sk\/wp-content\/uploads\/2026\/02\/objavovanie-presova-velky-saris-3-marec-2026-oocrrs.jpeg\",\"datePublished\":\"2026-03-09T12:46:23+00:00\",\"dateModified\":\"2026-03-27T13:58:49+00:00\",\"author\":{\"@id\":\"https:\/\/www.regionsaris.sk\/#\/schema\/person\/ec8d3b7d0a3a7dad307f10116198d0b5\"},\"description\":\"Marcov\u00e9 Objavovanie Pre\u0161ova n\u00e1s presunulo do ved\u013eaj\u0161ieho mesta. V meste Ve\u013ek\u00fd \u0160ari\u0161 sme objavili pr\u00edbeh Eleny Lackovej a sv. Kunhuty.\",\"breadcrumb\":{\"@id\":\"https:\/\/www.regionsaris.sk\/objavovanie-presova-den-zien-s-velkymi-zenami-velkeho-sarisa\/#breadcrumb\"},\"inLanguage\":\"hu\",\"potentialAction\":[{\"@type\":\"ReadAction\",\"target\":[\"https:\/\/www.regionsaris.sk\/objavovanie-presova-den-zien-s-velkymi-zenami-velkeho-sarisa\/\"]}]},{\"@type\":\"ImageObject\",\"inLanguage\":\"hu\",\"@id\":\"https:\/\/www.regionsaris.sk\/objavovanie-presova-den-zien-s-velkymi-zenami-velkeho-sarisa\/#primaryimage\",\"url\":\"https:\/\/www.regionsaris.sk\/wp-content\/uploads\/2026\/02\/objavovanie-presova-velky-saris-3-marec-2026-oocrrs.jpeg\",\"contentUrl\":\"https:\/\/www.regionsaris.sk\/wp-content\/uploads\/2026\/02\/objavovanie-presova-velky-saris-3-marec-2026-oocrrs.jpeg\",\"width\":1536,\"height\":2048},{\"@type\":\"BreadcrumbList\",\"@id\":\"https:\/\/www.regionsaris.sk\/objavovanie-presova-den-zien-s-velkymi-zenami-velkeho-sarisa\/#breadcrumb\",\"itemListElement\":[{\"@type\":\"ListItem\",\"position\":1,\"name\":\"Domov\",\"item\":\"https:\/\/www.regionsaris.sk\/\"},{\"@type\":\"ListItem\",\"position\":2,\"name\":\"Objavovanie Pre\u0161ova: De\u0148 \u017eien s ve\u013ek\u00fdmi \u017eenami Ve\u013ek\u00e9ho \u0160ari\u0161a\"}]},{\"@type\":\"WebSite\",\"@id\":\"https:\/\/www.regionsaris.sk\/#website\",\"url\":\"https:\/\/www.regionsaris.sk\/\",\"name\":\"OOCR \u0160ari\u0161\",\"description\":\"\",\"potentialAction\":[{\"@type\":\"SearchAction\",\"target\":{\"@type\":\"EntryPoint\",\"urlTemplate\":\"https:\/\/www.regionsaris.sk\/?s={search_term_string}\"},\"query-input\":{\"@type\":\"PropertyValueSpecification\",\"valueRequired\":true,\"valueName\":\"search_term_string\"}}],\"inLanguage\":\"hu\"},{\"@type\":\"Person\",\"@id\":\"https:\/\/www.regionsaris.sk\/#\/schema\/person\/ec8d3b7d0a3a7dad307f10116198d0b5\",\"name\":\"marketing\",\"image\":{\"@type\":\"ImageObject\",\"inLanguage\":\"hu\",\"@id\":\"https:\/\/www.regionsaris.sk\/#\/schema\/person\/image\/\",\"url\":\"https:\/\/secure.gravatar.com\/avatar\/d86c85c214091923000a199276e541a97ba20b5109e7b00260a23abc26f5b6c1?s=96&d=mm&r=g\",\"contentUrl\":\"https:\/\/secure.gravatar.com\/avatar\/d86c85c214091923000a199276e541a97ba20b5109e7b00260a23abc26f5b6c1?s=96&d=mm&r=g\",\"caption\":\"marketing\"},\"url\":\"https:\/\/www.regionsaris.sk\/hu\/author\/marketing\/\"}]}<\/script>\n<!-- \/ Yoast SEO Premium plugin. -->","yoast_head_json":{"title":"Objavovanie Pre\u0161ova: De\u0148 \u017eien s ve\u013ek\u00fdmi \u017eenami Ve\u013ek\u00e9ho \u0160ari\u0161a - OOCR \u0160ari\u0161","description":"Marcov\u00e9 Objavovanie Pre\u0161ova n\u00e1s presunulo do ved\u013eaj\u0161ieho mesta. V meste Ve\u013ek\u00fd \u0160ari\u0161 sme objavili pr\u00edbeh Eleny Lackovej a sv. Kunhuty.","robots":{"index":"index","follow":"follow","max-snippet":"max-snippet:-1","max-image-preview":"max-image-preview:large","max-video-preview":"max-video-preview:-1"},"canonical":"https:\/\/www.regionsaris.sk\/hu\/objavovanie-presova-den-zien-s-velkymi-zenami-velkeho-sarisa\/","og_locale":"hu_HU","og_type":"article","og_title":"Objavovanie Pre\u0161ova: De\u0148 \u017eien s ve\u013ek\u00fdmi \u017eenami Ve\u013ek\u00e9ho \u0160ari\u0161a","og_description":"Marcov\u00e9 Objavovanie Pre\u0161ova n\u00e1s presunulo do ved\u013eaj\u0161ieho mesta. V meste Ve\u013ek\u00fd \u0160ari\u0161 sme objavili pr\u00edbeh Eleny Lackovej a sv. Kunhuty.","og_url":"https:\/\/www.regionsaris.sk\/hu\/objavovanie-presova-den-zien-s-velkymi-zenami-velkeho-sarisa\/","og_site_name":"OOCR \u0160ari\u0161","article_published_time":"2026-03-09T12:46:23+00:00","article_modified_time":"2026-03-27T13:58:49+00:00","og_image":[{"width":1536,"height":2048,"url":"https:\/\/www.regionsaris.sk\/wp-content\/uploads\/2026\/02\/objavovanie-presova-velky-saris-3-marec-2026-oocrrs.jpeg","type":"image\/jpeg"}],"author":"marketing","twitter_card":"summary_large_image","twitter_misc":{"Szerz\u0151:":"marketing","Becs\u00fclt olvas\u00e1si id\u0151":"3 perc"},"schema":{"@context":"https:\/\/schema.org","@graph":[{"@type":"Article","@id":"https:\/\/www.regionsaris.sk\/objavovanie-presova-den-zien-s-velkymi-zenami-velkeho-sarisa\/#article","isPartOf":{"@id":"https:\/\/www.regionsaris.sk\/objavovanie-presova-den-zien-s-velkymi-zenami-velkeho-sarisa\/"},"author":{"name":"marketing","@id":"https:\/\/www.regionsaris.sk\/#\/schema\/person\/ec8d3b7d0a3a7dad307f10116198d0b5"},"headline":"Objavovanie Pre\u0161ova: De\u0148 \u017eien s ve\u013ek\u00fdmi \u017eenami Ve\u013ek\u00e9ho \u0160ari\u0161a","datePublished":"2026-03-09T12:46:23+00:00","dateModified":"2026-03-27T13:58:49+00:00","mainEntityOfPage":{"@id":"https:\/\/www.regionsaris.sk\/objavovanie-presova-den-zien-s-velkymi-zenami-velkeho-sarisa\/"},"wordCount":405,"image":{"@id":"https:\/\/www.regionsaris.sk\/objavovanie-presova-den-zien-s-velkymi-zenami-velkeho-sarisa\/#primaryimage"},"thumbnailUrl":"https:\/\/www.regionsaris.sk\/wp-content\/uploads\/2026\/02\/objavovanie-presova-velky-saris-3-marec-2026-oocrrs.jpeg","articleSection":["Projekty"],"inLanguage":"hu"},{"@type":"WebPage","@id":"https:\/\/www.regionsaris.sk\/objavovanie-presova-den-zien-s-velkymi-zenami-velkeho-sarisa\/","url":"https:\/\/www.regionsaris.sk\/objavovanie-presova-den-zien-s-velkymi-zenami-velkeho-sarisa\/","name":"Objavovanie Pre\u0161ova: De\u0148 \u017eien s ve\u013ek\u00fdmi \u017eenami Ve\u013ek\u00e9ho \u0160ari\u0161a - OOCR \u0160ari\u0161","isPartOf":{"@id":"https:\/\/www.regionsaris.sk\/#website"},"primaryImageOfPage":{"@id":"https:\/\/www.regionsaris.sk\/objavovanie-presova-den-zien-s-velkymi-zenami-velkeho-sarisa\/#primaryimage"},"image":{"@id":"https:\/\/www.regionsaris.sk\/objavovanie-presova-den-zien-s-velkymi-zenami-velkeho-sarisa\/#primaryimage"},"thumbnailUrl":"https:\/\/www.regionsaris.sk\/wp-content\/uploads\/2026\/02\/objavovanie-presova-velky-saris-3-marec-2026-oocrrs.jpeg","datePublished":"2026-03-09T12:46:23+00:00","dateModified":"2026-03-27T13:58:49+00:00","author":{"@id":"https:\/\/www.regionsaris.sk\/#\/schema\/person\/ec8d3b7d0a3a7dad307f10116198d0b5"},"description":"Marcov\u00e9 Objavovanie Pre\u0161ova n\u00e1s presunulo do ved\u013eaj\u0161ieho mesta. V meste Ve\u013ek\u00fd \u0160ari\u0161 sme objavili pr\u00edbeh Eleny Lackovej a sv. Kunhuty.","breadcrumb":{"@id":"https:\/\/www.regionsaris.sk\/objavovanie-presova-den-zien-s-velkymi-zenami-velkeho-sarisa\/#breadcrumb"},"inLanguage":"hu","potentialAction":[{"@type":"ReadAction","target":["https:\/\/www.regionsaris.sk\/objavovanie-presova-den-zien-s-velkymi-zenami-velkeho-sarisa\/"]}]},{"@type":"ImageObject","inLanguage":"hu","@id":"https:\/\/www.regionsaris.sk\/objavovanie-presova-den-zien-s-velkymi-zenami-velkeho-sarisa\/#primaryimage","url":"https:\/\/www.regionsaris.sk\/wp-content\/uploads\/2026\/02\/objavovanie-presova-velky-saris-3-marec-2026-oocrrs.jpeg","contentUrl":"https:\/\/www.regionsaris.sk\/wp-content\/uploads\/2026\/02\/objavovanie-presova-velky-saris-3-marec-2026-oocrrs.jpeg","width":1536,"height":2048},{"@type":"BreadcrumbList","@id":"https:\/\/www.regionsaris.sk\/objavovanie-presova-den-zien-s-velkymi-zenami-velkeho-sarisa\/#breadcrumb","itemListElement":[{"@type":"ListItem","position":1,"name":"Domov","item":"https:\/\/www.regionsaris.sk\/"},{"@type":"ListItem","position":2,"name":"Objavovanie Pre\u0161ova: De\u0148 \u017eien s ve\u013ek\u00fdmi \u017eenami Ve\u013ek\u00e9ho \u0160ari\u0161a"}]},{"@type":"WebSite","@id":"https:\/\/www.regionsaris.sk\/#website","url":"https:\/\/www.regionsaris.sk\/","name":"OOCR \u0160ari\u0161","description":"","potentialAction":[{"@type":"SearchAction","target":{"@type":"EntryPoint","urlTemplate":"https:\/\/www.regionsaris.sk\/?s={search_term_string}"},"query-input":{"@type":"PropertyValueSpecification","valueRequired":true,"valueName":"search_term_string"}}],"inLanguage":"hu"},{"@type":"Person","@id":"https:\/\/www.regionsaris.sk\/#\/schema\/person\/ec8d3b7d0a3a7dad307f10116198d0b5","name":"marketing","image":{"@type":"ImageObject","inLanguage":"hu","@id":"https:\/\/www.regionsaris.sk\/#\/schema\/person\/image\/","url":"https:\/\/secure.gravatar.com\/avatar\/d86c85c214091923000a199276e541a97ba20b5109e7b00260a23abc26f5b6c1?s=96&d=mm&r=g","contentUrl":"https:\/\/secure.gravatar.com\/avatar\/d86c85c214091923000a199276e541a97ba20b5109e7b00260a23abc26f5b6c1?s=96&d=mm&r=g","caption":"marketing"},"url":"https:\/\/www.regionsaris.sk\/hu\/author\/marketing\/"}]}},"_links":{"self":[{"href":"https:\/\/www.regionsaris.sk\/hu\/wp-json\/wp\/v2\/posts\/3966","targetHints":{"allow":["GET"]}}],"collection":[{"href":"https:\/\/www.regionsaris.sk\/hu\/wp-json\/wp\/v2\/posts"}],"about":[{"href":"https:\/\/www.regionsaris.sk\/hu\/wp-json\/wp\/v2\/types\/post"}],"author":[{"embeddable":true,"href":"https:\/\/www.regionsaris.sk\/hu\/wp-json\/wp\/v2\/users\/3"}],"replies":[{"embeddable":true,"href":"https:\/\/www.regionsaris.sk\/hu\/wp-json\/wp\/v2\/comments?post=3966"}],"version-history":[{"count":3,"href":"https:\/\/www.regionsaris.sk\/hu\/wp-json\/wp\/v2\/posts\/3966\/revisions"}],"predecessor-version":[{"id":3969,"href":"https:\/\/www.regionsaris.sk\/hu\/wp-json\/wp\/v2\/posts\/3966\/revisions\/3969"}],"wp:featuredmedia":[{"embeddable":true,"href":"https:\/\/www.regionsaris.sk\/hu\/wp-json\/wp\/v2\/media\/3959"}],"wp:attachment":[{"href":"https:\/\/www.regionsaris.sk\/hu\/wp-json\/wp\/v2\/media?parent=3966"}],"wp:term":[{"taxonomy":"category","embeddable":true,"href":"https:\/\/www.regionsaris.sk\/hu\/wp-json\/wp\/v2\/categories?post=3966"},{"taxonomy":"post_tag","embeddable":true,"href":"https:\/\/www.regionsaris.sk\/hu\/wp-json\/wp\/v2\/tags?post=3966"}],"curies":[{"name":"wp","href":"https:\/\/api.w.org\/{rel}","templated":true}]}}