{"id":3941,"date":"2026-03-04T10:56:55","date_gmt":"2026-03-04T09:56:55","guid":{"rendered":"https:\/\/www.regionsaris.sk\/?p=3941"},"modified":"2026-03-04T10:56:55","modified_gmt":"2026-03-04T09:56:55","slug":"sabinovsky-okres-z-vtacej-perspektivy","status":"publish","type":"post","link":"https:\/\/www.regionsaris.sk\/hu\/sabinovsky-okres-z-vtacej-perspektivy\/","title":{"rendered":"A Szabinovszkij ker\u00fclet mad\u00e1rt\u00e1vlatb\u00f3l"},"content":{"rendered":"<p><strong>Szabinovszkij ker\u00fclet<\/strong> sz\u00e1mos turisztikai l\u00e1tv\u00e1nyoss\u00e1got \u00e9s szabadt\u00e9ri tev\u00e9kenys\u00e9get k\u00edn\u00e1l. De mi van akkor, ha a dolgokat perspekt\u00edv\u00e1ba akarjuk helyezni ? Akkor aj\u00e1nljuk, hogy menj\u00fcnk el a k\u00f6rny\u00e9k kil\u00e1t\u00f3tornyaihoz. \u00d6sszegy\u0171jt\u00f6tt\u00fcnk n\u00e9h\u00e1ny tippet r\u00f6vid kir\u00e1ndul\u00e1sokhoz <strong>3 kil\u00e1t\u00f3torony<\/strong> Sabinov k\u00f6rzetben. <\/p>\n\n\n<div class=\"wp-block-image\">\n<figure class=\"aligncenter size-large\"><img loading=\"lazy\" decoding=\"async\" width=\"1024\" height=\"514\" src=\"https:\/\/www.regionsaris.sk\/wp-content\/uploads\/2026\/03\/rozhladna-svablovka-sabinov-clanok-oocrrs-1024x514.jpg\" alt=\"\" class=\"wp-image-3942\" srcset=\"https:\/\/www.regionsaris.sk\/wp-content\/uploads\/2026\/03\/rozhladna-svablovka-sabinov-clanok-oocrrs-1024x514.jpg 1024w, https:\/\/www.regionsaris.sk\/wp-content\/uploads\/2026\/03\/rozhladna-svablovka-sabinov-clanok-oocrrs-300x151.jpg 300w, https:\/\/www.regionsaris.sk\/wp-content\/uploads\/2026\/03\/rozhladna-svablovka-sabinov-clanok-oocrrs-768x385.jpg 768w, https:\/\/www.regionsaris.sk\/wp-content\/uploads\/2026\/03\/rozhladna-svablovka-sabinov-clanok-oocrrs-1536x771.jpg 1536w, https:\/\/www.regionsaris.sk\/wp-content\/uploads\/2026\/03\/rozhladna-svablovka-sabinov-clanok-oocrrs-2048x1028.jpg 2048w, https:\/\/www.regionsaris.sk\/wp-content\/uploads\/2026\/03\/rozhladna-svablovka-sabinov-clanok-oocrrs-18x9.jpg 18w, https:\/\/www.regionsaris.sk\/wp-content\/uploads\/2026\/03\/rozhladna-svablovka-sabinov-clanok-oocrrs-scaled.jpg 2560w\" sizes=\"auto, (max-width: 1024px) 100vw, 1024px\" \/><\/figure>\n<\/div>\n\n\n<p><\/p>\n\n\n\n<h2 class=\"wp-block-heading\" id=\"h-rozhladna-na-sanci-svablovka-sabinov\"><a href=\"https:\/\/www.regionsaris.sk\/hu\/prirodne-krasy\/rozhladna-na-sanci-465-m-n-m\/\">Kil\u00e1t\u00f3torony a \u0160anci\/\u0160vab\u013eovka telep\u00fcl\u00e9sen<\/a> - Szabinov<\/h2>\n\n\n\n<p>A v\u00e1ros felett <strong>Sabinov<\/strong> ki van kapcsolva <strong>hegy<\/strong> <strong>Es\u00e9ly<\/strong>, amely \u00fatvonalakkal van \u00f6sszek\u00f6tve - m\u00e1s n\u00e9ven <strong>\u0160vablovsk\u00e9<\/strong> <strong>j\u00e1rd\u00e1k<\/strong>. Mindegyik egy lapos cs\u00facsra vezet, ahol egy 11 m\u00e9ter magas kil\u00e1t\u00f3torony \u00e1ll.<\/p>\n\n\n\n<p>A legegyszer\u0171bb \u00fat hozz\u00e1 k\u00f6zvetlen\u00fcl Sabinov v\u00e1ros\u00e1b\u00f3l vezet. A v\u00e1rosi uszod\u00e1n\u00e1l lehet parkolni, majd az \u00fat m\u00e1sik oldal\u00e1ra kell menni, \u00e9s ott kezd\u0151dik egy erdei \u00fat, amely k\u00f6zvetlen\u00fcl a kil\u00e1t\u00f3toronyhoz vezet. Az \u00fat elej\u00e9n tal\u00e1lhat\u00f3 egy inform\u00e1ci\u00f3s t\u00e1bla. <\/p>\n\n\n<div class=\"wp-block-image\">\n<figure class=\"aligncenter size-large\"><img loading=\"lazy\" decoding=\"async\" width=\"1024\" height=\"682\" src=\"https:\/\/www.regionsaris.sk\/wp-content\/uploads\/2026\/03\/rozhladna-pecovska-nova-ves-clanok-oocrrs-1024x682.jpg\" alt=\"\" class=\"wp-image-3943\" srcset=\"https:\/\/www.regionsaris.sk\/wp-content\/uploads\/2026\/03\/rozhladna-pecovska-nova-ves-clanok-oocrrs-1024x682.jpg 1024w, https:\/\/www.regionsaris.sk\/wp-content\/uploads\/2026\/03\/rozhladna-pecovska-nova-ves-clanok-oocrrs-300x200.jpg 300w, https:\/\/www.regionsaris.sk\/wp-content\/uploads\/2026\/03\/rozhladna-pecovska-nova-ves-clanok-oocrrs-768x512.jpg 768w, https:\/\/www.regionsaris.sk\/wp-content\/uploads\/2026\/03\/rozhladna-pecovska-nova-ves-clanok-oocrrs-1536x1023.jpg 1536w, https:\/\/www.regionsaris.sk\/wp-content\/uploads\/2026\/03\/rozhladna-pecovska-nova-ves-clanok-oocrrs-18x12.jpg 18w, https:\/\/www.regionsaris.sk\/wp-content\/uploads\/2026\/03\/rozhladna-pecovska-nova-ves-clanok-oocrrs.jpg 1600w\" sizes=\"auto, (max-width: 1024px) 100vw, 1024px\" \/><\/figure>\n<\/div>\n\n\n<p><\/p>\n\n\n\n<h2 class=\"wp-block-heading\" id=\"h-rozhladna-v-pecovskej-novej-vsi\">Kil\u00e1t\u00f3torony Pe\u010dovsk\u00e1 Nov\u00e1 Vesben<\/h2>\n\n\n\n<p>A faluban <strong>Pe\u010dovsk\u00e1 Nov\u00e1 Ves<\/strong> a zsid\u00f3 temet\u0151 k\u00f6zel\u00e9ben van egy \u00faj - nemr\u00e9giben megnyitott - kil\u00e1t\u00f3torony. Ez 16 m\u00e9ter magas, \u00e9s kil\u00e1t\u00e1st ny\u00fajt a \u010cergov-hegys\u00e9gre, Bachure\u0148re, Slansk\u00e9 vrchyre, s\u0151t a Magas-T\u00e1tr\u00e1ra is. A kil\u00e1t\u00f3toronyb\u00f3l a k\u00f6zeli k\u00f6rny\u00e9k\u00fcnk nevezetess\u00e9gei is l\u00e1that\u00f3k, mint p\u00e9ld\u00e1ul a \u0160ari\u0161 v\u00e1rhegye.<\/p>\n\n\n\n<p>Az \u00e9p\u00fclethez k\u00e9tf\u00e9lek\u00e9ppen lehet bejutni. A l\u00e1togat\u00f3k a Na Trubalovec utca fel\u0151l az aszfaltos \u00faton k\u00f6zlekedhetnek, amely gyalogosan \u00e9s aut\u00f3val is megk\u00f6zel\u00edthet\u0151. A m\u00e1sodik lehet\u0151s\u00e9g a fel\u00faj\u00edtott gyalog\u00f6sv\u00e9nyen vezet az ugyanezen az utc\u00e1n l\u00e9v\u0151 lak\u00f3negyedb\u0151l a Mni\u0161e-hegy ir\u00e1ny\u00e1ba. Mindk\u00e9t \u00fatvonal k\u00f6nny\u0171 \u00e9s rekre\u00e1ci\u00f3s s\u00e9t\u00e1kra alkalmas.<\/p>\n\n\n<div class=\"wp-block-image\">\n<figure class=\"aligncenter size-large\"><img loading=\"lazy\" decoding=\"async\" width=\"1024\" height=\"768\" src=\"https:\/\/www.regionsaris.sk\/wp-content\/uploads\/2026\/03\/rozhladna-balazka-lipany-clanok-oocrrs-1024x768.jpg\" alt=\"\" class=\"wp-image-3944\" srcset=\"https:\/\/www.regionsaris.sk\/wp-content\/uploads\/2026\/03\/rozhladna-balazka-lipany-clanok-oocrrs-1024x768.jpg 1024w, https:\/\/www.regionsaris.sk\/wp-content\/uploads\/2026\/03\/rozhladna-balazka-lipany-clanok-oocrrs-300x225.jpg 300w, https:\/\/www.regionsaris.sk\/wp-content\/uploads\/2026\/03\/rozhladna-balazka-lipany-clanok-oocrrs-768x576.jpg 768w, https:\/\/www.regionsaris.sk\/wp-content\/uploads\/2026\/03\/rozhladna-balazka-lipany-clanok-oocrrs-1536x1152.jpg 1536w, https:\/\/www.regionsaris.sk\/wp-content\/uploads\/2026\/03\/rozhladna-balazka-lipany-clanok-oocrrs-2048x1536.jpg 2048w, https:\/\/www.regionsaris.sk\/wp-content\/uploads\/2026\/03\/rozhladna-balazka-lipany-clanok-oocrrs-16x12.jpg 16w, https:\/\/www.regionsaris.sk\/wp-content\/uploads\/2026\/03\/rozhladna-balazka-lipany-clanok-oocrrs-scaled.jpg 2560w\" sizes=\"auto, (max-width: 1024px) 100vw, 1024px\" \/><\/figure>\n<\/div>\n\n\n<p><\/p>\n\n\n\n<h2 class=\"wp-block-heading\" id=\"h-rozhladna-balazka-lipany\"><a href=\"https:\/\/www.regionsaris.sk\/hu\/sport\/masiv-a-rozhladna-balazka\/\">Bal\u00e1\u017eka kil\u00e1t\u00f3torony<\/a> - Lipany<\/h2>\n\n\n\n<p>Megfigyel\u0151 torony <strong>Balazka<\/strong> nev\u00e9t a hegyr\u0151l kapta, amelyen emelkedik. Magass\u00e1ga 14 m\u00e9ter, h\u00e1romszintes, \u00e9s szil\u00e1rdan betonalapokra van helyezve, ami stabilnak \u00e9s robusztusnak t\u0171nik. A kil\u00e1t\u00f3r\u00f3l leny\u0171g\u00f6z\u0151 panor\u00e1ma ny\u00edlik a \u010cergov-hegys\u00e9gre, a Levo\u010da-hegys\u00e9gre, a Kamenice-v\u00e1r sziluettj\u00e9re \u00e9s eg\u00e9sz Lipany v\u00e1ros\u00e1ra.<\/p>\n\n\n\n<p>A kil\u00e1t\u00f3toronyhoz a lip\u00e1nyi vas\u00fat\u00e1llom\u00e1sr\u00f3l a z\u00f6ld turistajelz\u00e9s ment\u00e9n lehet feljutni. K\u00e9s\u0151bb, a vas\u00fati \u00e1tj\u00e1r\u00f3 ut\u00e1n a helyi turistajelz\u00e9st k\u00f6vetve (piros-feh\u00e9r n\u00e9gyzet). Ez egy k\u00f6nny\u0171, kb. 1 \u00f3r\u00e1s s\u00e9ta, amely gyermekes csal\u00e1dok \u00e9s kezd\u0151k sz\u00e1m\u00e1ra is k\u00f6nnyen teljes\u00edthet\u0151.<\/p>\n\n\n\n<p>Forr\u00e1s: \u0160ari\u0161 r\u00e9gi\u00f3 Region\u00e1lis Turisztikai Szervezete<br>Fot\u00f3 forr\u00e1sa: Region\u00e1lis Turisztikai Szervezet Regi\u00f3n \u0160ari\u0161, TASR<\/p>","protected":false},"excerpt":{"rendered":"<p>A Sabinovi ker\u00fclet sz\u00e1mos turisztikai pontot \u00e9s szabadt\u00e9ri tev\u00e9kenys\u00e9get k\u00edn\u00e1l. De mi van akkor, ha szeretn\u00e9nk...<\/p>","protected":false},"author":3,"featured_media":3942,"comment_status":"closed","ping_status":"closed","sticky":false,"template":"","format":"standard","meta":{"_acf_changed":false,"footnotes":""},"categories":[1],"tags":[],"class_list":["post-3941","post","type-post","status-publish","format-standard","has-post-thumbnail","hentry","category-novinky"],"acf":[],"yoast_head":"<!-- This site is optimized with the Yoast SEO Premium plugin v26.3 (Yoast SEO v26.8) - https:\/\/yoast.com\/product\/yoast-seo-premium-wordpress\/ -->\n<title>Sabinovsk\u00fd okres z vt\u00e1\u010dej perspekt\u00edvy - OOCR \u0160ari\u0161<\/title>\n<meta name=\"description\" content=\"Rozh\u013eadne v okrese Sabinov, ktor\u00e9 pon\u00fakaj\u00fa panoramatick\u00fd v\u00fdh\u013ead na okolie a pr\u00edrodu Slansk\u00fdch vrchov a \u010cergova.\" \/>\n<meta name=\"robots\" content=\"index, follow, max-snippet:-1, max-image-preview:large, max-video-preview:-1\" \/>\n<link rel=\"canonical\" href=\"https:\/\/www.regionsaris.sk\/hu\/sabinovsky-okres-z-vtacej-perspektivy\/\" \/>\n<meta property=\"og:locale\" content=\"hu_HU\" \/>\n<meta property=\"og:type\" content=\"article\" \/>\n<meta property=\"og:title\" content=\"Sabinovsk\u00fd okres z vt\u00e1\u010dej perspekt\u00edvy\" \/>\n<meta property=\"og:description\" content=\"Rozh\u013eadne v okrese Sabinov, ktor\u00e9 pon\u00fakaj\u00fa panoramatick\u00fd v\u00fdh\u013ead na okolie a pr\u00edrodu Slansk\u00fdch vrchov a \u010cergova.\" \/>\n<meta property=\"og:url\" content=\"https:\/\/www.regionsaris.sk\/hu\/sabinovsky-okres-z-vtacej-perspektivy\/\" \/>\n<meta property=\"og:site_name\" content=\"OOCR \u0160ari\u0161\" \/>\n<meta property=\"article:published_time\" content=\"2026-03-04T09:56:55+00:00\" \/>\n<meta property=\"og:image\" content=\"https:\/\/www.regionsaris.sk\/wp-content\/uploads\/2026\/03\/rozhladna-svablovka-sabinov-clanok-oocrrs-scaled.jpg\" \/>\n\t<meta property=\"og:image:width\" content=\"2560\" \/>\n\t<meta property=\"og:image:height\" content=\"1285\" \/>\n\t<meta property=\"og:image:type\" content=\"image\/jpeg\" \/>\n<meta name=\"author\" content=\"marketing\" \/>\n<meta name=\"twitter:card\" content=\"summary_large_image\" \/>\n<meta name=\"twitter:label1\" content=\"Szerz\u0151:\" \/>\n\t<meta name=\"twitter:data1\" content=\"marketing\" \/>\n\t<meta name=\"twitter:label2\" content=\"Becs\u00fclt olvas\u00e1si id\u0151\" \/>\n\t<meta name=\"twitter:data2\" content=\"3 perc\" \/>\n<script type=\"application\/ld+json\" class=\"yoast-schema-graph\">{\"@context\":\"https:\/\/schema.org\",\"@graph\":[{\"@type\":\"Article\",\"@id\":\"https:\/\/www.regionsaris.sk\/sabinovsky-okres-z-vtacej-perspektivy\/#article\",\"isPartOf\":{\"@id\":\"https:\/\/www.regionsaris.sk\/sabinovsky-okres-z-vtacej-perspektivy\/\"},\"author\":{\"name\":\"marketing\",\"@id\":\"https:\/\/www.regionsaris.sk\/#\/schema\/person\/ec8d3b7d0a3a7dad307f10116198d0b5\"},\"headline\":\"Sabinovsk\u00fd okres z vt\u00e1\u010dej perspekt\u00edvy\",\"datePublished\":\"2026-03-04T09:56:55+00:00\",\"mainEntityOfPage\":{\"@id\":\"https:\/\/www.regionsaris.sk\/sabinovsky-okres-z-vtacej-perspektivy\/\"},\"wordCount\":439,\"image\":{\"@id\":\"https:\/\/www.regionsaris.sk\/sabinovsky-okres-z-vtacej-perspektivy\/#primaryimage\"},\"thumbnailUrl\":\"https:\/\/www.regionsaris.sk\/wp-content\/uploads\/2026\/03\/rozhladna-svablovka-sabinov-clanok-oocrrs-scaled.jpg\",\"articleSection\":[\"Novinky\"],\"inLanguage\":\"hu\"},{\"@type\":\"WebPage\",\"@id\":\"https:\/\/www.regionsaris.sk\/sabinovsky-okres-z-vtacej-perspektivy\/\",\"url\":\"https:\/\/www.regionsaris.sk\/sabinovsky-okres-z-vtacej-perspektivy\/\",\"name\":\"Sabinovsk\u00fd okres z vt\u00e1\u010dej perspekt\u00edvy - OOCR \u0160ari\u0161\",\"isPartOf\":{\"@id\":\"https:\/\/www.regionsaris.sk\/#website\"},\"primaryImageOfPage\":{\"@id\":\"https:\/\/www.regionsaris.sk\/sabinovsky-okres-z-vtacej-perspektivy\/#primaryimage\"},\"image\":{\"@id\":\"https:\/\/www.regionsaris.sk\/sabinovsky-okres-z-vtacej-perspektivy\/#primaryimage\"},\"thumbnailUrl\":\"https:\/\/www.regionsaris.sk\/wp-content\/uploads\/2026\/03\/rozhladna-svablovka-sabinov-clanok-oocrrs-scaled.jpg\",\"datePublished\":\"2026-03-04T09:56:55+00:00\",\"author\":{\"@id\":\"https:\/\/www.regionsaris.sk\/#\/schema\/person\/ec8d3b7d0a3a7dad307f10116198d0b5\"},\"description\":\"Rozh\u013eadne v okrese Sabinov, ktor\u00e9 pon\u00fakaj\u00fa panoramatick\u00fd v\u00fdh\u013ead na okolie a pr\u00edrodu Slansk\u00fdch vrchov a \u010cergova.\",\"breadcrumb\":{\"@id\":\"https:\/\/www.regionsaris.sk\/sabinovsky-okres-z-vtacej-perspektivy\/#breadcrumb\"},\"inLanguage\":\"hu\",\"potentialAction\":[{\"@type\":\"ReadAction\",\"target\":[\"https:\/\/www.regionsaris.sk\/sabinovsky-okres-z-vtacej-perspektivy\/\"]}]},{\"@type\":\"ImageObject\",\"inLanguage\":\"hu\",\"@id\":\"https:\/\/www.regionsaris.sk\/sabinovsky-okres-z-vtacej-perspektivy\/#primaryimage\",\"url\":\"https:\/\/www.regionsaris.sk\/wp-content\/uploads\/2026\/03\/rozhladna-svablovka-sabinov-clanok-oocrrs-scaled.jpg\",\"contentUrl\":\"https:\/\/www.regionsaris.sk\/wp-content\/uploads\/2026\/03\/rozhladna-svablovka-sabinov-clanok-oocrrs-scaled.jpg\",\"width\":2560,\"height\":1285},{\"@type\":\"BreadcrumbList\",\"@id\":\"https:\/\/www.regionsaris.sk\/sabinovsky-okres-z-vtacej-perspektivy\/#breadcrumb\",\"itemListElement\":[{\"@type\":\"ListItem\",\"position\":1,\"name\":\"Domov\",\"item\":\"https:\/\/www.regionsaris.sk\/\"},{\"@type\":\"ListItem\",\"position\":2,\"name\":\"Sabinovsk\u00fd okres z vt\u00e1\u010dej perspekt\u00edvy\"}]},{\"@type\":\"WebSite\",\"@id\":\"https:\/\/www.regionsaris.sk\/#website\",\"url\":\"https:\/\/www.regionsaris.sk\/\",\"name\":\"OOCR \u0160ari\u0161\",\"description\":\"\",\"potentialAction\":[{\"@type\":\"SearchAction\",\"target\":{\"@type\":\"EntryPoint\",\"urlTemplate\":\"https:\/\/www.regionsaris.sk\/?s={search_term_string}\"},\"query-input\":{\"@type\":\"PropertyValueSpecification\",\"valueRequired\":true,\"valueName\":\"search_term_string\"}}],\"inLanguage\":\"hu\"},{\"@type\":\"Person\",\"@id\":\"https:\/\/www.regionsaris.sk\/#\/schema\/person\/ec8d3b7d0a3a7dad307f10116198d0b5\",\"name\":\"marketing\",\"image\":{\"@type\":\"ImageObject\",\"inLanguage\":\"hu\",\"@id\":\"https:\/\/www.regionsaris.sk\/#\/schema\/person\/image\/\",\"url\":\"https:\/\/secure.gravatar.com\/avatar\/d86c85c214091923000a199276e541a97ba20b5109e7b00260a23abc26f5b6c1?s=96&d=mm&r=g\",\"contentUrl\":\"https:\/\/secure.gravatar.com\/avatar\/d86c85c214091923000a199276e541a97ba20b5109e7b00260a23abc26f5b6c1?s=96&d=mm&r=g\",\"caption\":\"marketing\"},\"url\":\"https:\/\/www.regionsaris.sk\/hu\/author\/marketing\/\"}]}<\/script>\n<!-- \/ Yoast SEO Premium plugin. -->","yoast_head_json":{"title":"Sabinovsk\u00fd okres z vt\u00e1\u010dej perspekt\u00edvy - OOCR \u0160ari\u0161","description":"Rozh\u013eadne v okrese Sabinov, ktor\u00e9 pon\u00fakaj\u00fa panoramatick\u00fd v\u00fdh\u013ead na okolie a pr\u00edrodu Slansk\u00fdch vrchov a \u010cergova.","robots":{"index":"index","follow":"follow","max-snippet":"max-snippet:-1","max-image-preview":"max-image-preview:large","max-video-preview":"max-video-preview:-1"},"canonical":"https:\/\/www.regionsaris.sk\/hu\/sabinovsky-okres-z-vtacej-perspektivy\/","og_locale":"hu_HU","og_type":"article","og_title":"Sabinovsk\u00fd okres z vt\u00e1\u010dej perspekt\u00edvy","og_description":"Rozh\u013eadne v okrese Sabinov, ktor\u00e9 pon\u00fakaj\u00fa panoramatick\u00fd v\u00fdh\u013ead na okolie a pr\u00edrodu Slansk\u00fdch vrchov a \u010cergova.","og_url":"https:\/\/www.regionsaris.sk\/hu\/sabinovsky-okres-z-vtacej-perspektivy\/","og_site_name":"OOCR \u0160ari\u0161","article_published_time":"2026-03-04T09:56:55+00:00","og_image":[{"width":2560,"height":1285,"url":"https:\/\/www.regionsaris.sk\/wp-content\/uploads\/2026\/03\/rozhladna-svablovka-sabinov-clanok-oocrrs-scaled.jpg","type":"image\/jpeg"}],"author":"marketing","twitter_card":"summary_large_image","twitter_misc":{"Szerz\u0151:":"marketing","Becs\u00fclt olvas\u00e1si id\u0151":"3 perc"},"schema":{"@context":"https:\/\/schema.org","@graph":[{"@type":"Article","@id":"https:\/\/www.regionsaris.sk\/sabinovsky-okres-z-vtacej-perspektivy\/#article","isPartOf":{"@id":"https:\/\/www.regionsaris.sk\/sabinovsky-okres-z-vtacej-perspektivy\/"},"author":{"name":"marketing","@id":"https:\/\/www.regionsaris.sk\/#\/schema\/person\/ec8d3b7d0a3a7dad307f10116198d0b5"},"headline":"Sabinovsk\u00fd okres z vt\u00e1\u010dej perspekt\u00edvy","datePublished":"2026-03-04T09:56:55+00:00","mainEntityOfPage":{"@id":"https:\/\/www.regionsaris.sk\/sabinovsky-okres-z-vtacej-perspektivy\/"},"wordCount":439,"image":{"@id":"https:\/\/www.regionsaris.sk\/sabinovsky-okres-z-vtacej-perspektivy\/#primaryimage"},"thumbnailUrl":"https:\/\/www.regionsaris.sk\/wp-content\/uploads\/2026\/03\/rozhladna-svablovka-sabinov-clanok-oocrrs-scaled.jpg","articleSection":["Novinky"],"inLanguage":"hu"},{"@type":"WebPage","@id":"https:\/\/www.regionsaris.sk\/sabinovsky-okres-z-vtacej-perspektivy\/","url":"https:\/\/www.regionsaris.sk\/sabinovsky-okres-z-vtacej-perspektivy\/","name":"Sabinovsk\u00fd okres z vt\u00e1\u010dej perspekt\u00edvy - OOCR \u0160ari\u0161","isPartOf":{"@id":"https:\/\/www.regionsaris.sk\/#website"},"primaryImageOfPage":{"@id":"https:\/\/www.regionsaris.sk\/sabinovsky-okres-z-vtacej-perspektivy\/#primaryimage"},"image":{"@id":"https:\/\/www.regionsaris.sk\/sabinovsky-okres-z-vtacej-perspektivy\/#primaryimage"},"thumbnailUrl":"https:\/\/www.regionsaris.sk\/wp-content\/uploads\/2026\/03\/rozhladna-svablovka-sabinov-clanok-oocrrs-scaled.jpg","datePublished":"2026-03-04T09:56:55+00:00","author":{"@id":"https:\/\/www.regionsaris.sk\/#\/schema\/person\/ec8d3b7d0a3a7dad307f10116198d0b5"},"description":"Rozh\u013eadne v okrese Sabinov, ktor\u00e9 pon\u00fakaj\u00fa panoramatick\u00fd v\u00fdh\u013ead na okolie a pr\u00edrodu Slansk\u00fdch vrchov a \u010cergova.","breadcrumb":{"@id":"https:\/\/www.regionsaris.sk\/sabinovsky-okres-z-vtacej-perspektivy\/#breadcrumb"},"inLanguage":"hu","potentialAction":[{"@type":"ReadAction","target":["https:\/\/www.regionsaris.sk\/sabinovsky-okres-z-vtacej-perspektivy\/"]}]},{"@type":"ImageObject","inLanguage":"hu","@id":"https:\/\/www.regionsaris.sk\/sabinovsky-okres-z-vtacej-perspektivy\/#primaryimage","url":"https:\/\/www.regionsaris.sk\/wp-content\/uploads\/2026\/03\/rozhladna-svablovka-sabinov-clanok-oocrrs-scaled.jpg","contentUrl":"https:\/\/www.regionsaris.sk\/wp-content\/uploads\/2026\/03\/rozhladna-svablovka-sabinov-clanok-oocrrs-scaled.jpg","width":2560,"height":1285},{"@type":"BreadcrumbList","@id":"https:\/\/www.regionsaris.sk\/sabinovsky-okres-z-vtacej-perspektivy\/#breadcrumb","itemListElement":[{"@type":"ListItem","position":1,"name":"Domov","item":"https:\/\/www.regionsaris.sk\/"},{"@type":"ListItem","position":2,"name":"Sabinovsk\u00fd okres z vt\u00e1\u010dej perspekt\u00edvy"}]},{"@type":"WebSite","@id":"https:\/\/www.regionsaris.sk\/#website","url":"https:\/\/www.regionsaris.sk\/","name":"OOCR \u0160ari\u0161","description":"","potentialAction":[{"@type":"SearchAction","target":{"@type":"EntryPoint","urlTemplate":"https:\/\/www.regionsaris.sk\/?s={search_term_string}"},"query-input":{"@type":"PropertyValueSpecification","valueRequired":true,"valueName":"search_term_string"}}],"inLanguage":"hu"},{"@type":"Person","@id":"https:\/\/www.regionsaris.sk\/#\/schema\/person\/ec8d3b7d0a3a7dad307f10116198d0b5","name":"marketing","image":{"@type":"ImageObject","inLanguage":"hu","@id":"https:\/\/www.regionsaris.sk\/#\/schema\/person\/image\/","url":"https:\/\/secure.gravatar.com\/avatar\/d86c85c214091923000a199276e541a97ba20b5109e7b00260a23abc26f5b6c1?s=96&d=mm&r=g","contentUrl":"https:\/\/secure.gravatar.com\/avatar\/d86c85c214091923000a199276e541a97ba20b5109e7b00260a23abc26f5b6c1?s=96&d=mm&r=g","caption":"marketing"},"url":"https:\/\/www.regionsaris.sk\/hu\/author\/marketing\/"}]}},"_links":{"self":[{"href":"https:\/\/www.regionsaris.sk\/hu\/wp-json\/wp\/v2\/posts\/3941","targetHints":{"allow":["GET"]}}],"collection":[{"href":"https:\/\/www.regionsaris.sk\/hu\/wp-json\/wp\/v2\/posts"}],"about":[{"href":"https:\/\/www.regionsaris.sk\/hu\/wp-json\/wp\/v2\/types\/post"}],"author":[{"embeddable":true,"href":"https:\/\/www.regionsaris.sk\/hu\/wp-json\/wp\/v2\/users\/3"}],"replies":[{"embeddable":true,"href":"https:\/\/www.regionsaris.sk\/hu\/wp-json\/wp\/v2\/comments?post=3941"}],"version-history":[{"count":1,"href":"https:\/\/www.regionsaris.sk\/hu\/wp-json\/wp\/v2\/posts\/3941\/revisions"}],"predecessor-version":[{"id":3945,"href":"https:\/\/www.regionsaris.sk\/hu\/wp-json\/wp\/v2\/posts\/3941\/revisions\/3945"}],"wp:featuredmedia":[{"embeddable":true,"href":"https:\/\/www.regionsaris.sk\/hu\/wp-json\/wp\/v2\/media\/3942"}],"wp:attachment":[{"href":"https:\/\/www.regionsaris.sk\/hu\/wp-json\/wp\/v2\/media?parent=3941"}],"wp:term":[{"taxonomy":"category","embeddable":true,"href":"https:\/\/www.regionsaris.sk\/hu\/wp-json\/wp\/v2\/categories?post=3941"},{"taxonomy":"post_tag","embeddable":true,"href":"https:\/\/www.regionsaris.sk\/hu\/wp-json\/wp\/v2\/tags?post=3941"}],"curies":[{"name":"wp","href":"https:\/\/api.w.org\/{rel}","templated":true}]}}