{"id":3919,"date":"2026-03-03T09:47:31","date_gmt":"2026-03-03T08:47:31","guid":{"rendered":"https:\/\/www.regionsaris.sk\/?p=3919"},"modified":"2026-03-27T14:58:56","modified_gmt":"2026-03-27T13:58:56","slug":"oocr-region-saris-sa-aj-tento-rok-prezentovala-na-veltrhu-cestovneho-ruchu-v-nitre-27-1-3-2026","status":"publish","type":"post","link":"https:\/\/www.regionsaris.sk\/hu\/oocr-region-saris-sa-aj-tento-rok-prezentovala-na-veltrhu-cestovneho-ruchu-v-nitre-27-1-3-2026\/","title":{"rendered":"Az OOCR Region \u0160ari\u0161 id\u00e9n is bemutatkozott a nyitrai turisztikai v\u00e1s\u00e1ron"},"content":{"rendered":"<p>Az OOCR Region \u0160ari\u0161 folytatta a tavalyi r\u00e9szv\u00e9telt, \u00e9s 2026-ban bemutatkozott a Nyitrai Agrokomplexben 2026.2.27. \u00e9s 1.3.2026. k\u00f6z\u00f6tt megrendezett turisztikai v\u00e1s\u00e1ron. Az ilyen form\u00e1tum\u00fa rendezv\u00e9nyeken val\u00f3 rendszeres r\u00e9szv\u00e9tel lehet\u0151v\u00e9 teszi a \u0160ari\u0161 r\u00e9gi\u00f3, mint az akt\u00edv szabadid\u0151s \u00e9s csal\u00e1di \u00fcd\u00fcl\u00e9s vonz\u00f3 c\u00e9lpontj\u00e1nak szisztematikus megismertet\u00e9s\u00e9t.<\/p>\n\n\n\n<p>A \u0160ari\u0161 r\u00e9gi\u00f3 az \u00c9szakkelet-Szlov\u00e1kiai Region\u00e1lis Turisztikai Szervezettel \u00e9s a KOCR Ko\u0161ice-val egy standon mutatkozott be, \u201eEast - Your Escape\u201c k\u00f6z\u00f6s n\u00e9ven. A k\u00f6z\u00f6s ki\u00e1ll\u00edt\u00e1s Kelet-Szlov\u00e1ki\u00e1t mint v\u00e1ltozatos \u00fati c\u00e9lt mutatta be, amely eg\u00e9sz \u00e9vben alkalmas az akt\u00edv pihen\u00e9sre \u00e9s a pihentet\u0151 \u00fcd\u00fcl\u00e9sre.<\/p>\n\n\n<div class=\"wp-block-image\">\n<figure class=\"aligncenter size-large\"><img decoding=\"async\" src=\"https:\/\/www.regionsaris.sk\/wp-content\/uploads\/2026\/03\/vystava-nitra-clanok-oocrrs3-1024x768.jpg\" alt=\"\" class=\"wp-image-3921\"\/><\/figure>\n<\/div>\n\n\n<p><\/p>\n\n\n\n<h2 class=\"wp-block-heading\" id=\"h-krasy-nepoznanej-prirody-outdoor-a-rodinne-pobyty\">Az ismeretlen term\u00e9szet sz\u00e9ps\u00e9ge, szabadt\u00e9ri \u00e9s csal\u00e1di \u00fcd\u00fcl\u00e9sek<\/h2>\n\n\n\n<p>A l\u00e1togat\u00f3k jelent\u0151s \u00e9rdekl\u0151d\u00e9st mutattak a szabadt\u00e9ri tev\u00e9kenys\u00e9gek, a ker\u00e9kp\u00e1rutak, a t\u00far\u00e1z\u00e1s \u00e9s a term\u00e9szetben val\u00f3 akt\u00edv mozg\u00e1s ir\u00e1nt. K\u00fcl\u00f6n\u00f6sen a \u010cergov-hegys\u00e9g ismeretlen \u00e9s kev\u00e9sb\u00e9 l\u00e1togatott term\u00e9szet\u00e9vel ismertett\u00fck meg \u0151ket, \u00e9s <a href=\"https:\/\/www.slanskevrchy.com\">Slansk\u00e9 vrchy<\/a>, amely ide\u00e1lis felt\u00e9teleket k\u00edn\u00e1l a t\u00far\u00e1z\u00e1shoz, ker\u00e9kp\u00e1roz\u00e1shoz \u00e9s a f\u0151 turisztikai k\u00f6zpontokt\u00f3l t\u00e1vol es\u0151 csendes h\u00e9tv\u00e9gi pihen\u00e9shez. \u00c9rdekl\u0151d\u00e9s mutatkozott a k\u00fclt\u00e9ri mobilalkalmaz\u00e1sunk ir\u00e1nt is <a href=\"https:\/\/www.outdooractive.com\/en\/source\/saris-region\/804502380\/\">Outdooractive<\/a>, a l\u00e1togat\u00f3k k\u00f6nnyed\u00e9n megtal\u00e1lhatj\u00e1k az \u00fatvonalakat, megtervezhetik a t\u00far\u00e1kat, \u00e9s inform\u00e1ci\u00f3t kaphatnak a neh\u00e9zs\u00e9geikr\u0151l. Az alkalmaz\u00e1st k\u00fcl\u00f6n\u00f6sen az akt\u00edv ker\u00e9kp\u00e1rosok \u00e9s t\u00far\u00e1z\u00f3k fogadt\u00e1k j\u00f3l.<\/p>\n\n\n\n<p>T\u00e9li sportol\u00e1si lehet\u0151s\u00e9geket is k\u00edn\u00e1ltunk a r\u00e9gi\u00f3 s\u00edk\u00f6zpontjaiban, ami meger\u0151s\u00edti a \u0160ari\u0161ban, mint eg\u00e9sz \u00e9vben nyitva \u00e1ll\u00f3 turisztikai t\u00e9rs\u00e9gben rejl\u0151 lehet\u0151s\u00e9geket. A l\u00e1togat\u00f3k jelent\u0151s r\u00e9sz\u00e9t t\u00e1j\u00e9koztattuk a gyermekes csal\u00e1dok sz\u00e1m\u00e1ra alkalmas sz\u00e1ll\u00e1shelyekr\u0151l - k\u00fcl\u00f6n\u00f6sen a csal\u00e1di panzi\u00f3kr\u00f3l, a kieg\u00e9sz\u00edt\u0151 szolg\u00e1ltat\u00e1sokat ny\u00fajt\u00f3 sz\u00e1llod\u00e1kr\u00f3l \u00e9s a term\u00e9szetben val\u00f3 tart\u00f3zkod\u00e1s, valamint a pihen\u00e9s \u00e9s wellness kombin\u00e1l\u00e1s\u00e1nak lehet\u0151s\u00e9geir\u0151l.<\/p>\n\n\n<div class=\"wp-block-image\">\n<figure class=\"aligncenter size-large\"><img loading=\"lazy\" decoding=\"async\" width=\"1024\" height=\"768\" src=\"https:\/\/www.regionsaris.sk\/wp-content\/uploads\/2026\/03\/vystava-nitra-clanok-oocrrs2-1024x768.jpg\" alt=\"\" class=\"wp-image-3922\" srcset=\"https:\/\/www.regionsaris.sk\/wp-content\/uploads\/2026\/03\/vystava-nitra-clanok-oocrrs2-1024x768.jpg 1024w, https:\/\/www.regionsaris.sk\/wp-content\/uploads\/2026\/03\/vystava-nitra-clanok-oocrrs2-300x225.jpg 300w, https:\/\/www.regionsaris.sk\/wp-content\/uploads\/2026\/03\/vystava-nitra-clanok-oocrrs2-768x576.jpg 768w, https:\/\/www.regionsaris.sk\/wp-content\/uploads\/2026\/03\/vystava-nitra-clanok-oocrrs2-1536x1152.jpg 1536w, https:\/\/www.regionsaris.sk\/wp-content\/uploads\/2026\/03\/vystava-nitra-clanok-oocrrs2-16x12.jpg 16w, https:\/\/www.regionsaris.sk\/wp-content\/uploads\/2026\/03\/vystava-nitra-clanok-oocrrs2.jpg 2000w\" sizes=\"auto, (max-width: 1024px) 100vw, 1024px\" \/><\/figure>\n<\/div>\n\n\n<p><\/p>\n\n\n\n<h2 class=\"wp-block-heading\" id=\"h-predstavene-produktove-linie-regionu\">A r\u00e9gi\u00f3 bevezetett term\u00e9kcsal\u00e1djai<\/h2>\n\n\n\n<p>A v\u00e1s\u00e1r sor\u00e1n bemutattuk term\u00e9kcsal\u00e1djainkat a l\u00e1togat\u00f3knak. <a href=\"https:\/\/www.sarisskahradnacesta.sk\">\u0160HC (\u0160ari\u0161sk\u00e1 hradn\u00e1 cesta)<\/a>, a kultur\u00e1lis \u00f6r\u00f6ks\u00e9g, a t\u00f6rt\u00e9nelmi eml\u00e9kek \u00e9s az autentikus region\u00e1lis \u00e9lm\u00e9nyek \u00f6sszekapcsol\u00e1sa.<\/p>\n\n\n\n<p>Az \u00e9rdekl\u0151d\u00e9st a r\u00e9gi\u00f3 k\u00fcl\u00f6nleges, egyedi helysz\u00ednei is felkeltett\u00e9k, t\u00f6bbek k\u00f6z\u00f6tt:<\/p>\n\n\n\n<ul class=\"wp-block-list\">\n<li>l\u00e1togat\u00e1s <a href=\"https:\/\/www.opalovebane.com\">Dubn\u00edk op\u00e1lb\u00e1nya<\/a> - az egyetlen hozz\u00e1f\u00e9rhet\u0151 szlov\u00e1kiai op\u00e1lb\u00e1nya, a vil\u00e1gon egyed\u00fcl\u00e1ll\u00f3nak mutattuk be.<\/li>\n\n\n\n<li>rekre\u00e1ci\u00f3s ter\u00fclet \u00e9s <a href=\"https:\/\/www.facebook.com\/lodenicasigord\/?locale=sk_SK\">Sigord haj\u00f3gy\u00e1r<\/a> - \u00e9s a lehet\u0151s\u00e9gek, amit k\u00edn\u00e1l eg\u00e9sz \u00e9vben - az \u00e9lm\u00e9ny Cyclo\u017eelezni\u010dka, tan\u00f6sv\u00e9nyek, tan\u00f6sv\u00e9nyek.<\/li>\n\n\n\n<li>a \u0160ari\u0161-vid\u00e9k kast\u00e9lyai \u00e9s udvarh\u00e1zai, k\u00fcl\u00f6n\u00f6sen <a href=\"https:\/\/www.hradsaris.sk\">v\u00e1rak \u0160ari\u0161<\/a> a&nbsp;<a href=\"https:\/\/www.kapusany.sk\/kapusiansky-hrad\">Kapusany<\/a> \u00e9s \u00e9rdekl\u0151d\u00f6tt a k\u00f6vetkez\u0151k ir\u00e1nt is <a href=\"https:\/\/www.kastielskapekaren.sk\/kastiel\">Fintice kast\u00e9ly<\/a><\/li>\n\n\n\n<li><a href=\"https:\/\/muzeumsolivar.sk\/otvaracie-hodiny\/\">Solivar M\u00fazeum<\/a> mint fontos m\u0171szaki \u00e9s t\u00f6rt\u00e9nelmi m\u0171eml\u00e9k<\/li>\n\n\n\n<li>t\u00f6rt\u00e9nelmi v\u00e1rosok, mint p\u00e9ld\u00e1ul Bardejov \u00e9s Pre\u0161ov, bele\u00e9rtve a gy\u00f3gy- \u00e9s wellness-\u00fcd\u00fcl\u00e9seket a <a href=\"https:\/\/kupele-bj.sk\/?gad_source=1&amp;gad_campaignid=23455640127&amp;gbraid=0AAAAACpLoN28-K-4iEjm1H5a1F66yBgRU&amp;gclid=CjwKCAiAqprNBhB6EiwAMe3yhuqJ3Kp3cGB9VUi2YXkPUjrE3VH4ZW03oA4w9nZRqa8faE8_CZEM5xoCGRYQAvD_BwE\">Bardejov gy\u00f3gyf\u00fcrd\u0151<\/a><\/li>\n<\/ul>\n\n\n\n<p>Ezek a l\u00e1tnival\u00f3k k\u00fcl\u00f6n\u00f6sen a gyermekes csal\u00e1dok \u00e9s a t\u00f6rt\u00e9nelem, a term\u00e9szet, a sport \u00e9s a pihen\u00e9s kombin\u00e1ci\u00f3j\u00e1t keres\u0151 l\u00e1togat\u00f3k sz\u00e1m\u00e1ra vonz\u00f3ak.<\/p>\n\n\n<div class=\"wp-block-image\">\n<figure class=\"aligncenter size-large\"><img loading=\"lazy\" decoding=\"async\" width=\"1024\" height=\"768\" src=\"https:\/\/www.regionsaris.sk\/wp-content\/uploads\/2026\/03\/vystava-nitra-clanok-oocrrs1-1024x768.jpg\" alt=\"\" class=\"wp-image-3923\" srcset=\"https:\/\/www.regionsaris.sk\/wp-content\/uploads\/2026\/03\/vystava-nitra-clanok-oocrrs1-1024x768.jpg 1024w, https:\/\/www.regionsaris.sk\/wp-content\/uploads\/2026\/03\/vystava-nitra-clanok-oocrrs1-300x225.jpg 300w, https:\/\/www.regionsaris.sk\/wp-content\/uploads\/2026\/03\/vystava-nitra-clanok-oocrrs1-768x576.jpg 768w, https:\/\/www.regionsaris.sk\/wp-content\/uploads\/2026\/03\/vystava-nitra-clanok-oocrrs1-1536x1152.jpg 1536w, https:\/\/www.regionsaris.sk\/wp-content\/uploads\/2026\/03\/vystava-nitra-clanok-oocrrs1-16x12.jpg 16w, https:\/\/www.regionsaris.sk\/wp-content\/uploads\/2026\/03\/vystava-nitra-clanok-oocrrs1.jpg 2000w\" sizes=\"auto, (max-width: 1024px) 100vw, 1024px\" \/><\/figure>\n<\/div>\n\n\n<p><\/p>\n\n\n\n<h2 class=\"wp-block-heading\" id=\"h-audiovizualna-prezentacia-regionu\">A r\u00e9gi\u00f3 audiovizu\u00e1lis bemutat\u00e1sa<\/h2>\n\n\n\n<p>A v\u00e1s\u00e1r teljes id\u0151tartama alatt prom\u00f3ci\u00f3s vide\u00f3inkat a standon elhelyezett k\u00e9perny\u0151k\u00f6n vet\u00edtett\u00e9k - destination video <a href=\"https:\/\/www.youtube.com\/watch?v=xEVH0Xz8Pdo\">\u0160ari\u0161 r\u00e9gi\u00f3<\/a> \u00e9s egy k\u00fcl\u00f6n vide\u00f3 a term\u00e9kcsal\u00e1dr\u00f3l <a href=\"https:\/\/www.youtube.com\/watch?v=sozZw-oMens\">SHC<\/a> vagy egy vide\u00f3, amely a <a href=\"https:\/\/www.youtube.com\/watch?v=HvcOccNgKhA\">region\u00e1lis termel\u0151k<\/a>. A dinamikus vizu\u00e1lis bemutat\u00f3 seg\u00edts\u00e9g\u00e9vel a l\u00e1togat\u00f3k jobban el tudt\u00e1k k\u00e9pzelni a r\u00e9gi\u00f3 hangulat\u00e1t, term\u00e9szeti t\u00e1jait, t\u00f6rt\u00e9nelmi eml\u00e9keit \u00e9s az akt\u00edv tev\u00e9kenys\u00e9gek k\u00edn\u00e1lat\u00e1t.<br><\/p>\n\n\n\n<h2 class=\"wp-block-heading\" id=\"h-chut-regionu-priamo-na-stanku\">A r\u00e9gi\u00f3 \u00edzel\u00edt\u0151je k\u00f6zvetlen\u00fcl a standon<\/h2>\n\n\n\n<p>A bemutat\u00f3 sor\u00e1n region\u00e1lis p\u00e9k\u00e1ruk k\u00f3stol\u00e1s\u00e1ra is sor ker\u00fclt, ami hozz\u00e1j\u00e1rult a stand l\u00e1togat\u00f3inak sz\u00e1m\u00e1nak n\u00f6veked\u00e9s\u00e9hez. A \u201eA r\u00e9gi\u00f3 \u00edzei\u201c kellemes hangulatot teremtett, \u00e9s teret adott a l\u00e1togat\u00f3kkal val\u00f3 szem\u00e9lyes kommunik\u00e1ci\u00f3ra a \u0160ari\u0161ban val\u00f3 nyaral\u00e1s lehet\u0151s\u00e9geir\u0151l. A \u0160ari\u0161 r\u00e9gi\u00f3 helyi termel\u0151inek term\u00e9keit haszn\u00e1ltuk fel.<\/p>\n\n\n<div class=\"wp-block-image\">\n<figure class=\"aligncenter size-large\"><img loading=\"lazy\" decoding=\"async\" width=\"1024\" height=\"768\" src=\"https:\/\/www.regionsaris.sk\/wp-content\/uploads\/2026\/03\/vystava-nitra-clanok-oocrrs-1024x768.jpg\" alt=\"\" class=\"wp-image-3924\" srcset=\"https:\/\/www.regionsaris.sk\/wp-content\/uploads\/2026\/03\/vystava-nitra-clanok-oocrrs-1024x768.jpg 1024w, https:\/\/www.regionsaris.sk\/wp-content\/uploads\/2026\/03\/vystava-nitra-clanok-oocrrs-300x225.jpg 300w, https:\/\/www.regionsaris.sk\/wp-content\/uploads\/2026\/03\/vystava-nitra-clanok-oocrrs-768x576.jpg 768w, https:\/\/www.regionsaris.sk\/wp-content\/uploads\/2026\/03\/vystava-nitra-clanok-oocrrs-1536x1152.jpg 1536w, https:\/\/www.regionsaris.sk\/wp-content\/uploads\/2026\/03\/vystava-nitra-clanok-oocrrs-16x12.jpg 16w, https:\/\/www.regionsaris.sk\/wp-content\/uploads\/2026\/03\/vystava-nitra-clanok-oocrrs.jpg 2000w\" sizes=\"auto, (max-width: 1024px) 100vw, 1024px\" \/><\/figure>\n<\/div>\n\n\n<p><\/p>\n\n\n\n<h2 class=\"wp-block-heading\" id=\"h-zhodnotenie-ucasti\">A r\u00e9szv\u00e9tel \u00e9rt\u00e9kel\u00e9se<\/h2>\n\n\n\n<p>Az OOCR Region \u0160ari\u0161 r\u00e9szv\u00e9tele a nyitrai v\u00e1s\u00e1ron meger\u0151s\u00edtette a Szlov\u00e1ki\u00e1ban az akt\u00edv \u00fcd\u00fcl\u00e9s, a ker\u00e9kp\u00e1roz\u00e1s, a t\u00e9li sportok, a f\u0151 turisztikai k\u00f6zpontokon k\u00edv\u00fcli term\u00e9szeti helyek, valamint a mozg\u00e1s \u00e9s a pihen\u00e9s kombin\u00e1ci\u00f3ja ir\u00e1nti n\u00f6vekv\u0151 \u00e9rdekl\u0151d\u00e9st. Az ilyen form\u00e1tum\u00fa v\u00e1s\u00e1ron val\u00f3 ism\u00e9telt r\u00e9szv\u00e9tel \u00e9s a \u201eEast - Your Escape\u201c m\u00e1rkan\u00e9v alatt t\u00f6rt\u00e9n\u0151 k\u00f6z\u00f6s bemutatkoz\u00e1s meger\u0151s\u00edtette \u0160ari\u0161 ismerts\u00e9g\u00e9t, mint olyan \u00fati c\u00e9lt, amely eg\u00e9sz \u00e9vben a term\u00e9szet, a t\u00f6rt\u00e9nelem, a sport, a pihen\u00e9s \u00e9s az autentikus \u00e9lm\u00e9nyek kiegyens\u00falyozott kombin\u00e1ci\u00f3j\u00e1t k\u00edn\u00e1lja.<\/p>\n\n\n\n<h2 class=\"wp-block-heading\" id=\"h-identifikovane-vyzvy-a-prilezitosti\">Azonos\u00edtott kih\u00edv\u00e1sok \u00e9s lehet\u0151s\u00e9gek<\/h2>\n\n\n\n<p>A l\u00e1togat\u00f3kkal k\u00e9sz\u00edtett interj\u00fak sor\u00e1n azt tapasztaltuk, hogy a r\u00e9gi\u00f3ban nincsenek kempingek \u00e9s hivatalos kempingek. Ennek az infrastrukt\u00far\u00e1nak a fejleszt\u00e9se jelent\u0151sen hozz\u00e1j\u00e1rulhatna a l\u00e1togat\u00f3sz\u00e1m n\u00f6vel\u00e9s\u00e9hez, k\u00fcl\u00f6n\u00f6sen az akt\u00edv utaz\u00f3k \u00e9s a lak\u00f3kocsit haszn\u00e1l\u00f3 csal\u00e1dok k\u00f6r\u00e9ben. Az is nyilv\u00e1nval\u00f3v\u00e1 v\u00e1lt, hogy a l\u00e1togat\u00f3knak hi\u00e1nyzik a hivatalos \u00e9s jelzett ker\u00e9kp\u00e1rutak egy\u00e9rtelm\u0171en kommunik\u00e1lt k\u00edn\u00e1lata, valamint a k\u00e9sz csomagok \u00e9s tematikus term\u00e9kek, amelyek megk\u00f6nny\u00edten\u00e9k sz\u00e1mukra a tart\u00f3zkod\u00e1suk megtervez\u00e9s\u00e9t. Ez a visszajelz\u00e9s lehet\u0151s\u00e9get k\u00edn\u00e1l a tov\u00e1bbi kidolgoz\u00e1sra.<\/p>\n\n\n\n<p>Az eg\u00e9sz rendezv\u00e9ny a Szlov\u00e1k K\u00f6zt\u00e1rsas\u00e1g Turisztikai \u00e9s Sportminiszt\u00e9rium\u00e1nak anyagi t\u00e1mogat\u00e1s\u00e1val val\u00f3sult meg.<\/p>\n\n\n<div class=\"wp-block-image\">\n<figure class=\"aligncenter size-full\"><img loading=\"lazy\" decoding=\"async\" width=\"400\" height=\"150\" src=\"https:\/\/www.regionsaris.sk\/wp-content\/uploads\/2026\/02\/loga-pata-clanok-1.jpg\" alt=\"\" class=\"wp-image-3541\" srcset=\"https:\/\/www.regionsaris.sk\/wp-content\/uploads\/2026\/02\/loga-pata-clanok-1.jpg 400w, https:\/\/www.regionsaris.sk\/wp-content\/uploads\/2026\/02\/loga-pata-clanok-1-300x113.jpg 300w, https:\/\/www.regionsaris.sk\/wp-content\/uploads\/2026\/02\/loga-pata-clanok-1-18x7.jpg 18w\" sizes=\"auto, (max-width: 400px) 100vw, 400px\" \/><\/figure>\n<\/div>\n\n\n<p>Forr\u00e1s: \u0160ari\u0161 r\u00e9gi\u00f3 Region\u00e1lis Turisztikai Szervezete<br>Fot\u00f3 forr\u00e1sa: Region\u00e1lis Turisztikai Szervezet \u0160ari\u0161 r\u00e9gi\u00f3<\/p>\n\n\n\n<p><\/p>","protected":false},"excerpt":{"rendered":"<p>Az OOCR Regi\u00f3n \u0160ari\u0161 folytatta tavalyi r\u00e9szv\u00e9tel\u00e9t, \u00e9s 2026-ban is bemutatkozott a...<\/p>","protected":false},"author":3,"featured_media":3921,"comment_status":"closed","ping_status":"closed","sticky":false,"template":"","format":"standard","meta":{"_acf_changed":false,"footnotes":""},"categories":[207],"tags":[],"class_list":["post-3919","post","type-post","status-publish","format-standard","has-post-thumbnail","hentry","category-projekty"],"acf":[],"yoast_head":"<!-- This site is optimized with the Yoast SEO Premium plugin v26.3 (Yoast SEO v26.8) - https:\/\/yoast.com\/product\/yoast-seo-premium-wordpress\/ -->\n<title>OOCR Regi\u00f3n \u0160ari\u0161 sa aj tento rok prezentovala na ve\u013etrhu cestovn\u00e9ho ruchu v\u00a0Nitre - OOCR \u0160ari\u0161<\/title>\n<meta name=\"description\" content=\"OOCR Regi\u00f3n \u0160ari\u0161 sa aj tento rok prezentovala na ve\u013etrhu Caravan Bike Travel 2026, kde sme na\u0161ou pr\u00edtomnos\u0165ou potvrdili silu regi\u00f3nu.\" \/>\n<meta name=\"robots\" content=\"index, follow, max-snippet:-1, max-image-preview:large, max-video-preview:-1\" \/>\n<link rel=\"canonical\" href=\"https:\/\/www.regionsaris.sk\/hu\/oocr-region-saris-sa-aj-tento-rok-prezentovala-na-veltrhu-cestovneho-ruchu-v-nitre-27-1-3-2026\/\" \/>\n<meta property=\"og:locale\" content=\"hu_HU\" \/>\n<meta property=\"og:type\" content=\"article\" \/>\n<meta property=\"og:title\" content=\"OOCR Regi\u00f3n \u0160ari\u0161 sa aj tento rok prezentovala na ve\u013etrhu cestovn\u00e9ho ruchu v\u00a0Nitre\" \/>\n<meta property=\"og:description\" content=\"OOCR Regi\u00f3n \u0160ari\u0161 sa aj tento rok prezentovala na ve\u013etrhu Caravan Bike Travel 2026, kde sme na\u0161ou pr\u00edtomnos\u0165ou potvrdili silu regi\u00f3nu.\" \/>\n<meta property=\"og:url\" content=\"https:\/\/www.regionsaris.sk\/hu\/oocr-region-saris-sa-aj-tento-rok-prezentovala-na-veltrhu-cestovneho-ruchu-v-nitre-27-1-3-2026\/\" \/>\n<meta property=\"og:site_name\" content=\"OOCR \u0160ari\u0161\" \/>\n<meta property=\"article:published_time\" content=\"2026-03-03T08:47:31+00:00\" \/>\n<meta property=\"article:modified_time\" content=\"2026-03-27T13:58:56+00:00\" \/>\n<meta property=\"og:image\" content=\"https:\/\/www.regionsaris.sk\/wp-content\/uploads\/2026\/03\/vystava-nitra-clanok-oocrrs3-e1772527580141.jpg\" \/>\n\t<meta property=\"og:image:width\" content=\"1720\" \/>\n\t<meta property=\"og:image:height\" content=\"1453\" \/>\n\t<meta property=\"og:image:type\" content=\"image\/jpeg\" \/>\n<meta name=\"author\" content=\"marketing\" \/>\n<meta name=\"twitter:card\" content=\"summary_large_image\" \/>\n<meta name=\"twitter:label1\" content=\"Szerz\u0151:\" \/>\n\t<meta name=\"twitter:data1\" content=\"marketing\" \/>\n\t<meta name=\"twitter:label2\" content=\"Becs\u00fclt olvas\u00e1si id\u0151\" \/>\n\t<meta name=\"twitter:data2\" content=\"5 perc\" \/>\n<script type=\"application\/ld+json\" class=\"yoast-schema-graph\">{\"@context\":\"https:\/\/schema.org\",\"@graph\":[{\"@type\":\"Article\",\"@id\":\"https:\/\/www.regionsaris.sk\/oocr-region-saris-sa-aj-tento-rok-prezentovala-na-veltrhu-cestovneho-ruchu-v-nitre-27-1-3-2026\/#article\",\"isPartOf\":{\"@id\":\"https:\/\/www.regionsaris.sk\/oocr-region-saris-sa-aj-tento-rok-prezentovala-na-veltrhu-cestovneho-ruchu-v-nitre-27-1-3-2026\/\"},\"author\":{\"name\":\"marketing\",\"@id\":\"https:\/\/www.regionsaris.sk\/#\/schema\/person\/ec8d3b7d0a3a7dad307f10116198d0b5\"},\"headline\":\"OOCR Regi\u00f3n \u0160ari\u0161 sa aj tento rok prezentovala na ve\u013etrhu cestovn\u00e9ho ruchu v\u00a0Nitre\",\"datePublished\":\"2026-03-03T08:47:31+00:00\",\"dateModified\":\"2026-03-27T13:58:56+00:00\",\"mainEntityOfPage\":{\"@id\":\"https:\/\/www.regionsaris.sk\/oocr-region-saris-sa-aj-tento-rok-prezentovala-na-veltrhu-cestovneho-ruchu-v-nitre-27-1-3-2026\/\"},\"wordCount\":905,\"image\":{\"@id\":\"https:\/\/www.regionsaris.sk\/oocr-region-saris-sa-aj-tento-rok-prezentovala-na-veltrhu-cestovneho-ruchu-v-nitre-27-1-3-2026\/#primaryimage\"},\"thumbnailUrl\":\"https:\/\/www.regionsaris.sk\/wp-content\/uploads\/2026\/03\/vystava-nitra-clanok-oocrrs3-e1772527580141.jpg\",\"articleSection\":[\"Projekty\"],\"inLanguage\":\"hu\"},{\"@type\":\"WebPage\",\"@id\":\"https:\/\/www.regionsaris.sk\/oocr-region-saris-sa-aj-tento-rok-prezentovala-na-veltrhu-cestovneho-ruchu-v-nitre-27-1-3-2026\/\",\"url\":\"https:\/\/www.regionsaris.sk\/oocr-region-saris-sa-aj-tento-rok-prezentovala-na-veltrhu-cestovneho-ruchu-v-nitre-27-1-3-2026\/\",\"name\":\"OOCR Regi\u00f3n \u0160ari\u0161 sa aj tento rok prezentovala na ve\u013etrhu cestovn\u00e9ho ruchu v\u00a0Nitre - OOCR \u0160ari\u0161\",\"isPartOf\":{\"@id\":\"https:\/\/www.regionsaris.sk\/#website\"},\"primaryImageOfPage\":{\"@id\":\"https:\/\/www.regionsaris.sk\/oocr-region-saris-sa-aj-tento-rok-prezentovala-na-veltrhu-cestovneho-ruchu-v-nitre-27-1-3-2026\/#primaryimage\"},\"image\":{\"@id\":\"https:\/\/www.regionsaris.sk\/oocr-region-saris-sa-aj-tento-rok-prezentovala-na-veltrhu-cestovneho-ruchu-v-nitre-27-1-3-2026\/#primaryimage\"},\"thumbnailUrl\":\"https:\/\/www.regionsaris.sk\/wp-content\/uploads\/2026\/03\/vystava-nitra-clanok-oocrrs3-e1772527580141.jpg\",\"datePublished\":\"2026-03-03T08:47:31+00:00\",\"dateModified\":\"2026-03-27T13:58:56+00:00\",\"author\":{\"@id\":\"https:\/\/www.regionsaris.sk\/#\/schema\/person\/ec8d3b7d0a3a7dad307f10116198d0b5\"},\"description\":\"OOCR Regi\u00f3n \u0160ari\u0161 sa aj tento rok prezentovala na ve\u013etrhu Caravan Bike Travel 2026, kde sme na\u0161ou pr\u00edtomnos\u0165ou potvrdili silu regi\u00f3nu.\",\"breadcrumb\":{\"@id\":\"https:\/\/www.regionsaris.sk\/oocr-region-saris-sa-aj-tento-rok-prezentovala-na-veltrhu-cestovneho-ruchu-v-nitre-27-1-3-2026\/#breadcrumb\"},\"inLanguage\":\"hu\",\"potentialAction\":[{\"@type\":\"ReadAction\",\"target\":[\"https:\/\/www.regionsaris.sk\/oocr-region-saris-sa-aj-tento-rok-prezentovala-na-veltrhu-cestovneho-ruchu-v-nitre-27-1-3-2026\/\"]}]},{\"@type\":\"ImageObject\",\"inLanguage\":\"hu\",\"@id\":\"https:\/\/www.regionsaris.sk\/oocr-region-saris-sa-aj-tento-rok-prezentovala-na-veltrhu-cestovneho-ruchu-v-nitre-27-1-3-2026\/#primaryimage\",\"url\":\"https:\/\/www.regionsaris.sk\/wp-content\/uploads\/2026\/03\/vystava-nitra-clanok-oocrrs3-e1772527580141.jpg\",\"contentUrl\":\"https:\/\/www.regionsaris.sk\/wp-content\/uploads\/2026\/03\/vystava-nitra-clanok-oocrrs3-e1772527580141.jpg\",\"width\":1720,\"height\":1453},{\"@type\":\"BreadcrumbList\",\"@id\":\"https:\/\/www.regionsaris.sk\/oocr-region-saris-sa-aj-tento-rok-prezentovala-na-veltrhu-cestovneho-ruchu-v-nitre-27-1-3-2026\/#breadcrumb\",\"itemListElement\":[{\"@type\":\"ListItem\",\"position\":1,\"name\":\"Domov\",\"item\":\"https:\/\/www.regionsaris.sk\/\"},{\"@type\":\"ListItem\",\"position\":2,\"name\":\"OOCR Regi\u00f3n \u0160ari\u0161 sa aj tento rok prezentovala na ve\u013etrhu cestovn\u00e9ho ruchu v\u00a0Nitre\"}]},{\"@type\":\"WebSite\",\"@id\":\"https:\/\/www.regionsaris.sk\/#website\",\"url\":\"https:\/\/www.regionsaris.sk\/\",\"name\":\"OOCR \u0160ari\u0161\",\"description\":\"\",\"potentialAction\":[{\"@type\":\"SearchAction\",\"target\":{\"@type\":\"EntryPoint\",\"urlTemplate\":\"https:\/\/www.regionsaris.sk\/?s={search_term_string}\"},\"query-input\":{\"@type\":\"PropertyValueSpecification\",\"valueRequired\":true,\"valueName\":\"search_term_string\"}}],\"inLanguage\":\"hu\"},{\"@type\":\"Person\",\"@id\":\"https:\/\/www.regionsaris.sk\/#\/schema\/person\/ec8d3b7d0a3a7dad307f10116198d0b5\",\"name\":\"marketing\",\"image\":{\"@type\":\"ImageObject\",\"inLanguage\":\"hu\",\"@id\":\"https:\/\/www.regionsaris.sk\/#\/schema\/person\/image\/\",\"url\":\"https:\/\/secure.gravatar.com\/avatar\/d86c85c214091923000a199276e541a97ba20b5109e7b00260a23abc26f5b6c1?s=96&d=mm&r=g\",\"contentUrl\":\"https:\/\/secure.gravatar.com\/avatar\/d86c85c214091923000a199276e541a97ba20b5109e7b00260a23abc26f5b6c1?s=96&d=mm&r=g\",\"caption\":\"marketing\"},\"url\":\"https:\/\/www.regionsaris.sk\/hu\/author\/marketing\/\"}]}<\/script>\n<!-- \/ Yoast SEO Premium plugin. -->","yoast_head_json":{"title":"OOCR Regi\u00f3n \u0160ari\u0161 sa aj tento rok prezentovala na ve\u013etrhu cestovn\u00e9ho ruchu v\u00a0Nitre - OOCR \u0160ari\u0161","description":"OOCR Regi\u00f3n \u0160ari\u0161 sa aj tento rok prezentovala na ve\u013etrhu Caravan Bike Travel 2026, kde sme na\u0161ou pr\u00edtomnos\u0165ou potvrdili silu regi\u00f3nu.","robots":{"index":"index","follow":"follow","max-snippet":"max-snippet:-1","max-image-preview":"max-image-preview:large","max-video-preview":"max-video-preview:-1"},"canonical":"https:\/\/www.regionsaris.sk\/hu\/oocr-region-saris-sa-aj-tento-rok-prezentovala-na-veltrhu-cestovneho-ruchu-v-nitre-27-1-3-2026\/","og_locale":"hu_HU","og_type":"article","og_title":"OOCR Regi\u00f3n \u0160ari\u0161 sa aj tento rok prezentovala na ve\u013etrhu cestovn\u00e9ho ruchu v\u00a0Nitre","og_description":"OOCR Regi\u00f3n \u0160ari\u0161 sa aj tento rok prezentovala na ve\u013etrhu Caravan Bike Travel 2026, kde sme na\u0161ou pr\u00edtomnos\u0165ou potvrdili silu regi\u00f3nu.","og_url":"https:\/\/www.regionsaris.sk\/hu\/oocr-region-saris-sa-aj-tento-rok-prezentovala-na-veltrhu-cestovneho-ruchu-v-nitre-27-1-3-2026\/","og_site_name":"OOCR \u0160ari\u0161","article_published_time":"2026-03-03T08:47:31+00:00","article_modified_time":"2026-03-27T13:58:56+00:00","og_image":[{"width":1720,"height":1453,"url":"https:\/\/www.regionsaris.sk\/wp-content\/uploads\/2026\/03\/vystava-nitra-clanok-oocrrs3-e1772527580141.jpg","type":"image\/jpeg"}],"author":"marketing","twitter_card":"summary_large_image","twitter_misc":{"Szerz\u0151:":"marketing","Becs\u00fclt olvas\u00e1si id\u0151":"5 perc"},"schema":{"@context":"https:\/\/schema.org","@graph":[{"@type":"Article","@id":"https:\/\/www.regionsaris.sk\/oocr-region-saris-sa-aj-tento-rok-prezentovala-na-veltrhu-cestovneho-ruchu-v-nitre-27-1-3-2026\/#article","isPartOf":{"@id":"https:\/\/www.regionsaris.sk\/oocr-region-saris-sa-aj-tento-rok-prezentovala-na-veltrhu-cestovneho-ruchu-v-nitre-27-1-3-2026\/"},"author":{"name":"marketing","@id":"https:\/\/www.regionsaris.sk\/#\/schema\/person\/ec8d3b7d0a3a7dad307f10116198d0b5"},"headline":"OOCR Regi\u00f3n \u0160ari\u0161 sa aj tento rok prezentovala na ve\u013etrhu cestovn\u00e9ho ruchu v\u00a0Nitre","datePublished":"2026-03-03T08:47:31+00:00","dateModified":"2026-03-27T13:58:56+00:00","mainEntityOfPage":{"@id":"https:\/\/www.regionsaris.sk\/oocr-region-saris-sa-aj-tento-rok-prezentovala-na-veltrhu-cestovneho-ruchu-v-nitre-27-1-3-2026\/"},"wordCount":905,"image":{"@id":"https:\/\/www.regionsaris.sk\/oocr-region-saris-sa-aj-tento-rok-prezentovala-na-veltrhu-cestovneho-ruchu-v-nitre-27-1-3-2026\/#primaryimage"},"thumbnailUrl":"https:\/\/www.regionsaris.sk\/wp-content\/uploads\/2026\/03\/vystava-nitra-clanok-oocrrs3-e1772527580141.jpg","articleSection":["Projekty"],"inLanguage":"hu"},{"@type":"WebPage","@id":"https:\/\/www.regionsaris.sk\/oocr-region-saris-sa-aj-tento-rok-prezentovala-na-veltrhu-cestovneho-ruchu-v-nitre-27-1-3-2026\/","url":"https:\/\/www.regionsaris.sk\/oocr-region-saris-sa-aj-tento-rok-prezentovala-na-veltrhu-cestovneho-ruchu-v-nitre-27-1-3-2026\/","name":"OOCR Regi\u00f3n \u0160ari\u0161 sa aj tento rok prezentovala na ve\u013etrhu cestovn\u00e9ho ruchu v\u00a0Nitre - OOCR \u0160ari\u0161","isPartOf":{"@id":"https:\/\/www.regionsaris.sk\/#website"},"primaryImageOfPage":{"@id":"https:\/\/www.regionsaris.sk\/oocr-region-saris-sa-aj-tento-rok-prezentovala-na-veltrhu-cestovneho-ruchu-v-nitre-27-1-3-2026\/#primaryimage"},"image":{"@id":"https:\/\/www.regionsaris.sk\/oocr-region-saris-sa-aj-tento-rok-prezentovala-na-veltrhu-cestovneho-ruchu-v-nitre-27-1-3-2026\/#primaryimage"},"thumbnailUrl":"https:\/\/www.regionsaris.sk\/wp-content\/uploads\/2026\/03\/vystava-nitra-clanok-oocrrs3-e1772527580141.jpg","datePublished":"2026-03-03T08:47:31+00:00","dateModified":"2026-03-27T13:58:56+00:00","author":{"@id":"https:\/\/www.regionsaris.sk\/#\/schema\/person\/ec8d3b7d0a3a7dad307f10116198d0b5"},"description":"OOCR Regi\u00f3n \u0160ari\u0161 sa aj tento rok prezentovala na ve\u013etrhu Caravan Bike Travel 2026, kde sme na\u0161ou pr\u00edtomnos\u0165ou potvrdili silu regi\u00f3nu.","breadcrumb":{"@id":"https:\/\/www.regionsaris.sk\/oocr-region-saris-sa-aj-tento-rok-prezentovala-na-veltrhu-cestovneho-ruchu-v-nitre-27-1-3-2026\/#breadcrumb"},"inLanguage":"hu","potentialAction":[{"@type":"ReadAction","target":["https:\/\/www.regionsaris.sk\/oocr-region-saris-sa-aj-tento-rok-prezentovala-na-veltrhu-cestovneho-ruchu-v-nitre-27-1-3-2026\/"]}]},{"@type":"ImageObject","inLanguage":"hu","@id":"https:\/\/www.regionsaris.sk\/oocr-region-saris-sa-aj-tento-rok-prezentovala-na-veltrhu-cestovneho-ruchu-v-nitre-27-1-3-2026\/#primaryimage","url":"https:\/\/www.regionsaris.sk\/wp-content\/uploads\/2026\/03\/vystava-nitra-clanok-oocrrs3-e1772527580141.jpg","contentUrl":"https:\/\/www.regionsaris.sk\/wp-content\/uploads\/2026\/03\/vystava-nitra-clanok-oocrrs3-e1772527580141.jpg","width":1720,"height":1453},{"@type":"BreadcrumbList","@id":"https:\/\/www.regionsaris.sk\/oocr-region-saris-sa-aj-tento-rok-prezentovala-na-veltrhu-cestovneho-ruchu-v-nitre-27-1-3-2026\/#breadcrumb","itemListElement":[{"@type":"ListItem","position":1,"name":"Domov","item":"https:\/\/www.regionsaris.sk\/"},{"@type":"ListItem","position":2,"name":"OOCR Regi\u00f3n \u0160ari\u0161 sa aj tento rok prezentovala na ve\u013etrhu cestovn\u00e9ho ruchu v\u00a0Nitre"}]},{"@type":"WebSite","@id":"https:\/\/www.regionsaris.sk\/#website","url":"https:\/\/www.regionsaris.sk\/","name":"OOCR \u0160ari\u0161","description":"","potentialAction":[{"@type":"SearchAction","target":{"@type":"EntryPoint","urlTemplate":"https:\/\/www.regionsaris.sk\/?s={search_term_string}"},"query-input":{"@type":"PropertyValueSpecification","valueRequired":true,"valueName":"search_term_string"}}],"inLanguage":"hu"},{"@type":"Person","@id":"https:\/\/www.regionsaris.sk\/#\/schema\/person\/ec8d3b7d0a3a7dad307f10116198d0b5","name":"marketing","image":{"@type":"ImageObject","inLanguage":"hu","@id":"https:\/\/www.regionsaris.sk\/#\/schema\/person\/image\/","url":"https:\/\/secure.gravatar.com\/avatar\/d86c85c214091923000a199276e541a97ba20b5109e7b00260a23abc26f5b6c1?s=96&d=mm&r=g","contentUrl":"https:\/\/secure.gravatar.com\/avatar\/d86c85c214091923000a199276e541a97ba20b5109e7b00260a23abc26f5b6c1?s=96&d=mm&r=g","caption":"marketing"},"url":"https:\/\/www.regionsaris.sk\/hu\/author\/marketing\/"}]}},"_links":{"self":[{"href":"https:\/\/www.regionsaris.sk\/hu\/wp-json\/wp\/v2\/posts\/3919","targetHints":{"allow":["GET"]}}],"collection":[{"href":"https:\/\/www.regionsaris.sk\/hu\/wp-json\/wp\/v2\/posts"}],"about":[{"href":"https:\/\/www.regionsaris.sk\/hu\/wp-json\/wp\/v2\/types\/post"}],"author":[{"embeddable":true,"href":"https:\/\/www.regionsaris.sk\/hu\/wp-json\/wp\/v2\/users\/3"}],"replies":[{"embeddable":true,"href":"https:\/\/www.regionsaris.sk\/hu\/wp-json\/wp\/v2\/comments?post=3919"}],"version-history":[{"count":6,"href":"https:\/\/www.regionsaris.sk\/hu\/wp-json\/wp\/v2\/posts\/3919\/revisions"}],"predecessor-version":[{"id":3930,"href":"https:\/\/www.regionsaris.sk\/hu\/wp-json\/wp\/v2\/posts\/3919\/revisions\/3930"}],"wp:featuredmedia":[{"embeddable":true,"href":"https:\/\/www.regionsaris.sk\/hu\/wp-json\/wp\/v2\/media\/3921"}],"wp:attachment":[{"href":"https:\/\/www.regionsaris.sk\/hu\/wp-json\/wp\/v2\/media?parent=3919"}],"wp:term":[{"taxonomy":"category","embeddable":true,"href":"https:\/\/www.regionsaris.sk\/hu\/wp-json\/wp\/v2\/categories?post=3919"},{"taxonomy":"post_tag","embeddable":true,"href":"https:\/\/www.regionsaris.sk\/hu\/wp-json\/wp\/v2\/tags?post=3919"}],"curies":[{"name":"wp","href":"https:\/\/api.w.org\/{rel}","templated":true}]}}