{"id":3891,"date":"2026-03-01T10:00:00","date_gmt":"2026-03-01T09:00:00","guid":{"rendered":"https:\/\/www.regionsaris.sk\/?p=3891"},"modified":"2026-02-27T10:08:06","modified_gmt":"2026-02-27T09:08:06","slug":"chod-a-fot-2026-fotosutaz-pre-profesionalov-aj-amaterov","status":"publish","type":"post","link":"https:\/\/www.regionsaris.sk\/hu\/chod-a-fot-2026-fotosutaz-pre-profesionalov-aj-amaterov\/","title":{"rendered":"Go and shoot 2026: fot\u00f3p\u00e1ly\u00e1zat profik \u00e9s amat\u0151r\u00f6k sz\u00e1m\u00e1ra"},"content":{"rendered":"<p>Szereted a fot\u00f3z\u00e1st \u00e9s szereted felfedezni a gy\u00f6ny\u00f6r\u0171 helyeket magad k\u00f6r\u00fcl? Csatlakozz a\u00a0<strong>A fot\u00f3p\u00e1ly\u00e1zat 14. kiad\u00e1sa Go and take pictures 2026<\/strong>\u00a0\u00e9s mutasd meg, hogyan l\u00e1tod a Pre\u0161ov r\u00e9gi\u00f3t a te lencs\u00e9ddel! <\/p>\n\n\n\n<p>Ez a verseny amat\u0151r\u00f6k \u00e9s tapasztalt fot\u00f3sok sz\u00e1m\u00e1ra egyar\u00e1nt nyitott, \u00e9s lehet\u0151s\u00e9get ad arra, hogy meg\u00f6r\u00f6k\u00edtsenek kiv\u00e9teles helyeket, embereket, kult\u00far\u00e1t, term\u00e9szetet vagy t\u00e9rs\u00e9g\u00fcnk hangulat\u00e1t. A legjobb k\u00e9peket d\u00edjazz\u00e1k \u00e9s bemutatj\u00e1k a nagyk\u00f6z\u00f6ns\u00e9gnek - nemcsak a d\u00edj\u00e1tad\u00f3 \u00fcnneps\u00e9gen, hanem a&nbsp;<strong>v\u00e1ndorki\u00e1ll\u00edt\u00e1s<\/strong>.<\/p>\n\n\n<div class=\"wp-block-image\">\n<figure class=\"aligncenter size-large\"><a href=\"https:\/\/www.severovychod.sk\/clanok\/fotosutaz-chod-a-fot-2026\/\"><img loading=\"lazy\" decoding=\"async\" width=\"1024\" height=\"410\" src=\"https:\/\/www.regionsaris.sk\/wp-content\/uploads\/2026\/02\/chod-a-fot-clanok-oocrrs-1024x410.jpg\" alt=\"\" class=\"wp-image-3892\" srcset=\"https:\/\/www.regionsaris.sk\/wp-content\/uploads\/2026\/02\/chod-a-fot-clanok-oocrrs-1024x410.jpg 1024w, https:\/\/www.regionsaris.sk\/wp-content\/uploads\/2026\/02\/chod-a-fot-clanok-oocrrs-300x120.jpg 300w, https:\/\/www.regionsaris.sk\/wp-content\/uploads\/2026\/02\/chod-a-fot-clanok-oocrrs-768x307.jpg 768w, https:\/\/www.regionsaris.sk\/wp-content\/uploads\/2026\/02\/chod-a-fot-clanok-oocrrs-1536x614.jpg 1536w, https:\/\/www.regionsaris.sk\/wp-content\/uploads\/2026\/02\/chod-a-fot-clanok-oocrrs-18x7.jpg 18w, https:\/\/www.regionsaris.sk\/wp-content\/uploads\/2026\/02\/chod-a-fot-clanok-oocrrs.jpg 1920w\" sizes=\"auto, (max-width: 1024px) 100vw, 1024px\" \/><\/a><\/figure>\n<\/div>\n\n\n<p><\/p>\n\n\n\n<h2 class=\"wp-block-heading\" id=\"h-porota-a-ceny\">Zs\u0171ri \u00e9s d\u00edjak<\/h2>\n\n\n\n<p>A felv\u00e9telekr\u0151l egy neves fot\u00f3s \u00e1ltal vezetett szak\u00e9rt\u0151i zs\u0171ri d\u00f6nt.\u00a0<strong>Jano \u0160tovka MQEP<\/strong>. A f\u0151d\u00edj - a BOSP m\u00e1rk\u00e1j\u00fa min\u0151s\u00e9gi t\u00farabakancs - mellett m\u00e1s \u00e9rdekes nyerem\u00e9nyek is kioszt\u00e1sra ker\u00fclhetnek.\u00a0<\/p>\n\n\n\n<p><strong>\u00daj 2026-ban<\/strong>&nbsp;a fiatal tehets\u00e9gek jutalmaz\u00e1sa is c\u00e9l: k\u00fcl\u00f6n kateg\u00f3ria van a 15 \u00e9v alatti gyermekek sz\u00e1m\u00e1ra.&nbsp;<strong>Gyerekek fot\u00f3znak<\/strong>, amelyekhez a p\u00e1ly\u00e1zatok beny\u00fajt\u00e1s\u00e1ra a t\u00f6rv\u00e9nyes k\u00e9pvisel\u0151ik jogosultak.&nbsp;<\/p>\n\n\n\n<p>Ezen k\u00edv\u00fcl egy k\u00fcl\u00f6nd\u00edjat is kiv\u00e1lasztanak a\u00a0<strong>Joseph Maximilian Petzval m\u00fazeuma<\/strong>\u00a0Szepesb\u00e9lben, amelyet egy neves fot\u00f3sr\u00f3l \u00e9s optikusr\u00f3l neveztek el, \u00e9s hat\u00e1rozza meg a kedvenc\u00e9t.\u00a0<\/p>\n\n\n\n<h2 class=\"wp-block-heading\">Hogyan lehet r\u00e9szt venni<\/h2>\n\n\n\n<p>A verseny a k\u00f6vetkez\u0151 id\u0151pontig tart\u00a0<strong>okt\u00f3ber 11. 2026<\/strong>, \u00edgy b\u0151ven van ideje kimozdulni \u00e9s meg\u00f6r\u00f6k\u00edteni a Pre\u0161ov r\u00e9gi\u00f3 sz\u00e9ps\u00e9geit.<\/p>\n\n\n\n<p>Versenyezhetsz a k\u00f6vetkez\u0151k egyik\u00e9ben&nbsp;<strong>7 kateg\u00f3ria<\/strong>, p\u00e9ld\u00e1ul:<\/p>\n\n\n\n<ul class=\"wp-block-list\">\n<li>t\u00e1jfot\u00f3z\u00e1s<\/li>\n\n\n\n<li>\u00e1llat- \u00e9s n\u00f6v\u00e9nyvil\u00e1g<\/li>\n\n\n\n<li>\u00c9p\u00edt\u00e9szet<\/li>\n\n\n\n<li>hagyom\u00e1nyok \u00e9s t\u00f6rt\u00e9nelem<\/li>\n\n\n\n<li>ember \u00e9s r\u00e9gi\u00f3<\/li>\n\n\n\n<li>\u00e9lm\u00e9nyek \u00e9s szabadid\u0151<\/li>\n\n\n\n<li>a gyerekek fot\u00f3znak<\/li>\n<\/ul>\n\n\n\n<p>Minden szerz\u0151 legfeljebb\u00a0<strong>7 f\u00e9nyk\u00e9p<\/strong>, minden k\u00e9pnek k\u00fcl\u00f6n kateg\u00f3ri\u00e1ba kell tartoznia.<\/p>\n\n\n\n<h2 class=\"wp-block-heading\">Regisztr\u00e1ci\u00f3<\/h2>\n\n\n\n<p>Jelentkezzen a verseny honlapj\u00e1n tal\u00e1lhat\u00f3 online \u0171rlapon kereszt\u00fcl, t\u00f6ltse fel a f\u00e9nyk\u00e9peit, \u00e9s er\u0151s\u00edtse meg, hogy elfogadja a szab\u00e1lyokat. Ne feledje - a k\u00e9peknek a k\u00f6vetkez\u0151 ter\u00fcleten kell k\u00e9sz\u00fclni\u00fck&nbsp;<strong>Pre\u0161ov r\u00e9gi\u00f3<\/strong>&nbsp;\u00e9s eredetinek kell lennie (mesters\u00e9ges intelligencia generat\u00edv m\u00f3dos\u00edt\u00e1sa n\u00e9lk\u00fcl).<\/p>\n\n\n\n<p>A formanyomtatv\u00e1nyt megtal\u00e1lja <a href=\"https:\/\/www.severovychod.sk\/registracny-formular-chod-a-fot-2026\/\">TU: <\/a><\/p>\n\n\n\n<div class=\"wp-block-buttons is-content-justification-center is-layout-flex wp-container-core-buttons-is-layout-a89b3969 wp-block-buttons-is-layout-flex\">\n<div class=\"wp-block-button\"><a class=\"wp-block-button__link has-text-align-center wp-element-button\" href=\"https:\/\/www.severovychod.sk\/registracny-formular-chod-a-fot-2026\/\">\u0171rlap<\/a><\/div>\n<\/div>\n\n\n\n<p><\/p>\n\n\n\n<p>K\u00e9szen van m\u00e1r a f\u00e9nyk\u00e9ped? Menj ki, \u00f6r\u00f6k\u00edtsd meg, ami megsz\u00f3l\u00edtott, \u00e9s oszd meg a megl\u00e1t\u00e1saidat m\u00e1sokkal! <\/p>\n\n\n\n<p>Forr\u00e1s: severovychod.sk, Region\u00e1lis Turisztikai Szervezet \u0160ari\u0161 r\u00e9gi\u00f3<br>Fot\u00f3 forr\u00e1sa: severovychod.sk<\/p>\n\n\n\n<p><\/p>","protected":false},"excerpt":{"rendered":"<p>Szereted a fot\u00f3z\u00e1st \u00e9s szereted felfedezni a gy\u00f6ny\u00f6r\u0171 helyeket magad k\u00f6r\u00fcl? Csatlakozzon a 14. kiad\u00e1s\u00fa Go...<\/p>","protected":false},"author":3,"featured_media":3893,"comment_status":"closed","ping_status":"closed","sticky":false,"template":"","format":"standard","meta":{"_acf_changed":false,"footnotes":""},"categories":[1],"tags":[],"class_list":["post-3891","post","type-post","status-publish","format-standard","has-post-thumbnail","hentry","category-novinky"],"acf":[],"yoast_head":"<!-- This site is optimized with the Yoast SEO Premium plugin v26.3 (Yoast SEO v26.8) - https:\/\/yoast.com\/product\/yoast-seo-premium-wordpress\/ -->\n<title>Cho\u010f a fo\u0165 2026: fotos\u00fa\u0165a\u017e pre profesion\u00e1lov aj amat\u00e9rov - OOCR \u0160ari\u0161<\/title>\n<meta name=\"description\" content=\"14. ro\u010dn\u00edk fotos\u00fa\u0165a\u017ee pre profesion\u00e1lnych aj amat\u00e9rskych fotografov z Pre\u0161ovsk\u00e9ho kraja. S\u00fa\u0165a\u017ei\u0165 m\u00f4\u017ee\u0161 v 7 kateg\u00f3ri\u00e1ch a\u017e do okt\u00f3bra.\" \/>\n<meta name=\"robots\" content=\"index, follow, max-snippet:-1, max-image-preview:large, max-video-preview:-1\" \/>\n<link rel=\"canonical\" href=\"https:\/\/www.regionsaris.sk\/hu\/chod-a-fot-2026-fotosutaz-pre-profesionalov-aj-amaterov\/\" \/>\n<meta property=\"og:locale\" content=\"hu_HU\" \/>\n<meta property=\"og:type\" content=\"article\" \/>\n<meta property=\"og:title\" content=\"Cho\u010f a fo\u0165 2026: fotos\u00fa\u0165a\u017e pre profesion\u00e1lov aj amat\u00e9rov\" \/>\n<meta property=\"og:description\" content=\"14. ro\u010dn\u00edk fotos\u00fa\u0165a\u017ee pre profesion\u00e1lnych aj amat\u00e9rskych fotografov z Pre\u0161ovsk\u00e9ho kraja. S\u00fa\u0165a\u017ei\u0165 m\u00f4\u017ee\u0161 v 7 kateg\u00f3ri\u00e1ch a\u017e do okt\u00f3bra.\" \/>\n<meta property=\"og:url\" content=\"https:\/\/www.regionsaris.sk\/hu\/chod-a-fot-2026-fotosutaz-pre-profesionalov-aj-amaterov\/\" \/>\n<meta property=\"og:site_name\" content=\"OOCR \u0160ari\u0161\" \/>\n<meta property=\"article:published_time\" content=\"2026-03-01T09:00:00+00:00\" \/>\n<meta property=\"og:image\" content=\"https:\/\/www.regionsaris.sk\/wp-content\/uploads\/2026\/02\/chod-a-fot-2026-1-oocrrs.jpg\" \/>\n\t<meta property=\"og:image:width\" content=\"1080\" \/>\n\t<meta property=\"og:image:height\" content=\"1350\" \/>\n\t<meta property=\"og:image:type\" content=\"image\/jpeg\" \/>\n<meta name=\"author\" content=\"marketing\" \/>\n<meta name=\"twitter:card\" content=\"summary_large_image\" \/>\n<meta name=\"twitter:label1\" content=\"Szerz\u0151:\" \/>\n\t<meta name=\"twitter:data1\" content=\"marketing\" \/>\n\t<meta name=\"twitter:label2\" content=\"Becs\u00fclt olvas\u00e1si id\u0151\" \/>\n\t<meta name=\"twitter:data2\" content=\"2 perc\" \/>\n<script type=\"application\/ld+json\" class=\"yoast-schema-graph\">{\"@context\":\"https:\/\/schema.org\",\"@graph\":[{\"@type\":\"Article\",\"@id\":\"https:\/\/www.regionsaris.sk\/chod-a-fot-2026-fotosutaz-pre-profesionalov-aj-amaterov\/#article\",\"isPartOf\":{\"@id\":\"https:\/\/www.regionsaris.sk\/chod-a-fot-2026-fotosutaz-pre-profesionalov-aj-amaterov\/\"},\"author\":{\"name\":\"marketing\",\"@id\":\"https:\/\/www.regionsaris.sk\/#\/schema\/person\/ec8d3b7d0a3a7dad307f10116198d0b5\"},\"headline\":\"Cho\u010f a fo\u0165 2026: fotos\u00fa\u0165a\u017e pre profesion\u00e1lov aj amat\u00e9rov\",\"datePublished\":\"2026-03-01T09:00:00+00:00\",\"mainEntityOfPage\":{\"@id\":\"https:\/\/www.regionsaris.sk\/chod-a-fot-2026-fotosutaz-pre-profesionalov-aj-amaterov\/\"},\"wordCount\":390,\"image\":{\"@id\":\"https:\/\/www.regionsaris.sk\/chod-a-fot-2026-fotosutaz-pre-profesionalov-aj-amaterov\/#primaryimage\"},\"thumbnailUrl\":\"https:\/\/www.regionsaris.sk\/wp-content\/uploads\/2026\/02\/chod-a-fot-2026-1-oocrrs.jpg\",\"articleSection\":[\"Novinky\"],\"inLanguage\":\"hu\"},{\"@type\":\"WebPage\",\"@id\":\"https:\/\/www.regionsaris.sk\/chod-a-fot-2026-fotosutaz-pre-profesionalov-aj-amaterov\/\",\"url\":\"https:\/\/www.regionsaris.sk\/chod-a-fot-2026-fotosutaz-pre-profesionalov-aj-amaterov\/\",\"name\":\"Cho\u010f a fo\u0165 2026: fotos\u00fa\u0165a\u017e pre profesion\u00e1lov aj amat\u00e9rov - OOCR \u0160ari\u0161\",\"isPartOf\":{\"@id\":\"https:\/\/www.regionsaris.sk\/#website\"},\"primaryImageOfPage\":{\"@id\":\"https:\/\/www.regionsaris.sk\/chod-a-fot-2026-fotosutaz-pre-profesionalov-aj-amaterov\/#primaryimage\"},\"image\":{\"@id\":\"https:\/\/www.regionsaris.sk\/chod-a-fot-2026-fotosutaz-pre-profesionalov-aj-amaterov\/#primaryimage\"},\"thumbnailUrl\":\"https:\/\/www.regionsaris.sk\/wp-content\/uploads\/2026\/02\/chod-a-fot-2026-1-oocrrs.jpg\",\"datePublished\":\"2026-03-01T09:00:00+00:00\",\"author\":{\"@id\":\"https:\/\/www.regionsaris.sk\/#\/schema\/person\/ec8d3b7d0a3a7dad307f10116198d0b5\"},\"description\":\"14. ro\u010dn\u00edk fotos\u00fa\u0165a\u017ee pre profesion\u00e1lnych aj amat\u00e9rskych fotografov z Pre\u0161ovsk\u00e9ho kraja. S\u00fa\u0165a\u017ei\u0165 m\u00f4\u017ee\u0161 v 7 kateg\u00f3ri\u00e1ch a\u017e do okt\u00f3bra.\",\"breadcrumb\":{\"@id\":\"https:\/\/www.regionsaris.sk\/chod-a-fot-2026-fotosutaz-pre-profesionalov-aj-amaterov\/#breadcrumb\"},\"inLanguage\":\"hu\",\"potentialAction\":[{\"@type\":\"ReadAction\",\"target\":[\"https:\/\/www.regionsaris.sk\/chod-a-fot-2026-fotosutaz-pre-profesionalov-aj-amaterov\/\"]}]},{\"@type\":\"ImageObject\",\"inLanguage\":\"hu\",\"@id\":\"https:\/\/www.regionsaris.sk\/chod-a-fot-2026-fotosutaz-pre-profesionalov-aj-amaterov\/#primaryimage\",\"url\":\"https:\/\/www.regionsaris.sk\/wp-content\/uploads\/2026\/02\/chod-a-fot-2026-1-oocrrs.jpg\",\"contentUrl\":\"https:\/\/www.regionsaris.sk\/wp-content\/uploads\/2026\/02\/chod-a-fot-2026-1-oocrrs.jpg\",\"width\":1080,\"height\":1350},{\"@type\":\"BreadcrumbList\",\"@id\":\"https:\/\/www.regionsaris.sk\/chod-a-fot-2026-fotosutaz-pre-profesionalov-aj-amaterov\/#breadcrumb\",\"itemListElement\":[{\"@type\":\"ListItem\",\"position\":1,\"name\":\"Domov\",\"item\":\"https:\/\/www.regionsaris.sk\/\"},{\"@type\":\"ListItem\",\"position\":2,\"name\":\"Cho\u010f a fo\u0165 2026: fotos\u00fa\u0165a\u017e pre profesion\u00e1lov aj amat\u00e9rov\"}]},{\"@type\":\"WebSite\",\"@id\":\"https:\/\/www.regionsaris.sk\/#website\",\"url\":\"https:\/\/www.regionsaris.sk\/\",\"name\":\"OOCR \u0160ari\u0161\",\"description\":\"\",\"potentialAction\":[{\"@type\":\"SearchAction\",\"target\":{\"@type\":\"EntryPoint\",\"urlTemplate\":\"https:\/\/www.regionsaris.sk\/?s={search_term_string}\"},\"query-input\":{\"@type\":\"PropertyValueSpecification\",\"valueRequired\":true,\"valueName\":\"search_term_string\"}}],\"inLanguage\":\"hu\"},{\"@type\":\"Person\",\"@id\":\"https:\/\/www.regionsaris.sk\/#\/schema\/person\/ec8d3b7d0a3a7dad307f10116198d0b5\",\"name\":\"marketing\",\"image\":{\"@type\":\"ImageObject\",\"inLanguage\":\"hu\",\"@id\":\"https:\/\/www.regionsaris.sk\/#\/schema\/person\/image\/\",\"url\":\"https:\/\/secure.gravatar.com\/avatar\/d86c85c214091923000a199276e541a97ba20b5109e7b00260a23abc26f5b6c1?s=96&d=mm&r=g\",\"contentUrl\":\"https:\/\/secure.gravatar.com\/avatar\/d86c85c214091923000a199276e541a97ba20b5109e7b00260a23abc26f5b6c1?s=96&d=mm&r=g\",\"caption\":\"marketing\"},\"url\":\"https:\/\/www.regionsaris.sk\/hu\/author\/marketing\/\"}]}<\/script>\n<!-- \/ Yoast SEO Premium plugin. -->","yoast_head_json":{"title":"Cho\u010f a fo\u0165 2026: fotos\u00fa\u0165a\u017e pre profesion\u00e1lov aj amat\u00e9rov - OOCR \u0160ari\u0161","description":"14. ro\u010dn\u00edk fotos\u00fa\u0165a\u017ee pre profesion\u00e1lnych aj amat\u00e9rskych fotografov z Pre\u0161ovsk\u00e9ho kraja. S\u00fa\u0165a\u017ei\u0165 m\u00f4\u017ee\u0161 v 7 kateg\u00f3ri\u00e1ch a\u017e do okt\u00f3bra.","robots":{"index":"index","follow":"follow","max-snippet":"max-snippet:-1","max-image-preview":"max-image-preview:large","max-video-preview":"max-video-preview:-1"},"canonical":"https:\/\/www.regionsaris.sk\/hu\/chod-a-fot-2026-fotosutaz-pre-profesionalov-aj-amaterov\/","og_locale":"hu_HU","og_type":"article","og_title":"Cho\u010f a fo\u0165 2026: fotos\u00fa\u0165a\u017e pre profesion\u00e1lov aj amat\u00e9rov","og_description":"14. ro\u010dn\u00edk fotos\u00fa\u0165a\u017ee pre profesion\u00e1lnych aj amat\u00e9rskych fotografov z Pre\u0161ovsk\u00e9ho kraja. S\u00fa\u0165a\u017ei\u0165 m\u00f4\u017ee\u0161 v 7 kateg\u00f3ri\u00e1ch a\u017e do okt\u00f3bra.","og_url":"https:\/\/www.regionsaris.sk\/hu\/chod-a-fot-2026-fotosutaz-pre-profesionalov-aj-amaterov\/","og_site_name":"OOCR \u0160ari\u0161","article_published_time":"2026-03-01T09:00:00+00:00","og_image":[{"width":1080,"height":1350,"url":"https:\/\/www.regionsaris.sk\/wp-content\/uploads\/2026\/02\/chod-a-fot-2026-1-oocrrs.jpg","type":"image\/jpeg"}],"author":"marketing","twitter_card":"summary_large_image","twitter_misc":{"Szerz\u0151:":"marketing","Becs\u00fclt olvas\u00e1si id\u0151":"2 perc"},"schema":{"@context":"https:\/\/schema.org","@graph":[{"@type":"Article","@id":"https:\/\/www.regionsaris.sk\/chod-a-fot-2026-fotosutaz-pre-profesionalov-aj-amaterov\/#article","isPartOf":{"@id":"https:\/\/www.regionsaris.sk\/chod-a-fot-2026-fotosutaz-pre-profesionalov-aj-amaterov\/"},"author":{"name":"marketing","@id":"https:\/\/www.regionsaris.sk\/#\/schema\/person\/ec8d3b7d0a3a7dad307f10116198d0b5"},"headline":"Cho\u010f a fo\u0165 2026: fotos\u00fa\u0165a\u017e pre profesion\u00e1lov aj amat\u00e9rov","datePublished":"2026-03-01T09:00:00+00:00","mainEntityOfPage":{"@id":"https:\/\/www.regionsaris.sk\/chod-a-fot-2026-fotosutaz-pre-profesionalov-aj-amaterov\/"},"wordCount":390,"image":{"@id":"https:\/\/www.regionsaris.sk\/chod-a-fot-2026-fotosutaz-pre-profesionalov-aj-amaterov\/#primaryimage"},"thumbnailUrl":"https:\/\/www.regionsaris.sk\/wp-content\/uploads\/2026\/02\/chod-a-fot-2026-1-oocrrs.jpg","articleSection":["Novinky"],"inLanguage":"hu"},{"@type":"WebPage","@id":"https:\/\/www.regionsaris.sk\/chod-a-fot-2026-fotosutaz-pre-profesionalov-aj-amaterov\/","url":"https:\/\/www.regionsaris.sk\/chod-a-fot-2026-fotosutaz-pre-profesionalov-aj-amaterov\/","name":"Cho\u010f a fo\u0165 2026: fotos\u00fa\u0165a\u017e pre profesion\u00e1lov aj amat\u00e9rov - OOCR \u0160ari\u0161","isPartOf":{"@id":"https:\/\/www.regionsaris.sk\/#website"},"primaryImageOfPage":{"@id":"https:\/\/www.regionsaris.sk\/chod-a-fot-2026-fotosutaz-pre-profesionalov-aj-amaterov\/#primaryimage"},"image":{"@id":"https:\/\/www.regionsaris.sk\/chod-a-fot-2026-fotosutaz-pre-profesionalov-aj-amaterov\/#primaryimage"},"thumbnailUrl":"https:\/\/www.regionsaris.sk\/wp-content\/uploads\/2026\/02\/chod-a-fot-2026-1-oocrrs.jpg","datePublished":"2026-03-01T09:00:00+00:00","author":{"@id":"https:\/\/www.regionsaris.sk\/#\/schema\/person\/ec8d3b7d0a3a7dad307f10116198d0b5"},"description":"14. ro\u010dn\u00edk fotos\u00fa\u0165a\u017ee pre profesion\u00e1lnych aj amat\u00e9rskych fotografov z Pre\u0161ovsk\u00e9ho kraja. S\u00fa\u0165a\u017ei\u0165 m\u00f4\u017ee\u0161 v 7 kateg\u00f3ri\u00e1ch a\u017e do okt\u00f3bra.","breadcrumb":{"@id":"https:\/\/www.regionsaris.sk\/chod-a-fot-2026-fotosutaz-pre-profesionalov-aj-amaterov\/#breadcrumb"},"inLanguage":"hu","potentialAction":[{"@type":"ReadAction","target":["https:\/\/www.regionsaris.sk\/chod-a-fot-2026-fotosutaz-pre-profesionalov-aj-amaterov\/"]}]},{"@type":"ImageObject","inLanguage":"hu","@id":"https:\/\/www.regionsaris.sk\/chod-a-fot-2026-fotosutaz-pre-profesionalov-aj-amaterov\/#primaryimage","url":"https:\/\/www.regionsaris.sk\/wp-content\/uploads\/2026\/02\/chod-a-fot-2026-1-oocrrs.jpg","contentUrl":"https:\/\/www.regionsaris.sk\/wp-content\/uploads\/2026\/02\/chod-a-fot-2026-1-oocrrs.jpg","width":1080,"height":1350},{"@type":"BreadcrumbList","@id":"https:\/\/www.regionsaris.sk\/chod-a-fot-2026-fotosutaz-pre-profesionalov-aj-amaterov\/#breadcrumb","itemListElement":[{"@type":"ListItem","position":1,"name":"Domov","item":"https:\/\/www.regionsaris.sk\/"},{"@type":"ListItem","position":2,"name":"Cho\u010f a fo\u0165 2026: fotos\u00fa\u0165a\u017e pre profesion\u00e1lov aj amat\u00e9rov"}]},{"@type":"WebSite","@id":"https:\/\/www.regionsaris.sk\/#website","url":"https:\/\/www.regionsaris.sk\/","name":"OOCR \u0160ari\u0161","description":"","potentialAction":[{"@type":"SearchAction","target":{"@type":"EntryPoint","urlTemplate":"https:\/\/www.regionsaris.sk\/?s={search_term_string}"},"query-input":{"@type":"PropertyValueSpecification","valueRequired":true,"valueName":"search_term_string"}}],"inLanguage":"hu"},{"@type":"Person","@id":"https:\/\/www.regionsaris.sk\/#\/schema\/person\/ec8d3b7d0a3a7dad307f10116198d0b5","name":"marketing","image":{"@type":"ImageObject","inLanguage":"hu","@id":"https:\/\/www.regionsaris.sk\/#\/schema\/person\/image\/","url":"https:\/\/secure.gravatar.com\/avatar\/d86c85c214091923000a199276e541a97ba20b5109e7b00260a23abc26f5b6c1?s=96&d=mm&r=g","contentUrl":"https:\/\/secure.gravatar.com\/avatar\/d86c85c214091923000a199276e541a97ba20b5109e7b00260a23abc26f5b6c1?s=96&d=mm&r=g","caption":"marketing"},"url":"https:\/\/www.regionsaris.sk\/hu\/author\/marketing\/"}]}},"_links":{"self":[{"href":"https:\/\/www.regionsaris.sk\/hu\/wp-json\/wp\/v2\/posts\/3891","targetHints":{"allow":["GET"]}}],"collection":[{"href":"https:\/\/www.regionsaris.sk\/hu\/wp-json\/wp\/v2\/posts"}],"about":[{"href":"https:\/\/www.regionsaris.sk\/hu\/wp-json\/wp\/v2\/types\/post"}],"author":[{"embeddable":true,"href":"https:\/\/www.regionsaris.sk\/hu\/wp-json\/wp\/v2\/users\/3"}],"replies":[{"embeddable":true,"href":"https:\/\/www.regionsaris.sk\/hu\/wp-json\/wp\/v2\/comments?post=3891"}],"version-history":[{"count":3,"href":"https:\/\/www.regionsaris.sk\/hu\/wp-json\/wp\/v2\/posts\/3891\/revisions"}],"predecessor-version":[{"id":3896,"href":"https:\/\/www.regionsaris.sk\/hu\/wp-json\/wp\/v2\/posts\/3891\/revisions\/3896"}],"wp:featuredmedia":[{"embeddable":true,"href":"https:\/\/www.regionsaris.sk\/hu\/wp-json\/wp\/v2\/media\/3893"}],"wp:attachment":[{"href":"https:\/\/www.regionsaris.sk\/hu\/wp-json\/wp\/v2\/media?parent=3891"}],"wp:term":[{"taxonomy":"category","embeddable":true,"href":"https:\/\/www.regionsaris.sk\/hu\/wp-json\/wp\/v2\/categories?post=3891"},{"taxonomy":"post_tag","embeddable":true,"href":"https:\/\/www.regionsaris.sk\/hu\/wp-json\/wp\/v2\/tags?post=3891"}],"curies":[{"name":"wp","href":"https:\/\/api.w.org\/{rel}","templated":true}]}}