{"id":3864,"date":"2026-02-25T14:00:22","date_gmt":"2026-02-25T13:00:22","guid":{"rendered":"https:\/\/www.regionsaris.sk\/?p=3864"},"modified":"2026-02-26T14:48:21","modified_gmt":"2026-02-26T13:48:21","slug":"jarne-prazdniny-plne-zabavy-v-regione-saris","status":"publish","type":"post","link":"https:\/\/www.regionsaris.sk\/hu\/jarne-prazdniny-plne-zabavy-v-regione-saris\/","title":{"rendered":"Sz\u00f3rakoz\u00e1ssal teli tavaszi \u00fcnnepek a \u0160ari\u0161 r\u00e9gi\u00f3ban"},"content":{"rendered":"<p>Meg\u00e1ll\u00edthatatlanul k\u00f6zelednek a tavaszi \u00fcnnepek Kelet-Szlov\u00e1ki\u00e1ban. Tudja m\u00e1r, hogy hol fogja elt\u00f6lteni a szabadidej\u00e9t a gyerekekkel ? Ak\u00e1r helyi lakos vagy, ak\u00e1r csal\u00e1doddal vagy bar\u00e1taiddal tervezel kir\u00e1ndul\u00e1st, ez a r\u00e9gi\u00f3 nem fog csal\u00f3d\u00e1st okozni - hagyom\u00e1nyos rendezv\u00e9nyek, v\u00e1rak, kultur\u00e1lis esem\u00e9nyek \u00e9s eredeti gyermekprogramok v\u00e1rnak r\u00e1d.<\/p>\n\n\n\n<h2 class=\"wp-block-heading\" id=\"h-jarne-prazdniny-na-hrade-saris\">Tavaszi \u00fcnnepek a \u0160ari\u0161-kast\u00e9lyban<\/h2>\n\n\n\n<p>A tavaszi sz\u00fcnid\u0151ben a Pre\u0161ov \u00e9s Ko\u0161ice r\u00e9gi\u00f3ban a \u0160ari\u0161-kast\u00e9lyban lehet programot \u00f6ssze\u00e1ll\u00edtani. Ebb\u0151l az alkalomb\u00f3l a kast\u00e9ly \u00e9s a r\u00e9g\u00e9szeti park eg\u00e9sz h\u00e9ten nyitva lesz. Az egyes napokon k\u00fcl\u00f6nleges programokat \u00e9lvezhet. <\/p>\n\n\n\n<p>H\u00c9TF\u0150: Donjon-torony \u00e9s a Lapid\u00e1rium bej\u00e1rata<br>CS\u00dcT\u00d6RT\u00d6K: Kincsvad\u00e1szat - kalandj\u00e1t\u00e9k gyerekeknek<br>CS\u00dcT\u00d6RT\u00d6K: \u00edj\u00e1szat, k\u00f6t\u00e9lh\u00faz\u00e1s, kincskeres\u00e9s<br>CS\u00dcT\u00d6RT\u00d6K: Castle Post, rajzol\u00e1s, kincskeres\u00e9s<br>P\u00c9NTEK: Kincskeres\u00e9s \u00e9s s\u00fct\u00e9s (12:00-14:00)<\/p>\n\n\n\n<p>Tov\u00e1bbi inform\u00e1ci\u00f3k\u00e9rt l\u00e1sd <a href=\"https:\/\/www.facebook.com\/photo.php?fbid=122156611502807996&amp;set=a.122132088992807996&amp;type=3&amp;notif_id=1771921222252723&amp;notif_t=feedback_reaction_generic_tagged&amp;ref=notif\"><strong>ITT: link<\/strong><\/a><\/p>\n\n\n<div class=\"wp-block-image\">\n<figure class=\"aligncenter size-large\"><img loading=\"lazy\" decoding=\"async\" width=\"681\" height=\"1024\" src=\"https:\/\/www.regionsaris.sk\/wp-content\/uploads\/2026\/02\/jarne-prazdniny-hrad-saris-oocrrs-681x1024.jpg\" alt=\"\" class=\"wp-image-3865\" srcset=\"https:\/\/www.regionsaris.sk\/wp-content\/uploads\/2026\/02\/jarne-prazdniny-hrad-saris-oocrrs-681x1024.jpg 681w, https:\/\/www.regionsaris.sk\/wp-content\/uploads\/2026\/02\/jarne-prazdniny-hrad-saris-oocrrs-200x300.jpg 200w, https:\/\/www.regionsaris.sk\/wp-content\/uploads\/2026\/02\/jarne-prazdniny-hrad-saris-oocrrs-768x1154.jpg 768w, https:\/\/www.regionsaris.sk\/wp-content\/uploads\/2026\/02\/jarne-prazdniny-hrad-saris-oocrrs-1022x1536.jpg 1022w, https:\/\/www.regionsaris.sk\/wp-content\/uploads\/2026\/02\/jarne-prazdniny-hrad-saris-oocrrs-8x12.jpg 8w, https:\/\/www.regionsaris.sk\/wp-content\/uploads\/2026\/02\/jarne-prazdniny-hrad-saris-oocrrs.jpg 1331w\" sizes=\"auto, (max-width: 681px) 100vw, 681px\" \/><\/figure>\n<\/div>\n\n\n<p><\/p>\n\n\n\n<p>Ha nem csak egy v\u00e1rra szeretne \u00f6sszpontos\u00edtani, a h\u00e9t folyam\u00e1n t\u00f6bb v\u00e1rat, v\u00e1rromot, kast\u00e9lyt vagy kast\u00e9lyt, illetve a \u0160ari\u0161-v\u00e1r\u00fat r\u00e9sz\u00e9t k\u00e9pez\u0151 v\u00e1rakat is megl\u00e1togathat. Ez a tematikus projekt t\u00f6bb mint 80 egyed\u00fcl\u00e1ll\u00f3 m\u0171eml\u00e9ket k\u00f6t \u00f6ssze. Egyszer\u0171 \u00e1ttekint\u00e9st l\u00e1that r\u00f3luk az alkalmaz\u00e1sban. <a href=\"https:\/\/app.sarisskahradnacesta.sk\/p\/343097\"><strong>ITT: alkalmaz\u00e1s<\/strong><\/a><\/p>\n\n\n\n<h2 class=\"wp-block-heading\" id=\"h-velke-prazdninove-hladanie-opalov-pre-malych-dobrodruhov\">A nagy \u00fcnnepi op\u00e1lvad\u00e1szat kis kalandoroknak<\/h2>\n\n\n\n<p>Az egyed\u00fcl\u00e1ll\u00f3 szlov\u00e1kiai op\u00e1lb\u00e1ny\u00e1k a szlov\u00e1kiai tavaszi sz\u00fcnet teljes id\u0151tartama alatt (17.2. - 7.3.) programot k\u00edn\u00e1lnak a kis kalandoroknak. <\/p>\n\n\n\n<p>A gyerekek a vil\u00e1g legr\u00e9gebbi op\u00e1lb\u00e1ny\u00e1inak m\u00e9ly\u00e9re jutnak, ahol megismerkedhetnek a f\u00f6ld alatti j\u00e1ratokkal, meghallgathatj\u00e1k a r\u00e9gi b\u00e1ny\u00e1szok t\u00f6rt\u00e9neteit, \u00e9s maguk is kis felfedez\u0151kk\u00e9 v\u00e1lhatnak. \u00c9rt\u00e9kes op\u00e1lok ut\u00e1n kutatnak, \u00e9s minden r\u00e9sztvev\u0151nek lehet\u0151s\u00e9ge lesz arra, hogy megtal\u00e1lja a saj\u00e1t \u201ekincs\u00e9t\u201c, amelyet hazavihet.<\/p>\n\n\n\n<p>A szervez\u0151k gondoskodnak a sisakr\u00f3l, a gyerekeknek pedig l\u00e1mp\u00e1t, zsebl\u00e1mp\u00e1t, kalap\u00e1csot, kap\u00e1t vagy gerebly\u00e9t kell hozniuk.<\/p>\n\n\n\n<p>Az egy\u00e9ni op\u00e1lkeres\u00e9s az \u00fcnnepek alatt 10:30-kor t\u00f6rt\u00e9nik Szlov\u00e1kia k\u00f6vetkez\u0151 r\u00e9szein:<\/p>\n\n\n\n<p>Kelet-Szlov\u00e1kia:&nbsp;<strong>2. 3., 4. 3., 6. 3.<\/strong><br>Nyugat-Szlov\u00e1kia:&nbsp;<strong>16. 2., 18. 2., 20. 2.<\/strong><br>K\u00f6z\u00e9p-Szlov\u00e1kia:&nbsp;<strong>23. 2., 25. 2., 27. 2.<\/strong><\/p>\n\n\n\n<p>Tov\u00e1bbi inform\u00e1ci\u00f3k\u00e9rt l\u00e1sd <a href=\"https:\/\/www.facebook.com\/slovenskeopalovebane\"><strong>ITT: link<\/strong><\/a><\/p>\n\n\n\n<figure class=\"wp-block-image size-large\"><img loading=\"lazy\" decoding=\"async\" width=\"1024\" height=\"684\" src=\"https:\/\/www.regionsaris.sk\/wp-content\/uploads\/2026\/02\/jarne-prazdniny-opalove-bane-oocrrs-1024x684.jpg\" alt=\"\" class=\"wp-image-3867\" srcset=\"https:\/\/www.regionsaris.sk\/wp-content\/uploads\/2026\/02\/jarne-prazdniny-opalove-bane-oocrrs-1024x684.jpg 1024w, https:\/\/www.regionsaris.sk\/wp-content\/uploads\/2026\/02\/jarne-prazdniny-opalove-bane-oocrrs-300x200.jpg 300w, https:\/\/www.regionsaris.sk\/wp-content\/uploads\/2026\/02\/jarne-prazdniny-opalove-bane-oocrrs-768x513.jpg 768w, https:\/\/www.regionsaris.sk\/wp-content\/uploads\/2026\/02\/jarne-prazdniny-opalove-bane-oocrrs-1536x1025.jpg 1536w, https:\/\/www.regionsaris.sk\/wp-content\/uploads\/2026\/02\/jarne-prazdniny-opalove-bane-oocrrs-18x12.jpg 18w, https:\/\/www.regionsaris.sk\/wp-content\/uploads\/2026\/02\/jarne-prazdniny-opalove-bane-oocrrs.jpg 2000w\" sizes=\"auto, (max-width: 1024px) 100vw, 1024px\" \/><\/figure>\n\n\n\n<p><\/p>\n\n\n\n<h2 class=\"wp-block-heading\" id=\"h-outdoor-a-sportove-aktivity\">Szabadt\u00e9ri \u00e9s sporttev\u00e9kenys\u00e9gek<\/h2>\n\n\n\n<p>J\u00c9GKORCSOL\u00c1S<\/p>\n\n\n\n<p>A tavaszi sz\u00fcnetben a j\u00e9gen is \u00e9lvezheti az akt\u00edv kikapcsol\u00f3d\u00e1st. A korcsoly\u00e1z\u00e1s ide\u00e1lis csal\u00e1di tev\u00e9kenys\u00e9g, amely \u00f6tv\u00f6zi a testmozg\u00e1st, a sz\u00f3rakoz\u00e1st \u00e9s a kellemes egy\u00fctt t\u00f6lt\u00f6tt id\u0151t. A r\u00e9gi\u00f3 fedett j\u00e9gp\u00e1ly\u00e1i nyilv\u00e1nos korcsoly\u00e1z\u00e1si lehet\u0151s\u00e9get k\u00edn\u00e1lnak gyerekeknek \u00e9s feln\u0151tteknek, \u00edgy a kezd\u0151k \u00e9s azok is tal\u00e1lnak maguknak elfoglalts\u00e1got, akik csak t\u00e9li form\u00e1ban szeretn\u00e9k tartani magukat. V\u00e1laszthat a korcsoly\u00e1z\u00e1s k\u00f6z\u00fcl: <br>- T\u00e9li stadion Pre\u0161ov<br>- T\u00e9li stadion Sabinov<br>- J\u00e9gkorong csarnok Lipany<br>- PWG Ar\u00e9na<br>- ELBA J\u00e9gcsarnok<\/p>\n\n\n<div class=\"wp-block-image\">\n<figure class=\"aligncenter size-large\"><img loading=\"lazy\" decoding=\"async\" width=\"768\" height=\"1024\" src=\"https:\/\/www.regionsaris.sk\/wp-content\/uploads\/2026\/02\/jarne-prazdniny-korculovanie-na-lade-768x1024.jpg\" alt=\"\" class=\"wp-image-3869\" srcset=\"https:\/\/www.regionsaris.sk\/wp-content\/uploads\/2026\/02\/jarne-prazdniny-korculovanie-na-lade-768x1024.jpg 768w, https:\/\/www.regionsaris.sk\/wp-content\/uploads\/2026\/02\/jarne-prazdniny-korculovanie-na-lade-225x300.jpg 225w, https:\/\/www.regionsaris.sk\/wp-content\/uploads\/2026\/02\/jarne-prazdniny-korculovanie-na-lade-1152x1536.jpg 1152w, https:\/\/www.regionsaris.sk\/wp-content\/uploads\/2026\/02\/jarne-prazdniny-korculovanie-na-lade-1536x2048.jpg 1536w, https:\/\/www.regionsaris.sk\/wp-content\/uploads\/2026\/02\/jarne-prazdniny-korculovanie-na-lade-9x12.jpg 9w, https:\/\/www.regionsaris.sk\/wp-content\/uploads\/2026\/02\/jarne-prazdniny-korculovanie-na-lade-scaled.jpg 1920w\" sizes=\"auto, (max-width: 768px) 100vw, 768px\" \/><\/figure>\n<\/div>\n\n\n<p><\/p>\n\n\n\n<p>T\u00daR\u00c1Z\u00c1S A TERM\u00c9SZETBEN<\/p>\n\n\n\n<p>A tavaszi sz\u00fcnid\u0151 ide\u00e1lis id\u0151szak a term\u00e9szetben val\u00f3 t\u00far\u00e1z\u00e1sra is, amelyet a \u0160ari\u0161 r\u00e9gi\u00f3 a maga teljes hiteless\u00e9g\u00e9ben k\u00edn\u00e1l. A \u010cergov \u00e9bredez\u0151 erdei \u00e9s a Slansk\u00e9 hory hegys\u00e9g \u00f6sv\u00e9nyei egyar\u00e1nt vonzz\u00e1k a csal\u00e1di s\u00e9t\u00e1kat \u00e9s az ig\u00e9nyesebb t\u00far\u00e1kat. Ha szeretn\u00e9 nyomon k\u00f6vetni a kijel\u00f6lt \u00f6sv\u00e9nyeket, az \u00fatvonalak hossz\u00e1t vagy a szintemelked\u00e9st, az alkalmaz\u00e1s nagy seg\u00edts\u00e9get ny\u00fajt.&nbsp;<strong><a href=\"https:\/\/www.outdooractive.com\/en\/routes\/saris\/routes-in-saris\/293993249\/\">Outdooractive<\/a><\/strong>, ahol tippeket tal\u00e1l a bev\u00e1lt \u00fatvonalakr\u00f3l, a terepi navig\u00e1ci\u00f3r\u00f3l \u00e9s inspir\u00e1ci\u00f3t \u00faj t\u00far\u00e1khoz. Csak v\u00e1lassza ki a neh\u00e9zs\u00e9get, csomagolja be a h\u00e1tizs\u00e1kj\u00e1t, \u00e9s induljon el a tavaszi \u0160ari\u0161 felfedez\u00e9s\u00e9re.<\/p>\n\n\n\n<p>S\u00cdEL\u00c9S VAGY SNOWBOARDOZ\u00c1S<\/p>\n\n\n\n<p>Az enyhe felmeleged\u00e9ssel a h\u00f3 mennyis\u00e9ge cs\u00f6kken, de a s\u00edterepek m\u00e9g mindig havasak \u00e9s m\u0171k\u00f6d\u0151k\u00e9pesek. A tavaszi sz\u00fcnid\u0151t \u0160ari\u0161ban is akt\u00edvan t\u00f6ltheti a s\u00edp\u00e1ly\u00e1kon. Az olyan s\u00edk\u00f6zpontok, mint&nbsp;<strong>Drienica<\/strong> De <strong>Lys\u00e1<\/strong> &nbsp;ide\u00e1lis felt\u00e9teleket k\u00edn\u00e1lnak a gyermekes csal\u00e1dok \u00e9s a szabadid\u0151s s\u00edel\u0151k sz\u00e1m\u00e1ra - gondozott p\u00e1ly\u00e1k, gyermekfelvon\u00f3k \u00e9s kellemes l\u00e9tes\u00edtm\u00e9nyek. A k\u00f6z\u00f6ss\u00e9gi m\u00e9di\u00e1jukban k\u00f6nnyen t\u00e1j\u00e9koz\u00f3dhat a legfrissebb inform\u00e1ci\u00f3kr\u00f3l a p\u00e1ly\u00e1k \u00e1llapot\u00e1r\u00f3l, az id\u0151j\u00e1r\u00e1sr\u00f3l vagy az \u00fczemeltet\u00e9sr\u0151l.<\/p>\n\n\n\n<h2 class=\"wp-block-heading\" id=\"h-oddych-a-relax\">Pihen\u00e9s \u00e9s kikapcsol\u00f3d\u00e1s<\/h2>\n\n\n\n<p>Ha az \u00fcnnepek alatt szeretne lelassulni, \u00e9s egy j\u00f3l meg\u00e9rdemelt pihen\u00e9sre v\u00e1gyik, \u0160ari\u0161 sz\u00e1mos lehet\u0151s\u00e9get k\u00edn\u00e1l, ahol felt\u00f6lt\u0151dhet.<\/p>\n\n\n\n<p><strong>Bardejov gy\u00f3gyf\u00fcrd\u0151<\/strong>&nbsp;ide\u00e1lis hely a test \u00e9s a l\u00e9lek regener\u00e1l\u00f3d\u00e1s\u00e1hoz. Az \u00e1sv\u00e1nyv\u00edzforr\u00e1sok, a wellnessk\u00f6zpontok \u00e9s a t\u00f6rt\u00e9nelmi f\u00fcrd\u0151 b\u00e9k\u00e9s l\u00e9gk\u00f6re t\u00f6k\u00e9letes k\u00f6rnyezetet teremt egy pihentet\u0151 \u00fcd\u00fcl\u00e9shez vagy egy egynapos menek\u00fcl\u00e9shez a mindennapi ny\u00fczsg\u00e9s el\u0151l.<\/p>\n\n\n\n<figure class=\"wp-block-image size-large\"><img loading=\"lazy\" decoding=\"async\" width=\"1024\" height=\"681\" src=\"https:\/\/www.regionsaris.sk\/wp-content\/uploads\/2026\/02\/bardejovske-kupele-clanok-a-post-1024x681.jpg\" alt=\"\" class=\"wp-image-3882\" srcset=\"https:\/\/www.regionsaris.sk\/wp-content\/uploads\/2026\/02\/bardejovske-kupele-clanok-a-post-1024x681.jpg 1024w, https:\/\/www.regionsaris.sk\/wp-content\/uploads\/2026\/02\/bardejovske-kupele-clanok-a-post-300x200.jpg 300w, https:\/\/www.regionsaris.sk\/wp-content\/uploads\/2026\/02\/bardejovske-kupele-clanok-a-post-768x511.jpg 768w, https:\/\/www.regionsaris.sk\/wp-content\/uploads\/2026\/02\/bardejovske-kupele-clanok-a-post-1536x1022.jpg 1536w, https:\/\/www.regionsaris.sk\/wp-content\/uploads\/2026\/02\/bardejovske-kupele-clanok-a-post-18x12.jpg 18w, https:\/\/www.regionsaris.sk\/wp-content\/uploads\/2026\/02\/bardejovske-kupele-clanok-a-post.jpg 2000w\" sizes=\"auto, (max-width: 1024px) 100vw, 1024px\" \/><\/figure>\n\n\n\n<p><\/p>\n\n\n\n<p>A gyermekes csal\u00e1dok \u00f6r\u00fclni fognak&nbsp;<strong>Aquapark Lipany<\/strong>, ahol a medenc\u00e9k, a v\u00edzi l\u00e1tv\u00e1nyoss\u00e1gok \u00e9s a relax\u00e1ci\u00f3s z\u00f3n\u00e1k szerelmesei megtal\u00e1lj\u00e1k a maguk\u00e9t. Nagyszer\u0171 v\u00e1laszt\u00e1s egy akt\u00edv, v\u00edzzel \u00e9s sz\u00f3rakoz\u00e1ssal teli naphoz, b\u00e1rmilyen id\u0151j\u00e1r\u00e1s is legyen.<\/p>\n\n\n\n<p>Ha a friss leveg\u0151t \u00e9s a csendesebb k\u00f6rnyezetet kedveli, l\u00e1togasson el a&nbsp;<strong>Drienica uszoda<\/strong>, amely a Drienica lejt\u0151i alatt a term\u00e9szetben val\u00f3 pihen\u00e9s n\u00e9pszer\u0171 helye. A v\u00edz \u00e9s a hegyi k\u00f6rnyezet kombin\u00e1ci\u00f3ja kellemes l\u00e9gk\u00f6rt teremt csal\u00e1dok \u00e9s p\u00e1rok sz\u00e1m\u00e1ra.<\/p>\n\n\n\n<h2 class=\"wp-block-heading\" id=\"h-kultura-podujatia\">Az esem\u00e9ny kult\u00far\u00e1ja<\/h2>\n\n\n\n<p>4.3.2026 Pre\u0161ov Music Spring 2026 \u00e9s tisztelg\u00e9s Eva Zacharova el\u0151tt<br>5.3.2026 Happy Keg - bork\u00f3stol\u00f3 Mea Grati<br>7.3.2026 N\u0151nap a K\u013dUD sz\u00ednh\u00e1zzal Ve\u013ek\u00fd \u0160ari\u0161ban (Nagyv\u00e1rad)<br>8.3.2026 Pre\u0161ov felfedez\u00e9se: Ve\u013ek\u00fd \u0160ari\u0161 nagy asszonyai \u00e9s sok m\u00e1s esem\u00e9ny a szekci\u00f3ban <a href=\"https:\/\/www.regionsaris.sk\/hu\/vsetky-podujatia\/\"><strong>ESEM\u00c9NYEK<\/strong><\/a><\/p>\n\n\n\n<p>A tavaszi vak\u00e1ci\u00f3 a \u0160ari\u0161 r\u00e9gi\u00f3ban t\u00f6bb, mint szabadnapok - lehet\u0151s\u00e9get ny\u00fajt \u00faj helyek felfedez\u00e9s\u00e9re, kalandok megtapasztal\u00e1s\u00e1ra, pihen\u00e9sre \u00e9s min\u0151s\u00e9gi id\u0151t\u00f6lt\u00e9sre a csal\u00e1ddal. Ak\u00e1r a kast\u00e9lyba, ak\u00e1r a vid\u00e9kre, a s\u00edp\u00e1ly\u00e1kra vagy a gy\u00f3gyf\u00fcrd\u0151be megy, minden napnak m\u00e1s \u00e9s m\u00e1s hangulata \u00e9s saj\u00e1t t\u00f6rt\u00e9nete lehet. Csak v\u00e1lassza azt, ami a legk\u00f6zelebb \u00e1ll \u00d6nh\u00f6z, \u00e9s hagyja, hogy azok az \u00e9lm\u00e9nyek vezess\u00e9k, amelyek k\u00fcl\u00f6nlegess\u00e9 teszik a \u0160ari\u0161t.&nbsp;<\/p>\n\n\n\n<p>Forr\u00e1s: Region\u00e1lis Turisztikai Szervezet \u0160ari\u0161 r\u00e9gi\u00f3<br>Fot\u00f3 forr\u00e1sa: \u0160ari\u0161 r\u00e9gi\u00f3 region\u00e1lis turisztikai szervezete<\/p>\n\n\n\n<p><\/p>","protected":false},"excerpt":{"rendered":"<p>Meg\u00e1ll\u00edthatatlanul k\u00f6zelednek a tavaszi \u00fcnnepek Kelet-Szlov\u00e1ki\u00e1ban. \u00d6n m\u00e1r tudja, hogy hol fogja gyermekeivel egy\u00fctt t\u00f6lteni a...<\/p>","protected":false},"author":3,"featured_media":3865,"comment_status":"closed","ping_status":"closed","sticky":false,"template":"","format":"standard","meta":{"_acf_changed":false,"footnotes":""},"categories":[1],"tags":[],"class_list":["post-3864","post","type-post","status-publish","format-standard","has-post-thumbnail","hentry","category-novinky"],"acf":[],"yoast_head":"<!-- This site is optimized with the Yoast SEO Premium plugin v26.3 (Yoast SEO v26.8) - https:\/\/yoast.com\/product\/yoast-seo-premium-wordpress\/ -->\n<title>Jarn\u00e9 pr\u00e1zdniny pln\u00e9 z\u00e1bavy v regi\u00f3ne \u0160ari\u0161 - OOCR \u0160ari\u0161<\/title>\n<meta name=\"description\" content=\"Jarn\u00e9 pr\u00e1zdniny pln\u00e9 z\u00e1bavy v\u00e1s \u010dakaj\u00fa v Regiane \u0160ari\u0161, ktor\u00fd si pre v\u00e1s pripravil bohat\u00fd program na cel\u00fd t\u00fd\u017ede\u0148.\" \/>\n<meta name=\"robots\" content=\"index, follow, max-snippet:-1, max-image-preview:large, max-video-preview:-1\" \/>\n<link rel=\"canonical\" href=\"https:\/\/www.regionsaris.sk\/hu\/jarne-prazdniny-plne-zabavy-v-regione-saris\/\" \/>\n<meta property=\"og:locale\" content=\"hu_HU\" \/>\n<meta property=\"og:type\" content=\"article\" \/>\n<meta property=\"og:title\" content=\"Jarn\u00e9 pr\u00e1zdniny pln\u00e9 z\u00e1bavy v regi\u00f3ne \u0160ari\u0161\" \/>\n<meta property=\"og:description\" content=\"Jarn\u00e9 pr\u00e1zdniny pln\u00e9 z\u00e1bavy v\u00e1s \u010dakaj\u00fa v Regiane \u0160ari\u0161, ktor\u00fd si pre v\u00e1s pripravil bohat\u00fd program na cel\u00fd t\u00fd\u017ede\u0148.\" \/>\n<meta property=\"og:url\" content=\"https:\/\/www.regionsaris.sk\/hu\/jarne-prazdniny-plne-zabavy-v-regione-saris\/\" \/>\n<meta property=\"og:site_name\" content=\"OOCR \u0160ari\u0161\" \/>\n<meta property=\"article:published_time\" content=\"2026-02-25T13:00:22+00:00\" \/>\n<meta property=\"article:modified_time\" content=\"2026-02-26T13:48:21+00:00\" \/>\n<meta property=\"og:image\" content=\"https:\/\/www.regionsaris.sk\/wp-content\/uploads\/2026\/02\/jarne-prazdniny-hrad-saris-oocrrs.jpg\" \/>\n\t<meta property=\"og:image:width\" content=\"1331\" \/>\n\t<meta property=\"og:image:height\" content=\"2000\" \/>\n\t<meta property=\"og:image:type\" content=\"image\/jpeg\" \/>\n<meta name=\"author\" content=\"marketing\" \/>\n<meta name=\"twitter:card\" content=\"summary_large_image\" \/>\n<meta name=\"twitter:label1\" content=\"Szerz\u0151:\" \/>\n\t<meta name=\"twitter:data1\" content=\"marketing\" \/>\n\t<meta name=\"twitter:label2\" content=\"Becs\u00fclt olvas\u00e1si id\u0151\" \/>\n\t<meta name=\"twitter:data2\" content=\"6 perc\" \/>\n<script type=\"application\/ld+json\" class=\"yoast-schema-graph\">{\"@context\":\"https:\/\/schema.org\",\"@graph\":[{\"@type\":\"Article\",\"@id\":\"https:\/\/www.regionsaris.sk\/jarne-prazdniny-plne-zabavy-v-regione-saris\/#article\",\"isPartOf\":{\"@id\":\"https:\/\/www.regionsaris.sk\/jarne-prazdniny-plne-zabavy-v-regione-saris\/\"},\"author\":{\"name\":\"marketing\",\"@id\":\"https:\/\/www.regionsaris.sk\/#\/schema\/person\/ec8d3b7d0a3a7dad307f10116198d0b5\"},\"headline\":\"Jarn\u00e9 pr\u00e1zdniny pln\u00e9 z\u00e1bavy v regi\u00f3ne \u0160ari\u0161\",\"datePublished\":\"2026-02-25T13:00:22+00:00\",\"dateModified\":\"2026-02-26T13:48:21+00:00\",\"mainEntityOfPage\":{\"@id\":\"https:\/\/www.regionsaris.sk\/jarne-prazdniny-plne-zabavy-v-regione-saris\/\"},\"wordCount\":1062,\"image\":{\"@id\":\"https:\/\/www.regionsaris.sk\/jarne-prazdniny-plne-zabavy-v-regione-saris\/#primaryimage\"},\"thumbnailUrl\":\"https:\/\/www.regionsaris.sk\/wp-content\/uploads\/2026\/02\/jarne-prazdniny-hrad-saris-oocrrs.jpg\",\"articleSection\":[\"Novinky\"],\"inLanguage\":\"hu\"},{\"@type\":\"WebPage\",\"@id\":\"https:\/\/www.regionsaris.sk\/jarne-prazdniny-plne-zabavy-v-regione-saris\/\",\"url\":\"https:\/\/www.regionsaris.sk\/jarne-prazdniny-plne-zabavy-v-regione-saris\/\",\"name\":\"Jarn\u00e9 pr\u00e1zdniny pln\u00e9 z\u00e1bavy v regi\u00f3ne \u0160ari\u0161 - OOCR \u0160ari\u0161\",\"isPartOf\":{\"@id\":\"https:\/\/www.regionsaris.sk\/#website\"},\"primaryImageOfPage\":{\"@id\":\"https:\/\/www.regionsaris.sk\/jarne-prazdniny-plne-zabavy-v-regione-saris\/#primaryimage\"},\"image\":{\"@id\":\"https:\/\/www.regionsaris.sk\/jarne-prazdniny-plne-zabavy-v-regione-saris\/#primaryimage\"},\"thumbnailUrl\":\"https:\/\/www.regionsaris.sk\/wp-content\/uploads\/2026\/02\/jarne-prazdniny-hrad-saris-oocrrs.jpg\",\"datePublished\":\"2026-02-25T13:00:22+00:00\",\"dateModified\":\"2026-02-26T13:48:21+00:00\",\"author\":{\"@id\":\"https:\/\/www.regionsaris.sk\/#\/schema\/person\/ec8d3b7d0a3a7dad307f10116198d0b5\"},\"description\":\"Jarn\u00e9 pr\u00e1zdniny pln\u00e9 z\u00e1bavy v\u00e1s \u010dakaj\u00fa v Regiane \u0160ari\u0161, ktor\u00fd si pre v\u00e1s pripravil bohat\u00fd program na cel\u00fd t\u00fd\u017ede\u0148.\",\"breadcrumb\":{\"@id\":\"https:\/\/www.regionsaris.sk\/jarne-prazdniny-plne-zabavy-v-regione-saris\/#breadcrumb\"},\"inLanguage\":\"hu\",\"potentialAction\":[{\"@type\":\"ReadAction\",\"target\":[\"https:\/\/www.regionsaris.sk\/jarne-prazdniny-plne-zabavy-v-regione-saris\/\"]}]},{\"@type\":\"ImageObject\",\"inLanguage\":\"hu\",\"@id\":\"https:\/\/www.regionsaris.sk\/jarne-prazdniny-plne-zabavy-v-regione-saris\/#primaryimage\",\"url\":\"https:\/\/www.regionsaris.sk\/wp-content\/uploads\/2026\/02\/jarne-prazdniny-hrad-saris-oocrrs.jpg\",\"contentUrl\":\"https:\/\/www.regionsaris.sk\/wp-content\/uploads\/2026\/02\/jarne-prazdniny-hrad-saris-oocrrs.jpg\",\"width\":1331,\"height\":2000},{\"@type\":\"BreadcrumbList\",\"@id\":\"https:\/\/www.regionsaris.sk\/jarne-prazdniny-plne-zabavy-v-regione-saris\/#breadcrumb\",\"itemListElement\":[{\"@type\":\"ListItem\",\"position\":1,\"name\":\"Domov\",\"item\":\"https:\/\/www.regionsaris.sk\/\"},{\"@type\":\"ListItem\",\"position\":2,\"name\":\"Jarn\u00e9 pr\u00e1zdniny pln\u00e9 z\u00e1bavy v regi\u00f3ne \u0160ari\u0161\"}]},{\"@type\":\"WebSite\",\"@id\":\"https:\/\/www.regionsaris.sk\/#website\",\"url\":\"https:\/\/www.regionsaris.sk\/\",\"name\":\"OOCR \u0160ari\u0161\",\"description\":\"\",\"potentialAction\":[{\"@type\":\"SearchAction\",\"target\":{\"@type\":\"EntryPoint\",\"urlTemplate\":\"https:\/\/www.regionsaris.sk\/?s={search_term_string}\"},\"query-input\":{\"@type\":\"PropertyValueSpecification\",\"valueRequired\":true,\"valueName\":\"search_term_string\"}}],\"inLanguage\":\"hu\"},{\"@type\":\"Person\",\"@id\":\"https:\/\/www.regionsaris.sk\/#\/schema\/person\/ec8d3b7d0a3a7dad307f10116198d0b5\",\"name\":\"marketing\",\"image\":{\"@type\":\"ImageObject\",\"inLanguage\":\"hu\",\"@id\":\"https:\/\/www.regionsaris.sk\/#\/schema\/person\/image\/\",\"url\":\"https:\/\/secure.gravatar.com\/avatar\/d86c85c214091923000a199276e541a97ba20b5109e7b00260a23abc26f5b6c1?s=96&d=mm&r=g\",\"contentUrl\":\"https:\/\/secure.gravatar.com\/avatar\/d86c85c214091923000a199276e541a97ba20b5109e7b00260a23abc26f5b6c1?s=96&d=mm&r=g\",\"caption\":\"marketing\"},\"url\":\"https:\/\/www.regionsaris.sk\/hu\/author\/marketing\/\"}]}<\/script>\n<!-- \/ Yoast SEO Premium plugin. -->","yoast_head_json":{"title":"Jarn\u00e9 pr\u00e1zdniny pln\u00e9 z\u00e1bavy v regi\u00f3ne \u0160ari\u0161 - OOCR \u0160ari\u0161","description":"Jarn\u00e9 pr\u00e1zdniny pln\u00e9 z\u00e1bavy v\u00e1s \u010dakaj\u00fa v Regiane \u0160ari\u0161, ktor\u00fd si pre v\u00e1s pripravil bohat\u00fd program na cel\u00fd t\u00fd\u017ede\u0148.","robots":{"index":"index","follow":"follow","max-snippet":"max-snippet:-1","max-image-preview":"max-image-preview:large","max-video-preview":"max-video-preview:-1"},"canonical":"https:\/\/www.regionsaris.sk\/hu\/jarne-prazdniny-plne-zabavy-v-regione-saris\/","og_locale":"hu_HU","og_type":"article","og_title":"Jarn\u00e9 pr\u00e1zdniny pln\u00e9 z\u00e1bavy v regi\u00f3ne \u0160ari\u0161","og_description":"Jarn\u00e9 pr\u00e1zdniny pln\u00e9 z\u00e1bavy v\u00e1s \u010dakaj\u00fa v Regiane \u0160ari\u0161, ktor\u00fd si pre v\u00e1s pripravil bohat\u00fd program na cel\u00fd t\u00fd\u017ede\u0148.","og_url":"https:\/\/www.regionsaris.sk\/hu\/jarne-prazdniny-plne-zabavy-v-regione-saris\/","og_site_name":"OOCR \u0160ari\u0161","article_published_time":"2026-02-25T13:00:22+00:00","article_modified_time":"2026-02-26T13:48:21+00:00","og_image":[{"width":1331,"height":2000,"url":"https:\/\/www.regionsaris.sk\/wp-content\/uploads\/2026\/02\/jarne-prazdniny-hrad-saris-oocrrs.jpg","type":"image\/jpeg"}],"author":"marketing","twitter_card":"summary_large_image","twitter_misc":{"Szerz\u0151:":"marketing","Becs\u00fclt olvas\u00e1si id\u0151":"6 perc"},"schema":{"@context":"https:\/\/schema.org","@graph":[{"@type":"Article","@id":"https:\/\/www.regionsaris.sk\/jarne-prazdniny-plne-zabavy-v-regione-saris\/#article","isPartOf":{"@id":"https:\/\/www.regionsaris.sk\/jarne-prazdniny-plne-zabavy-v-regione-saris\/"},"author":{"name":"marketing","@id":"https:\/\/www.regionsaris.sk\/#\/schema\/person\/ec8d3b7d0a3a7dad307f10116198d0b5"},"headline":"Jarn\u00e9 pr\u00e1zdniny pln\u00e9 z\u00e1bavy v regi\u00f3ne \u0160ari\u0161","datePublished":"2026-02-25T13:00:22+00:00","dateModified":"2026-02-26T13:48:21+00:00","mainEntityOfPage":{"@id":"https:\/\/www.regionsaris.sk\/jarne-prazdniny-plne-zabavy-v-regione-saris\/"},"wordCount":1062,"image":{"@id":"https:\/\/www.regionsaris.sk\/jarne-prazdniny-plne-zabavy-v-regione-saris\/#primaryimage"},"thumbnailUrl":"https:\/\/www.regionsaris.sk\/wp-content\/uploads\/2026\/02\/jarne-prazdniny-hrad-saris-oocrrs.jpg","articleSection":["Novinky"],"inLanguage":"hu"},{"@type":"WebPage","@id":"https:\/\/www.regionsaris.sk\/jarne-prazdniny-plne-zabavy-v-regione-saris\/","url":"https:\/\/www.regionsaris.sk\/jarne-prazdniny-plne-zabavy-v-regione-saris\/","name":"Jarn\u00e9 pr\u00e1zdniny pln\u00e9 z\u00e1bavy v regi\u00f3ne \u0160ari\u0161 - OOCR \u0160ari\u0161","isPartOf":{"@id":"https:\/\/www.regionsaris.sk\/#website"},"primaryImageOfPage":{"@id":"https:\/\/www.regionsaris.sk\/jarne-prazdniny-plne-zabavy-v-regione-saris\/#primaryimage"},"image":{"@id":"https:\/\/www.regionsaris.sk\/jarne-prazdniny-plne-zabavy-v-regione-saris\/#primaryimage"},"thumbnailUrl":"https:\/\/www.regionsaris.sk\/wp-content\/uploads\/2026\/02\/jarne-prazdniny-hrad-saris-oocrrs.jpg","datePublished":"2026-02-25T13:00:22+00:00","dateModified":"2026-02-26T13:48:21+00:00","author":{"@id":"https:\/\/www.regionsaris.sk\/#\/schema\/person\/ec8d3b7d0a3a7dad307f10116198d0b5"},"description":"Jarn\u00e9 pr\u00e1zdniny pln\u00e9 z\u00e1bavy v\u00e1s \u010dakaj\u00fa v Regiane \u0160ari\u0161, ktor\u00fd si pre v\u00e1s pripravil bohat\u00fd program na cel\u00fd t\u00fd\u017ede\u0148.","breadcrumb":{"@id":"https:\/\/www.regionsaris.sk\/jarne-prazdniny-plne-zabavy-v-regione-saris\/#breadcrumb"},"inLanguage":"hu","potentialAction":[{"@type":"ReadAction","target":["https:\/\/www.regionsaris.sk\/jarne-prazdniny-plne-zabavy-v-regione-saris\/"]}]},{"@type":"ImageObject","inLanguage":"hu","@id":"https:\/\/www.regionsaris.sk\/jarne-prazdniny-plne-zabavy-v-regione-saris\/#primaryimage","url":"https:\/\/www.regionsaris.sk\/wp-content\/uploads\/2026\/02\/jarne-prazdniny-hrad-saris-oocrrs.jpg","contentUrl":"https:\/\/www.regionsaris.sk\/wp-content\/uploads\/2026\/02\/jarne-prazdniny-hrad-saris-oocrrs.jpg","width":1331,"height":2000},{"@type":"BreadcrumbList","@id":"https:\/\/www.regionsaris.sk\/jarne-prazdniny-plne-zabavy-v-regione-saris\/#breadcrumb","itemListElement":[{"@type":"ListItem","position":1,"name":"Domov","item":"https:\/\/www.regionsaris.sk\/"},{"@type":"ListItem","position":2,"name":"Jarn\u00e9 pr\u00e1zdniny pln\u00e9 z\u00e1bavy v regi\u00f3ne \u0160ari\u0161"}]},{"@type":"WebSite","@id":"https:\/\/www.regionsaris.sk\/#website","url":"https:\/\/www.regionsaris.sk\/","name":"OOCR \u0160ari\u0161","description":"","potentialAction":[{"@type":"SearchAction","target":{"@type":"EntryPoint","urlTemplate":"https:\/\/www.regionsaris.sk\/?s={search_term_string}"},"query-input":{"@type":"PropertyValueSpecification","valueRequired":true,"valueName":"search_term_string"}}],"inLanguage":"hu"},{"@type":"Person","@id":"https:\/\/www.regionsaris.sk\/#\/schema\/person\/ec8d3b7d0a3a7dad307f10116198d0b5","name":"marketing","image":{"@type":"ImageObject","inLanguage":"hu","@id":"https:\/\/www.regionsaris.sk\/#\/schema\/person\/image\/","url":"https:\/\/secure.gravatar.com\/avatar\/d86c85c214091923000a199276e541a97ba20b5109e7b00260a23abc26f5b6c1?s=96&d=mm&r=g","contentUrl":"https:\/\/secure.gravatar.com\/avatar\/d86c85c214091923000a199276e541a97ba20b5109e7b00260a23abc26f5b6c1?s=96&d=mm&r=g","caption":"marketing"},"url":"https:\/\/www.regionsaris.sk\/hu\/author\/marketing\/"}]}},"_links":{"self":[{"href":"https:\/\/www.regionsaris.sk\/hu\/wp-json\/wp\/v2\/posts\/3864","targetHints":{"allow":["GET"]}}],"collection":[{"href":"https:\/\/www.regionsaris.sk\/hu\/wp-json\/wp\/v2\/posts"}],"about":[{"href":"https:\/\/www.regionsaris.sk\/hu\/wp-json\/wp\/v2\/types\/post"}],"author":[{"embeddable":true,"href":"https:\/\/www.regionsaris.sk\/hu\/wp-json\/wp\/v2\/users\/3"}],"replies":[{"embeddable":true,"href":"https:\/\/www.regionsaris.sk\/hu\/wp-json\/wp\/v2\/comments?post=3864"}],"version-history":[{"count":10,"href":"https:\/\/www.regionsaris.sk\/hu\/wp-json\/wp\/v2\/posts\/3864\/revisions"}],"predecessor-version":[{"id":3883,"href":"https:\/\/www.regionsaris.sk\/hu\/wp-json\/wp\/v2\/posts\/3864\/revisions\/3883"}],"wp:featuredmedia":[{"embeddable":true,"href":"https:\/\/www.regionsaris.sk\/hu\/wp-json\/wp\/v2\/media\/3865"}],"wp:attachment":[{"href":"https:\/\/www.regionsaris.sk\/hu\/wp-json\/wp\/v2\/media?parent=3864"}],"wp:term":[{"taxonomy":"category","embeddable":true,"href":"https:\/\/www.regionsaris.sk\/hu\/wp-json\/wp\/v2\/categories?post=3864"},{"taxonomy":"post_tag","embeddable":true,"href":"https:\/\/www.regionsaris.sk\/hu\/wp-json\/wp\/v2\/tags?post=3864"}],"curies":[{"name":"wp","href":"https:\/\/api.w.org\/{rel}","templated":true}]}}