{"id":3839,"date":"2026-02-24T14:18:46","date_gmt":"2026-02-24T13:18:46","guid":{"rendered":"https:\/\/www.regionsaris.sk\/?p=3839"},"modified":"2026-03-27T14:59:06","modified_gmt":"2026-03-27T13:59:06","slug":"oocr-region-saris-na-veltrhu-utazas-2026-v-budapesti","status":"publish","type":"post","link":"https:\/\/www.regionsaris.sk\/hu\/oocr-region-saris-na-veltrhu-utazas-2026-v-budapesti\/","title":{"rendered":"OOCR Region \u0160ari\u0161 az Utaz\u00e1s 2026 v\u00e1s\u00e1ron Budapesten"},"content":{"rendered":"<p>2026. febru\u00e1r 18-22. k\u00f6z\u00f6tt az OOCR Region \u0160ari\u0161 r\u00e9szt vett Magyarorsz\u00e1g legnagyobb turisztikai v\u00e1s\u00e1r\u00e1n, az Utaz\u00e1s 2026-on, amely a <a href=\"http:\/\/utazas.hungexpo.hu\">HUNGEXPO Budapest<\/a> - V\u00e1s\u00e1rk\u00f6zpont, 1101 Budapest, Albertirsai \u00fat 10 (Expo t\u00e9r 1).<\/p>\n\n\n\n<p>A Szlov\u00e1k K\u00f6zt\u00e1rsas\u00e1got a k\u00f6vetkez\u0151 c\u00edmsz\u00f3 alatt mutatt\u00e1k be <a href=\"https:\/\/slovakia.travel\/\">SZLOV\u00c1KIA UTAZ\u00c1S<\/a> Szlov\u00e1kia t\u00f6bb r\u00e9gi\u00f3j\u00e1val egy\u00fctt. A v\u00e1s\u00e1r a szakmai \u00e9s a nagyk\u00f6z\u00f6ns\u00e9gnek egyar\u00e1nt sz\u00f3l, \u00e9s fontos platformot jelent \u00faj kapcsolatok kialak\u00edt\u00e1s\u00e1ra, a turizmus trendjeinek bemutat\u00e1s\u00e1ra \u00e9s az orsz\u00e1gok turisztikai k\u00edn\u00e1lat\u00e1nak \u00f6sszehasonl\u00edt\u00e1s\u00e1ra. A Caravan szalon, az E-Bike Test &amp; Show \u00e9s a Budapest Boat Show rendezv\u00e9nyek p\u00e1rhuzamosan zajlottak, \u00e9s jelent\u0151sen b\u0151v\u00edtett\u00e9k a l\u00e1togat\u00f3k k\u00f6r\u00e9t.<\/p>\n\n\n<div class=\"wp-block-image\">\n<figure class=\"aligncenter size-large\"><img loading=\"lazy\" decoding=\"async\" width=\"1024\" height=\"576\" src=\"https:\/\/www.regionsaris.sk\/wp-content\/uploads\/2026\/02\/budexpo-3-oocrrs-1024x576.jpeg\" alt=\"\" class=\"wp-image-3840\" srcset=\"https:\/\/www.regionsaris.sk\/wp-content\/uploads\/2026\/02\/budexpo-3-oocrrs-1024x576.jpeg 1024w, https:\/\/www.regionsaris.sk\/wp-content\/uploads\/2026\/02\/budexpo-3-oocrrs-300x169.jpeg 300w, https:\/\/www.regionsaris.sk\/wp-content\/uploads\/2026\/02\/budexpo-3-oocrrs-768x432.jpeg 768w, https:\/\/www.regionsaris.sk\/wp-content\/uploads\/2026\/02\/budexpo-3-oocrrs-1536x864.jpeg 1536w, https:\/\/www.regionsaris.sk\/wp-content\/uploads\/2026\/02\/budexpo-3-oocrrs-18x10.jpeg 18w, https:\/\/www.regionsaris.sk\/wp-content\/uploads\/2026\/02\/budexpo-3-oocrrs.jpeg 2048w\" sizes=\"auto, (max-width: 1024px) 100vw, 1024px\" \/><\/figure>\n<\/div>\n\n\n<p><\/p>\n\n\n\n<h2 class=\"wp-block-heading\" id=\"h-priebeh-a-atmosfera\">Tanfolyam \u00e9s l\u00e9gk\u00f6r<\/h2>\n\n\n\n<p class=\"has-text-align-left\">Az els\u0151 nap (19.2.) a hivatalos megnyit\u00f3 \u00e9s egy sajt\u00f3t\u00e1j\u00e9koztat\u00f3 volt, amelyen mintegy 40 \u00fajs\u00e1g\u00edr\u00f3 vett r\u00e9szt. A kezdetekt\u0151l fogva nagy volt a m\u00e9dia \u00e9s a szlov\u00e1kiai szakmai k\u00f6zv\u00e9lem\u00e9ny \u00e9rdekl\u0151d\u00e9se. A h\u00e9tv\u00e9ge folyam\u00e1n a l\u00e1togat\u00f3k jellege megv\u00e1ltozott - a ki\u00e1ll\u00edt\u00e1si k\u00f6zpont f\u0151k\u00e9nt gyermekes csal\u00e1dokkal telt meg, akik konkr\u00e9t \u00fcd\u00fcl\u00e9si tippeket kerestek.<\/p>\n\n\n\n<p>A szlov\u00e1k stand hangulata nagyon \u00e9l\u00e9nk \u00e9s hiteles volt. A l\u00e1togat\u00f3kat a k\u00f6vetkez\u0151k vonzott\u00e1k:<br><strong>- szlov\u00e1k borok, sajtok \u00e9s s\u00f6r\u00f6k k\u00f3stol\u00e1sa,<br>- hagyom\u00e1nyos gasztron\u00f3miai k\u00fcl\u00f6nlegess\u00e9gek,<br>- m\u00e9zeskal\u00e1cs d\u00edsz\u00edt\u00e9s m\u00e9zeskal\u00e1cs k\u00e9sz\u00edt\u0151k \u00e1ltal,<br>- a rafting \u00e9s a fujara j\u00e1t\u00e9k bemutat\u00e1sa<\/strong><br>Csak <strong>folkl\u00f3r<\/strong> a <strong>gasztron\u00f3mia<\/strong> gyakran vonzotta az embereket a standhoz, \u00e9s k\u00e9s\u0151bb \u00e9rdekl\u0151dtek a konkr\u00e9t \u00fati c\u00e9lok ir\u00e1nt.<\/p>\n\n\n<div class=\"wp-block-image\">\n<figure class=\"aligncenter size-large\"><img loading=\"lazy\" decoding=\"async\" width=\"768\" height=\"1024\" src=\"https:\/\/www.regionsaris.sk\/wp-content\/uploads\/2026\/02\/budexpo-oocrrs-768x1024.jpeg\" alt=\"\" class=\"wp-image-3841\" srcset=\"https:\/\/www.regionsaris.sk\/wp-content\/uploads\/2026\/02\/budexpo-oocrrs-768x1024.jpeg 768w, https:\/\/www.regionsaris.sk\/wp-content\/uploads\/2026\/02\/budexpo-oocrrs-225x300.jpeg 225w, https:\/\/www.regionsaris.sk\/wp-content\/uploads\/2026\/02\/budexpo-oocrrs-1152x1536.jpeg 1152w, https:\/\/www.regionsaris.sk\/wp-content\/uploads\/2026\/02\/budexpo-oocrrs-9x12.jpeg 9w, https:\/\/www.regionsaris.sk\/wp-content\/uploads\/2026\/02\/budexpo-oocrrs.jpeg 1536w\" sizes=\"auto, (max-width: 768px) 100vw, 768px\" \/><\/figure>\n<\/div>\n\n\n<p><\/p>\n\n\n\n<h2 class=\"wp-block-heading\" id=\"h-zlozenie-navstevnikov\">A l\u00e1togat\u00f3k \u00f6sszet\u00e9tele<\/h2>\n\n\n\n<p class=\"has-text-align-left\" id=\"h-zlozenie-navstevnikovnajvacsiu-skupinu-tvorili-madari-ktori-slovensko-vnimaju-ako-blizku-a-dostupnu-dovolenkovu-destinaciu-zaujimavostou-bol-pomerne-vysoky-pocet-slovakov-zijucich-na-juhu-slovenska-ktori-si-prichadzali-po-nove-tipy-na-vylety-vo-vlastnej-krajine-na-stanku-sme-sa-stretli-aj-s-navstevnikmi-z-usa-americanmi-cestujucimi-po-europe-turistami-zo-skandinavskych-krajin-najma-z-danska-madarskymi-studentmi-mensim-poctom-navstevnikov-z-dalsich-europskych-statov-zahranicni-navstevnici-casto-planovali-dlhsie-cesty-po-strednej-europe-a-slovensko-zaradovali-ako-menej-objavenu-autenticku-destinaciu\">A legnagyobb csoportot azok a magyarok alkott\u00e1k, akik Szlov\u00e1ki\u00e1t k\u00f6zeli \u00e9s el\u00e9rhet\u0151 nyaral\u00e1si c\u00e9lpontnak tekintik. \u00c9rdekes volt a D\u00e9l-Szlov\u00e1ki\u00e1ban \u00e9l\u0151 szlov\u00e1kok viszonylag magas sz\u00e1ma, akik \u00faj tippeket kerestek a saj\u00e1t orsz\u00e1gukban tett kir\u00e1ndul\u00e1sokhoz.<\/p>\n\n\n\n<p>A standon tal\u00e1lkoztunk az USA-b\u00f3l (Eur\u00f3p\u00e1ban utaz\u00f3 amerikaiak), a skandin\u00e1v orsz\u00e1gokb\u00f3l - k\u00fcl\u00f6n\u00f6sen D\u00e1ni\u00e1b\u00f3l - \u00e9rkez\u0151 turist\u00e1kkal, magyar di\u00e1kokkal, valamint kisebb sz\u00e1mban m\u00e1s eur\u00f3pai orsz\u00e1gokb\u00f3l \u00e9rkez\u0151 l\u00e1togat\u00f3kkal is.<\/p>\n\n\n\n<p>A k\u00fclf\u00f6ldi l\u00e1togat\u00f3k gyakran terveztek hosszabb utaz\u00e1sokat K\u00f6z\u00e9p-Eur\u00f3p\u00e1ban, \u00e9s Szlov\u00e1ki\u00e1t kev\u00e9sb\u00e9 felfedezett, autentikus \u00fati c\u00e9lnak min\u0151s\u00edtett\u00e9k.<\/p>\n\n\n<div class=\"wp-block-image\">\n<figure class=\"aligncenter size-large\"><img loading=\"lazy\" decoding=\"async\" width=\"1024\" height=\"576\" src=\"https:\/\/www.regionsaris.sk\/wp-content\/uploads\/2026\/02\/budexpo-2-oocrrs-1024x576.jpeg\" alt=\"\" class=\"wp-image-3842\" srcset=\"https:\/\/www.regionsaris.sk\/wp-content\/uploads\/2026\/02\/budexpo-2-oocrrs-1024x576.jpeg 1024w, https:\/\/www.regionsaris.sk\/wp-content\/uploads\/2026\/02\/budexpo-2-oocrrs-300x169.jpeg 300w, https:\/\/www.regionsaris.sk\/wp-content\/uploads\/2026\/02\/budexpo-2-oocrrs-768x432.jpeg 768w, https:\/\/www.regionsaris.sk\/wp-content\/uploads\/2026\/02\/budexpo-2-oocrrs-1536x864.jpeg 1536w, https:\/\/www.regionsaris.sk\/wp-content\/uploads\/2026\/02\/budexpo-2-oocrrs-18x10.jpeg 18w, https:\/\/www.regionsaris.sk\/wp-content\/uploads\/2026\/02\/budexpo-2-oocrrs.jpeg 2048w\" sizes=\"auto, (max-width: 1024px) 100vw, 1024px\" \/><\/figure>\n<\/div>\n\n\n<p><\/p>\n\n\n\n<h2 class=\"wp-block-heading\" id=\"h-o-co-bol-najvacsi-zaujem\">Ami a leg\u00e9rdekesebb volt<\/h2>\n\n\n\n<p class=\"has-text-align-left\">A leggyakoribb k\u00e9rd\u00e9sek a \u0160ari\u0161 r\u00e9gi\u00f3 saj\u00e1tos k\u00edn\u00e1lat\u00e1ra vonatkoztak. A l\u00e1togat\u00f3kat legink\u00e1bb a k\u00f6vetkez\u0151k \u00e9rdekelt\u00e9k: v\u00e1rak \u00e9s t\u00f6rt\u00e9nelmi eml\u00e9kek, ker\u00e9kp\u00e1ros \u00e9s akt\u00edv pihen\u00e9si lehet\u0151s\u00e9gek, sz\u00e1ll\u00e1slehet\u0151s\u00e9gek, Bardejov, Pre\u0161ov \u00e9s a t\u00e1gabb k\u00f6rny\u00e9k v\u00e1rosai, gy\u00f3gyf\u00fcrd\u0151k \u00e9s wellness-\u00fcd\u00fcl\u00e9sek, kemping \u00e9s lak\u00f3kocsiz\u00e1s (k\u00fcl\u00f6n\u00f6sen a d\u00e1nok \u00e9s a lak\u00f3kocsi-v\u00e1s\u00e1r l\u00e1togat\u00f3i sz\u00e1m\u00e1ra).<\/p>\n\n\n\n<p class=\"has-text-align-left\">Nagyon pozit\u00edvan reag\u00e1ltak az UNESCO helysz\u00ednekr\u0151l sz\u00f3l\u00f3 inform\u00e1ci\u00f3kra, a r\u00e9gi\u00f3 csendesebb l\u00e9gk\u00f6r\u00e9re \u00e9s az alpesi \u00fati c\u00e9lokhoz k\u00e9pest megfizethet\u0151 \u00e1rra.<\/p>\n\n\n<div class=\"wp-block-image\">\n<figure class=\"aligncenter size-large\"><img loading=\"lazy\" decoding=\"async\" width=\"768\" height=\"1024\" src=\"https:\/\/www.regionsaris.sk\/wp-content\/uploads\/2026\/02\/budexpo-1-oocrrs-768x1024.jpeg\" alt=\"\" class=\"wp-image-3843\" srcset=\"https:\/\/www.regionsaris.sk\/wp-content\/uploads\/2026\/02\/budexpo-1-oocrrs-768x1024.jpeg 768w, https:\/\/www.regionsaris.sk\/wp-content\/uploads\/2026\/02\/budexpo-1-oocrrs-225x300.jpeg 225w, https:\/\/www.regionsaris.sk\/wp-content\/uploads\/2026\/02\/budexpo-1-oocrrs-1152x1536.jpeg 1152w, https:\/\/www.regionsaris.sk\/wp-content\/uploads\/2026\/02\/budexpo-1-oocrrs-9x12.jpeg 9w, https:\/\/www.regionsaris.sk\/wp-content\/uploads\/2026\/02\/budexpo-1-oocrrs.jpeg 1536w\" sizes=\"auto, (max-width: 768px) 100vw, 768px\" \/><\/figure>\n<\/div>\n\n\n<p><\/p>\n\n\n\n<p class=\"has-text-align-left\">A v\u00e1s\u00e1r sor\u00e1n sz\u00e1mos \u00faj kapcsolatot siker\u00fclt kialak\u00edtanunk utaz\u00e1si irod\u00e1kkal, szervezetekkel, \u00fajs\u00e1g\u00edr\u00f3kkal \u00e9s m\u00e1s szlov\u00e1kiai region\u00e1lis szervezetekkel. Megbesz\u00e9lt\u00fck a m\u00e9dia-megjelen\u00e9sek, tanulm\u00e1nyutak \u00e9s a r\u00e9gi\u00f3 n\u00e9pszer\u0171s\u00edt\u00e9s\u00e9ben val\u00f3 egy\u00fcttm\u0171k\u00f6d\u00e9s lehet\u0151s\u00e9geit. \u00c9rdekes volt tal\u00e1lkozni a K\u00f6z\u00e9p-Eur\u00f3pa t\u00f6rt\u00e9nelmi v\u00e1rosait \u00e9rint\u0151 tematikus k\u00f6rutat tervez\u0151 amerikai turist\u00e1kkal is, akik k\u00fcl\u00f6n\u00f6sen \u00e9rdekl\u0151dtek B\u00e1rtfalu \u00e9s Pre\u0161ov megl\u00e1togat\u00e1sa ir\u00e1nt.<\/p>\n\n\n\n<p class=\"has-text-align-left\"><\/p>\n\n\n\n<p class=\"has-text-align-left\">Az OOCR Region \u0160ari\u0161 r\u00e9szv\u00e9tele az Utaz\u00e1s 2026 v\u00e1s\u00e1ron nagyon hasznos volt. A v\u00e1s\u00e1r meger\u0151s\u00edtette, hogy Szlov\u00e1kia - \u00e9s k\u00fcl\u00f6n\u00f6sen az orsz\u00e1g keleti r\u00e9sze - m\u00e9g mindig kev\u00e9sb\u00e9 felfedezett, de vonz\u00f3 c\u00e9lpont a k\u00fclf\u00f6ldi l\u00e1togat\u00f3k sz\u00e1m\u00e1ra. A legnagyobb potenci\u00e1lt a kultur\u00e1lis \u00f6r\u00f6ks\u00e9gben, az akt\u00edv turizmusban, a gy\u00f3gyf\u00fcrd\u0151iparban \u00e9s a kisebb t\u00f6rt\u00e9nelmi v\u00e1rosok autentikus \u00e9lm\u00e9ny\u00e9ben l\u00e1tjuk.<\/p>\n\n\n\n<p class=\"has-text-align-left\">A v\u00e1s\u00e1r \u00faj kapcsolatokat, m\u00e9diamegjelen\u00e9si lehet\u0151s\u00e9geket \u00e9s a l\u00e1togat\u00f3k konkr\u00e9t \u00e9rdekl\u0151d\u00e9s\u00e9t hozta a \u0160ari\u0161 r\u00e9gi\u00f3 ir\u00e1nt, ami j\u00f3 el\u0151felt\u00e9tele a l\u00e1togat\u00f3k sz\u00e1m\u00e1nak n\u00f6vel\u00e9s\u00e9nek a k\u00f6vetkez\u0151 turisztikai szezonokban.<\/p>\n\n\n\n<p class=\"has-text-align-left\">A projekt a Szlov\u00e1k K\u00f6zt\u00e1rsas\u00e1g Turisztikai \u00e9s Sportminiszt\u00e9rium\u00e1nak p\u00e9nz\u00fcgyi t\u00e1mogat\u00e1s\u00e1val val\u00f3sult meg.<\/p>\n\n\n<div class=\"wp-block-image\">\n<figure class=\"aligncenter size-full is-resized\"><img loading=\"lazy\" decoding=\"async\" width=\"400\" height=\"150\" src=\"https:\/\/www.regionsaris.sk\/wp-content\/uploads\/2026\/02\/loga-pata-clanok-1.jpg\" alt=\"\" class=\"wp-image-3541\" style=\"width:400px;height:auto\" srcset=\"https:\/\/www.regionsaris.sk\/wp-content\/uploads\/2026\/02\/loga-pata-clanok-1.jpg 400w, https:\/\/www.regionsaris.sk\/wp-content\/uploads\/2026\/02\/loga-pata-clanok-1-300x113.jpg 300w, https:\/\/www.regionsaris.sk\/wp-content\/uploads\/2026\/02\/loga-pata-clanok-1-18x7.jpg 18w\" sizes=\"auto, (max-width: 400px) 100vw, 400px\" \/><\/figure>\n<\/div>\n\n\n<p>Forr\u00e1s: Turisztikai Inform\u00e1ci\u00f3s K\u00f6zpont Regi\u00f3n \u0160ari\u0161<br>Fot\u00f3 forr\u00e1sa: \u0160ari\u0161 r\u00e9gi\u00f3 turisztikai inform\u00e1ci\u00f3s k\u00f6zpontja<\/p>","protected":false},"excerpt":{"rendered":"<p>2026. febru\u00e1r 18. \u00e9s 22. k\u00f6z\u00f6tt az OOCR Region \u0160ari\u0161 r\u00e9szt vett a legnagyobb utaz\u00e1si v\u00e1s\u00e1ron,...<\/p>","protected":false},"author":3,"featured_media":3843,"comment_status":"closed","ping_status":"closed","sticky":false,"template":"","format":"standard","meta":{"_acf_changed":false,"footnotes":""},"categories":[207],"tags":[],"class_list":["post-3839","post","type-post","status-publish","format-standard","has-post-thumbnail","hentry","category-projekty"],"acf":[],"yoast_head":"<!-- This site is optimized with the Yoast SEO Premium plugin v26.3 (Yoast SEO v26.8) - https:\/\/yoast.com\/product\/yoast-seo-premium-wordpress\/ -->\n<title>OOCR Regi\u00f3n \u0160ari\u0161 na ve\u013etrhu Utaz\u00e1s 2026 v Budape\u0161ti - OOCR \u0160ari\u0161<\/title>\n<meta name=\"description\" content=\"OOCR Regi\u00f3n \u0160ari\u0161 sa v d\u0148och 19. - 22. febru\u00e1ra nach\u00e1dzala v Budape\u0161ti, kde na ve\u013etrhu Utaz\u00e1s prezentovala to najlep\u0161ie z regi\u00f3nu.\" \/>\n<meta name=\"robots\" content=\"index, follow, max-snippet:-1, max-image-preview:large, max-video-preview:-1\" \/>\n<link rel=\"canonical\" href=\"https:\/\/www.regionsaris.sk\/hu\/oocr-region-saris-na-veltrhu-utazas-2026-v-budapesti\/\" \/>\n<meta property=\"og:locale\" content=\"hu_HU\" \/>\n<meta property=\"og:type\" content=\"article\" \/>\n<meta property=\"og:title\" content=\"OOCR Regi\u00f3n \u0160ari\u0161 na ve\u013etrhu Utaz\u00e1s 2026 v Budape\u0161ti\" \/>\n<meta property=\"og:description\" content=\"OOCR Regi\u00f3n \u0160ari\u0161 sa v d\u0148och 19. - 22. febru\u00e1ra nach\u00e1dzala v Budape\u0161ti, kde na ve\u013etrhu Utaz\u00e1s prezentovala to najlep\u0161ie z regi\u00f3nu.\" \/>\n<meta property=\"og:url\" content=\"https:\/\/www.regionsaris.sk\/hu\/oocr-region-saris-na-veltrhu-utazas-2026-v-budapesti\/\" \/>\n<meta property=\"og:site_name\" content=\"OOCR \u0160ari\u0161\" \/>\n<meta property=\"article:published_time\" content=\"2026-02-24T13:18:46+00:00\" \/>\n<meta property=\"article:modified_time\" content=\"2026-03-27T13:59:06+00:00\" \/>\n<meta property=\"og:image\" content=\"https:\/\/www.regionsaris.sk\/wp-content\/uploads\/2026\/02\/budexpo-1-oocrrs.jpeg\" \/>\n\t<meta property=\"og:image:width\" content=\"1536\" \/>\n\t<meta property=\"og:image:height\" content=\"2048\" \/>\n\t<meta property=\"og:image:type\" content=\"image\/jpeg\" \/>\n<meta name=\"author\" content=\"marketing\" \/>\n<meta name=\"twitter:card\" content=\"summary_large_image\" \/>\n<meta name=\"twitter:label1\" content=\"Szerz\u0151:\" \/>\n\t<meta name=\"twitter:data1\" content=\"marketing\" \/>\n\t<meta name=\"twitter:label2\" content=\"Becs\u00fclt olvas\u00e1si id\u0151\" \/>\n\t<meta name=\"twitter:data2\" content=\"4 perc\" \/>\n<script type=\"application\/ld+json\" class=\"yoast-schema-graph\">{\"@context\":\"https:\/\/schema.org\",\"@graph\":[{\"@type\":\"Article\",\"@id\":\"https:\/\/www.regionsaris.sk\/oocr-region-saris-na-veltrhu-utazas-2026-v-budapesti\/#article\",\"isPartOf\":{\"@id\":\"https:\/\/www.regionsaris.sk\/oocr-region-saris-na-veltrhu-utazas-2026-v-budapesti\/\"},\"author\":{\"name\":\"marketing\",\"@id\":\"https:\/\/www.regionsaris.sk\/#\/schema\/person\/ec8d3b7d0a3a7dad307f10116198d0b5\"},\"headline\":\"OOCR Regi\u00f3n \u0160ari\u0161 na ve\u013etrhu Utaz\u00e1s 2026 v Budape\u0161ti\",\"datePublished\":\"2026-02-24T13:18:46+00:00\",\"dateModified\":\"2026-03-27T13:59:06+00:00\",\"mainEntityOfPage\":{\"@id\":\"https:\/\/www.regionsaris.sk\/oocr-region-saris-na-veltrhu-utazas-2026-v-budapesti\/\"},\"wordCount\":727,\"image\":{\"@id\":\"https:\/\/www.regionsaris.sk\/oocr-region-saris-na-veltrhu-utazas-2026-v-budapesti\/#primaryimage\"},\"thumbnailUrl\":\"https:\/\/www.regionsaris.sk\/wp-content\/uploads\/2026\/02\/budexpo-1-oocrrs.jpeg\",\"articleSection\":[\"Projekty\"],\"inLanguage\":\"hu\"},{\"@type\":\"WebPage\",\"@id\":\"https:\/\/www.regionsaris.sk\/oocr-region-saris-na-veltrhu-utazas-2026-v-budapesti\/\",\"url\":\"https:\/\/www.regionsaris.sk\/oocr-region-saris-na-veltrhu-utazas-2026-v-budapesti\/\",\"name\":\"OOCR Regi\u00f3n \u0160ari\u0161 na ve\u013etrhu Utaz\u00e1s 2026 v Budape\u0161ti - OOCR \u0160ari\u0161\",\"isPartOf\":{\"@id\":\"https:\/\/www.regionsaris.sk\/#website\"},\"primaryImageOfPage\":{\"@id\":\"https:\/\/www.regionsaris.sk\/oocr-region-saris-na-veltrhu-utazas-2026-v-budapesti\/#primaryimage\"},\"image\":{\"@id\":\"https:\/\/www.regionsaris.sk\/oocr-region-saris-na-veltrhu-utazas-2026-v-budapesti\/#primaryimage\"},\"thumbnailUrl\":\"https:\/\/www.regionsaris.sk\/wp-content\/uploads\/2026\/02\/budexpo-1-oocrrs.jpeg\",\"datePublished\":\"2026-02-24T13:18:46+00:00\",\"dateModified\":\"2026-03-27T13:59:06+00:00\",\"author\":{\"@id\":\"https:\/\/www.regionsaris.sk\/#\/schema\/person\/ec8d3b7d0a3a7dad307f10116198d0b5\"},\"description\":\"OOCR Regi\u00f3n \u0160ari\u0161 sa v d\u0148och 19. - 22. febru\u00e1ra nach\u00e1dzala v Budape\u0161ti, kde na ve\u013etrhu Utaz\u00e1s prezentovala to najlep\u0161ie z regi\u00f3nu.\",\"breadcrumb\":{\"@id\":\"https:\/\/www.regionsaris.sk\/oocr-region-saris-na-veltrhu-utazas-2026-v-budapesti\/#breadcrumb\"},\"inLanguage\":\"hu\",\"potentialAction\":[{\"@type\":\"ReadAction\",\"target\":[\"https:\/\/www.regionsaris.sk\/oocr-region-saris-na-veltrhu-utazas-2026-v-budapesti\/\"]}]},{\"@type\":\"ImageObject\",\"inLanguage\":\"hu\",\"@id\":\"https:\/\/www.regionsaris.sk\/oocr-region-saris-na-veltrhu-utazas-2026-v-budapesti\/#primaryimage\",\"url\":\"https:\/\/www.regionsaris.sk\/wp-content\/uploads\/2026\/02\/budexpo-1-oocrrs.jpeg\",\"contentUrl\":\"https:\/\/www.regionsaris.sk\/wp-content\/uploads\/2026\/02\/budexpo-1-oocrrs.jpeg\",\"width\":1536,\"height\":2048},{\"@type\":\"BreadcrumbList\",\"@id\":\"https:\/\/www.regionsaris.sk\/oocr-region-saris-na-veltrhu-utazas-2026-v-budapesti\/#breadcrumb\",\"itemListElement\":[{\"@type\":\"ListItem\",\"position\":1,\"name\":\"Domov\",\"item\":\"https:\/\/www.regionsaris.sk\/\"},{\"@type\":\"ListItem\",\"position\":2,\"name\":\"OOCR Regi\u00f3n \u0160ari\u0161 na ve\u013etrhu Utaz\u00e1s 2026 v Budape\u0161ti\"}]},{\"@type\":\"WebSite\",\"@id\":\"https:\/\/www.regionsaris.sk\/#website\",\"url\":\"https:\/\/www.regionsaris.sk\/\",\"name\":\"OOCR \u0160ari\u0161\",\"description\":\"\",\"potentialAction\":[{\"@type\":\"SearchAction\",\"target\":{\"@type\":\"EntryPoint\",\"urlTemplate\":\"https:\/\/www.regionsaris.sk\/?s={search_term_string}\"},\"query-input\":{\"@type\":\"PropertyValueSpecification\",\"valueRequired\":true,\"valueName\":\"search_term_string\"}}],\"inLanguage\":\"hu\"},{\"@type\":\"Person\",\"@id\":\"https:\/\/www.regionsaris.sk\/#\/schema\/person\/ec8d3b7d0a3a7dad307f10116198d0b5\",\"name\":\"marketing\",\"image\":{\"@type\":\"ImageObject\",\"inLanguage\":\"hu\",\"@id\":\"https:\/\/www.regionsaris.sk\/#\/schema\/person\/image\/\",\"url\":\"https:\/\/secure.gravatar.com\/avatar\/d86c85c214091923000a199276e541a97ba20b5109e7b00260a23abc26f5b6c1?s=96&d=mm&r=g\",\"contentUrl\":\"https:\/\/secure.gravatar.com\/avatar\/d86c85c214091923000a199276e541a97ba20b5109e7b00260a23abc26f5b6c1?s=96&d=mm&r=g\",\"caption\":\"marketing\"},\"url\":\"https:\/\/www.regionsaris.sk\/hu\/author\/marketing\/\"}]}<\/script>\n<!-- \/ Yoast SEO Premium plugin. -->","yoast_head_json":{"title":"OOCR Regi\u00f3n \u0160ari\u0161 na ve\u013etrhu Utaz\u00e1s 2026 v Budape\u0161ti - OOCR \u0160ari\u0161","description":"OOCR Regi\u00f3n \u0160ari\u0161 sa v d\u0148och 19. - 22. febru\u00e1ra nach\u00e1dzala v Budape\u0161ti, kde na ve\u013etrhu Utaz\u00e1s prezentovala to najlep\u0161ie z regi\u00f3nu.","robots":{"index":"index","follow":"follow","max-snippet":"max-snippet:-1","max-image-preview":"max-image-preview:large","max-video-preview":"max-video-preview:-1"},"canonical":"https:\/\/www.regionsaris.sk\/hu\/oocr-region-saris-na-veltrhu-utazas-2026-v-budapesti\/","og_locale":"hu_HU","og_type":"article","og_title":"OOCR Regi\u00f3n \u0160ari\u0161 na ve\u013etrhu Utaz\u00e1s 2026 v Budape\u0161ti","og_description":"OOCR Regi\u00f3n \u0160ari\u0161 sa v d\u0148och 19. - 22. febru\u00e1ra nach\u00e1dzala v Budape\u0161ti, kde na ve\u013etrhu Utaz\u00e1s prezentovala to najlep\u0161ie z regi\u00f3nu.","og_url":"https:\/\/www.regionsaris.sk\/hu\/oocr-region-saris-na-veltrhu-utazas-2026-v-budapesti\/","og_site_name":"OOCR \u0160ari\u0161","article_published_time":"2026-02-24T13:18:46+00:00","article_modified_time":"2026-03-27T13:59:06+00:00","og_image":[{"width":1536,"height":2048,"url":"https:\/\/www.regionsaris.sk\/wp-content\/uploads\/2026\/02\/budexpo-1-oocrrs.jpeg","type":"image\/jpeg"}],"author":"marketing","twitter_card":"summary_large_image","twitter_misc":{"Szerz\u0151:":"marketing","Becs\u00fclt olvas\u00e1si id\u0151":"4 perc"},"schema":{"@context":"https:\/\/schema.org","@graph":[{"@type":"Article","@id":"https:\/\/www.regionsaris.sk\/oocr-region-saris-na-veltrhu-utazas-2026-v-budapesti\/#article","isPartOf":{"@id":"https:\/\/www.regionsaris.sk\/oocr-region-saris-na-veltrhu-utazas-2026-v-budapesti\/"},"author":{"name":"marketing","@id":"https:\/\/www.regionsaris.sk\/#\/schema\/person\/ec8d3b7d0a3a7dad307f10116198d0b5"},"headline":"OOCR Regi\u00f3n \u0160ari\u0161 na ve\u013etrhu Utaz\u00e1s 2026 v Budape\u0161ti","datePublished":"2026-02-24T13:18:46+00:00","dateModified":"2026-03-27T13:59:06+00:00","mainEntityOfPage":{"@id":"https:\/\/www.regionsaris.sk\/oocr-region-saris-na-veltrhu-utazas-2026-v-budapesti\/"},"wordCount":727,"image":{"@id":"https:\/\/www.regionsaris.sk\/oocr-region-saris-na-veltrhu-utazas-2026-v-budapesti\/#primaryimage"},"thumbnailUrl":"https:\/\/www.regionsaris.sk\/wp-content\/uploads\/2026\/02\/budexpo-1-oocrrs.jpeg","articleSection":["Projekty"],"inLanguage":"hu"},{"@type":"WebPage","@id":"https:\/\/www.regionsaris.sk\/oocr-region-saris-na-veltrhu-utazas-2026-v-budapesti\/","url":"https:\/\/www.regionsaris.sk\/oocr-region-saris-na-veltrhu-utazas-2026-v-budapesti\/","name":"OOCR Regi\u00f3n \u0160ari\u0161 na ve\u013etrhu Utaz\u00e1s 2026 v Budape\u0161ti - OOCR \u0160ari\u0161","isPartOf":{"@id":"https:\/\/www.regionsaris.sk\/#website"},"primaryImageOfPage":{"@id":"https:\/\/www.regionsaris.sk\/oocr-region-saris-na-veltrhu-utazas-2026-v-budapesti\/#primaryimage"},"image":{"@id":"https:\/\/www.regionsaris.sk\/oocr-region-saris-na-veltrhu-utazas-2026-v-budapesti\/#primaryimage"},"thumbnailUrl":"https:\/\/www.regionsaris.sk\/wp-content\/uploads\/2026\/02\/budexpo-1-oocrrs.jpeg","datePublished":"2026-02-24T13:18:46+00:00","dateModified":"2026-03-27T13:59:06+00:00","author":{"@id":"https:\/\/www.regionsaris.sk\/#\/schema\/person\/ec8d3b7d0a3a7dad307f10116198d0b5"},"description":"OOCR Regi\u00f3n \u0160ari\u0161 sa v d\u0148och 19. - 22. febru\u00e1ra nach\u00e1dzala v Budape\u0161ti, kde na ve\u013etrhu Utaz\u00e1s prezentovala to najlep\u0161ie z regi\u00f3nu.","breadcrumb":{"@id":"https:\/\/www.regionsaris.sk\/oocr-region-saris-na-veltrhu-utazas-2026-v-budapesti\/#breadcrumb"},"inLanguage":"hu","potentialAction":[{"@type":"ReadAction","target":["https:\/\/www.regionsaris.sk\/oocr-region-saris-na-veltrhu-utazas-2026-v-budapesti\/"]}]},{"@type":"ImageObject","inLanguage":"hu","@id":"https:\/\/www.regionsaris.sk\/oocr-region-saris-na-veltrhu-utazas-2026-v-budapesti\/#primaryimage","url":"https:\/\/www.regionsaris.sk\/wp-content\/uploads\/2026\/02\/budexpo-1-oocrrs.jpeg","contentUrl":"https:\/\/www.regionsaris.sk\/wp-content\/uploads\/2026\/02\/budexpo-1-oocrrs.jpeg","width":1536,"height":2048},{"@type":"BreadcrumbList","@id":"https:\/\/www.regionsaris.sk\/oocr-region-saris-na-veltrhu-utazas-2026-v-budapesti\/#breadcrumb","itemListElement":[{"@type":"ListItem","position":1,"name":"Domov","item":"https:\/\/www.regionsaris.sk\/"},{"@type":"ListItem","position":2,"name":"OOCR Regi\u00f3n \u0160ari\u0161 na ve\u013etrhu Utaz\u00e1s 2026 v Budape\u0161ti"}]},{"@type":"WebSite","@id":"https:\/\/www.regionsaris.sk\/#website","url":"https:\/\/www.regionsaris.sk\/","name":"OOCR \u0160ari\u0161","description":"","potentialAction":[{"@type":"SearchAction","target":{"@type":"EntryPoint","urlTemplate":"https:\/\/www.regionsaris.sk\/?s={search_term_string}"},"query-input":{"@type":"PropertyValueSpecification","valueRequired":true,"valueName":"search_term_string"}}],"inLanguage":"hu"},{"@type":"Person","@id":"https:\/\/www.regionsaris.sk\/#\/schema\/person\/ec8d3b7d0a3a7dad307f10116198d0b5","name":"marketing","image":{"@type":"ImageObject","inLanguage":"hu","@id":"https:\/\/www.regionsaris.sk\/#\/schema\/person\/image\/","url":"https:\/\/secure.gravatar.com\/avatar\/d86c85c214091923000a199276e541a97ba20b5109e7b00260a23abc26f5b6c1?s=96&d=mm&r=g","contentUrl":"https:\/\/secure.gravatar.com\/avatar\/d86c85c214091923000a199276e541a97ba20b5109e7b00260a23abc26f5b6c1?s=96&d=mm&r=g","caption":"marketing"},"url":"https:\/\/www.regionsaris.sk\/hu\/author\/marketing\/"}]}},"_links":{"self":[{"href":"https:\/\/www.regionsaris.sk\/hu\/wp-json\/wp\/v2\/posts\/3839","targetHints":{"allow":["GET"]}}],"collection":[{"href":"https:\/\/www.regionsaris.sk\/hu\/wp-json\/wp\/v2\/posts"}],"about":[{"href":"https:\/\/www.regionsaris.sk\/hu\/wp-json\/wp\/v2\/types\/post"}],"author":[{"embeddable":true,"href":"https:\/\/www.regionsaris.sk\/hu\/wp-json\/wp\/v2\/users\/3"}],"replies":[{"embeddable":true,"href":"https:\/\/www.regionsaris.sk\/hu\/wp-json\/wp\/v2\/comments?post=3839"}],"version-history":[{"count":8,"href":"https:\/\/www.regionsaris.sk\/hu\/wp-json\/wp\/v2\/posts\/3839\/revisions"}],"predecessor-version":[{"id":3851,"href":"https:\/\/www.regionsaris.sk\/hu\/wp-json\/wp\/v2\/posts\/3839\/revisions\/3851"}],"wp:featuredmedia":[{"embeddable":true,"href":"https:\/\/www.regionsaris.sk\/hu\/wp-json\/wp\/v2\/media\/3843"}],"wp:attachment":[{"href":"https:\/\/www.regionsaris.sk\/hu\/wp-json\/wp\/v2\/media?parent=3839"}],"wp:term":[{"taxonomy":"category","embeddable":true,"href":"https:\/\/www.regionsaris.sk\/hu\/wp-json\/wp\/v2\/categories?post=3839"},{"taxonomy":"post_tag","embeddable":true,"href":"https:\/\/www.regionsaris.sk\/hu\/wp-json\/wp\/v2\/tags?post=3839"}],"curies":[{"name":"wp","href":"https:\/\/api.w.org\/{rel}","templated":true}]}}