{"id":3755,"date":"2026-02-23T13:39:03","date_gmt":"2026-02-23T12:39:03","guid":{"rendered":"https:\/\/www.regionsaris.sk\/?p=3755"},"modified":"2026-03-27T14:59:15","modified_gmt":"2026-03-27T13:59:15","slug":"region-saris-v-casa-slovacca-na-zoh-2026-v-milane","status":"publish","type":"post","link":"https:\/\/www.regionsaris.sk\/hu\/region-saris-v-casa-slovacca-na-zoh-2026-v-milane\/","title":{"rendered":"\u0160ari\u0161 r\u00e9gi\u00f3 a Casa Slovacc\u00e1ban a 2026-os mil\u00e1n\u00f3i t\u00e9li olimpiai j\u00e1t\u00e9kokon"},"content":{"rendered":"<p>A \u0160ari\u0161 r\u00e9gi\u00f3 az egyik legfontosabb vil\u00e1gesem\u00e9ny r\u00e9szese lett -&nbsp;<strong>2026-os t\u00e9li olimpia<\/strong>. A mil\u00e1n\u00f3i olimpia alatt lehet\u0151s\u00e9get kaptunk arra, hogy egy hivatalos szlov\u00e1k h\u00e1zban mutassuk be identit\u00e1sunkat, kult\u00far\u00e1nkat \u00e9s turisztikai potenci\u00e1lunkat:&nbsp;<strong>Casa Slovacca<\/strong> a Galleria Meravigliben. <\/p>\n\n\n<div class=\"wp-block-image\">\n<figure class=\"aligncenter size-large\"><img loading=\"lazy\" decoding=\"async\" width=\"768\" height=\"1024\" src=\"https:\/\/www.regionsaris.sk\/wp-content\/uploads\/2026\/02\/zoh1-2026-clanok-oocrrs-768x1024.jpeg\" alt=\"\" class=\"wp-image-3759\" srcset=\"https:\/\/www.regionsaris.sk\/wp-content\/uploads\/2026\/02\/zoh1-2026-clanok-oocrrs-768x1024.jpeg 768w, https:\/\/www.regionsaris.sk\/wp-content\/uploads\/2026\/02\/zoh1-2026-clanok-oocrrs-225x300.jpeg 225w, https:\/\/www.regionsaris.sk\/wp-content\/uploads\/2026\/02\/zoh1-2026-clanok-oocrrs-1152x1536.jpeg 1152w, https:\/\/www.regionsaris.sk\/wp-content\/uploads\/2026\/02\/zoh1-2026-clanok-oocrrs-1536x2048.jpeg 1536w, https:\/\/www.regionsaris.sk\/wp-content\/uploads\/2026\/02\/zoh1-2026-clanok-oocrrs-9x12.jpeg 9w, https:\/\/www.regionsaris.sk\/wp-content\/uploads\/2026\/02\/zoh1-2026-clanok-oocrrs-scaled.jpeg 1920w\" sizes=\"auto, (max-width: 768px) 100vw, 768px\" \/><\/figure>\n<\/div>\n\n\n<p><\/p>\n\n\n\n<h2 class=\"wp-block-heading\" id=\"h-casa-slovacca-miesto-stretnuti-a-prezentacie-slovenska\">Casa Slovacca - tal\u00e1lkoz\u00f3hely \u00e9s Szlov\u00e1kia bemutat\u00e1sa<\/h2>\n\n\n\n<p>A Casa Slovacca az olimpiai napok alatt a sportol\u00f3k, a deleg\u00e1ci\u00f3k, a m\u00e9dia \u00e9s a k\u00f6z\u00f6ns\u00e9g tal\u00e1lkoz\u00f3helye volt. A sportos hangulat mellett febru\u00e1r 19-20-\u00e1n a szlov\u00e1k r\u00e9gi\u00f3k, a kult\u00fara \u00e9s a turizmus bemutat\u00e1s\u00e1nak is helyet adott.<\/p>\n\n\n\n<p>A kellemes, besz\u00e9lget\u00e9sekkel, k\u00f3stol\u00f3kkal \u00e9s kapcsolat\u00e9p\u00edt\u00e9ssel teli k\u00f6rnyezetben \u00faj kapcsolatok \u00e9s egy\u00fcttm\u0171k\u00f6d\u00e9si lehet\u0151s\u00e9gek j\u00f6ttek l\u00e9tre. Ez egy egyed\u00fcl\u00e1ll\u00f3 lehet\u0151s\u00e9g volt r\u00e9gi\u00f3nk sz\u00e1m\u00e1ra, hogy megmutassuk, hogy nemcsak a hazai, hanem a k\u00fclf\u00f6ldi l\u00e1togat\u00f3knak is van mit k\u00edn\u00e1lnunk.<\/p>\n\n\n\n<h2 class=\"wp-block-heading\">Hogyan mutatkozott be a \u0160ari\u0161 r\u00e9gi\u00f3<\/h2>\n\n\n\n<p>\u0160ari\u0161 bemutatta soksz\u00edn\u0171s\u00e9g\u00e9t - a hegyvid\u00e9k term\u00e9szeti sz\u00e9ps\u00e9g\u00e9t\u0151l kezdve&nbsp;<strong>Chergov<\/strong>&nbsp;a&nbsp;<strong>Slansk\u00e9 vrchy<\/strong>, a t\u00f6rt\u00e9nelmi nevezetess\u00e9geken kereszt\u00fcl a hiteles hagyom\u00e1nyok, m\u0171eml\u00e9kek \u00e9s egyedis\u00e9gek.<\/p>\n\n\n\n<p>A standunk l\u00e1togat\u00f3it legink\u00e1bb a v\u00e1ros t\u00f6rt\u00e9nelmi k\u00f6zpontja \u00e9rdekelte. <strong>Bardejov<\/strong>, amely az UNESCO r\u00e9sze, fatemplomok <strong>K\u00e1rp\u00e1ti f\u00e1s \u00fat<\/strong>, <strong>\u00d3p\u00e1l b\u00e1ny\u00e1k<\/strong> a kir\u00e1lyok k\u00f6v\u00e9vel, az op\u00e1llal, <strong>v\u00e1rak<\/strong> a <strong>Kult\u00fara<\/strong> a n\u00e9pm\u0171v\u00e9szett\u0151l a gasztron\u00f3mia k\u00fcl\u00f6nlegess\u00e9geiig. A k\u00f6z\u00f6ns\u00e9get legink\u00e1bb a pre\u0161ovi eperbor, a \u0160ari\u0161 s\u00f6r \u00e9rdekelte, az \u00e9tteremben pedig a l\u00e1togat\u00f3k megk\u00f3stolhatt\u00e1k a szlov\u00e1k bryndzov\u00e9 halu\u0161ky-t \u00e9s m\u00e1s finoms\u00e1gokat.<\/p>\n\n\n<div class=\"wp-block-image\">\n<figure class=\"aligncenter size-large\"><img loading=\"lazy\" decoding=\"async\" width=\"768\" height=\"1024\" src=\"https:\/\/www.regionsaris.sk\/wp-content\/uploads\/2026\/02\/zoh-2026-clanok2-oocrrs-768x1024.jpeg\" alt=\"\" class=\"wp-image-3760\" srcset=\"https:\/\/www.regionsaris.sk\/wp-content\/uploads\/2026\/02\/zoh-2026-clanok2-oocrrs-768x1024.jpeg 768w, https:\/\/www.regionsaris.sk\/wp-content\/uploads\/2026\/02\/zoh-2026-clanok2-oocrrs-225x300.jpeg 225w, https:\/\/www.regionsaris.sk\/wp-content\/uploads\/2026\/02\/zoh-2026-clanok2-oocrrs-1152x1536.jpeg 1152w, https:\/\/www.regionsaris.sk\/wp-content\/uploads\/2026\/02\/zoh-2026-clanok2-oocrrs-1536x2048.jpeg 1536w, https:\/\/www.regionsaris.sk\/wp-content\/uploads\/2026\/02\/zoh-2026-clanok2-oocrrs-9x12.jpeg 9w, https:\/\/www.regionsaris.sk\/wp-content\/uploads\/2026\/02\/zoh-2026-clanok2-oocrrs-scaled.jpeg 1920w\" sizes=\"auto, (max-width: 768px) 100vw, 768px\" \/><\/figure>\n<\/div>\n\n\n<p><\/p>\n\n\n\n<h2 class=\"wp-block-heading\">Tal\u00e1lkoz\u00e1sok \u00e9s a l\u00e1togat\u00f3k reakci\u00f3i<\/h2>\n\n\n\n<p>A bemutat\u00f3 sok \u00e9rdekes tal\u00e1lkoz\u00e1st hozott - k\u00fclf\u00f6ldi turist\u00e1kkal, partnerekkel \u00e9s Olaszorsz\u00e1gban \u00e9l\u0151 szlov\u00e1kokkal, akiknek sz\u00e1mos olyan l\u00e1tnival\u00f3t \u00e9s nevezetess\u00e9get mutattunk be, amelyek miatt m\u00e9g mindig \u00e9rdemes visszat\u00e9rni sz\u00fcl\u0151f\u00f6ldj\u00fckre. <\/p>\n\n\n\n<p>A rendezv\u00e9nyen szak\u00e9rt\u0151i el\u0151ad\u00e1st is tartottak az olasz utaz\u00e1sszervez\u0151k sz\u00e1m\u00e1ra, akik \u00e9rdekl\u0151dtek Szlov\u00e1kia \u00e9s a \u0160ari\u0161 r\u00e9gi\u00f3 ir\u00e1nt, mint kev\u00e9sb\u00e9 ismert, de ann\u00e1l vonz\u00f3bb, b\u00e9k\u00e9t, \u00e9lm\u00e9nyeket \u00e9s val\u00f3di t\u00f6rt\u00e9neteket k\u00edn\u00e1l\u00f3 \u00fati c\u00e9l ir\u00e1nt. <\/p>\n\n\n<div class=\"wp-block-image\">\n<figure class=\"aligncenter size-large\"><img loading=\"lazy\" decoding=\"async\" width=\"576\" height=\"1024\" src=\"https:\/\/www.regionsaris.sk\/wp-content\/uploads\/2026\/02\/0364905F-29A9-4EBF-B4F7-877474A7FE2F-576x1024.jpg\" alt=\"\" class=\"wp-image-3763\" srcset=\"https:\/\/www.regionsaris.sk\/wp-content\/uploads\/2026\/02\/0364905F-29A9-4EBF-B4F7-877474A7FE2F-576x1024.jpg 576w, https:\/\/www.regionsaris.sk\/wp-content\/uploads\/2026\/02\/0364905F-29A9-4EBF-B4F7-877474A7FE2F-169x300.jpg 169w, https:\/\/www.regionsaris.sk\/wp-content\/uploads\/2026\/02\/0364905F-29A9-4EBF-B4F7-877474A7FE2F-768x1365.jpg 768w, https:\/\/www.regionsaris.sk\/wp-content\/uploads\/2026\/02\/0364905F-29A9-4EBF-B4F7-877474A7FE2F-864x1536.jpg 864w, https:\/\/www.regionsaris.sk\/wp-content\/uploads\/2026\/02\/0364905F-29A9-4EBF-B4F7-877474A7FE2F-1152x2048.jpg 1152w, https:\/\/www.regionsaris.sk\/wp-content\/uploads\/2026\/02\/0364905F-29A9-4EBF-B4F7-877474A7FE2F-7x12.jpg 7w, https:\/\/www.regionsaris.sk\/wp-content\/uploads\/2026\/02\/0364905F-29A9-4EBF-B4F7-877474A7FE2F.jpg 1170w\" sizes=\"auto, (max-width: 576px) 100vw, 576px\" \/><\/figure>\n<\/div>\n\n\n<p><\/p>\n\n\n\n<p>A Casa Slovacc\u00e1ban tartott bemutat\u00f3 megmutatta, hogy \u0160ari\u0161 nemzetk\u00f6zi k\u00f6z\u00f6ns\u00e9ghez is el tud jutni.<\/p>\n\n\n\n<p>K\u00f6sz\u00f6nj\u00fck mindenkinek, aki r\u00e9szt vett ebben a reprezent\u00e1ci\u00f3ban, \u00e9s mindazoknak a l\u00e1togat\u00f3knak, akik beugrottak, megismerkedtek r\u00e9gi\u00f3nkkal, \u00e9s magukkal vittek egy darabot a \u0160ari\u0161b\u00f3l.<\/p>\n\n\n\n<p>\u0160ari\u0161nak sok mindent kell k\u00edn\u00e1lnia - \u00e9s a vil\u00e1g k\u00e9szen \u00e1ll arra, hogy felfedezze.<\/p>\n\n\n\n<p>A projekt a Szlov\u00e1k K\u00f6zt\u00e1rsas\u00e1g Turisztikai \u00e9s Sportminiszt\u00e9rium\u00e1nak p\u00e9nz\u00fcgyi t\u00e1mogat\u00e1s\u00e1val val\u00f3sult meg. <\/p>\n\n\n<div class=\"wp-block-image\">\n<figure class=\"aligncenter size-full\"><img loading=\"lazy\" decoding=\"async\" width=\"400\" height=\"150\" src=\"https:\/\/www.regionsaris.sk\/wp-content\/uploads\/2026\/02\/loga-pata-clanok-1.jpg\" alt=\"\" class=\"wp-image-3541\" srcset=\"https:\/\/www.regionsaris.sk\/wp-content\/uploads\/2026\/02\/loga-pata-clanok-1.jpg 400w, https:\/\/www.regionsaris.sk\/wp-content\/uploads\/2026\/02\/loga-pata-clanok-1-300x113.jpg 300w, https:\/\/www.regionsaris.sk\/wp-content\/uploads\/2026\/02\/loga-pata-clanok-1-18x7.jpg 18w\" sizes=\"auto, (max-width: 400px) 100vw, 400px\" \/><\/figure>\n<\/div>\n\n\n<p>Forr\u00e1s: Region\u00e1lis Turisztikai Szervezet Regi\u00f3n \u0160ari\u0161<br>Fot\u00f3 forr\u00e1sa: Region\u00e1lis Turisztikai Szervezet Regi\u00f3n \u0160ari\u0161<\/p>","protected":false},"excerpt":{"rendered":"<p>Regi\u00f3n \u0160ari\u0161 sa stal s\u00fa\u010das\u0165ou jedn\u00e9ho z najv\u00fdznamnej\u0161\u00edch svetov\u00fdch podujat\u00ed -&nbsp;Zimn\u00e9 olympijsk\u00e9 hry 2026. Po\u010das...<\/p>","protected":false},"author":3,"featured_media":3764,"comment_status":"closed","ping_status":"closed","sticky":false,"template":"","format":"standard","meta":{"_acf_changed":false,"footnotes":""},"categories":[207],"tags":[],"class_list":["post-3755","post","type-post","status-publish","format-standard","has-post-thumbnail","hentry","category-projekty"],"acf":[],"yoast_head":"<!-- This site is optimized with the Yoast SEO Premium plugin v26.3 (Yoast SEO v26.8) - https:\/\/yoast.com\/product\/yoast-seo-premium-wordpress\/ -->\n<title>Regi\u00f3n \u0160ari\u0161 v Casa Slovacca na ZOH 2026 v Mil\u00e1ne - OOCR \u0160ari\u0161<\/title>\n<meta name=\"description\" content=\"Prezent\u00e1ciu regi\u00f3nu \u0160ari\u0161 na svetovej \u00farovni v Casa Slovacca v Mil\u00e1ne po\u010das Zimn\u00fdch olympijsk\u00fdch hier 2026 v Mil\u00e1ne.\" \/>\n<meta name=\"robots\" content=\"index, follow, max-snippet:-1, max-image-preview:large, max-video-preview:-1\" \/>\n<link rel=\"canonical\" href=\"https:\/\/www.regionsaris.sk\/hu\/region-saris-v-casa-slovacca-na-zoh-2026-v-milane\/\" \/>\n<meta property=\"og:locale\" content=\"hu_HU\" \/>\n<meta property=\"og:type\" content=\"article\" \/>\n<meta property=\"og:title\" content=\"Regi\u00f3n \u0160ari\u0161 v Casa Slovacca na ZOH 2026 v Mil\u00e1ne\" \/>\n<meta property=\"og:description\" content=\"Prezent\u00e1ciu regi\u00f3nu \u0160ari\u0161 na svetovej \u00farovni v Casa Slovacca v Mil\u00e1ne po\u010das Zimn\u00fdch olympijsk\u00fdch hier 2026 v Mil\u00e1ne.\" \/>\n<meta property=\"og:url\" content=\"https:\/\/www.regionsaris.sk\/hu\/region-saris-v-casa-slovacca-na-zoh-2026-v-milane\/\" \/>\n<meta property=\"og:site_name\" content=\"OOCR \u0160ari\u0161\" \/>\n<meta property=\"article:published_time\" content=\"2026-02-23T12:39:03+00:00\" \/>\n<meta property=\"article:modified_time\" content=\"2026-03-27T13:59:15+00:00\" \/>\n<meta property=\"og:image\" content=\"https:\/\/www.regionsaris.sk\/wp-content\/uploads\/2026\/02\/zoh-2026-clanok3-oocrrs.jpeg\" \/>\n\t<meta property=\"og:image:width\" content=\"1350\" \/>\n\t<meta property=\"og:image:height\" content=\"1800\" \/>\n\t<meta property=\"og:image:type\" content=\"image\/jpeg\" \/>\n<meta name=\"author\" content=\"marketing\" \/>\n<meta name=\"twitter:card\" content=\"summary_large_image\" \/>\n<meta name=\"twitter:label1\" content=\"Szerz\u0151:\" \/>\n\t<meta name=\"twitter:data1\" content=\"marketing\" \/>\n\t<meta name=\"twitter:label2\" content=\"Becs\u00fclt olvas\u00e1si id\u0151\" \/>\n\t<meta name=\"twitter:data2\" content=\"3 perc\" \/>\n<script type=\"application\/ld+json\" class=\"yoast-schema-graph\">{\"@context\":\"https:\/\/schema.org\",\"@graph\":[{\"@type\":\"Article\",\"@id\":\"https:\/\/www.regionsaris.sk\/region-saris-v-casa-slovacca-na-zoh-2026-v-milane\/#article\",\"isPartOf\":{\"@id\":\"https:\/\/www.regionsaris.sk\/region-saris-v-casa-slovacca-na-zoh-2026-v-milane\/\"},\"author\":{\"name\":\"marketing\",\"@id\":\"https:\/\/www.regionsaris.sk\/#\/schema\/person\/ec8d3b7d0a3a7dad307f10116198d0b5\"},\"headline\":\"Regi\u00f3n \u0160ari\u0161 v Casa Slovacca na ZOH 2026 v Mil\u00e1ne\",\"datePublished\":\"2026-02-23T12:39:03+00:00\",\"dateModified\":\"2026-03-27T13:59:15+00:00\",\"mainEntityOfPage\":{\"@id\":\"https:\/\/www.regionsaris.sk\/region-saris-v-casa-slovacca-na-zoh-2026-v-milane\/\"},\"wordCount\":488,\"image\":{\"@id\":\"https:\/\/www.regionsaris.sk\/region-saris-v-casa-slovacca-na-zoh-2026-v-milane\/#primaryimage\"},\"thumbnailUrl\":\"https:\/\/www.regionsaris.sk\/wp-content\/uploads\/2026\/02\/zoh-2026-clanok3-oocrrs.jpeg\",\"articleSection\":[\"Projekty\"],\"inLanguage\":\"hu\"},{\"@type\":\"WebPage\",\"@id\":\"https:\/\/www.regionsaris.sk\/region-saris-v-casa-slovacca-na-zoh-2026-v-milane\/\",\"url\":\"https:\/\/www.regionsaris.sk\/region-saris-v-casa-slovacca-na-zoh-2026-v-milane\/\",\"name\":\"Regi\u00f3n \u0160ari\u0161 v Casa Slovacca na ZOH 2026 v Mil\u00e1ne - OOCR \u0160ari\u0161\",\"isPartOf\":{\"@id\":\"https:\/\/www.regionsaris.sk\/#website\"},\"primaryImageOfPage\":{\"@id\":\"https:\/\/www.regionsaris.sk\/region-saris-v-casa-slovacca-na-zoh-2026-v-milane\/#primaryimage\"},\"image\":{\"@id\":\"https:\/\/www.regionsaris.sk\/region-saris-v-casa-slovacca-na-zoh-2026-v-milane\/#primaryimage\"},\"thumbnailUrl\":\"https:\/\/www.regionsaris.sk\/wp-content\/uploads\/2026\/02\/zoh-2026-clanok3-oocrrs.jpeg\",\"datePublished\":\"2026-02-23T12:39:03+00:00\",\"dateModified\":\"2026-03-27T13:59:15+00:00\",\"author\":{\"@id\":\"https:\/\/www.regionsaris.sk\/#\/schema\/person\/ec8d3b7d0a3a7dad307f10116198d0b5\"},\"description\":\"Prezent\u00e1ciu regi\u00f3nu \u0160ari\u0161 na svetovej \u00farovni v Casa Slovacca v Mil\u00e1ne po\u010das Zimn\u00fdch olympijsk\u00fdch hier 2026 v Mil\u00e1ne.\",\"breadcrumb\":{\"@id\":\"https:\/\/www.regionsaris.sk\/region-saris-v-casa-slovacca-na-zoh-2026-v-milane\/#breadcrumb\"},\"inLanguage\":\"hu\",\"potentialAction\":[{\"@type\":\"ReadAction\",\"target\":[\"https:\/\/www.regionsaris.sk\/region-saris-v-casa-slovacca-na-zoh-2026-v-milane\/\"]}]},{\"@type\":\"ImageObject\",\"inLanguage\":\"hu\",\"@id\":\"https:\/\/www.regionsaris.sk\/region-saris-v-casa-slovacca-na-zoh-2026-v-milane\/#primaryimage\",\"url\":\"https:\/\/www.regionsaris.sk\/wp-content\/uploads\/2026\/02\/zoh-2026-clanok3-oocrrs.jpeg\",\"contentUrl\":\"https:\/\/www.regionsaris.sk\/wp-content\/uploads\/2026\/02\/zoh-2026-clanok3-oocrrs.jpeg\",\"width\":1350,\"height\":1800},{\"@type\":\"BreadcrumbList\",\"@id\":\"https:\/\/www.regionsaris.sk\/region-saris-v-casa-slovacca-na-zoh-2026-v-milane\/#breadcrumb\",\"itemListElement\":[{\"@type\":\"ListItem\",\"position\":1,\"name\":\"Domov\",\"item\":\"https:\/\/www.regionsaris.sk\/\"},{\"@type\":\"ListItem\",\"position\":2,\"name\":\"Regi\u00f3n \u0160ari\u0161 v Casa Slovacca na ZOH 2026 v Mil\u00e1ne\"}]},{\"@type\":\"WebSite\",\"@id\":\"https:\/\/www.regionsaris.sk\/#website\",\"url\":\"https:\/\/www.regionsaris.sk\/\",\"name\":\"OOCR \u0160ari\u0161\",\"description\":\"\",\"potentialAction\":[{\"@type\":\"SearchAction\",\"target\":{\"@type\":\"EntryPoint\",\"urlTemplate\":\"https:\/\/www.regionsaris.sk\/?s={search_term_string}\"},\"query-input\":{\"@type\":\"PropertyValueSpecification\",\"valueRequired\":true,\"valueName\":\"search_term_string\"}}],\"inLanguage\":\"hu\"},{\"@type\":\"Person\",\"@id\":\"https:\/\/www.regionsaris.sk\/#\/schema\/person\/ec8d3b7d0a3a7dad307f10116198d0b5\",\"name\":\"marketing\",\"image\":{\"@type\":\"ImageObject\",\"inLanguage\":\"hu\",\"@id\":\"https:\/\/www.regionsaris.sk\/#\/schema\/person\/image\/\",\"url\":\"https:\/\/secure.gravatar.com\/avatar\/d86c85c214091923000a199276e541a97ba20b5109e7b00260a23abc26f5b6c1?s=96&d=mm&r=g\",\"contentUrl\":\"https:\/\/secure.gravatar.com\/avatar\/d86c85c214091923000a199276e541a97ba20b5109e7b00260a23abc26f5b6c1?s=96&d=mm&r=g\",\"caption\":\"marketing\"},\"url\":\"https:\/\/www.regionsaris.sk\/hu\/author\/marketing\/\"}]}<\/script>\n<!-- \/ Yoast SEO Premium plugin. -->","yoast_head_json":{"title":"Regi\u00f3n \u0160ari\u0161 v Casa Slovacca na ZOH 2026 v Mil\u00e1ne - OOCR \u0160ari\u0161","description":"Prezent\u00e1ciu regi\u00f3nu \u0160ari\u0161 na svetovej \u00farovni v Casa Slovacca v Mil\u00e1ne po\u010das Zimn\u00fdch olympijsk\u00fdch hier 2026 v Mil\u00e1ne.","robots":{"index":"index","follow":"follow","max-snippet":"max-snippet:-1","max-image-preview":"max-image-preview:large","max-video-preview":"max-video-preview:-1"},"canonical":"https:\/\/www.regionsaris.sk\/hu\/region-saris-v-casa-slovacca-na-zoh-2026-v-milane\/","og_locale":"hu_HU","og_type":"article","og_title":"Regi\u00f3n \u0160ari\u0161 v Casa Slovacca na ZOH 2026 v Mil\u00e1ne","og_description":"Prezent\u00e1ciu regi\u00f3nu \u0160ari\u0161 na svetovej \u00farovni v Casa Slovacca v Mil\u00e1ne po\u010das Zimn\u00fdch olympijsk\u00fdch hier 2026 v Mil\u00e1ne.","og_url":"https:\/\/www.regionsaris.sk\/hu\/region-saris-v-casa-slovacca-na-zoh-2026-v-milane\/","og_site_name":"OOCR \u0160ari\u0161","article_published_time":"2026-02-23T12:39:03+00:00","article_modified_time":"2026-03-27T13:59:15+00:00","og_image":[{"width":1350,"height":1800,"url":"https:\/\/www.regionsaris.sk\/wp-content\/uploads\/2026\/02\/zoh-2026-clanok3-oocrrs.jpeg","type":"image\/jpeg"}],"author":"marketing","twitter_card":"summary_large_image","twitter_misc":{"Szerz\u0151:":"marketing","Becs\u00fclt olvas\u00e1si id\u0151":"3 perc"},"schema":{"@context":"https:\/\/schema.org","@graph":[{"@type":"Article","@id":"https:\/\/www.regionsaris.sk\/region-saris-v-casa-slovacca-na-zoh-2026-v-milane\/#article","isPartOf":{"@id":"https:\/\/www.regionsaris.sk\/region-saris-v-casa-slovacca-na-zoh-2026-v-milane\/"},"author":{"name":"marketing","@id":"https:\/\/www.regionsaris.sk\/#\/schema\/person\/ec8d3b7d0a3a7dad307f10116198d0b5"},"headline":"Regi\u00f3n \u0160ari\u0161 v Casa Slovacca na ZOH 2026 v Mil\u00e1ne","datePublished":"2026-02-23T12:39:03+00:00","dateModified":"2026-03-27T13:59:15+00:00","mainEntityOfPage":{"@id":"https:\/\/www.regionsaris.sk\/region-saris-v-casa-slovacca-na-zoh-2026-v-milane\/"},"wordCount":488,"image":{"@id":"https:\/\/www.regionsaris.sk\/region-saris-v-casa-slovacca-na-zoh-2026-v-milane\/#primaryimage"},"thumbnailUrl":"https:\/\/www.regionsaris.sk\/wp-content\/uploads\/2026\/02\/zoh-2026-clanok3-oocrrs.jpeg","articleSection":["Projekty"],"inLanguage":"hu"},{"@type":"WebPage","@id":"https:\/\/www.regionsaris.sk\/region-saris-v-casa-slovacca-na-zoh-2026-v-milane\/","url":"https:\/\/www.regionsaris.sk\/region-saris-v-casa-slovacca-na-zoh-2026-v-milane\/","name":"Regi\u00f3n \u0160ari\u0161 v Casa Slovacca na ZOH 2026 v Mil\u00e1ne - OOCR \u0160ari\u0161","isPartOf":{"@id":"https:\/\/www.regionsaris.sk\/#website"},"primaryImageOfPage":{"@id":"https:\/\/www.regionsaris.sk\/region-saris-v-casa-slovacca-na-zoh-2026-v-milane\/#primaryimage"},"image":{"@id":"https:\/\/www.regionsaris.sk\/region-saris-v-casa-slovacca-na-zoh-2026-v-milane\/#primaryimage"},"thumbnailUrl":"https:\/\/www.regionsaris.sk\/wp-content\/uploads\/2026\/02\/zoh-2026-clanok3-oocrrs.jpeg","datePublished":"2026-02-23T12:39:03+00:00","dateModified":"2026-03-27T13:59:15+00:00","author":{"@id":"https:\/\/www.regionsaris.sk\/#\/schema\/person\/ec8d3b7d0a3a7dad307f10116198d0b5"},"description":"Prezent\u00e1ciu regi\u00f3nu \u0160ari\u0161 na svetovej \u00farovni v Casa Slovacca v Mil\u00e1ne po\u010das Zimn\u00fdch olympijsk\u00fdch hier 2026 v Mil\u00e1ne.","breadcrumb":{"@id":"https:\/\/www.regionsaris.sk\/region-saris-v-casa-slovacca-na-zoh-2026-v-milane\/#breadcrumb"},"inLanguage":"hu","potentialAction":[{"@type":"ReadAction","target":["https:\/\/www.regionsaris.sk\/region-saris-v-casa-slovacca-na-zoh-2026-v-milane\/"]}]},{"@type":"ImageObject","inLanguage":"hu","@id":"https:\/\/www.regionsaris.sk\/region-saris-v-casa-slovacca-na-zoh-2026-v-milane\/#primaryimage","url":"https:\/\/www.regionsaris.sk\/wp-content\/uploads\/2026\/02\/zoh-2026-clanok3-oocrrs.jpeg","contentUrl":"https:\/\/www.regionsaris.sk\/wp-content\/uploads\/2026\/02\/zoh-2026-clanok3-oocrrs.jpeg","width":1350,"height":1800},{"@type":"BreadcrumbList","@id":"https:\/\/www.regionsaris.sk\/region-saris-v-casa-slovacca-na-zoh-2026-v-milane\/#breadcrumb","itemListElement":[{"@type":"ListItem","position":1,"name":"Domov","item":"https:\/\/www.regionsaris.sk\/"},{"@type":"ListItem","position":2,"name":"Regi\u00f3n \u0160ari\u0161 v Casa Slovacca na ZOH 2026 v Mil\u00e1ne"}]},{"@type":"WebSite","@id":"https:\/\/www.regionsaris.sk\/#website","url":"https:\/\/www.regionsaris.sk\/","name":"OOCR \u0160ari\u0161","description":"","potentialAction":[{"@type":"SearchAction","target":{"@type":"EntryPoint","urlTemplate":"https:\/\/www.regionsaris.sk\/?s={search_term_string}"},"query-input":{"@type":"PropertyValueSpecification","valueRequired":true,"valueName":"search_term_string"}}],"inLanguage":"hu"},{"@type":"Person","@id":"https:\/\/www.regionsaris.sk\/#\/schema\/person\/ec8d3b7d0a3a7dad307f10116198d0b5","name":"marketing","image":{"@type":"ImageObject","inLanguage":"hu","@id":"https:\/\/www.regionsaris.sk\/#\/schema\/person\/image\/","url":"https:\/\/secure.gravatar.com\/avatar\/d86c85c214091923000a199276e541a97ba20b5109e7b00260a23abc26f5b6c1?s=96&d=mm&r=g","contentUrl":"https:\/\/secure.gravatar.com\/avatar\/d86c85c214091923000a199276e541a97ba20b5109e7b00260a23abc26f5b6c1?s=96&d=mm&r=g","caption":"marketing"},"url":"https:\/\/www.regionsaris.sk\/hu\/author\/marketing\/"}]}},"_links":{"self":[{"href":"https:\/\/www.regionsaris.sk\/hu\/wp-json\/wp\/v2\/posts\/3755","targetHints":{"allow":["GET"]}}],"collection":[{"href":"https:\/\/www.regionsaris.sk\/hu\/wp-json\/wp\/v2\/posts"}],"about":[{"href":"https:\/\/www.regionsaris.sk\/hu\/wp-json\/wp\/v2\/types\/post"}],"author":[{"embeddable":true,"href":"https:\/\/www.regionsaris.sk\/hu\/wp-json\/wp\/v2\/users\/3"}],"replies":[{"embeddable":true,"href":"https:\/\/www.regionsaris.sk\/hu\/wp-json\/wp\/v2\/comments?post=3755"}],"version-history":[{"count":5,"href":"https:\/\/www.regionsaris.sk\/hu\/wp-json\/wp\/v2\/posts\/3755\/revisions"}],"predecessor-version":[{"id":3860,"href":"https:\/\/www.regionsaris.sk\/hu\/wp-json\/wp\/v2\/posts\/3755\/revisions\/3860"}],"wp:featuredmedia":[{"embeddable":true,"href":"https:\/\/www.regionsaris.sk\/hu\/wp-json\/wp\/v2\/media\/3764"}],"wp:attachment":[{"href":"https:\/\/www.regionsaris.sk\/hu\/wp-json\/wp\/v2\/media?parent=3755"}],"wp:term":[{"taxonomy":"category","embeddable":true,"href":"https:\/\/www.regionsaris.sk\/hu\/wp-json\/wp\/v2\/categories?post=3755"},{"taxonomy":"post_tag","embeddable":true,"href":"https:\/\/www.regionsaris.sk\/hu\/wp-json\/wp\/v2\/tags?post=3755"}],"curies":[{"name":"wp","href":"https:\/\/api.w.org\/{rel}","templated":true}]}}