{"id":3699,"date":"2026-02-18T10:56:14","date_gmt":"2026-02-18T09:56:14","guid":{"rendered":"https:\/\/www.regionsaris.sk\/?p=3699"},"modified":"2026-02-24T14:21:17","modified_gmt":"2026-02-24T13:21:17","slug":"jarne-prazdniny-v-podzemi-stan-sa-hladacom-opalu-v-slanskych-vrchoch","status":"publish","type":"post","link":"https:\/\/www.regionsaris.sk\/hu\/jarne-prazdniny-v-podzemi-stan-sa-hladacom-opalu-v-slanskych-vrchoch\/","title":{"rendered":"Tavaszi sz\u00fcnid\u0151 a f\u00f6ld alatt: v\u00e1ljon op\u00e1lkeres\u0151v\u00e9 a Slansk\u00e9-hegys\u00e9gben"},"content":{"rendered":"<p>A tavaszi sz\u00fcnet nem felt\u00e9tlen\u00fcl csak az otthoni pihen\u00e9sr\u0151l sz\u00f3l. A Slansk\u00e9 Hory-hegys\u00e9g sz\u00edv\u00e9ben olyan \u00e9lm\u00e9ny v\u00e1r a fiatal \u00e9s id\u0151sebb kalandorokra, amelyet soha nem felejt\u00fcnk el. A tavaszi sz\u00fcnetben az op\u00e1lb\u00e1nya ter\u00fclet\u00e9n egy n\u00e9pszer\u0171 esem\u00e9nynek ad otthont a tavaszi sz\u00fcnetben\u00a0<strong>Az op\u00e1l keres\u00e9se<\/strong>\u00a0- kalandos exped\u00edci\u00f3 a vil\u00e1g legr\u00e9gebbi op\u00e1lb\u00e1ny\u00e1ihoz.<\/p>\n\n\n<div class=\"wp-block-image\">\n<figure class=\"aligncenter size-large\"><img loading=\"lazy\" decoding=\"async\" width=\"1024\" height=\"681\" src=\"https:\/\/www.regionsaris.sk\/wp-content\/uploads\/2026\/02\/opalove-bane-oocrrs-1024x681.jpg\" alt=\"\" class=\"wp-image-3700\" srcset=\"https:\/\/www.regionsaris.sk\/wp-content\/uploads\/2026\/02\/opalove-bane-oocrrs-1024x681.jpg 1024w, https:\/\/www.regionsaris.sk\/wp-content\/uploads\/2026\/02\/opalove-bane-oocrrs-300x200.jpg 300w, https:\/\/www.regionsaris.sk\/wp-content\/uploads\/2026\/02\/opalove-bane-oocrrs-768x511.jpg 768w, https:\/\/www.regionsaris.sk\/wp-content\/uploads\/2026\/02\/opalove-bane-oocrrs-1536x1022.jpg 1536w, https:\/\/www.regionsaris.sk\/wp-content\/uploads\/2026\/02\/opalove-bane-oocrrs-18x12.jpg 18w, https:\/\/www.regionsaris.sk\/wp-content\/uploads\/2026\/02\/opalove-bane-oocrrs.jpg 2000w\" sizes=\"auto, (max-width: 1024px) 100vw, 1024px\" \/><\/figure>\n<\/div>\n\n\n<p><\/p>\n\n\n\n<h2 class=\"wp-block-heading\" id=\"h-ked-sa-historia-meni-na-dobrodruzstvo\">Amikor a t\u00f6rt\u00e9nelem kalandd\u00e1 v\u00e1lik<\/h2>\n\n\n\n<p>F\u00f6ldalatti alagutak, hideg leveg\u0151, fejl\u00e1mpa f\u00e9nye \u00e9s r\u00e9gi b\u00e1ny\u00e1szok t\u00f6rt\u00e9netei. A gyerekek egy id\u0151re igazi dr\u00e1gak\u0151vad\u00e1szokk\u00e1 v\u00e1lnak. Az alagutak r\u00f6vid\u00edtett, csal\u00e1dokra szabott t\u00e1rlatvezet\u00e9se ut\u00e1n k\u00f6vetkezik a legizgalmasabb r\u00e9sz - maga az op\u00e1lkeres\u00e9s.<\/p>\n\n\n\n<p>Idegenvezet\u0151k fel\u00fcgyelete mellett a kis felfedez\u0151k kipr\u00f3b\u00e1lhatj\u00e1k, milyen \u00e9rz\u00e9s saj\u00e1t szlov\u00e1kiai op\u00e1ldarabot felfedezni. Minden gyermeknek lehet\u0151s\u00e9ge van arra, hogy hazavigye a \u201ekincs\u00e9t\u201c - egy olyan t\u00f6rt\u00e9netet, amelyet m\u00e9g sok\u00e1ig mes\u00e9lni fognak.<\/p>\n\n\n<div class=\"wp-block-image\">\n<figure class=\"aligncenter size-large\"><img loading=\"lazy\" decoding=\"async\" width=\"681\" height=\"1024\" src=\"https:\/\/www.regionsaris.sk\/wp-content\/uploads\/2026\/02\/opalove-bane4-oocrrs-681x1024.jpg\" alt=\"\" class=\"wp-image-3701\" srcset=\"https:\/\/www.regionsaris.sk\/wp-content\/uploads\/2026\/02\/opalove-bane4-oocrrs-681x1024.jpg 681w, https:\/\/www.regionsaris.sk\/wp-content\/uploads\/2026\/02\/opalove-bane4-oocrrs-200x300.jpg 200w, https:\/\/www.regionsaris.sk\/wp-content\/uploads\/2026\/02\/opalove-bane4-oocrrs-768x1154.jpg 768w, https:\/\/www.regionsaris.sk\/wp-content\/uploads\/2026\/02\/opalove-bane4-oocrrs-1022x1536.jpg 1022w, https:\/\/www.regionsaris.sk\/wp-content\/uploads\/2026\/02\/opalove-bane4-oocrrs-8x12.jpg 8w, https:\/\/www.regionsaris.sk\/wp-content\/uploads\/2026\/02\/opalove-bane4-oocrrs.jpg 1331w\" sizes=\"auto, (max-width: 681px) 100vw, 681px\" \/><\/figure>\n<\/div>\n\n\n<p><\/p>\n\n\n\n<h2 class=\"wp-block-heading\" id=\"h-zazitok-pre-celu-rodinu\">\u00c9lm\u00e9ny az eg\u00e9sz csal\u00e1dnak<\/h2>\n\n\n\n<p>Az esem\u00e9ny alkalmas gyermekes csal\u00e1dok, iskolai csoportok \u00e9s mindazok sz\u00e1m\u00e1ra, akik a tavaszi sz\u00fcnetben a mozg\u00e1st, a tud\u00e1st \u00e9s a sz\u00f3rakoz\u00e1st szeretn\u00e9k \u00f6sszekapcsolni. A szervez\u0151k sisakot \u00e9s szak\u00e9rt\u0151 magyar\u00e1zatot biztos\u00edtanak; melegebb ruh\u00e1zat \u00e9s stabil l\u00e1bbeli aj\u00e1nlott - a h\u0151m\u00e9rs\u00e9klet a f\u00f6ld alatt eg\u00e9sz \u00e9vben stabil.<\/p>\n\n\n\n<p>Az op\u00e1lb\u00e1ny\u00e1k azok a helyek, ahol a dr\u00e1gak\u00f6vek vil\u00e1gt\u00f6rt\u00e9nelme \u00edr\u00f3dott. A szlov\u00e1k op\u00e1l a cs\u00e1sz\u00e1ri udvarokat d\u00edsz\u00edtette, \u00e9s bej\u00e1rta az eg\u00e9sz vil\u00e1got. Ma egy id\u0151re \u00d6n is r\u00e9szese lehet ennek a t\u00f6rt\u00e9netnek.<\/p>\n\n\n<div class=\"wp-block-image\">\n<figure class=\"aligncenter size-large\"><img loading=\"lazy\" decoding=\"async\" width=\"1024\" height=\"684\" src=\"https:\/\/www.regionsaris.sk\/wp-content\/uploads\/2026\/02\/opalove-bane-oocrrs3-1024x684.jpg\" alt=\"\" class=\"wp-image-3702\" srcset=\"https:\/\/www.regionsaris.sk\/wp-content\/uploads\/2026\/02\/opalove-bane-oocrrs3-1024x684.jpg 1024w, https:\/\/www.regionsaris.sk\/wp-content\/uploads\/2026\/02\/opalove-bane-oocrrs3-300x200.jpg 300w, https:\/\/www.regionsaris.sk\/wp-content\/uploads\/2026\/02\/opalove-bane-oocrrs3-768x513.jpg 768w, https:\/\/www.regionsaris.sk\/wp-content\/uploads\/2026\/02\/opalove-bane-oocrrs3-18x12.jpg 18w, https:\/\/www.regionsaris.sk\/wp-content\/uploads\/2026\/02\/opalove-bane-oocrrs3.jpg 1200w\" sizes=\"auto, (max-width: 1024px) 100vw, 1024px\" \/><\/figure>\n<\/div>\n\n\n<p><\/p>\n\n\n\n<h2 class=\"wp-block-heading\" id=\"h-prazdniny-ktore-maju-iskru\">\u00dcnnepek, amelyek csillognak<\/h2>\n\n\n\n<p>A Slansk\u00e9 vrchy-hegys\u00e9g sz\u00e1mos csendes erdei zugot k\u00edn\u00e1l, de a f\u00f6ld alatt rejt\u0151zik az egyik legnagyobb kincs. Az Op\u00e1lkeres\u00e9s egy olyan esem\u00e9ny, amely \u00f6tv\u00f6zi a felfedez\u00e9st, a geol\u00f3gi\u00e1t \u00e9s az oktat\u00e1s j\u00e1t\u00e9kos form\u00e1j\u00e1t.<\/p>\n\n\n\n<p>Ha olyan programot keres, amely felcsillan a gyerekek szeme \u00e9s a sz\u00fcl\u0151k sz\u00e1m\u00e1ra is hiteles k\u00f6z\u00f6s \u00e9lm\u00e9nyt ny\u00fajt, akkor a Spring Break at Opal Mines a megfelel\u0151 v\u00e1laszt\u00e1s.<\/p>\n\n\n\n<p>Fedezze fel a Slansk\u00e9 hory hegys\u00e9g sz\u00edv\u00e9ben elrejtett kincset.<\/p>\n\n\n<div class=\"wp-block-image\">\n<figure class=\"aligncenter size-large\"><img loading=\"lazy\" decoding=\"async\" width=\"1024\" height=\"576\" src=\"https:\/\/www.regionsaris.sk\/wp-content\/uploads\/2026\/02\/velke-prazdninove-hladanie-opalu-1024x576.jpg\" alt=\"\" class=\"wp-image-3703\" srcset=\"https:\/\/www.regionsaris.sk\/wp-content\/uploads\/2026\/02\/velke-prazdninove-hladanie-opalu-1024x576.jpg 1024w, https:\/\/www.regionsaris.sk\/wp-content\/uploads\/2026\/02\/velke-prazdninove-hladanie-opalu-300x169.jpg 300w, https:\/\/www.regionsaris.sk\/wp-content\/uploads\/2026\/02\/velke-prazdninove-hladanie-opalu-768x432.jpg 768w, https:\/\/www.regionsaris.sk\/wp-content\/uploads\/2026\/02\/velke-prazdninove-hladanie-opalu-1536x864.jpg 1536w, https:\/\/www.regionsaris.sk\/wp-content\/uploads\/2026\/02\/velke-prazdninove-hladanie-opalu-18x10.jpg 18w, https:\/\/www.regionsaris.sk\/wp-content\/uploads\/2026\/02\/velke-prazdninove-hladanie-opalu.jpg 1920w\" sizes=\"auto, (max-width: 1024px) 100vw, 1024px\" \/><\/figure>\n<\/div>\n\n\n<p><\/p>\n\n\n\n<p>Az esem\u00e9nyr\u0151l \u00e9s a rendezv\u00e9nyr\u0151l t\u00f6bbet megtudhat az Opal Mines hivatalos honlapj\u00e1n:\u00a0<a href=\"https:\/\/www.opalovebane.com\/\">https:\/\/www.opalovebane.com<\/a><\/p>\n\n\n\n<p>Szerz\u0151: Region\u00e1lis Turisztikai Szervezet Regi\u00f3n \u0160ari\u0161<br>A fot\u00f3k szerz\u0151je. Region\u00e1lis turisztikai szervezet Regi\u00f3n \u0160ari\u0161<\/p>","protected":false},"excerpt":{"rendered":"<p>A tavaszi sz\u00fcnet nem felt\u00e9tlen\u00fcl csak az otthoni pihen\u00e9sr\u0151l sz\u00f3l. A Slansk\u00e9 vrchy-hegys\u00e9g sz\u00edv\u00e9ben v\u00e1rja a kis...<\/p>","protected":false},"author":3,"featured_media":3704,"comment_status":"closed","ping_status":"closed","sticky":false,"template":"","format":"standard","meta":{"_acf_changed":false,"footnotes":""},"categories":[1],"tags":[],"class_list":["post-3699","post","type-post","status-publish","format-standard","has-post-thumbnail","hentry","category-novinky"],"acf":[],"yoast_head":"<!-- This site is optimized with the Yoast SEO Premium plugin v26.3 (Yoast SEO v26.8) - https:\/\/yoast.com\/product\/yoast-seo-premium-wordpress\/ -->\n<title>Jarn\u00e9 pr\u00e1zdniny v podzem\u00ed: Sta\u0148 sa h\u013eada\u010dom op\u00e1lu v Slansk\u00fdch vrchoch - OOCR \u0160ari\u0161<\/title>\n<meta name=\"description\" content=\"Tip na v\u00fdlet po\u010das jarn\u00fdch pr\u00e1zdnin pre zvedav\u00e9 deti, ktor\u00e9 chc\u00fa za\u017ei\u0165 dobrodru\u017estvom v podzem\u00ed a h\u013eada\u0165 kame\u0144 kr\u00e1\u013eov.\" \/>\n<meta name=\"robots\" content=\"index, follow, max-snippet:-1, max-image-preview:large, max-video-preview:-1\" \/>\n<link rel=\"canonical\" href=\"https:\/\/www.regionsaris.sk\/hu\/jarne-prazdniny-v-podzemi-stan-sa-hladacom-opalu-v-slanskych-vrchoch\/\" \/>\n<meta property=\"og:locale\" content=\"hu_HU\" \/>\n<meta property=\"og:type\" content=\"article\" \/>\n<meta property=\"og:title\" content=\"Jarn\u00e9 pr\u00e1zdniny v podzem\u00ed: Sta\u0148 sa h\u013eada\u010dom op\u00e1lu v Slansk\u00fdch vrchoch\" \/>\n<meta property=\"og:description\" content=\"Tip na v\u00fdlet po\u010das jarn\u00fdch pr\u00e1zdnin pre zvedav\u00e9 deti, ktor\u00e9 chc\u00fa za\u017ei\u0165 dobrodru\u017estvom v podzem\u00ed a h\u013eada\u0165 kame\u0144 kr\u00e1\u013eov.\" \/>\n<meta property=\"og:url\" content=\"https:\/\/www.regionsaris.sk\/hu\/jarne-prazdniny-v-podzemi-stan-sa-hladacom-opalu-v-slanskych-vrchoch\/\" \/>\n<meta property=\"og:site_name\" content=\"OOCR \u0160ari\u0161\" \/>\n<meta property=\"article:published_time\" content=\"2026-02-18T09:56:14+00:00\" \/>\n<meta property=\"article:modified_time\" content=\"2026-02-24T13:21:17+00:00\" \/>\n<meta property=\"og:image\" content=\"https:\/\/www.regionsaris.sk\/wp-content\/uploads\/2026\/02\/opalove-bane2-oocrrs.jpg\" \/>\n\t<meta property=\"og:image:width\" content=\"2000\" \/>\n\t<meta property=\"og:image:height\" content=\"1335\" \/>\n\t<meta property=\"og:image:type\" content=\"image\/jpeg\" \/>\n<meta name=\"author\" content=\"marketing\" \/>\n<meta name=\"twitter:card\" content=\"summary_large_image\" \/>\n<meta name=\"twitter:label1\" content=\"Szerz\u0151:\" \/>\n\t<meta name=\"twitter:data1\" content=\"marketing\" \/>\n\t<meta name=\"twitter:label2\" content=\"Becs\u00fclt olvas\u00e1si id\u0151\" \/>\n\t<meta name=\"twitter:data2\" content=\"1 perc\" \/>\n<script type=\"application\/ld+json\" class=\"yoast-schema-graph\">{\"@context\":\"https:\/\/schema.org\",\"@graph\":[{\"@type\":\"Article\",\"@id\":\"https:\/\/www.regionsaris.sk\/jarne-prazdniny-v-podzemi-stan-sa-hladacom-opalu-v-slanskych-vrchoch\/#article\",\"isPartOf\":{\"@id\":\"https:\/\/www.regionsaris.sk\/jarne-prazdniny-v-podzemi-stan-sa-hladacom-opalu-v-slanskych-vrchoch\/\"},\"author\":{\"name\":\"marketing\",\"@id\":\"https:\/\/www.regionsaris.sk\/#\/schema\/person\/ec8d3b7d0a3a7dad307f10116198d0b5\"},\"headline\":\"Jarn\u00e9 pr\u00e1zdniny v podzem\u00ed: Sta\u0148 sa h\u013eada\u010dom op\u00e1lu v Slansk\u00fdch vrchoch\",\"datePublished\":\"2026-02-18T09:56:14+00:00\",\"dateModified\":\"2026-02-24T13:21:17+00:00\",\"mainEntityOfPage\":{\"@id\":\"https:\/\/www.regionsaris.sk\/jarne-prazdniny-v-podzemi-stan-sa-hladacom-opalu-v-slanskych-vrchoch\/\"},\"wordCount\":408,\"image\":{\"@id\":\"https:\/\/www.regionsaris.sk\/jarne-prazdniny-v-podzemi-stan-sa-hladacom-opalu-v-slanskych-vrchoch\/#primaryimage\"},\"thumbnailUrl\":\"https:\/\/www.regionsaris.sk\/wp-content\/uploads\/2026\/02\/opalove-bane2-oocrrs.jpg\",\"articleSection\":[\"Novinky\"],\"inLanguage\":\"hu\"},{\"@type\":\"WebPage\",\"@id\":\"https:\/\/www.regionsaris.sk\/jarne-prazdniny-v-podzemi-stan-sa-hladacom-opalu-v-slanskych-vrchoch\/\",\"url\":\"https:\/\/www.regionsaris.sk\/jarne-prazdniny-v-podzemi-stan-sa-hladacom-opalu-v-slanskych-vrchoch\/\",\"name\":\"Jarn\u00e9 pr\u00e1zdniny v podzem\u00ed: Sta\u0148 sa h\u013eada\u010dom op\u00e1lu v Slansk\u00fdch vrchoch - OOCR \u0160ari\u0161\",\"isPartOf\":{\"@id\":\"https:\/\/www.regionsaris.sk\/#website\"},\"primaryImageOfPage\":{\"@id\":\"https:\/\/www.regionsaris.sk\/jarne-prazdniny-v-podzemi-stan-sa-hladacom-opalu-v-slanskych-vrchoch\/#primaryimage\"},\"image\":{\"@id\":\"https:\/\/www.regionsaris.sk\/jarne-prazdniny-v-podzemi-stan-sa-hladacom-opalu-v-slanskych-vrchoch\/#primaryimage\"},\"thumbnailUrl\":\"https:\/\/www.regionsaris.sk\/wp-content\/uploads\/2026\/02\/opalove-bane2-oocrrs.jpg\",\"datePublished\":\"2026-02-18T09:56:14+00:00\",\"dateModified\":\"2026-02-24T13:21:17+00:00\",\"author\":{\"@id\":\"https:\/\/www.regionsaris.sk\/#\/schema\/person\/ec8d3b7d0a3a7dad307f10116198d0b5\"},\"description\":\"Tip na v\u00fdlet po\u010das jarn\u00fdch pr\u00e1zdnin pre zvedav\u00e9 deti, ktor\u00e9 chc\u00fa za\u017ei\u0165 dobrodru\u017estvom v podzem\u00ed a h\u013eada\u0165 kame\u0144 kr\u00e1\u013eov.\",\"breadcrumb\":{\"@id\":\"https:\/\/www.regionsaris.sk\/jarne-prazdniny-v-podzemi-stan-sa-hladacom-opalu-v-slanskych-vrchoch\/#breadcrumb\"},\"inLanguage\":\"hu\",\"potentialAction\":[{\"@type\":\"ReadAction\",\"target\":[\"https:\/\/www.regionsaris.sk\/jarne-prazdniny-v-podzemi-stan-sa-hladacom-opalu-v-slanskych-vrchoch\/\"]}]},{\"@type\":\"ImageObject\",\"inLanguage\":\"hu\",\"@id\":\"https:\/\/www.regionsaris.sk\/jarne-prazdniny-v-podzemi-stan-sa-hladacom-opalu-v-slanskych-vrchoch\/#primaryimage\",\"url\":\"https:\/\/www.regionsaris.sk\/wp-content\/uploads\/2026\/02\/opalove-bane2-oocrrs.jpg\",\"contentUrl\":\"https:\/\/www.regionsaris.sk\/wp-content\/uploads\/2026\/02\/opalove-bane2-oocrrs.jpg\",\"width\":2000,\"height\":1335},{\"@type\":\"BreadcrumbList\",\"@id\":\"https:\/\/www.regionsaris.sk\/jarne-prazdniny-v-podzemi-stan-sa-hladacom-opalu-v-slanskych-vrchoch\/#breadcrumb\",\"itemListElement\":[{\"@type\":\"ListItem\",\"position\":1,\"name\":\"Domov\",\"item\":\"https:\/\/www.regionsaris.sk\/\"},{\"@type\":\"ListItem\",\"position\":2,\"name\":\"Jarn\u00e9 pr\u00e1zdniny v podzem\u00ed: Sta\u0148 sa h\u013eada\u010dom op\u00e1lu v Slansk\u00fdch vrchoch\"}]},{\"@type\":\"WebSite\",\"@id\":\"https:\/\/www.regionsaris.sk\/#website\",\"url\":\"https:\/\/www.regionsaris.sk\/\",\"name\":\"OOCR \u0160ari\u0161\",\"description\":\"\",\"potentialAction\":[{\"@type\":\"SearchAction\",\"target\":{\"@type\":\"EntryPoint\",\"urlTemplate\":\"https:\/\/www.regionsaris.sk\/?s={search_term_string}\"},\"query-input\":{\"@type\":\"PropertyValueSpecification\",\"valueRequired\":true,\"valueName\":\"search_term_string\"}}],\"inLanguage\":\"hu\"},{\"@type\":\"Person\",\"@id\":\"https:\/\/www.regionsaris.sk\/#\/schema\/person\/ec8d3b7d0a3a7dad307f10116198d0b5\",\"name\":\"marketing\",\"image\":{\"@type\":\"ImageObject\",\"inLanguage\":\"hu\",\"@id\":\"https:\/\/www.regionsaris.sk\/#\/schema\/person\/image\/\",\"url\":\"https:\/\/secure.gravatar.com\/avatar\/d86c85c214091923000a199276e541a97ba20b5109e7b00260a23abc26f5b6c1?s=96&d=mm&r=g\",\"contentUrl\":\"https:\/\/secure.gravatar.com\/avatar\/d86c85c214091923000a199276e541a97ba20b5109e7b00260a23abc26f5b6c1?s=96&d=mm&r=g\",\"caption\":\"marketing\"},\"url\":\"https:\/\/www.regionsaris.sk\/hu\/author\/marketing\/\"}]}<\/script>\n<!-- \/ Yoast SEO Premium plugin. -->","yoast_head_json":{"title":"Jarn\u00e9 pr\u00e1zdniny v podzem\u00ed: Sta\u0148 sa h\u013eada\u010dom op\u00e1lu v Slansk\u00fdch vrchoch - OOCR \u0160ari\u0161","description":"Tip na v\u00fdlet po\u010das jarn\u00fdch pr\u00e1zdnin pre zvedav\u00e9 deti, ktor\u00e9 chc\u00fa za\u017ei\u0165 dobrodru\u017estvom v podzem\u00ed a h\u013eada\u0165 kame\u0144 kr\u00e1\u013eov.","robots":{"index":"index","follow":"follow","max-snippet":"max-snippet:-1","max-image-preview":"max-image-preview:large","max-video-preview":"max-video-preview:-1"},"canonical":"https:\/\/www.regionsaris.sk\/hu\/jarne-prazdniny-v-podzemi-stan-sa-hladacom-opalu-v-slanskych-vrchoch\/","og_locale":"hu_HU","og_type":"article","og_title":"Jarn\u00e9 pr\u00e1zdniny v podzem\u00ed: Sta\u0148 sa h\u013eada\u010dom op\u00e1lu v Slansk\u00fdch vrchoch","og_description":"Tip na v\u00fdlet po\u010das jarn\u00fdch pr\u00e1zdnin pre zvedav\u00e9 deti, ktor\u00e9 chc\u00fa za\u017ei\u0165 dobrodru\u017estvom v podzem\u00ed a h\u013eada\u0165 kame\u0144 kr\u00e1\u013eov.","og_url":"https:\/\/www.regionsaris.sk\/hu\/jarne-prazdniny-v-podzemi-stan-sa-hladacom-opalu-v-slanskych-vrchoch\/","og_site_name":"OOCR \u0160ari\u0161","article_published_time":"2026-02-18T09:56:14+00:00","article_modified_time":"2026-02-24T13:21:17+00:00","og_image":[{"width":2000,"height":1335,"url":"https:\/\/www.regionsaris.sk\/wp-content\/uploads\/2026\/02\/opalove-bane2-oocrrs.jpg","type":"image\/jpeg"}],"author":"marketing","twitter_card":"summary_large_image","twitter_misc":{"Szerz\u0151:":"marketing","Becs\u00fclt olvas\u00e1si id\u0151":"1 perc"},"schema":{"@context":"https:\/\/schema.org","@graph":[{"@type":"Article","@id":"https:\/\/www.regionsaris.sk\/jarne-prazdniny-v-podzemi-stan-sa-hladacom-opalu-v-slanskych-vrchoch\/#article","isPartOf":{"@id":"https:\/\/www.regionsaris.sk\/jarne-prazdniny-v-podzemi-stan-sa-hladacom-opalu-v-slanskych-vrchoch\/"},"author":{"name":"marketing","@id":"https:\/\/www.regionsaris.sk\/#\/schema\/person\/ec8d3b7d0a3a7dad307f10116198d0b5"},"headline":"Jarn\u00e9 pr\u00e1zdniny v podzem\u00ed: Sta\u0148 sa h\u013eada\u010dom op\u00e1lu v Slansk\u00fdch vrchoch","datePublished":"2026-02-18T09:56:14+00:00","dateModified":"2026-02-24T13:21:17+00:00","mainEntityOfPage":{"@id":"https:\/\/www.regionsaris.sk\/jarne-prazdniny-v-podzemi-stan-sa-hladacom-opalu-v-slanskych-vrchoch\/"},"wordCount":408,"image":{"@id":"https:\/\/www.regionsaris.sk\/jarne-prazdniny-v-podzemi-stan-sa-hladacom-opalu-v-slanskych-vrchoch\/#primaryimage"},"thumbnailUrl":"https:\/\/www.regionsaris.sk\/wp-content\/uploads\/2026\/02\/opalove-bane2-oocrrs.jpg","articleSection":["Novinky"],"inLanguage":"hu"},{"@type":"WebPage","@id":"https:\/\/www.regionsaris.sk\/jarne-prazdniny-v-podzemi-stan-sa-hladacom-opalu-v-slanskych-vrchoch\/","url":"https:\/\/www.regionsaris.sk\/jarne-prazdniny-v-podzemi-stan-sa-hladacom-opalu-v-slanskych-vrchoch\/","name":"Jarn\u00e9 pr\u00e1zdniny v podzem\u00ed: Sta\u0148 sa h\u013eada\u010dom op\u00e1lu v Slansk\u00fdch vrchoch - OOCR \u0160ari\u0161","isPartOf":{"@id":"https:\/\/www.regionsaris.sk\/#website"},"primaryImageOfPage":{"@id":"https:\/\/www.regionsaris.sk\/jarne-prazdniny-v-podzemi-stan-sa-hladacom-opalu-v-slanskych-vrchoch\/#primaryimage"},"image":{"@id":"https:\/\/www.regionsaris.sk\/jarne-prazdniny-v-podzemi-stan-sa-hladacom-opalu-v-slanskych-vrchoch\/#primaryimage"},"thumbnailUrl":"https:\/\/www.regionsaris.sk\/wp-content\/uploads\/2026\/02\/opalove-bane2-oocrrs.jpg","datePublished":"2026-02-18T09:56:14+00:00","dateModified":"2026-02-24T13:21:17+00:00","author":{"@id":"https:\/\/www.regionsaris.sk\/#\/schema\/person\/ec8d3b7d0a3a7dad307f10116198d0b5"},"description":"Tip na v\u00fdlet po\u010das jarn\u00fdch pr\u00e1zdnin pre zvedav\u00e9 deti, ktor\u00e9 chc\u00fa za\u017ei\u0165 dobrodru\u017estvom v podzem\u00ed a h\u013eada\u0165 kame\u0144 kr\u00e1\u013eov.","breadcrumb":{"@id":"https:\/\/www.regionsaris.sk\/jarne-prazdniny-v-podzemi-stan-sa-hladacom-opalu-v-slanskych-vrchoch\/#breadcrumb"},"inLanguage":"hu","potentialAction":[{"@type":"ReadAction","target":["https:\/\/www.regionsaris.sk\/jarne-prazdniny-v-podzemi-stan-sa-hladacom-opalu-v-slanskych-vrchoch\/"]}]},{"@type":"ImageObject","inLanguage":"hu","@id":"https:\/\/www.regionsaris.sk\/jarne-prazdniny-v-podzemi-stan-sa-hladacom-opalu-v-slanskych-vrchoch\/#primaryimage","url":"https:\/\/www.regionsaris.sk\/wp-content\/uploads\/2026\/02\/opalove-bane2-oocrrs.jpg","contentUrl":"https:\/\/www.regionsaris.sk\/wp-content\/uploads\/2026\/02\/opalove-bane2-oocrrs.jpg","width":2000,"height":1335},{"@type":"BreadcrumbList","@id":"https:\/\/www.regionsaris.sk\/jarne-prazdniny-v-podzemi-stan-sa-hladacom-opalu-v-slanskych-vrchoch\/#breadcrumb","itemListElement":[{"@type":"ListItem","position":1,"name":"Domov","item":"https:\/\/www.regionsaris.sk\/"},{"@type":"ListItem","position":2,"name":"Jarn\u00e9 pr\u00e1zdniny v podzem\u00ed: Sta\u0148 sa h\u013eada\u010dom op\u00e1lu v Slansk\u00fdch vrchoch"}]},{"@type":"WebSite","@id":"https:\/\/www.regionsaris.sk\/#website","url":"https:\/\/www.regionsaris.sk\/","name":"OOCR \u0160ari\u0161","description":"","potentialAction":[{"@type":"SearchAction","target":{"@type":"EntryPoint","urlTemplate":"https:\/\/www.regionsaris.sk\/?s={search_term_string}"},"query-input":{"@type":"PropertyValueSpecification","valueRequired":true,"valueName":"search_term_string"}}],"inLanguage":"hu"},{"@type":"Person","@id":"https:\/\/www.regionsaris.sk\/#\/schema\/person\/ec8d3b7d0a3a7dad307f10116198d0b5","name":"marketing","image":{"@type":"ImageObject","inLanguage":"hu","@id":"https:\/\/www.regionsaris.sk\/#\/schema\/person\/image\/","url":"https:\/\/secure.gravatar.com\/avatar\/d86c85c214091923000a199276e541a97ba20b5109e7b00260a23abc26f5b6c1?s=96&d=mm&r=g","contentUrl":"https:\/\/secure.gravatar.com\/avatar\/d86c85c214091923000a199276e541a97ba20b5109e7b00260a23abc26f5b6c1?s=96&d=mm&r=g","caption":"marketing"},"url":"https:\/\/www.regionsaris.sk\/hu\/author\/marketing\/"}]}},"_links":{"self":[{"href":"https:\/\/www.regionsaris.sk\/hu\/wp-json\/wp\/v2\/posts\/3699","targetHints":{"allow":["GET"]}}],"collection":[{"href":"https:\/\/www.regionsaris.sk\/hu\/wp-json\/wp\/v2\/posts"}],"about":[{"href":"https:\/\/www.regionsaris.sk\/hu\/wp-json\/wp\/v2\/types\/post"}],"author":[{"embeddable":true,"href":"https:\/\/www.regionsaris.sk\/hu\/wp-json\/wp\/v2\/users\/3"}],"replies":[{"embeddable":true,"href":"https:\/\/www.regionsaris.sk\/hu\/wp-json\/wp\/v2\/comments?post=3699"}],"version-history":[{"count":3,"href":"https:\/\/www.regionsaris.sk\/hu\/wp-json\/wp\/v2\/posts\/3699\/revisions"}],"predecessor-version":[{"id":3854,"href":"https:\/\/www.regionsaris.sk\/hu\/wp-json\/wp\/v2\/posts\/3699\/revisions\/3854"}],"wp:featuredmedia":[{"embeddable":true,"href":"https:\/\/www.regionsaris.sk\/hu\/wp-json\/wp\/v2\/media\/3704"}],"wp:attachment":[{"href":"https:\/\/www.regionsaris.sk\/hu\/wp-json\/wp\/v2\/media?parent=3699"}],"wp:term":[{"taxonomy":"category","embeddable":true,"href":"https:\/\/www.regionsaris.sk\/hu\/wp-json\/wp\/v2\/categories?post=3699"},{"taxonomy":"post_tag","embeddable":true,"href":"https:\/\/www.regionsaris.sk\/hu\/wp-json\/wp\/v2\/tags?post=3699"}],"curies":[{"name":"wp","href":"https:\/\/api.w.org\/{rel}","templated":true}]}}