{"id":3677,"date":"2026-02-17T13:11:52","date_gmt":"2026-02-17T12:11:52","guid":{"rendered":"https:\/\/www.regionsaris.sk\/?p=3677"},"modified":"2026-02-24T14:21:39","modified_gmt":"2026-02-24T13:21:39","slug":"presovske-fasiangy-2026-priniesli-hudbu-masky-aj-tradicie","status":"publish","type":"post","link":"https:\/\/www.regionsaris.sk\/hu\/presovske-fasiangy-2026-priniesli-hudbu-masky-aj-tradicie\/","title":{"rendered":"A Pre\u0161ov 2026-os karnev\u00e1l zen\u00e9t, maszkokat \u00e9s hagyom\u00e1nyokat hozott"},"content":{"rendered":"<p>2026. febru\u00e1r 14-\u00e9n, szombaton Pre\u0161ov belv\u00e1rosa a hagyom\u00e1nyos Fasiang-\u00fcnneps\u00e9gek sz\u00ednes helysz\u00edn\u00e9v\u00e9 v\u00e1ltozott. A f\u0151utc\u00e1n \u00e9nek, t\u00e1nc, zene \u00e9s a jellegzetes farsangi vid\u00e1ms\u00e1g kelt \u00e9letre, amely minden \u00e9vben felid\u00e9zi a n\u00e9pszok\u00e1sok \u00e9s a region\u00e1lis hagyom\u00e1nyok gazdags\u00e1g\u00e1t.<\/p>\n\n\n<div class=\"wp-block-image\">\n<figure class=\"aligncenter size-large\"><img loading=\"lazy\" decoding=\"async\" width=\"1024\" height=\"683\" src=\"https:\/\/www.regionsaris.sk\/wp-content\/uploads\/2026\/02\/fasiangove-slavnosti-clanok2-oocrrs-1024x683.jpg\" alt=\"\" class=\"wp-image-3678\" srcset=\"https:\/\/www.regionsaris.sk\/wp-content\/uploads\/2026\/02\/fasiangove-slavnosti-clanok2-oocrrs-1024x683.jpg 1024w, https:\/\/www.regionsaris.sk\/wp-content\/uploads\/2026\/02\/fasiangove-slavnosti-clanok2-oocrrs-300x200.jpg 300w, https:\/\/www.regionsaris.sk\/wp-content\/uploads\/2026\/02\/fasiangove-slavnosti-clanok2-oocrrs-768x512.jpg 768w, https:\/\/www.regionsaris.sk\/wp-content\/uploads\/2026\/02\/fasiangove-slavnosti-clanok2-oocrrs-1536x1024.jpg 1536w, https:\/\/www.regionsaris.sk\/wp-content\/uploads\/2026\/02\/fasiangove-slavnosti-clanok2-oocrrs-18x12.jpg 18w, https:\/\/www.regionsaris.sk\/wp-content\/uploads\/2026\/02\/fasiangove-slavnosti-clanok2-oocrrs.jpg 2048w\" sizes=\"auto, (max-width: 1024px) 100vw, 1024px\" \/><\/figure>\n<\/div>\n\n\n<p><\/p>\n\n\n\n<p>Az esem\u00e9nyt a\u00a0<a href=\"https:\/\/www.pkopresov.sk\">PKO Pre\u0161ov<\/a>\u00a0egy\u00fcttm\u0171k\u00f6dve a <a href=\"https:\/\/www.presov.sk\">Pre\u0161ov v\u00e1ros<\/a> \u00e9s minden gener\u00e1ci\u00f3 sz\u00e1m\u00e1ra programot hozott. A l\u00e1togat\u00f3kat folkl\u00f3rbemutat\u00f3k, \u00e1larcos felvonul\u00e1s, hagyom\u00e1nyos zenei csoportok \u00e9s karnev\u00e1li k\u00fcl\u00f6nlegess\u00e9gek k\u00f3stol\u00f3ja v\u00e1rta. A hangulatot eredeti maszkok tett\u00e9k teljess\u00e9 - a hagyom\u00e1nyos figur\u00e1kt\u00f3l a modern \u00e9s kreat\u00edv jelmezekig, amelyek a gyerekeket \u00e9s a feln\u0151tteket egyar\u00e1nt elragadtatt\u00e1k.<\/p>\n\n\n<div class=\"wp-block-image\">\n<figure class=\"aligncenter size-large\"><img loading=\"lazy\" decoding=\"async\" width=\"1024\" height=\"682\" src=\"https:\/\/www.regionsaris.sk\/wp-content\/uploads\/2026\/02\/fasiangove-slavnosti-clanok1-oocrrs-1024x682.jpg\" alt=\"\" class=\"wp-image-3679\" srcset=\"https:\/\/www.regionsaris.sk\/wp-content\/uploads\/2026\/02\/fasiangove-slavnosti-clanok1-oocrrs-1024x682.jpg 1024w, https:\/\/www.regionsaris.sk\/wp-content\/uploads\/2026\/02\/fasiangove-slavnosti-clanok1-oocrrs-300x200.jpg 300w, https:\/\/www.regionsaris.sk\/wp-content\/uploads\/2026\/02\/fasiangove-slavnosti-clanok1-oocrrs-768x511.jpg 768w, https:\/\/www.regionsaris.sk\/wp-content\/uploads\/2026\/02\/fasiangove-slavnosti-clanok1-oocrrs-1536x1022.jpg 1536w, https:\/\/www.regionsaris.sk\/wp-content\/uploads\/2026\/02\/fasiangove-slavnosti-clanok1-oocrrs-18x12.jpg 18w, https:\/\/www.regionsaris.sk\/wp-content\/uploads\/2026\/02\/fasiangove-slavnosti-clanok1-oocrrs.jpg 2048w\" sizes=\"auto, (max-width: 1024px) 100vw, 1024px\" \/><\/figure>\n<\/div>\n\n\n<p><\/p>\n\n\n\n<p>A farsang az \u00f6r\u00f6m, a b\u0151s\u00e9g \u00e9s a t\u00e9l szimbolikus b\u00facs\u00faja. Pre\u0161ovban ez a szok\u00e1s ism\u00e9t bebizony\u00edtotta, hogy a \u0160ari\u0161 r\u00e9gi\u00f3 kultur\u00e1lis \u00f6r\u00f6ks\u00e9g\u00e9nek \u00e9l\u0151 r\u00e9sze. Sok l\u00e1togat\u00f3 maszkban \u00e9rkezett \u00e9s csatlakozott a felvonul\u00e1shoz, ami spont\u00e1n \u00e9s autentikus hangulatot teremtett, \u00e9s \u00f6sszehozta a k\u00f6z\u00f6ss\u00e9get \u00e9s a vend\u00e9geket.<\/p>\n\n\n<div class=\"wp-block-image\">\n<figure class=\"aligncenter size-large\"><img loading=\"lazy\" decoding=\"async\" width=\"1024\" height=\"682\" src=\"https:\/\/www.regionsaris.sk\/wp-content\/uploads\/2026\/02\/fasiangove-slavnosti-clanok5-oocrrs-1024x682.jpg\" alt=\"\" class=\"wp-image-3680\" srcset=\"https:\/\/www.regionsaris.sk\/wp-content\/uploads\/2026\/02\/fasiangove-slavnosti-clanok5-oocrrs-1024x682.jpg 1024w, https:\/\/www.regionsaris.sk\/wp-content\/uploads\/2026\/02\/fasiangove-slavnosti-clanok5-oocrrs-300x200.jpg 300w, https:\/\/www.regionsaris.sk\/wp-content\/uploads\/2026\/02\/fasiangove-slavnosti-clanok5-oocrrs-768x511.jpg 768w, https:\/\/www.regionsaris.sk\/wp-content\/uploads\/2026\/02\/fasiangove-slavnosti-clanok5-oocrrs-1536x1022.jpg 1536w, https:\/\/www.regionsaris.sk\/wp-content\/uploads\/2026\/02\/fasiangove-slavnosti-clanok5-oocrrs-18x12.jpg 18w, https:\/\/www.regionsaris.sk\/wp-content\/uploads\/2026\/02\/fasiangove-slavnosti-clanok5-oocrrs.jpg 2048w\" sizes=\"auto, (max-width: 1024px) 100vw, 1024px\" \/><\/figure>\n<\/div>\n\n\n<p><\/p>\n\n\n\n<p>A gyermekes csal\u00e1dok sz\u00e1m\u00e1ra k\u00eds\u00e9r\u0151programok, tematikus standok \u00e9s a kora esti \u00f3r\u00e1kig tart\u00f3 zenei program is volt a v\u00e1rosk\u00f6zpontban. A karnev\u00e1li \u00fcnneps\u00e9gek ism\u00e9t meger\u0151s\u00edtett\u00e9k, hogy a hagyom\u00e1nyos rendezv\u00e9nyeknek szil\u00e1rd hely\u00fck van Pre\u0161ovban, \u00e9s minden \u00e9vben t\u00f6bb sz\u00e1z l\u00e1togat\u00f3t tudnak vonzani.<\/p>\n\n\n<div class=\"wp-block-image\">\n<figure class=\"aligncenter size-large\"><img loading=\"lazy\" decoding=\"async\" width=\"1024\" height=\"681\" src=\"https:\/\/www.regionsaris.sk\/wp-content\/uploads\/2026\/02\/fasiangove-slavnosti-clanok6-oocrrs-1024x681.jpg\" alt=\"\" class=\"wp-image-3681\" srcset=\"https:\/\/www.regionsaris.sk\/wp-content\/uploads\/2026\/02\/fasiangove-slavnosti-clanok6-oocrrs-1024x681.jpg 1024w, https:\/\/www.regionsaris.sk\/wp-content\/uploads\/2026\/02\/fasiangove-slavnosti-clanok6-oocrrs-300x200.jpg 300w, https:\/\/www.regionsaris.sk\/wp-content\/uploads\/2026\/02\/fasiangove-slavnosti-clanok6-oocrrs-768x511.jpg 768w, https:\/\/www.regionsaris.sk\/wp-content\/uploads\/2026\/02\/fasiangove-slavnosti-clanok6-oocrrs-1536x1022.jpg 1536w, https:\/\/www.regionsaris.sk\/wp-content\/uploads\/2026\/02\/fasiangove-slavnosti-clanok6-oocrrs-18x12.jpg 18w, https:\/\/www.regionsaris.sk\/wp-content\/uploads\/2026\/02\/fasiangove-slavnosti-clanok6-oocrrs.jpg 2048w\" sizes=\"auto, (max-width: 1024px) 100vw, 1024px\" \/><\/figure>\n<\/div>\n\n\n<p><\/p>\n\n\n\n<p>Szerz\u0151: Region\u00e1lis Turisztikai Szervezet Regi\u00f3n \u0160ari\u0161<br>A k\u00e9pek szerz\u0151je:PKO Pre\u0161ov<\/p>","protected":false},"excerpt":{"rendered":"<p>2026. febru\u00e1r 14-\u00e9n, szombaton Pre\u0161ov belv\u00e1rosa a hagyom\u00e1nyos Fasiang-\u00fcnneps\u00e9gek sz\u00ednes helysz\u00edn\u00e9v\u00e9 v\u00e1ltozott. A f\u0151...<\/p>","protected":false},"author":3,"featured_media":3682,"comment_status":"closed","ping_status":"closed","sticky":false,"template":"","format":"standard","meta":{"_acf_changed":false,"footnotes":""},"categories":[1],"tags":[],"class_list":["post-3677","post","type-post","status-publish","format-standard","has-post-thumbnail","hentry","category-novinky"],"acf":[],"yoast_head":"<!-- This site is optimized with the Yoast SEO Premium plugin v26.3 (Yoast SEO v26.8) - https:\/\/yoast.com\/product\/yoast-seo-premium-wordpress\/ -->\n<title>Pre\u0161ovsk\u00e9 fa\u0161iangy 2026 priniesli hudbu, masky aj trad\u00edcie - OOCR \u0160ari\u0161<\/title>\n<meta name=\"description\" content=\"Pre\u0161ovsk\u00e9 tradi\u010dn\u00e9 fa\u0161iangy na n\u00e1mest\u00ed za spriedovu \u013eudovej hudby, pochodu masiek a sprievodn\u00e9ho programu.\" \/>\n<meta name=\"robots\" content=\"index, follow, max-snippet:-1, max-image-preview:large, max-video-preview:-1\" \/>\n<link rel=\"canonical\" href=\"https:\/\/www.regionsaris.sk\/hu\/presovske-fasiangy-2026-priniesli-hudbu-masky-aj-tradicie\/\" \/>\n<meta property=\"og:locale\" content=\"hu_HU\" \/>\n<meta property=\"og:type\" content=\"article\" \/>\n<meta property=\"og:title\" content=\"Pre\u0161ovsk\u00e9 fa\u0161iangy 2026 priniesli hudbu, masky aj trad\u00edcie\" \/>\n<meta property=\"og:description\" content=\"Pre\u0161ovsk\u00e9 tradi\u010dn\u00e9 fa\u0161iangy na n\u00e1mest\u00ed za spriedovu \u013eudovej hudby, pochodu masiek a sprievodn\u00e9ho programu.\" \/>\n<meta property=\"og:url\" content=\"https:\/\/www.regionsaris.sk\/hu\/presovske-fasiangy-2026-priniesli-hudbu-masky-aj-tradicie\/\" \/>\n<meta property=\"og:site_name\" content=\"OOCR \u0160ari\u0161\" \/>\n<meta property=\"article:published_time\" content=\"2026-02-17T12:11:52+00:00\" \/>\n<meta property=\"article:modified_time\" content=\"2026-02-24T13:21:39+00:00\" \/>\n<meta property=\"og:image\" content=\"https:\/\/www.regionsaris.sk\/wp-content\/uploads\/2026\/02\/fasiangove-slavnosti-clanok4-oocrrs.jpg\" \/>\n\t<meta property=\"og:image:width\" content=\"2048\" \/>\n\t<meta property=\"og:image:height\" content=\"1365\" \/>\n\t<meta property=\"og:image:type\" content=\"image\/jpeg\" \/>\n<meta name=\"author\" content=\"marketing\" \/>\n<meta name=\"twitter:card\" content=\"summary_large_image\" \/>\n<meta name=\"twitter:label1\" content=\"Szerz\u0151:\" \/>\n\t<meta name=\"twitter:data1\" content=\"marketing\" \/>\n\t<meta name=\"twitter:label2\" content=\"Becs\u00fclt olvas\u00e1si id\u0151\" \/>\n\t<meta name=\"twitter:data2\" content=\"2 perc\" \/>\n<script type=\"application\/ld+json\" class=\"yoast-schema-graph\">{\"@context\":\"https:\/\/schema.org\",\"@graph\":[{\"@type\":\"Article\",\"@id\":\"https:\/\/www.regionsaris.sk\/presovske-fasiangy-2026-priniesli-hudbu-masky-aj-tradicie\/#article\",\"isPartOf\":{\"@id\":\"https:\/\/www.regionsaris.sk\/presovske-fasiangy-2026-priniesli-hudbu-masky-aj-tradicie\/\"},\"author\":{\"name\":\"marketing\",\"@id\":\"https:\/\/www.regionsaris.sk\/#\/schema\/person\/ec8d3b7d0a3a7dad307f10116198d0b5\"},\"headline\":\"Pre\u0161ovsk\u00e9 fa\u0161iangy 2026 priniesli hudbu, masky aj trad\u00edcie\",\"datePublished\":\"2026-02-17T12:11:52+00:00\",\"dateModified\":\"2026-02-24T13:21:39+00:00\",\"mainEntityOfPage\":{\"@id\":\"https:\/\/www.regionsaris.sk\/presovske-fasiangy-2026-priniesli-hudbu-masky-aj-tradicie\/\"},\"wordCount\":271,\"image\":{\"@id\":\"https:\/\/www.regionsaris.sk\/presovske-fasiangy-2026-priniesli-hudbu-masky-aj-tradicie\/#primaryimage\"},\"thumbnailUrl\":\"https:\/\/www.regionsaris.sk\/wp-content\/uploads\/2026\/02\/fasiangove-slavnosti-clanok4-oocrrs.jpg\",\"articleSection\":[\"Novinky\"],\"inLanguage\":\"hu\"},{\"@type\":\"WebPage\",\"@id\":\"https:\/\/www.regionsaris.sk\/presovske-fasiangy-2026-priniesli-hudbu-masky-aj-tradicie\/\",\"url\":\"https:\/\/www.regionsaris.sk\/presovske-fasiangy-2026-priniesli-hudbu-masky-aj-tradicie\/\",\"name\":\"Pre\u0161ovsk\u00e9 fa\u0161iangy 2026 priniesli hudbu, masky aj trad\u00edcie - OOCR \u0160ari\u0161\",\"isPartOf\":{\"@id\":\"https:\/\/www.regionsaris.sk\/#website\"},\"primaryImageOfPage\":{\"@id\":\"https:\/\/www.regionsaris.sk\/presovske-fasiangy-2026-priniesli-hudbu-masky-aj-tradicie\/#primaryimage\"},\"image\":{\"@id\":\"https:\/\/www.regionsaris.sk\/presovske-fasiangy-2026-priniesli-hudbu-masky-aj-tradicie\/#primaryimage\"},\"thumbnailUrl\":\"https:\/\/www.regionsaris.sk\/wp-content\/uploads\/2026\/02\/fasiangove-slavnosti-clanok4-oocrrs.jpg\",\"datePublished\":\"2026-02-17T12:11:52+00:00\",\"dateModified\":\"2026-02-24T13:21:39+00:00\",\"author\":{\"@id\":\"https:\/\/www.regionsaris.sk\/#\/schema\/person\/ec8d3b7d0a3a7dad307f10116198d0b5\"},\"description\":\"Pre\u0161ovsk\u00e9 tradi\u010dn\u00e9 fa\u0161iangy na n\u00e1mest\u00ed za spriedovu \u013eudovej hudby, pochodu masiek a sprievodn\u00e9ho programu.\",\"breadcrumb\":{\"@id\":\"https:\/\/www.regionsaris.sk\/presovske-fasiangy-2026-priniesli-hudbu-masky-aj-tradicie\/#breadcrumb\"},\"inLanguage\":\"hu\",\"potentialAction\":[{\"@type\":\"ReadAction\",\"target\":[\"https:\/\/www.regionsaris.sk\/presovske-fasiangy-2026-priniesli-hudbu-masky-aj-tradicie\/\"]}]},{\"@type\":\"ImageObject\",\"inLanguage\":\"hu\",\"@id\":\"https:\/\/www.regionsaris.sk\/presovske-fasiangy-2026-priniesli-hudbu-masky-aj-tradicie\/#primaryimage\",\"url\":\"https:\/\/www.regionsaris.sk\/wp-content\/uploads\/2026\/02\/fasiangove-slavnosti-clanok4-oocrrs.jpg\",\"contentUrl\":\"https:\/\/www.regionsaris.sk\/wp-content\/uploads\/2026\/02\/fasiangove-slavnosti-clanok4-oocrrs.jpg\",\"width\":2048,\"height\":1365},{\"@type\":\"BreadcrumbList\",\"@id\":\"https:\/\/www.regionsaris.sk\/presovske-fasiangy-2026-priniesli-hudbu-masky-aj-tradicie\/#breadcrumb\",\"itemListElement\":[{\"@type\":\"ListItem\",\"position\":1,\"name\":\"Domov\",\"item\":\"https:\/\/www.regionsaris.sk\/\"},{\"@type\":\"ListItem\",\"position\":2,\"name\":\"Pre\u0161ovsk\u00e9 fa\u0161iangy 2026 priniesli hudbu, masky aj trad\u00edcie\"}]},{\"@type\":\"WebSite\",\"@id\":\"https:\/\/www.regionsaris.sk\/#website\",\"url\":\"https:\/\/www.regionsaris.sk\/\",\"name\":\"OOCR \u0160ari\u0161\",\"description\":\"\",\"potentialAction\":[{\"@type\":\"SearchAction\",\"target\":{\"@type\":\"EntryPoint\",\"urlTemplate\":\"https:\/\/www.regionsaris.sk\/?s={search_term_string}\"},\"query-input\":{\"@type\":\"PropertyValueSpecification\",\"valueRequired\":true,\"valueName\":\"search_term_string\"}}],\"inLanguage\":\"hu\"},{\"@type\":\"Person\",\"@id\":\"https:\/\/www.regionsaris.sk\/#\/schema\/person\/ec8d3b7d0a3a7dad307f10116198d0b5\",\"name\":\"marketing\",\"image\":{\"@type\":\"ImageObject\",\"inLanguage\":\"hu\",\"@id\":\"https:\/\/www.regionsaris.sk\/#\/schema\/person\/image\/\",\"url\":\"https:\/\/secure.gravatar.com\/avatar\/d86c85c214091923000a199276e541a97ba20b5109e7b00260a23abc26f5b6c1?s=96&d=mm&r=g\",\"contentUrl\":\"https:\/\/secure.gravatar.com\/avatar\/d86c85c214091923000a199276e541a97ba20b5109e7b00260a23abc26f5b6c1?s=96&d=mm&r=g\",\"caption\":\"marketing\"},\"url\":\"https:\/\/www.regionsaris.sk\/hu\/author\/marketing\/\"}]}<\/script>\n<!-- \/ Yoast SEO Premium plugin. -->","yoast_head_json":{"title":"Pre\u0161ovsk\u00e9 fa\u0161iangy 2026 priniesli hudbu, masky aj trad\u00edcie - OOCR \u0160ari\u0161","description":"Pre\u0161ovsk\u00e9 tradi\u010dn\u00e9 fa\u0161iangy na n\u00e1mest\u00ed za spriedovu \u013eudovej hudby, pochodu masiek a sprievodn\u00e9ho programu.","robots":{"index":"index","follow":"follow","max-snippet":"max-snippet:-1","max-image-preview":"max-image-preview:large","max-video-preview":"max-video-preview:-1"},"canonical":"https:\/\/www.regionsaris.sk\/hu\/presovske-fasiangy-2026-priniesli-hudbu-masky-aj-tradicie\/","og_locale":"hu_HU","og_type":"article","og_title":"Pre\u0161ovsk\u00e9 fa\u0161iangy 2026 priniesli hudbu, masky aj trad\u00edcie","og_description":"Pre\u0161ovsk\u00e9 tradi\u010dn\u00e9 fa\u0161iangy na n\u00e1mest\u00ed za spriedovu \u013eudovej hudby, pochodu masiek a sprievodn\u00e9ho programu.","og_url":"https:\/\/www.regionsaris.sk\/hu\/presovske-fasiangy-2026-priniesli-hudbu-masky-aj-tradicie\/","og_site_name":"OOCR \u0160ari\u0161","article_published_time":"2026-02-17T12:11:52+00:00","article_modified_time":"2026-02-24T13:21:39+00:00","og_image":[{"width":2048,"height":1365,"url":"https:\/\/www.regionsaris.sk\/wp-content\/uploads\/2026\/02\/fasiangove-slavnosti-clanok4-oocrrs.jpg","type":"image\/jpeg"}],"author":"marketing","twitter_card":"summary_large_image","twitter_misc":{"Szerz\u0151:":"marketing","Becs\u00fclt olvas\u00e1si id\u0151":"2 perc"},"schema":{"@context":"https:\/\/schema.org","@graph":[{"@type":"Article","@id":"https:\/\/www.regionsaris.sk\/presovske-fasiangy-2026-priniesli-hudbu-masky-aj-tradicie\/#article","isPartOf":{"@id":"https:\/\/www.regionsaris.sk\/presovske-fasiangy-2026-priniesli-hudbu-masky-aj-tradicie\/"},"author":{"name":"marketing","@id":"https:\/\/www.regionsaris.sk\/#\/schema\/person\/ec8d3b7d0a3a7dad307f10116198d0b5"},"headline":"Pre\u0161ovsk\u00e9 fa\u0161iangy 2026 priniesli hudbu, masky aj trad\u00edcie","datePublished":"2026-02-17T12:11:52+00:00","dateModified":"2026-02-24T13:21:39+00:00","mainEntityOfPage":{"@id":"https:\/\/www.regionsaris.sk\/presovske-fasiangy-2026-priniesli-hudbu-masky-aj-tradicie\/"},"wordCount":271,"image":{"@id":"https:\/\/www.regionsaris.sk\/presovske-fasiangy-2026-priniesli-hudbu-masky-aj-tradicie\/#primaryimage"},"thumbnailUrl":"https:\/\/www.regionsaris.sk\/wp-content\/uploads\/2026\/02\/fasiangove-slavnosti-clanok4-oocrrs.jpg","articleSection":["Novinky"],"inLanguage":"hu"},{"@type":"WebPage","@id":"https:\/\/www.regionsaris.sk\/presovske-fasiangy-2026-priniesli-hudbu-masky-aj-tradicie\/","url":"https:\/\/www.regionsaris.sk\/presovske-fasiangy-2026-priniesli-hudbu-masky-aj-tradicie\/","name":"Pre\u0161ovsk\u00e9 fa\u0161iangy 2026 priniesli hudbu, masky aj trad\u00edcie - OOCR \u0160ari\u0161","isPartOf":{"@id":"https:\/\/www.regionsaris.sk\/#website"},"primaryImageOfPage":{"@id":"https:\/\/www.regionsaris.sk\/presovske-fasiangy-2026-priniesli-hudbu-masky-aj-tradicie\/#primaryimage"},"image":{"@id":"https:\/\/www.regionsaris.sk\/presovske-fasiangy-2026-priniesli-hudbu-masky-aj-tradicie\/#primaryimage"},"thumbnailUrl":"https:\/\/www.regionsaris.sk\/wp-content\/uploads\/2026\/02\/fasiangove-slavnosti-clanok4-oocrrs.jpg","datePublished":"2026-02-17T12:11:52+00:00","dateModified":"2026-02-24T13:21:39+00:00","author":{"@id":"https:\/\/www.regionsaris.sk\/#\/schema\/person\/ec8d3b7d0a3a7dad307f10116198d0b5"},"description":"Pre\u0161ovsk\u00e9 tradi\u010dn\u00e9 fa\u0161iangy na n\u00e1mest\u00ed za spriedovu \u013eudovej hudby, pochodu masiek a sprievodn\u00e9ho programu.","breadcrumb":{"@id":"https:\/\/www.regionsaris.sk\/presovske-fasiangy-2026-priniesli-hudbu-masky-aj-tradicie\/#breadcrumb"},"inLanguage":"hu","potentialAction":[{"@type":"ReadAction","target":["https:\/\/www.regionsaris.sk\/presovske-fasiangy-2026-priniesli-hudbu-masky-aj-tradicie\/"]}]},{"@type":"ImageObject","inLanguage":"hu","@id":"https:\/\/www.regionsaris.sk\/presovske-fasiangy-2026-priniesli-hudbu-masky-aj-tradicie\/#primaryimage","url":"https:\/\/www.regionsaris.sk\/wp-content\/uploads\/2026\/02\/fasiangove-slavnosti-clanok4-oocrrs.jpg","contentUrl":"https:\/\/www.regionsaris.sk\/wp-content\/uploads\/2026\/02\/fasiangove-slavnosti-clanok4-oocrrs.jpg","width":2048,"height":1365},{"@type":"BreadcrumbList","@id":"https:\/\/www.regionsaris.sk\/presovske-fasiangy-2026-priniesli-hudbu-masky-aj-tradicie\/#breadcrumb","itemListElement":[{"@type":"ListItem","position":1,"name":"Domov","item":"https:\/\/www.regionsaris.sk\/"},{"@type":"ListItem","position":2,"name":"Pre\u0161ovsk\u00e9 fa\u0161iangy 2026 priniesli hudbu, masky aj trad\u00edcie"}]},{"@type":"WebSite","@id":"https:\/\/www.regionsaris.sk\/#website","url":"https:\/\/www.regionsaris.sk\/","name":"OOCR \u0160ari\u0161","description":"","potentialAction":[{"@type":"SearchAction","target":{"@type":"EntryPoint","urlTemplate":"https:\/\/www.regionsaris.sk\/?s={search_term_string}"},"query-input":{"@type":"PropertyValueSpecification","valueRequired":true,"valueName":"search_term_string"}}],"inLanguage":"hu"},{"@type":"Person","@id":"https:\/\/www.regionsaris.sk\/#\/schema\/person\/ec8d3b7d0a3a7dad307f10116198d0b5","name":"marketing","image":{"@type":"ImageObject","inLanguage":"hu","@id":"https:\/\/www.regionsaris.sk\/#\/schema\/person\/image\/","url":"https:\/\/secure.gravatar.com\/avatar\/d86c85c214091923000a199276e541a97ba20b5109e7b00260a23abc26f5b6c1?s=96&d=mm&r=g","contentUrl":"https:\/\/secure.gravatar.com\/avatar\/d86c85c214091923000a199276e541a97ba20b5109e7b00260a23abc26f5b6c1?s=96&d=mm&r=g","caption":"marketing"},"url":"https:\/\/www.regionsaris.sk\/hu\/author\/marketing\/"}]}},"_links":{"self":[{"href":"https:\/\/www.regionsaris.sk\/hu\/wp-json\/wp\/v2\/posts\/3677","targetHints":{"allow":["GET"]}}],"collection":[{"href":"https:\/\/www.regionsaris.sk\/hu\/wp-json\/wp\/v2\/posts"}],"about":[{"href":"https:\/\/www.regionsaris.sk\/hu\/wp-json\/wp\/v2\/types\/post"}],"author":[{"embeddable":true,"href":"https:\/\/www.regionsaris.sk\/hu\/wp-json\/wp\/v2\/users\/3"}],"replies":[{"embeddable":true,"href":"https:\/\/www.regionsaris.sk\/hu\/wp-json\/wp\/v2\/comments?post=3677"}],"version-history":[{"count":4,"href":"https:\/\/www.regionsaris.sk\/hu\/wp-json\/wp\/v2\/posts\/3677\/revisions"}],"predecessor-version":[{"id":3855,"href":"https:\/\/www.regionsaris.sk\/hu\/wp-json\/wp\/v2\/posts\/3677\/revisions\/3855"}],"wp:featuredmedia":[{"embeddable":true,"href":"https:\/\/www.regionsaris.sk\/hu\/wp-json\/wp\/v2\/media\/3682"}],"wp:attachment":[{"href":"https:\/\/www.regionsaris.sk\/hu\/wp-json\/wp\/v2\/media?parent=3677"}],"wp:term":[{"taxonomy":"category","embeddable":true,"href":"https:\/\/www.regionsaris.sk\/hu\/wp-json\/wp\/v2\/categories?post=3677"},{"taxonomy":"post_tag","embeddable":true,"href":"https:\/\/www.regionsaris.sk\/hu\/wp-json\/wp\/v2\/tags?post=3677"}],"curies":[{"name":"wp","href":"https:\/\/api.w.org\/{rel}","templated":true}]}}