{"id":3636,"date":"2026-02-22T09:15:41","date_gmt":"2026-02-22T08:15:41","guid":{"rendered":"https:\/\/www.regionsaris.sk\/?p=3636"},"modified":"2026-02-24T14:21:02","modified_gmt":"2026-02-24T13:21:02","slug":"presovska-hudobna-jar-2026-alebo-ked-sa-mesto-rozoznie-tonmi-jari-uz-po-65-krat","status":"publish","type":"post","link":"https:\/\/www.regionsaris.sk\/hu\/presovska-hudobna-jar-2026-alebo-ked-sa-mesto-rozoznie-tonmi-jari-uz-po-65-krat\/","title":{"rendered":"Pre\u0161ov Musical Tavasz 2026, avagy amikor a v\u00e1ros 65. alkalommal csend\u00fcl fel a tavasz hangjaival"},"content":{"rendered":"<p>Tavasz a v\u00e1rosban&nbsp;<a href=\"https:\/\/www.presov.sk\">Pre\u0161ov<\/a>&nbsp;\u00f6sszet\u00e9veszthetetlen form\u00e1ja van. Az els\u0151 naps\u00fct\u00e9ses napok \u00e9s a vir\u00e1gz\u00f3 f\u00e1k mellett zen\u00e9t is hoz, amely \u00e9rzelmekkel \u00e9s kiv\u00e9teles hangulattal t\u00f6lti meg a t\u00f6rt\u00e9nelmi tereket.<br><strong>Pre\u0161ov Zenei tavasz<\/strong>&nbsp;Szlov\u00e1kia egyik legr\u00e9gebbi \u00e9s legjelent\u0151sebb zenei fesztiv\u00e1lja, amely 2026-ban a 65. fejezet\u00e9t \u00edrja.<\/p>\n\n\n<div class=\"wp-block-image\">\n<figure class=\"aligncenter size-large is-resized\"><img loading=\"lazy\" decoding=\"async\" width=\"819\" height=\"1024\" src=\"https:\/\/www.regionsaris.sk\/wp-content\/uploads\/2026\/02\/presovska-hudobna-jar-819x1024.jpg\" alt=\"\" class=\"wp-image-3624\" style=\"width:653px;height:auto\" srcset=\"https:\/\/www.regionsaris.sk\/wp-content\/uploads\/2026\/02\/presovska-hudobna-jar-819x1024.jpg 819w, https:\/\/www.regionsaris.sk\/wp-content\/uploads\/2026\/02\/presovska-hudobna-jar-240x300.jpg 240w, https:\/\/www.regionsaris.sk\/wp-content\/uploads\/2026\/02\/presovska-hudobna-jar-768x960.jpg 768w, https:\/\/www.regionsaris.sk\/wp-content\/uploads\/2026\/02\/presovska-hudobna-jar-10x12.jpg 10w, https:\/\/www.regionsaris.sk\/wp-content\/uploads\/2026\/02\/presovska-hudobna-jar.jpg 1080w\" sizes=\"auto, (max-width: 819px) 100vw, 819px\" \/><\/figure>\n<\/div>\n\n\n<p><\/p>\n\n\n\n<p>A fesztiv\u00e1lra m\u00e1rcius \u00e9s \u00e1prilis folyam\u00e1n ker\u00fcl sor a PKO \u010cierny orol koncertterm\u00e9ben, \u00e9s v\u00e1ltozatos programot k\u00edn\u00e1l. A klasszikus zen\u00e9t, a k\u00f3rus\u00e9nekl\u00e9st, a kamaraprojekteket \u00e9s a jazz \u00e1tfed\u00e9seit \u00f6tv\u00f6zi. Minden koncert egy-egy k\u00fcl\u00f6n\u00e1ll\u00f3 m\u0171v\u00e9szi t\u00f6rt\u00e9net, de egy\u00fctt a zenei hangulatok \u00f6sszef\u00fcgg\u0151 mozaikj\u00e1t alkotj\u00e1k - a meghitt kamarapillanatokt\u00f3l az er\u0151teljes zenekari cs\u00facspontokig.<\/p>\n\n\n\n<p>A fesztiv\u00e1l megnyit\u00f3 \u00fcnneps\u00e9g\u00e9n <strong>Zenei tisztelg\u00e9s Eva Zacharova el\u0151tt<\/strong>j, a szlov\u00e1k k\u00f3rusm\u0171v\u00e9szet kiemelked\u0151 szem\u00e9lyis\u00e9ge. Az \u00e9rzelmes est\u00e9n fell\u00e9p a Vocals n\u0151i k\u00f3rus \u00e9s a Nostro Canto vegyes k\u00f3rus, amelyek pedag\u00f3giai \u00e9s m\u0171v\u00e9szi \u00f6r\u00f6ks\u00e9ge el\u0151tt tisztelegnek.<\/p>\n\n\n\n<p>A program a k\u00f6vetkez\u0151 projekttel folytat\u00f3dik&nbsp;<strong>K\u00e9pek Szlov\u00e1ki\u00e1b\u00f3l<\/strong>, ahol a klasszikus zene tal\u00e1lkozik a n\u00e9pzenei inspir\u00e1ci\u00f3val. A k\u00f6z\u00f6ns\u00e9g a Spectrum Quartett, a Nogaband zenekar \u00e9s az Ulijanka \u00e9nekegy\u00fcttes egy\u00fctteseire sz\u00e1m\u00edthat, olyan zeneszerz\u0151k m\u0171veivel, mint Bart\u00f3k B\u00e9la, Leo\u0161 Jan\u00e1\u010dek \u00e9s Eugen Sucho\u0148.<\/p>\n\n\n\n<figure class=\"wp-block-gallery has-nested-images columns-default is-cropped wp-block-gallery-1 is-layout-flex wp-block-gallery-is-layout-flex\">\n<figure class=\"wp-block-image size-large\"><a href=\"https:\/\/podujatia.pkopresov.sk\/event-detail\/698860c9e13621800a450efa\/?lang=sk_SK\"><img loading=\"lazy\" decoding=\"async\" width=\"800\" height=\"800\" data-id=\"3626\" src=\"https:\/\/www.regionsaris.sk\/wp-content\/uploads\/2026\/02\/hudobna-pocta-eve-zachraovej-phj.webp\" alt=\"\" class=\"wp-image-3626\" srcset=\"https:\/\/www.regionsaris.sk\/wp-content\/uploads\/2026\/02\/hudobna-pocta-eve-zachraovej-phj.webp 800w, https:\/\/www.regionsaris.sk\/wp-content\/uploads\/2026\/02\/hudobna-pocta-eve-zachraovej-phj-300x300.webp 300w, https:\/\/www.regionsaris.sk\/wp-content\/uploads\/2026\/02\/hudobna-pocta-eve-zachraovej-phj-150x150.webp 150w, https:\/\/www.regionsaris.sk\/wp-content\/uploads\/2026\/02\/hudobna-pocta-eve-zachraovej-phj-768x768.webp 768w, https:\/\/www.regionsaris.sk\/wp-content\/uploads\/2026\/02\/hudobna-pocta-eve-zachraovej-phj-12x12.webp 12w\" sizes=\"auto, (max-width: 800px) 100vw, 800px\" \/><\/a><\/figure>\n\n\n\n<figure class=\"wp-block-image size-large\"><a href=\"https:\/\/podujatia.pkopresov.sk\/event-detail\/69886e90384301c060ae8cd2\/?lang=sk_SK\"><img loading=\"lazy\" decoding=\"async\" width=\"800\" height=\"800\" data-id=\"3628\" src=\"https:\/\/www.regionsaris.sk\/wp-content\/uploads\/2026\/02\/presovska-hudobna-jar-obrazky.webp\" alt=\"\" class=\"wp-image-3628\" srcset=\"https:\/\/www.regionsaris.sk\/wp-content\/uploads\/2026\/02\/presovska-hudobna-jar-obrazky.webp 800w, https:\/\/www.regionsaris.sk\/wp-content\/uploads\/2026\/02\/presovska-hudobna-jar-obrazky-300x300.webp 300w, https:\/\/www.regionsaris.sk\/wp-content\/uploads\/2026\/02\/presovska-hudobna-jar-obrazky-150x150.webp 150w, https:\/\/www.regionsaris.sk\/wp-content\/uploads\/2026\/02\/presovska-hudobna-jar-obrazky-768x768.webp 768w, https:\/\/www.regionsaris.sk\/wp-content\/uploads\/2026\/02\/presovska-hudobna-jar-obrazky-12x12.webp 12w\" sizes=\"auto, (max-width: 800px) 100vw, 800px\" \/><\/a><\/figure>\n<\/figure>\n\n\n\n<p><\/p>\n\n\n\n<p>A fesztiv\u00e1lon egy jazz estet is rendeznek a <strong>AMC Tri\u00f3<\/strong> \u00e9s a h\u00edres git\u00e1ros <strong>Ulf Wakenius<\/strong> - egy improviz\u00e1ci\u00f3val, virtuozit\u00e1ssal \u00e9s \u00e9rz\u00e9keny pillanatokkal teli zenei p\u00e1rbesz\u00e9d. A fesztiv\u00e1l kamarazenei vonal\u00e1t a zeneszerz\u0151 koncertje er\u0151s\u00edti. <strong>\u013dubica \u010cekovsk\u00e1 \u00e9s a Szlov\u00e1k Kvartett<\/strong>, amely a kort\u00e1rs m\u0171veket pontos \u00e9rtelmez\u00e9sben mutatja be.<\/p>\n\n\n\n<p>A z\u00e1r\u00f3koncert a <strong>Szlov\u00e1k Kamarazenekar<\/strong> Ewald Danel ir\u00e1ny\u00edt\u00e1s\u00e1val. Az interpret\u00e1ci\u00f3s magabiztoss\u00e1g \u00e9s a zenei energia eleg\u00e1ns kombin\u00e1ci\u00f3ja szimbolikusan z\u00e1rja a fesztiv\u00e1lt.<\/p>\n\n\n\n<figure class=\"wp-block-gallery has-nested-images columns-default is-cropped wp-block-gallery-2 is-layout-flex wp-block-gallery-is-layout-flex\">\n<figure class=\"wp-block-image size-large\"><a href=\"https:\/\/podujatia.pkopresov.sk\/event-detail\/69887028384301c060b1a8a1\/?lang=sk_SK\"><img loading=\"lazy\" decoding=\"async\" width=\"800\" height=\"800\" data-id=\"3631\" src=\"https:\/\/www.regionsaris.sk\/wp-content\/uploads\/2026\/02\/amc-trio-presovska-hudobna-jar.webp\" alt=\"\" class=\"wp-image-3631\" srcset=\"https:\/\/www.regionsaris.sk\/wp-content\/uploads\/2026\/02\/amc-trio-presovska-hudobna-jar.webp 800w, https:\/\/www.regionsaris.sk\/wp-content\/uploads\/2026\/02\/amc-trio-presovska-hudobna-jar-300x300.webp 300w, https:\/\/www.regionsaris.sk\/wp-content\/uploads\/2026\/02\/amc-trio-presovska-hudobna-jar-150x150.webp 150w, https:\/\/www.regionsaris.sk\/wp-content\/uploads\/2026\/02\/amc-trio-presovska-hudobna-jar-768x768.webp 768w, https:\/\/www.regionsaris.sk\/wp-content\/uploads\/2026\/02\/amc-trio-presovska-hudobna-jar-12x12.webp 12w\" sizes=\"auto, (max-width: 800px) 100vw, 800px\" \/><\/a><\/figure>\n\n\n\n<figure class=\"wp-block-image size-large\"><a href=\"https:\/\/podujatia.pkopresov.sk\/event-detail\/6985eeaa367e23d60e253f91\/?lang=sk_SK\"><img loading=\"lazy\" decoding=\"async\" width=\"800\" height=\"800\" data-id=\"3633\" src=\"https:\/\/www.regionsaris.sk\/wp-content\/uploads\/2026\/02\/lubica-cekovska-presovska-hudobna-jar.webp\" alt=\"\" class=\"wp-image-3633\" srcset=\"https:\/\/www.regionsaris.sk\/wp-content\/uploads\/2026\/02\/lubica-cekovska-presovska-hudobna-jar.webp 800w, https:\/\/www.regionsaris.sk\/wp-content\/uploads\/2026\/02\/lubica-cekovska-presovska-hudobna-jar-300x300.webp 300w, https:\/\/www.regionsaris.sk\/wp-content\/uploads\/2026\/02\/lubica-cekovska-presovska-hudobna-jar-150x150.webp 150w, https:\/\/www.regionsaris.sk\/wp-content\/uploads\/2026\/02\/lubica-cekovska-presovska-hudobna-jar-768x768.webp 768w, https:\/\/www.regionsaris.sk\/wp-content\/uploads\/2026\/02\/lubica-cekovska-presovska-hudobna-jar-12x12.webp 12w\" sizes=\"auto, (max-width: 800px) 100vw, 800px\" \/><\/a><\/figure>\n\n\n\n<figure class=\"wp-block-image size-large\"><a href=\"https:\/\/podujatia.pkopresov.sk\/event-detail\/698871b3384301c060b57229\/?lang=sk_SK\"><img loading=\"lazy\" decoding=\"async\" width=\"800\" height=\"800\" data-id=\"3635\" src=\"https:\/\/www.regionsaris.sk\/wp-content\/uploads\/2026\/02\/slovensky-komorny-orchester.webp\" alt=\"\" class=\"wp-image-3635\" srcset=\"https:\/\/www.regionsaris.sk\/wp-content\/uploads\/2026\/02\/slovensky-komorny-orchester.webp 800w, https:\/\/www.regionsaris.sk\/wp-content\/uploads\/2026\/02\/slovensky-komorny-orchester-300x300.webp 300w, https:\/\/www.regionsaris.sk\/wp-content\/uploads\/2026\/02\/slovensky-komorny-orchester-150x150.webp 150w, https:\/\/www.regionsaris.sk\/wp-content\/uploads\/2026\/02\/slovensky-komorny-orchester-768x768.webp 768w, https:\/\/www.regionsaris.sk\/wp-content\/uploads\/2026\/02\/slovensky-komorny-orchester-12x12.webp 12w\" sizes=\"auto, (max-width: 800px) 100vw, 800px\" \/><\/a><\/figure>\n<\/figure>\n\n\n\n<p><\/p>\n\n\n\n<p><strong>Pre\u0161ov Zenei tavasz<\/strong> t\u00f6bb mint koncertsorozat. Ez egy olyan hagyom\u00e1ny, amely \u00e9vtizedek \u00f3ta \u00e1polja a v\u00e1ros zenei k\u00f6rnyezet\u00e9t, \u00e9s magas sz\u00ednvonalon hozza \u00f6ssze a hallgat\u00f3kat a m\u0171v\u00e9szettel. Minden \u00e9v igazolja, hogy a zene k\u00e9pes egyes\u00edteni a gener\u00e1ci\u00f3kat \u00e9s olyan pillanatokat teremteni, amelyeket soha nem felejt\u00fcnk el.<\/p>\n\n\n\n<p><em>J\u00f6jj\u00f6n el, \u00e9s hallgassa meg a hangokat, amelyek minden tavasszal k\u00fcl\u00f6nleges hangulattal t\u00f6ltik meg Pre\u0161ovot, \u00e9s legyen r\u00e9szese egy olyan hagyom\u00e1nynak, amely a zen\u00e9t, az \u00e9rzelmeket \u00e9s a k\u00f6z\u00f6s \u00e9lm\u00e9nyt \u00f6tv\u00f6zi.<\/em><\/p>\n\n\n\n<p>A program \u00e9s az el\u0151v\u00e9teles jegyek a k\u00f6vetkez\u0151 c\u00edmen \u00e9rhet\u0151k el <a href=\"https:\/\/www.pkopresov.sk\">PKO Pre\u0161ov<\/a>.<\/p>\n\n\n\n<p>Forr\u00e1s: Region\u00e1lis Turisztikai Szervezet Regi\u00f3n \u0160ari\u0161<br>Fot\u00f3 forr\u00e1sa: PKO Pre\u0161ov, Region\u00e1lis Turisztikai Szervezet Regi\u00f3n \u0160ari\u0161<\/p>","protected":false},"excerpt":{"rendered":"<p>Jar v meste&nbsp;Pre\u0161ov&nbsp;m\u00e1 svoju nezamenite\u013en\u00fa podobu. Okrem prv\u00fdch slne\u010dn\u00fdch dn\u00ed a rozkvitnut\u00fdch stromov prin\u00e1\u0161a aj...<\/p>","protected":false},"author":3,"featured_media":3637,"comment_status":"closed","ping_status":"closed","sticky":false,"template":"","format":"standard","meta":{"_acf_changed":false,"footnotes":""},"categories":[1],"tags":[],"class_list":["post-3636","post","type-post","status-publish","format-standard","has-post-thumbnail","hentry","category-novinky"],"acf":[],"yoast_head":"<!-- This site is optimized with the Yoast SEO Premium plugin v26.3 (Yoast SEO v26.8) - https:\/\/yoast.com\/product\/yoast-seo-premium-wordpress\/ -->\n<title>Pre\u0161ovsk\u00e1 hudobn\u00e1 jar 2026 alebo ke\u010f sa mesto rozoznie t\u00f3nmi jari u\u017e po 65. kr\u00e1t - OOCR \u0160ari\u0161<\/title>\n<meta name=\"description\" content=\"Tradi\u010dn\u00fd festival: Pre\u0161ovsk\u00e1 hudobn\u00e1 jar op\u00e4\u0165 zav\u00edta do Pre\u0161ova. Te\u0161i\u0165 sa m\u00f4\u017eeme na bohat\u00fd program, ktor\u00fd bude trva\u0165 od marca a\u017e do apr\u00edla.\" \/>\n<meta name=\"robots\" content=\"index, follow, max-snippet:-1, max-image-preview:large, max-video-preview:-1\" \/>\n<link rel=\"canonical\" href=\"https:\/\/www.regionsaris.sk\/hu\/presovska-hudobna-jar-2026-alebo-ked-sa-mesto-rozoznie-tonmi-jari-uz-po-65-krat\/\" \/>\n<meta property=\"og:locale\" content=\"hu_HU\" \/>\n<meta property=\"og:type\" content=\"article\" \/>\n<meta property=\"og:title\" content=\"Pre\u0161ovsk\u00e1 hudobn\u00e1 jar 2026 alebo ke\u010f sa mesto rozoznie t\u00f3nmi jari u\u017e po 65. kr\u00e1t\" \/>\n<meta property=\"og:description\" content=\"Tradi\u010dn\u00fd festival: Pre\u0161ovsk\u00e1 hudobn\u00e1 jar op\u00e4\u0165 zav\u00edta do Pre\u0161ova. Te\u0161i\u0165 sa m\u00f4\u017eeme na bohat\u00fd program, ktor\u00fd bude trva\u0165 od marca a\u017e do apr\u00edla.\" \/>\n<meta property=\"og:url\" content=\"https:\/\/www.regionsaris.sk\/hu\/presovska-hudobna-jar-2026-alebo-ked-sa-mesto-rozoznie-tonmi-jari-uz-po-65-krat\/\" \/>\n<meta property=\"og:site_name\" content=\"OOCR \u0160ari\u0161\" \/>\n<meta property=\"article:published_time\" content=\"2026-02-22T08:15:41+00:00\" \/>\n<meta property=\"article:modified_time\" content=\"2026-02-24T13:21:02+00:00\" \/>\n<meta property=\"og:image\" content=\"https:\/\/www.regionsaris.sk\/wp-content\/uploads\/2026\/02\/presov-jar-oocrrs-scaled.jpg\" \/>\n\t<meta property=\"og:image:width\" content=\"2560\" \/>\n\t<meta property=\"og:image:height\" content=\"1707\" \/>\n\t<meta property=\"og:image:type\" content=\"image\/jpeg\" \/>\n<meta name=\"author\" content=\"marketing\" \/>\n<meta name=\"twitter:card\" content=\"summary_large_image\" \/>\n<meta name=\"twitter:label1\" content=\"Szerz\u0151:\" \/>\n\t<meta name=\"twitter:data1\" content=\"marketing\" \/>\n\t<meta name=\"twitter:label2\" content=\"Becs\u00fclt olvas\u00e1si id\u0151\" \/>\n\t<meta name=\"twitter:data2\" content=\"4 perc\" \/>\n<script type=\"application\/ld+json\" class=\"yoast-schema-graph\">{\"@context\":\"https:\/\/schema.org\",\"@graph\":[{\"@type\":\"Article\",\"@id\":\"https:\/\/www.regionsaris.sk\/presovska-hudobna-jar-2026-alebo-ked-sa-mesto-rozoznie-tonmi-jari-uz-po-65-krat\/#article\",\"isPartOf\":{\"@id\":\"https:\/\/www.regionsaris.sk\/presovska-hudobna-jar-2026-alebo-ked-sa-mesto-rozoznie-tonmi-jari-uz-po-65-krat\/\"},\"author\":{\"name\":\"marketing\",\"@id\":\"https:\/\/www.regionsaris.sk\/#\/schema\/person\/ec8d3b7d0a3a7dad307f10116198d0b5\"},\"headline\":\"Pre\u0161ovsk\u00e1 hudobn\u00e1 jar 2026 alebo ke\u010f sa mesto rozoznie t\u00f3nmi jari u\u017e po 65. kr\u00e1t\",\"datePublished\":\"2026-02-22T08:15:41+00:00\",\"dateModified\":\"2026-02-24T13:21:02+00:00\",\"mainEntityOfPage\":{\"@id\":\"https:\/\/www.regionsaris.sk\/presovska-hudobna-jar-2026-alebo-ked-sa-mesto-rozoznie-tonmi-jari-uz-po-65-krat\/\"},\"wordCount\":463,\"image\":{\"@id\":\"https:\/\/www.regionsaris.sk\/presovska-hudobna-jar-2026-alebo-ked-sa-mesto-rozoznie-tonmi-jari-uz-po-65-krat\/#primaryimage\"},\"thumbnailUrl\":\"https:\/\/www.regionsaris.sk\/wp-content\/uploads\/2026\/02\/presov-jar-oocrrs-scaled.jpg\",\"articleSection\":[\"Novinky\"],\"inLanguage\":\"hu\"},{\"@type\":\"WebPage\",\"@id\":\"https:\/\/www.regionsaris.sk\/presovska-hudobna-jar-2026-alebo-ked-sa-mesto-rozoznie-tonmi-jari-uz-po-65-krat\/\",\"url\":\"https:\/\/www.regionsaris.sk\/presovska-hudobna-jar-2026-alebo-ked-sa-mesto-rozoznie-tonmi-jari-uz-po-65-krat\/\",\"name\":\"Pre\u0161ovsk\u00e1 hudobn\u00e1 jar 2026 alebo ke\u010f sa mesto rozoznie t\u00f3nmi jari u\u017e po 65. kr\u00e1t - OOCR \u0160ari\u0161\",\"isPartOf\":{\"@id\":\"https:\/\/www.regionsaris.sk\/#website\"},\"primaryImageOfPage\":{\"@id\":\"https:\/\/www.regionsaris.sk\/presovska-hudobna-jar-2026-alebo-ked-sa-mesto-rozoznie-tonmi-jari-uz-po-65-krat\/#primaryimage\"},\"image\":{\"@id\":\"https:\/\/www.regionsaris.sk\/presovska-hudobna-jar-2026-alebo-ked-sa-mesto-rozoznie-tonmi-jari-uz-po-65-krat\/#primaryimage\"},\"thumbnailUrl\":\"https:\/\/www.regionsaris.sk\/wp-content\/uploads\/2026\/02\/presov-jar-oocrrs-scaled.jpg\",\"datePublished\":\"2026-02-22T08:15:41+00:00\",\"dateModified\":\"2026-02-24T13:21:02+00:00\",\"author\":{\"@id\":\"https:\/\/www.regionsaris.sk\/#\/schema\/person\/ec8d3b7d0a3a7dad307f10116198d0b5\"},\"description\":\"Tradi\u010dn\u00fd festival: Pre\u0161ovsk\u00e1 hudobn\u00e1 jar op\u00e4\u0165 zav\u00edta do Pre\u0161ova. Te\u0161i\u0165 sa m\u00f4\u017eeme na bohat\u00fd program, ktor\u00fd bude trva\u0165 od marca a\u017e do apr\u00edla.\",\"breadcrumb\":{\"@id\":\"https:\/\/www.regionsaris.sk\/presovska-hudobna-jar-2026-alebo-ked-sa-mesto-rozoznie-tonmi-jari-uz-po-65-krat\/#breadcrumb\"},\"inLanguage\":\"hu\",\"potentialAction\":[{\"@type\":\"ReadAction\",\"target\":[\"https:\/\/www.regionsaris.sk\/presovska-hudobna-jar-2026-alebo-ked-sa-mesto-rozoznie-tonmi-jari-uz-po-65-krat\/\"]}]},{\"@type\":\"ImageObject\",\"inLanguage\":\"hu\",\"@id\":\"https:\/\/www.regionsaris.sk\/presovska-hudobna-jar-2026-alebo-ked-sa-mesto-rozoznie-tonmi-jari-uz-po-65-krat\/#primaryimage\",\"url\":\"https:\/\/www.regionsaris.sk\/wp-content\/uploads\/2026\/02\/presov-jar-oocrrs-scaled.jpg\",\"contentUrl\":\"https:\/\/www.regionsaris.sk\/wp-content\/uploads\/2026\/02\/presov-jar-oocrrs-scaled.jpg\",\"width\":2560,\"height\":1707},{\"@type\":\"BreadcrumbList\",\"@id\":\"https:\/\/www.regionsaris.sk\/presovska-hudobna-jar-2026-alebo-ked-sa-mesto-rozoznie-tonmi-jari-uz-po-65-krat\/#breadcrumb\",\"itemListElement\":[{\"@type\":\"ListItem\",\"position\":1,\"name\":\"Domov\",\"item\":\"https:\/\/www.regionsaris.sk\/\"},{\"@type\":\"ListItem\",\"position\":2,\"name\":\"Pre\u0161ovsk\u00e1 hudobn\u00e1 jar 2026 alebo ke\u010f sa mesto rozoznie t\u00f3nmi jari u\u017e po 65. kr\u00e1t\"}]},{\"@type\":\"WebSite\",\"@id\":\"https:\/\/www.regionsaris.sk\/#website\",\"url\":\"https:\/\/www.regionsaris.sk\/\",\"name\":\"OOCR \u0160ari\u0161\",\"description\":\"\",\"potentialAction\":[{\"@type\":\"SearchAction\",\"target\":{\"@type\":\"EntryPoint\",\"urlTemplate\":\"https:\/\/www.regionsaris.sk\/?s={search_term_string}\"},\"query-input\":{\"@type\":\"PropertyValueSpecification\",\"valueRequired\":true,\"valueName\":\"search_term_string\"}}],\"inLanguage\":\"hu\"},{\"@type\":\"Person\",\"@id\":\"https:\/\/www.regionsaris.sk\/#\/schema\/person\/ec8d3b7d0a3a7dad307f10116198d0b5\",\"name\":\"marketing\",\"image\":{\"@type\":\"ImageObject\",\"inLanguage\":\"hu\",\"@id\":\"https:\/\/www.regionsaris.sk\/#\/schema\/person\/image\/\",\"url\":\"https:\/\/secure.gravatar.com\/avatar\/d86c85c214091923000a199276e541a97ba20b5109e7b00260a23abc26f5b6c1?s=96&d=mm&r=g\",\"contentUrl\":\"https:\/\/secure.gravatar.com\/avatar\/d86c85c214091923000a199276e541a97ba20b5109e7b00260a23abc26f5b6c1?s=96&d=mm&r=g\",\"caption\":\"marketing\"},\"url\":\"https:\/\/www.regionsaris.sk\/hu\/author\/marketing\/\"}]}<\/script>\n<!-- \/ Yoast SEO Premium plugin. -->","yoast_head_json":{"title":"Pre\u0161ovsk\u00e1 hudobn\u00e1 jar 2026 alebo ke\u010f sa mesto rozoznie t\u00f3nmi jari u\u017e po 65. kr\u00e1t - OOCR \u0160ari\u0161","description":"Tradi\u010dn\u00fd festival: Pre\u0161ovsk\u00e1 hudobn\u00e1 jar op\u00e4\u0165 zav\u00edta do Pre\u0161ova. Te\u0161i\u0165 sa m\u00f4\u017eeme na bohat\u00fd program, ktor\u00fd bude trva\u0165 od marca a\u017e do apr\u00edla.","robots":{"index":"index","follow":"follow","max-snippet":"max-snippet:-1","max-image-preview":"max-image-preview:large","max-video-preview":"max-video-preview:-1"},"canonical":"https:\/\/www.regionsaris.sk\/hu\/presovska-hudobna-jar-2026-alebo-ked-sa-mesto-rozoznie-tonmi-jari-uz-po-65-krat\/","og_locale":"hu_HU","og_type":"article","og_title":"Pre\u0161ovsk\u00e1 hudobn\u00e1 jar 2026 alebo ke\u010f sa mesto rozoznie t\u00f3nmi jari u\u017e po 65. kr\u00e1t","og_description":"Tradi\u010dn\u00fd festival: Pre\u0161ovsk\u00e1 hudobn\u00e1 jar op\u00e4\u0165 zav\u00edta do Pre\u0161ova. Te\u0161i\u0165 sa m\u00f4\u017eeme na bohat\u00fd program, ktor\u00fd bude trva\u0165 od marca a\u017e do apr\u00edla.","og_url":"https:\/\/www.regionsaris.sk\/hu\/presovska-hudobna-jar-2026-alebo-ked-sa-mesto-rozoznie-tonmi-jari-uz-po-65-krat\/","og_site_name":"OOCR \u0160ari\u0161","article_published_time":"2026-02-22T08:15:41+00:00","article_modified_time":"2026-02-24T13:21:02+00:00","og_image":[{"width":2560,"height":1707,"url":"https:\/\/www.regionsaris.sk\/wp-content\/uploads\/2026\/02\/presov-jar-oocrrs-scaled.jpg","type":"image\/jpeg"}],"author":"marketing","twitter_card":"summary_large_image","twitter_misc":{"Szerz\u0151:":"marketing","Becs\u00fclt olvas\u00e1si id\u0151":"4 perc"},"schema":{"@context":"https:\/\/schema.org","@graph":[{"@type":"Article","@id":"https:\/\/www.regionsaris.sk\/presovska-hudobna-jar-2026-alebo-ked-sa-mesto-rozoznie-tonmi-jari-uz-po-65-krat\/#article","isPartOf":{"@id":"https:\/\/www.regionsaris.sk\/presovska-hudobna-jar-2026-alebo-ked-sa-mesto-rozoznie-tonmi-jari-uz-po-65-krat\/"},"author":{"name":"marketing","@id":"https:\/\/www.regionsaris.sk\/#\/schema\/person\/ec8d3b7d0a3a7dad307f10116198d0b5"},"headline":"Pre\u0161ovsk\u00e1 hudobn\u00e1 jar 2026 alebo ke\u010f sa mesto rozoznie t\u00f3nmi jari u\u017e po 65. kr\u00e1t","datePublished":"2026-02-22T08:15:41+00:00","dateModified":"2026-02-24T13:21:02+00:00","mainEntityOfPage":{"@id":"https:\/\/www.regionsaris.sk\/presovska-hudobna-jar-2026-alebo-ked-sa-mesto-rozoznie-tonmi-jari-uz-po-65-krat\/"},"wordCount":463,"image":{"@id":"https:\/\/www.regionsaris.sk\/presovska-hudobna-jar-2026-alebo-ked-sa-mesto-rozoznie-tonmi-jari-uz-po-65-krat\/#primaryimage"},"thumbnailUrl":"https:\/\/www.regionsaris.sk\/wp-content\/uploads\/2026\/02\/presov-jar-oocrrs-scaled.jpg","articleSection":["Novinky"],"inLanguage":"hu"},{"@type":"WebPage","@id":"https:\/\/www.regionsaris.sk\/presovska-hudobna-jar-2026-alebo-ked-sa-mesto-rozoznie-tonmi-jari-uz-po-65-krat\/","url":"https:\/\/www.regionsaris.sk\/presovska-hudobna-jar-2026-alebo-ked-sa-mesto-rozoznie-tonmi-jari-uz-po-65-krat\/","name":"Pre\u0161ovsk\u00e1 hudobn\u00e1 jar 2026 alebo ke\u010f sa mesto rozoznie t\u00f3nmi jari u\u017e po 65. kr\u00e1t - OOCR \u0160ari\u0161","isPartOf":{"@id":"https:\/\/www.regionsaris.sk\/#website"},"primaryImageOfPage":{"@id":"https:\/\/www.regionsaris.sk\/presovska-hudobna-jar-2026-alebo-ked-sa-mesto-rozoznie-tonmi-jari-uz-po-65-krat\/#primaryimage"},"image":{"@id":"https:\/\/www.regionsaris.sk\/presovska-hudobna-jar-2026-alebo-ked-sa-mesto-rozoznie-tonmi-jari-uz-po-65-krat\/#primaryimage"},"thumbnailUrl":"https:\/\/www.regionsaris.sk\/wp-content\/uploads\/2026\/02\/presov-jar-oocrrs-scaled.jpg","datePublished":"2026-02-22T08:15:41+00:00","dateModified":"2026-02-24T13:21:02+00:00","author":{"@id":"https:\/\/www.regionsaris.sk\/#\/schema\/person\/ec8d3b7d0a3a7dad307f10116198d0b5"},"description":"Tradi\u010dn\u00fd festival: Pre\u0161ovsk\u00e1 hudobn\u00e1 jar op\u00e4\u0165 zav\u00edta do Pre\u0161ova. Te\u0161i\u0165 sa m\u00f4\u017eeme na bohat\u00fd program, ktor\u00fd bude trva\u0165 od marca a\u017e do apr\u00edla.","breadcrumb":{"@id":"https:\/\/www.regionsaris.sk\/presovska-hudobna-jar-2026-alebo-ked-sa-mesto-rozoznie-tonmi-jari-uz-po-65-krat\/#breadcrumb"},"inLanguage":"hu","potentialAction":[{"@type":"ReadAction","target":["https:\/\/www.regionsaris.sk\/presovska-hudobna-jar-2026-alebo-ked-sa-mesto-rozoznie-tonmi-jari-uz-po-65-krat\/"]}]},{"@type":"ImageObject","inLanguage":"hu","@id":"https:\/\/www.regionsaris.sk\/presovska-hudobna-jar-2026-alebo-ked-sa-mesto-rozoznie-tonmi-jari-uz-po-65-krat\/#primaryimage","url":"https:\/\/www.regionsaris.sk\/wp-content\/uploads\/2026\/02\/presov-jar-oocrrs-scaled.jpg","contentUrl":"https:\/\/www.regionsaris.sk\/wp-content\/uploads\/2026\/02\/presov-jar-oocrrs-scaled.jpg","width":2560,"height":1707},{"@type":"BreadcrumbList","@id":"https:\/\/www.regionsaris.sk\/presovska-hudobna-jar-2026-alebo-ked-sa-mesto-rozoznie-tonmi-jari-uz-po-65-krat\/#breadcrumb","itemListElement":[{"@type":"ListItem","position":1,"name":"Domov","item":"https:\/\/www.regionsaris.sk\/"},{"@type":"ListItem","position":2,"name":"Pre\u0161ovsk\u00e1 hudobn\u00e1 jar 2026 alebo ke\u010f sa mesto rozoznie t\u00f3nmi jari u\u017e po 65. kr\u00e1t"}]},{"@type":"WebSite","@id":"https:\/\/www.regionsaris.sk\/#website","url":"https:\/\/www.regionsaris.sk\/","name":"OOCR \u0160ari\u0161","description":"","potentialAction":[{"@type":"SearchAction","target":{"@type":"EntryPoint","urlTemplate":"https:\/\/www.regionsaris.sk\/?s={search_term_string}"},"query-input":{"@type":"PropertyValueSpecification","valueRequired":true,"valueName":"search_term_string"}}],"inLanguage":"hu"},{"@type":"Person","@id":"https:\/\/www.regionsaris.sk\/#\/schema\/person\/ec8d3b7d0a3a7dad307f10116198d0b5","name":"marketing","image":{"@type":"ImageObject","inLanguage":"hu","@id":"https:\/\/www.regionsaris.sk\/#\/schema\/person\/image\/","url":"https:\/\/secure.gravatar.com\/avatar\/d86c85c214091923000a199276e541a97ba20b5109e7b00260a23abc26f5b6c1?s=96&d=mm&r=g","contentUrl":"https:\/\/secure.gravatar.com\/avatar\/d86c85c214091923000a199276e541a97ba20b5109e7b00260a23abc26f5b6c1?s=96&d=mm&r=g","caption":"marketing"},"url":"https:\/\/www.regionsaris.sk\/hu\/author\/marketing\/"}]}},"_links":{"self":[{"href":"https:\/\/www.regionsaris.sk\/hu\/wp-json\/wp\/v2\/posts\/3636","targetHints":{"allow":["GET"]}}],"collection":[{"href":"https:\/\/www.regionsaris.sk\/hu\/wp-json\/wp\/v2\/posts"}],"about":[{"href":"https:\/\/www.regionsaris.sk\/hu\/wp-json\/wp\/v2\/types\/post"}],"author":[{"embeddable":true,"href":"https:\/\/www.regionsaris.sk\/hu\/wp-json\/wp\/v2\/users\/3"}],"replies":[{"embeddable":true,"href":"https:\/\/www.regionsaris.sk\/hu\/wp-json\/wp\/v2\/comments?post=3636"}],"version-history":[{"count":5,"href":"https:\/\/www.regionsaris.sk\/hu\/wp-json\/wp\/v2\/posts\/3636\/revisions"}],"predecessor-version":[{"id":3853,"href":"https:\/\/www.regionsaris.sk\/hu\/wp-json\/wp\/v2\/posts\/3636\/revisions\/3853"}],"wp:featuredmedia":[{"embeddable":true,"href":"https:\/\/www.regionsaris.sk\/hu\/wp-json\/wp\/v2\/media\/3637"}],"wp:attachment":[{"href":"https:\/\/www.regionsaris.sk\/hu\/wp-json\/wp\/v2\/media?parent=3636"}],"wp:term":[{"taxonomy":"category","embeddable":true,"href":"https:\/\/www.regionsaris.sk\/hu\/wp-json\/wp\/v2\/categories?post=3636"},{"taxonomy":"post_tag","embeddable":true,"href":"https:\/\/www.regionsaris.sk\/hu\/wp-json\/wp\/v2\/tags?post=3636"}],"curies":[{"name":"wp","href":"https:\/\/api.w.org\/{rel}","templated":true}]}}