{"id":3603,"date":"2026-02-12T12:38:54","date_gmt":"2026-02-12T11:38:54","guid":{"rendered":"https:\/\/www.regionsaris.sk\/?p=3603"},"modified":"2026-04-09T12:54:50","modified_gmt":"2026-04-09T11:54:50","slug":"zamilovany-region-saris-kam-sa-vydat-na-valentinske-rande-alebo-vikendovy-vylet","status":"publish","type":"post","link":"https:\/\/www.regionsaris.sk\/hu\/zamilovany-region-saris-kam-sa-vydat-na-valentinske-rande-alebo-vikendovy-vylet\/","title":{"rendered":"Szerelmes a \u0160ari\u0161 r\u00e9gi\u00f3ba: Hov\u00e1 menj\u00fcnk Valentin-napi randira vagy h\u00e9tv\u00e9gi kir\u00e1ndul\u00e1sra?"},"content":{"rendered":"<p>A szerelemhez nem kellenek nagyv\u00e1rosok vagy dr\u00e1ga rep\u00fcl\u0151jegyek. El\u00e9g egy pillanat kettesben, egy gy\u00f6ny\u00f6r\u0171 kil\u00e1t\u00e1s, j\u00f3 \u00e9telek \u00e9s egy hely, amelynek lelke van. <a href=\"https:\/\/www.regionsaris.sk\/hu\/\">\u0160ari\u0161 r\u00e9gi\u00f3<\/a> minden \u00e9vszakban romantik\u00e1t k\u00edn\u00e1l - a t\u00f6rt\u00e9nelmi zugokt\u00f3l a kast\u00e9lypanor\u00e1m\u00e1kon \u00e1t az erdei \u00f6sv\u00e9nyekig, ahol csak a saj\u00e1t l\u00e9pteit hallja.<br>\u00d6sszegy\u0171jt\u00f6tt\u00fcnk n\u00e9h\u00e1ny tippet, hogy hov\u00e1 \u00e9rdemes menni egy Valentin-napi randira vagy egy h\u00e9tv\u00e9gi kiruccan\u00e1sra kettesben.<\/p>\n\n\n<div class=\"wp-block-image\">\n<figure class=\"aligncenter size-large\"><a href=\"https:\/\/www.poetikapresov.sk\"><img loading=\"lazy\" decoding=\"async\" width=\"1024\" height=\"682\" src=\"https:\/\/www.regionsaris.sk\/wp-content\/uploads\/2026\/02\/poetika-valentin-clanok-oocrrs-1024x682.jpeg\" alt=\"\" class=\"wp-image-3604\" srcset=\"https:\/\/www.regionsaris.sk\/wp-content\/uploads\/2026\/02\/poetika-valentin-clanok-oocrrs-1024x682.jpeg 1024w, https:\/\/www.regionsaris.sk\/wp-content\/uploads\/2026\/02\/poetika-valentin-clanok-oocrrs-300x200.jpeg 300w, https:\/\/www.regionsaris.sk\/wp-content\/uploads\/2026\/02\/poetika-valentin-clanok-oocrrs-768x511.jpeg 768w, https:\/\/www.regionsaris.sk\/wp-content\/uploads\/2026\/02\/poetika-valentin-clanok-oocrrs-1536x1022.jpeg 1536w, https:\/\/www.regionsaris.sk\/wp-content\/uploads\/2026\/02\/poetika-valentin-clanok-oocrrs-18x12.jpeg 18w, https:\/\/www.regionsaris.sk\/wp-content\/uploads\/2026\/02\/poetika-valentin-clanok-oocrrs.jpeg 2048w\" sizes=\"auto, (max-width: 1024px) 100vw, 1024px\" \/><\/a><\/figure>\n<\/div>\n\n\n<p><\/p>\n\n\n\n<h2 class=\"wp-block-heading\" id=\"h-romantika-s-vyhladom-hrady-a-panoramy\">Romantika kil\u00e1t\u00e1ssal: kast\u00e9lyok \u00e9s panor\u00e1m\u00e1k<\/h2>\n\n\n\n<p>\u0160ARI\u0160 V\u00c1R: Szlov\u00e1kia egyik legnagyobb v\u00e1ra eml\u00e9kezetes kil\u00e1t\u00e1st k\u00edn\u00e1l. A Presov feletti naplemente megtekint\u00e9se, a t\u00e9li t\u00e1j nyugalma vagy egy r\u00f6vid piknik egy termoszban - mindez t\u00f6k\u00e9letes h\u00e1tteret teremt a romantikus pillanatokhoz. A hely t\u00f6rt\u00e9nelmet \u00e9s legend\u00e1kat l\u00e9legzik, amelyek narrat\u00edv dimenzi\u00f3t adnak az utaz\u00e1snak. Ezenk\u00edv\u00fcl a Valentin-nap idej\u00e9n a \u0160ari\u0161-v\u00e1rban megrendez\u00e9sre ker\u00fcl a Szerelem V\u00e1rkertje rendezv\u00e9ny. J\u00f6jj\u00f6n el, \u00e9s z\u00e1rja be a mag\u00e1\u00e9t egy v\u00e1rcsig\u00e1val - mint egy \u00edg\u00e9ret, amely ki\u00e1llja az id\u0151 pr\u00f3b\u00e1j\u00e1t.<\/p>\n\n\n\n<p>KAPU\u0160IANSKY V\u00c1R: A csendesebb hangulatot keres\u0151 p\u00e1rok sz\u00e1m\u00e1ra a Kapu\u0161iansky-v\u00e1r ide\u00e1lis v\u00e1laszt\u00e1s. Egy k\u00e9nyelmes s\u00e9ta jutalma a Slansk\u00e9-hegys\u00e9gre \u00e9s a k\u00f6rnyez\u0151 vid\u00e9kre ny\u00edl\u00f3 gy\u00f6ny\u00f6r\u0171 kil\u00e1t\u00e1s. Ide\u00e1lis hely egy k\u00f6z\u00f6s fot\u00f3hoz vagy egy pillanatnyi csendhez, amelyet t\u00f6megek n\u00e9lk\u00fcl \u00e9lvezhetnek. Csak \u00d6n, a v\u00e1rfalak \u00e9s a kil\u00e1t\u00e1s a horizonton.<\/p>\n\n\n\n<figure class=\"wp-block-gallery has-nested-images columns-default is-cropped wp-block-gallery-1 is-layout-flex wp-block-gallery-is-layout-flex\">\n<figure class=\"wp-block-image size-large\"><img loading=\"lazy\" decoding=\"async\" width=\"1024\" height=\"681\" data-id=\"3605\" src=\"https:\/\/www.regionsaris.sk\/wp-content\/uploads\/2026\/02\/kapusiansky-hrad-clanok-oocrrs-1024x681.jpg\" alt=\"\" class=\"wp-image-3605\" srcset=\"https:\/\/www.regionsaris.sk\/wp-content\/uploads\/2026\/02\/kapusiansky-hrad-clanok-oocrrs-1024x681.jpg 1024w, https:\/\/www.regionsaris.sk\/wp-content\/uploads\/2026\/02\/kapusiansky-hrad-clanok-oocrrs-300x200.jpg 300w, https:\/\/www.regionsaris.sk\/wp-content\/uploads\/2026\/02\/kapusiansky-hrad-clanok-oocrrs-768x511.jpg 768w, https:\/\/www.regionsaris.sk\/wp-content\/uploads\/2026\/02\/kapusiansky-hrad-clanok-oocrrs-1536x1022.jpg 1536w, https:\/\/www.regionsaris.sk\/wp-content\/uploads\/2026\/02\/kapusiansky-hrad-clanok-oocrrs-18x12.jpg 18w, https:\/\/www.regionsaris.sk\/wp-content\/uploads\/2026\/02\/kapusiansky-hrad-clanok-oocrrs.jpg 2000w\" sizes=\"auto, (max-width: 1024px) 100vw, 1024px\" \/><\/figure>\n\n\n\n<figure class=\"wp-block-image size-large\"><img loading=\"lazy\" decoding=\"async\" width=\"1024\" height=\"681\" data-id=\"3606\" src=\"https:\/\/www.regionsaris.sk\/wp-content\/uploads\/2026\/02\/kapusiansky-hrad-clanok-oocrrs1-1024x681.jpg\" alt=\"\" class=\"wp-image-3606\" srcset=\"https:\/\/www.regionsaris.sk\/wp-content\/uploads\/2026\/02\/kapusiansky-hrad-clanok-oocrrs1-1024x681.jpg 1024w, https:\/\/www.regionsaris.sk\/wp-content\/uploads\/2026\/02\/kapusiansky-hrad-clanok-oocrrs1-300x200.jpg 300w, https:\/\/www.regionsaris.sk\/wp-content\/uploads\/2026\/02\/kapusiansky-hrad-clanok-oocrrs1-768x511.jpg 768w, https:\/\/www.regionsaris.sk\/wp-content\/uploads\/2026\/02\/kapusiansky-hrad-clanok-oocrrs1-1536x1022.jpg 1536w, https:\/\/www.regionsaris.sk\/wp-content\/uploads\/2026\/02\/kapusiansky-hrad-clanok-oocrrs1-2048x1363.jpg 2048w, https:\/\/www.regionsaris.sk\/wp-content\/uploads\/2026\/02\/kapusiansky-hrad-clanok-oocrrs1-18x12.jpg 18w, https:\/\/www.regionsaris.sk\/wp-content\/uploads\/2026\/02\/kapusiansky-hrad-clanok-oocrrs1-scaled.jpg 2560w\" sizes=\"auto, (max-width: 1024px) 100vw, 1024px\" \/><\/figure>\n<\/figure>\n\n\n\n<p><\/p>\n\n\n\n<h2 class=\"wp-block-heading\" id=\"h-mestska-romantika-prechadzky-a-kultura\">V\u00e1rosi romantika: s\u00e9t\u00e1k \u00e9s kult\u00fara<\/h2>\n\n\n\n<p>PRE\u0160OV: Ha v\u00e1rosi randira v\u00e1gyik, Pre\u0161ov t\u00f6rt\u00e9nelmi k\u00f6zpontja t\u00f6k\u00e9letes helysz\u00ednt k\u00edn\u00e1l. S\u00e9t\u00e1ljon v\u00e9gig a F\u0151 utc\u00e1n, \u00e1lljon meg egy k\u00e1v\u00e9ra egy hangulatos k\u00e1v\u00e9z\u00f3ban, vagy k\u00e9nyeztesse mag\u00e1t egy gyertyaf\u00e9nyes vacsor\u00e1val. Fokozza a hangulatot egy sz\u00ednh\u00e1zi el\u0151ad\u00e1s, koncert vagy gal\u00e9ria megl\u00e1togat\u00e1s\u00e1val.<\/p>\n\n\n\n<p>Sz\u00e1mos \u00e9tterem, v\u00e1llalkoz\u00e1s vagy kultur\u00e1lis int\u00e9zm\u00e9ny igaz\u00edtja programj\u00e1t a Valentin-naphoz. P\u00e9ld\u00e1ul Valentin-men\u00fcre sz\u00e1m\u00edthat a Poetica \u00e9tteremben, az \u00c9jszaka Buenos Airesben - szenved\u00e9lyes koncertprogramra az Evang\u00e9likus Koll\u00e9gium d\u00edszterm\u00e9ben vagy Valentin-zongor\u00e1ra a \u010cukol\u00e1d\u00e1ban. <\/p>\n\n\n\n<p>Egy utols\u00f3 farsangi \u00fcnneps\u00e9get terveznek erre a h\u00e9tv\u00e9g\u00e9re. Pre\u0161ovban \u00e9s Sabinovban is v\u00e1rj\u00e1k az \u00e9rdekl\u0151d\u0151ket.<\/p>\n\n\n<div class=\"wp-block-image\">\n<figure class=\"aligncenter size-large\"><img loading=\"lazy\" decoding=\"async\" width=\"1024\" height=\"472\" src=\"https:\/\/www.regionsaris.sk\/wp-content\/uploads\/2026\/02\/presov-clanok-oocrrs-1024x472.jpg\" alt=\"\" class=\"wp-image-3607\" srcset=\"https:\/\/www.regionsaris.sk\/wp-content\/uploads\/2026\/02\/presov-clanok-oocrrs-1024x472.jpg 1024w, https:\/\/www.regionsaris.sk\/wp-content\/uploads\/2026\/02\/presov-clanok-oocrrs-300x138.jpg 300w, https:\/\/www.regionsaris.sk\/wp-content\/uploads\/2026\/02\/presov-clanok-oocrrs-768x354.jpg 768w, https:\/\/www.regionsaris.sk\/wp-content\/uploads\/2026\/02\/presov-clanok-oocrrs-1536x708.jpg 1536w, https:\/\/www.regionsaris.sk\/wp-content\/uploads\/2026\/02\/presov-clanok-oocrrs-2048x945.jpg 2048w, https:\/\/www.regionsaris.sk\/wp-content\/uploads\/2026\/02\/presov-clanok-oocrrs-18x8.jpg 18w, https:\/\/www.regionsaris.sk\/wp-content\/uploads\/2026\/02\/presov-clanok-oocrrs.jpg 2500w\" sizes=\"auto, (max-width: 1024px) 100vw, 1024px\" \/><\/figure>\n<\/div>\n\n\n<p><\/p>\n\n\n\n<h2 class=\"wp-block-heading\" id=\"h-wellness-a-oddych-pre-dvoch\">Wellness \u00e9s kikapcsol\u00f3d\u00e1s k\u00e9t f\u0151 r\u00e9sz\u00e9re<\/h2>\n\n\n\n<p>Ha a Valentin-napot pihentet\u0151 m\u00f3don szeretn\u00e9 elt\u00f6lteni, a wellness-\u00fcd\u00fcl\u00e9s a tuti tipp. A meleg medenc\u00e9k, a szaun\u00e1k \u00e9s a wellnesspark nyugodt l\u00e9gk\u00f6re t\u00f6k\u00e9letes k\u00f6rnyezetet teremt a lelassul\u00e1shoz. A k\u00f6z\u00f6s pihen\u00e9s gyakran a legjobb aj\u00e1nd\u00e9k.<\/p>\n\n\n\n<p>A romantikus hangulatot a \u0160ari\u0161 r\u00e9gi\u00f3ban tal\u00e1lhat\u00f3 kisebb panzi\u00f3kban \u00e9s butiksz\u00e1ll\u00e1sokban is megtal\u00e1lhatja, ahol \u00e9lvezheti a mag\u00e1nyt \u00e9s a region\u00e1lis vend\u00e9gszeretetet. Aj\u00e1nljuk p\u00e9ld\u00e1ul a h\u00edres bardejovi gy\u00f3gyf\u00fcrd\u0151t, a drienicai uszod\u00e1t wellnesszel vagy a lipanyi term\u00e1lparkot.<\/p>\n\n\n\n<figure class=\"wp-block-gallery has-nested-images columns-default is-cropped wp-block-gallery-2 is-layout-flex wp-block-gallery-is-layout-flex\">\n<figure class=\"wp-block-image size-large\"><img loading=\"lazy\" decoding=\"async\" width=\"1024\" height=\"683\" data-id=\"3609\" src=\"https:\/\/www.regionsaris.sk\/wp-content\/uploads\/2026\/02\/bardejov-clanok-oocrrs1-1024x683.jpg\" alt=\"\" class=\"wp-image-3609\" srcset=\"https:\/\/www.regionsaris.sk\/wp-content\/uploads\/2026\/02\/bardejov-clanok-oocrrs1-1024x683.jpg 1024w, https:\/\/www.regionsaris.sk\/wp-content\/uploads\/2026\/02\/bardejov-clanok-oocrrs1-300x200.jpg 300w, https:\/\/www.regionsaris.sk\/wp-content\/uploads\/2026\/02\/bardejov-clanok-oocrrs1-768x512.jpg 768w, https:\/\/www.regionsaris.sk\/wp-content\/uploads\/2026\/02\/bardejov-clanok-oocrrs1-1536x1024.jpg 1536w, https:\/\/www.regionsaris.sk\/wp-content\/uploads\/2026\/02\/bardejov-clanok-oocrrs1-2048x1365.jpg 2048w, https:\/\/www.regionsaris.sk\/wp-content\/uploads\/2026\/02\/bardejov-clanok-oocrrs1-18x12.jpg 18w, https:\/\/www.regionsaris.sk\/wp-content\/uploads\/2026\/02\/bardejov-clanok-oocrrs1-scaled.jpg 2560w\" sizes=\"auto, (max-width: 1024px) 100vw, 1024px\" \/><\/figure>\n\n\n\n<figure class=\"wp-block-image size-large\"><img loading=\"lazy\" decoding=\"async\" width=\"1024\" height=\"683\" data-id=\"3608\" src=\"https:\/\/www.regionsaris.sk\/wp-content\/uploads\/2026\/02\/lipany-clanok-oocrrs-1024x683.jpg\" alt=\"\" class=\"wp-image-3608\" srcset=\"https:\/\/www.regionsaris.sk\/wp-content\/uploads\/2026\/02\/lipany-clanok-oocrrs-1024x683.jpg 1024w, https:\/\/www.regionsaris.sk\/wp-content\/uploads\/2026\/02\/lipany-clanok-oocrrs-300x200.jpg 300w, https:\/\/www.regionsaris.sk\/wp-content\/uploads\/2026\/02\/lipany-clanok-oocrrs-768x512.jpg 768w, https:\/\/www.regionsaris.sk\/wp-content\/uploads\/2026\/02\/lipany-clanok-oocrrs-1536x1024.jpg 1536w, https:\/\/www.regionsaris.sk\/wp-content\/uploads\/2026\/02\/lipany-clanok-oocrrs-2048x1365.jpg 2048w, https:\/\/www.regionsaris.sk\/wp-content\/uploads\/2026\/02\/lipany-clanok-oocrrs-18x12.jpg 18w, https:\/\/www.regionsaris.sk\/wp-content\/uploads\/2026\/02\/lipany-clanok-oocrrs-scaled.jpg 2560w\" sizes=\"auto, (max-width: 1024px) 100vw, 1024px\" \/><\/figure>\n<\/figure>\n\n\n\n<p><\/p>\n\n\n\n<h2 class=\"wp-block-heading\" id=\"h-pre-aktivne-pary-hory-lesy-a-ticho\">Akt\u00edv p\u00e1roknak: hegyek, erd\u0151k \u00e9s csend<\/h2>\n\n\n\n<p>CHERGOV: Szeretsz mozogni? T\u00e9li t\u00far\u00e1z\u00e1s, a Lys\u00e1 vagy a Min\u010dol megm\u00e1sz\u00e1sa vagy egy csendes s\u00e9ta egy havas gerincen - \u010cergov a romantik\u00e1t term\u00e9szetes form\u00e1ban k\u00edn\u00e1lja. A kil\u00e1t\u00e1s, a tiszta leveg\u0151 \u00e9s tal\u00e1n m\u00e9g egy cs\u00e9sze k\u00f6z\u00f6s tea is megjutalmazza \u00f6n\u00f6ket egy hegyi kunyh\u00f3ban.<br>SLANSK\u00c9 VRCHY: Erdei \u00f6sv\u00e9nyek, titokzatos sarkok \u00e9s az op\u00e1lb\u00e1ny\u00e1k t\u00f6rt\u00e9netei adj\u00e1k ennek a hegynek az egyedi jelleg\u00e9t. A Slansk\u00e9 vrchy-hegys\u00e9g ide\u00e1lis a p\u00e1rok sz\u00e1m\u00e1ra, akik szeretn\u00e9nek elmenek\u00fclni a ny\u00fczsg\u00e9s el\u0151l, \u00e9s felfedezni az autentikus term\u00e9szet nyugalm\u00e1t. <\/p>\n\n\n\n<p>K\u00fcl\u00f6nb\u00f6z\u0151 helysz\u00edneken, de az aktu\u00e1lis \u00e9vszakban \u00e9s id\u0151j\u00e1r\u00e1s szerint m\u00e9g mindig alkalmas szabadt\u00e9ri t\u00far\u00e1z\u00e1sra. Nagyobb magass\u00e1gban szabad s\u00edfut\u00e1sra is. <br><br>DRIENICA: M\u00e9g mindig megfelel\u0151 felt\u00e9teleket k\u00edn\u00e1l a febru\u00e1ri s\u00edel\u00e9shez. K\u00e9t s\u00edterep k\u00f6z\u00fcl v\u00e1laszthatunk, t\u00f6bb s\u00edp\u00e1ly\u00e1val. V\u00e1laszthatjuk a SKI Drienica vagy a magasabb fekv\u00e9s\u0171 SKI Lys\u00e1 s\u00edterepet.<\/p>\n\n\n<div class=\"wp-block-image\">\n<figure class=\"aligncenter size-large\"><img loading=\"lazy\" decoding=\"async\" width=\"1024\" height=\"683\" src=\"https:\/\/www.regionsaris.sk\/wp-content\/uploads\/2026\/02\/cergov-clanok-oocrrs-1024x683.jpg\" alt=\"\" class=\"wp-image-3610\" srcset=\"https:\/\/www.regionsaris.sk\/wp-content\/uploads\/2026\/02\/cergov-clanok-oocrrs-1024x683.jpg 1024w, https:\/\/www.regionsaris.sk\/wp-content\/uploads\/2026\/02\/cergov-clanok-oocrrs-300x200.jpg 300w, https:\/\/www.regionsaris.sk\/wp-content\/uploads\/2026\/02\/cergov-clanok-oocrrs-768x512.jpg 768w, https:\/\/www.regionsaris.sk\/wp-content\/uploads\/2026\/02\/cergov-clanok-oocrrs-1536x1024.jpg 1536w, https:\/\/www.regionsaris.sk\/wp-content\/uploads\/2026\/02\/cergov-clanok-oocrrs-2048x1365.jpg 2048w, https:\/\/www.regionsaris.sk\/wp-content\/uploads\/2026\/02\/cergov-clanok-oocrrs-18x12.jpg 18w, https:\/\/www.regionsaris.sk\/wp-content\/uploads\/2026\/02\/cergov-clanok-oocrrs-scaled.jpg 2560w\" sizes=\"auto, (max-width: 1024px) 100vw, 1024px\" \/><\/figure>\n<\/div>\n\n\n<p><\/p>\n\n\n\n<p>Nem kell messzire utaznia ahhoz, hogy k\u00fcl\u00f6nleges pillanatokat \u00e9lhessen \u00e1t. \u0160ari\u0161 a term\u00e9szetben, a t\u00f6rt\u00e9nelemben \u00e9s a gasztron\u00f3mi\u00e1ban rejl\u0151 romantik\u00e1t k\u00edn\u00e1lja. Csak v\u00e1lasszon, tervezzen mag\u00e1nak egy kis id\u0151t, \u00e9s induljon el felfedezni.<\/p>\n\n\n\n<p>Mert n\u00e9ha a legszebb aj\u00e1nd\u00e9k az, amit egy\u00fctt \u00e9lhettek \u00e1t. A \u0160ari\u0161 r\u00e9gi\u00f3 \u00f6sszes \u00e9lm\u00e9ny\u00e9t \u00e9s l\u00e1tnival\u00f3j\u00e1t megn\u00e9zheti az al\u00e1bbi weboldalon <a href=\"https:\/\/www.regionsaris.sk\/hu\/zaujimavosti\/\">\u00c9RDEKES T\u00c9NYEK.<\/a> <\/p>\n\n\n\n<p>Forr\u00e1s: Region\u00e1lis Turisztikai Szervezet Regi\u00f3n \u0160ari\u0161<br>Fot\u00f3 forr\u00e1sa: Region\u00e1lis Turisztikai Szervezet Regi\u00f3n \u0160ari\u0161<\/p>\n\n\n\n<p><\/p>\n\n\n\n<p><\/p>","protected":false},"excerpt":{"rendered":"<p>A szerelemhez nem kellenek nagyv\u00e1rosok vagy dr\u00e1ga rep\u00fcl\u0151jegyek. Csak egy pillanat kettesben, egy gy\u00f6ny\u00f6r\u0171 kil\u00e1t\u00e1s, j\u00f3 \u00e9tel...<\/p>","protected":false},"author":3,"featured_media":3611,"comment_status":"closed","ping_status":"closed","sticky":false,"template":"","format":"standard","meta":{"_acf_changed":false,"footnotes":""},"categories":[1],"tags":[],"class_list":["post-3603","post","type-post","status-publish","format-standard","has-post-thumbnail","hentry","category-novinky"],"acf":[],"yoast_head":"<!-- This site is optimized with the Yoast SEO Premium plugin v26.3 (Yoast SEO v26.8) - https:\/\/yoast.com\/product\/yoast-seo-premium-wordpress\/ -->\n<title>Zamilovan\u00fd regi\u00f3n \u0160ari\u0161: Kam sa vyda\u0165 na Valent\u00ednske rande alebo v\u00edkendov\u00fd v\u00fdlet? - OOCR \u0160ari\u0161<\/title>\n<meta name=\"description\" content=\"Valent\u00edn v regione \u0160ari\u0161. Kde sa vyda\u0165 na v\u00fdlet a ako str\u00e1vi\u0165 Valent\u00edn v kvalitnej spolo\u010dnosti. Program na Valent\u00edn.\" \/>\n<meta name=\"robots\" content=\"index, follow, max-snippet:-1, max-image-preview:large, max-video-preview:-1\" \/>\n<link rel=\"canonical\" href=\"https:\/\/www.regionsaris.sk\/hu\/zamilovany-region-saris-kam-sa-vydat-na-valentinske-rande-alebo-vikendovy-vylet\/\" \/>\n<meta property=\"og:locale\" content=\"hu_HU\" \/>\n<meta property=\"og:type\" content=\"article\" \/>\n<meta property=\"og:title\" content=\"Zamilovan\u00fd regi\u00f3n \u0160ari\u0161: Kam sa vyda\u0165 na Valent\u00ednske rande alebo v\u00edkendov\u00fd v\u00fdlet?\" \/>\n<meta property=\"og:description\" content=\"Valent\u00edn v regione \u0160ari\u0161. Kde sa vyda\u0165 na v\u00fdlet a ako str\u00e1vi\u0165 Valent\u00edn v kvalitnej spolo\u010dnosti. Program na Valent\u00edn.\" \/>\n<meta property=\"og:url\" content=\"https:\/\/www.regionsaris.sk\/hu\/zamilovany-region-saris-kam-sa-vydat-na-valentinske-rande-alebo-vikendovy-vylet\/\" \/>\n<meta property=\"og:site_name\" content=\"OOCR \u0160ari\u0161\" \/>\n<meta property=\"article:published_time\" content=\"2026-02-12T11:38:54+00:00\" \/>\n<meta property=\"article:modified_time\" content=\"2026-04-09T11:54:50+00:00\" \/>\n<meta property=\"og:image\" content=\"https:\/\/www.regionsaris.sk\/wp-content\/uploads\/2026\/02\/poetika-valentin-clanok-oocrrs-1.jpeg\" \/>\n\t<meta property=\"og:image:width\" content=\"2048\" \/>\n\t<meta property=\"og:image:height\" content=\"1363\" \/>\n\t<meta property=\"og:image:type\" content=\"image\/jpeg\" \/>\n<meta name=\"author\" content=\"marketing\" \/>\n<meta name=\"twitter:card\" content=\"summary_large_image\" \/>\n<meta name=\"twitter:label1\" content=\"Szerz\u0151:\" \/>\n\t<meta name=\"twitter:data1\" content=\"marketing\" \/>\n\t<meta name=\"twitter:label2\" content=\"Becs\u00fclt olvas\u00e1si id\u0151\" \/>\n\t<meta name=\"twitter:data2\" content=\"5 perc\" \/>\n<script type=\"application\/ld+json\" class=\"yoast-schema-graph\">{\"@context\":\"https:\/\/schema.org\",\"@graph\":[{\"@type\":\"Article\",\"@id\":\"https:\/\/www.regionsaris.sk\/zamilovany-region-saris-kam-sa-vydat-na-valentinske-rande-alebo-vikendovy-vylet\/#article\",\"isPartOf\":{\"@id\":\"https:\/\/www.regionsaris.sk\/zamilovany-region-saris-kam-sa-vydat-na-valentinske-rande-alebo-vikendovy-vylet\/\"},\"author\":{\"name\":\"marketing\",\"@id\":\"https:\/\/www.regionsaris.sk\/#\/schema\/person\/ec8d3b7d0a3a7dad307f10116198d0b5\"},\"headline\":\"Zamilovan\u00fd regi\u00f3n \u0160ari\u0161: Kam sa vyda\u0165 na Valent\u00ednske rande alebo v\u00edkendov\u00fd v\u00fdlet?\",\"datePublished\":\"2026-02-12T11:38:54+00:00\",\"dateModified\":\"2026-04-09T11:54:50+00:00\",\"mainEntityOfPage\":{\"@id\":\"https:\/\/www.regionsaris.sk\/zamilovany-region-saris-kam-sa-vydat-na-valentinske-rande-alebo-vikendovy-vylet\/\"},\"wordCount\":777,\"image\":{\"@id\":\"https:\/\/www.regionsaris.sk\/zamilovany-region-saris-kam-sa-vydat-na-valentinske-rande-alebo-vikendovy-vylet\/#primaryimage\"},\"thumbnailUrl\":\"https:\/\/www.regionsaris.sk\/wp-content\/uploads\/2026\/02\/poetika-valentin-clanok-oocrrs-1.jpeg\",\"articleSection\":[\"Novinky\"],\"inLanguage\":\"hu\"},{\"@type\":\"WebPage\",\"@id\":\"https:\/\/www.regionsaris.sk\/zamilovany-region-saris-kam-sa-vydat-na-valentinske-rande-alebo-vikendovy-vylet\/\",\"url\":\"https:\/\/www.regionsaris.sk\/zamilovany-region-saris-kam-sa-vydat-na-valentinske-rande-alebo-vikendovy-vylet\/\",\"name\":\"Zamilovan\u00fd regi\u00f3n \u0160ari\u0161: Kam sa vyda\u0165 na Valent\u00ednske rande alebo v\u00edkendov\u00fd v\u00fdlet? - OOCR \u0160ari\u0161\",\"isPartOf\":{\"@id\":\"https:\/\/www.regionsaris.sk\/#website\"},\"primaryImageOfPage\":{\"@id\":\"https:\/\/www.regionsaris.sk\/zamilovany-region-saris-kam-sa-vydat-na-valentinske-rande-alebo-vikendovy-vylet\/#primaryimage\"},\"image\":{\"@id\":\"https:\/\/www.regionsaris.sk\/zamilovany-region-saris-kam-sa-vydat-na-valentinske-rande-alebo-vikendovy-vylet\/#primaryimage\"},\"thumbnailUrl\":\"https:\/\/www.regionsaris.sk\/wp-content\/uploads\/2026\/02\/poetika-valentin-clanok-oocrrs-1.jpeg\",\"datePublished\":\"2026-02-12T11:38:54+00:00\",\"dateModified\":\"2026-04-09T11:54:50+00:00\",\"author\":{\"@id\":\"https:\/\/www.regionsaris.sk\/#\/schema\/person\/ec8d3b7d0a3a7dad307f10116198d0b5\"},\"description\":\"Valent\u00edn v regione \u0160ari\u0161. Kde sa vyda\u0165 na v\u00fdlet a ako str\u00e1vi\u0165 Valent\u00edn v kvalitnej spolo\u010dnosti. Program na Valent\u00edn.\",\"breadcrumb\":{\"@id\":\"https:\/\/www.regionsaris.sk\/zamilovany-region-saris-kam-sa-vydat-na-valentinske-rande-alebo-vikendovy-vylet\/#breadcrumb\"},\"inLanguage\":\"hu\",\"potentialAction\":[{\"@type\":\"ReadAction\",\"target\":[\"https:\/\/www.regionsaris.sk\/zamilovany-region-saris-kam-sa-vydat-na-valentinske-rande-alebo-vikendovy-vylet\/\"]}]},{\"@type\":\"ImageObject\",\"inLanguage\":\"hu\",\"@id\":\"https:\/\/www.regionsaris.sk\/zamilovany-region-saris-kam-sa-vydat-na-valentinske-rande-alebo-vikendovy-vylet\/#primaryimage\",\"url\":\"https:\/\/www.regionsaris.sk\/wp-content\/uploads\/2026\/02\/poetika-valentin-clanok-oocrrs-1.jpeg\",\"contentUrl\":\"https:\/\/www.regionsaris.sk\/wp-content\/uploads\/2026\/02\/poetika-valentin-clanok-oocrrs-1.jpeg\",\"width\":2048,\"height\":1363},{\"@type\":\"BreadcrumbList\",\"@id\":\"https:\/\/www.regionsaris.sk\/zamilovany-region-saris-kam-sa-vydat-na-valentinske-rande-alebo-vikendovy-vylet\/#breadcrumb\",\"itemListElement\":[{\"@type\":\"ListItem\",\"position\":1,\"name\":\"Domov\",\"item\":\"https:\/\/www.regionsaris.sk\/\"},{\"@type\":\"ListItem\",\"position\":2,\"name\":\"Zamilovan\u00fd regi\u00f3n \u0160ari\u0161: Kam sa vyda\u0165 na Valent\u00ednske rande alebo v\u00edkendov\u00fd v\u00fdlet?\"}]},{\"@type\":\"WebSite\",\"@id\":\"https:\/\/www.regionsaris.sk\/#website\",\"url\":\"https:\/\/www.regionsaris.sk\/\",\"name\":\"OOCR \u0160ari\u0161\",\"description\":\"\",\"potentialAction\":[{\"@type\":\"SearchAction\",\"target\":{\"@type\":\"EntryPoint\",\"urlTemplate\":\"https:\/\/www.regionsaris.sk\/?s={search_term_string}\"},\"query-input\":{\"@type\":\"PropertyValueSpecification\",\"valueRequired\":true,\"valueName\":\"search_term_string\"}}],\"inLanguage\":\"hu\"},{\"@type\":\"Person\",\"@id\":\"https:\/\/www.regionsaris.sk\/#\/schema\/person\/ec8d3b7d0a3a7dad307f10116198d0b5\",\"name\":\"marketing\",\"image\":{\"@type\":\"ImageObject\",\"inLanguage\":\"hu\",\"@id\":\"https:\/\/www.regionsaris.sk\/#\/schema\/person\/image\/\",\"url\":\"https:\/\/secure.gravatar.com\/avatar\/d86c85c214091923000a199276e541a97ba20b5109e7b00260a23abc26f5b6c1?s=96&d=mm&r=g\",\"contentUrl\":\"https:\/\/secure.gravatar.com\/avatar\/d86c85c214091923000a199276e541a97ba20b5109e7b00260a23abc26f5b6c1?s=96&d=mm&r=g\",\"caption\":\"marketing\"},\"url\":\"https:\/\/www.regionsaris.sk\/hu\/author\/marketing\/\"}]}<\/script>\n<!-- \/ Yoast SEO Premium plugin. -->","yoast_head_json":{"title":"Zamilovan\u00fd regi\u00f3n \u0160ari\u0161: Kam sa vyda\u0165 na Valent\u00ednske rande alebo v\u00edkendov\u00fd v\u00fdlet? - OOCR \u0160ari\u0161","description":"Valent\u00edn v regione \u0160ari\u0161. Kde sa vyda\u0165 na v\u00fdlet a ako str\u00e1vi\u0165 Valent\u00edn v kvalitnej spolo\u010dnosti. Program na Valent\u00edn.","robots":{"index":"index","follow":"follow","max-snippet":"max-snippet:-1","max-image-preview":"max-image-preview:large","max-video-preview":"max-video-preview:-1"},"canonical":"https:\/\/www.regionsaris.sk\/hu\/zamilovany-region-saris-kam-sa-vydat-na-valentinske-rande-alebo-vikendovy-vylet\/","og_locale":"hu_HU","og_type":"article","og_title":"Zamilovan\u00fd regi\u00f3n \u0160ari\u0161: Kam sa vyda\u0165 na Valent\u00ednske rande alebo v\u00edkendov\u00fd v\u00fdlet?","og_description":"Valent\u00edn v regione \u0160ari\u0161. Kde sa vyda\u0165 na v\u00fdlet a ako str\u00e1vi\u0165 Valent\u00edn v kvalitnej spolo\u010dnosti. Program na Valent\u00edn.","og_url":"https:\/\/www.regionsaris.sk\/hu\/zamilovany-region-saris-kam-sa-vydat-na-valentinske-rande-alebo-vikendovy-vylet\/","og_site_name":"OOCR \u0160ari\u0161","article_published_time":"2026-02-12T11:38:54+00:00","article_modified_time":"2026-04-09T11:54:50+00:00","og_image":[{"width":2048,"height":1363,"url":"https:\/\/www.regionsaris.sk\/wp-content\/uploads\/2026\/02\/poetika-valentin-clanok-oocrrs-1.jpeg","type":"image\/jpeg"}],"author":"marketing","twitter_card":"summary_large_image","twitter_misc":{"Szerz\u0151:":"marketing","Becs\u00fclt olvas\u00e1si id\u0151":"5 perc"},"schema":{"@context":"https:\/\/schema.org","@graph":[{"@type":"Article","@id":"https:\/\/www.regionsaris.sk\/zamilovany-region-saris-kam-sa-vydat-na-valentinske-rande-alebo-vikendovy-vylet\/#article","isPartOf":{"@id":"https:\/\/www.regionsaris.sk\/zamilovany-region-saris-kam-sa-vydat-na-valentinske-rande-alebo-vikendovy-vylet\/"},"author":{"name":"marketing","@id":"https:\/\/www.regionsaris.sk\/#\/schema\/person\/ec8d3b7d0a3a7dad307f10116198d0b5"},"headline":"Zamilovan\u00fd regi\u00f3n \u0160ari\u0161: Kam sa vyda\u0165 na Valent\u00ednske rande alebo v\u00edkendov\u00fd v\u00fdlet?","datePublished":"2026-02-12T11:38:54+00:00","dateModified":"2026-04-09T11:54:50+00:00","mainEntityOfPage":{"@id":"https:\/\/www.regionsaris.sk\/zamilovany-region-saris-kam-sa-vydat-na-valentinske-rande-alebo-vikendovy-vylet\/"},"wordCount":777,"image":{"@id":"https:\/\/www.regionsaris.sk\/zamilovany-region-saris-kam-sa-vydat-na-valentinske-rande-alebo-vikendovy-vylet\/#primaryimage"},"thumbnailUrl":"https:\/\/www.regionsaris.sk\/wp-content\/uploads\/2026\/02\/poetika-valentin-clanok-oocrrs-1.jpeg","articleSection":["Novinky"],"inLanguage":"hu"},{"@type":"WebPage","@id":"https:\/\/www.regionsaris.sk\/zamilovany-region-saris-kam-sa-vydat-na-valentinske-rande-alebo-vikendovy-vylet\/","url":"https:\/\/www.regionsaris.sk\/zamilovany-region-saris-kam-sa-vydat-na-valentinske-rande-alebo-vikendovy-vylet\/","name":"Zamilovan\u00fd regi\u00f3n \u0160ari\u0161: Kam sa vyda\u0165 na Valent\u00ednske rande alebo v\u00edkendov\u00fd v\u00fdlet? - OOCR \u0160ari\u0161","isPartOf":{"@id":"https:\/\/www.regionsaris.sk\/#website"},"primaryImageOfPage":{"@id":"https:\/\/www.regionsaris.sk\/zamilovany-region-saris-kam-sa-vydat-na-valentinske-rande-alebo-vikendovy-vylet\/#primaryimage"},"image":{"@id":"https:\/\/www.regionsaris.sk\/zamilovany-region-saris-kam-sa-vydat-na-valentinske-rande-alebo-vikendovy-vylet\/#primaryimage"},"thumbnailUrl":"https:\/\/www.regionsaris.sk\/wp-content\/uploads\/2026\/02\/poetika-valentin-clanok-oocrrs-1.jpeg","datePublished":"2026-02-12T11:38:54+00:00","dateModified":"2026-04-09T11:54:50+00:00","author":{"@id":"https:\/\/www.regionsaris.sk\/#\/schema\/person\/ec8d3b7d0a3a7dad307f10116198d0b5"},"description":"Valent\u00edn v regione \u0160ari\u0161. Kde sa vyda\u0165 na v\u00fdlet a ako str\u00e1vi\u0165 Valent\u00edn v kvalitnej spolo\u010dnosti. Program na Valent\u00edn.","breadcrumb":{"@id":"https:\/\/www.regionsaris.sk\/zamilovany-region-saris-kam-sa-vydat-na-valentinske-rande-alebo-vikendovy-vylet\/#breadcrumb"},"inLanguage":"hu","potentialAction":[{"@type":"ReadAction","target":["https:\/\/www.regionsaris.sk\/zamilovany-region-saris-kam-sa-vydat-na-valentinske-rande-alebo-vikendovy-vylet\/"]}]},{"@type":"ImageObject","inLanguage":"hu","@id":"https:\/\/www.regionsaris.sk\/zamilovany-region-saris-kam-sa-vydat-na-valentinske-rande-alebo-vikendovy-vylet\/#primaryimage","url":"https:\/\/www.regionsaris.sk\/wp-content\/uploads\/2026\/02\/poetika-valentin-clanok-oocrrs-1.jpeg","contentUrl":"https:\/\/www.regionsaris.sk\/wp-content\/uploads\/2026\/02\/poetika-valentin-clanok-oocrrs-1.jpeg","width":2048,"height":1363},{"@type":"BreadcrumbList","@id":"https:\/\/www.regionsaris.sk\/zamilovany-region-saris-kam-sa-vydat-na-valentinske-rande-alebo-vikendovy-vylet\/#breadcrumb","itemListElement":[{"@type":"ListItem","position":1,"name":"Domov","item":"https:\/\/www.regionsaris.sk\/"},{"@type":"ListItem","position":2,"name":"Zamilovan\u00fd regi\u00f3n \u0160ari\u0161: Kam sa vyda\u0165 na Valent\u00ednske rande alebo v\u00edkendov\u00fd v\u00fdlet?"}]},{"@type":"WebSite","@id":"https:\/\/www.regionsaris.sk\/#website","url":"https:\/\/www.regionsaris.sk\/","name":"OOCR \u0160ari\u0161","description":"","potentialAction":[{"@type":"SearchAction","target":{"@type":"EntryPoint","urlTemplate":"https:\/\/www.regionsaris.sk\/?s={search_term_string}"},"query-input":{"@type":"PropertyValueSpecification","valueRequired":true,"valueName":"search_term_string"}}],"inLanguage":"hu"},{"@type":"Person","@id":"https:\/\/www.regionsaris.sk\/#\/schema\/person\/ec8d3b7d0a3a7dad307f10116198d0b5","name":"marketing","image":{"@type":"ImageObject","inLanguage":"hu","@id":"https:\/\/www.regionsaris.sk\/#\/schema\/person\/image\/","url":"https:\/\/secure.gravatar.com\/avatar\/d86c85c214091923000a199276e541a97ba20b5109e7b00260a23abc26f5b6c1?s=96&d=mm&r=g","contentUrl":"https:\/\/secure.gravatar.com\/avatar\/d86c85c214091923000a199276e541a97ba20b5109e7b00260a23abc26f5b6c1?s=96&d=mm&r=g","caption":"marketing"},"url":"https:\/\/www.regionsaris.sk\/hu\/author\/marketing\/"}]}},"_links":{"self":[{"href":"https:\/\/www.regionsaris.sk\/hu\/wp-json\/wp\/v2\/posts\/3603","targetHints":{"allow":["GET"]}}],"collection":[{"href":"https:\/\/www.regionsaris.sk\/hu\/wp-json\/wp\/v2\/posts"}],"about":[{"href":"https:\/\/www.regionsaris.sk\/hu\/wp-json\/wp\/v2\/types\/post"}],"author":[{"embeddable":true,"href":"https:\/\/www.regionsaris.sk\/hu\/wp-json\/wp\/v2\/users\/3"}],"replies":[{"embeddable":true,"href":"https:\/\/www.regionsaris.sk\/hu\/wp-json\/wp\/v2\/comments?post=3603"}],"version-history":[{"count":5,"href":"https:\/\/www.regionsaris.sk\/hu\/wp-json\/wp\/v2\/posts\/3603\/revisions"}],"predecessor-version":[{"id":4309,"href":"https:\/\/www.regionsaris.sk\/hu\/wp-json\/wp\/v2\/posts\/3603\/revisions\/4309"}],"wp:featuredmedia":[{"embeddable":true,"href":"https:\/\/www.regionsaris.sk\/hu\/wp-json\/wp\/v2\/media\/3611"}],"wp:attachment":[{"href":"https:\/\/www.regionsaris.sk\/hu\/wp-json\/wp\/v2\/media?parent=3603"}],"wp:term":[{"taxonomy":"category","embeddable":true,"href":"https:\/\/www.regionsaris.sk\/hu\/wp-json\/wp\/v2\/categories?post=3603"},{"taxonomy":"post_tag","embeddable":true,"href":"https:\/\/www.regionsaris.sk\/hu\/wp-json\/wp\/v2\/tags?post=3603"}],"curies":[{"name":"wp","href":"https:\/\/api.w.org\/{rel}","templated":true}]}}