{"id":357,"date":"2023-05-04T09:05:22","date_gmt":"2023-05-04T08:05:22","guid":{"rendered":"https:\/\/www.regionsaris.sk\/zatraktivnenie-rozhladne-na-balazke\/"},"modified":"2026-04-09T12:57:11","modified_gmt":"2026-04-09T11:57:11","slug":"zatraktivnenie-rozhladne-na-balazke","status":"publish","type":"post","link":"https:\/\/www.regionsaris.sk\/hu\/zatraktivnenie-rozhladne-na-balazke\/","title":{"rendered":"A balatonbogl\u00e1ri kil\u00e1t\u00f3torony vonz\u00f3bb\u00e1 t\u00e9tele"},"content":{"rendered":"<p><strong>A gyalogl\u00e1s szerelmesei egyre ink\u00e1bb keresik azokat a helyeket, ahonnan a t\u00e1gabb t\u00e1jra ny\u00edl\u00f3 kil\u00e1t\u00e1st \u00e9lvezhetik. Az id\u0151j\u00e1r\u00e1s term\u00e9szetesen nagy seg\u00edts\u00e9g, de manaps\u00e1g a kil\u00e1t\u00f3tornyok nagyon vonz\u00f3ak, hogy a k\u00f6rny\u00e9kre ny\u00edl\u00f3 kil\u00e1t\u00e1st m\u00e9g \u00e9lvezetesebb\u00e9 tegy\u00e9k.&nbsp;<\/strong><\/p>\n\n\n<div class=\"wp-block-image\">\n<figure class=\"aligncenter\"><img decoding=\"async\" src=\"https:\/\/www.regionsaris.sk\/wp-content\/uploads\/2025\/12\/rozhladna_Balazka_Zdroj_OOCR_RS_4-scaled-1.jpg\" alt=\"\" class=\"wp-image-13254\"\/><\/figure>\n<\/div>\n\n\n<p><\/p>\n\n\n\n<p>A \u0160ari\u0161 r\u00e9gi\u00f3ban sz\u00e1mos gy\u00f6ny\u00f6r\u0171 kil\u00e1t\u00f3torony tal\u00e1lhat\u00f3, ahonnan az eg\u00e9sz k\u00f6rny\u00e9kre kil\u00e1t\u00e1s ny\u00edlik. A Bala\u017eka erd\u0151s hegyi massz\u00edvum\u00e1n (643 m tengerszint feletti magass\u00e1g), amelyet egy vas\u00fatvonal hat\u00e1rol, Lipany v\u00e1rosa f\u00f6l\u00f6tt 2019-ben egy f\u00e1b\u00f3l k\u00e9sz\u00fclt kil\u00e1t\u00f3torony \u00e9p\u00fclt. A Bala\u017eka cs\u00facsa alatti, lucfeny\u0151f\u00e1b\u00f3l k\u00e9sz\u00fclt kil\u00e1t\u00f3torony k\u00f6zel 14 m\u00e9ter magas. Az 598 m magasan fekv\u0151 kil\u00e1t\u00f3toronyb\u00f3l kil\u00e1t\u00e1s ny\u00edlik mag\u00e1ra Lip\u00e1ny v\u00e1ros\u00e1ra, Kamenick\u00fd hradra, a k\u00f6zeli k\u00f6rny\u00e9kre, a \u010cergov-hegys\u00e9gre, a Levo\u010da-hegys\u00e9gre \u00e9s j\u00f3 l\u00e1t\u00e1si viszonyok eset\u00e9n a Slansk\u00e9 vrchy-hegys\u00e9gre.<\/p>\n\n\n<div class=\"wp-block-image\">\n<figure class=\"aligncenter\"><img decoding=\"async\" src=\"https:\/\/www.regionsaris.sk\/wp-content\/uploads\/2025\/12\/rozhladna_Balazka_Zdroj_OOCR_RS_2-scaled-1.jpg\" alt=\"\" class=\"wp-image-13250\"\/><\/figure>\n<\/div>\n\n\n<p><\/p>\n\n\n\n<h2 class=\"wp-block-heading\" id=\"h-zvysena-atraktivnost-rozhladne-nbsp\"><strong>A kil\u00e1t\u00f3torony vonzerej\u00e9nek n\u00f6vel\u00e9se&nbsp;<\/strong><\/h2>\n\n\n\n<p>A Region\u00e1lis Turisztikai Szervezet (a tov\u00e1bbiakban: OOCR) \u0160ari\u0161 r\u00e9gi\u00f3 sz\u00e1mos \u00e9rdekes tev\u00e9kenys\u00e9get szervez a r\u00e9gi\u00f3ba l\u00e1togat\u00f3k sz\u00e1m\u00e1ra. Ezek egyike a t\u00e1vcs\u00f6ves v\u00e1rosn\u00e9z\u00e9s a turisztikailag vonz\u00f3 helyeken. Az OOCR Regi\u00f3n \u0160ari\u0161 2021-ben Lipany v\u00e1ros\u00e1val egy\u00fcttm\u0171k\u00f6dve egy kil\u00e1t\u00f3t\u00e1vcs\u00f6vet helyezett el a Bala\u017eka tan\u00f6sv\u00e9ny v\u00e9g\u00e9n l\u00e9v\u0151 kil\u00e1t\u00f3toronyban, amely az erdei massz\u00edvumr\u00f3l kapta a nev\u00e9t. A t\u00e1vcs\u0151 kiv\u00e1l\u00f3 visszhangra tal\u00e1lt az idel\u00e1togat\u00f3k k\u00f6r\u00e9ben, mivel egyed\u00fcl\u00e1ll\u00f3 panor\u00e1m\u00e1t ny\u00fajt Lipany v\u00e1ros\u00e1ra \u00e9s az azt k\u00f6r\u00fclvev\u0151 hegyekre.<\/p>\n\n\n\n<p>Folytattuk a turisztikai helysz\u00edn vonzerej\u00e9nek n\u00f6vel\u00e9s\u00e9t. Ebben a rekre\u00e1ci\u00f3s z\u00f3n\u00e1ban, amely a v\u00e1ros egyik nevezetess\u00e9ge, 3 fot\u00f3t\u00e1bl\u00e1t helyezt\u00fcnk el a kil\u00e1t\u00f3toronyban. <em>\u201eAz OOCR Regi\u00f3n \u0160ari\u0161 \u00e1llami t\u00e1mogat\u00e1s\u00e1nak forr\u00e1saib\u00f3l m\u00e9g vonz\u00f3bb\u00e1 tett\u00fck ezt a kil\u00e1t\u00f3tornyot, \u00e9s fot\u00f3paneleken feldolgozott panor\u00e1mafot\u00f3kkal eg\u00e9sz\u00edtett\u00fck ki, amelyeken az innen l\u00e1that\u00f3 helyek le\u00edr\u00e1sa szerepel\" - mondta Branislav \u0160vorc, az OOCR Regi\u00f3n \u0160ari\u0161 \u00fcgyvezet\u0151 igazgat\u00f3ja.&nbsp;<\/em><\/p>\n\n\n<div class=\"wp-block-image\">\n<figure class=\"aligncenter\"><img decoding=\"async\" src=\"https:\/\/www.regionsaris.sk\/wp-content\/uploads\/2025\/12\/rozhladna_Balazka_Zdroj_OOCR_RS_1-scaled-1.jpg\" alt=\"\" class=\"wp-image-13248\"\/><\/figure>\n<\/div>\n\n\n<p><\/p>\n\n\n\n<p>A torony fens\u00e9g\u00e9b\u0151l szinte panor\u00e1ma ny\u00edlik a Bradl-hegys\u00e9gt\u0151l, a Kamenick\u00fd hradt\u00f3l a Min\u010dol \u00e9s a \u010cergov gerinc\u00e9vel a h\u00e1tt\u00e9rben, Str\u00e1\u017ee, Slansk\u00e9 vrchy, \u0160ari\u0161 v\u00e1r\u00e1n, \u0160ari\u0161sk\u00e9 mezihorie, Mardu\u0148a, Bandovce, Hom\u00f4lka \u00e9s \u010cierna hora k\u00f6z\u00f6tt. A le\u00edr\u00e1sokkal ell\u00e1tott panor\u00e1mafot\u00f3k seg\u00edts\u00e9g\u00e9vel k\u00f6nnyen t\u00e1j\u00e9koz\u00f3dhat a k\u00f6rny\u00e9ken, \u00e9s r\u00e1mutathat a toronyb\u00f3l l\u00e1that\u00f3 \u00f6sszes falura \u00e9s v\u00e1rosra.<\/p>\n\n\n<div class=\"wp-block-image\">\n<figure class=\"aligncenter\"><img decoding=\"async\" src=\"https:\/\/www.regionsaris.sk\/wp-content\/uploads\/2025\/12\/rozhladna_Balazka_Zdroj_OOCR_RS_3-scaled-1.jpg\" alt=\"\" class=\"wp-image-13252\"\/><\/figure>\n<\/div>\n\n\n<p><\/p>\n\n\n\n<h2 class=\"wp-block-heading\" id=\"h-vystup-k-rozhladni\"><strong>Felm\u00e1sz\u00e1s a kil\u00e1t\u00f3toronyhoz<\/strong><\/h2>\n\n\n\n<p>Amit azonban nem szabad elfelejteni, az az a t\u00e9ny, hogy egy kicsit meg kell dolgozni a sz\u00e9p kil\u00e1t\u00e1s\u00e9rt. K\u00e9t alapvet\u0151 t\u00fara\u00fatvonalat hoztak l\u00e9tre. A \"Kis szikla\" k\u00f6r\u00fat a keresztr\u0151l ny\u00fajt kil\u00e1t\u00e1st. Van itt egy olasz k\u00fat, partiz\u00e1n\u00e1rkok, \u00fcl\u0151hely \u00e9s inform\u00e1ci\u00f3s t\u00e1bl\u00e1k. A \"Nagy Szikla\" k\u00f6r\u00fat a Bala\u017eka gerinc\u00e9n k\u00edn\u00e1l \u00fatvonalat, mindk\u00e9t \u00fatvonal \u00f6sszekapcsol\u00f3dik \u00e9s t\u00f6bb csatlakoz\u00e1si ponttal rendelkezik.  A v\u00e1rosk\u00f6zpontb\u00f3l a r\u00e9gi temet\u0151b\u0151l \u00e9rhet\u0151 el, ahonnan z\u00f6ld t\u00fara\u00fatvonal vezet. A t\u00e1v k\u00f6r\u00fclbel\u00fcl 3 km, \u00e9s az \u00fatvonal minden koroszt\u00e1ly sz\u00e1m\u00e1ra alkalmas. Gyerekekkel k\u00f6r\u00fclbel\u00fcl egy \u00f3r\u00e1t vesz ig\u00e9nybe.<\/p>\n\n\n<div class=\"wp-block-image\">\n<figure class=\"aligncenter\"><img decoding=\"async\" src=\"https:\/\/www.regionsaris.sk\/wp-content\/uploads\/2025\/12\/rozhladna_Balazka_Zdroj_OOCR_RS_6-scaled-1.jpg\" alt=\"\" class=\"wp-image-13258\"\/><\/figure>\n<\/div>\n\n\n<p><\/p>\n\n\n\n<p class=\"has-text-align-center\"><em>Ez a tev\u00e9kenys\u00e9g a Szlov\u00e1k K\u00f6zt\u00e1rsas\u00e1g K\u00f6zleked\u00e9si \u00e9s \u00c9p\u00edt\u00e9s\u00fcgyi Miniszt\u00e9rium\u00e1nak p\u00e9nz\u00fcgyi t\u00e1mogat\u00e1s\u00e1val val\u00f3sult meg.<\/em><\/p>\n\n\n<div class=\"wp-block-image\">\n<figure class=\"aligncenter is-resized\"><img decoding=\"async\" src=\"https:\/\/www.regionsaris.sk\/wp-content\/uploads\/2025\/12\/loga_podpora-1.jpg\" alt=\"\" class=\"wp-image-9139\" style=\"aspect-ratio:4.757101141491903;width:448px;height:auto\"\/><\/figure>\n<\/div>\n\n\n<p><\/p>","protected":false},"excerpt":{"rendered":"<p>Nad\u0161enci prech\u00e1dzok \u010doraz viac vyh\u013ead\u00e1vaj\u00fa miesta, v\u010faka ktor\u00fdm si spr\u00edjemnia poh\u013eady do \u0161irok\u00e9ho okolia. Ve\u013ek\u00fdm...<\/p>","protected":false},"author":1,"featured_media":360,"comment_status":"open","ping_status":"open","sticky":false,"template":"","format":"standard","meta":{"_acf_changed":false,"footnotes":""},"categories":[1],"tags":[],"class_list":["post-357","post","type-post","status-publish","format-standard","has-post-thumbnail","hentry","category-novinky"],"acf":[],"yoast_head":"<!-- This site is optimized with the Yoast SEO Premium plugin v26.3 (Yoast SEO v26.8) - https:\/\/yoast.com\/product\/yoast-seo-premium-wordpress\/ -->\n<title>Zatrakt\u00edvnenie rozh\u013eadne na Bala\u017eke - OOCR \u0160ari\u0161<\/title>\n<meta name=\"robots\" content=\"index, follow, max-snippet:-1, max-image-preview:large, max-video-preview:-1\" \/>\n<link rel=\"canonical\" href=\"https:\/\/www.regionsaris.sk\/hu\/zatraktivnenie-rozhladne-na-balazke\/\" \/>\n<meta property=\"og:locale\" content=\"hu_HU\" \/>\n<meta property=\"og:type\" content=\"article\" \/>\n<meta property=\"og:title\" content=\"Zatrakt\u00edvnenie rozh\u013eadne na Bala\u017eke\" \/>\n<meta property=\"og:description\" content=\"Nad\u0161enci prech\u00e1dzok \u010doraz viac vyh\u013ead\u00e1vaj\u00fa miesta, v\u010faka ktor\u00fdm si spr\u00edjemnia poh\u013eady do \u0161irok\u00e9ho okolia. Ve\u013ek\u00fdm...\" \/>\n<meta property=\"og:url\" content=\"https:\/\/www.regionsaris.sk\/hu\/zatraktivnenie-rozhladne-na-balazke\/\" \/>\n<meta property=\"og:site_name\" content=\"OOCR \u0160ari\u0161\" \/>\n<meta property=\"article:published_time\" content=\"2023-05-04T08:05:22+00:00\" \/>\n<meta property=\"article:modified_time\" content=\"2026-04-09T11:57:11+00:00\" \/>\n<meta property=\"og:image\" content=\"https:\/\/www.regionsaris.sk\/wp-content\/uploads\/2025\/12\/rozhladna_Balazka_Zdroj_OOCR_RS_1-scaled-1.jpg\" \/>\n\t<meta property=\"og:image:width\" content=\"2560\" \/>\n\t<meta property=\"og:image:height\" content=\"1707\" \/>\n\t<meta property=\"og:image:type\" content=\"image\/jpeg\" \/>\n<meta name=\"author\" content=\"dev@bigway.sk\" \/>\n<meta name=\"twitter:card\" content=\"summary_large_image\" \/>\n<meta name=\"twitter:label1\" content=\"Szerz\u0151:\" \/>\n\t<meta name=\"twitter:data1\" content=\"dev@bigway.sk\" \/>\n\t<meta name=\"twitter:label2\" content=\"Becs\u00fclt olvas\u00e1si id\u0151\" \/>\n\t<meta name=\"twitter:data2\" content=\"4 perc\" \/>\n<script type=\"application\/ld+json\" class=\"yoast-schema-graph\">{\"@context\":\"https:\/\/schema.org\",\"@graph\":[{\"@type\":\"Article\",\"@id\":\"https:\/\/www.regionsaris.sk\/zatraktivnenie-rozhladne-na-balazke\/#article\",\"isPartOf\":{\"@id\":\"https:\/\/www.regionsaris.sk\/zatraktivnenie-rozhladne-na-balazke\/\"},\"author\":{\"name\":\"dev@bigway.sk\",\"@id\":\"https:\/\/www.regionsaris.sk\/#\/schema\/person\/30fad06d87cd12ad1d94ff5fbd6919d1\"},\"headline\":\"Zatrakt\u00edvnenie rozh\u013eadne na Bala\u017eke\",\"datePublished\":\"2023-05-04T08:05:22+00:00\",\"dateModified\":\"2026-04-09T11:57:11+00:00\",\"mainEntityOfPage\":{\"@id\":\"https:\/\/www.regionsaris.sk\/zatraktivnenie-rozhladne-na-balazke\/\"},\"wordCount\":588,\"commentCount\":0,\"image\":{\"@id\":\"https:\/\/www.regionsaris.sk\/zatraktivnenie-rozhladne-na-balazke\/#primaryimage\"},\"thumbnailUrl\":\"https:\/\/www.regionsaris.sk\/wp-content\/uploads\/2025\/12\/rozhladna_Balazka_Zdroj_OOCR_RS_1-scaled-1.jpg\",\"articleSection\":[\"Novinky\"],\"inLanguage\":\"hu\",\"potentialAction\":[{\"@type\":\"CommentAction\",\"name\":\"Comment\",\"target\":[\"https:\/\/www.regionsaris.sk\/zatraktivnenie-rozhladne-na-balazke\/#respond\"]}]},{\"@type\":\"WebPage\",\"@id\":\"https:\/\/www.regionsaris.sk\/zatraktivnenie-rozhladne-na-balazke\/\",\"url\":\"https:\/\/www.regionsaris.sk\/zatraktivnenie-rozhladne-na-balazke\/\",\"name\":\"Zatrakt\u00edvnenie rozh\u013eadne na Bala\u017eke - OOCR \u0160ari\u0161\",\"isPartOf\":{\"@id\":\"https:\/\/www.regionsaris.sk\/#website\"},\"primaryImageOfPage\":{\"@id\":\"https:\/\/www.regionsaris.sk\/zatraktivnenie-rozhladne-na-balazke\/#primaryimage\"},\"image\":{\"@id\":\"https:\/\/www.regionsaris.sk\/zatraktivnenie-rozhladne-na-balazke\/#primaryimage\"},\"thumbnailUrl\":\"https:\/\/www.regionsaris.sk\/wp-content\/uploads\/2025\/12\/rozhladna_Balazka_Zdroj_OOCR_RS_1-scaled-1.jpg\",\"datePublished\":\"2023-05-04T08:05:22+00:00\",\"dateModified\":\"2026-04-09T11:57:11+00:00\",\"author\":{\"@id\":\"https:\/\/www.regionsaris.sk\/#\/schema\/person\/30fad06d87cd12ad1d94ff5fbd6919d1\"},\"breadcrumb\":{\"@id\":\"https:\/\/www.regionsaris.sk\/zatraktivnenie-rozhladne-na-balazke\/#breadcrumb\"},\"inLanguage\":\"hu\",\"potentialAction\":[{\"@type\":\"ReadAction\",\"target\":[\"https:\/\/www.regionsaris.sk\/zatraktivnenie-rozhladne-na-balazke\/\"]}]},{\"@type\":\"ImageObject\",\"inLanguage\":\"hu\",\"@id\":\"https:\/\/www.regionsaris.sk\/zatraktivnenie-rozhladne-na-balazke\/#primaryimage\",\"url\":\"https:\/\/www.regionsaris.sk\/wp-content\/uploads\/2025\/12\/rozhladna_Balazka_Zdroj_OOCR_RS_1-scaled-1.jpg\",\"contentUrl\":\"https:\/\/www.regionsaris.sk\/wp-content\/uploads\/2025\/12\/rozhladna_Balazka_Zdroj_OOCR_RS_1-scaled-1.jpg\",\"width\":2560,\"height\":1707},{\"@type\":\"BreadcrumbList\",\"@id\":\"https:\/\/www.regionsaris.sk\/zatraktivnenie-rozhladne-na-balazke\/#breadcrumb\",\"itemListElement\":[{\"@type\":\"ListItem\",\"position\":1,\"name\":\"Domov\",\"item\":\"https:\/\/www.regionsaris.sk\/\"},{\"@type\":\"ListItem\",\"position\":2,\"name\":\"Zatrakt\u00edvnenie rozh\u013eadne na Bala\u017eke\"}]},{\"@type\":\"WebSite\",\"@id\":\"https:\/\/www.regionsaris.sk\/#website\",\"url\":\"https:\/\/www.regionsaris.sk\/\",\"name\":\"OOCR \u0160ari\u0161\",\"description\":\"\",\"potentialAction\":[{\"@type\":\"SearchAction\",\"target\":{\"@type\":\"EntryPoint\",\"urlTemplate\":\"https:\/\/www.regionsaris.sk\/?s={search_term_string}\"},\"query-input\":{\"@type\":\"PropertyValueSpecification\",\"valueRequired\":true,\"valueName\":\"search_term_string\"}}],\"inLanguage\":\"hu\"},{\"@type\":\"Person\",\"@id\":\"https:\/\/www.regionsaris.sk\/#\/schema\/person\/30fad06d87cd12ad1d94ff5fbd6919d1\",\"name\":\"dev@bigway.sk\",\"image\":{\"@type\":\"ImageObject\",\"inLanguage\":\"hu\",\"@id\":\"https:\/\/www.regionsaris.sk\/#\/schema\/person\/image\/\",\"url\":\"https:\/\/secure.gravatar.com\/avatar\/013b34bc1192067340cff024d72adf40af543d15809da0502beda083cb4f28a2?s=96&d=mm&r=g\",\"contentUrl\":\"https:\/\/secure.gravatar.com\/avatar\/013b34bc1192067340cff024d72adf40af543d15809da0502beda083cb4f28a2?s=96&d=mm&r=g\",\"caption\":\"dev@bigway.sk\"},\"sameAs\":[\"https:\/\/www.regionsaris.sk\"],\"url\":\"https:\/\/www.regionsaris.sk\/hu\/author\/devbigway-sk\/\"}]}<\/script>\n<!-- \/ Yoast SEO Premium plugin. -->","yoast_head_json":{"title":"Zatrakt\u00edvnenie rozh\u013eadne na Bala\u017eke - OOCR \u0160ari\u0161","robots":{"index":"index","follow":"follow","max-snippet":"max-snippet:-1","max-image-preview":"max-image-preview:large","max-video-preview":"max-video-preview:-1"},"canonical":"https:\/\/www.regionsaris.sk\/hu\/zatraktivnenie-rozhladne-na-balazke\/","og_locale":"hu_HU","og_type":"article","og_title":"Zatrakt\u00edvnenie rozh\u013eadne na Bala\u017eke","og_description":"Nad\u0161enci prech\u00e1dzok \u010doraz viac vyh\u013ead\u00e1vaj\u00fa miesta, v\u010faka ktor\u00fdm si spr\u00edjemnia poh\u013eady do \u0161irok\u00e9ho okolia. Ve\u013ek\u00fdm...","og_url":"https:\/\/www.regionsaris.sk\/hu\/zatraktivnenie-rozhladne-na-balazke\/","og_site_name":"OOCR \u0160ari\u0161","article_published_time":"2023-05-04T08:05:22+00:00","article_modified_time":"2026-04-09T11:57:11+00:00","og_image":[{"width":2560,"height":1707,"url":"https:\/\/www.regionsaris.sk\/wp-content\/uploads\/2025\/12\/rozhladna_Balazka_Zdroj_OOCR_RS_1-scaled-1.jpg","type":"image\/jpeg"}],"author":"dev@bigway.sk","twitter_card":"summary_large_image","twitter_misc":{"Szerz\u0151:":"dev@bigway.sk","Becs\u00fclt olvas\u00e1si id\u0151":"4 perc"},"schema":{"@context":"https:\/\/schema.org","@graph":[{"@type":"Article","@id":"https:\/\/www.regionsaris.sk\/zatraktivnenie-rozhladne-na-balazke\/#article","isPartOf":{"@id":"https:\/\/www.regionsaris.sk\/zatraktivnenie-rozhladne-na-balazke\/"},"author":{"name":"dev@bigway.sk","@id":"https:\/\/www.regionsaris.sk\/#\/schema\/person\/30fad06d87cd12ad1d94ff5fbd6919d1"},"headline":"Zatrakt\u00edvnenie rozh\u013eadne na Bala\u017eke","datePublished":"2023-05-04T08:05:22+00:00","dateModified":"2026-04-09T11:57:11+00:00","mainEntityOfPage":{"@id":"https:\/\/www.regionsaris.sk\/zatraktivnenie-rozhladne-na-balazke\/"},"wordCount":588,"commentCount":0,"image":{"@id":"https:\/\/www.regionsaris.sk\/zatraktivnenie-rozhladne-na-balazke\/#primaryimage"},"thumbnailUrl":"https:\/\/www.regionsaris.sk\/wp-content\/uploads\/2025\/12\/rozhladna_Balazka_Zdroj_OOCR_RS_1-scaled-1.jpg","articleSection":["Novinky"],"inLanguage":"hu","potentialAction":[{"@type":"CommentAction","name":"Comment","target":["https:\/\/www.regionsaris.sk\/zatraktivnenie-rozhladne-na-balazke\/#respond"]}]},{"@type":"WebPage","@id":"https:\/\/www.regionsaris.sk\/zatraktivnenie-rozhladne-na-balazke\/","url":"https:\/\/www.regionsaris.sk\/zatraktivnenie-rozhladne-na-balazke\/","name":"Zatrakt\u00edvnenie rozh\u013eadne na Bala\u017eke - OOCR \u0160ari\u0161","isPartOf":{"@id":"https:\/\/www.regionsaris.sk\/#website"},"primaryImageOfPage":{"@id":"https:\/\/www.regionsaris.sk\/zatraktivnenie-rozhladne-na-balazke\/#primaryimage"},"image":{"@id":"https:\/\/www.regionsaris.sk\/zatraktivnenie-rozhladne-na-balazke\/#primaryimage"},"thumbnailUrl":"https:\/\/www.regionsaris.sk\/wp-content\/uploads\/2025\/12\/rozhladna_Balazka_Zdroj_OOCR_RS_1-scaled-1.jpg","datePublished":"2023-05-04T08:05:22+00:00","dateModified":"2026-04-09T11:57:11+00:00","author":{"@id":"https:\/\/www.regionsaris.sk\/#\/schema\/person\/30fad06d87cd12ad1d94ff5fbd6919d1"},"breadcrumb":{"@id":"https:\/\/www.regionsaris.sk\/zatraktivnenie-rozhladne-na-balazke\/#breadcrumb"},"inLanguage":"hu","potentialAction":[{"@type":"ReadAction","target":["https:\/\/www.regionsaris.sk\/zatraktivnenie-rozhladne-na-balazke\/"]}]},{"@type":"ImageObject","inLanguage":"hu","@id":"https:\/\/www.regionsaris.sk\/zatraktivnenie-rozhladne-na-balazke\/#primaryimage","url":"https:\/\/www.regionsaris.sk\/wp-content\/uploads\/2025\/12\/rozhladna_Balazka_Zdroj_OOCR_RS_1-scaled-1.jpg","contentUrl":"https:\/\/www.regionsaris.sk\/wp-content\/uploads\/2025\/12\/rozhladna_Balazka_Zdroj_OOCR_RS_1-scaled-1.jpg","width":2560,"height":1707},{"@type":"BreadcrumbList","@id":"https:\/\/www.regionsaris.sk\/zatraktivnenie-rozhladne-na-balazke\/#breadcrumb","itemListElement":[{"@type":"ListItem","position":1,"name":"Domov","item":"https:\/\/www.regionsaris.sk\/"},{"@type":"ListItem","position":2,"name":"Zatrakt\u00edvnenie rozh\u013eadne na Bala\u017eke"}]},{"@type":"WebSite","@id":"https:\/\/www.regionsaris.sk\/#website","url":"https:\/\/www.regionsaris.sk\/","name":"OOCR \u0160ari\u0161","description":"","potentialAction":[{"@type":"SearchAction","target":{"@type":"EntryPoint","urlTemplate":"https:\/\/www.regionsaris.sk\/?s={search_term_string}"},"query-input":{"@type":"PropertyValueSpecification","valueRequired":true,"valueName":"search_term_string"}}],"inLanguage":"hu"},{"@type":"Person","@id":"https:\/\/www.regionsaris.sk\/#\/schema\/person\/30fad06d87cd12ad1d94ff5fbd6919d1","name":"dev@bigway.sk","image":{"@type":"ImageObject","inLanguage":"hu","@id":"https:\/\/www.regionsaris.sk\/#\/schema\/person\/image\/","url":"https:\/\/secure.gravatar.com\/avatar\/013b34bc1192067340cff024d72adf40af543d15809da0502beda083cb4f28a2?s=96&d=mm&r=g","contentUrl":"https:\/\/secure.gravatar.com\/avatar\/013b34bc1192067340cff024d72adf40af543d15809da0502beda083cb4f28a2?s=96&d=mm&r=g","caption":"dev@bigway.sk"},"sameAs":["https:\/\/www.regionsaris.sk"],"url":"https:\/\/www.regionsaris.sk\/hu\/author\/devbigway-sk\/"}]}},"_links":{"self":[{"href":"https:\/\/www.regionsaris.sk\/hu\/wp-json\/wp\/v2\/posts\/357","targetHints":{"allow":["GET"]}}],"collection":[{"href":"https:\/\/www.regionsaris.sk\/hu\/wp-json\/wp\/v2\/posts"}],"about":[{"href":"https:\/\/www.regionsaris.sk\/hu\/wp-json\/wp\/v2\/types\/post"}],"author":[{"embeddable":true,"href":"https:\/\/www.regionsaris.sk\/hu\/wp-json\/wp\/v2\/users\/1"}],"replies":[{"embeddable":true,"href":"https:\/\/www.regionsaris.sk\/hu\/wp-json\/wp\/v2\/comments?post=357"}],"version-history":[{"count":2,"href":"https:\/\/www.regionsaris.sk\/hu\/wp-json\/wp\/v2\/posts\/357\/revisions"}],"predecessor-version":[{"id":4311,"href":"https:\/\/www.regionsaris.sk\/hu\/wp-json\/wp\/v2\/posts\/357\/revisions\/4311"}],"wp:featuredmedia":[{"embeddable":true,"href":"https:\/\/www.regionsaris.sk\/hu\/wp-json\/wp\/v2\/media\/360"}],"wp:attachment":[{"href":"https:\/\/www.regionsaris.sk\/hu\/wp-json\/wp\/v2\/media?parent=357"}],"wp:term":[{"taxonomy":"category","embeddable":true,"href":"https:\/\/www.regionsaris.sk\/hu\/wp-json\/wp\/v2\/categories?post=357"},{"taxonomy":"post_tag","embeddable":true,"href":"https:\/\/www.regionsaris.sk\/hu\/wp-json\/wp\/v2\/tags?post=357"}],"curies":[{"name":"wp","href":"https:\/\/api.w.org\/{rel}","templated":true}]}}