{"id":330,"date":"2023-01-31T09:59:06","date_gmt":"2023-01-31T08:59:06","guid":{"rendered":"https:\/\/www.regionsaris.sk\/zabava-na-snehu-v-lyziarskom-stredisku-ski-lysa\/"},"modified":"2025-12-15T10:06:36","modified_gmt":"2025-12-15T09:06:36","slug":"zabava-na-snehu-v-lyziarskom-stredisku-ski-lysa","status":"publish","type":"post","link":"https:\/\/www.regionsaris.sk\/hu\/zabava-na-snehu-v-lyziarskom-stredisku-ski-lysa\/","title":{"rendered":"Sz\u00f3rakoz\u00e1s a h\u00f3ban a SKI Lys\u00e1 s\u00edk\u00f6zpontban"},"content":{"rendered":"<strong>Az egyik dolog, ami megk\u00fcl\u00f6nb\u00f6zteti a SKI Lys\u00e1-t a t\u00f6bbi s\u00edk\u00f6zpontokt\u00f3l, az az egyed\u00fcl\u00e1ll\u00f3 elhelyezked\u00e9se. A SKI Lys\u00e1 kiss\u00e9 elrejtve fekszik \u010cergov sz\u00edv\u00e9ben.<\/strong>\n\nA Lys\u00e1 cs\u00facs\u00e1r\u00f3l (1 068 m tengerszint feletti magass\u00e1g) csod\u00e1latos kil\u00e1t\u00e1s ny\u00edlik a f\u0151gerincre, a Nagy Javorin\u00e1ra, a Min\u010dolra \u00e9s - j\u00f3 l\u00e1t\u00e1si viszonyok eset\u00e9n - a T\u00e1tr\u00e1ra. Az \u00fcd\u00fcl\u0151helyre Drienica k\u00f6zs\u00e9gb\u0151l lehet feljutni.\n\n<img loading=\"lazy\" decoding=\"async\" class=\"aligncenter wp-image-12799 size-full\" src=\"https:\/\/www.regionsaris.sk\/wp-content\/uploads\/2025\/12\/ski-lysa-titulna.jpg\" alt=\"\" width=\"1000\" height=\"500\" \/>\n\nA t\u00e9li szezonban a h\u00f3\u00e1gy\u00farendszer garant\u00e1lja a havaz\u00e1st. A s\u00edel\u0151knek \u00e9s snowboardosoknak \u00fcl\u0151liftet, s\u00edfelvon\u00f3kat \u00e9s t\u00f6bb mint hat kilom\u00e9ter hossz\u00fa, gondozott p\u00e1ly\u00e1kat k\u00edn\u00e1l, gy\u00f6ny\u00f6r\u0171 kil\u00e1t\u00e1ssal a v\u00f6lgyre. A l\u00e1togat\u00f3k online is megtekinthetik az \u00fcd\u00fcl\u0151k\u00f6zpont t\u00e9rk\u00e9p\u00e9t a k\u00f6vetkez\u0151 c\u00edmen <a href=\"https:\/\/www.skilysa.sk\/mapa-strediska\/#zjazdovky\" target=\"_blank\" rel=\"noopener\">www.skilysa.sk\/mapa-strediska\/.<\/a>\n\nRengeteg energi\u00e1t \u00e9s nagy sz\u00edvet fektetett a SKI LYS\u00c1 \u00fcd\u00fcl\u0151hely \u00fajj\u00e1\u00e9p\u00edt\u00e9s\u00e9be. C\u00e9lja, hogy a lehet\u0151 legjobb k\u00f6r\u00fclm\u00e9nyeket teremtse meg a l\u00e1togat\u00f3k sz\u00e1m\u00e1ra. Ugyanakkor r\u00e1j\u00f6ttek, hogy az \u00e1r er\u0151s d\u00f6nt\u0151 t\u00e9nyez\u0151 a \u201eHov\u00e1 menjek s\u00edelni?\u201c dilemm\u00e1ban. Ez\u00e9rt id\u00e9n a k\u00f6vetkez\u0151 aj\u00e1nlatokat k\u00edn\u00e1lj\u00e1k <strong>verhetetlen \u00e1rak a s\u00edel\u00e9shez<\/strong>. A t<a href=\"https:\/\/www.skilysa.sk\/cennik-zimna-sezona\/\" target=\"_blank\" rel=\"noopener\">jelenlegi s\u00edb\u00e9rletek.\u00a0<\/a>\n\n<img loading=\"lazy\" decoding=\"async\" class=\"aligncenter wp-image-12809 size-full\" src=\"https:\/\/www.regionsaris.sk\/wp-content\/uploads\/2025\/12\/SKI_Lysa_1_Foto_SKI_LYSA.jpg\" alt=\"\" width=\"2560\" height=\"1705\" \/>\n\nA SKI LYS\u00c1 \u00e9vente t\u00f6bb kijel\u00f6lt p\u00e1ly\u00e1n \u00e1polt p\u00e1ly\u00e1kkal kedveskedik a s\u00edfut\u00f3knak, amelyekkel sehol m\u00e1shol nem tal\u00e1lkozhat a \u0160ari\u0161 r\u00e9gi\u00f3ban. Kedvez\u0151 k\u00f6r\u00fclm\u00e9nyek k\u00f6z\u00f6tt rendelkez\u00e9sre \u00e1llnak <strong>terepfut\u00f3p\u00e1ly\u00e1k<\/strong> mint p\u00e9ld\u00e1ul a 15 km hossz\u00fa \u010cergovsk\u00fd term\u00e9szeti sportter\u00fclet, a 35 km hossz\u00fa \u010cergovsk\u00fd tan\u00f6sv\u00e9ny vagy a Bogu\u0161on \u00e1tvezet\u0151 5 km hossz\u00fa p\u00e1lya.\n\nA s\u00edhegym\u00e1sz\u00e1s egyre n\u00e9pszer\u0171bb az \u00fcd\u00fcl\u0151helyen, \u00edgy nem feledkeznek meg ennek a t\u00e9li sportnak a kedvel\u0151ir\u0151l sem. A s\u00edk\u00f6zpont t\u00f6k\u00e9letes a k\u00f6vetkez\u0151k sz\u00e1m\u00e1ra <strong>sz\u00e1mos t\u00fara\u00fatvonal<\/strong> \u00e9s a lejtmenet lehet\u0151s\u00e9gei. Az \u00fcd\u00fcl\u0151helyen tal\u00e1lhat\u00f3 s\u00edp\u00e1ly\u00e1kon \u00e9s s\u00edfut\u00f3p\u00e1ly\u00e1kon k\u00edv\u00fcl n\u00e9gy, Lys\u00e1b\u00f3l a k\u00f6rnyez\u0151 hegyekbe vezet\u0151, k\u00fcl\u00f6nb\u00f6z\u0151 neh\u00e9zs\u00e9gi szinteknek megfelel\u0151 k\u00f6rp\u00e1ly\u00e1ra is k\u00e9sz\u00edtettek javaslatokat.\n<ol>\n \t<li>Besn\u00e1 nyeregp\u00e1lya - 8 km<\/li>\n \t<li>Ve\u013ek\u00e1 Javorina k\u00f6r\u00fat - 19 km<\/li>\n \t<li>Solisko p\u00e1lya - 26 km<\/li>\n \t<li>Min\u010dol p\u00e1lya - 46 km<\/li>\n<\/ol>\nAz \u00fcd\u00fcl\u0151hely vonzerej\u00e9t k\u00fcl\u00f6nb\u00f6z\u0151 tev\u00e9kenys\u00e9gek eg\u00e9sz\u00edtik ki. Tapasztalja meg az egyed\u00fcl\u00e1ll\u00f3 <strong>esti sz\u00e1nk\u00f3z\u00e1s<\/strong> h\u00f3 rajong\u00f3k nagy \u00e9s kicsi m\u00e1r<strong> Febru\u00e1r 11-\u00e9n 16:00-t\u00f3l 20:00-ig.<\/strong> A Lys\u00e1n megjelenik egy 3 km hossz\u00fa sz\u00e1nk\u00f3p\u00e1lya, amely a felvon\u00f3 kij\u00e1rati \u00e1llom\u00e1s\u00e1t\u00f3l eg\u00e9szen a parkol\u00f3ig vezet.\n<div class=\"x11i5rnm xat24cr x1mh8g0r x1vvkbs xtlvy1s x126k92a\">\n<div dir=\"auto\"><img loading=\"lazy\" decoding=\"async\" class=\"aligncenter wp-image-12803 size-full\" src=\"https:\/\/www.regionsaris.sk\/wp-content\/uploads\/2025\/12\/vecerna-sankovacka-na-lysej.jpg\" alt=\"\" width=\"940\" height=\"788\" \/><\/div>\n<div dir=\"auto\">\n<div class=\"x11i5rnm xat24cr x1mh8g0r x1vvkbs xtlvy1s x126k92a\">\n<p dir=\"auto\">A maszkos h\u00f3 \u00f6r\u00f6me id\u00e9n is megism\u00e9tl\u0151dhet. Ha a sportot \u00e9s a sz\u00f3rakoz\u00e1st \u00f6sszekapcsolja, akkor Lys\u00e1n maszkos s\u00edel\u00e9st hoz l\u00e9tre, amelyre febru\u00e1r 18-\u00e1n ker\u00fcl sor. R\u00e1ad\u00e1sul a maszkos gyerekek \u00e9des jutalomban r\u00e9szes\u00fclnek. A maszkos s\u00edel\u0151k 10% kedvezm\u00e9nyt kapnak a s\u00edb\u00e9rlet\u00fckb\u0151l \u00e9s ingyenes te\u00e1t a meleg\u00edt\u00e9shez a Mountain Sport Chalet-ben.<\/p>\n\n<div class=\"x11i5rnm xat24cr x1mh8g0r x1vvkbs xtlvy1s x126k92a\">\n<div dir=\"auto\"><img loading=\"lazy\" decoding=\"async\" class=\"aligncenter wp-image-12811 size-full\" src=\"https:\/\/www.regionsaris.sk\/wp-content\/uploads\/2025\/12\/SKI_Lysa_2_Foto_SKI_LYSA-scaled-1.jpg\" alt=\"\" width=\"2560\" height=\"1920\" \/><\/div>\n<\/div>\n<\/div>\n<\/div>\n<\/div>","protected":false},"excerpt":{"rendered":"<p>Jednou z vec\u00ed, ktor\u00e9 sa stredisko SKI Lys\u00e1 odli\u0161uje od ostatn\u00fdch ly\u017eiarsk\u00fdch stred\u00edsk, je jej...<\/p>","protected":false},"author":1,"featured_media":336,"comment_status":"open","ping_status":"open","sticky":false,"template":"","format":"standard","meta":{"_acf_changed":false,"footnotes":""},"categories":[1],"tags":[],"class_list":["post-330","post","type-post","status-publish","format-standard","has-post-thumbnail","hentry","category-novinky"],"acf":[],"yoast_head":"<!-- This site is optimized with the Yoast SEO Premium plugin v26.3 (Yoast SEO v26.8) - https:\/\/yoast.com\/product\/yoast-seo-premium-wordpress\/ -->\n<title>Z\u00e1bava na snehu v ly\u017eiarskom stredisku SKI Lys\u00e1 - OOCR \u0160ari\u0161<\/title>\n<meta name=\"robots\" content=\"index, follow, max-snippet:-1, max-image-preview:large, max-video-preview:-1\" \/>\n<link rel=\"canonical\" href=\"https:\/\/www.regionsaris.sk\/hu\/zabava-na-snehu-v-lyziarskom-stredisku-ski-lysa\/\" \/>\n<meta property=\"og:locale\" content=\"hu_HU\" \/>\n<meta property=\"og:type\" content=\"article\" \/>\n<meta property=\"og:title\" content=\"Z\u00e1bava na snehu v ly\u017eiarskom stredisku SKI Lys\u00e1\" \/>\n<meta property=\"og:description\" content=\"Jednou z vec\u00ed, ktor\u00e9 sa stredisko SKI Lys\u00e1 odli\u0161uje od ostatn\u00fdch ly\u017eiarsk\u00fdch stred\u00edsk, je jej...\" \/>\n<meta property=\"og:url\" content=\"https:\/\/www.regionsaris.sk\/hu\/zabava-na-snehu-v-lyziarskom-stredisku-ski-lysa\/\" \/>\n<meta property=\"og:site_name\" content=\"OOCR \u0160ari\u0161\" \/>\n<meta property=\"article:published_time\" content=\"2023-01-31T08:59:06+00:00\" \/>\n<meta property=\"article:modified_time\" content=\"2025-12-15T09:06:36+00:00\" \/>\n<meta property=\"og:image\" content=\"https:\/\/www.regionsaris.sk\/wp-content\/uploads\/2025\/12\/ski-lysa-foto.jpg\" \/>\n\t<meta property=\"og:image:width\" content=\"2048\" \/>\n\t<meta property=\"og:image:height\" content=\"1365\" \/>\n\t<meta property=\"og:image:type\" content=\"image\/jpeg\" \/>\n<meta name=\"author\" content=\"dev@bigway.sk\" \/>\n<meta name=\"twitter:card\" content=\"summary_large_image\" \/>\n<meta name=\"twitter:label1\" content=\"Szerz\u0151:\" \/>\n\t<meta name=\"twitter:data1\" content=\"dev@bigway.sk\" \/>\n\t<meta name=\"twitter:label2\" content=\"Becs\u00fclt olvas\u00e1si id\u0151\" \/>\n\t<meta name=\"twitter:data2\" content=\"2 perc\" \/>\n<script type=\"application\/ld+json\" class=\"yoast-schema-graph\">{\"@context\":\"https:\/\/schema.org\",\"@graph\":[{\"@type\":\"Article\",\"@id\":\"https:\/\/www.regionsaris.sk\/zabava-na-snehu-v-lyziarskom-stredisku-ski-lysa\/#article\",\"isPartOf\":{\"@id\":\"https:\/\/www.regionsaris.sk\/zabava-na-snehu-v-lyziarskom-stredisku-ski-lysa\/\"},\"author\":{\"name\":\"dev@bigway.sk\",\"@id\":\"https:\/\/www.regionsaris.sk\/#\/schema\/person\/30fad06d87cd12ad1d94ff5fbd6919d1\"},\"headline\":\"Z\u00e1bava na snehu v ly\u017eiarskom stredisku SKI Lys\u00e1\",\"datePublished\":\"2023-01-31T08:59:06+00:00\",\"dateModified\":\"2025-12-15T09:06:36+00:00\",\"mainEntityOfPage\":{\"@id\":\"https:\/\/www.regionsaris.sk\/zabava-na-snehu-v-lyziarskom-stredisku-ski-lysa\/\"},\"wordCount\":486,\"commentCount\":0,\"image\":{\"@id\":\"https:\/\/www.regionsaris.sk\/zabava-na-snehu-v-lyziarskom-stredisku-ski-lysa\/#primaryimage\"},\"thumbnailUrl\":\"https:\/\/www.regionsaris.sk\/wp-content\/uploads\/2025\/12\/ski-lysa-foto.jpg\",\"articleSection\":[\"Novinky\"],\"inLanguage\":\"hu\",\"potentialAction\":[{\"@type\":\"CommentAction\",\"name\":\"Comment\",\"target\":[\"https:\/\/www.regionsaris.sk\/zabava-na-snehu-v-lyziarskom-stredisku-ski-lysa\/#respond\"]}]},{\"@type\":\"WebPage\",\"@id\":\"https:\/\/www.regionsaris.sk\/zabava-na-snehu-v-lyziarskom-stredisku-ski-lysa\/\",\"url\":\"https:\/\/www.regionsaris.sk\/zabava-na-snehu-v-lyziarskom-stredisku-ski-lysa\/\",\"name\":\"Z\u00e1bava na snehu v ly\u017eiarskom stredisku SKI Lys\u00e1 - OOCR \u0160ari\u0161\",\"isPartOf\":{\"@id\":\"https:\/\/www.regionsaris.sk\/#website\"},\"primaryImageOfPage\":{\"@id\":\"https:\/\/www.regionsaris.sk\/zabava-na-snehu-v-lyziarskom-stredisku-ski-lysa\/#primaryimage\"},\"image\":{\"@id\":\"https:\/\/www.regionsaris.sk\/zabava-na-snehu-v-lyziarskom-stredisku-ski-lysa\/#primaryimage\"},\"thumbnailUrl\":\"https:\/\/www.regionsaris.sk\/wp-content\/uploads\/2025\/12\/ski-lysa-foto.jpg\",\"datePublished\":\"2023-01-31T08:59:06+00:00\",\"dateModified\":\"2025-12-15T09:06:36+00:00\",\"author\":{\"@id\":\"https:\/\/www.regionsaris.sk\/#\/schema\/person\/30fad06d87cd12ad1d94ff5fbd6919d1\"},\"breadcrumb\":{\"@id\":\"https:\/\/www.regionsaris.sk\/zabava-na-snehu-v-lyziarskom-stredisku-ski-lysa\/#breadcrumb\"},\"inLanguage\":\"hu\",\"potentialAction\":[{\"@type\":\"ReadAction\",\"target\":[\"https:\/\/www.regionsaris.sk\/zabava-na-snehu-v-lyziarskom-stredisku-ski-lysa\/\"]}]},{\"@type\":\"ImageObject\",\"inLanguage\":\"hu\",\"@id\":\"https:\/\/www.regionsaris.sk\/zabava-na-snehu-v-lyziarskom-stredisku-ski-lysa\/#primaryimage\",\"url\":\"https:\/\/www.regionsaris.sk\/wp-content\/uploads\/2025\/12\/ski-lysa-foto.jpg\",\"contentUrl\":\"https:\/\/www.regionsaris.sk\/wp-content\/uploads\/2025\/12\/ski-lysa-foto.jpg\",\"width\":2048,\"height\":1365},{\"@type\":\"BreadcrumbList\",\"@id\":\"https:\/\/www.regionsaris.sk\/zabava-na-snehu-v-lyziarskom-stredisku-ski-lysa\/#breadcrumb\",\"itemListElement\":[{\"@type\":\"ListItem\",\"position\":1,\"name\":\"Domov\",\"item\":\"https:\/\/www.regionsaris.sk\/\"},{\"@type\":\"ListItem\",\"position\":2,\"name\":\"Z\u00e1bava na snehu v ly\u017eiarskom stredisku SKI Lys\u00e1\"}]},{\"@type\":\"WebSite\",\"@id\":\"https:\/\/www.regionsaris.sk\/#website\",\"url\":\"https:\/\/www.regionsaris.sk\/\",\"name\":\"OOCR \u0160ari\u0161\",\"description\":\"\",\"potentialAction\":[{\"@type\":\"SearchAction\",\"target\":{\"@type\":\"EntryPoint\",\"urlTemplate\":\"https:\/\/www.regionsaris.sk\/?s={search_term_string}\"},\"query-input\":{\"@type\":\"PropertyValueSpecification\",\"valueRequired\":true,\"valueName\":\"search_term_string\"}}],\"inLanguage\":\"hu\"},{\"@type\":\"Person\",\"@id\":\"https:\/\/www.regionsaris.sk\/#\/schema\/person\/30fad06d87cd12ad1d94ff5fbd6919d1\",\"name\":\"dev@bigway.sk\",\"image\":{\"@type\":\"ImageObject\",\"inLanguage\":\"hu\",\"@id\":\"https:\/\/www.regionsaris.sk\/#\/schema\/person\/image\/\",\"url\":\"https:\/\/secure.gravatar.com\/avatar\/013b34bc1192067340cff024d72adf40af543d15809da0502beda083cb4f28a2?s=96&d=mm&r=g\",\"contentUrl\":\"https:\/\/secure.gravatar.com\/avatar\/013b34bc1192067340cff024d72adf40af543d15809da0502beda083cb4f28a2?s=96&d=mm&r=g\",\"caption\":\"dev@bigway.sk\"},\"sameAs\":[\"https:\/\/www.regionsaris.sk\"],\"url\":\"https:\/\/www.regionsaris.sk\/hu\/author\/devbigway-sk\/\"}]}<\/script>\n<!-- \/ Yoast SEO Premium plugin. -->","yoast_head_json":{"title":"Z\u00e1bava na snehu v ly\u017eiarskom stredisku SKI Lys\u00e1 - OOCR \u0160ari\u0161","robots":{"index":"index","follow":"follow","max-snippet":"max-snippet:-1","max-image-preview":"max-image-preview:large","max-video-preview":"max-video-preview:-1"},"canonical":"https:\/\/www.regionsaris.sk\/hu\/zabava-na-snehu-v-lyziarskom-stredisku-ski-lysa\/","og_locale":"hu_HU","og_type":"article","og_title":"Z\u00e1bava na snehu v ly\u017eiarskom stredisku SKI Lys\u00e1","og_description":"Jednou z vec\u00ed, ktor\u00e9 sa stredisko SKI Lys\u00e1 odli\u0161uje od ostatn\u00fdch ly\u017eiarsk\u00fdch stred\u00edsk, je jej...","og_url":"https:\/\/www.regionsaris.sk\/hu\/zabava-na-snehu-v-lyziarskom-stredisku-ski-lysa\/","og_site_name":"OOCR \u0160ari\u0161","article_published_time":"2023-01-31T08:59:06+00:00","article_modified_time":"2025-12-15T09:06:36+00:00","og_image":[{"width":2048,"height":1365,"url":"https:\/\/www.regionsaris.sk\/wp-content\/uploads\/2025\/12\/ski-lysa-foto.jpg","type":"image\/jpeg"}],"author":"dev@bigway.sk","twitter_card":"summary_large_image","twitter_misc":{"Szerz\u0151:":"dev@bigway.sk","Becs\u00fclt olvas\u00e1si id\u0151":"2 perc"},"schema":{"@context":"https:\/\/schema.org","@graph":[{"@type":"Article","@id":"https:\/\/www.regionsaris.sk\/zabava-na-snehu-v-lyziarskom-stredisku-ski-lysa\/#article","isPartOf":{"@id":"https:\/\/www.regionsaris.sk\/zabava-na-snehu-v-lyziarskom-stredisku-ski-lysa\/"},"author":{"name":"dev@bigway.sk","@id":"https:\/\/www.regionsaris.sk\/#\/schema\/person\/30fad06d87cd12ad1d94ff5fbd6919d1"},"headline":"Z\u00e1bava na snehu v ly\u017eiarskom stredisku SKI Lys\u00e1","datePublished":"2023-01-31T08:59:06+00:00","dateModified":"2025-12-15T09:06:36+00:00","mainEntityOfPage":{"@id":"https:\/\/www.regionsaris.sk\/zabava-na-snehu-v-lyziarskom-stredisku-ski-lysa\/"},"wordCount":486,"commentCount":0,"image":{"@id":"https:\/\/www.regionsaris.sk\/zabava-na-snehu-v-lyziarskom-stredisku-ski-lysa\/#primaryimage"},"thumbnailUrl":"https:\/\/www.regionsaris.sk\/wp-content\/uploads\/2025\/12\/ski-lysa-foto.jpg","articleSection":["Novinky"],"inLanguage":"hu","potentialAction":[{"@type":"CommentAction","name":"Comment","target":["https:\/\/www.regionsaris.sk\/zabava-na-snehu-v-lyziarskom-stredisku-ski-lysa\/#respond"]}]},{"@type":"WebPage","@id":"https:\/\/www.regionsaris.sk\/zabava-na-snehu-v-lyziarskom-stredisku-ski-lysa\/","url":"https:\/\/www.regionsaris.sk\/zabava-na-snehu-v-lyziarskom-stredisku-ski-lysa\/","name":"Z\u00e1bava na snehu v ly\u017eiarskom stredisku SKI Lys\u00e1 - OOCR \u0160ari\u0161","isPartOf":{"@id":"https:\/\/www.regionsaris.sk\/#website"},"primaryImageOfPage":{"@id":"https:\/\/www.regionsaris.sk\/zabava-na-snehu-v-lyziarskom-stredisku-ski-lysa\/#primaryimage"},"image":{"@id":"https:\/\/www.regionsaris.sk\/zabava-na-snehu-v-lyziarskom-stredisku-ski-lysa\/#primaryimage"},"thumbnailUrl":"https:\/\/www.regionsaris.sk\/wp-content\/uploads\/2025\/12\/ski-lysa-foto.jpg","datePublished":"2023-01-31T08:59:06+00:00","dateModified":"2025-12-15T09:06:36+00:00","author":{"@id":"https:\/\/www.regionsaris.sk\/#\/schema\/person\/30fad06d87cd12ad1d94ff5fbd6919d1"},"breadcrumb":{"@id":"https:\/\/www.regionsaris.sk\/zabava-na-snehu-v-lyziarskom-stredisku-ski-lysa\/#breadcrumb"},"inLanguage":"hu","potentialAction":[{"@type":"ReadAction","target":["https:\/\/www.regionsaris.sk\/zabava-na-snehu-v-lyziarskom-stredisku-ski-lysa\/"]}]},{"@type":"ImageObject","inLanguage":"hu","@id":"https:\/\/www.regionsaris.sk\/zabava-na-snehu-v-lyziarskom-stredisku-ski-lysa\/#primaryimage","url":"https:\/\/www.regionsaris.sk\/wp-content\/uploads\/2025\/12\/ski-lysa-foto.jpg","contentUrl":"https:\/\/www.regionsaris.sk\/wp-content\/uploads\/2025\/12\/ski-lysa-foto.jpg","width":2048,"height":1365},{"@type":"BreadcrumbList","@id":"https:\/\/www.regionsaris.sk\/zabava-na-snehu-v-lyziarskom-stredisku-ski-lysa\/#breadcrumb","itemListElement":[{"@type":"ListItem","position":1,"name":"Domov","item":"https:\/\/www.regionsaris.sk\/"},{"@type":"ListItem","position":2,"name":"Z\u00e1bava na snehu v ly\u017eiarskom stredisku SKI Lys\u00e1"}]},{"@type":"WebSite","@id":"https:\/\/www.regionsaris.sk\/#website","url":"https:\/\/www.regionsaris.sk\/","name":"OOCR \u0160ari\u0161","description":"","potentialAction":[{"@type":"SearchAction","target":{"@type":"EntryPoint","urlTemplate":"https:\/\/www.regionsaris.sk\/?s={search_term_string}"},"query-input":{"@type":"PropertyValueSpecification","valueRequired":true,"valueName":"search_term_string"}}],"inLanguage":"hu"},{"@type":"Person","@id":"https:\/\/www.regionsaris.sk\/#\/schema\/person\/30fad06d87cd12ad1d94ff5fbd6919d1","name":"dev@bigway.sk","image":{"@type":"ImageObject","inLanguage":"hu","@id":"https:\/\/www.regionsaris.sk\/#\/schema\/person\/image\/","url":"https:\/\/secure.gravatar.com\/avatar\/013b34bc1192067340cff024d72adf40af543d15809da0502beda083cb4f28a2?s=96&d=mm&r=g","contentUrl":"https:\/\/secure.gravatar.com\/avatar\/013b34bc1192067340cff024d72adf40af543d15809da0502beda083cb4f28a2?s=96&d=mm&r=g","caption":"dev@bigway.sk"},"sameAs":["https:\/\/www.regionsaris.sk"],"url":"https:\/\/www.regionsaris.sk\/hu\/author\/devbigway-sk\/"}]}},"_links":{"self":[{"href":"https:\/\/www.regionsaris.sk\/hu\/wp-json\/wp\/v2\/posts\/330","targetHints":{"allow":["GET"]}}],"collection":[{"href":"https:\/\/www.regionsaris.sk\/hu\/wp-json\/wp\/v2\/posts"}],"about":[{"href":"https:\/\/www.regionsaris.sk\/hu\/wp-json\/wp\/v2\/types\/post"}],"author":[{"embeddable":true,"href":"https:\/\/www.regionsaris.sk\/hu\/wp-json\/wp\/v2\/users\/1"}],"replies":[{"embeddable":true,"href":"https:\/\/www.regionsaris.sk\/hu\/wp-json\/wp\/v2\/comments?post=330"}],"version-history":[{"count":1,"href":"https:\/\/www.regionsaris.sk\/hu\/wp-json\/wp\/v2\/posts\/330\/revisions"}],"predecessor-version":[{"id":335,"href":"https:\/\/www.regionsaris.sk\/hu\/wp-json\/wp\/v2\/posts\/330\/revisions\/335"}],"wp:featuredmedia":[{"embeddable":true,"href":"https:\/\/www.regionsaris.sk\/hu\/wp-json\/wp\/v2\/media\/336"}],"wp:attachment":[{"href":"https:\/\/www.regionsaris.sk\/hu\/wp-json\/wp\/v2\/media?parent=330"}],"wp:term":[{"taxonomy":"category","embeddable":true,"href":"https:\/\/www.regionsaris.sk\/hu\/wp-json\/wp\/v2\/categories?post=330"},{"taxonomy":"post_tag","embeddable":true,"href":"https:\/\/www.regionsaris.sk\/hu\/wp-json\/wp\/v2\/tags?post=330"}],"curies":[{"name":"wp","href":"https:\/\/api.w.org\/{rel}","templated":true}]}}