{"id":318,"date":"2022-12-06T17:49:28","date_gmt":"2022-12-06T16:49:28","guid":{"rendered":"https:\/\/www.regionsaris.sk\/presovske-vianocne-trhy-su-v-plnom-prude\/"},"modified":"2025-12-15T10:06:32","modified_gmt":"2025-12-15T09:06:32","slug":"presovske-vianocne-trhy-su-v-plnom-prude","status":"publish","type":"post","link":"https:\/\/www.regionsaris.sk\/hu\/presovske-vianocne-trhy-su-v-plnom-prude\/","title":{"rendered":"A pre\u0161ovi kar\u00e1csonyi v\u00e1s\u00e1rok teljes lend\u00fclettel zajlanak"},"content":{"rendered":"<p><strong>A pre\u0161ovi kar\u00e1csonyi v\u00e1s\u00e1rok meghosszabb\u00edtott id\u0151pontban folytat\u00f3dnak.<\/strong><\/p>\n\n\n\n<p><strong>A kar\u00e1csony mindenekel\u0151tt a b\u00e9ke \u00e9s a v\u00e1rva v\u00e1rt \u00f6sszej\u00f6vetelek \u00fcnnepe. A kar\u00e1csonyi piacok a kar\u00e1csonyi szezon elengedhetetlen r\u00e9sz\u00e9t k\u00e9pezik Pre\u0161ovban. Az elm\u00falt hetekben Pre\u0161ov f\u0151tere a k\u00f6z\u00f6s \u00fcnnepi pillanatok helysz\u00edn\u00e9v\u00e9 v\u00e1lt.<\/strong> <strong>A pre\u0161ovi kar\u00e1csonyi v\u00e1s\u00e1rok azonban nem \u00e9rnek v\u00e9get, \u00edgy a l\u00e1togat\u00f3k az \u00fcnnepek k\u00f6z\u00f6tt is \u00e9lvezhetik a kar\u00e1csonyi hangulatot. El\u0151sz\u00f6r hosszabb id\u0151n kereszt\u00fcl folytat\u00f3dnak.<\/strong><\/p>\n\n\n\n<p>A Kultur\u00e1lis \u00e9s Szabadid\u0151park Pre\u0161ov v\u00e1ros\u00e1val \u00e9s a Region\u00e1lis Turisztikai Szervezet \u0160ari\u0161 r\u00e9gi\u00f3j\u00e1val k\u00f6z\u00f6sen szervezi a kar\u00e1csonyi v\u00e1s\u00e1rokat Pre\u0161ovban. K\u00e9t \u00e9v sz\u00fcnet ut\u00e1n a szervez\u0151k a piac meghosszabb\u00edtott id\u0151pontj\u00e1val \u00f6rvendeztett\u00e9k meg a l\u00e1togat\u00f3kat. A kar\u00e1csonyi piacok megnyit\u00f3ja a hagyom\u00e1nyos id\u0151pontban kezd\u0151d\u00f6tt, <strong>november 25-\u00e9n. Ezek december 22-ig folyamatosan zajlanak<\/strong> \u00e9s kar\u00e1csony ut\u00e1n folytatj\u00e1k <strong>december 26-t\u00f3l 2022. december 26-ig 2023. janu\u00e1r 06-ig<\/strong>. A l\u00e1togat\u00f3k t\u00f6bb mint 60 standon friss\u00edt\u0151ket \u00e9s \u00e1rukat k\u00edn\u00e1lnak. A f\u0151k\u00e9nt helyi m\u0171v\u00e9szeket felvonultat\u00f3 s\u0171r\u0171 kultur\u00e1lis program is gazdag\u00edtja a k\u00edn\u00e1latot. A piac sok l\u00e1togat\u00f3ja nemcsak a zenei el\u0151ad\u00e1sokat, hanem a k\u00eds\u00e9r\u0151 rendezv\u00e9nyeket is \u00e9lvezi, amelyek kihagyhatatlanok a v\u00e1rosk\u00f6zpontban. Az illatos gasztron\u00f3miai z\u00f3na tov\u00e1bb fokozza a kar\u00e1csonyi piacok \u00f6sszet\u00e9veszthetetlen hangulat\u00e1t.<\/p>\n\n\n\n<p><img loading=\"lazy\" decoding=\"async\" class=\"aligncenter wp-image-11992 size-full\" src=\"https:\/\/www.regionsaris.sk\/wp-content\/uploads\/2025\/12\/presovske-vianocne-trhy-program.jpg\" alt=\"\" width=\"1448\" height=\"2048\" \/><\/p>\n\n\n\n<p><strong>F\u00e1b\u00f3l k\u00e9sz\u00fclt j\u00e1szol jelenet<\/strong><\/p>\n\n\n\n<p>A f\u00e1b\u00f3l faragott j\u00e1szol a v\u00e1ros \u00e1lland\u00f3 kar\u00e1csonyi d\u00edsze. A l\u00e1togat\u00f3k \u00f6r\u00f6m\u00fckben \u00e9s lelki simogat\u00e1sukban gy\u00f6ny\u00f6rk\u00f6dve csod\u00e1lhatj\u00e1k meg a li\u010dartovcei Juraj Anto\u0148\u00e1k gy\u00f6ny\u00f6r\u0171 alkot\u00e1s\u00e1t, amely a Szent Mikl\u00f3s-sz\u00e9kesegyh\u00e1z el\u0151tt tal\u00e1lhat\u00f3. Farag\u00f3m\u0171hely\u00e9ben ism\u00e9t nemcsak a Szent Csal\u00e1d \u00e9letnagys\u00e1g\u00fa figur\u00e1it k\u00e9sz\u00edtette el, hanem p\u00e1sztorokat, angyalokat, \u00e1llatokat \u00e9s m\u00e1sokat is.<\/p>\n\n\n\n<p><img loading=\"lazy\" decoding=\"async\" class=\"aligncenter wp-image-12104 size-full\" src=\"https:\/\/www.regionsaris.sk\/wp-content\/uploads\/2025\/12\/vianocna_vyzdoba_Presov_8_foto_OOCR_RS-scaled-1.jpg\" alt=\"\" width=\"2560\" height=\"1707\" \/><\/p>\n\n\n\n<p><strong>Kar\u00e1csonyfa \u00e9s f\u00e9nypark<\/strong><\/p>\n\n\n\n<p>A teret \u00e9s a kar\u00e1csonyf\u00e1t hagyom\u00e1nyosan Szent Mikl\u00f3s \u00e9s seg\u00edt\u0151i gy\u00fajtott\u00e1k meg. A v\u00e1rosi parkot kar\u00e1csonyi f\u00e9nyinstall\u00e1ci\u00f3kkal d\u00edsz\u00edtik. A v\u00e1rosk\u00f6zpont var\u00e1zslatos hangulat\u00e1t gy\u00f6ny\u00f6r\u0171 3D-s d\u00edsz\u00edt\u00e9sek fokozz\u00e1k. A d\u00e9li parkban adventi koszor\u00fa, angyal, vir\u00e1gok, j\u00e9gkrist\u00e1lyok, kar\u00e1csonyi g\u00f6mb\u00f6k \u00e9s egy pingvincsal\u00e1d l\u00e1that\u00f3.<\/p>\n\n\n\n<p><img loading=\"lazy\" decoding=\"async\" class=\"aligncenter wp-image-12108 size-full\" src=\"https:\/\/www.regionsaris.sk\/wp-content\/uploads\/2025\/12\/vianocna_vyzdoba_Presov_12_foto_OOCR_RS-scaled-1.jpg\" alt=\"\" width=\"2560\" height=\"1707\" \/><\/p>\n\n\n\n<p>Ezen k\u00edv\u00fcl van egy kar\u00e1csonyf\u00e1kb\u00f3l \u00e1ll\u00f3 sug\u00e1r\u00fat is. Id\u00e9n is folytat\u00f3dott az a hagyom\u00e1ny, hogy a pre\u0161ovi \u00e1ltal\u00e1nos iskol\u00e1k kar\u00e1csonyf\u00e1t d\u00edsz\u00edtenek. A tanul\u00f3k saj\u00e1t d\u00edszeikkel d\u00edsz\u00edtett\u00e9k fel a f\u00e1kat.<\/p>\n\n\n\n<p><img loading=\"lazy\" decoding=\"async\" class=\"aligncenter wp-image-12114 size-full\" src=\"https:\/\/www.regionsaris.sk\/wp-content\/uploads\/2025\/12\/vianocna_vyzdoba_Presov_16_foto_OOCR_RS-scaled-1.jpg\" alt=\"\" width=\"2560\" height=\"1668\" \/><\/p>\n\n\n\n<p><strong>Felm\u00e1sz\u00e1s a templom torny\u00e1ba<\/strong><\/p>\n\n\n\n<p>Az idei kar\u00e1csonyi szezonban is \u00e9lvezhetik a l\u00e1togat\u00f3k a Szent Mikl\u00f3s-sz\u00e9kesegyh\u00e1z torny\u00e1b\u00f3l a Kar\u00e1csony t\u00e9rre ny\u00edl\u00f3 kil\u00e1t\u00e1st. A templomtorony 2022. december 23-ig minden nap 16:00 \u00e9s 19:30 k\u00f6z\u00f6tt tart nyitva. Rossz id\u0151 eset\u00e9n a torony z\u00e1rva tart.<\/p>\n\n\n\n<p><img loading=\"lazy\" decoding=\"async\" class=\"aligncenter wp-image-12106 size-full\" src=\"https:\/\/www.regionsaris.sk\/wp-content\/uploads\/2025\/12\/vianocna_vyzdoba_Presov_11_foto_OOCR_RS-scaled-1.jpg\" alt=\"\" width=\"2560\" height=\"1707\" \/><\/p>\n\n\n\n<p><strong>Kar\u00e1csonyi piacok j\u00f3t\u00e9konys\u00e1gi c\u00e9llal<\/strong><\/p>\n\n\n\n<p>A pre\u0161ovi kar\u00e1csonyi v\u00e1s\u00e1r 2 j\u00f3t\u00e9konys\u00e1gi standot is rejt. N\u00e9h\u00e1ny iskola \u00e9s int\u00e9zm\u00e9ny \u00fagy d\u00f6nt\u00f6tt, hogy saj\u00e1t term\u00e9keket k\u00e9sz\u00edt \u00e9s \u00e1rus\u00edt j\u00f3t\u00e9konys\u00e1gi c\u00e9lokra. A piac l\u00e1togat\u00f3i \u00edgy adom\u00e1nyaikkal t\u00e1mogathatj\u00e1k azokat, akik m\u00e1sokon seg\u00edtenek.<\/p>\n\n\n\n<p>Ezen k\u00edv\u00fcl illatos punccsal is seg\u00edtettek. A polg\u00e1rmesteri puncsot Franti\u0161ek O\u013eha, Pre\u0161ov polg\u00e1rmestere, a Pre\u0161ovi V\u00e1rosi Tan\u00e1cs tagjai \u00e9s a V\u00e1rosi Hivatal alkalmazottai aj\u00e1nlott\u00e1k fel \u00f6nk\u00e9ntes hozz\u00e1j\u00e1rul\u00e1s\u00e9rt. A j\u00f3t\u00e9konys\u00e1gi rendezv\u00e9ny bev\u00e9tel\u00e9t t\u00f6bb, szoci\u00e1lis ter\u00fcleten tev\u00e9kenyked\u0151 szervezet k\u00f6z\u00f6tt osztj\u00e1k sz\u00e9t. Pre\u0161ov v\u00e1ros lak\u00f3i maguk d\u00f6nthetnek arr\u00f3l, hogy ki kapja a kar\u00e1csonyi \u00f6r\u00f6m\u00f6ket az online szavaz\u00e1son kereszt\u00fcl.<\/p>\n\n\n\n<p>A seg\u00edts\u00e9gny\u00fajt\u00e1s r\u00e9sze a folyamatban l\u00e9v\u0151 j\u00f3t\u00e9konys\u00e1gi koncert, amelyet a Pre\u0161ovban, a Prost\u011bjovsk\u00e1 utca 3. sz\u00e1m alatti t\u0171zk\u00e1rosult lak\u00f3h\u00e1z lak\u00f3i sz\u00e1m\u00e1ra rendeznek. A tragikus esem\u00e9ny \u00f3ta eltelt h\u00e1rom \u00e9v ut\u00e1n a pre\u0161ovi lakosok ism\u00e9t nyilv\u00e1nos koncert form\u00e1j\u00e1ban, \u00f6nk\u00e9ntes bel\u00e9p\u0151d\u00edjjal vagy egy erre a c\u00e9lra l\u00e9trehozott \u00e1tl\u00e1that\u00f3 sz\u00e1ml\u00e1ra t\u00f6rt\u00e9n\u0151 befizet\u00e9ssel seg\u00edthetnek. A j\u00f3 \u00fcgy t\u00e1mogat\u00e1s\u00e1ra t\u00f6bbek k\u00f6z\u00f6tt a Hrdza, Stopa, Michaella, Edo Klena, Rasto Papp, a Slovak Pink Floyd Rerival \u00e9s m\u00e1sok is elj\u00f6nnek. A j\u00f3t\u00e9konys\u00e1gi koncertre december 20-\u00e1n 16:00 \u00e9s 20:00 \u00f3ra k\u00f6z\u00f6tt ker\u00fcl sor.<\/p>\n\n\n\n<p><strong>\u0160tefansk\u00e1 mulats\u00e1g \u00e9s szilveszter Pre\u0161ovban<\/strong><\/p>\n\n\n\n<p>A belv\u00e1rosban Szent Istv\u00e1n napj\u00e1n is \u00e9lettel telik majd meg. December 26-\u00e1n 18:30-kor nagy Szent Istv\u00e1n-napi buli lesz. A kar\u00e1csonyi \u00fcnneps\u00e9g z\u00e1r\u00e1sak\u00e9nt a He\u013eenine o\u010di \u00e9s a Nocade\u0148 nev\u0171 keleti zenekarok ropj\u00e1k majd a talpal\u00e1val\u00f3t.<\/p>\n\n\n\n<p><img loading=\"lazy\" decoding=\"async\" class=\"aligncenter wp-image-12133 size-full\" src=\"https:\/\/www.regionsaris.sk\/wp-content\/uploads\/2025\/12\/stefanska-zabava-v-PO.jpg\" alt=\"\" width=\"2048\" height=\"1152\" \/><br><blockquote>H\u00e1rom \u00e9v sz\u00fcnet ut\u00e1n az \u00faj\u00e9vi \u00fcnneps\u00e9gek visszat\u00e9rnek Pre\u0161ov k\u00f6zpontj\u00e1ba.\u00a0<em>\"A szilveszteri programot a pre\u0161ovi Akustika \u00e9s a Chiki liki tu-a zenekarok nyitj\u00e1k meg, ut\u00e1nuk a szilveszteri mulats\u00e1got sz\u00f3 szerint \u00e1tveszi a Batida dobshow, majd Pre\u0161ov t\u0171zij\u00e1t\u00e9kkal \u00e9s \u00faj\u00e9vi besz\u00e9ddel k\u00f6sz\u00f6nti a 2023-as \u00e9vet. A sz\u00f3rakoz\u00e1s a v\u00e1rosban azonban \u00e9jf\u00e9l ut\u00e1n sem \u00e9r v\u00e9get. A fel\u00e9p\u00edt\u00e9s\u00e9r\u0151l az elismert DJ Dlugosh gondoskodik majd\" - mondta a szervez\u0151.\"\u00a0<\/em>tette hozz\u00e1 Patr\u00edcia Nagyov\u00e1, a PKO kultur\u00e1lis menedzsere.<\/blockquote><br><img loading=\"lazy\" decoding=\"async\" class=\"aligncenter wp-image-12131 size-full\" src=\"https:\/\/www.regionsaris.sk\/wp-content\/uploads\/2025\/12\/silvester-v-PO.jpg\" alt=\"\" width=\"960\" height=\"540\" \/><\/p>\n\n\n\n<p><strong>OOCR R\u00e9gi\u00f3 \u0160ari\u0161 ism\u00e9t r\u00e9sze a kar\u00e1csonyi v\u00e1s\u00e1roknak<\/strong><\/p>\n\n\n\n<p>A Szent Mikl\u00f3s-templomn\u00e1l l\u00e9v\u0151 t\u00e9r k\u00f6zponti \u00fcl\u0151helye szint\u00e9n a Pre\u0161ovi kar\u00e1csonyi v\u00e1s\u00e1r r\u00e9sze. Itt kar\u00e1csonyi takar\u00f3k, meleg\u00edt\u0151k \u00e9s kar\u00e1csonyi zene v\u00e1rja a vend\u00e9geket.<\/p>\n\n\n\n<p><img loading=\"lazy\" decoding=\"async\" class=\"aligncenter wp-image-12120 size-full\" src=\"https:\/\/www.regionsaris.sk\/wp-content\/uploads\/2025\/12\/IMG_20221209_105958-scaled-1.jpg\" alt=\"\" width=\"2560\" height=\"1928\" \/><br><blockquote><em>\"2019-ben OOCR REGI\u00d3N \u0160ARI\u0160 n\u00e9ven t\u00e1rsszervez\u0151i lett\u00fcnk a pre\u0161ovi kar\u00e1csonyi v\u00e1s\u00e1roknak, ahol 2012 \u00f3ta szem\u00e9lyesen is r\u00e9szt veszek \u00e1rusk\u00e9nt. Megvolt az a kompetenci\u00e1nk, hogy a gasztron\u00f3miai z\u00f3n\u00e1nak szentelj\u00fck magunkat, \u00e9s \u00f6kol\u00f3giai rendezv\u00e9nyt csin\u00e1ljunk bel\u0151le. K\u00e9t \u00e9v elmaradt kar\u00e1csonyi v\u00e1s\u00e1r ut\u00e1n tov\u00e1bbra is egy\u00fcttm\u0171k\u00f6d\u00fcnk a PKO-val \u00e9s Pre\u0161ov v\u00e1ros\u00e1val. L\u00e9trehoztunk egy kultur\u00e1lis k\u00f6zponti \u00fcl\u0151helyet, ahol a l\u00e1togat\u00f3k k\u00e9nyelmesen fogyaszthatj\u00e1k az \u00e9teleket \u00e9s italokat. Asztalokat, sz\u00e9keket, f\u0171t\u0151testeket, takar\u00f3kat \u00e9s \u00fcl\u0151p\u00e1rn\u00e1kat biztos\u00edtottunk. A k\u00f6rnyezetbar\u00e1t kar\u00e1csony eredeti elk\u00e9pzel\u00e9s\u00e9t k\u00f6vetve azt tal\u00e1ltuk ki, hogy az eldobhat\u00f3 pap\u00edrpoharakat ker\u00e1mia b\u00f6gr\u00e9kkel helyettes\u00edtj\u00fck. Id\u00e9n a piac l\u00e1togat\u00f3i ezeket is megv\u00e1s\u00e1rolhatj\u00e1k a Regi\u00f3n \u0160ari\u0161 standj\u00e1n\u00e1l\" - mondta Ren\u00e9 Pavl\u00edk, az OOCR Regi\u00f3n \u0160ari\u0161 tagja.<\/em><\/blockquote><br>Az \u00e1rusok a l\u00e1togat\u00f3k kedvenc kar\u00e1csonyi ital\u00e1t \u00fajra \u00e9s \u00fajra a Pre\u0161ov kar\u00e1csonyi mot\u00edvumokkal d\u00edsz\u00edtett b\u00f6gr\u00e9kbe t\u00f6ltik, \u00edgy cs\u00f6kkentve a nem k\u00edv\u00e1nt hullad\u00e9k mennyis\u00e9g\u00e9t. A kar\u00e1csonyi v\u00e1s\u00e1r v\u00e9gezt\u00e9vel a l\u00e1togat\u00f3k egy eredeti \u00e9s k\u00f6rnyezetbar\u00e1t szuven\u00edrnek k\u00f6sz\u00f6nhet\u0151en visszaeml\u00e9kezhetnek a pre\u0161ovi kar\u00e1csony sz\u00e9p pillanataira is.<\/p>\n\n\n\n<p><img loading=\"lazy\" decoding=\"async\" class=\"aligncenter wp-image-12080 size-full\" src=\"https:\/\/www.regionsaris.sk\/wp-content\/uploads\/2025\/12\/vianocne_trhy_Presov_5_foto_OOCR_RS-scaled-1.jpg\" alt=\"\" width=\"2560\" height=\"1707\" \/><br><blockquote>A Regi\u00f3n \u0160ari\u0161 standj\u00e1n a b\u00f6gr\u00e9k mellett egyedi t\u00e1rgyakat \u00e9s \u00e9lm\u00e9nyeket is k\u00edn\u00e1lnak.<em> \u201eA Regi\u00f3n \u0160ari\u0161 standunk nem az a tipikus stand, amelyre a l\u00e1togat\u00f3k \u00e1ltal\u00e1ban sz\u00e1m\u00edtanak a kar\u00e1csonyi v\u00e1s\u00e1rokon. Mi egy \u00e9lm\u00e9nystand vagyunk, ahol tippeket adunk arra vonatkoz\u00f3an, hogyan lehet megaj\u00e1nd\u00e9kozni \u00e9s \u00f6r\u00f6met szerezni szeretteinknek. Ugyanakkor inspir\u00e1ljuk \u0151ket, hogyan t\u00f6lts\u00e9k el nem csak ezt a kar\u00e1csonyi id\u0151szakot a mi r\u00e9gi\u00f3nkban. A l\u00e1togat\u00f3k sz\u00e1m\u00e1ra \u00e9rdekes lehet a partnereink sz\u00e9les term\u00e9kk\u00edn\u00e1lata is, akik Ve\u013ek\u00fd \u0160ari\u0161b\u00f3l, Drienic\u00e9b\u0151l vagy Zlat\u00e1 Ban\u00e1b\u00f3l l\u00e1togatnak el hozz\u00e1nk\" - mondta.\"<\/em> mondta Katar\u00edna Bartkov\u00e1, az OOCR Regi\u00f3n \u0160ari\u0161 alkalmazottja.<\/blockquote><br>A v\u00e1rhegyr\u0151l a \u0160ari\u0161-v\u00e1r idegenvezet\u0151i december 6. \u00e9s december 12. k\u00f6z\u00f6tt Pre\u0161ovba l\u00e1togatnak. Szolg\u00e1ltat\u00e1saikat, aj\u00e1nd\u00e9kt\u00e1rgyakat \u00e9s a t\u00f6rt\u00e9nelmi v\u00edv\u00e1s bemutat\u00f3j\u00e1t k\u00edn\u00e1lj\u00e1k majd. Ve\u013ek\u00fd \u0160ari\u0161 v\u00e1ros\u00e1nak munkat\u00e1rsai megmutatj\u00e1k, hogyan lehet akt\u00edvan elt\u00f6lteni az id\u0151t ebben a v\u00e1rosban.<\/p>\n\n\n\n<p>A Szlov\u00e1k Op\u00e1lb\u00e1ny\u00e1k is elhozz\u00e1k a Zlata Bana-i \u00e9kszereket. Nemcsak a vil\u00e1g legr\u00e9gebbi op\u00e1lb\u00e1ny\u00e1inak t\u00f6rt\u00e9net\u00e9t mutatj\u00e1k be, hanem term\u00e9kek sz\u00e9les v\u00e1laszt\u00e9k\u00e1t is k\u00edn\u00e1lj\u00e1k majd elad\u00e1sra. Ezek k\u00f6z\u00f6tt lesz az op\u00e1lb\u00e1ny\u00e1khoz kapcsol\u00f3d\u00f3 szimb\u00f3lumokat \u00e1br\u00e1zol\u00f3 fapuzzle, k\u00fcl\u00f6nb\u00f6z\u0151 t\u00edpus\u00fa utalv\u00e1nyok a t\u00far\u00e1ra, maga a v\u00e1gott op\u00e1l, k\u00fcl\u00f6nb\u00f6z\u0151 sz\u00edn\u0171 op\u00e1lb\u00f3l k\u00e9sz\u00fclt \u00e9kszerek \u00e9s m\u00e9g sok m\u00e1s. Az egyed\u00fcl\u00e1ll\u00f3 alkalom, amikor a Szlov\u00e1kiai Op\u00e1lb\u00e1ny\u00e1k Pre\u0161ovba l\u00e1togat a l\u00e1togat\u00f3k sz\u00e1m\u00e1ra, december 13-t\u00f3l 2022. december 19-ig tart.<\/p>\n\n\n\n<p>A t\u00e9li sportok szerelmesei is tal\u00e1lnak maguknak val\u00f3t. A SKI Lys\u00e1 s\u00edk\u00f6zpont t\u00e1j\u00e9koztat\u00e1st ad arr\u00f3l, hogy milyen a s\u00edel\u00e9s \u010cergov sz\u00edv\u00e9ben, milyen tev\u00e9kenys\u00e9geket \u00e9s v\u00e1ltoz\u00e1sokat tervez a 2022\/2023-as t\u00e9li szezonban a l\u00e1togat\u00f3k sz\u00e1m\u00e1ra. Ezen k\u00edv\u00fcl kedvezm\u00e9nyes s\u00edb\u00e9rleteket, \u00fcl\u0151liftes jegyeket, a s\u00edk\u00f6zpontr\u00f3l sz\u00f3l\u00f3 k\u00f6nyvet, a s\u00edk\u00f6zpont \u00e9s k\u00f6rny\u00e9k\u00e9nek t\u00e9rk\u00e9peit, valamint k\u00fcl\u00f6nb\u00f6z\u0151 turisztikai kieg\u00e9sz\u00edt\u0151ket k\u00edn\u00e1lnak sapk\u00e1k, p\u00f3l\u00f3k, v\u00e1zlatf\u00fczetek, fejp\u00e1ntok \u00e9s energiaitalok form\u00e1j\u00e1ban. \u00c9s ez csak december 20-t\u00f3l 2022. december 22-ig tart.<\/p>\n\n\n\n<p>A kar\u00e1csonyi v\u00e1s\u00e1rokon az \u00e1rukat \u00e9s friss\u00edt\u0151ket k\u00edn\u00e1l\u00f3 standok a k\u00f6vetkez\u0151k\u00e9ppen tartanak nyitva:<\/p>\n\n\n\n<p><strong>\u00c1rusb\u00f3d\u00e9k \u00e1rukkal<\/strong>: H\u00e9tf\u0151 - szombat: 10:00 - 19:00, vas\u00e1rnap: 12:00 - 19:00<\/p>\n\n\n\n<p><strong>Standok friss\u00edt\u0151kkel<\/strong>: H\u00e9tf\u0151 - szombat: 11:00 - 22:00, vas\u00e1rnap: 12:00 - 22:00<\/p>\n\n\n\n<p><img loading=\"lazy\" decoding=\"async\" class=\"aligncenter wp-image-12116 size-full\" src=\"https:\/\/www.regionsaris.sk\/wp-content\/uploads\/2025\/12\/vianocna_vyzdoba_Presov_17_foto_OOCR_RS-scaled-1.jpg\" alt=\"\" width=\"2560\" height=\"1707\" \/><\/p>\n\n\n\n<p>Sz\u00f6veg \u00e9s fot\u00f3: OOCR Regi\u00f3n \u0160ari\u0161<\/p>\n\n\n\n<p>Plak\u00e1tok.<\/p>","protected":false},"excerpt":{"rendered":"<p>Pre\u0161ovsk\u00e9 viano\u010dn\u00e9 trhy pokra\u010duj\u00fa pred\u013a\u017eenom term\u00edne. Vianoce s\u00fa predov\u0161etk\u00fdm sviatkami pokoja a dlho\u00a0o\u010dak\u00e1van\u00fdch stretnut\u00ed. Viano\u010dn\u00e9...<\/p>","protected":false},"author":1,"featured_media":328,"comment_status":"open","ping_status":"open","sticky":false,"template":"","format":"standard","meta":{"_acf_changed":false,"footnotes":""},"categories":[1],"tags":[],"class_list":["post-318","post","type-post","status-publish","format-standard","has-post-thumbnail","hentry","category-novinky"],"acf":[],"yoast_head":"<!-- This site is optimized with the Yoast SEO Premium plugin v26.3 (Yoast SEO v26.8) - https:\/\/yoast.com\/product\/yoast-seo-premium-wordpress\/ -->\n<title>Pre\u0161ovsk\u00e9 viano\u010dn\u00e9 trhy s\u00fa v plnom pr\u00fade - OOCR \u0160ari\u0161<\/title>\n<meta name=\"robots\" content=\"index, follow, max-snippet:-1, max-image-preview:large, max-video-preview:-1\" \/>\n<link rel=\"canonical\" href=\"https:\/\/www.regionsaris.sk\/hu\/presovske-vianocne-trhy-su-v-plnom-prude\/\" \/>\n<meta property=\"og:locale\" content=\"hu_HU\" \/>\n<meta property=\"og:type\" content=\"article\" \/>\n<meta property=\"og:title\" content=\"Pre\u0161ovsk\u00e9 viano\u010dn\u00e9 trhy s\u00fa v plnom pr\u00fade\" \/>\n<meta property=\"og:description\" content=\"Pre\u0161ovsk\u00e9 viano\u010dn\u00e9 trhy pokra\u010duj\u00fa pred\u013a\u017eenom term\u00edne. Vianoce s\u00fa predov\u0161etk\u00fdm sviatkami pokoja a dlho\u00a0o\u010dak\u00e1van\u00fdch stretnut\u00ed. Viano\u010dn\u00e9...\" \/>\n<meta property=\"og:url\" content=\"https:\/\/www.regionsaris.sk\/hu\/presovske-vianocne-trhy-su-v-plnom-prude\/\" \/>\n<meta property=\"og:site_name\" content=\"OOCR \u0160ari\u0161\" \/>\n<meta property=\"article:published_time\" content=\"2022-12-06T16:49:28+00:00\" \/>\n<meta property=\"article:modified_time\" content=\"2025-12-15T09:06:32+00:00\" \/>\n<meta property=\"og:image\" content=\"https:\/\/www.regionsaris.sk\/wp-content\/uploads\/2025\/12\/vianocna_vyzdoba_Presov_17_foto_OOCR_RS-scaled-1.jpg\" \/>\n\t<meta property=\"og:image:width\" content=\"2560\" \/>\n\t<meta property=\"og:image:height\" content=\"1707\" \/>\n\t<meta property=\"og:image:type\" content=\"image\/jpeg\" \/>\n<meta name=\"author\" content=\"dev@bigway.sk\" \/>\n<meta name=\"twitter:card\" content=\"summary_large_image\" \/>\n<meta name=\"twitter:label1\" content=\"Szerz\u0151:\" \/>\n\t<meta name=\"twitter:data1\" content=\"dev@bigway.sk\" \/>\n\t<meta name=\"twitter:label2\" content=\"Becs\u00fclt olvas\u00e1si id\u0151\" \/>\n\t<meta name=\"twitter:data2\" content=\"8 perc\" \/>\n<script type=\"application\/ld+json\" class=\"yoast-schema-graph\">{\"@context\":\"https:\/\/schema.org\",\"@graph\":[{\"@type\":\"Article\",\"@id\":\"https:\/\/www.regionsaris.sk\/presovske-vianocne-trhy-su-v-plnom-prude\/#article\",\"isPartOf\":{\"@id\":\"https:\/\/www.regionsaris.sk\/presovske-vianocne-trhy-su-v-plnom-prude\/\"},\"author\":{\"name\":\"dev@bigway.sk\",\"@id\":\"https:\/\/www.regionsaris.sk\/#\/schema\/person\/30fad06d87cd12ad1d94ff5fbd6919d1\"},\"headline\":\"Pre\u0161ovsk\u00e9 viano\u010dn\u00e9 trhy s\u00fa v plnom pr\u00fade\",\"datePublished\":\"2022-12-06T16:49:28+00:00\",\"dateModified\":\"2025-12-15T09:06:32+00:00\",\"mainEntityOfPage\":{\"@id\":\"https:\/\/www.regionsaris.sk\/presovske-vianocne-trhy-su-v-plnom-prude\/\"},\"wordCount\":1562,\"commentCount\":0,\"image\":{\"@id\":\"https:\/\/www.regionsaris.sk\/presovske-vianocne-trhy-su-v-plnom-prude\/#primaryimage\"},\"thumbnailUrl\":\"https:\/\/www.regionsaris.sk\/wp-content\/uploads\/2025\/12\/vianocna_vyzdoba_Presov_17_foto_OOCR_RS-scaled-1.jpg\",\"articleSection\":[\"Novinky\"],\"inLanguage\":\"hu\",\"potentialAction\":[{\"@type\":\"CommentAction\",\"name\":\"Comment\",\"target\":[\"https:\/\/www.regionsaris.sk\/presovske-vianocne-trhy-su-v-plnom-prude\/#respond\"]}]},{\"@type\":\"WebPage\",\"@id\":\"https:\/\/www.regionsaris.sk\/presovske-vianocne-trhy-su-v-plnom-prude\/\",\"url\":\"https:\/\/www.regionsaris.sk\/presovske-vianocne-trhy-su-v-plnom-prude\/\",\"name\":\"Pre\u0161ovsk\u00e9 viano\u010dn\u00e9 trhy s\u00fa v plnom pr\u00fade - OOCR \u0160ari\u0161\",\"isPartOf\":{\"@id\":\"https:\/\/www.regionsaris.sk\/#website\"},\"primaryImageOfPage\":{\"@id\":\"https:\/\/www.regionsaris.sk\/presovske-vianocne-trhy-su-v-plnom-prude\/#primaryimage\"},\"image\":{\"@id\":\"https:\/\/www.regionsaris.sk\/presovske-vianocne-trhy-su-v-plnom-prude\/#primaryimage\"},\"thumbnailUrl\":\"https:\/\/www.regionsaris.sk\/wp-content\/uploads\/2025\/12\/vianocna_vyzdoba_Presov_17_foto_OOCR_RS-scaled-1.jpg\",\"datePublished\":\"2022-12-06T16:49:28+00:00\",\"dateModified\":\"2025-12-15T09:06:32+00:00\",\"author\":{\"@id\":\"https:\/\/www.regionsaris.sk\/#\/schema\/person\/30fad06d87cd12ad1d94ff5fbd6919d1\"},\"breadcrumb\":{\"@id\":\"https:\/\/www.regionsaris.sk\/presovske-vianocne-trhy-su-v-plnom-prude\/#breadcrumb\"},\"inLanguage\":\"hu\",\"potentialAction\":[{\"@type\":\"ReadAction\",\"target\":[\"https:\/\/www.regionsaris.sk\/presovske-vianocne-trhy-su-v-plnom-prude\/\"]}]},{\"@type\":\"ImageObject\",\"inLanguage\":\"hu\",\"@id\":\"https:\/\/www.regionsaris.sk\/presovske-vianocne-trhy-su-v-plnom-prude\/#primaryimage\",\"url\":\"https:\/\/www.regionsaris.sk\/wp-content\/uploads\/2025\/12\/vianocna_vyzdoba_Presov_17_foto_OOCR_RS-scaled-1.jpg\",\"contentUrl\":\"https:\/\/www.regionsaris.sk\/wp-content\/uploads\/2025\/12\/vianocna_vyzdoba_Presov_17_foto_OOCR_RS-scaled-1.jpg\",\"width\":2560,\"height\":1707},{\"@type\":\"BreadcrumbList\",\"@id\":\"https:\/\/www.regionsaris.sk\/presovske-vianocne-trhy-su-v-plnom-prude\/#breadcrumb\",\"itemListElement\":[{\"@type\":\"ListItem\",\"position\":1,\"name\":\"Domov\",\"item\":\"https:\/\/www.regionsaris.sk\/\"},{\"@type\":\"ListItem\",\"position\":2,\"name\":\"Pre\u0161ovsk\u00e9 viano\u010dn\u00e9 trhy s\u00fa v plnom pr\u00fade\"}]},{\"@type\":\"WebSite\",\"@id\":\"https:\/\/www.regionsaris.sk\/#website\",\"url\":\"https:\/\/www.regionsaris.sk\/\",\"name\":\"OOCR \u0160ari\u0161\",\"description\":\"\",\"potentialAction\":[{\"@type\":\"SearchAction\",\"target\":{\"@type\":\"EntryPoint\",\"urlTemplate\":\"https:\/\/www.regionsaris.sk\/?s={search_term_string}\"},\"query-input\":{\"@type\":\"PropertyValueSpecification\",\"valueRequired\":true,\"valueName\":\"search_term_string\"}}],\"inLanguage\":\"hu\"},{\"@type\":\"Person\",\"@id\":\"https:\/\/www.regionsaris.sk\/#\/schema\/person\/30fad06d87cd12ad1d94ff5fbd6919d1\",\"name\":\"dev@bigway.sk\",\"image\":{\"@type\":\"ImageObject\",\"inLanguage\":\"hu\",\"@id\":\"https:\/\/www.regionsaris.sk\/#\/schema\/person\/image\/\",\"url\":\"https:\/\/secure.gravatar.com\/avatar\/013b34bc1192067340cff024d72adf40af543d15809da0502beda083cb4f28a2?s=96&d=mm&r=g\",\"contentUrl\":\"https:\/\/secure.gravatar.com\/avatar\/013b34bc1192067340cff024d72adf40af543d15809da0502beda083cb4f28a2?s=96&d=mm&r=g\",\"caption\":\"dev@bigway.sk\"},\"sameAs\":[\"https:\/\/www.regionsaris.sk\"],\"url\":\"https:\/\/www.regionsaris.sk\/hu\/author\/devbigway-sk\/\"}]}<\/script>\n<!-- \/ Yoast SEO Premium plugin. -->","yoast_head_json":{"title":"Pre\u0161ovsk\u00e9 viano\u010dn\u00e9 trhy s\u00fa v plnom pr\u00fade - OOCR \u0160ari\u0161","robots":{"index":"index","follow":"follow","max-snippet":"max-snippet:-1","max-image-preview":"max-image-preview:large","max-video-preview":"max-video-preview:-1"},"canonical":"https:\/\/www.regionsaris.sk\/hu\/presovske-vianocne-trhy-su-v-plnom-prude\/","og_locale":"hu_HU","og_type":"article","og_title":"Pre\u0161ovsk\u00e9 viano\u010dn\u00e9 trhy s\u00fa v plnom pr\u00fade","og_description":"Pre\u0161ovsk\u00e9 viano\u010dn\u00e9 trhy pokra\u010duj\u00fa pred\u013a\u017eenom term\u00edne. Vianoce s\u00fa predov\u0161etk\u00fdm sviatkami pokoja a dlho\u00a0o\u010dak\u00e1van\u00fdch stretnut\u00ed. Viano\u010dn\u00e9...","og_url":"https:\/\/www.regionsaris.sk\/hu\/presovske-vianocne-trhy-su-v-plnom-prude\/","og_site_name":"OOCR \u0160ari\u0161","article_published_time":"2022-12-06T16:49:28+00:00","article_modified_time":"2025-12-15T09:06:32+00:00","og_image":[{"width":2560,"height":1707,"url":"https:\/\/www.regionsaris.sk\/wp-content\/uploads\/2025\/12\/vianocna_vyzdoba_Presov_17_foto_OOCR_RS-scaled-1.jpg","type":"image\/jpeg"}],"author":"dev@bigway.sk","twitter_card":"summary_large_image","twitter_misc":{"Szerz\u0151:":"dev@bigway.sk","Becs\u00fclt olvas\u00e1si id\u0151":"8 perc"},"schema":{"@context":"https:\/\/schema.org","@graph":[{"@type":"Article","@id":"https:\/\/www.regionsaris.sk\/presovske-vianocne-trhy-su-v-plnom-prude\/#article","isPartOf":{"@id":"https:\/\/www.regionsaris.sk\/presovske-vianocne-trhy-su-v-plnom-prude\/"},"author":{"name":"dev@bigway.sk","@id":"https:\/\/www.regionsaris.sk\/#\/schema\/person\/30fad06d87cd12ad1d94ff5fbd6919d1"},"headline":"Pre\u0161ovsk\u00e9 viano\u010dn\u00e9 trhy s\u00fa v plnom pr\u00fade","datePublished":"2022-12-06T16:49:28+00:00","dateModified":"2025-12-15T09:06:32+00:00","mainEntityOfPage":{"@id":"https:\/\/www.regionsaris.sk\/presovske-vianocne-trhy-su-v-plnom-prude\/"},"wordCount":1562,"commentCount":0,"image":{"@id":"https:\/\/www.regionsaris.sk\/presovske-vianocne-trhy-su-v-plnom-prude\/#primaryimage"},"thumbnailUrl":"https:\/\/www.regionsaris.sk\/wp-content\/uploads\/2025\/12\/vianocna_vyzdoba_Presov_17_foto_OOCR_RS-scaled-1.jpg","articleSection":["Novinky"],"inLanguage":"hu","potentialAction":[{"@type":"CommentAction","name":"Comment","target":["https:\/\/www.regionsaris.sk\/presovske-vianocne-trhy-su-v-plnom-prude\/#respond"]}]},{"@type":"WebPage","@id":"https:\/\/www.regionsaris.sk\/presovske-vianocne-trhy-su-v-plnom-prude\/","url":"https:\/\/www.regionsaris.sk\/presovske-vianocne-trhy-su-v-plnom-prude\/","name":"Pre\u0161ovsk\u00e9 viano\u010dn\u00e9 trhy s\u00fa v plnom pr\u00fade - OOCR \u0160ari\u0161","isPartOf":{"@id":"https:\/\/www.regionsaris.sk\/#website"},"primaryImageOfPage":{"@id":"https:\/\/www.regionsaris.sk\/presovske-vianocne-trhy-su-v-plnom-prude\/#primaryimage"},"image":{"@id":"https:\/\/www.regionsaris.sk\/presovske-vianocne-trhy-su-v-plnom-prude\/#primaryimage"},"thumbnailUrl":"https:\/\/www.regionsaris.sk\/wp-content\/uploads\/2025\/12\/vianocna_vyzdoba_Presov_17_foto_OOCR_RS-scaled-1.jpg","datePublished":"2022-12-06T16:49:28+00:00","dateModified":"2025-12-15T09:06:32+00:00","author":{"@id":"https:\/\/www.regionsaris.sk\/#\/schema\/person\/30fad06d87cd12ad1d94ff5fbd6919d1"},"breadcrumb":{"@id":"https:\/\/www.regionsaris.sk\/presovske-vianocne-trhy-su-v-plnom-prude\/#breadcrumb"},"inLanguage":"hu","potentialAction":[{"@type":"ReadAction","target":["https:\/\/www.regionsaris.sk\/presovske-vianocne-trhy-su-v-plnom-prude\/"]}]},{"@type":"ImageObject","inLanguage":"hu","@id":"https:\/\/www.regionsaris.sk\/presovske-vianocne-trhy-su-v-plnom-prude\/#primaryimage","url":"https:\/\/www.regionsaris.sk\/wp-content\/uploads\/2025\/12\/vianocna_vyzdoba_Presov_17_foto_OOCR_RS-scaled-1.jpg","contentUrl":"https:\/\/www.regionsaris.sk\/wp-content\/uploads\/2025\/12\/vianocna_vyzdoba_Presov_17_foto_OOCR_RS-scaled-1.jpg","width":2560,"height":1707},{"@type":"BreadcrumbList","@id":"https:\/\/www.regionsaris.sk\/presovske-vianocne-trhy-su-v-plnom-prude\/#breadcrumb","itemListElement":[{"@type":"ListItem","position":1,"name":"Domov","item":"https:\/\/www.regionsaris.sk\/"},{"@type":"ListItem","position":2,"name":"Pre\u0161ovsk\u00e9 viano\u010dn\u00e9 trhy s\u00fa v plnom pr\u00fade"}]},{"@type":"WebSite","@id":"https:\/\/www.regionsaris.sk\/#website","url":"https:\/\/www.regionsaris.sk\/","name":"OOCR \u0160ari\u0161","description":"","potentialAction":[{"@type":"SearchAction","target":{"@type":"EntryPoint","urlTemplate":"https:\/\/www.regionsaris.sk\/?s={search_term_string}"},"query-input":{"@type":"PropertyValueSpecification","valueRequired":true,"valueName":"search_term_string"}}],"inLanguage":"hu"},{"@type":"Person","@id":"https:\/\/www.regionsaris.sk\/#\/schema\/person\/30fad06d87cd12ad1d94ff5fbd6919d1","name":"dev@bigway.sk","image":{"@type":"ImageObject","inLanguage":"hu","@id":"https:\/\/www.regionsaris.sk\/#\/schema\/person\/image\/","url":"https:\/\/secure.gravatar.com\/avatar\/013b34bc1192067340cff024d72adf40af543d15809da0502beda083cb4f28a2?s=96&d=mm&r=g","contentUrl":"https:\/\/secure.gravatar.com\/avatar\/013b34bc1192067340cff024d72adf40af543d15809da0502beda083cb4f28a2?s=96&d=mm&r=g","caption":"dev@bigway.sk"},"sameAs":["https:\/\/www.regionsaris.sk"],"url":"https:\/\/www.regionsaris.sk\/hu\/author\/devbigway-sk\/"}]}},"_links":{"self":[{"href":"https:\/\/www.regionsaris.sk\/hu\/wp-json\/wp\/v2\/posts\/318","targetHints":{"allow":["GET"]}}],"collection":[{"href":"https:\/\/www.regionsaris.sk\/hu\/wp-json\/wp\/v2\/posts"}],"about":[{"href":"https:\/\/www.regionsaris.sk\/hu\/wp-json\/wp\/v2\/types\/post"}],"author":[{"embeddable":true,"href":"https:\/\/www.regionsaris.sk\/hu\/wp-json\/wp\/v2\/users\/1"}],"replies":[{"embeddable":true,"href":"https:\/\/www.regionsaris.sk\/hu\/wp-json\/wp\/v2\/comments?post=318"}],"version-history":[{"count":1,"href":"https:\/\/www.regionsaris.sk\/hu\/wp-json\/wp\/v2\/posts\/318\/revisions"}],"predecessor-version":[{"id":329,"href":"https:\/\/www.regionsaris.sk\/hu\/wp-json\/wp\/v2\/posts\/318\/revisions\/329"}],"wp:featuredmedia":[{"embeddable":true,"href":"https:\/\/www.regionsaris.sk\/hu\/wp-json\/wp\/v2\/media\/328"}],"wp:attachment":[{"href":"https:\/\/www.regionsaris.sk\/hu\/wp-json\/wp\/v2\/media?parent=318"}],"wp:term":[{"taxonomy":"category","embeddable":true,"href":"https:\/\/www.regionsaris.sk\/hu\/wp-json\/wp\/v2\/categories?post=318"},{"taxonomy":"post_tag","embeddable":true,"href":"https:\/\/www.regionsaris.sk\/hu\/wp-json\/wp\/v2\/tags?post=318"}],"curies":[{"name":"wp","href":"https:\/\/api.w.org\/{rel}","templated":true}]}}