{"id":255,"date":"2022-06-10T12:07:42","date_gmt":"2022-06-10T11:07:42","guid":{"rendered":"https:\/\/www.regionsaris.sk\/v-sobinove-mesce-dni-sabinova-budu\/"},"modified":"2025-12-15T10:05:43","modified_gmt":"2025-12-15T09:05:43","slug":"v-sobinove-mesce-dni-sabinova-budu","status":"publish","type":"post","link":"https:\/\/www.regionsaris.sk\/hu\/v-sobinove-mesce-dni-sabinova-budu\/","title":{"rendered":"Sobin hav\u00e1ban a Szabinov napjai lesznek"},"content":{"rendered":"<p><strong>Szabinov v\u00e1rosa \u00e9s a Szabinovi V\u00e1rosi M\u0171vel\u0151d\u00e9si K\u00f6zpont megh\u00edvja \u00d6nt a Szabinovi Napok 2022-re \u00e9s a 48. Szabinovi V\u00e1s\u00e1rra, amely ezen a h\u00e9tv\u00e9g\u00e9n kezd\u0151dik. <\/strong><strong>Az idei kiad\u00e1s ann\u00e1l is ink\u00e1bb ritka, mivel hossz\u00fa sz\u00fcnet ut\u00e1n nyitja meg kapuit. J\u00fanius 11. \u00e9s 18. k\u00f6z\u00f6tt gazdag programmal v\u00e1rj\u00e1k a l\u00e1togat\u00f3kat. A v\u00e1rosnapok \u00fcnnepl\u00e9s\u00e9nek r\u00e9szei lesznek a kultur\u00e1lis rendezv\u00e9nyek \u00e9s a sporttev\u00e9kenys\u00e9gek is. <\/strong><\/p>\n\n\n\n<p>Megny\u00edlik a Sabinovi V\u00e1rosi Napok <strong>j\u00fanius 11. 2022<\/strong> sz\u00ednh\u00e1zi el\u0151ad\u00e1s, az \u00fagynevezett <strong>Davey nagyon szeretn\u00e9 a \u201eFly Me to the Moon\u201c-t.\u201c <\/strong>\u00a0a szepes\u00fajfalui Kontra Sz\u00ednh\u00e1z el\u0151ad\u00e1s\u00e1ban. A sabinovi MsKS moziteremben 18:00 \u00f3rakor egy fekete kom\u00e9di\u00e1ba helyezik \u00d6n\u00f6ket, amely k\u00e9t dad\u00e1r\u00f3l sz\u00f3l, akik mindennek ellen tudnak \u00e1llni, kiv\u00e9ve a k\u00eds\u00e9rt\u00e9snek. \u00c9s apr\u00f3 d\u00f6nt\u00e9sekr\u0151l, amelyeknek nagy k\u00f6vetkezm\u00e9nyei vannak.<\/p>\n\n\n\n<p>Vas\u00e1rnap <strong>j\u00fanius 12. 2022<\/strong> egy j\u00f3t\u00e9konys\u00e1gi koncertnek lehet majd szemtan\u00faja, melynek neve <strong>\u201eA zene \u00f6sszek\u00f6t minket\u201c<\/strong> \u00e9s t\u00e1mogatni egy ilyen j\u00f3 \u00fcgyet. A koncertet a Szabinovi Alapfok\u00fa M\u0171v\u00e9szeti Iskol\u00e1val egy\u00fcttm\u0171k\u00f6dve szervezik. A Keresztel\u0151 Szent J\u00e1nos M\u00e1rton Pl\u00e9b\u00e1niatemplomban Anna Hitrikova \u00e9nekel, Liubov Gunder zongor\u00e1n k\u00eds\u00e9r, Filip Burgr \u00e9s Dr\u00e1b D\u00e1vid orgon\u00e1n j\u00e1tszik. A bel\u00e9p\u00e9s \u00f6nk\u00e9ntes, a koncert bev\u00e9tel\u00e9t a Man in Peril (Vesz\u00e9lyben az ember) nev\u0171 nonprofit szervezetnek aj\u00e1nlj\u00e1k fel.<\/p>\n\n\n\n<p>A korszer\u0171s\u00edtett V\u00e1rosi K\u00f6nyvt\u00e1rban B. N. Nezabudova <strong>J\u00fanius 13-\u00e1n 10:00 \u00f3rakor. <\/strong>ne hagyja ki a besz\u00e9lget\u00e9st a Szabinovban sz\u00fcletett sz\u00edn\u00e9szn\u0151vel, rendez\u0151vel, dr\u00e1ma\u00edr\u00f3val \u00e9s \u00edr\u00f3val. <strong>Katar\u00edna \u017delinsk\u00e1<\/strong>. A reg\u00e9nyr\u0151l fog besz\u00e9lni <strong>\u201eN\u0151k t\u00f6rzsk\u00f6nyv n\u00e9lk\u00fcl\u201c<\/strong>, amely nemzed\u00e9ki tan\u00fas\u00e1gt\u00e9tel arr\u00f3l, hogy milyen id\u0151kben \u00e9l\u00fcnk idegen eszm\u00e9kkel, vagy egy\u00e1ltal\u00e1n nem \u00e9l\u00fcnk. Csak azt hajszoljuk, amit nem ismer\u00fcnk, de valaki helyett\u00fcnk \u00e9letnek nevezte. Arr\u00f3l az id\u0151r\u0151l, amelyben nemcsak elvesz\u00edtj\u00fck az eszm\u00e9nyeinket, de n\u00e9ha meg sem tudjuk teremteni \u0151ket.<\/p>\n\n\n\n<p><em>\u201eA v\u00e1rosnapok egyik f\u0151 t\u00e9m\u00e1ja Janko Borod\u00e1\u010d szem\u00e9lyis\u00e9ge lesz. A szlov\u00e1kiai hivat\u00e1sos sz\u00ednj\u00e1tsz\u00e1s megalap\u00edt\u00f3ja, 1922-1924 k\u00f6z\u00f6tt Sabinovban tan\u00e1rk\u00e9nt dolgozott, majd megalap\u00edtotta a Pal\u00e1rik amat\u0151r sz\u00ednt\u00e1rsulatot. A ki\u00e1ll\u00edt\u00e1s megnyit\u00f3j\u00e1ra j\u00fanius 13-\u00e1n 11:00 \u00f3rakor ker\u00fcl sor a KC Na korze koncertterm\u00e9ben. A ki\u00e1ll\u00edt\u00e1s 2022. j\u00fanius 30-ig tekinthet\u0151 meg.\u201c<\/em> mondta Jozef V\u00e1hovsk\u00fd, a szabinovi V\u00e1rosi Kultur\u00e1lis K\u00f6zpont igazgat\u00f3ja.<\/p>\n\n\n\n<p><img loading=\"lazy\" decoding=\"async\" class=\"aligncenter wp-image-10349 size-full\" src=\"https:\/\/www.regionsaris.sk\/wp-content\/uploads\/2025\/12\/vystava_janko_borodac_sabinov.jpg\" alt=\"\" width=\"1596\" height=\"1062\" \/><\/p>\n\n\n\n<p>A nemzetk\u00f6zi jelleg\u0171 m\u0171v\u00e9szeti verseny 6. \u00e9vfolyam\u00e1nak \u00e9rt\u00e9kel\u00e9se, az \u00fagynevezett <strong>\u201eCsontv\u00e1ry v\u00e1ndorl\u00f3 cip\u0151je\u201c<\/strong> egy moder\u00e1lt m\u0171v\u00e9szeti est keret\u00e9ben szerepel a programban. <strong>\u201eSabinov j\u00f6v\u0151beli (?) szem\u00e9lyis\u00e9gei\u201c<\/strong>. A m\u0171sorban fell\u00e9pnek a Sabinovsk\u00fd szerz\u0151i \u00e9s szaval\u00f3i m\u00e1jus jelenlegi \u00e9s kor\u00e1bbi d\u00edjazottjai \u00e9s d\u00edjazottjai, valamint a Sabinovsk\u00fd \u010cim -\u010cim kis szaval\u00f3i.<\/p>\n\n\n\n<p>A sportversenyb\u0151l sem lesz hi\u00e1ny, \u00e9s ism\u00e9t megtal\u00e1lta a hely\u00e9t. <strong>Pentapolita. <\/strong>Huszadik \u00e9ve rendezik meg a k\u00f6z\u00e9piskol\u00e1sok verseny\u00e9t nem hagyom\u00e1nyos sport\u00e1gakban, sportnapot a v\u00e1rosban m\u0171k\u00f6d\u0151 \u00e1ltal\u00e1nos iskol\u00e1k m\u00e1sodik oszt\u00e1lyos tanul\u00f3inak futsal, kos\u00e1rlabda, illetve fut\u00f3 v\u00e1lt\u00f3 sport\u00e1gakban. A V\u00e1rosnapok r\u00e9g\u00f3ta r\u00e9sze a nemzetk\u00f6zi nemzetk\u00f6ziek nemzetk\u00f6zi torn\u00e1ja vagy a v\u00e1s\u00e1ri p\u00e1ros teniszverseny is.<\/p>\n\n\n\n<p>Kedden <strong>j\u00fanius 14.<\/strong> a k\u00f6nyvet a Na korze Kultur\u00e1lis \u00e9s Inform\u00e1ci\u00f3s K\u00f6zpontban mutatj\u00e1k be \u00e9s mutatj\u00e1k be. <strong>\u201eOscar zen\u00e9szek\u201c<\/strong> PhDr. Tarj\u00e1nyi Viliam PhD. A kiadv\u00e1ny tisztelg\u00e9s azon zen\u00e9szek el\u0151tt, akik a m\u0171v\u00e9szeti tev\u00e9kenys\u00e9g ter\u00e9n terjesztett\u00e9k Pre\u0161ov v\u00e1ros j\u00f3 h\u00edr\u00e9t. Eddig m\u00e9g nem publik\u00e1lt adatokat r\u00f6gz\u00edt a filmiparban v\u00e9gzett tev\u00e9kenys\u00e9g\u00fckr\u0151l. A kiadv\u00e1ny meg\u00edr\u00e1s\u00e1nak ihlet\u0151je \u00e9s lend\u00edt\u0151je Juraj Vrabel Jr. bolt a folyos\u00f3n (essz\u00e9k filmes t\u00e9m\u00e1kr\u00f3l) c\u00edm\u0171 k\u00f6nyve volt. A vend\u00e9gek: Mgr. Anna Bakajsov\u00e1 \u00e9s Jozef Bla\u017eovsk\u00fd.<\/p>\n\n\n\n<p>K <strong>Janek Borodac<\/strong> szint\u00e9n visszat\u00e9r <strong>j\u00fanius 15.<\/strong>, ahol a szlov\u00e1k dr\u00e1ma fejl\u0151d\u00e9s\u00e9ben bet\u00f6lt\u00f6tt szerep\u00e9t a sz\u00ednh\u00e1zirodalm\u00e1r mutatja be. <strong>doc. Mgr. Karol Mi\u0161ovic <\/strong>k\u00f6z\u00e9piskol\u00e1s di\u00e1kok. Az el\u0151ad\u00e1sra a 130. Janko Borod\u00e1\u010d sz\u00fclet\u00e9s\u00e9nek 130. \u00e9vfordul\u00f3ja alkalm\u00e1b\u00f3l. Este a megh\u00edvott vend\u00e9gek sz\u00e1m\u00e1ra helyet biztos\u00edtunk a Sabinov v\u00e1ros d\u00edj\u00e1nak \u00e9s a Sabinov polg\u00e1rmester d\u00edj\u00e1nak \u00e1tad\u00e1s\u00e1val egybek\u00f6t\u00f6tt g\u00e1laestre. A g\u00e1laest id\u0151tartama alatt a honlapon is vet\u00edt\u00e9sre ker\u00fcl. <a href=\"https:\/\/www.facebook.com\/zivotvsabinove\/?__cft__%5b0%5d=AZWGQE_A2mQZt0NqsHSoJRQB8qV2U41z2H9LfScliGUr9KVTq3qUALfRjXlVcX90c37Yos2m981WoivyVxE9hoRBuhhFgfFs0tVhoKCyK3S9NsORv8UBLrfvsd8tb_nko70N8zR6JybDbwJ3WN68cyWZ6lzNkQMn3978YDHewYzIcxdsuNZRtxjhb883kUpLzqg&__tn__=kK-R\">\u00c9let Szabinovban<\/a> .<\/p>\n\n\n\n<p>A Sabinovi V\u00e1rosi Napok sz\u00e1mos k\u00eds\u00e9r\u0151rendezv\u00e9nyt tartogat a reperto\u00e1rj\u00e1ban. Ezek egyike a KC Na korze \u00e9s a KIC Na Korze ny\u00edlt napja \u00e9s a Pre\u0161ovi Region\u00e1lis M\u00fazeum ki\u00e1ll\u00edt\u00e1sa. <strong>Ny\u00edlt nap<\/strong> ker\u00fcl sor <strong>J\u00fanius 16. 09.00 - 17.00 \u00f3ra k\u00f6z\u00f6tt.<\/strong>. A l\u00e1togat\u00f3knak lehet\u0151s\u00e9g\u00fck lesz saj\u00e1t \u00e9rm\u00e9t veretni, hogy szerencs\u00e9t hozzon, vagy eml\u00e9k\u00fcl szolg\u00e1ljon.<\/p>\n\n\n\n<p><img loading=\"lazy\" decoding=\"async\" class=\"aligncenter wp-image-10347 size-full\" src=\"https:\/\/www.regionsaris.sk\/wp-content\/uploads\/2025\/12\/KC_sabinov.jpg\" alt=\"\" width=\"960\" height=\"721\" \/><\/p>\n\n\n\n<p>Ezenk\u00edv\u00fcl Marek Hockicko Sabinov k\u00f6lcs\u00f6nadta a Keresztel\u0151 Szent J\u00e1nos lefejez\u00e9s\u00e9nek r\u00f3mai katolikus templom\u00e1nak makettj\u00e9t, amelyet saj\u00e1t kez\u0171leg k\u00e9sz\u00edtett, \u00e9s 1800 \u00f3r\u00e1t t\u00f6lt\u00f6tt az \u00e9p\u00edt\u00e9s\u00e9vel. Az ihletet a t\u00e9r tornyokb\u00f3l \u00e1ll\u00f3 \u00e9p\u00fcleteinek makettjei adt\u00e1k, amelyeket gyermekkor\u00e1ban a szabinovi k\u00f6nyvt\u00e1rban l\u00e1tott. Legnagyobb \u00f6r\u00f6m\u00e9re szolg\u00e1l, ha elj\u00f6n, hogy szem\u00e9lyesen is megn\u00e9zze ezt a makettet.<\/p>\n\n\n\n<p>A d\u00e9lel\u0151tt folyam\u00e1n az MsKS k\u00f6nyvt\u00e1r\u00e1ban, Sabinovsk\u00e1 sz\u00fcl\u00f6tte <strong>Vikt\u00f3ria Moser (Seman\u00edkov\u00e1)<\/strong> bemutatja k\u00f6nyv\u00e9t <strong>Mindmages - K\u00f6d-sziget<\/strong> Este pedig a keresztel\u0151 alatt bevezeti a k\u00f6nyvek \u00e9let\u00e9be. Ez lesz az els\u0151 k\u00f6nyve, amelyben egy olyan vil\u00e1got \u00edr le, amelyet az er\u0151s elme \u00e9s a saj\u00e1t gondolatokkal \u00e9s velesz\u00fcletett hajlamokkal val\u00f3 ismeret ural.  Mindenk\u00e9ppen \u00e9rdemes megeml\u00edteni <strong>A tanul\u00f3k s\u00e9t\u00e1nyi koncertje<\/strong> \u00e9s tan\u00e1rai a ZU\u0160 Sabinovban, 17.00 \u00f3rai kezdettel a kissz\u00ednpadon.<\/p>\n\n\n\n<p>A  c\u00edmr\u0151l <strong>j\u00fanius 16. <\/strong>minden m\u00e1s esem\u00e9nyt a k\u00f6vetkez\u0151k k\u00eds\u00e9rnek <strong>48. Sabinovo v\u00e1s\u00e1r<\/strong>. A v\u00e1s\u00e1r programja h\u00e1rom napon kereszt\u00fcl zajlik majd a k\u00f6vetkez\u0151 mott\u00f3val: <strong>\u201eSobinov\u00f3ban \/v\u00e9g\u00fcl\/ a jurmak lesz.\u201c<\/strong><\/p>\n\n\n\n<p><img loading=\"lazy\" decoding=\"async\" class=\"aligncenter wp-image-10343 size-full\" src=\"https:\/\/www.regionsaris.sk\/wp-content\/uploads\/2025\/12\/48-sabinovsky-jarmok.jpg\" alt=\"\" width=\"1201\" height=\"629\" \/><\/p>\n\n\n\n<p>A v\u00e1s\u00e1ri napok alatt fell\u00e9pnek a Club Sarus Pre\u0161ov t\u00f6rt\u00e9nelmi kardv\u00edv\u00f3i, az Alimah Fusion csoport \u00f3szl\u00e1v istenn\u0151i \u00e9s a Csehszlov\u00e1k Szuperszt\u00e1r 2020 gy\u0151ztese. <strong>Barbora Pie\u0161ov\u00e1<\/strong>. P\u00e9nteken <strong>j\u00fanius 17.\u00a0<\/strong>A XVII. Roma Fesztiv\u00e1l, egy folkl\u00f3rfesztiv\u00e1l, amelyen k\u00fcl\u00f6nb\u00f6z\u0151 m\u0171v\u00e9szeti egy\u00fcttesek l\u00e9pnek fel. A nap v\u00e9g\u00e9n a szlov\u00e9n hip-hop du\u00f3 l\u00e9p fel a v\u00e1s\u00e1ri sz\u00ednpadon. <strong>Ne tedd. <\/strong>A koncert lesz az est fin\u00e1l\u00e9ja. <strong>Kmet'band - Igor Kmet'o st.<\/strong>.<\/p>\n\n\n\n<p>Az egyhetes program utols\u00f3 napj\u00e1n a legfiatalabb l\u00e1togat\u00f3kat a k\u00f6vetkez\u0151k v\u00e1rj\u00e1k <strong>1. gyermekv\u00e1s\u00e1r. <\/strong>A nap folyam\u00e1n eg\u00e9sz nap k\u00eds\u00e9rik majd \u0151ket tev\u00e9kenys\u00e9gek, a Sabina s\u00f3lyom\u00e1sz csoport bemutat\u00f3i, gyermekcsoportok el\u0151ad\u00e1sai, dalbemutat\u00f3 \u00e9s b\u00e1bcsoport.<\/p>\n\n\n\n<p>Szombaton\u00a0<strong>j\u00fanius 18.<\/strong> nagyszer\u0171 sz\u00f3rakoz\u00e1ssal z\u00e1rul <strong>Sabinov j\u00f3l sz\u00f3rakozik <\/strong>olyan egy\u00fcttesek fell\u00e9p\u00e9sei, mint a Karel Gott revival SK, Katka Knechtov\u00e1 \u00e9s a HEX.<\/p>\n\n\n\n<p><em>\u201e48. A szabin v\u00e1s\u00e1r azonban t\u00f6bb \u00fajdons\u00e1got is hoz. A sabinovi \u00daPSVaR nagysz\u00ednpad\u00e1t a f\u0151 esti el\u0151ad\u00e1sok idej\u00e9re elker\u00edtik, a bel\u00e9p\u0151d\u00edj jelk\u00e9pesen 1 \u20ac. Mivel a biztons\u00e1gra szeretn\u00e9nk hangs\u00falyt fektetni, ezt az \u00faj teret egy priv\u00e1t biztons\u00e1gi szolg\u00e1lat fogja v\u00e9deni. A v\u00e1ros fels\u0151 r\u00e9sz\u00e9n, az \"Oscar\" szobor k\u00f6zel\u00e9ben egy m\u00e1sodik kis sz\u00ednpadot fogunk \u00e9p\u00edteni. A v\u00e1s\u00e1r ideje alatt a gyermekes csal\u00e1dok sz\u00e1m\u00e1ra \"gyermekz\u00f3na\" lesz kialak\u00edtva. A szombat d\u00e9lel\u0151tti v\u00e1s\u00e1ri programban <strong>1. gyermekv\u00e1s\u00e1r.<\/strong>\u201c<\/em> Jozef V\u00e1hovsk\u00fd hozz\u00e1tette a k\u00f6vetkeztet\u00e9sk\u00e9nt<\/p>\n\n\n\n<p><img loading=\"lazy\" decoding=\"async\" class=\"aligncenter wp-image-10345 size-full\" src=\"https:\/\/www.regionsaris.sk\/wp-content\/uploads\/2025\/12\/Dni-sabinova.jpg\" alt=\"\" width=\"1446\" height=\"2048\" \/><\/p>\n\n\n\n<p><img loading=\"lazy\" decoding=\"async\" class=\"aligncenter wp-image-10341 size-full\" src=\"https:\/\/www.regionsaris.sk\/wp-content\/uploads\/2025\/12\/48-sabinovsky-jarmok-program.jpg\" alt=\"\" width=\"1438\" height=\"2048\" \/><\/p>","protected":false},"excerpt":{"rendered":"<p>Mesto Sabinov a Mestsk\u00e9 kult\u00farne stredisko v Sabinove V\u00e1s poz\u00fdvaj\u00fa na Dni Sabinova 2022 a\u00a048....<\/p>","protected":false},"author":1,"featured_media":257,"comment_status":"open","ping_status":"open","sticky":false,"template":"","format":"standard","meta":{"_acf_changed":false,"footnotes":""},"categories":[1],"tags":[],"class_list":["post-255","post","type-post","status-publish","format-standard","has-post-thumbnail","hentry","category-novinky"],"acf":[],"yoast_head":"<!-- This site is optimized with the Yoast SEO Premium plugin v26.3 (Yoast SEO v26.8) - https:\/\/yoast.com\/product\/yoast-seo-premium-wordpress\/ -->\n<title>V Sobinove mesce dni Sabinova bud\u00fa - OOCR \u0160ari\u0161<\/title>\n<meta name=\"robots\" content=\"index, follow, max-snippet:-1, max-image-preview:large, max-video-preview:-1\" \/>\n<link rel=\"canonical\" href=\"https:\/\/www.regionsaris.sk\/hu\/v-sobinove-mesce-dni-sabinova-budu\/\" \/>\n<meta property=\"og:locale\" content=\"hu_HU\" \/>\n<meta property=\"og:type\" content=\"article\" \/>\n<meta property=\"og:title\" content=\"V Sobinove mesce dni Sabinova bud\u00fa\" \/>\n<meta property=\"og:description\" content=\"Mesto Sabinov a Mestsk\u00e9 kult\u00farne stredisko v Sabinove V\u00e1s poz\u00fdvaj\u00fa na Dni Sabinova 2022 a\u00a048....\" \/>\n<meta property=\"og:url\" content=\"https:\/\/www.regionsaris.sk\/hu\/v-sobinove-mesce-dni-sabinova-budu\/\" \/>\n<meta property=\"og:site_name\" content=\"OOCR \u0160ari\u0161\" \/>\n<meta property=\"article:published_time\" content=\"2022-06-10T11:07:42+00:00\" \/>\n<meta property=\"article:modified_time\" content=\"2025-12-15T09:05:43+00:00\" \/>\n<meta property=\"og:image\" content=\"https:\/\/www.regionsaris.sk\/wp-content\/uploads\/2025\/12\/KC_sabinov.jpg\" \/>\n\t<meta property=\"og:image:width\" content=\"960\" \/>\n\t<meta property=\"og:image:height\" content=\"721\" \/>\n\t<meta property=\"og:image:type\" content=\"image\/jpeg\" \/>\n<meta name=\"author\" content=\"dev@bigway.sk\" \/>\n<meta name=\"twitter:card\" content=\"summary_large_image\" \/>\n<meta name=\"twitter:label1\" content=\"Szerz\u0151:\" \/>\n\t<meta name=\"twitter:data1\" content=\"dev@bigway.sk\" \/>\n\t<meta name=\"twitter:label2\" content=\"Becs\u00fclt olvas\u00e1si id\u0151\" \/>\n\t<meta name=\"twitter:data2\" content=\"6 perc\" \/>\n<script type=\"application\/ld+json\" class=\"yoast-schema-graph\">{\"@context\":\"https:\/\/schema.org\",\"@graph\":[{\"@type\":\"Article\",\"@id\":\"https:\/\/www.regionsaris.sk\/v-sobinove-mesce-dni-sabinova-budu\/#article\",\"isPartOf\":{\"@id\":\"https:\/\/www.regionsaris.sk\/v-sobinove-mesce-dni-sabinova-budu\/\"},\"author\":{\"name\":\"dev@bigway.sk\",\"@id\":\"https:\/\/www.regionsaris.sk\/#\/schema\/person\/30fad06d87cd12ad1d94ff5fbd6919d1\"},\"headline\":\"V Sobinove mesce dni Sabinova bud\u00fa\",\"datePublished\":\"2022-06-10T11:07:42+00:00\",\"dateModified\":\"2025-12-15T09:05:43+00:00\",\"mainEntityOfPage\":{\"@id\":\"https:\/\/www.regionsaris.sk\/v-sobinove-mesce-dni-sabinova-budu\/\"},\"wordCount\":1276,\"commentCount\":0,\"image\":{\"@id\":\"https:\/\/www.regionsaris.sk\/v-sobinove-mesce-dni-sabinova-budu\/#primaryimage\"},\"thumbnailUrl\":\"https:\/\/www.regionsaris.sk\/wp-content\/uploads\/2025\/12\/KC_sabinov.jpg\",\"articleSection\":[\"Novinky\"],\"inLanguage\":\"hu\",\"potentialAction\":[{\"@type\":\"CommentAction\",\"name\":\"Comment\",\"target\":[\"https:\/\/www.regionsaris.sk\/v-sobinove-mesce-dni-sabinova-budu\/#respond\"]}]},{\"@type\":\"WebPage\",\"@id\":\"https:\/\/www.regionsaris.sk\/v-sobinove-mesce-dni-sabinova-budu\/\",\"url\":\"https:\/\/www.regionsaris.sk\/v-sobinove-mesce-dni-sabinova-budu\/\",\"name\":\"V Sobinove mesce dni Sabinova bud\u00fa - OOCR \u0160ari\u0161\",\"isPartOf\":{\"@id\":\"https:\/\/www.regionsaris.sk\/#website\"},\"primaryImageOfPage\":{\"@id\":\"https:\/\/www.regionsaris.sk\/v-sobinove-mesce-dni-sabinova-budu\/#primaryimage\"},\"image\":{\"@id\":\"https:\/\/www.regionsaris.sk\/v-sobinove-mesce-dni-sabinova-budu\/#primaryimage\"},\"thumbnailUrl\":\"https:\/\/www.regionsaris.sk\/wp-content\/uploads\/2025\/12\/KC_sabinov.jpg\",\"datePublished\":\"2022-06-10T11:07:42+00:00\",\"dateModified\":\"2025-12-15T09:05:43+00:00\",\"author\":{\"@id\":\"https:\/\/www.regionsaris.sk\/#\/schema\/person\/30fad06d87cd12ad1d94ff5fbd6919d1\"},\"breadcrumb\":{\"@id\":\"https:\/\/www.regionsaris.sk\/v-sobinove-mesce-dni-sabinova-budu\/#breadcrumb\"},\"inLanguage\":\"hu\",\"potentialAction\":[{\"@type\":\"ReadAction\",\"target\":[\"https:\/\/www.regionsaris.sk\/v-sobinove-mesce-dni-sabinova-budu\/\"]}]},{\"@type\":\"ImageObject\",\"inLanguage\":\"hu\",\"@id\":\"https:\/\/www.regionsaris.sk\/v-sobinove-mesce-dni-sabinova-budu\/#primaryimage\",\"url\":\"https:\/\/www.regionsaris.sk\/wp-content\/uploads\/2025\/12\/KC_sabinov.jpg\",\"contentUrl\":\"https:\/\/www.regionsaris.sk\/wp-content\/uploads\/2025\/12\/KC_sabinov.jpg\",\"width\":960,\"height\":721},{\"@type\":\"BreadcrumbList\",\"@id\":\"https:\/\/www.regionsaris.sk\/v-sobinove-mesce-dni-sabinova-budu\/#breadcrumb\",\"itemListElement\":[{\"@type\":\"ListItem\",\"position\":1,\"name\":\"Domov\",\"item\":\"https:\/\/www.regionsaris.sk\/\"},{\"@type\":\"ListItem\",\"position\":2,\"name\":\"V Sobinove mesce dni Sabinova bud\u00fa\"}]},{\"@type\":\"WebSite\",\"@id\":\"https:\/\/www.regionsaris.sk\/#website\",\"url\":\"https:\/\/www.regionsaris.sk\/\",\"name\":\"OOCR \u0160ari\u0161\",\"description\":\"\",\"potentialAction\":[{\"@type\":\"SearchAction\",\"target\":{\"@type\":\"EntryPoint\",\"urlTemplate\":\"https:\/\/www.regionsaris.sk\/?s={search_term_string}\"},\"query-input\":{\"@type\":\"PropertyValueSpecification\",\"valueRequired\":true,\"valueName\":\"search_term_string\"}}],\"inLanguage\":\"hu\"},{\"@type\":\"Person\",\"@id\":\"https:\/\/www.regionsaris.sk\/#\/schema\/person\/30fad06d87cd12ad1d94ff5fbd6919d1\",\"name\":\"dev@bigway.sk\",\"image\":{\"@type\":\"ImageObject\",\"inLanguage\":\"hu\",\"@id\":\"https:\/\/www.regionsaris.sk\/#\/schema\/person\/image\/\",\"url\":\"https:\/\/secure.gravatar.com\/avatar\/013b34bc1192067340cff024d72adf40af543d15809da0502beda083cb4f28a2?s=96&d=mm&r=g\",\"contentUrl\":\"https:\/\/secure.gravatar.com\/avatar\/013b34bc1192067340cff024d72adf40af543d15809da0502beda083cb4f28a2?s=96&d=mm&r=g\",\"caption\":\"dev@bigway.sk\"},\"sameAs\":[\"https:\/\/www.regionsaris.sk\"],\"url\":\"https:\/\/www.regionsaris.sk\/hu\/author\/devbigway-sk\/\"}]}<\/script>\n<!-- \/ Yoast SEO Premium plugin. -->","yoast_head_json":{"title":"V Sobinove mesce dni Sabinova bud\u00fa - OOCR \u0160ari\u0161","robots":{"index":"index","follow":"follow","max-snippet":"max-snippet:-1","max-image-preview":"max-image-preview:large","max-video-preview":"max-video-preview:-1"},"canonical":"https:\/\/www.regionsaris.sk\/hu\/v-sobinove-mesce-dni-sabinova-budu\/","og_locale":"hu_HU","og_type":"article","og_title":"V Sobinove mesce dni Sabinova bud\u00fa","og_description":"Mesto Sabinov a Mestsk\u00e9 kult\u00farne stredisko v Sabinove V\u00e1s poz\u00fdvaj\u00fa na Dni Sabinova 2022 a\u00a048....","og_url":"https:\/\/www.regionsaris.sk\/hu\/v-sobinove-mesce-dni-sabinova-budu\/","og_site_name":"OOCR \u0160ari\u0161","article_published_time":"2022-06-10T11:07:42+00:00","article_modified_time":"2025-12-15T09:05:43+00:00","og_image":[{"width":960,"height":721,"url":"https:\/\/www.regionsaris.sk\/wp-content\/uploads\/2025\/12\/KC_sabinov.jpg","type":"image\/jpeg"}],"author":"dev@bigway.sk","twitter_card":"summary_large_image","twitter_misc":{"Szerz\u0151:":"dev@bigway.sk","Becs\u00fclt olvas\u00e1si id\u0151":"6 perc"},"schema":{"@context":"https:\/\/schema.org","@graph":[{"@type":"Article","@id":"https:\/\/www.regionsaris.sk\/v-sobinove-mesce-dni-sabinova-budu\/#article","isPartOf":{"@id":"https:\/\/www.regionsaris.sk\/v-sobinove-mesce-dni-sabinova-budu\/"},"author":{"name":"dev@bigway.sk","@id":"https:\/\/www.regionsaris.sk\/#\/schema\/person\/30fad06d87cd12ad1d94ff5fbd6919d1"},"headline":"V Sobinove mesce dni Sabinova bud\u00fa","datePublished":"2022-06-10T11:07:42+00:00","dateModified":"2025-12-15T09:05:43+00:00","mainEntityOfPage":{"@id":"https:\/\/www.regionsaris.sk\/v-sobinove-mesce-dni-sabinova-budu\/"},"wordCount":1276,"commentCount":0,"image":{"@id":"https:\/\/www.regionsaris.sk\/v-sobinove-mesce-dni-sabinova-budu\/#primaryimage"},"thumbnailUrl":"https:\/\/www.regionsaris.sk\/wp-content\/uploads\/2025\/12\/KC_sabinov.jpg","articleSection":["Novinky"],"inLanguage":"hu","potentialAction":[{"@type":"CommentAction","name":"Comment","target":["https:\/\/www.regionsaris.sk\/v-sobinove-mesce-dni-sabinova-budu\/#respond"]}]},{"@type":"WebPage","@id":"https:\/\/www.regionsaris.sk\/v-sobinove-mesce-dni-sabinova-budu\/","url":"https:\/\/www.regionsaris.sk\/v-sobinove-mesce-dni-sabinova-budu\/","name":"V Sobinove mesce dni Sabinova bud\u00fa - OOCR \u0160ari\u0161","isPartOf":{"@id":"https:\/\/www.regionsaris.sk\/#website"},"primaryImageOfPage":{"@id":"https:\/\/www.regionsaris.sk\/v-sobinove-mesce-dni-sabinova-budu\/#primaryimage"},"image":{"@id":"https:\/\/www.regionsaris.sk\/v-sobinove-mesce-dni-sabinova-budu\/#primaryimage"},"thumbnailUrl":"https:\/\/www.regionsaris.sk\/wp-content\/uploads\/2025\/12\/KC_sabinov.jpg","datePublished":"2022-06-10T11:07:42+00:00","dateModified":"2025-12-15T09:05:43+00:00","author":{"@id":"https:\/\/www.regionsaris.sk\/#\/schema\/person\/30fad06d87cd12ad1d94ff5fbd6919d1"},"breadcrumb":{"@id":"https:\/\/www.regionsaris.sk\/v-sobinove-mesce-dni-sabinova-budu\/#breadcrumb"},"inLanguage":"hu","potentialAction":[{"@type":"ReadAction","target":["https:\/\/www.regionsaris.sk\/v-sobinove-mesce-dni-sabinova-budu\/"]}]},{"@type":"ImageObject","inLanguage":"hu","@id":"https:\/\/www.regionsaris.sk\/v-sobinove-mesce-dni-sabinova-budu\/#primaryimage","url":"https:\/\/www.regionsaris.sk\/wp-content\/uploads\/2025\/12\/KC_sabinov.jpg","contentUrl":"https:\/\/www.regionsaris.sk\/wp-content\/uploads\/2025\/12\/KC_sabinov.jpg","width":960,"height":721},{"@type":"BreadcrumbList","@id":"https:\/\/www.regionsaris.sk\/v-sobinove-mesce-dni-sabinova-budu\/#breadcrumb","itemListElement":[{"@type":"ListItem","position":1,"name":"Domov","item":"https:\/\/www.regionsaris.sk\/"},{"@type":"ListItem","position":2,"name":"V Sobinove mesce dni Sabinova bud\u00fa"}]},{"@type":"WebSite","@id":"https:\/\/www.regionsaris.sk\/#website","url":"https:\/\/www.regionsaris.sk\/","name":"OOCR \u0160ari\u0161","description":"","potentialAction":[{"@type":"SearchAction","target":{"@type":"EntryPoint","urlTemplate":"https:\/\/www.regionsaris.sk\/?s={search_term_string}"},"query-input":{"@type":"PropertyValueSpecification","valueRequired":true,"valueName":"search_term_string"}}],"inLanguage":"hu"},{"@type":"Person","@id":"https:\/\/www.regionsaris.sk\/#\/schema\/person\/30fad06d87cd12ad1d94ff5fbd6919d1","name":"dev@bigway.sk","image":{"@type":"ImageObject","inLanguage":"hu","@id":"https:\/\/www.regionsaris.sk\/#\/schema\/person\/image\/","url":"https:\/\/secure.gravatar.com\/avatar\/013b34bc1192067340cff024d72adf40af543d15809da0502beda083cb4f28a2?s=96&d=mm&r=g","contentUrl":"https:\/\/secure.gravatar.com\/avatar\/013b34bc1192067340cff024d72adf40af543d15809da0502beda083cb4f28a2?s=96&d=mm&r=g","caption":"dev@bigway.sk"},"sameAs":["https:\/\/www.regionsaris.sk"],"url":"https:\/\/www.regionsaris.sk\/hu\/author\/devbigway-sk\/"}]}},"_links":{"self":[{"href":"https:\/\/www.regionsaris.sk\/hu\/wp-json\/wp\/v2\/posts\/255","targetHints":{"allow":["GET"]}}],"collection":[{"href":"https:\/\/www.regionsaris.sk\/hu\/wp-json\/wp\/v2\/posts"}],"about":[{"href":"https:\/\/www.regionsaris.sk\/hu\/wp-json\/wp\/v2\/types\/post"}],"author":[{"embeddable":true,"href":"https:\/\/www.regionsaris.sk\/hu\/wp-json\/wp\/v2\/users\/1"}],"replies":[{"embeddable":true,"href":"https:\/\/www.regionsaris.sk\/hu\/wp-json\/wp\/v2\/comments?post=255"}],"version-history":[{"count":1,"href":"https:\/\/www.regionsaris.sk\/hu\/wp-json\/wp\/v2\/posts\/255\/revisions"}],"predecessor-version":[{"id":261,"href":"https:\/\/www.regionsaris.sk\/hu\/wp-json\/wp\/v2\/posts\/255\/revisions\/261"}],"wp:featuredmedia":[{"embeddable":true,"href":"https:\/\/www.regionsaris.sk\/hu\/wp-json\/wp\/v2\/media\/257"}],"wp:attachment":[{"href":"https:\/\/www.regionsaris.sk\/hu\/wp-json\/wp\/v2\/media?parent=255"}],"wp:term":[{"taxonomy":"category","embeddable":true,"href":"https:\/\/www.regionsaris.sk\/hu\/wp-json\/wp\/v2\/categories?post=255"},{"taxonomy":"post_tag","embeddable":true,"href":"https:\/\/www.regionsaris.sk\/hu\/wp-json\/wp\/v2\/tags?post=255"}],"curies":[{"name":"wp","href":"https:\/\/api.w.org\/{rel}","templated":true}]}}