{"id":180,"date":"2020-12-07T11:50:50","date_gmt":"2020-12-07T10:50:50","guid":{"rendered":"https:\/\/www.regionsaris.sk\/vianocne-zvyky-a-tradicie-v-regione-saris\/"},"modified":"2025-12-15T10:04:34","modified_gmt":"2025-12-15T09:04:34","slug":"vianocne-zvyky-a-tradicie-v-regione-saris","status":"publish","type":"post","link":"https:\/\/www.regionsaris.sk\/hu\/vianocne-zvyky-a-tradicie-v-regione-saris\/","title":{"rendered":"Kar\u00e1csonyi szok\u00e1sok \u00e9s hagyom\u00e1nyok a \u0160ari\u0161 r\u00e9gi\u00f3ban"},"content":{"rendered":"<h2 style=\"text-align: center;\"><strong>Hagyom\u00e1nyok \u00e9s szok\u00e1sok \u0160ari\u0161ban, ahogyan ismeri \u00e9s nem ismeri \u0151ket.<\/strong><\/h2>\nAz \u00e9vnek tal\u00e1n nincs is szebb \u00e9s hagyom\u00e1nyokban gazdagabb \u00fcnnepe, mint a kar\u00e1csony.\n\nKezd\u0151dik az adventi id\u0151szak , amely a m\u00faltban a l\u00e1bak alatt ropog\u00f3 h\u00f3val, az arcot cs\u00edp\u0151 fagygal t\u00e1rsult. A h\u00f3takar\u00f3nak az volt a jelent\u0151s\u00e9ge, hogy betakarta mindazt, amit az emberek az \u00e9v sor\u00e1n megtapasztaltak, b\u00e9k\u00e9t \u00e9s nyugalmat hozott a csal\u00e1dok \u00e9let\u00e9be. Ahogy a h\u00f3 a f\u00f6ldre hullott. Csendesen. \u00c9s ez volt az a v\u00e1rakoz\u00e1ssal teli id\u0151szak, amikor a csal\u00e1dok \u00e9s a tany\u00e1k felk\u00e9sz\u00fcltek a<strong> Kar\u00e1csony<\/strong>, hagyom\u00e1nyokkal \u00e9s szok\u00e1sokkal \u00e1tsz\u0151tt.\n\nEzek k\u00f6z\u00fcl mutatunk be n\u00e9h\u00e1nyat a<strong> \u0160ari\u0161 r\u00e9gi\u00f3<\/strong>, amely m\u00e9g ma is t\u00f6bb h\u00e1ztart\u00e1sban megtal\u00e1lhat\u00f3. B\u00f6lcsess\u00e9g\u00fck, szellemess\u00e9g\u00fck a mi \u00f6r\u00f6ks\u00e9g\u00fcnk, amelyet meg kell \u0151rizni.\n<p style=\"text-align: left;\"><strong>Tiszt\u00edt\u00e1s<\/strong><\/p>\n<p style=\"text-align: left;\"><img loading=\"lazy\" decoding=\"async\" class=\"wp-image-7010 alignleft\" src=\"https:\/\/www.regionsaris.sk\/wp-content\/uploads\/2025\/12\/metly-300x172.jpg\" alt=\"\" width=\"235\" height=\"135\" \/>Annak \u00e9rdek\u00e9ben, hogy a Mikul\u00e1s tiszta k\u00f6rnyezetbe \u00e9rkezzen, a \u0160ari\u0161ban a h\u00e1zakat kar\u00e1csony este el\u0151tt, \u00e1ltal\u00e1ban egy h\u00e9ttel az \u00fcnnepek el\u0151tt takar\u00edtott\u00e1k ki utolj\u00e1ra. Ha volt var\u00e1zsl\u00e1s, az h\u00e1rom napig tartott.<\/p>\nA gazdinok el\u0151sz\u00f6r a patakban \u201efaragtak ki takar\u00f3kat\u201c (sz\u0151tt sz\u0151nyegeket, sz\u0151nyegeket). Ezut\u00e1n lesik\u00e1lt\u00e1k a fapadl\u00f3t. Ha f\u00f6ldes volt, azt is les\u00farolt\u00e1k, zs\u00e1kv\u00e1szonnal vagy friss chachinnal fedt\u00e9k be. A falakat kifeh\u00e9r\u00edtett\u00e9k, az ablakokat kimost\u00e1k, \u00e9s feh\u00e9r f\u00fcgg\u00f6ny\u00f6ket akasztottak. A ruh\u00e1kat nem lehetett felakasztani, ez\u00e9rt kiteregett\u00e9k \u0151ket, \u00e9s kicser\u00e9lt\u00e9k a paplanokat. A konyh\u00e1t nem sokat takar\u00edtott\u00e1k, mert nem sokat f\u0151ztek. Elv\u00e9gre nagyb\u00f6jt volt, \u00e9s kevesebb ed\u00e9nyt \u00e9s t\u00e1lat haszn\u00e1ltak.\n\n<strong><img loading=\"lazy\" decoding=\"async\" class=\"alignright wp-image-7012 size-medium\" src=\"https:\/\/www.regionsaris.sk\/wp-content\/uploads\/2025\/12\/oblatky-300x225.jpg\" alt=\"\" width=\"300\" height=\"225\" \/>Gofri<\/strong>\n\nR\u00e9gebben az ostyas\u00fct\u00e9s a rektorok feladatai k\u00f6z\u00e9 tartozott, akiknek az ostyas\u00fct\u00e9sb\u0151l sz\u00e1rmaz\u00f3 j\u00f6vedelm\u00e9t a rendelet is felsorolta. A liszt \u0151rl\u00e9s\u00e9hez sz\u00fcks\u00e9ges gabon\u00e1t vagy az osty\u00e1hoz sz\u00fcks\u00e9ges lisztet a tanul\u00f3k hozt\u00e1k el nekik, akik kar\u00e1csony el\u0151tt, k\u00fcl\u00f6n\u00f6sen Szent Katalin napj\u00e1n j\u00e1rt\u00e1k a h\u00e1zakat.\n\nAz egyszer\u0171 kov\u00e1sztalan t\u00e9szt\u00e1b\u00f3l k\u00e9sz\u00fclt osty\u00e1kat csak Lucia ut\u00e1n kezdt\u00e9k el s\u00fctni vasfogasokban. A fog\u00f3 egyik oldal\u00e1n \u00e1ltal\u00e1ban a kereszt jel\u00e9t, a m\u00e1sikon egy gallyat vagy egy kelyhet \u00e1br\u00e1zoltak. A legjobb tanul\u00f3k, akiket a rektor v\u00e1lasztott ki \u00e9s vizsg\u00e1ztatott, a megs\u00fclt osty\u00e1kat k\u00e9t-h\u00e1rom nappal szenteste el\u0151tt rend szerint kosarakban osztott\u00e1k sz\u00e9t a h\u00e1zak k\u00f6z\u00f6tt. Minden csal\u00e1d t\u00edz-h\u00fasz vizes osty\u00e1t, n\u00e9h\u00e1ny cukorosty\u00e1t \u00e9s sodort osty\u00e1t kapott egy kos\u00e1rban. Amikor a tanul\u00f3k sz\u00e9p koszor\u00fat k\u00e9sz\u00edtettek, a kos\u00e1rban \u00e9telt \u00e9s p\u00e9nzt kaptak a rektor \u00farnak.\n\n<strong>H\u00e1z \u00e9s lak\u00e1sdekor\u00e1ci\u00f3\n<\/strong>A kis J\u00e9zus szalm\u00e1n sz\u00fcletett, ez\u00e9rt a kar\u00e1csonyi \u00fcnnepeket is szalm\u00e1val jel\u00f6lt\u00e9k a m\u00faltban.\n\nVig\u00edli\u00e1n - Vilija, a csal\u00e1dapa egy k\u00f6teg szalm\u00e1t hozott a szob\u00e1ba, \u00e9s az els\u0151 \u00e9s m\u00e1sodik \u00e9jszaka az eg\u00e9sz csal\u00e1d szalm\u00e1n aludt. M\u00e9g a kar\u00e1csonyi szimbolikus d\u00edsz\u00edt\u00e9s is szalm\u00e1b\u00f3l k\u00e9sz\u00fclt.\n\nOdakint az emberek szalm\u00e1t k\u00f6t\u00f6ttek a f\u00e1k k\u00f6r\u00e9, majd egy bottal megkocogtatt\u00e1k, \u00e9s azt mondt\u00e1k: \u201eSz\u00fcl\u0151 leszel!\u201c\n\n\u0160ari\u0161ban is haszn\u00e1ltak egy burgony\u00e1t - gru\u013ea -, amelybe s\u0171r\u0171n szalmasz\u00e1lakat t\u0171ztek, a v\u00e9g\u00e9n \u00e9l\u00e9nk sz\u00edn\u0171 pap\u00edrb\u00f3l k\u00e9sz\u00fclt masnival d\u00edsz\u00edtve. \u00cdgy j\u00f6tt l\u00e9tre a zvizda - csillagnak nevezett szalma s\u00fcn, amely a padl\u00e1sr\u00f3l l\u00f3gott az asztal f\u00f6l\u00e9. F\u00e1k, ahogyan ma ismerj\u00fck \u0151ket, nem voltak. A f\u00e1k tetej\u00e9t \u00e1ltal\u00e1ban feny\u0151b\u0151l vagy lucfeny\u0151b\u0151l k\u00e9sz\u00edtett\u00e9k, \u00e9s alm\u00e1val, di\u00f3val, osty\u00e1val \u00e9s az \u00e9v sor\u00e1n a csal\u00e1d \u00e1ltal felkeresett b\u0171nbocs\u00e1nati helyekr\u0151l sz\u00e1rmaz\u00f3 szentk\u00e9pekkel d\u00edsz\u00edtett\u00e9k.\n\n<strong><img loading=\"lazy\" decoding=\"async\" class=\"wp-image-7004 alignright\" src=\"https:\/\/www.regionsaris.sk\/wp-content\/uploads\/2025\/12\/apple-1883940_1920-300x200.jpg\" alt=\"\" width=\"236\" height=\"157\" \/>Szok\u00e1sok \u00e9s hagyom\u00e1nyok a \u201eViliya\u201c -on\u201c<\/strong>\n\nSzenteste szigor\u00fa b\u00f6jt\u00f6t hirdettek - az \u00e9v legszigor\u00fabbj\u00e1t.\nEzt a napot mindig is nemcsak az utols\u00f3 napnak tekintett\u00e9k Lucia \u00f3ta, amikor a s\u00f6t\u00e9ts\u00e9g fel\u00fclkerekedik a f\u00e9nyen, hanem a gonosz er\u0151k a j\u00f3kon is.\n\nEz\u00e9rt p\u00e9ld\u00e1ul a \u0160ari\u0161ban tal\u00e1lhat\u00f3 Toris\u00e1ban a feln\u0151ttek kar\u00e1csony este azt mondt\u00e1k a gyerekeknek, hogy ne verekedjenek, mert azt mondt\u00e1k, hogy aki kar\u00e1csony este vereked\u00e9st \u00e9rdemel, azt eg\u00e9sz \u00e9vben verik.\n\n\u0160ari\u0161 egyes falvaiban, \u201eVi\u013eija\u201c napj\u00e1n a gyerekek csak egy s\u00fclt krumplit ehettek, \u00e9s azt nyers k\u00e1poszt\u00e1val ett\u00e9k. Ez annak ellen\u00e9re volt \u00edgy, hogy a konyh\u00e1ban b\u0171z terjengett.\n<ul>\n \t<li>Hagyom\u00e1ny volt, hogy ezen a napon senkinek semmit sem adtak k\u00f6lcs\u00f6n, nehogy a mez\u00edtl\u00e1bas asszonyok megszerezz\u00e9k a gazd\u00e1juk holmij\u00e1t, \u00e9s kirabolj\u00e1k \u0151t, a csal\u00e1dj\u00e1t vagy a gazdas\u00e1g\u00e1t.<\/li>\n \t<li>Ellenkez\u0151leg, \u00f6r\u00f6mmel fogadtak minden t\u00fcsszent\u00e9st, amely a mai napt\u00f3l elt\u00e9r\u0151en nem a k\u00f6zelg\u0151 influenz\u00e1t, hanem a h\u00e1ztart\u00e1s gyarapod\u00e1s\u00e1t jelezte.<\/li>\n \t<li>Vacsora el\u0151tt a l\u00e1nyok kiszaladtak a h\u00e1z el\u0151tti utc\u00e1ra az els\u0151 forr\u00f3, s\u00fclt bobalka-kekszekkel, amelyek a kar\u00e1csony esti vacsora r\u00e9sz\u00e9t k\u00e9pezt\u00e9k m\u00e1kkal. Amelyik f\u00e9rfit el\u0151sz\u00f6r megl\u00e1tt\u00e1k, azt a nevet kapta a jegyes\u00fck.<\/li>\n \t<li>A csel\u00e9dek a nagy vacsora el\u0151tt azt is megj\u00f3solt\u00e1k, hogy meg\u00e9lik-e egy \u00e9ven bel\u00fcl - t\u0171zif\u00e1t hoztak a szob\u00e1ba, \u00e9s a k\u00e1lyha mellett sz\u00e1molt\u00e1k. Ha p\u00e1ros sz\u00e1m\u00fa f\u00e1t hoztak be a h\u00e1zba a karjukban, az azt jelentette, hogy egy \u00e9ven bel\u00fcl meg fogj\u00e1k \u00e9lni a h\u00e1zasp\u00e1r \u00e9let\u00e9t.<\/li>\n \t<li>B\u00e1tor volt az, aki este l\u00e9legzetvisszafojtva rohant ki, \u00e9s hozott chipset. Ha egy l\u00e9legzetv\u00e9telnyi sikerrel j\u00e1rt, az garant\u00e1lta neki a j\u00f6v\u0151ben a sok p\u00e9nzt.<\/li>\n \t<li>Ugyan\u00edgy, ha volt egy diszn\u00f3 a csal\u00e1dban, odamentek hozz\u00e1, \u00e9s megk\u00e9rdezt\u00e9k, h\u00e1ny \u00e9vig fog \u00e9lni. H\u00e1nyszor vis\u00edtott a diszn\u00f3, annyi \u00e9vet j\u00f3solt.<\/li>\n \t<li>Vacsora el\u0151tt a parazsat annyi kan\u00e1lon \u00e9gett\u00e9k el, ah\u00e1ny gabon\u00e1ja volt a h\u00e1zi\u00farnak. Amelyik par\u00e1zs a legt\u00f6bb hamut termelte, att\u00f3l a gabon\u00e1t\u00f3l v\u00e1rt\u00e1k a legnagyobb term\u00e9st.<\/li>\n \t<li>A h\u00e1ziasszonyok di\u00f3t, bors\u00f3t \u00e9s alm\u00e1t hoztak a kar\u00e1csony esti asztalra. A csal\u00e1d minden tagja fogott egyet-egyet, \u00e9s a szoba n\u00e9gy sark\u00e1ba dob\u00e1lta, hogy a k\u00f6vetkez\u0151 \u00e9vben is legyen bel\u0151le b\u0151ven a h\u00e1zban.<\/li>\n \t<li>A kar\u00e1csony esti vacsor\u00e1t, amely gazdag, nagy \u00e9s valahol a vill\u00e1ban volt, egy l\u00e1nccal k\u00f6rbetekert asztaln\u00e1l fogyasztott\u00e1k el, \u00e1ll\u00edt\u00f3lag az\u00e9rt, hogy a csal\u00e1dot \u00f6sszetarts\u00e1k a k\u00f6vetkez\u0151 \u00e9vben.<\/li>\n \t<li>A gazdas\u00e1g \u00f6sszes vasszersz\u00e1m\u00e1t, p\u00e9ld\u00e1ul a vasvill\u00e1kat, l\u00e9ceket \u00e9s ekevasakat aznap este az asztal al\u00e1 tett\u00e9k, \u00e9s az eg\u00e9sz csal\u00e1d a vacsora alatt a l\u00e1bukat rajta tartotta, hogy megkem\u00e9nyedjenek, \u00e9s ne s\u00e9r\u00fcljenek meg a f\u00f6ldeken v\u00e9gzett munka sor\u00e1n.<\/li>\n<\/ul>\n<img loading=\"lazy\" decoding=\"async\" class=\"wp-image-7002 alignleft\" src=\"https:\/\/www.regionsaris.sk\/wp-content\/uploads\/2025\/12\/83179875_2264295460534543_1396826946385477632_o-300x200.jpg\" alt=\"\" width=\"150\" height=\"100\" \/><strong>S\u00e1riban ez szent k\u00f6teless\u00e9g volt,<\/strong> hogy a szomsz\u00e9d a szomsz\u00e9dj\u00e1hoz mehessen az \u00fcnnepekre.  De mindig az alacsonyabb ment a magasabbhoz, soha nem ford\u00edtva. A feljebb jut\u00e1s t\u00f6bb p\u00e9nzt, eg\u00e9szs\u00e9get \u00e9s boldogs\u00e1got jelentett a gazd\u00e1lkod\u00e1sban, t\u00f6bb baromfit, vadat, gazdag udvart.\n\nA kar\u00e1csony esti vacsora szinte minden csal\u00e1dban im\u00e1val \u00e9s a csal\u00e1d minden tagj\u00e1nak m\u00e9zzel val\u00f3 megken\u00e9s\u00e9vel kezd\u0151d\u00f6tt. A l\u00e1nyok homlok\u00e1ra tett m\u00e9zkeresztnek az volt a feladata, hogy a l\u00e1nyok \u00e9desek legyenek, mint a m\u00e9z, \u00e9s szorgalmasak, mint a m\u00e9hek az \u00e9vben, m\u00edg a fi\u00faknak az volt a feladata, hogy a l\u00e1nyok is olyanok legyenek, mint \u0151k.\n\nA \u0160ari\u0161 k\u00fcl\u00f6nb\u00f6z\u0151 r\u00e9szein h\u00e9t-, gazdagabb csal\u00e1dokban pedig ak\u00e1r tizenk\u00e9t toj\u00e1sos \u00e9teleket is k\u00e9sz\u00edtettek. A hagyom\u00e1nyos kar\u00e1csonyi \u00e9telek k\u00f6z\u00e9 tartoztak <em>yucha, <\/em><em>enci\u00e1n leves gribami, slif\u010danka vagy szilvaleves<\/em> f\u0151tt aszalt szilv\u00e1b\u00f3l burgony\u00e1val, <em>Nagyb\u00f6jti k\u00e1posztaleves<\/em> burgony\u00e1val \u00e9s <em>s\u00fclt bobalky<\/em> \u00e9des\u00edtett m\u00e1kkal. S\u00fct\u00f6ttek kov\u00e1szos kal\u00e1csot, kerek kuch-tort\u00e1t \u00e9s burgony\u00e1s t\u00f6ltel\u00e9kkel t\u00f6lt\u00f6tt guly\u00e1stort\u00e1t.\n\nMinden \u00e9telb\u0151l szarvasmarha \u00e9s baromfi is ker\u00fclt. A macska azonban \u00fcresen maradt, mert azt hamisnak tartott\u00e1k, azt\u00e1n a kutya, mert \u00e1ll\u00edt\u00f3lag vakon sz\u00fcletett, \u00e9s a l\u00f3, mert \u00e1ll\u00edt\u00f3lag olyan pat\u00e1i voltak, mint az \u00f6rd\u00f6gnek.\n\n<img loading=\"lazy\" decoding=\"async\" class=\"wp-image-7000 alignright\" src=\"https:\/\/www.regionsaris.sk\/wp-content\/uploads\/2025\/12\/81690525_2253522954945127_1104785108881113088_o-300x200.jpg\" alt=\"\" width=\"204\" height=\"136\" \/><strong>Hagyom\u00e1nyok a \u0160ari\u0161 r\u00e9gi\u00f3ban<\/strong> t\u00f6bbnyire falvakban sz\u00fclettek, a mai napig fennmaradtak, \u00e9s b\u00e1rhol is tal\u00e1ljuk \u0151ket, k\u00fcldet\u00e9s\u00fck a kar\u00e1csony meg\u00fcnnepl\u00e9se, a b\u00e9ke, az \u00f6r\u00f6m \u00e9s a csal\u00e1d egy\u00fcttl\u00e9t\u00e9nek megbecs\u00fcl\u00e9se.\n\nA v\u00e9g\u00e9n J\u00e1n Lazor\u00edk s\u00e1rosi etnol\u00f3gus vignett\u00e1ja, amely a kar\u00e1csonyhoz tartozik:\n\n<em>\u201e... Hib\u00e1ztatom, hib\u00e1ztatom, a szent Hodit, t\u00fal nagy halom sikkes gy\u00fcm\u00f6lcs\u00f6t, minden\u00fctt a buja term\u00e9kenys\u00e9get, a j\u00f3 sz\u00fclet\u00e9st, a v\u00e1ltozatoss\u00e1got,\n.<\/em>\n\n<em>Kirmakoch na sto yurmakoch, ramanoch jak vahanoch calf jahni\u010dkoch, jak na rakice gu\u017ai\u010dkoch\nbabu machi\u0148u, dzifku koki\u0148u, vipra\u015banku \u015bvi\u0148u!\nAz okosok mancs\u00e1ba, a gyorsl\u00e1b\u00fa feketerig\u00f3k l\u00e1b\u00e1ba.<\/em>\n<em>\u00c9s ha mi hib\u00e1ztatunk t\u00e9ged, ah\u00e1ny ember, annyif\u00e9le ember, ah\u00e1ny ember, annyif\u00e9le ember a csukly\u00e1ban,\nmint egy p\u00e1sztor, az \u00dar \u00e1ldjon meg t\u00e9ged...\u201c<\/em>\n\n<strong>\u00a0<\/strong>\n<h6><strong>Forr\u00e1s: OOCR R\u00e9gi\u00f3 \u0160ari\u0161, zn.sk, raznany.sk, Jan Lazorik<\/strong><\/h6>\n<h6><strong>F\u00e9nyk\u00e9p: Tibor \u0160ari\u0161sk\u00fd Photography, pixabay<\/strong><\/h6>","protected":false},"excerpt":{"rendered":"<p>Trad\u00edcie a zvyky na \u0160ari\u0161i ako ich pozn\u00e1te aj nepozn\u00e1te. H\u00e1dam neexistuje kraj\u0161\u00ed a\u00a0bohat\u0161\u00ed sviatok...<\/p>","protected":false},"author":1,"featured_media":187,"comment_status":"open","ping_status":"open","sticky":false,"template":"","format":"standard","meta":{"_acf_changed":false,"footnotes":""},"categories":[1],"tags":[],"class_list":["post-180","post","type-post","status-publish","format-standard","has-post-thumbnail","hentry","category-novinky"],"acf":[],"yoast_head":"<!-- This site is optimized with the Yoast SEO Premium plugin v26.3 (Yoast SEO v26.8) - https:\/\/yoast.com\/product\/yoast-seo-premium-wordpress\/ -->\n<title>Viano\u010dne zvyky a trad\u00edcie v regi\u00f3ne \u0160ari\u0161 - OOCR \u0160ari\u0161<\/title>\n<meta name=\"robots\" content=\"index, follow, max-snippet:-1, max-image-preview:large, max-video-preview:-1\" \/>\n<link rel=\"canonical\" href=\"https:\/\/www.regionsaris.sk\/hu\/vianocne-zvyky-a-tradicie-v-regione-saris\/\" \/>\n<meta property=\"og:locale\" content=\"hu_HU\" \/>\n<meta property=\"og:type\" content=\"article\" \/>\n<meta property=\"og:title\" content=\"Viano\u010dne zvyky a trad\u00edcie v regi\u00f3ne \u0160ari\u0161\" \/>\n<meta property=\"og:description\" content=\"Trad\u00edcie a zvyky na \u0160ari\u0161i ako ich pozn\u00e1te aj nepozn\u00e1te. H\u00e1dam neexistuje kraj\u0161\u00ed a\u00a0bohat\u0161\u00ed sviatok...\" \/>\n<meta property=\"og:url\" content=\"https:\/\/www.regionsaris.sk\/hu\/vianocne-zvyky-a-tradicie-v-regione-saris\/\" \/>\n<meta property=\"og:site_name\" content=\"OOCR \u0160ari\u0161\" \/>\n<meta property=\"article:published_time\" content=\"2020-12-07T10:50:50+00:00\" \/>\n<meta property=\"article:modified_time\" content=\"2025-12-15T09:04:34+00:00\" \/>\n<meta property=\"og:image\" content=\"https:\/\/www.regionsaris.sk\/wp-content\/uploads\/2025\/12\/bank-2547356_1920.jpg\" \/>\n\t<meta property=\"og:image:width\" content=\"941\" \/>\n\t<meta property=\"og:image:height\" content=\"600\" \/>\n\t<meta property=\"og:image:type\" content=\"image\/jpeg\" \/>\n<meta name=\"author\" content=\"dev@bigway.sk\" \/>\n<meta name=\"twitter:card\" content=\"summary_large_image\" \/>\n<meta name=\"twitter:label1\" content=\"Szerz\u0151:\" \/>\n\t<meta name=\"twitter:data1\" content=\"dev@bigway.sk\" \/>\n\t<meta name=\"twitter:label2\" content=\"Becs\u00fclt olvas\u00e1si id\u0151\" \/>\n\t<meta name=\"twitter:data2\" content=\"8 perc\" \/>\n<script type=\"application\/ld+json\" class=\"yoast-schema-graph\">{\"@context\":\"https:\/\/schema.org\",\"@graph\":[{\"@type\":\"Article\",\"@id\":\"https:\/\/www.regionsaris.sk\/vianocne-zvyky-a-tradicie-v-regione-saris\/#article\",\"isPartOf\":{\"@id\":\"https:\/\/www.regionsaris.sk\/vianocne-zvyky-a-tradicie-v-regione-saris\/\"},\"author\":{\"name\":\"dev@bigway.sk\",\"@id\":\"https:\/\/www.regionsaris.sk\/#\/schema\/person\/30fad06d87cd12ad1d94ff5fbd6919d1\"},\"headline\":\"Viano\u010dne zvyky a trad\u00edcie v regi\u00f3ne \u0160ari\u0161\",\"datePublished\":\"2020-12-07T10:50:50+00:00\",\"dateModified\":\"2025-12-15T09:04:34+00:00\",\"mainEntityOfPage\":{\"@id\":\"https:\/\/www.regionsaris.sk\/vianocne-zvyky-a-tradicie-v-regione-saris\/\"},\"wordCount\":1512,\"commentCount\":0,\"image\":{\"@id\":\"https:\/\/www.regionsaris.sk\/vianocne-zvyky-a-tradicie-v-regione-saris\/#primaryimage\"},\"thumbnailUrl\":\"https:\/\/www.regionsaris.sk\/wp-content\/uploads\/2025\/12\/bank-2547356_1920.jpg\",\"articleSection\":[\"Novinky\"],\"inLanguage\":\"hu\",\"potentialAction\":[{\"@type\":\"CommentAction\",\"name\":\"Comment\",\"target\":[\"https:\/\/www.regionsaris.sk\/vianocne-zvyky-a-tradicie-v-regione-saris\/#respond\"]}]},{\"@type\":\"WebPage\",\"@id\":\"https:\/\/www.regionsaris.sk\/vianocne-zvyky-a-tradicie-v-regione-saris\/\",\"url\":\"https:\/\/www.regionsaris.sk\/vianocne-zvyky-a-tradicie-v-regione-saris\/\",\"name\":\"Viano\u010dne zvyky a trad\u00edcie v regi\u00f3ne \u0160ari\u0161 - OOCR \u0160ari\u0161\",\"isPartOf\":{\"@id\":\"https:\/\/www.regionsaris.sk\/#website\"},\"primaryImageOfPage\":{\"@id\":\"https:\/\/www.regionsaris.sk\/vianocne-zvyky-a-tradicie-v-regione-saris\/#primaryimage\"},\"image\":{\"@id\":\"https:\/\/www.regionsaris.sk\/vianocne-zvyky-a-tradicie-v-regione-saris\/#primaryimage\"},\"thumbnailUrl\":\"https:\/\/www.regionsaris.sk\/wp-content\/uploads\/2025\/12\/bank-2547356_1920.jpg\",\"datePublished\":\"2020-12-07T10:50:50+00:00\",\"dateModified\":\"2025-12-15T09:04:34+00:00\",\"author\":{\"@id\":\"https:\/\/www.regionsaris.sk\/#\/schema\/person\/30fad06d87cd12ad1d94ff5fbd6919d1\"},\"breadcrumb\":{\"@id\":\"https:\/\/www.regionsaris.sk\/vianocne-zvyky-a-tradicie-v-regione-saris\/#breadcrumb\"},\"inLanguage\":\"hu\",\"potentialAction\":[{\"@type\":\"ReadAction\",\"target\":[\"https:\/\/www.regionsaris.sk\/vianocne-zvyky-a-tradicie-v-regione-saris\/\"]}]},{\"@type\":\"ImageObject\",\"inLanguage\":\"hu\",\"@id\":\"https:\/\/www.regionsaris.sk\/vianocne-zvyky-a-tradicie-v-regione-saris\/#primaryimage\",\"url\":\"https:\/\/www.regionsaris.sk\/wp-content\/uploads\/2025\/12\/bank-2547356_1920.jpg\",\"contentUrl\":\"https:\/\/www.regionsaris.sk\/wp-content\/uploads\/2025\/12\/bank-2547356_1920.jpg\",\"width\":941,\"height\":600},{\"@type\":\"BreadcrumbList\",\"@id\":\"https:\/\/www.regionsaris.sk\/vianocne-zvyky-a-tradicie-v-regione-saris\/#breadcrumb\",\"itemListElement\":[{\"@type\":\"ListItem\",\"position\":1,\"name\":\"Domov\",\"item\":\"https:\/\/www.regionsaris.sk\/\"},{\"@type\":\"ListItem\",\"position\":2,\"name\":\"Viano\u010dne zvyky a trad\u00edcie v regi\u00f3ne \u0160ari\u0161\"}]},{\"@type\":\"WebSite\",\"@id\":\"https:\/\/www.regionsaris.sk\/#website\",\"url\":\"https:\/\/www.regionsaris.sk\/\",\"name\":\"OOCR \u0160ari\u0161\",\"description\":\"\",\"potentialAction\":[{\"@type\":\"SearchAction\",\"target\":{\"@type\":\"EntryPoint\",\"urlTemplate\":\"https:\/\/www.regionsaris.sk\/?s={search_term_string}\"},\"query-input\":{\"@type\":\"PropertyValueSpecification\",\"valueRequired\":true,\"valueName\":\"search_term_string\"}}],\"inLanguage\":\"hu\"},{\"@type\":\"Person\",\"@id\":\"https:\/\/www.regionsaris.sk\/#\/schema\/person\/30fad06d87cd12ad1d94ff5fbd6919d1\",\"name\":\"dev@bigway.sk\",\"image\":{\"@type\":\"ImageObject\",\"inLanguage\":\"hu\",\"@id\":\"https:\/\/www.regionsaris.sk\/#\/schema\/person\/image\/\",\"url\":\"https:\/\/secure.gravatar.com\/avatar\/013b34bc1192067340cff024d72adf40af543d15809da0502beda083cb4f28a2?s=96&d=mm&r=g\",\"contentUrl\":\"https:\/\/secure.gravatar.com\/avatar\/013b34bc1192067340cff024d72adf40af543d15809da0502beda083cb4f28a2?s=96&d=mm&r=g\",\"caption\":\"dev@bigway.sk\"},\"sameAs\":[\"https:\/\/www.regionsaris.sk\"],\"url\":\"https:\/\/www.regionsaris.sk\/hu\/author\/devbigway-sk\/\"}]}<\/script>\n<!-- \/ Yoast SEO Premium plugin. -->","yoast_head_json":{"title":"Viano\u010dne zvyky a trad\u00edcie v regi\u00f3ne \u0160ari\u0161 - OOCR \u0160ari\u0161","robots":{"index":"index","follow":"follow","max-snippet":"max-snippet:-1","max-image-preview":"max-image-preview:large","max-video-preview":"max-video-preview:-1"},"canonical":"https:\/\/www.regionsaris.sk\/hu\/vianocne-zvyky-a-tradicie-v-regione-saris\/","og_locale":"hu_HU","og_type":"article","og_title":"Viano\u010dne zvyky a trad\u00edcie v regi\u00f3ne \u0160ari\u0161","og_description":"Trad\u00edcie a zvyky na \u0160ari\u0161i ako ich pozn\u00e1te aj nepozn\u00e1te. H\u00e1dam neexistuje kraj\u0161\u00ed a\u00a0bohat\u0161\u00ed sviatok...","og_url":"https:\/\/www.regionsaris.sk\/hu\/vianocne-zvyky-a-tradicie-v-regione-saris\/","og_site_name":"OOCR \u0160ari\u0161","article_published_time":"2020-12-07T10:50:50+00:00","article_modified_time":"2025-12-15T09:04:34+00:00","og_image":[{"width":941,"height":600,"url":"https:\/\/www.regionsaris.sk\/wp-content\/uploads\/2025\/12\/bank-2547356_1920.jpg","type":"image\/jpeg"}],"author":"dev@bigway.sk","twitter_card":"summary_large_image","twitter_misc":{"Szerz\u0151:":"dev@bigway.sk","Becs\u00fclt olvas\u00e1si id\u0151":"8 perc"},"schema":{"@context":"https:\/\/schema.org","@graph":[{"@type":"Article","@id":"https:\/\/www.regionsaris.sk\/vianocne-zvyky-a-tradicie-v-regione-saris\/#article","isPartOf":{"@id":"https:\/\/www.regionsaris.sk\/vianocne-zvyky-a-tradicie-v-regione-saris\/"},"author":{"name":"dev@bigway.sk","@id":"https:\/\/www.regionsaris.sk\/#\/schema\/person\/30fad06d87cd12ad1d94ff5fbd6919d1"},"headline":"Viano\u010dne zvyky a trad\u00edcie v regi\u00f3ne \u0160ari\u0161","datePublished":"2020-12-07T10:50:50+00:00","dateModified":"2025-12-15T09:04:34+00:00","mainEntityOfPage":{"@id":"https:\/\/www.regionsaris.sk\/vianocne-zvyky-a-tradicie-v-regione-saris\/"},"wordCount":1512,"commentCount":0,"image":{"@id":"https:\/\/www.regionsaris.sk\/vianocne-zvyky-a-tradicie-v-regione-saris\/#primaryimage"},"thumbnailUrl":"https:\/\/www.regionsaris.sk\/wp-content\/uploads\/2025\/12\/bank-2547356_1920.jpg","articleSection":["Novinky"],"inLanguage":"hu","potentialAction":[{"@type":"CommentAction","name":"Comment","target":["https:\/\/www.regionsaris.sk\/vianocne-zvyky-a-tradicie-v-regione-saris\/#respond"]}]},{"@type":"WebPage","@id":"https:\/\/www.regionsaris.sk\/vianocne-zvyky-a-tradicie-v-regione-saris\/","url":"https:\/\/www.regionsaris.sk\/vianocne-zvyky-a-tradicie-v-regione-saris\/","name":"Viano\u010dne zvyky a trad\u00edcie v regi\u00f3ne \u0160ari\u0161 - OOCR \u0160ari\u0161","isPartOf":{"@id":"https:\/\/www.regionsaris.sk\/#website"},"primaryImageOfPage":{"@id":"https:\/\/www.regionsaris.sk\/vianocne-zvyky-a-tradicie-v-regione-saris\/#primaryimage"},"image":{"@id":"https:\/\/www.regionsaris.sk\/vianocne-zvyky-a-tradicie-v-regione-saris\/#primaryimage"},"thumbnailUrl":"https:\/\/www.regionsaris.sk\/wp-content\/uploads\/2025\/12\/bank-2547356_1920.jpg","datePublished":"2020-12-07T10:50:50+00:00","dateModified":"2025-12-15T09:04:34+00:00","author":{"@id":"https:\/\/www.regionsaris.sk\/#\/schema\/person\/30fad06d87cd12ad1d94ff5fbd6919d1"},"breadcrumb":{"@id":"https:\/\/www.regionsaris.sk\/vianocne-zvyky-a-tradicie-v-regione-saris\/#breadcrumb"},"inLanguage":"hu","potentialAction":[{"@type":"ReadAction","target":["https:\/\/www.regionsaris.sk\/vianocne-zvyky-a-tradicie-v-regione-saris\/"]}]},{"@type":"ImageObject","inLanguage":"hu","@id":"https:\/\/www.regionsaris.sk\/vianocne-zvyky-a-tradicie-v-regione-saris\/#primaryimage","url":"https:\/\/www.regionsaris.sk\/wp-content\/uploads\/2025\/12\/bank-2547356_1920.jpg","contentUrl":"https:\/\/www.regionsaris.sk\/wp-content\/uploads\/2025\/12\/bank-2547356_1920.jpg","width":941,"height":600},{"@type":"BreadcrumbList","@id":"https:\/\/www.regionsaris.sk\/vianocne-zvyky-a-tradicie-v-regione-saris\/#breadcrumb","itemListElement":[{"@type":"ListItem","position":1,"name":"Domov","item":"https:\/\/www.regionsaris.sk\/"},{"@type":"ListItem","position":2,"name":"Viano\u010dne zvyky a trad\u00edcie v regi\u00f3ne \u0160ari\u0161"}]},{"@type":"WebSite","@id":"https:\/\/www.regionsaris.sk\/#website","url":"https:\/\/www.regionsaris.sk\/","name":"OOCR \u0160ari\u0161","description":"","potentialAction":[{"@type":"SearchAction","target":{"@type":"EntryPoint","urlTemplate":"https:\/\/www.regionsaris.sk\/?s={search_term_string}"},"query-input":{"@type":"PropertyValueSpecification","valueRequired":true,"valueName":"search_term_string"}}],"inLanguage":"hu"},{"@type":"Person","@id":"https:\/\/www.regionsaris.sk\/#\/schema\/person\/30fad06d87cd12ad1d94ff5fbd6919d1","name":"dev@bigway.sk","image":{"@type":"ImageObject","inLanguage":"hu","@id":"https:\/\/www.regionsaris.sk\/#\/schema\/person\/image\/","url":"https:\/\/secure.gravatar.com\/avatar\/013b34bc1192067340cff024d72adf40af543d15809da0502beda083cb4f28a2?s=96&d=mm&r=g","contentUrl":"https:\/\/secure.gravatar.com\/avatar\/013b34bc1192067340cff024d72adf40af543d15809da0502beda083cb4f28a2?s=96&d=mm&r=g","caption":"dev@bigway.sk"},"sameAs":["https:\/\/www.regionsaris.sk"],"url":"https:\/\/www.regionsaris.sk\/hu\/author\/devbigway-sk\/"}]}},"_links":{"self":[{"href":"https:\/\/www.regionsaris.sk\/hu\/wp-json\/wp\/v2\/posts\/180","targetHints":{"allow":["GET"]}}],"collection":[{"href":"https:\/\/www.regionsaris.sk\/hu\/wp-json\/wp\/v2\/posts"}],"about":[{"href":"https:\/\/www.regionsaris.sk\/hu\/wp-json\/wp\/v2\/types\/post"}],"author":[{"embeddable":true,"href":"https:\/\/www.regionsaris.sk\/hu\/wp-json\/wp\/v2\/users\/1"}],"replies":[{"embeddable":true,"href":"https:\/\/www.regionsaris.sk\/hu\/wp-json\/wp\/v2\/comments?post=180"}],"version-history":[{"count":1,"href":"https:\/\/www.regionsaris.sk\/hu\/wp-json\/wp\/v2\/posts\/180\/revisions"}],"predecessor-version":[{"id":186,"href":"https:\/\/www.regionsaris.sk\/hu\/wp-json\/wp\/v2\/posts\/180\/revisions\/186"}],"wp:featuredmedia":[{"embeddable":true,"href":"https:\/\/www.regionsaris.sk\/hu\/wp-json\/wp\/v2\/media\/187"}],"wp:attachment":[{"href":"https:\/\/www.regionsaris.sk\/hu\/wp-json\/wp\/v2\/media?parent=180"}],"wp:term":[{"taxonomy":"category","embeddable":true,"href":"https:\/\/www.regionsaris.sk\/hu\/wp-json\/wp\/v2\/categories?post=180"},{"taxonomy":"post_tag","embeddable":true,"href":"https:\/\/www.regionsaris.sk\/hu\/wp-json\/wp\/v2\/tags?post=180"}],"curies":[{"name":"wp","href":"https:\/\/api.w.org\/{rel}","templated":true}]}}