{"id":169,"date":"2020-09-21T10:46:17","date_gmt":"2020-09-21T09:46:17","guid":{"rendered":"https:\/\/www.regionsaris.sk\/z-novej-rozhladne-v-sabinove-budete-mat-vysoke-vrcholy-regionu-saris-ako-na-dlani\/"},"modified":"2026-03-16T11:19:09","modified_gmt":"2026-03-16T10:19:09","slug":"z-novej-rozhladne-v-sabinove-budete-mat-vysoke-vrcholy-regionu-saris-ako-na-dlani","status":"publish","type":"post","link":"https:\/\/www.regionsaris.sk\/hu\/z-novej-rozhladne-v-sabinove-budete-mat-vysoke-vrcholy-regionu-saris-ako-na-dlani\/","title":{"rendered":"A sabinovi \u00faj kil\u00e1t\u00f3toronyb\u00f3l a tenyer\u00e9n hordozhatja a \u0160ari\u0161 r\u00e9gi\u00f3 magas cs\u00facsait."},"content":{"rendered":"<p>Fentebb\u00a0<a href=\"https:\/\/www.regionsaris.sk\/hu\/kam-ist-na-vylet\/sabinov-a-okolie\/\">Sabinov v\u00e1rosa<\/a>\u00a0Az es\u00e9lye elsz\u00e1llt. Ez a neve a Torysa foly\u00f3 melletti erd\u0151s domb egy r\u00e9sz\u00e9nek. \u0160anec els\u0151sorban pihen\u00e9sre szolg\u00e1l, \u00e9s a v\u00e1roshoz val\u00f3 k\u00f6zels\u00e9ge miatt (a bej\u00e1rat k\u00f6zvetlen\u00fcl a f\u0151\u00fatr\u00f3l ny\u00edlik) minden \u00e9vszakban n\u00e9pszer\u0171 hely. A hegy l\u00e1b\u00e1hoz mindenf\u00e9le \u00f6sv\u00e9nyeken lehet feljutni, az \u00fatvonalakat a k\u00f6vetkez\u0151 n\u00e9ven ismerik\u00a0<a href=\"https:\/\/www.regionsaris.sk\/hu\/prirodne-krasy\/svablovske-chodnicky-kupelny-chodnicek\/\">\u201e\u0160vablovsk\u00e9 chodni\u010dky\u201c<\/a>. A cs\u00facson van egy s\u00edks\u00e1g, ahol 2020 szeptember\u00e9ben felavatt\u00e1k a \u201eKil\u00e1t\u00f3torony az Es\u00e9lyen\u201c. A kil\u00e1t\u00f3torony \u00e9p\u00edt\u00e9se a Szlov\u00e1k K\u00f6zt\u00e1rsas\u00e1g Korm\u00e1nyhivatala anyagi t\u00e1mogat\u00e1s\u00e1nak k\u00f6sz\u00f6nhet\u0151en val\u00f3sult meg, a turizmus n\u00e9pszer\u0171s\u00edt\u00e9s\u00e9nek \u00e9s a k\u00fclv\u00e1rosi vonzer\u0151 n\u00f6vel\u00e9s\u00e9nek eszk\u00f6zek\u00e9nt.<a href=\"https:\/\/www.regionsaris.sk\/hu\/prirodne-krasy\/lesopark-svablovka\/\">\u00a0\u0160vab\u013eovka erd\u0151park.<\/a><\/p>\n\n\n\n<p>A kil\u00e1t\u00f3torony 465 m\u00e9teres tengerszint feletti magass\u00e1gban tal\u00e1lhat\u00f3, \u00e9s a k\u00f6zeli Ra\u017e\u0148any rep\u00fcl\u0151t\u00e9r, annak v\u00e9d\u0151z\u00f3n\u00e1i \u00e9s a l\u00e9gi k\u00f6zleked\u00e9s biztons\u00e1ga miatt a maxim\u00e1lis magass\u00e1gban, ahol az \u00e9p\u00edtkez\u00e9s lehets\u00e9ges volt. A kil\u00e1t\u00f3torony 11 m magas, k\u00e9tszintes, faszerkezet\u0171, ahol a legmodernebb famegmunk\u00e1l\u00e1si technol\u00f3gi\u00e1t alkalmazt\u00e1k. A projekt tervez\u0151je Ing. Juraj Lovich, a kivitelez\u0151 pedig az Interbau s.r.o.<\/p>\n\n\n\n<p>A toronyban tal\u00e1lhat\u00f3 egy \u00fcl\u0151hely, ahonnan gy\u00f6ny\u00f6r\u0171 kil\u00e1t\u00e1s ny\u00edlik a \u0160ari\u0161 r\u00e9gi\u00f3 teljes panor\u00e1m\u00e1j\u00e1ra a \u0160ari\u0161 v\u00e1rhegyt\u0151l, Hradov\u00e1, Zobrana, Malkovsk\u00e1 h\u00f4rka, Makovica, Bodo\u0148, Lys\u00e1, \u010cierna Hora, \u0160imonka telep\u00fcl\u00e9seken \u00e1t.<\/p>\n\n\n\n<p>A kil\u00e1t\u00f3toronyn\u00e1l tal\u00e1lhat\u00f3 a gyakran l\u00e1togatott kereszt\u00fat is, valamint a j\u00f3l ismert \u0160v\u00e1b\u013eovka erd\u0151park. A helyi akci\u00f3csoport keret\u00e9ben a szabinovi v\u00e1rosh\u00e1za p\u00e1ly\u00e1zatot ny\u00fajtott be a revitaliz\u00e1ci\u00f3j\u00e1ra, amely n\u00f6veln\u00e9 a v\u00e1ros l\u00e1togatotts\u00e1g\u00e1t \u00e9s visszahozn\u00e1 a h\u00edres erd\u0151park dics\u0151s\u00e9g\u00e9t.<\/p>\n\n\n\n<p><iframe loading=\"lazy\" title=\"\u0160vab\u013eovka Sabinov kil\u00e1t\u00f3torony \u0160vab\u013eovka Sabinov\" width=\"500\" height=\"281\" src=\"https:\/\/www.youtube.com\/embed\/GUd8Evgr9kA?start=71&feature=oembed\" frameborder=\"0\" allow=\"accelerometer; autoplay; clipboard-write; encrypted-media; gyroscope; picture-in-picture; web-share\" referrerpolicy=\"strict-origin-when-cross-origin\" allowfullscreen><\/iframe><\/p>","protected":false},"excerpt":{"rendered":"<p>Nad\u00a0mestom Sabinov\u00a0sa vyp\u00edna \u0160anec. Je to pomenovanie pre \u010das\u0165 zalesnen\u00e9ho kopca hne\u010f pri toku rieky...<\/p>","protected":false},"author":1,"featured_media":170,"comment_status":"open","ping_status":"open","sticky":false,"template":"","format":"standard","meta":{"_acf_changed":false,"footnotes":""},"categories":[1],"tags":[],"class_list":["post-169","post","type-post","status-publish","format-standard","has-post-thumbnail","hentry","category-novinky"],"acf":[],"yoast_head":"<!-- This site is optimized with the Yoast SEO Premium plugin v26.3 (Yoast SEO v26.8) - https:\/\/yoast.com\/product\/yoast-seo-premium-wordpress\/ -->\n<title>Z novej rozh\u013eadne v Sabinove budete ma\u0165 vysok\u00e9 vrcholy regi\u00f3nu \u0160ari\u0161 ako na dlani - OOCR \u0160ari\u0161<\/title>\n<meta name=\"robots\" content=\"index, follow, max-snippet:-1, max-image-preview:large, max-video-preview:-1\" \/>\n<link rel=\"canonical\" href=\"https:\/\/www.regionsaris.sk\/hu\/z-novej-rozhladne-v-sabinove-budete-mat-vysoke-vrcholy-regionu-saris-ako-na-dlani\/\" \/>\n<meta property=\"og:locale\" content=\"hu_HU\" \/>\n<meta property=\"og:type\" content=\"article\" \/>\n<meta property=\"og:title\" content=\"Z novej rozh\u013eadne v Sabinove budete ma\u0165 vysok\u00e9 vrcholy regi\u00f3nu \u0160ari\u0161 ako na dlani\" \/>\n<meta property=\"og:description\" content=\"Nad\u00a0mestom Sabinov\u00a0sa vyp\u00edna \u0160anec. Je to pomenovanie pre \u010das\u0165 zalesnen\u00e9ho kopca hne\u010f pri toku rieky...\" \/>\n<meta property=\"og:url\" content=\"https:\/\/www.regionsaris.sk\/hu\/z-novej-rozhladne-v-sabinove-budete-mat-vysoke-vrcholy-regionu-saris-ako-na-dlani\/\" \/>\n<meta property=\"og:site_name\" content=\"OOCR \u0160ari\u0161\" \/>\n<meta property=\"article:published_time\" content=\"2020-09-21T09:46:17+00:00\" \/>\n<meta property=\"article:modified_time\" content=\"2026-03-16T10:19:09+00:00\" \/>\n<meta property=\"og:image\" content=\"https:\/\/www.regionsaris.sk\/wp-content\/uploads\/2025\/12\/Rozhladna-na-Sanci_1.jpg\" \/>\n\t<meta property=\"og:image:width\" content=\"800\" \/>\n\t<meta property=\"og:image:height\" content=\"1255\" \/>\n\t<meta property=\"og:image:type\" content=\"image\/jpeg\" \/>\n<meta name=\"author\" content=\"dev@bigway.sk\" \/>\n<meta name=\"twitter:card\" content=\"summary_large_image\" \/>\n<meta name=\"twitter:label1\" content=\"Szerz\u0151:\" \/>\n\t<meta name=\"twitter:data1\" content=\"dev@bigway.sk\" \/>\n\t<meta name=\"twitter:label2\" content=\"Becs\u00fclt olvas\u00e1si id\u0151\" \/>\n\t<meta name=\"twitter:data2\" content=\"2 perc\" \/>\n<script type=\"application\/ld+json\" class=\"yoast-schema-graph\">{\"@context\":\"https:\/\/schema.org\",\"@graph\":[{\"@type\":\"Article\",\"@id\":\"https:\/\/www.regionsaris.sk\/z-novej-rozhladne-v-sabinove-budete-mat-vysoke-vrcholy-regionu-saris-ako-na-dlani\/#article\",\"isPartOf\":{\"@id\":\"https:\/\/www.regionsaris.sk\/z-novej-rozhladne-v-sabinove-budete-mat-vysoke-vrcholy-regionu-saris-ako-na-dlani\/\"},\"author\":{\"name\":\"dev@bigway.sk\",\"@id\":\"https:\/\/www.regionsaris.sk\/#\/schema\/person\/30fad06d87cd12ad1d94ff5fbd6919d1\"},\"headline\":\"Z novej rozh\u013eadne v Sabinove budete ma\u0165 vysok\u00e9 vrcholy regi\u00f3nu \u0160ari\u0161 ako na dlani\",\"datePublished\":\"2020-09-21T09:46:17+00:00\",\"dateModified\":\"2026-03-16T10:19:09+00:00\",\"mainEntityOfPage\":{\"@id\":\"https:\/\/www.regionsaris.sk\/z-novej-rozhladne-v-sabinove-budete-mat-vysoke-vrcholy-regionu-saris-ako-na-dlani\/\"},\"wordCount\":332,\"commentCount\":0,\"image\":{\"@id\":\"https:\/\/www.regionsaris.sk\/z-novej-rozhladne-v-sabinove-budete-mat-vysoke-vrcholy-regionu-saris-ako-na-dlani\/#primaryimage\"},\"thumbnailUrl\":\"https:\/\/www.regionsaris.sk\/wp-content\/uploads\/2025\/12\/Rozhladna-na-Sanci_1.jpg\",\"articleSection\":[\"Novinky\"],\"inLanguage\":\"hu\",\"potentialAction\":[{\"@type\":\"CommentAction\",\"name\":\"Comment\",\"target\":[\"https:\/\/www.regionsaris.sk\/z-novej-rozhladne-v-sabinove-budete-mat-vysoke-vrcholy-regionu-saris-ako-na-dlani\/#respond\"]}]},{\"@type\":\"WebPage\",\"@id\":\"https:\/\/www.regionsaris.sk\/z-novej-rozhladne-v-sabinove-budete-mat-vysoke-vrcholy-regionu-saris-ako-na-dlani\/\",\"url\":\"https:\/\/www.regionsaris.sk\/z-novej-rozhladne-v-sabinove-budete-mat-vysoke-vrcholy-regionu-saris-ako-na-dlani\/\",\"name\":\"Z novej rozh\u013eadne v Sabinove budete ma\u0165 vysok\u00e9 vrcholy regi\u00f3nu \u0160ari\u0161 ako na dlani - OOCR \u0160ari\u0161\",\"isPartOf\":{\"@id\":\"https:\/\/www.regionsaris.sk\/#website\"},\"primaryImageOfPage\":{\"@id\":\"https:\/\/www.regionsaris.sk\/z-novej-rozhladne-v-sabinove-budete-mat-vysoke-vrcholy-regionu-saris-ako-na-dlani\/#primaryimage\"},\"image\":{\"@id\":\"https:\/\/www.regionsaris.sk\/z-novej-rozhladne-v-sabinove-budete-mat-vysoke-vrcholy-regionu-saris-ako-na-dlani\/#primaryimage\"},\"thumbnailUrl\":\"https:\/\/www.regionsaris.sk\/wp-content\/uploads\/2025\/12\/Rozhladna-na-Sanci_1.jpg\",\"datePublished\":\"2020-09-21T09:46:17+00:00\",\"dateModified\":\"2026-03-16T10:19:09+00:00\",\"author\":{\"@id\":\"https:\/\/www.regionsaris.sk\/#\/schema\/person\/30fad06d87cd12ad1d94ff5fbd6919d1\"},\"breadcrumb\":{\"@id\":\"https:\/\/www.regionsaris.sk\/z-novej-rozhladne-v-sabinove-budete-mat-vysoke-vrcholy-regionu-saris-ako-na-dlani\/#breadcrumb\"},\"inLanguage\":\"hu\",\"potentialAction\":[{\"@type\":\"ReadAction\",\"target\":[\"https:\/\/www.regionsaris.sk\/z-novej-rozhladne-v-sabinove-budete-mat-vysoke-vrcholy-regionu-saris-ako-na-dlani\/\"]}]},{\"@type\":\"ImageObject\",\"inLanguage\":\"hu\",\"@id\":\"https:\/\/www.regionsaris.sk\/z-novej-rozhladne-v-sabinove-budete-mat-vysoke-vrcholy-regionu-saris-ako-na-dlani\/#primaryimage\",\"url\":\"https:\/\/www.regionsaris.sk\/wp-content\/uploads\/2025\/12\/Rozhladna-na-Sanci_1.jpg\",\"contentUrl\":\"https:\/\/www.regionsaris.sk\/wp-content\/uploads\/2025\/12\/Rozhladna-na-Sanci_1.jpg\",\"width\":800,\"height\":1255},{\"@type\":\"BreadcrumbList\",\"@id\":\"https:\/\/www.regionsaris.sk\/z-novej-rozhladne-v-sabinove-budete-mat-vysoke-vrcholy-regionu-saris-ako-na-dlani\/#breadcrumb\",\"itemListElement\":[{\"@type\":\"ListItem\",\"position\":1,\"name\":\"Domov\",\"item\":\"https:\/\/www.regionsaris.sk\/\"},{\"@type\":\"ListItem\",\"position\":2,\"name\":\"Z novej rozh\u013eadne v Sabinove budete ma\u0165 vysok\u00e9 vrcholy regi\u00f3nu \u0160ari\u0161 ako na dlani\"}]},{\"@type\":\"WebSite\",\"@id\":\"https:\/\/www.regionsaris.sk\/#website\",\"url\":\"https:\/\/www.regionsaris.sk\/\",\"name\":\"OOCR \u0160ari\u0161\",\"description\":\"\",\"potentialAction\":[{\"@type\":\"SearchAction\",\"target\":{\"@type\":\"EntryPoint\",\"urlTemplate\":\"https:\/\/www.regionsaris.sk\/?s={search_term_string}\"},\"query-input\":{\"@type\":\"PropertyValueSpecification\",\"valueRequired\":true,\"valueName\":\"search_term_string\"}}],\"inLanguage\":\"hu\"},{\"@type\":\"Person\",\"@id\":\"https:\/\/www.regionsaris.sk\/#\/schema\/person\/30fad06d87cd12ad1d94ff5fbd6919d1\",\"name\":\"dev@bigway.sk\",\"image\":{\"@type\":\"ImageObject\",\"inLanguage\":\"hu\",\"@id\":\"https:\/\/www.regionsaris.sk\/#\/schema\/person\/image\/\",\"url\":\"https:\/\/secure.gravatar.com\/avatar\/013b34bc1192067340cff024d72adf40af543d15809da0502beda083cb4f28a2?s=96&d=mm&r=g\",\"contentUrl\":\"https:\/\/secure.gravatar.com\/avatar\/013b34bc1192067340cff024d72adf40af543d15809da0502beda083cb4f28a2?s=96&d=mm&r=g\",\"caption\":\"dev@bigway.sk\"},\"sameAs\":[\"https:\/\/www.regionsaris.sk\"],\"url\":\"https:\/\/www.regionsaris.sk\/hu\/author\/devbigway-sk\/\"}]}<\/script>\n<!-- \/ Yoast SEO Premium plugin. -->","yoast_head_json":{"title":"Z novej rozh\u013eadne v Sabinove budete ma\u0165 vysok\u00e9 vrcholy regi\u00f3nu \u0160ari\u0161 ako na dlani - OOCR \u0160ari\u0161","robots":{"index":"index","follow":"follow","max-snippet":"max-snippet:-1","max-image-preview":"max-image-preview:large","max-video-preview":"max-video-preview:-1"},"canonical":"https:\/\/www.regionsaris.sk\/hu\/z-novej-rozhladne-v-sabinove-budete-mat-vysoke-vrcholy-regionu-saris-ako-na-dlani\/","og_locale":"hu_HU","og_type":"article","og_title":"Z novej rozh\u013eadne v Sabinove budete ma\u0165 vysok\u00e9 vrcholy regi\u00f3nu \u0160ari\u0161 ako na dlani","og_description":"Nad\u00a0mestom Sabinov\u00a0sa vyp\u00edna \u0160anec. Je to pomenovanie pre \u010das\u0165 zalesnen\u00e9ho kopca hne\u010f pri toku rieky...","og_url":"https:\/\/www.regionsaris.sk\/hu\/z-novej-rozhladne-v-sabinove-budete-mat-vysoke-vrcholy-regionu-saris-ako-na-dlani\/","og_site_name":"OOCR \u0160ari\u0161","article_published_time":"2020-09-21T09:46:17+00:00","article_modified_time":"2026-03-16T10:19:09+00:00","og_image":[{"width":800,"height":1255,"url":"https:\/\/www.regionsaris.sk\/wp-content\/uploads\/2025\/12\/Rozhladna-na-Sanci_1.jpg","type":"image\/jpeg"}],"author":"dev@bigway.sk","twitter_card":"summary_large_image","twitter_misc":{"Szerz\u0151:":"dev@bigway.sk","Becs\u00fclt olvas\u00e1si id\u0151":"2 perc"},"schema":{"@context":"https:\/\/schema.org","@graph":[{"@type":"Article","@id":"https:\/\/www.regionsaris.sk\/z-novej-rozhladne-v-sabinove-budete-mat-vysoke-vrcholy-regionu-saris-ako-na-dlani\/#article","isPartOf":{"@id":"https:\/\/www.regionsaris.sk\/z-novej-rozhladne-v-sabinove-budete-mat-vysoke-vrcholy-regionu-saris-ako-na-dlani\/"},"author":{"name":"dev@bigway.sk","@id":"https:\/\/www.regionsaris.sk\/#\/schema\/person\/30fad06d87cd12ad1d94ff5fbd6919d1"},"headline":"Z novej rozh\u013eadne v Sabinove budete ma\u0165 vysok\u00e9 vrcholy regi\u00f3nu \u0160ari\u0161 ako na dlani","datePublished":"2020-09-21T09:46:17+00:00","dateModified":"2026-03-16T10:19:09+00:00","mainEntityOfPage":{"@id":"https:\/\/www.regionsaris.sk\/z-novej-rozhladne-v-sabinove-budete-mat-vysoke-vrcholy-regionu-saris-ako-na-dlani\/"},"wordCount":332,"commentCount":0,"image":{"@id":"https:\/\/www.regionsaris.sk\/z-novej-rozhladne-v-sabinove-budete-mat-vysoke-vrcholy-regionu-saris-ako-na-dlani\/#primaryimage"},"thumbnailUrl":"https:\/\/www.regionsaris.sk\/wp-content\/uploads\/2025\/12\/Rozhladna-na-Sanci_1.jpg","articleSection":["Novinky"],"inLanguage":"hu","potentialAction":[{"@type":"CommentAction","name":"Comment","target":["https:\/\/www.regionsaris.sk\/z-novej-rozhladne-v-sabinove-budete-mat-vysoke-vrcholy-regionu-saris-ako-na-dlani\/#respond"]}]},{"@type":"WebPage","@id":"https:\/\/www.regionsaris.sk\/z-novej-rozhladne-v-sabinove-budete-mat-vysoke-vrcholy-regionu-saris-ako-na-dlani\/","url":"https:\/\/www.regionsaris.sk\/z-novej-rozhladne-v-sabinove-budete-mat-vysoke-vrcholy-regionu-saris-ako-na-dlani\/","name":"Z novej rozh\u013eadne v Sabinove budete ma\u0165 vysok\u00e9 vrcholy regi\u00f3nu \u0160ari\u0161 ako na dlani - OOCR \u0160ari\u0161","isPartOf":{"@id":"https:\/\/www.regionsaris.sk\/#website"},"primaryImageOfPage":{"@id":"https:\/\/www.regionsaris.sk\/z-novej-rozhladne-v-sabinove-budete-mat-vysoke-vrcholy-regionu-saris-ako-na-dlani\/#primaryimage"},"image":{"@id":"https:\/\/www.regionsaris.sk\/z-novej-rozhladne-v-sabinove-budete-mat-vysoke-vrcholy-regionu-saris-ako-na-dlani\/#primaryimage"},"thumbnailUrl":"https:\/\/www.regionsaris.sk\/wp-content\/uploads\/2025\/12\/Rozhladna-na-Sanci_1.jpg","datePublished":"2020-09-21T09:46:17+00:00","dateModified":"2026-03-16T10:19:09+00:00","author":{"@id":"https:\/\/www.regionsaris.sk\/#\/schema\/person\/30fad06d87cd12ad1d94ff5fbd6919d1"},"breadcrumb":{"@id":"https:\/\/www.regionsaris.sk\/z-novej-rozhladne-v-sabinove-budete-mat-vysoke-vrcholy-regionu-saris-ako-na-dlani\/#breadcrumb"},"inLanguage":"hu","potentialAction":[{"@type":"ReadAction","target":["https:\/\/www.regionsaris.sk\/z-novej-rozhladne-v-sabinove-budete-mat-vysoke-vrcholy-regionu-saris-ako-na-dlani\/"]}]},{"@type":"ImageObject","inLanguage":"hu","@id":"https:\/\/www.regionsaris.sk\/z-novej-rozhladne-v-sabinove-budete-mat-vysoke-vrcholy-regionu-saris-ako-na-dlani\/#primaryimage","url":"https:\/\/www.regionsaris.sk\/wp-content\/uploads\/2025\/12\/Rozhladna-na-Sanci_1.jpg","contentUrl":"https:\/\/www.regionsaris.sk\/wp-content\/uploads\/2025\/12\/Rozhladna-na-Sanci_1.jpg","width":800,"height":1255},{"@type":"BreadcrumbList","@id":"https:\/\/www.regionsaris.sk\/z-novej-rozhladne-v-sabinove-budete-mat-vysoke-vrcholy-regionu-saris-ako-na-dlani\/#breadcrumb","itemListElement":[{"@type":"ListItem","position":1,"name":"Domov","item":"https:\/\/www.regionsaris.sk\/"},{"@type":"ListItem","position":2,"name":"Z novej rozh\u013eadne v Sabinove budete ma\u0165 vysok\u00e9 vrcholy regi\u00f3nu \u0160ari\u0161 ako na dlani"}]},{"@type":"WebSite","@id":"https:\/\/www.regionsaris.sk\/#website","url":"https:\/\/www.regionsaris.sk\/","name":"OOCR \u0160ari\u0161","description":"","potentialAction":[{"@type":"SearchAction","target":{"@type":"EntryPoint","urlTemplate":"https:\/\/www.regionsaris.sk\/?s={search_term_string}"},"query-input":{"@type":"PropertyValueSpecification","valueRequired":true,"valueName":"search_term_string"}}],"inLanguage":"hu"},{"@type":"Person","@id":"https:\/\/www.regionsaris.sk\/#\/schema\/person\/30fad06d87cd12ad1d94ff5fbd6919d1","name":"dev@bigway.sk","image":{"@type":"ImageObject","inLanguage":"hu","@id":"https:\/\/www.regionsaris.sk\/#\/schema\/person\/image\/","url":"https:\/\/secure.gravatar.com\/avatar\/013b34bc1192067340cff024d72adf40af543d15809da0502beda083cb4f28a2?s=96&d=mm&r=g","contentUrl":"https:\/\/secure.gravatar.com\/avatar\/013b34bc1192067340cff024d72adf40af543d15809da0502beda083cb4f28a2?s=96&d=mm&r=g","caption":"dev@bigway.sk"},"sameAs":["https:\/\/www.regionsaris.sk"],"url":"https:\/\/www.regionsaris.sk\/hu\/author\/devbigway-sk\/"}]}},"_links":{"self":[{"href":"https:\/\/www.regionsaris.sk\/hu\/wp-json\/wp\/v2\/posts\/169","targetHints":{"allow":["GET"]}}],"collection":[{"href":"https:\/\/www.regionsaris.sk\/hu\/wp-json\/wp\/v2\/posts"}],"about":[{"href":"https:\/\/www.regionsaris.sk\/hu\/wp-json\/wp\/v2\/types\/post"}],"author":[{"embeddable":true,"href":"https:\/\/www.regionsaris.sk\/hu\/wp-json\/wp\/v2\/users\/1"}],"replies":[{"embeddable":true,"href":"https:\/\/www.regionsaris.sk\/hu\/wp-json\/wp\/v2\/comments?post=169"}],"version-history":[{"count":1,"href":"https:\/\/www.regionsaris.sk\/hu\/wp-json\/wp\/v2\/posts\/169\/revisions"}],"predecessor-version":[{"id":4022,"href":"https:\/\/www.regionsaris.sk\/hu\/wp-json\/wp\/v2\/posts\/169\/revisions\/4022"}],"wp:featuredmedia":[{"embeddable":true,"href":"https:\/\/www.regionsaris.sk\/hu\/wp-json\/wp\/v2\/media\/170"}],"wp:attachment":[{"href":"https:\/\/www.regionsaris.sk\/hu\/wp-json\/wp\/v2\/media?parent=169"}],"wp:term":[{"taxonomy":"category","embeddable":true,"href":"https:\/\/www.regionsaris.sk\/hu\/wp-json\/wp\/v2\/categories?post=169"},{"taxonomy":"post_tag","embeddable":true,"href":"https:\/\/www.regionsaris.sk\/hu\/wp-json\/wp\/v2\/tags?post=169"}],"curies":[{"name":"wp","href":"https:\/\/api.w.org\/{rel}","templated":true}]}}