{"id":533,"date":"2025-02-14T11:24:13","date_gmt":"2025-02-14T10:24:13","guid":{"rendered":"https:\/\/www.regionsaris.sk\/kam-na-jarne-prazdniny-s-detmi-v-regione-saris\/"},"modified":"2025-12-15T10:11:36","modified_gmt":"2025-12-15T09:11:36","slug":"kam-na-jarne-prazdniny-s-detmi-v-regione-saris","status":"publish","type":"post","link":"https:\/\/www.regionsaris.sk\/es\/kam-na-jarne-prazdniny-s-detmi-v-regione-saris\/","title":{"rendered":"D\u00f3nde pasar las vacaciones de primavera con ni\u00f1os en la regi\u00f3n de \u0160ari\u0161?"},"content":{"rendered":"<p data-pm-slice=\"1 1 []\">\u00bfBusca inspiraci\u00f3n para las vacaciones de primavera de sus hijos en la regi\u00f3n de \u0160ari\u0161? Este bello rinc\u00f3n de Eslovaquia ofrece una gran variedad de eventos y actividades interesantes que entretendr\u00e1n a grandes y peque\u00f1os. Aqu\u00ed tienes algunos consejos para vivir unas vacaciones inolvidables.<\/p>\n<p data-pm-slice=\"1 1 []\"><a href=\"https:\/\/www.regionsaris.sk\/wp-content\/uploads\/2025\/12\/IMG_0000.jpg\"><img loading=\"lazy\" decoding=\"async\" class=\"wp-image-29020 alignnone\" src=\"https:\/\/www.regionsaris.sk\/wp-content\/uploads\/2025\/12\/IMG_0000-300x169.jpg\" alt=\"\" width=\"762\" height=\"429\" \/><\/a><\/p>\n<p data-pm-slice=\"1 1 []\"><\/p>\n\u00a0\n<h3>Vacaciones de primavera en el castillo de \u0160ari\u0161: un programa para toda la familia<\/h3>\n<strong>Fecha: 16 - 21 febrero 2025<\/strong>\n<strong>Lugar:Castillo de \u0160ari\u0161<\/strong>\n<div class=\"x11i5rnm xat24cr x1mh8g0r x1vvkbs xtlvy1s x126k92a\">\n<div dir=\"auto\">\n<p data-pm-slice=\"1 1 []\">El Castillo de \u0160ari\u0161 prepara una semana llena de historia, diversi\u00f3n y concursos para grandes y peque\u00f1os. Cada d\u00eda te espera un peque\u00f1o programa de tradiciones medievales, aventura y creatividad.<\/p>\n\n<\/div>\n<\/div>\n<div class=\"x11i5rnm xat24cr x1mh8g0r x1vvkbs xtlvy1s x126k92a\">\n<div dir=\"auto\">PROGRAMA:<\/div>\n<\/div>\n<div class=\"x11i5rnm xat24cr x1mh8g0r x1vvkbs xtlvy1s x126k92a\">\n<div dir=\"auto\"><span class=\"html-span xexx8yu x4uap5 x18d9i69 xkhd6sd x1hl2dhg x16tdsg8 x1vvkbs x3nfvp2 x1j61x8r x1fcty0u xdj266r xat24cr xgzva0m xhhsvwb xxymvpz xlup9mm x1kky2od\"><img loading=\"lazy\" decoding=\"async\" class=\"xz74otr\" src=\"https:\/\/www.regionsaris.sk\/wp-content\/uploads\/2025\/12\/2764.png\" alt=\"\u2764\ufe0f\" width=\"16\" height=\"16\" \/><\/span> 16.2. Castillo de San Valent\u00edn-Sella tu amor en el Bloque del Amor<span class=\"html-span xexx8yu x4uap5 x18d9i69 xkhd6sd x1hl2dhg x16tdsg8 x1vvkbs x3nfvp2 x1j61x8r x1fcty0u xdj266r xat24cr xgzva0m xhhsvwb xxymvpz xlup9mm x1kky2od\"><img loading=\"lazy\" decoding=\"async\" class=\"xz74otr\" src=\"https:\/\/www.regionsaris.sk\/wp-content\/uploads\/2025\/12\/1f512.png\" alt=\" \" width=\"16\" height=\"16\" \/><\/span><\/div>\n<div dir=\"auto\"><span class=\"html-span xexx8yu x4uap5 x18d9i69 xkhd6sd x1hl2dhg x16tdsg8 x1vvkbs x3nfvp2 x1j61x8r x1fcty0u xdj266r xat24cr xgzva0m xhhsvwb xxymvpz xlup9mm x1kky2od\"><img loading=\"lazy\" decoding=\"async\" class=\"xz74otr\" src=\"https:\/\/www.regionsaris.sk\/wp-content\/uploads\/2025\/12\/1f50d.png\" alt=\" \" width=\"16\" height=\"16\" \/><\/span> Una oportunidad \u00fanica para visitar el lapidario de la Torre Donjon.<\/div>\n<div dir=\"auto\"><span class=\"html-span xexx8yu x4uap5 x18d9i69 xkhd6sd x1hl2dhg x16tdsg8 x1vvkbs x3nfvp2 x1j61x8r x1fcty0u xdj266r xat24cr xgzva0m xhhsvwb xxymvpz xlup9mm x1kky2od\"><img loading=\"lazy\" decoding=\"async\" class=\"xz74otr\" src=\"https:\/\/www.regionsaris.sk\/wp-content\/uploads\/2025\/12\/1f50e.png\" alt=\" \" width=\"16\" height=\"16\" \/><\/span> 17.2. B\u00fasqueda del tesoro - Juego de aventuras para ni\u00f1os sobre los tesoros que no se encuentran en el castillo.<\/div>\n<div dir=\"auto\"><span class=\"html-span xexx8yu x4uap5 x18d9i69 xkhd6sd x1hl2dhg x16tdsg8 x1vvkbs x3nfvp2 x1j61x8r x1fcty0u xdj266r xat24cr xgzva0m xhhsvwb xxymvpz xlup9mm x1kky2od\"><img loading=\"lazy\" decoding=\"async\" class=\"xz74otr\" src=\"https:\/\/www.regionsaris.sk\/wp-content\/uploads\/2025\/12\/1f3a8.png\" alt=\" \" width=\"16\" height=\"16\" \/><\/span> 18.2. El castillo a trav\u00e9s de los ojos de los ni\u00f1os - Concurso para el dibujo m\u00e1s bonito del castillo de \u0160ari\u0161 relacionado con <span class=\"html-span xexx8yu x4uap5 x18d9i69 xkhd6sd x1hl2dhg x16tdsg8 x1vvkbs x3nfvp2 x1j61x8r x1fcty0u xdj266r xat24cr xgzva0m xhhsvwb xxymvpz xlup9mm x1kky2od\"><img loading=\"lazy\" decoding=\"async\" class=\"xz74otr\" src=\"https:\/\/www.regionsaris.sk\/wp-content\/uploads\/2025\/12\/1f4dc.png\" alt=\" \" width=\"16\" height=\"16\" \/><\/span> Correo del castillo - Sellado de cartas como anta\u00f1o<\/div>\n<div dir=\"auto\"><span class=\"html-span xexx8yu x4uap5 x18d9i69 xkhd6sd x1hl2dhg x16tdsg8 x1vvkbs x3nfvp2 x1j61x8r x1fcty0u xdj266r xat24cr xgzva0m xhhsvwb xxymvpz xlup9mm x1kky2od\"><img loading=\"lazy\" decoding=\"async\" class=\"xz74otr\" src=\"https:\/\/www.regionsaris.sk\/wp-content\/uploads\/2025\/12\/1f3f9.png\" alt=\" \" width=\"16\" height=\"16\" \/><\/span> 19.2. Competici\u00f3n de tiro con arco medieval: \u00a1pon a prueba tu punter\u00eda!<\/div>\n<div dir=\"auto\"><span class=\"html-span xexx8yu x4uap5 x18d9i69 xkhd6sd x1hl2dhg x16tdsg8 x1vvkbs x3nfvp2 x1j61x8r x1fcty0u xdj266r xat24cr xgzva0m xhhsvwb xxymvpz xlup9mm x1kky2od\"><img loading=\"lazy\" decoding=\"async\" class=\"xz74otr\" src=\"https:\/\/www.regionsaris.sk\/wp-content\/uploads\/2025\/12\/2694.png\" alt=\"\u2694\ufe0f\" width=\"16\" height=\"16\" \/><\/span> 20.2. Juegos medievales infantiles: golpes de madera, carreras de caballos de madera, tira y afloja, ajedrez...<\/div>\n<div dir=\"auto\"><span class=\"html-span xexx8yu x4uap5 x18d9i69 xkhd6sd x1hl2dhg x16tdsg8 x1vvkbs x3nfvp2 x1j61x8r x1fcty0u xdj266r xat24cr xgzva0m xhhsvwb xxymvpz xlup9mm x1kky2od\"><img loading=\"lazy\" decoding=\"async\" class=\"xz74otr\" src=\"https:\/\/www.regionsaris.sk\/wp-content\/uploads\/2025\/12\/1f525.png\" alt=\" \" width=\"16\" height=\"16\" \/><\/span> 21.2. Horneado tradicional de pos\u00fachov - Degustaci\u00f3n en el horno del castillo<\/div>\n<div dir=\"auto\"><\/div>\n<div dir=\"auto\"><span class=\"html-span xexx8yu x4uap5 x18d9i69 xkhd6sd x1hl2dhg x16tdsg8 x1vvkbs x3nfvp2 x1j61x8r x1fcty0u xdj266r xat24cr xgzva0m xhhsvwb xxymvpz xlup9mm x1kky2od\"><img loading=\"lazy\" decoding=\"async\" class=\"xz74otr\" src=\"https:\/\/www.regionsaris.sk\/wp-content\/uploads\/2025\/12\/1f953.png\" alt=\" \" width=\"16\" height=\"16\" \/><\/span>Habr\u00e1 hogueras (le\u00f1a y palos) disponibles para asar en el patio del castillo.<\/div>\n<\/div>\nSi nieva, el trineo formar\u00e1 parte del programa. Durante toda la semana estar\u00e1 abierto el Arqueoparque del castillo, donde podr\u00e1 conocer la vida en el pasado.\n\n<a href=\"https:\/\/www.regionsaris.sk\/wp-content\/uploads\/2025\/12\/Jarne-prazdniny-Hrad-Saris.png\"><img loading=\"lazy\" decoding=\"async\" class=\"wp-image-28981 alignnone\" src=\"https:\/\/www.regionsaris.sk\/wp-content\/uploads\/2025\/12\/Jarne-prazdniny-Hrad-Saris-212x300.png\" alt=\"\" width=\"402\" height=\"569\" \/><\/a>\n\n\u00a0\n\n\u00a0\n<h3><strong>Esqu\u00ed de vacaciones en Drienica<\/strong><\/h3>\n<ul>\n \t<li data-start=\"113\" data-end=\"144\"><strong data-start=\"115\" data-end=\"125\">Date:<\/strong> Domingo 16.2.2025<\/li>\n \t<li data-start=\"145\" data-end=\"171\"><strong data-start=\"147\" data-end=\"155\">Lugar: zona de Tu\u010dnia\u010dik, Drienica<\/strong><\/li>\n<\/ul>\nLa escuela de esqu\u00ed M-Ski invita a las familias con ni\u00f1os a unas vacaciones de esqu\u00ed en la zona Tu\u010dnia\u010dik en Drienica. El domingo 16 de febrero de 2025 de 10:00 a 14:00 los ni\u00f1os podr\u00e1n disfrutar de esqu\u00ed divertido, un slalom de cuento de hadas, un encuentro con animales, un carrusel y m\u00fasica. Es posible reservar un instructor o esquiar de forma independiente.\n\nEl precio de la entrada con equipo es de 15 euros. \u00a1No se pierda la gran diversi\u00f3n invernal!\n\n\u00a0\n\n<a href=\"https:\/\/www.regionsaris.sk\/wp-content\/uploads\/2025\/12\/477564255_1164284489031274_7711325529265915015_n.jpg\"><img loading=\"lazy\" decoding=\"async\" class=\"wp-image-28989 alignnone\" src=\"https:\/\/www.regionsaris.sk\/wp-content\/uploads\/2025\/12\/477564255_1164284489031274_7711325529265915015_n-240x300.jpg\" alt=\"\" width=\"407\" height=\"509\" \/><\/a>\n\n\u00a0\n\n\u00a0\n<div><\/div>\n<h4>B\u00fasqueda de ni\u00f1os en las minas de \u00f3palo eslovacas<\/h4>\nFecha: 17 y 21 de febrero de 2025\nLugar.\n\nSlovak Opal Mines ofrece una aventura \u00fanica bajo tierra. Durante las fechas especiales de vacaciones, los ni\u00f1os pueden unirse a la b\u00fasqueda de \u00f3palo y descubrir los secretos de estas minas \u00fanicas con la ayuda de gu\u00edas experimentados. Al final, podr\u00e1n llevarse un peque\u00f1o recuerdo. M\u00e1s informaci\u00f3n en <a href=\"https:\/\/fb.me\/e\/2Rf5lsRug\">en el enlace.<\/a>\n\n<a href=\"https:\/\/www.regionsaris.sk\/wp-content\/uploads\/2025\/12\/1-Slovenske-opalove-bane-Foto_-OOCR-Region-Saris.jpg\"><img loading=\"lazy\" decoding=\"async\" class=\"wp-image-28993 alignnone\" src=\"https:\/\/www.regionsaris.sk\/wp-content\/uploads\/2025\/12\/1-Slovenske-opalove-bane-Foto_-OOCR-Region-Saris-300x200.jpg\" alt=\"\" width=\"612\" height=\"408\" \/><\/a>\n\n\u00a0\n\n\u00a0\n\n\u00a0\n<div><\/div>\n<h4>El camino de los cuentos de Miklusz el duende<\/h4>\nLugar: sendero natural en el pueblo de Miklu\u0161ovce\n\nPara las familias que disfrutan paseando por la naturaleza, el sendero de los gnomos de Miklus es una gran elecci\u00f3n. Este sendero divertido y educativo ofrece muchas paradas interesantes que ense\u00f1an a los ni\u00f1os la naturaleza y la historia de la regi\u00f3n de forma l\u00fadica.\n\n\u00a0\n\n<a href=\"https:\/\/www.regionsaris.sk\/wp-content\/uploads\/2024\/11\/PXL_20240811_080259149-scaled.jpg\"><img loading=\"lazy\" decoding=\"async\" class=\"wp-image-24060 alignnone\" src=\"https:\/\/www.regionsaris.sk\/wp-content\/uploads\/2025\/12\/PXL_20240811_080259149-scaled.jpg\" alt=\"\" width=\"602\" height=\"339\" \/><\/a>\n<div><\/div>\n<div><\/div>\n<h4>Aventuras acu\u00e1ticas para los m\u00e1s peque\u00f1os en Aquapark Lipany<\/h4>\nLugar:Aquapark Lipany\n\nAquapark Lipany es un lugar ideal para pasar momentos en familia llenos de alegr\u00eda y diversi\u00f3n. Los ni\u00f1os pueden disfrutar de una piscina segura dise\u00f1ada para ni\u00f1os peque\u00f1os, donde pueden descubrir el mundo acu\u00e1tico. El ambiente agradable se completa con agua templada y un entorno confortable.\n<div><a href=\"https:\/\/www.regionsaris.sk\/wp-content\/uploads\/2025\/02\/IMG_0003-scaled.jpg\"><img loading=\"lazy\" decoding=\"async\" class=\"wp-image-28997 alignnone\" src=\"https:\/\/www.regionsaris.sk\/wp-content\/uploads\/2025\/12\/IMG_0003-scaled.jpg\" alt=\"\" width=\"539\" height=\"359\" \/><\/a><\/div>\n<div><\/div>\n<div><\/div>\n<h4>Carnaval sobre hielo<\/h4>\nFecha: 23 de febrero de 2025 a las 14:00\nLugar.\n\nEn Sabinov, durante las vacaciones de primavera, tendr\u00e1 lugar un carnaval sobre hielo. El programa incluye actuaciones de miembros del club de patinaje art\u00edstico KK Kraso Pre\u0161ov, competiciones deportivas, patinaje en m\u00e1scaras y un concurso a la m\u00e1scara m\u00e1s bonita. La entrada al hielo s\u00f3lo est\u00e1 permitida con m\u00e1scaras.\n<div><\/div>\n<div>\n\n<a href=\"https:\/\/www.regionsaris.sk\/wp-content\/uploads\/2025\/02\/Karneval-na-lade-scaled.jpg\"><img loading=\"lazy\" decoding=\"async\" class=\"wp-image-28807 alignnone\" src=\"https:\/\/www.regionsaris.sk\/wp-content\/uploads\/2025\/02\/Karneval-na-lade-212x300.jpg\" alt=\"\" width=\"405\" height=\"573\" \/><\/a>\n\n<\/div>\n<div><\/div>\n<p data-pm-slice=\"1 1 []\"><em>La regi\u00f3n de \u0160ari\u0161 ofrece una amplia gama de actividades para familias con ni\u00f1os durante las vacaciones de primavera. Tanto si decide descubrir la historia en el Castillo de \u0160ari\u0161, vivir una aventura en las minas de \u00f3palo, pasear por el sendero de Miklusz el Gnomo, disfrutar de la diversi\u00f3n acu\u00e1tica en Lipany, divertirse en el carnaval sobre hielo o enloquecer en la pista de Drienice, seguro que vivir\u00e1 experiencias inolvidables. Planifique su programa y pase unas vacaciones llenas de alegr\u00eda, movimiento y aventura.<\/em><\/p>","protected":false},"excerpt":{"rendered":"<p>H\u013ead\u00e1te in\u0161pir\u00e1ciu, kam s de\u0165mi na jarn\u00e9 pr\u00e1zdniny v regi\u00f3ne \u0160ari\u0161? Tento kr\u00e1sny k\u00fat Slovenska...<\/p>","protected":false},"author":1,"featured_media":547,"comment_status":"open","ping_status":"open","sticky":false,"template":"","format":"standard","meta":{"_acf_changed":false,"footnotes":""},"categories":[1],"tags":[],"class_list":["post-533","post","type-post","status-publish","format-standard","has-post-thumbnail","hentry","category-novinky"],"acf":[],"yoast_head":"<!-- This site is optimized with the Yoast SEO Premium plugin v26.3 (Yoast SEO v26.8) - https:\/\/yoast.com\/product\/yoast-seo-premium-wordpress\/ -->\n<title>Kam na jarn\u00e9 pr\u00e1zdniny s de\u0165mi v regi\u00f3ne \u0160ari\u0161? - OOCR \u0160ari\u0161<\/title>\n<meta name=\"robots\" content=\"index, follow, max-snippet:-1, max-image-preview:large, max-video-preview:-1\" \/>\n<link rel=\"canonical\" href=\"https:\/\/www.regionsaris.sk\/es\/kam-na-jarne-prazdniny-s-detmi-v-regione-saris\/\" \/>\n<meta property=\"og:locale\" content=\"es_ES\" \/>\n<meta property=\"og:type\" content=\"article\" \/>\n<meta property=\"og:title\" content=\"Kam na jarn\u00e9 pr\u00e1zdniny s de\u0165mi v regi\u00f3ne \u0160ari\u0161?\" \/>\n<meta property=\"og:description\" content=\"H\u013ead\u00e1te in\u0161pir\u00e1ciu, kam s de\u0165mi na jarn\u00e9 pr\u00e1zdniny v regi\u00f3ne \u0160ari\u0161? Tento kr\u00e1sny k\u00fat Slovenska...\" \/>\n<meta property=\"og:url\" content=\"https:\/\/www.regionsaris.sk\/es\/kam-na-jarne-prazdniny-s-detmi-v-regione-saris\/\" \/>\n<meta property=\"og:site_name\" content=\"OOCR \u0160ari\u0161\" \/>\n<meta property=\"article:published_time\" content=\"2025-02-14T10:24:13+00:00\" \/>\n<meta property=\"article:modified_time\" content=\"2025-12-15T09:11:36+00:00\" \/>\n<meta property=\"og:image\" content=\"https:\/\/www.regionsaris.sk\/wp-content\/uploads\/2025\/12\/1-Slovenske-opalove-bane-Foto_-OOCR-Region-Saris.jpg\" \/>\n\t<meta property=\"og:image:width\" content=\"1200\" \/>\n\t<meta property=\"og:image:height\" content=\"801\" \/>\n\t<meta property=\"og:image:type\" content=\"image\/jpeg\" \/>\n<meta name=\"author\" content=\"dev@bigway.sk\" \/>\n<meta name=\"twitter:card\" content=\"summary_large_image\" \/>\n<meta name=\"twitter:label1\" content=\"Escrito por\" \/>\n\t<meta name=\"twitter:data1\" content=\"dev@bigway.sk\" \/>\n\t<meta name=\"twitter:label2\" content=\"Tiempo de lectura\" \/>\n\t<meta name=\"twitter:data2\" content=\"4 minutos\" \/>\n<script type=\"application\/ld+json\" class=\"yoast-schema-graph\">{\"@context\":\"https:\/\/schema.org\",\"@graph\":[{\"@type\":\"Article\",\"@id\":\"https:\/\/www.regionsaris.sk\/kam-na-jarne-prazdniny-s-detmi-v-regione-saris\/#article\",\"isPartOf\":{\"@id\":\"https:\/\/www.regionsaris.sk\/kam-na-jarne-prazdniny-s-detmi-v-regione-saris\/\"},\"author\":{\"name\":\"dev@bigway.sk\",\"@id\":\"https:\/\/www.regionsaris.sk\/#\/schema\/person\/30fad06d87cd12ad1d94ff5fbd6919d1\"},\"headline\":\"Kam na jarn\u00e9 pr\u00e1zdniny s de\u0165mi v regi\u00f3ne \u0160ari\u0161?\",\"datePublished\":\"2025-02-14T10:24:13+00:00\",\"dateModified\":\"2025-12-15T09:11:36+00:00\",\"mainEntityOfPage\":{\"@id\":\"https:\/\/www.regionsaris.sk\/kam-na-jarne-prazdniny-s-detmi-v-regione-saris\/\"},\"wordCount\":729,\"commentCount\":0,\"image\":{\"@id\":\"https:\/\/www.regionsaris.sk\/kam-na-jarne-prazdniny-s-detmi-v-regione-saris\/#primaryimage\"},\"thumbnailUrl\":\"https:\/\/www.regionsaris.sk\/wp-content\/uploads\/2025\/12\/1-Slovenske-opalove-bane-Foto_-OOCR-Region-Saris.jpg\",\"articleSection\":[\"Novinky\"],\"inLanguage\":\"es\",\"potentialAction\":[{\"@type\":\"CommentAction\",\"name\":\"Comment\",\"target\":[\"https:\/\/www.regionsaris.sk\/kam-na-jarne-prazdniny-s-detmi-v-regione-saris\/#respond\"]}]},{\"@type\":\"WebPage\",\"@id\":\"https:\/\/www.regionsaris.sk\/kam-na-jarne-prazdniny-s-detmi-v-regione-saris\/\",\"url\":\"https:\/\/www.regionsaris.sk\/kam-na-jarne-prazdniny-s-detmi-v-regione-saris\/\",\"name\":\"Kam na jarn\u00e9 pr\u00e1zdniny s de\u0165mi v regi\u00f3ne \u0160ari\u0161? - OOCR \u0160ari\u0161\",\"isPartOf\":{\"@id\":\"https:\/\/www.regionsaris.sk\/#website\"},\"primaryImageOfPage\":{\"@id\":\"https:\/\/www.regionsaris.sk\/kam-na-jarne-prazdniny-s-detmi-v-regione-saris\/#primaryimage\"},\"image\":{\"@id\":\"https:\/\/www.regionsaris.sk\/kam-na-jarne-prazdniny-s-detmi-v-regione-saris\/#primaryimage\"},\"thumbnailUrl\":\"https:\/\/www.regionsaris.sk\/wp-content\/uploads\/2025\/12\/1-Slovenske-opalove-bane-Foto_-OOCR-Region-Saris.jpg\",\"datePublished\":\"2025-02-14T10:24:13+00:00\",\"dateModified\":\"2025-12-15T09:11:36+00:00\",\"author\":{\"@id\":\"https:\/\/www.regionsaris.sk\/#\/schema\/person\/30fad06d87cd12ad1d94ff5fbd6919d1\"},\"breadcrumb\":{\"@id\":\"https:\/\/www.regionsaris.sk\/kam-na-jarne-prazdniny-s-detmi-v-regione-saris\/#breadcrumb\"},\"inLanguage\":\"es\",\"potentialAction\":[{\"@type\":\"ReadAction\",\"target\":[\"https:\/\/www.regionsaris.sk\/kam-na-jarne-prazdniny-s-detmi-v-regione-saris\/\"]}]},{\"@type\":\"ImageObject\",\"inLanguage\":\"es\",\"@id\":\"https:\/\/www.regionsaris.sk\/kam-na-jarne-prazdniny-s-detmi-v-regione-saris\/#primaryimage\",\"url\":\"https:\/\/www.regionsaris.sk\/wp-content\/uploads\/2025\/12\/1-Slovenske-opalove-bane-Foto_-OOCR-Region-Saris.jpg\",\"contentUrl\":\"https:\/\/www.regionsaris.sk\/wp-content\/uploads\/2025\/12\/1-Slovenske-opalove-bane-Foto_-OOCR-Region-Saris.jpg\",\"width\":1200,\"height\":801},{\"@type\":\"BreadcrumbList\",\"@id\":\"https:\/\/www.regionsaris.sk\/kam-na-jarne-prazdniny-s-detmi-v-regione-saris\/#breadcrumb\",\"itemListElement\":[{\"@type\":\"ListItem\",\"position\":1,\"name\":\"Domov\",\"item\":\"https:\/\/www.regionsaris.sk\/\"},{\"@type\":\"ListItem\",\"position\":2,\"name\":\"Kam na jarn\u00e9 pr\u00e1zdniny s de\u0165mi v regi\u00f3ne \u0160ari\u0161?\"}]},{\"@type\":\"WebSite\",\"@id\":\"https:\/\/www.regionsaris.sk\/#website\",\"url\":\"https:\/\/www.regionsaris.sk\/\",\"name\":\"OOCR \u0160ari\u0161\",\"description\":\"\",\"potentialAction\":[{\"@type\":\"SearchAction\",\"target\":{\"@type\":\"EntryPoint\",\"urlTemplate\":\"https:\/\/www.regionsaris.sk\/?s={search_term_string}\"},\"query-input\":{\"@type\":\"PropertyValueSpecification\",\"valueRequired\":true,\"valueName\":\"search_term_string\"}}],\"inLanguage\":\"es\"},{\"@type\":\"Person\",\"@id\":\"https:\/\/www.regionsaris.sk\/#\/schema\/person\/30fad06d87cd12ad1d94ff5fbd6919d1\",\"name\":\"dev@bigway.sk\",\"image\":{\"@type\":\"ImageObject\",\"inLanguage\":\"es\",\"@id\":\"https:\/\/www.regionsaris.sk\/#\/schema\/person\/image\/\",\"url\":\"https:\/\/secure.gravatar.com\/avatar\/013b34bc1192067340cff024d72adf40af543d15809da0502beda083cb4f28a2?s=96&d=mm&r=g\",\"contentUrl\":\"https:\/\/secure.gravatar.com\/avatar\/013b34bc1192067340cff024d72adf40af543d15809da0502beda083cb4f28a2?s=96&d=mm&r=g\",\"caption\":\"dev@bigway.sk\"},\"sameAs\":[\"https:\/\/www.regionsaris.sk\"],\"url\":\"https:\/\/www.regionsaris.sk\/es\/author\/devbigway-sk\/\"}]}<\/script>\n<!-- \/ Yoast SEO Premium plugin. -->","yoast_head_json":{"title":"Kam na jarn\u00e9 pr\u00e1zdniny s de\u0165mi v regi\u00f3ne \u0160ari\u0161? - OOCR \u0160ari\u0161","robots":{"index":"index","follow":"follow","max-snippet":"max-snippet:-1","max-image-preview":"max-image-preview:large","max-video-preview":"max-video-preview:-1"},"canonical":"https:\/\/www.regionsaris.sk\/es\/kam-na-jarne-prazdniny-s-detmi-v-regione-saris\/","og_locale":"es_ES","og_type":"article","og_title":"Kam na jarn\u00e9 pr\u00e1zdniny s de\u0165mi v regi\u00f3ne \u0160ari\u0161?","og_description":"H\u013ead\u00e1te in\u0161pir\u00e1ciu, kam s de\u0165mi na jarn\u00e9 pr\u00e1zdniny v regi\u00f3ne \u0160ari\u0161? Tento kr\u00e1sny k\u00fat Slovenska...","og_url":"https:\/\/www.regionsaris.sk\/es\/kam-na-jarne-prazdniny-s-detmi-v-regione-saris\/","og_site_name":"OOCR \u0160ari\u0161","article_published_time":"2025-02-14T10:24:13+00:00","article_modified_time":"2025-12-15T09:11:36+00:00","og_image":[{"width":1200,"height":801,"url":"https:\/\/www.regionsaris.sk\/wp-content\/uploads\/2025\/12\/1-Slovenske-opalove-bane-Foto_-OOCR-Region-Saris.jpg","type":"image\/jpeg"}],"author":"dev@bigway.sk","twitter_card":"summary_large_image","twitter_misc":{"Escrito por":"dev@bigway.sk","Tiempo de lectura":"4 minutos"},"schema":{"@context":"https:\/\/schema.org","@graph":[{"@type":"Article","@id":"https:\/\/www.regionsaris.sk\/kam-na-jarne-prazdniny-s-detmi-v-regione-saris\/#article","isPartOf":{"@id":"https:\/\/www.regionsaris.sk\/kam-na-jarne-prazdniny-s-detmi-v-regione-saris\/"},"author":{"name":"dev@bigway.sk","@id":"https:\/\/www.regionsaris.sk\/#\/schema\/person\/30fad06d87cd12ad1d94ff5fbd6919d1"},"headline":"Kam na jarn\u00e9 pr\u00e1zdniny s de\u0165mi v regi\u00f3ne \u0160ari\u0161?","datePublished":"2025-02-14T10:24:13+00:00","dateModified":"2025-12-15T09:11:36+00:00","mainEntityOfPage":{"@id":"https:\/\/www.regionsaris.sk\/kam-na-jarne-prazdniny-s-detmi-v-regione-saris\/"},"wordCount":729,"commentCount":0,"image":{"@id":"https:\/\/www.regionsaris.sk\/kam-na-jarne-prazdniny-s-detmi-v-regione-saris\/#primaryimage"},"thumbnailUrl":"https:\/\/www.regionsaris.sk\/wp-content\/uploads\/2025\/12\/1-Slovenske-opalove-bane-Foto_-OOCR-Region-Saris.jpg","articleSection":["Novinky"],"inLanguage":"es","potentialAction":[{"@type":"CommentAction","name":"Comment","target":["https:\/\/www.regionsaris.sk\/kam-na-jarne-prazdniny-s-detmi-v-regione-saris\/#respond"]}]},{"@type":"WebPage","@id":"https:\/\/www.regionsaris.sk\/kam-na-jarne-prazdniny-s-detmi-v-regione-saris\/","url":"https:\/\/www.regionsaris.sk\/kam-na-jarne-prazdniny-s-detmi-v-regione-saris\/","name":"Kam na jarn\u00e9 pr\u00e1zdniny s de\u0165mi v regi\u00f3ne \u0160ari\u0161? - OOCR \u0160ari\u0161","isPartOf":{"@id":"https:\/\/www.regionsaris.sk\/#website"},"primaryImageOfPage":{"@id":"https:\/\/www.regionsaris.sk\/kam-na-jarne-prazdniny-s-detmi-v-regione-saris\/#primaryimage"},"image":{"@id":"https:\/\/www.regionsaris.sk\/kam-na-jarne-prazdniny-s-detmi-v-regione-saris\/#primaryimage"},"thumbnailUrl":"https:\/\/www.regionsaris.sk\/wp-content\/uploads\/2025\/12\/1-Slovenske-opalove-bane-Foto_-OOCR-Region-Saris.jpg","datePublished":"2025-02-14T10:24:13+00:00","dateModified":"2025-12-15T09:11:36+00:00","author":{"@id":"https:\/\/www.regionsaris.sk\/#\/schema\/person\/30fad06d87cd12ad1d94ff5fbd6919d1"},"breadcrumb":{"@id":"https:\/\/www.regionsaris.sk\/kam-na-jarne-prazdniny-s-detmi-v-regione-saris\/#breadcrumb"},"inLanguage":"es","potentialAction":[{"@type":"ReadAction","target":["https:\/\/www.regionsaris.sk\/kam-na-jarne-prazdniny-s-detmi-v-regione-saris\/"]}]},{"@type":"ImageObject","inLanguage":"es","@id":"https:\/\/www.regionsaris.sk\/kam-na-jarne-prazdniny-s-detmi-v-regione-saris\/#primaryimage","url":"https:\/\/www.regionsaris.sk\/wp-content\/uploads\/2025\/12\/1-Slovenske-opalove-bane-Foto_-OOCR-Region-Saris.jpg","contentUrl":"https:\/\/www.regionsaris.sk\/wp-content\/uploads\/2025\/12\/1-Slovenske-opalove-bane-Foto_-OOCR-Region-Saris.jpg","width":1200,"height":801},{"@type":"BreadcrumbList","@id":"https:\/\/www.regionsaris.sk\/kam-na-jarne-prazdniny-s-detmi-v-regione-saris\/#breadcrumb","itemListElement":[{"@type":"ListItem","position":1,"name":"Domov","item":"https:\/\/www.regionsaris.sk\/"},{"@type":"ListItem","position":2,"name":"Kam na jarn\u00e9 pr\u00e1zdniny s de\u0165mi v regi\u00f3ne \u0160ari\u0161?"}]},{"@type":"WebSite","@id":"https:\/\/www.regionsaris.sk\/#website","url":"https:\/\/www.regionsaris.sk\/","name":"OOCR \u0160ari\u0161","description":"","potentialAction":[{"@type":"SearchAction","target":{"@type":"EntryPoint","urlTemplate":"https:\/\/www.regionsaris.sk\/?s={search_term_string}"},"query-input":{"@type":"PropertyValueSpecification","valueRequired":true,"valueName":"search_term_string"}}],"inLanguage":"es"},{"@type":"Person","@id":"https:\/\/www.regionsaris.sk\/#\/schema\/person\/30fad06d87cd12ad1d94ff5fbd6919d1","name":"dev@bigway.sk","image":{"@type":"ImageObject","inLanguage":"es","@id":"https:\/\/www.regionsaris.sk\/#\/schema\/person\/image\/","url":"https:\/\/secure.gravatar.com\/avatar\/013b34bc1192067340cff024d72adf40af543d15809da0502beda083cb4f28a2?s=96&d=mm&r=g","contentUrl":"https:\/\/secure.gravatar.com\/avatar\/013b34bc1192067340cff024d72adf40af543d15809da0502beda083cb4f28a2?s=96&d=mm&r=g","caption":"dev@bigway.sk"},"sameAs":["https:\/\/www.regionsaris.sk"],"url":"https:\/\/www.regionsaris.sk\/es\/author\/devbigway-sk\/"}]}},"_links":{"self":[{"href":"https:\/\/www.regionsaris.sk\/es\/wp-json\/wp\/v2\/posts\/533","targetHints":{"allow":["GET"]}}],"collection":[{"href":"https:\/\/www.regionsaris.sk\/es\/wp-json\/wp\/v2\/posts"}],"about":[{"href":"https:\/\/www.regionsaris.sk\/es\/wp-json\/wp\/v2\/types\/post"}],"author":[{"embeddable":true,"href":"https:\/\/www.regionsaris.sk\/es\/wp-json\/wp\/v2\/users\/1"}],"replies":[{"embeddable":true,"href":"https:\/\/www.regionsaris.sk\/es\/wp-json\/wp\/v2\/comments?post=533"}],"version-history":[{"count":1,"href":"https:\/\/www.regionsaris.sk\/es\/wp-json\/wp\/v2\/posts\/533\/revisions"}],"predecessor-version":[{"id":549,"href":"https:\/\/www.regionsaris.sk\/es\/wp-json\/wp\/v2\/posts\/533\/revisions\/549"}],"wp:featuredmedia":[{"embeddable":true,"href":"https:\/\/www.regionsaris.sk\/es\/wp-json\/wp\/v2\/media\/547"}],"wp:attachment":[{"href":"https:\/\/www.regionsaris.sk\/es\/wp-json\/wp\/v2\/media?parent=533"}],"wp:term":[{"taxonomy":"category","embeddable":true,"href":"https:\/\/www.regionsaris.sk\/es\/wp-json\/wp\/v2\/categories?post=533"},{"taxonomy":"post_tag","embeddable":true,"href":"https:\/\/www.regionsaris.sk\/es\/wp-json\/wp\/v2\/tags?post=533"}],"curies":[{"name":"wp","href":"https:\/\/api.w.org\/{rel}","templated":true}]}}