{"id":512,"date":"2024-12-19T13:13:34","date_gmt":"2024-12-19T12:13:34","guid":{"rendered":"https:\/\/www.regionsaris.sk\/kam-na-zimne-vylety-v-regione-saris\/"},"modified":"2025-12-15T10:11:03","modified_gmt":"2025-12-15T09:11:03","slug":"kam-na-zimne-vylety-v-regione-saris","status":"publish","type":"post","link":"https:\/\/www.regionsaris.sk\/es\/kam-na-zimne-vylety-v-regione-saris\/","title":{"rendered":"D\u00f3nde hacer excursiones de invierno en la regi\u00f3n de \u0160ari\u0161"},"content":{"rendered":"<span style=\"font-weight: 400;\">Con la llegada de la temporada de invierno, la regi\u00f3n de \u0160ari\u0161 abre nuevas oportunidades para descubrir bellezas naturales, vistas impresionantes y lugares para el descanso activo. Tanto si es un amante del senderismo, de las vistas naturales o de los deportes activos, \u0160ari\u0161 le acoger\u00e1 con una rica oferta de actividades. He aqu\u00ed un resumen de lugares interesantes que no deber\u00edan faltar en su programa de invierno.<\/span>\n\n\u00a0\n<h3><b>1. Patinaje en el embalse de Sigord<\/b><\/h3>\n<span style=\"font-weight: 400;\">Cuando las heladas producen una superficie helada s\u00f3lida, en la zona de<strong> el embalse de Sigord<\/strong> es la posibilidad de patinar de forma natural. La seguridad del patinaje corre a cargo de la asociaci\u00f3n <em>Chavargy<\/em>, que mide peri\u00f3dicamente el espesor del hielo e informa de las condiciones en las redes sociales (<a href=\"https:\/\/www.facebook.com\/lodenicasigord\">Facebook e Instagram - Casa de botes Sigord<\/a>). Adem\u00e1s de servicios gratuitos como quitanieves, porter\u00edas de hockey y equipo de patinaje para ni\u00f1os, se pueden alquilar patines previo pago. Los visitantes pueden disfrutar de t\u00e9 caliente, chocolate caliente o vino caliente en la cafeter\u00eda situada junto al embalse. Los fines de semana y festivos tambi\u00e9n se puede patinar hasta las 19:00.<\/span>\n\n<span style=\"font-weight: 400;\">Alrededor del embalse discurre <strong>sendero natural<\/strong>, que tambi\u00e9n es accesible en invierno y tiene una longitud de <strong>1 km<\/strong>. El sendero est\u00e1 equipado con bancos con vistas al agua y tres paneles informativos sobre la fauna de Sigord. Se recomienda calzado de invierno y precauci\u00f3n al caminar por el terreno moderadamente expuesto.\u00a0<\/span>\n\n<a href=\"https:\/\/www.regionsaris.sk\/wp-content\/uploads\/2024\/12\/IMG_20240112_153452-scaled.jpg\"><img loading=\"lazy\" decoding=\"async\" class=\"wp-image-25203 alignnone\" src=\"https:\/\/www.regionsaris.sk\/wp-content\/uploads\/2025\/12\/IMG_20240112_153452-scaled.jpg\" alt=\"\" width=\"704\" height=\"396\" \/><\/a>\n\n\u00a0\n<h3><b>2. \u010cergovsk\u00fd Min\u010dol<\/b><\/h3>\n<span style=\"font-weight: 400;\">El pico Min\u010dol, con una altitud de 1157 m, es el punto m\u00e1s alto de los montes \u010cergov y fue declarado Reserva Natural Nacional en 1986 para proteger la flora t\u00edpica de los C\u00e1rpatos. Las rutas de senderismo se\u00f1alizadas, accesibles incluso en invierno, le guiar\u00e1n por esta hermosa zona llena de silencio y majestuosidad de la naturaleza. Las rutas m\u00e1s populares parten de los pueblos de Kamenica, Kyjov o \u0160ari\u0161sk\u00e9 Jatrabie. En invierno hay mucha nieve y a menudo mucho viento. Con buen tiempo se pueden ver los Altos Tatras.\u00a0<\/span>\n\n\u00a0\n\n<a href=\"https:\/\/www.regionsaris.sk\/wp-content\/uploads\/2024\/12\/DSCF2338-scaled.jpg\"><img loading=\"lazy\" decoding=\"async\" class=\"wp-image-25224 alignnone\" src=\"https:\/\/www.regionsaris.sk\/wp-content\/uploads\/2025\/12\/DSCF2338-scaled.jpg\" alt=\"\" width=\"714\" height=\"476\" \/><\/a>\n\n\u00a0\n\n\u00a0\n<h3><b>3. Torre mirador bajo el pico de Bala\u017eka<\/b><\/h3>\n\u00a0\n\n<span style=\"font-weight: 400;\">La torre mirador situada bajo la cima de Bal\u00e1\u017eka a 598 m sobre el nivel del mar ofrece una vista impresionante de Lipany, Kamenick\u00fd hrad y la cresta de \u010cergov. Se puede acceder a dos circuitos - el circuito de la Peque\u00f1a Roca con un mirador en la cruz, el pozo italiano y un microverso geol\u00f3gico, y el circuito de la Gran Roca, que lleva a lo largo de la cresta de Balazka. La ruta f\u00e1cil desde el p\u00f3lder hasta la torre mirador dura unos 40 minutos.\u00a0<\/span>\n\n\u00a0\n\n<a href=\"https:\/\/www.regionsaris.sk\/wp-content\/uploads\/2025\/12\/No-6-Rozhladna-1.jpg\"><img loading=\"lazy\" decoding=\"async\" class=\"wp-image-25213 alignnone\" src=\"https:\/\/www.regionsaris.sk\/wp-content\/uploads\/2025\/12\/No-6-Rozhladna-1-300x225.jpg\" alt=\"\" width=\"715\" height=\"536\" \/><\/a>\n\n\u00a0\n<h3><strong>4. Rel\u00e1jese incluso en los d\u00edas fr\u00edos en Aquapark Lipany<\/strong><\/h3>\nAunque las temperaturas caigan bajo cero, Aquapark Lipany sigue siendo un lugar donde calentarse y disfrutar de un merecido descanso. Las piscinas termales con agua agradablemente caliente son un refugio ideal contra el fr\u00edo invernal. Gracias a la composici\u00f3n mineral del agua, no s\u00f3lo se relajar\u00e1, sino que tambi\u00e9n mejorar\u00e1 su salud: los efectos beneficiosos de las aguas termales ser\u00e1n especialmente apreciados por sus articulaciones y m\u00fasculos.\n\nAdem\u00e1s de las piscinas, le esperan servicios de bienestar como saunas y masajes. Para las familias con ni\u00f1os, hay divertidas atracciones acu\u00e1ticas para todos.\n\n\u00a0\n\n<a href=\"https:\/\/www.regionsaris.sk\/wp-content\/uploads\/2024\/12\/PXL_20240713_072943037-scaled.jpg\"><img loading=\"lazy\" decoding=\"async\" class=\"wp-image-25217 alignnone\" src=\"https:\/\/www.regionsaris.sk\/wp-content\/uploads\/2025\/12\/PXL_20240713_072943037-scaled.jpg\" alt=\"\" width=\"714\" height=\"402\" \/><\/a>\n\n\u00a0\n<h3><\/h3>\n<h3><b>5. Pista de hielo multifuncional en Lipany<\/b><\/h3>\n<span style=\"font-weight: 400;\">A mediados de noviembre se inaugura en Lipany una pista de hielo multifuncional. Hay un programa de patinaje escolar, clases p\u00fablicas y alquileres privados: una opci\u00f3n ideal para familias y aficionados al deporte. Para m\u00e1s informaci\u00f3n, visite el sitio web de la ciudad de Lipany (<a href=\"http:\/\/www.lipany.sk\">www.lipany.sk<\/a>).<\/span>\n\n<a href=\"https:\/\/www.regionsaris.sk\/wp-content\/uploads\/2025\/12\/466040369_10224914118312110_7310268891264842370_n_ece26c_md.jpg\"><img loading=\"lazy\" decoding=\"async\" class=\"wp-image-25228 alignnone\" src=\"https:\/\/www.regionsaris.sk\/wp-content\/uploads\/2025\/12\/466040369_10224914118312110_7310268891264842370_n_ece26c_md-300x169.jpg\" alt=\"\" width=\"721\" height=\"406\" \/><\/a>\n\n\u00a0\n\n\u00a0\n\n\u00a0\n\n\u00a0\n\n\u00a0","protected":false},"excerpt":{"rendered":"<p>S pr\u00edchodom zimnej sez\u00f3ny sa v regi\u00f3ne \u0160ari\u0161 otv\u00e1raj\u00fa nov\u00e9 mo\u017enosti na objavovanie pr\u00edrodn\u00fdch kr\u00e1s,...<\/p>","protected":false},"author":1,"featured_media":519,"comment_status":"open","ping_status":"open","sticky":false,"template":"","format":"standard","meta":{"_acf_changed":false,"footnotes":""},"categories":[1],"tags":[],"class_list":["post-512","post","type-post","status-publish","format-standard","has-post-thumbnail","hentry","category-novinky"],"acf":[],"yoast_head":"<!-- This site is optimized with the Yoast SEO Premium plugin v26.3 (Yoast SEO v26.8) - https:\/\/yoast.com\/product\/yoast-seo-premium-wordpress\/ -->\n<title>Kam na zimn\u00e9 v\u00fdlety v regi\u00f3ne \u0160ari\u0161 - OOCR \u0160ari\u0161<\/title>\n<meta name=\"robots\" content=\"index, follow, max-snippet:-1, max-image-preview:large, max-video-preview:-1\" \/>\n<link rel=\"canonical\" href=\"https:\/\/www.regionsaris.sk\/es\/kam-na-zimne-vylety-v-regione-saris\/\" \/>\n<meta property=\"og:locale\" content=\"es_ES\" \/>\n<meta property=\"og:type\" content=\"article\" \/>\n<meta property=\"og:title\" content=\"Kam na zimn\u00e9 v\u00fdlety v regi\u00f3ne \u0160ari\u0161\" \/>\n<meta property=\"og:description\" content=\"S pr\u00edchodom zimnej sez\u00f3ny sa v regi\u00f3ne \u0160ari\u0161 otv\u00e1raj\u00fa nov\u00e9 mo\u017enosti na objavovanie pr\u00edrodn\u00fdch kr\u00e1s,...\" \/>\n<meta property=\"og:url\" content=\"https:\/\/www.regionsaris.sk\/es\/kam-na-zimne-vylety-v-regione-saris\/\" \/>\n<meta property=\"og:site_name\" content=\"OOCR \u0160ari\u0161\" \/>\n<meta property=\"article:published_time\" content=\"2024-12-19T12:13:34+00:00\" \/>\n<meta property=\"article:modified_time\" content=\"2025-12-15T09:11:03+00:00\" \/>\n<meta property=\"og:image\" content=\"https:\/\/www.regionsaris.sk\/wp-content\/uploads\/2025\/12\/Cergov-scaled-1.jpg\" \/>\n\t<meta property=\"og:image:width\" content=\"2560\" \/>\n\t<meta property=\"og:image:height\" content=\"1709\" \/>\n\t<meta property=\"og:image:type\" content=\"image\/jpeg\" \/>\n<meta name=\"author\" content=\"dev@bigway.sk\" \/>\n<meta name=\"twitter:card\" content=\"summary_large_image\" \/>\n<meta name=\"twitter:label1\" content=\"Escrito por\" \/>\n\t<meta name=\"twitter:data1\" content=\"dev@bigway.sk\" \/>\n\t<meta name=\"twitter:label2\" content=\"Tiempo de lectura\" \/>\n\t<meta name=\"twitter:data2\" content=\"3 minutos\" \/>\n<script type=\"application\/ld+json\" class=\"yoast-schema-graph\">{\"@context\":\"https:\/\/schema.org\",\"@graph\":[{\"@type\":\"Article\",\"@id\":\"https:\/\/www.regionsaris.sk\/kam-na-zimne-vylety-v-regione-saris\/#article\",\"isPartOf\":{\"@id\":\"https:\/\/www.regionsaris.sk\/kam-na-zimne-vylety-v-regione-saris\/\"},\"author\":{\"name\":\"dev@bigway.sk\",\"@id\":\"https:\/\/www.regionsaris.sk\/#\/schema\/person\/30fad06d87cd12ad1d94ff5fbd6919d1\"},\"headline\":\"Kam na zimn\u00e9 v\u00fdlety v regi\u00f3ne \u0160ari\u0161\",\"datePublished\":\"2024-12-19T12:13:34+00:00\",\"dateModified\":\"2025-12-15T09:11:03+00:00\",\"mainEntityOfPage\":{\"@id\":\"https:\/\/www.regionsaris.sk\/kam-na-zimne-vylety-v-regione-saris\/\"},\"wordCount\":636,\"commentCount\":0,\"image\":{\"@id\":\"https:\/\/www.regionsaris.sk\/kam-na-zimne-vylety-v-regione-saris\/#primaryimage\"},\"thumbnailUrl\":\"https:\/\/www.regionsaris.sk\/wp-content\/uploads\/2025\/12\/Cergov-scaled-1.jpg\",\"articleSection\":[\"Novinky\"],\"inLanguage\":\"es\",\"potentialAction\":[{\"@type\":\"CommentAction\",\"name\":\"Comment\",\"target\":[\"https:\/\/www.regionsaris.sk\/kam-na-zimne-vylety-v-regione-saris\/#respond\"]}]},{\"@type\":\"WebPage\",\"@id\":\"https:\/\/www.regionsaris.sk\/kam-na-zimne-vylety-v-regione-saris\/\",\"url\":\"https:\/\/www.regionsaris.sk\/kam-na-zimne-vylety-v-regione-saris\/\",\"name\":\"Kam na zimn\u00e9 v\u00fdlety v regi\u00f3ne \u0160ari\u0161 - OOCR \u0160ari\u0161\",\"isPartOf\":{\"@id\":\"https:\/\/www.regionsaris.sk\/#website\"},\"primaryImageOfPage\":{\"@id\":\"https:\/\/www.regionsaris.sk\/kam-na-zimne-vylety-v-regione-saris\/#primaryimage\"},\"image\":{\"@id\":\"https:\/\/www.regionsaris.sk\/kam-na-zimne-vylety-v-regione-saris\/#primaryimage\"},\"thumbnailUrl\":\"https:\/\/www.regionsaris.sk\/wp-content\/uploads\/2025\/12\/Cergov-scaled-1.jpg\",\"datePublished\":\"2024-12-19T12:13:34+00:00\",\"dateModified\":\"2025-12-15T09:11:03+00:00\",\"author\":{\"@id\":\"https:\/\/www.regionsaris.sk\/#\/schema\/person\/30fad06d87cd12ad1d94ff5fbd6919d1\"},\"breadcrumb\":{\"@id\":\"https:\/\/www.regionsaris.sk\/kam-na-zimne-vylety-v-regione-saris\/#breadcrumb\"},\"inLanguage\":\"es\",\"potentialAction\":[{\"@type\":\"ReadAction\",\"target\":[\"https:\/\/www.regionsaris.sk\/kam-na-zimne-vylety-v-regione-saris\/\"]}]},{\"@type\":\"ImageObject\",\"inLanguage\":\"es\",\"@id\":\"https:\/\/www.regionsaris.sk\/kam-na-zimne-vylety-v-regione-saris\/#primaryimage\",\"url\":\"https:\/\/www.regionsaris.sk\/wp-content\/uploads\/2025\/12\/Cergov-scaled-1.jpg\",\"contentUrl\":\"https:\/\/www.regionsaris.sk\/wp-content\/uploads\/2025\/12\/Cergov-scaled-1.jpg\",\"width\":2560,\"height\":1709},{\"@type\":\"BreadcrumbList\",\"@id\":\"https:\/\/www.regionsaris.sk\/kam-na-zimne-vylety-v-regione-saris\/#breadcrumb\",\"itemListElement\":[{\"@type\":\"ListItem\",\"position\":1,\"name\":\"Domov\",\"item\":\"https:\/\/www.regionsaris.sk\/\"},{\"@type\":\"ListItem\",\"position\":2,\"name\":\"Kam na zimn\u00e9 v\u00fdlety v regi\u00f3ne \u0160ari\u0161\"}]},{\"@type\":\"WebSite\",\"@id\":\"https:\/\/www.regionsaris.sk\/#website\",\"url\":\"https:\/\/www.regionsaris.sk\/\",\"name\":\"OOCR \u0160ari\u0161\",\"description\":\"\",\"potentialAction\":[{\"@type\":\"SearchAction\",\"target\":{\"@type\":\"EntryPoint\",\"urlTemplate\":\"https:\/\/www.regionsaris.sk\/?s={search_term_string}\"},\"query-input\":{\"@type\":\"PropertyValueSpecification\",\"valueRequired\":true,\"valueName\":\"search_term_string\"}}],\"inLanguage\":\"es\"},{\"@type\":\"Person\",\"@id\":\"https:\/\/www.regionsaris.sk\/#\/schema\/person\/30fad06d87cd12ad1d94ff5fbd6919d1\",\"name\":\"dev@bigway.sk\",\"image\":{\"@type\":\"ImageObject\",\"inLanguage\":\"es\",\"@id\":\"https:\/\/www.regionsaris.sk\/#\/schema\/person\/image\/\",\"url\":\"https:\/\/secure.gravatar.com\/avatar\/013b34bc1192067340cff024d72adf40af543d15809da0502beda083cb4f28a2?s=96&d=mm&r=g\",\"contentUrl\":\"https:\/\/secure.gravatar.com\/avatar\/013b34bc1192067340cff024d72adf40af543d15809da0502beda083cb4f28a2?s=96&d=mm&r=g\",\"caption\":\"dev@bigway.sk\"},\"sameAs\":[\"https:\/\/www.regionsaris.sk\"],\"url\":\"https:\/\/www.regionsaris.sk\/es\/author\/devbigway-sk\/\"}]}<\/script>\n<!-- \/ Yoast SEO Premium plugin. -->","yoast_head_json":{"title":"Kam na zimn\u00e9 v\u00fdlety v regi\u00f3ne \u0160ari\u0161 - OOCR \u0160ari\u0161","robots":{"index":"index","follow":"follow","max-snippet":"max-snippet:-1","max-image-preview":"max-image-preview:large","max-video-preview":"max-video-preview:-1"},"canonical":"https:\/\/www.regionsaris.sk\/es\/kam-na-zimne-vylety-v-regione-saris\/","og_locale":"es_ES","og_type":"article","og_title":"Kam na zimn\u00e9 v\u00fdlety v regi\u00f3ne \u0160ari\u0161","og_description":"S pr\u00edchodom zimnej sez\u00f3ny sa v regi\u00f3ne \u0160ari\u0161 otv\u00e1raj\u00fa nov\u00e9 mo\u017enosti na objavovanie pr\u00edrodn\u00fdch kr\u00e1s,...","og_url":"https:\/\/www.regionsaris.sk\/es\/kam-na-zimne-vylety-v-regione-saris\/","og_site_name":"OOCR \u0160ari\u0161","article_published_time":"2024-12-19T12:13:34+00:00","article_modified_time":"2025-12-15T09:11:03+00:00","og_image":[{"width":2560,"height":1709,"url":"https:\/\/www.regionsaris.sk\/wp-content\/uploads\/2025\/12\/Cergov-scaled-1.jpg","type":"image\/jpeg"}],"author":"dev@bigway.sk","twitter_card":"summary_large_image","twitter_misc":{"Escrito por":"dev@bigway.sk","Tiempo de lectura":"3 minutos"},"schema":{"@context":"https:\/\/schema.org","@graph":[{"@type":"Article","@id":"https:\/\/www.regionsaris.sk\/kam-na-zimne-vylety-v-regione-saris\/#article","isPartOf":{"@id":"https:\/\/www.regionsaris.sk\/kam-na-zimne-vylety-v-regione-saris\/"},"author":{"name":"dev@bigway.sk","@id":"https:\/\/www.regionsaris.sk\/#\/schema\/person\/30fad06d87cd12ad1d94ff5fbd6919d1"},"headline":"Kam na zimn\u00e9 v\u00fdlety v regi\u00f3ne \u0160ari\u0161","datePublished":"2024-12-19T12:13:34+00:00","dateModified":"2025-12-15T09:11:03+00:00","mainEntityOfPage":{"@id":"https:\/\/www.regionsaris.sk\/kam-na-zimne-vylety-v-regione-saris\/"},"wordCount":636,"commentCount":0,"image":{"@id":"https:\/\/www.regionsaris.sk\/kam-na-zimne-vylety-v-regione-saris\/#primaryimage"},"thumbnailUrl":"https:\/\/www.regionsaris.sk\/wp-content\/uploads\/2025\/12\/Cergov-scaled-1.jpg","articleSection":["Novinky"],"inLanguage":"es","potentialAction":[{"@type":"CommentAction","name":"Comment","target":["https:\/\/www.regionsaris.sk\/kam-na-zimne-vylety-v-regione-saris\/#respond"]}]},{"@type":"WebPage","@id":"https:\/\/www.regionsaris.sk\/kam-na-zimne-vylety-v-regione-saris\/","url":"https:\/\/www.regionsaris.sk\/kam-na-zimne-vylety-v-regione-saris\/","name":"Kam na zimn\u00e9 v\u00fdlety v regi\u00f3ne \u0160ari\u0161 - OOCR \u0160ari\u0161","isPartOf":{"@id":"https:\/\/www.regionsaris.sk\/#website"},"primaryImageOfPage":{"@id":"https:\/\/www.regionsaris.sk\/kam-na-zimne-vylety-v-regione-saris\/#primaryimage"},"image":{"@id":"https:\/\/www.regionsaris.sk\/kam-na-zimne-vylety-v-regione-saris\/#primaryimage"},"thumbnailUrl":"https:\/\/www.regionsaris.sk\/wp-content\/uploads\/2025\/12\/Cergov-scaled-1.jpg","datePublished":"2024-12-19T12:13:34+00:00","dateModified":"2025-12-15T09:11:03+00:00","author":{"@id":"https:\/\/www.regionsaris.sk\/#\/schema\/person\/30fad06d87cd12ad1d94ff5fbd6919d1"},"breadcrumb":{"@id":"https:\/\/www.regionsaris.sk\/kam-na-zimne-vylety-v-regione-saris\/#breadcrumb"},"inLanguage":"es","potentialAction":[{"@type":"ReadAction","target":["https:\/\/www.regionsaris.sk\/kam-na-zimne-vylety-v-regione-saris\/"]}]},{"@type":"ImageObject","inLanguage":"es","@id":"https:\/\/www.regionsaris.sk\/kam-na-zimne-vylety-v-regione-saris\/#primaryimage","url":"https:\/\/www.regionsaris.sk\/wp-content\/uploads\/2025\/12\/Cergov-scaled-1.jpg","contentUrl":"https:\/\/www.regionsaris.sk\/wp-content\/uploads\/2025\/12\/Cergov-scaled-1.jpg","width":2560,"height":1709},{"@type":"BreadcrumbList","@id":"https:\/\/www.regionsaris.sk\/kam-na-zimne-vylety-v-regione-saris\/#breadcrumb","itemListElement":[{"@type":"ListItem","position":1,"name":"Domov","item":"https:\/\/www.regionsaris.sk\/"},{"@type":"ListItem","position":2,"name":"Kam na zimn\u00e9 v\u00fdlety v regi\u00f3ne \u0160ari\u0161"}]},{"@type":"WebSite","@id":"https:\/\/www.regionsaris.sk\/#website","url":"https:\/\/www.regionsaris.sk\/","name":"OOCR \u0160ari\u0161","description":"","potentialAction":[{"@type":"SearchAction","target":{"@type":"EntryPoint","urlTemplate":"https:\/\/www.regionsaris.sk\/?s={search_term_string}"},"query-input":{"@type":"PropertyValueSpecification","valueRequired":true,"valueName":"search_term_string"}}],"inLanguage":"es"},{"@type":"Person","@id":"https:\/\/www.regionsaris.sk\/#\/schema\/person\/30fad06d87cd12ad1d94ff5fbd6919d1","name":"dev@bigway.sk","image":{"@type":"ImageObject","inLanguage":"es","@id":"https:\/\/www.regionsaris.sk\/#\/schema\/person\/image\/","url":"https:\/\/secure.gravatar.com\/avatar\/013b34bc1192067340cff024d72adf40af543d15809da0502beda083cb4f28a2?s=96&d=mm&r=g","contentUrl":"https:\/\/secure.gravatar.com\/avatar\/013b34bc1192067340cff024d72adf40af543d15809da0502beda083cb4f28a2?s=96&d=mm&r=g","caption":"dev@bigway.sk"},"sameAs":["https:\/\/www.regionsaris.sk"],"url":"https:\/\/www.regionsaris.sk\/es\/author\/devbigway-sk\/"}]}},"_links":{"self":[{"href":"https:\/\/www.regionsaris.sk\/es\/wp-json\/wp\/v2\/posts\/512","targetHints":{"allow":["GET"]}}],"collection":[{"href":"https:\/\/www.regionsaris.sk\/es\/wp-json\/wp\/v2\/posts"}],"about":[{"href":"https:\/\/www.regionsaris.sk\/es\/wp-json\/wp\/v2\/types\/post"}],"author":[{"embeddable":true,"href":"https:\/\/www.regionsaris.sk\/es\/wp-json\/wp\/v2\/users\/1"}],"replies":[{"embeddable":true,"href":"https:\/\/www.regionsaris.sk\/es\/wp-json\/wp\/v2\/comments?post=512"}],"version-history":[{"count":1,"href":"https:\/\/www.regionsaris.sk\/es\/wp-json\/wp\/v2\/posts\/512\/revisions"}],"predecessor-version":[{"id":518,"href":"https:\/\/www.regionsaris.sk\/es\/wp-json\/wp\/v2\/posts\/512\/revisions\/518"}],"wp:featuredmedia":[{"embeddable":true,"href":"https:\/\/www.regionsaris.sk\/es\/wp-json\/wp\/v2\/media\/519"}],"wp:attachment":[{"href":"https:\/\/www.regionsaris.sk\/es\/wp-json\/wp\/v2\/media?parent=512"}],"wp:term":[{"taxonomy":"category","embeddable":true,"href":"https:\/\/www.regionsaris.sk\/es\/wp-json\/wp\/v2\/categories?post=512"},{"taxonomy":"post_tag","embeddable":true,"href":"https:\/\/www.regionsaris.sk\/es\/wp-json\/wp\/v2\/tags?post=512"}],"curies":[{"name":"wp","href":"https:\/\/api.w.org\/{rel}","templated":true}]}}