{"id":502,"date":"2024-11-27T11:45:07","date_gmt":"2024-11-27T10:45:07","guid":{"rendered":"https:\/\/www.regionsaris.sk\/stebnicka-magura-ma-novu-atrakciu-slavnostne-otvorenie-berzewiczovej-veze\/"},"modified":"2025-12-15T10:10:49","modified_gmt":"2025-12-15T09:10:49","slug":"stebnicka-magura-ma-novu-atrakciu-slavnostne-otvorenie-berzewiczovej-veze","status":"publish","type":"post","link":"https:\/\/www.regionsaris.sk\/es\/stebnicka-magura-ma-novu-atrakciu-slavnostne-otvorenie-berzewiczovej-veze\/","title":{"rendered":"Stebn\u00edcka Magura cuenta con una nueva atracci\u00f3n: la inauguraci\u00f3n de la Torre Berzewicz"},"content":{"rendered":"<em><strong>En la cima de Stebn\u00edcka Magura se construy\u00f3 una nueva torre de observaci\u00f3n, la llamada Torre Berzewicz, que entr\u00f3 oficialmente en servicio el jueves 21 de noviembre de 2024.<\/strong><\/em>\n\n<em><strong> La construcci\u00f3n de la torre, con un coste total de 257 033,17 euros, dur\u00f3 de mayo de 2023 a noviembre de 2024.<\/strong><\/em><em><strong>nversor fue la Organizaci\u00f3n Regional de Turismo (OOCR) ,,\u0160ARI\u0160\u201c-Bardejov y la carga principal de la financiaci\u00f3n corri\u00f3 a cargo del Ministerio de Transporte (MdT) de la Rep\u00fablica Eslovaca, y posteriormente -tras su creaci\u00f3n- del Ministerio de Turismo y Deporte de la Rep\u00fablica Eslovaca (MCRa\u0160 SR), que apoy\u00f3 la construcci\u00f3n con la cantidad de 239 339 EUR. La torre ser\u00e1 de libre acceso durante todo el a\u00f1o, sin l\u00edmite de tiempo y sin coste alguno.<\/strong><\/em>\n\nLa torre es de libre acceso durante todo el a\u00f1o, sin l\u00edmite de tiempo y sin coste alguno.\n\n\u00a0\n\n<a href=\"https:\/\/www.regionsaris.sk\/wp-content\/uploads\/2024\/11\/FOTO_STECNICKA_MAGURA_1-scaled.jpg\"><img loading=\"lazy\" decoding=\"async\" class=\"wp-image-24610 alignnone\" src=\"https:\/\/www.regionsaris.sk\/wp-content\/uploads\/2025\/12\/FOTO_STECNICKA_MAGURA_1-scaled.jpg\" alt=\"\" width=\"1206\" height=\"1608\" \/><\/a>\n\n\u00a0\n\n<em>,\u201cLa torre mirador reci\u00e9n construida en Stebn\u00edcka Magura se asemeja a la llamada torre Berzewicz construida en 1905 en el mismo lugar, que fue destruida durante la Primera Guerra Mundial en 1918. La torre mirador reconstruida y restaurada servir\u00e1 a los visitantes nacionales y extranjeros y a toda la regi\u00f3n de \u0160ari\u0161. Deber\u00eda impulsar a\u00fan m\u00e1s el desarrollo del turismo en el noreste de Eslovaquia. La altura total hasta la cima de la torre es de 29,627 m, a una altura de 21 m sobre el terreno hay una plataforma de observaci\u00f3n. La torre es \u00fanica en su g\u00e9nero en Eslovaquia, tiene una estructura de hormig\u00f3n armado, una escalera met\u00e1lica y es una de las torres m\u00e1s altas de la regi\u00f3n de Pre\u0161ov. Para subir a ella es necesario subir 104 escalones\".\u201c\u00a0<\/em>explica R.Jan\u010do\u0161ek.\n\n\u00a0\n<h3><strong>La r\u00e9plica de la torre refleja el dise\u00f1o original<\/strong><\/h3>\nA\u00f1ade que intentaron que la r\u00e9plica de la torre Berzewicz fuera lo m\u00e1s parecida posible al original. La documentaci\u00f3n del proyecto fue elaborada por Jozef Cibu\u013ea. El contratista de la construcci\u00f3n es PAVLI\u010cKO a partneri, s. r. o. La inversi\u00f3n total de 257 033,17 euros requiri\u00f3 recursos propios de OOCR \u201c\u0160ARI\u0160\"-Bardejov por valor de 17 693 euros y recursos de subvenci\u00f3n del Ministerio del Interior de la Rep\u00fablica Eslovaca y del Ministerio de Educaci\u00f3n y Ciencia de la Rep\u00fablica Eslovaca por valor de 239 339 euros. Tambi\u00e9n hay que dar las gracias a los particulares y aficionados al turismo que contribuyeron econ\u00f3micamente a la restauraci\u00f3n de la torre en una colecci\u00f3n p\u00fablica.\n\n<em>,\u201cLa construcci\u00f3n lleva prepar\u00e1ndose casi 3 a\u00f1os y su presupuesto ha aumentado debido a la inflaci\u00f3n y al alza de los precios de los materiales de construcci\u00f3n. El OOCR hizo un llamamiento al p\u00fablico en general, a los turistas y a las organizaciones para que contribuyeran a la construcci\u00f3n de la Torre Berzewicz, cada uno seg\u00fan sus posibilidades. Aunque no se trataba de grandes sumas, son un s\u00edmbolo de que los ciudadanos y las personas jur\u00eddicas tambi\u00e9n quer\u00edan contribuir a la mejora y restauraci\u00f3n de la torre. El principal agradecimiento, sin embargo, es para los ministerios que m\u00e1s contribuyeron a su financiaci\u00f3n. Este a\u00f1o se han completado el interior, la escalera, las barandillas y la jardiner\u00eda. La torre restaurada contribuir\u00e1 a aumentar el n\u00famero de visitantes, tanto nacionales como extranjeros, y ofrecer\u00e1 vistas de toda la regi\u00f3n. Ofrece una magn\u00edfica vista de los montes \u010cergov y, con buen tiempo, de los montes Tatra\".\u201c\u00a0<\/em>a\u00f1adi\u00f3 R.Jan\u010do\u0161ek.\n\n\u00a0\n\n<a href=\"https:\/\/www.regionsaris.sk\/wp-content\/uploads\/2025\/12\/FOTO_STECNICKA_MAGURA_13.jpg\"><img loading=\"lazy\" decoding=\"async\" class=\"wp-image-24614 alignnone\" src=\"https:\/\/www.regionsaris.sk\/wp-content\/uploads\/2025\/12\/FOTO_STECNICKA_MAGURA_13-300x227.jpg\" alt=\"\" width=\"1193\" height=\"903\" \/><\/a>\n\n\u00a0\n<h3><strong>Nuevo dominante de la Ruta SNP<\/strong><\/h3>\nLa torre de observaci\u00f3n de Stebn\u00edcka Magura (899,9 m sobre el nivel del mar) se encuentra cerca del transmisor actual, en las inmediaciones de Bardejovsk\u00e9 K\u00fapele (balneario de Bardejov). Se encuentra en la principal carretera tur\u00edstica: la Carretera de los H\u00e9roes del Alzamiento Nacional Eslovaco (Cesta hrdinov SNP). Es posible llegar a la cima de Stebn\u00edcka Magura por una ruta de senderismo desde Bardejovsk\u00e9 K\u00fapele, Stebn\u00edk, Zborov y Zlat\u00fd.\n\n\u00a0\n\n<a href=\"https:\/\/www.regionsaris.sk\/wp-content\/uploads\/2025\/12\/FOTO_STECNICKA_MAGURA_14.jpg\"><img loading=\"lazy\" decoding=\"async\" class=\"wp-image-24618 alignnone\" src=\"https:\/\/www.regionsaris.sk\/wp-content\/uploads\/2025\/12\/FOTO_STECNICKA_MAGURA_14-300x225.jpg\" alt=\"\" width=\"1196\" height=\"897\" \/><\/a>\n\n\u00a0\n<h3><strong>Historia de la torre<\/strong><\/h3>\nLa primera torre de observaci\u00f3n en este lugar fue la Torre Berzewicz, llamada as\u00ed en honor del entonces ministro de Educaci\u00f3n y Religi\u00f3n de Austria-Hungr\u00eda, Albert Berzewiczy (1853-1936, historiador y pol\u00edtico). Fue Berzewiczy quien inaugur\u00f3 oficialmente la estatua de la emperatriz Sisi en el balneario de Bardejov el 16 de agosto de 1903 y gracias a sus esfuerzos se construy\u00f3 la primera torre de observaci\u00f3n de madera. Fue destruida en el \u00faltimo a\u00f1o de la Primera Guerra Mundial (1918).\n\nAlbert Berzeviczy fue historiador y pol\u00edtico. Desde 1905 fue tambi\u00e9n presidente de la Academia H\u00fangara de Ciencias. Era miembro de la Sociedad de los C\u00e1rpatos y manten\u00eda una estrecha relaci\u00f3n con su \u0160ari\u0161 natal, que visitaba a menudo. Desde 1909, la organizaci\u00f3n local de la UKS (Sociedad H\u00fangara de los C\u00e1rpatos) en Bardejov trabajaba en la secci\u00f3n de Pre\u0161ov. Gracias a sus esfuerzos, se construy\u00f3 una torre de observaci\u00f3n de madera. Fue destruida en 1918, el \u00faltimo a\u00f1o de la Primera Guerra Mundial.\n\n\u00a0\n\n\u00a0\n\n\u00a0\n\n<em>Fuente: organizaci\u00f3n regional de turismo \"\u0160ARI\u0160\"- BARDEJOV<\/em>\n\n<em>Informaci\u00f3n para la prensa Bardejov 22 de noviembre de 2024<\/em>\n\n\u00a0","protected":false},"excerpt":{"rendered":"<p>Na vrchu Stebn\u00edcka Magura vznikla nov\u00e1 vyhliadkov\u00e1 ve\u017ea, takzvan\u00fa Berzewiczova ve\u017ea,\u00a0 ktor\u00fa sl\u00e1vnostne odovzdali do...<\/p>","protected":false},"author":1,"featured_media":504,"comment_status":"open","ping_status":"open","sticky":false,"template":"","format":"standard","meta":{"_acf_changed":false,"footnotes":""},"categories":[1],"tags":[],"class_list":["post-502","post","type-post","status-publish","format-standard","has-post-thumbnail","hentry","category-novinky"],"acf":[],"yoast_head":"<!-- This site is optimized with the Yoast SEO Premium plugin v26.3 (Yoast SEO v26.8) - https:\/\/yoast.com\/product\/yoast-seo-premium-wordpress\/ -->\n<title>Stebn\u00edcka Magura m\u00e1 nov\u00fa atrakciu: Sl\u00e1vnostn\u00e9 otvorenie Berzewiczovej ve\u017ee - OOCR \u0160ari\u0161<\/title>\n<meta name=\"robots\" content=\"index, follow, max-snippet:-1, max-image-preview:large, max-video-preview:-1\" \/>\n<link rel=\"canonical\" href=\"https:\/\/www.regionsaris.sk\/es\/stebnicka-magura-ma-novu-atrakciu-slavnostne-otvorenie-berzewiczovej-veze\/\" \/>\n<meta property=\"og:locale\" content=\"es_ES\" \/>\n<meta property=\"og:type\" content=\"article\" \/>\n<meta property=\"og:title\" content=\"Stebn\u00edcka Magura m\u00e1 nov\u00fa atrakciu: Sl\u00e1vnostn\u00e9 otvorenie Berzewiczovej ve\u017ee\" \/>\n<meta property=\"og:description\" content=\"Na vrchu Stebn\u00edcka Magura vznikla nov\u00e1 vyhliadkov\u00e1 ve\u017ea, takzvan\u00fa Berzewiczova ve\u017ea,\u00a0 ktor\u00fa sl\u00e1vnostne odovzdali do...\" \/>\n<meta property=\"og:url\" content=\"https:\/\/www.regionsaris.sk\/es\/stebnicka-magura-ma-novu-atrakciu-slavnostne-otvorenie-berzewiczovej-veze\/\" \/>\n<meta property=\"og:site_name\" content=\"OOCR \u0160ari\u0161\" \/>\n<meta property=\"article:published_time\" content=\"2024-11-27T10:45:07+00:00\" \/>\n<meta property=\"article:modified_time\" content=\"2025-12-15T09:10:49+00:00\" \/>\n<meta property=\"og:image\" content=\"https:\/\/www.regionsaris.sk\/wp-content\/uploads\/2025\/12\/FOTO_STECNICKA_MAGURA_13.jpg\" \/>\n\t<meta property=\"og:image:width\" content=\"1494\" \/>\n\t<meta property=\"og:image:height\" content=\"1130\" \/>\n\t<meta property=\"og:image:type\" content=\"image\/jpeg\" \/>\n<meta name=\"author\" content=\"dev@bigway.sk\" \/>\n<meta name=\"twitter:card\" content=\"summary_large_image\" \/>\n<meta name=\"twitter:label1\" content=\"Escrito por\" \/>\n\t<meta name=\"twitter:data1\" content=\"dev@bigway.sk\" \/>\n\t<meta name=\"twitter:label2\" content=\"Tiempo de lectura\" \/>\n\t<meta name=\"twitter:data2\" content=\"4 minutos\" \/>\n<script type=\"application\/ld+json\" class=\"yoast-schema-graph\">{\"@context\":\"https:\/\/schema.org\",\"@graph\":[{\"@type\":\"Article\",\"@id\":\"https:\/\/www.regionsaris.sk\/stebnicka-magura-ma-novu-atrakciu-slavnostne-otvorenie-berzewiczovej-veze\/#article\",\"isPartOf\":{\"@id\":\"https:\/\/www.regionsaris.sk\/stebnicka-magura-ma-novu-atrakciu-slavnostne-otvorenie-berzewiczovej-veze\/\"},\"author\":{\"name\":\"dev@bigway.sk\",\"@id\":\"https:\/\/www.regionsaris.sk\/#\/schema\/person\/30fad06d87cd12ad1d94ff5fbd6919d1\"},\"headline\":\"Stebn\u00edcka Magura m\u00e1 nov\u00fa atrakciu: Sl\u00e1vnostn\u00e9 otvorenie Berzewiczovej ve\u017ee\",\"datePublished\":\"2024-11-27T10:45:07+00:00\",\"dateModified\":\"2025-12-15T09:10:49+00:00\",\"mainEntityOfPage\":{\"@id\":\"https:\/\/www.regionsaris.sk\/stebnicka-magura-ma-novu-atrakciu-slavnostne-otvorenie-berzewiczovej-veze\/\"},\"wordCount\":756,\"commentCount\":0,\"image\":{\"@id\":\"https:\/\/www.regionsaris.sk\/stebnicka-magura-ma-novu-atrakciu-slavnostne-otvorenie-berzewiczovej-veze\/#primaryimage\"},\"thumbnailUrl\":\"https:\/\/www.regionsaris.sk\/wp-content\/uploads\/2025\/12\/FOTO_STECNICKA_MAGURA_13.jpg\",\"articleSection\":[\"Novinky\"],\"inLanguage\":\"es\",\"potentialAction\":[{\"@type\":\"CommentAction\",\"name\":\"Comment\",\"target\":[\"https:\/\/www.regionsaris.sk\/stebnicka-magura-ma-novu-atrakciu-slavnostne-otvorenie-berzewiczovej-veze\/#respond\"]}]},{\"@type\":\"WebPage\",\"@id\":\"https:\/\/www.regionsaris.sk\/stebnicka-magura-ma-novu-atrakciu-slavnostne-otvorenie-berzewiczovej-veze\/\",\"url\":\"https:\/\/www.regionsaris.sk\/stebnicka-magura-ma-novu-atrakciu-slavnostne-otvorenie-berzewiczovej-veze\/\",\"name\":\"Stebn\u00edcka Magura m\u00e1 nov\u00fa atrakciu: Sl\u00e1vnostn\u00e9 otvorenie Berzewiczovej ve\u017ee - OOCR \u0160ari\u0161\",\"isPartOf\":{\"@id\":\"https:\/\/www.regionsaris.sk\/#website\"},\"primaryImageOfPage\":{\"@id\":\"https:\/\/www.regionsaris.sk\/stebnicka-magura-ma-novu-atrakciu-slavnostne-otvorenie-berzewiczovej-veze\/#primaryimage\"},\"image\":{\"@id\":\"https:\/\/www.regionsaris.sk\/stebnicka-magura-ma-novu-atrakciu-slavnostne-otvorenie-berzewiczovej-veze\/#primaryimage\"},\"thumbnailUrl\":\"https:\/\/www.regionsaris.sk\/wp-content\/uploads\/2025\/12\/FOTO_STECNICKA_MAGURA_13.jpg\",\"datePublished\":\"2024-11-27T10:45:07+00:00\",\"dateModified\":\"2025-12-15T09:10:49+00:00\",\"author\":{\"@id\":\"https:\/\/www.regionsaris.sk\/#\/schema\/person\/30fad06d87cd12ad1d94ff5fbd6919d1\"},\"breadcrumb\":{\"@id\":\"https:\/\/www.regionsaris.sk\/stebnicka-magura-ma-novu-atrakciu-slavnostne-otvorenie-berzewiczovej-veze\/#breadcrumb\"},\"inLanguage\":\"es\",\"potentialAction\":[{\"@type\":\"ReadAction\",\"target\":[\"https:\/\/www.regionsaris.sk\/stebnicka-magura-ma-novu-atrakciu-slavnostne-otvorenie-berzewiczovej-veze\/\"]}]},{\"@type\":\"ImageObject\",\"inLanguage\":\"es\",\"@id\":\"https:\/\/www.regionsaris.sk\/stebnicka-magura-ma-novu-atrakciu-slavnostne-otvorenie-berzewiczovej-veze\/#primaryimage\",\"url\":\"https:\/\/www.regionsaris.sk\/wp-content\/uploads\/2025\/12\/FOTO_STECNICKA_MAGURA_13.jpg\",\"contentUrl\":\"https:\/\/www.regionsaris.sk\/wp-content\/uploads\/2025\/12\/FOTO_STECNICKA_MAGURA_13.jpg\",\"width\":1494,\"height\":1130},{\"@type\":\"BreadcrumbList\",\"@id\":\"https:\/\/www.regionsaris.sk\/stebnicka-magura-ma-novu-atrakciu-slavnostne-otvorenie-berzewiczovej-veze\/#breadcrumb\",\"itemListElement\":[{\"@type\":\"ListItem\",\"position\":1,\"name\":\"Domov\",\"item\":\"https:\/\/www.regionsaris.sk\/\"},{\"@type\":\"ListItem\",\"position\":2,\"name\":\"Stebn\u00edcka Magura m\u00e1 nov\u00fa atrakciu: Sl\u00e1vnostn\u00e9 otvorenie Berzewiczovej ve\u017ee\"}]},{\"@type\":\"WebSite\",\"@id\":\"https:\/\/www.regionsaris.sk\/#website\",\"url\":\"https:\/\/www.regionsaris.sk\/\",\"name\":\"OOCR \u0160ari\u0161\",\"description\":\"\",\"potentialAction\":[{\"@type\":\"SearchAction\",\"target\":{\"@type\":\"EntryPoint\",\"urlTemplate\":\"https:\/\/www.regionsaris.sk\/?s={search_term_string}\"},\"query-input\":{\"@type\":\"PropertyValueSpecification\",\"valueRequired\":true,\"valueName\":\"search_term_string\"}}],\"inLanguage\":\"es\"},{\"@type\":\"Person\",\"@id\":\"https:\/\/www.regionsaris.sk\/#\/schema\/person\/30fad06d87cd12ad1d94ff5fbd6919d1\",\"name\":\"dev@bigway.sk\",\"image\":{\"@type\":\"ImageObject\",\"inLanguage\":\"es\",\"@id\":\"https:\/\/www.regionsaris.sk\/#\/schema\/person\/image\/\",\"url\":\"https:\/\/secure.gravatar.com\/avatar\/013b34bc1192067340cff024d72adf40af543d15809da0502beda083cb4f28a2?s=96&d=mm&r=g\",\"contentUrl\":\"https:\/\/secure.gravatar.com\/avatar\/013b34bc1192067340cff024d72adf40af543d15809da0502beda083cb4f28a2?s=96&d=mm&r=g\",\"caption\":\"dev@bigway.sk\"},\"sameAs\":[\"https:\/\/www.regionsaris.sk\"],\"url\":\"https:\/\/www.regionsaris.sk\/es\/author\/devbigway-sk\/\"}]}<\/script>\n<!-- \/ Yoast SEO Premium plugin. -->","yoast_head_json":{"title":"Stebn\u00edcka Magura m\u00e1 nov\u00fa atrakciu: Sl\u00e1vnostn\u00e9 otvorenie Berzewiczovej ve\u017ee - OOCR \u0160ari\u0161","robots":{"index":"index","follow":"follow","max-snippet":"max-snippet:-1","max-image-preview":"max-image-preview:large","max-video-preview":"max-video-preview:-1"},"canonical":"https:\/\/www.regionsaris.sk\/es\/stebnicka-magura-ma-novu-atrakciu-slavnostne-otvorenie-berzewiczovej-veze\/","og_locale":"es_ES","og_type":"article","og_title":"Stebn\u00edcka Magura m\u00e1 nov\u00fa atrakciu: Sl\u00e1vnostn\u00e9 otvorenie Berzewiczovej ve\u017ee","og_description":"Na vrchu Stebn\u00edcka Magura vznikla nov\u00e1 vyhliadkov\u00e1 ve\u017ea, takzvan\u00fa Berzewiczova ve\u017ea,\u00a0 ktor\u00fa sl\u00e1vnostne odovzdali do...","og_url":"https:\/\/www.regionsaris.sk\/es\/stebnicka-magura-ma-novu-atrakciu-slavnostne-otvorenie-berzewiczovej-veze\/","og_site_name":"OOCR \u0160ari\u0161","article_published_time":"2024-11-27T10:45:07+00:00","article_modified_time":"2025-12-15T09:10:49+00:00","og_image":[{"width":1494,"height":1130,"url":"https:\/\/www.regionsaris.sk\/wp-content\/uploads\/2025\/12\/FOTO_STECNICKA_MAGURA_13.jpg","type":"image\/jpeg"}],"author":"dev@bigway.sk","twitter_card":"summary_large_image","twitter_misc":{"Escrito por":"dev@bigway.sk","Tiempo de lectura":"4 minutos"},"schema":{"@context":"https:\/\/schema.org","@graph":[{"@type":"Article","@id":"https:\/\/www.regionsaris.sk\/stebnicka-magura-ma-novu-atrakciu-slavnostne-otvorenie-berzewiczovej-veze\/#article","isPartOf":{"@id":"https:\/\/www.regionsaris.sk\/stebnicka-magura-ma-novu-atrakciu-slavnostne-otvorenie-berzewiczovej-veze\/"},"author":{"name":"dev@bigway.sk","@id":"https:\/\/www.regionsaris.sk\/#\/schema\/person\/30fad06d87cd12ad1d94ff5fbd6919d1"},"headline":"Stebn\u00edcka Magura m\u00e1 nov\u00fa atrakciu: Sl\u00e1vnostn\u00e9 otvorenie Berzewiczovej ve\u017ee","datePublished":"2024-11-27T10:45:07+00:00","dateModified":"2025-12-15T09:10:49+00:00","mainEntityOfPage":{"@id":"https:\/\/www.regionsaris.sk\/stebnicka-magura-ma-novu-atrakciu-slavnostne-otvorenie-berzewiczovej-veze\/"},"wordCount":756,"commentCount":0,"image":{"@id":"https:\/\/www.regionsaris.sk\/stebnicka-magura-ma-novu-atrakciu-slavnostne-otvorenie-berzewiczovej-veze\/#primaryimage"},"thumbnailUrl":"https:\/\/www.regionsaris.sk\/wp-content\/uploads\/2025\/12\/FOTO_STECNICKA_MAGURA_13.jpg","articleSection":["Novinky"],"inLanguage":"es","potentialAction":[{"@type":"CommentAction","name":"Comment","target":["https:\/\/www.regionsaris.sk\/stebnicka-magura-ma-novu-atrakciu-slavnostne-otvorenie-berzewiczovej-veze\/#respond"]}]},{"@type":"WebPage","@id":"https:\/\/www.regionsaris.sk\/stebnicka-magura-ma-novu-atrakciu-slavnostne-otvorenie-berzewiczovej-veze\/","url":"https:\/\/www.regionsaris.sk\/stebnicka-magura-ma-novu-atrakciu-slavnostne-otvorenie-berzewiczovej-veze\/","name":"Stebn\u00edcka Magura m\u00e1 nov\u00fa atrakciu: Sl\u00e1vnostn\u00e9 otvorenie Berzewiczovej ve\u017ee - OOCR \u0160ari\u0161","isPartOf":{"@id":"https:\/\/www.regionsaris.sk\/#website"},"primaryImageOfPage":{"@id":"https:\/\/www.regionsaris.sk\/stebnicka-magura-ma-novu-atrakciu-slavnostne-otvorenie-berzewiczovej-veze\/#primaryimage"},"image":{"@id":"https:\/\/www.regionsaris.sk\/stebnicka-magura-ma-novu-atrakciu-slavnostne-otvorenie-berzewiczovej-veze\/#primaryimage"},"thumbnailUrl":"https:\/\/www.regionsaris.sk\/wp-content\/uploads\/2025\/12\/FOTO_STECNICKA_MAGURA_13.jpg","datePublished":"2024-11-27T10:45:07+00:00","dateModified":"2025-12-15T09:10:49+00:00","author":{"@id":"https:\/\/www.regionsaris.sk\/#\/schema\/person\/30fad06d87cd12ad1d94ff5fbd6919d1"},"breadcrumb":{"@id":"https:\/\/www.regionsaris.sk\/stebnicka-magura-ma-novu-atrakciu-slavnostne-otvorenie-berzewiczovej-veze\/#breadcrumb"},"inLanguage":"es","potentialAction":[{"@type":"ReadAction","target":["https:\/\/www.regionsaris.sk\/stebnicka-magura-ma-novu-atrakciu-slavnostne-otvorenie-berzewiczovej-veze\/"]}]},{"@type":"ImageObject","inLanguage":"es","@id":"https:\/\/www.regionsaris.sk\/stebnicka-magura-ma-novu-atrakciu-slavnostne-otvorenie-berzewiczovej-veze\/#primaryimage","url":"https:\/\/www.regionsaris.sk\/wp-content\/uploads\/2025\/12\/FOTO_STECNICKA_MAGURA_13.jpg","contentUrl":"https:\/\/www.regionsaris.sk\/wp-content\/uploads\/2025\/12\/FOTO_STECNICKA_MAGURA_13.jpg","width":1494,"height":1130},{"@type":"BreadcrumbList","@id":"https:\/\/www.regionsaris.sk\/stebnicka-magura-ma-novu-atrakciu-slavnostne-otvorenie-berzewiczovej-veze\/#breadcrumb","itemListElement":[{"@type":"ListItem","position":1,"name":"Domov","item":"https:\/\/www.regionsaris.sk\/"},{"@type":"ListItem","position":2,"name":"Stebn\u00edcka Magura m\u00e1 nov\u00fa atrakciu: Sl\u00e1vnostn\u00e9 otvorenie Berzewiczovej ve\u017ee"}]},{"@type":"WebSite","@id":"https:\/\/www.regionsaris.sk\/#website","url":"https:\/\/www.regionsaris.sk\/","name":"OOCR \u0160ari\u0161","description":"","potentialAction":[{"@type":"SearchAction","target":{"@type":"EntryPoint","urlTemplate":"https:\/\/www.regionsaris.sk\/?s={search_term_string}"},"query-input":{"@type":"PropertyValueSpecification","valueRequired":true,"valueName":"search_term_string"}}],"inLanguage":"es"},{"@type":"Person","@id":"https:\/\/www.regionsaris.sk\/#\/schema\/person\/30fad06d87cd12ad1d94ff5fbd6919d1","name":"dev@bigway.sk","image":{"@type":"ImageObject","inLanguage":"es","@id":"https:\/\/www.regionsaris.sk\/#\/schema\/person\/image\/","url":"https:\/\/secure.gravatar.com\/avatar\/013b34bc1192067340cff024d72adf40af543d15809da0502beda083cb4f28a2?s=96&d=mm&r=g","contentUrl":"https:\/\/secure.gravatar.com\/avatar\/013b34bc1192067340cff024d72adf40af543d15809da0502beda083cb4f28a2?s=96&d=mm&r=g","caption":"dev@bigway.sk"},"sameAs":["https:\/\/www.regionsaris.sk"],"url":"https:\/\/www.regionsaris.sk\/es\/author\/devbigway-sk\/"}]}},"_links":{"self":[{"href":"https:\/\/www.regionsaris.sk\/es\/wp-json\/wp\/v2\/posts\/502","targetHints":{"allow":["GET"]}}],"collection":[{"href":"https:\/\/www.regionsaris.sk\/es\/wp-json\/wp\/v2\/posts"}],"about":[{"href":"https:\/\/www.regionsaris.sk\/es\/wp-json\/wp\/v2\/types\/post"}],"author":[{"embeddable":true,"href":"https:\/\/www.regionsaris.sk\/es\/wp-json\/wp\/v2\/users\/1"}],"replies":[{"embeddable":true,"href":"https:\/\/www.regionsaris.sk\/es\/wp-json\/wp\/v2\/comments?post=502"}],"version-history":[{"count":1,"href":"https:\/\/www.regionsaris.sk\/es\/wp-json\/wp\/v2\/posts\/502\/revisions"}],"predecessor-version":[{"id":506,"href":"https:\/\/www.regionsaris.sk\/es\/wp-json\/wp\/v2\/posts\/502\/revisions\/506"}],"wp:featuredmedia":[{"embeddable":true,"href":"https:\/\/www.regionsaris.sk\/es\/wp-json\/wp\/v2\/media\/504"}],"wp:attachment":[{"href":"https:\/\/www.regionsaris.sk\/es\/wp-json\/wp\/v2\/media?parent=502"}],"wp:term":[{"taxonomy":"category","embeddable":true,"href":"https:\/\/www.regionsaris.sk\/es\/wp-json\/wp\/v2\/categories?post=502"},{"taxonomy":"post_tag","embeddable":true,"href":"https:\/\/www.regionsaris.sk\/es\/wp-json\/wp\/v2\/tags?post=502"}],"curies":[{"name":"wp","href":"https:\/\/api.w.org\/{rel}","templated":true}]}}