{"id":477,"date":"2024-10-08T09:31:37","date_gmt":"2024-10-08T08:31:37","guid":{"rendered":"https:\/\/www.regionsaris.sk\/15-rocnik-filmoveho-festivalu-pocity\/"},"modified":"2025-12-15T10:10:25","modified_gmt":"2025-12-15T09:10:25","slug":"15-rocnik-filmoveho-festivalu-pocity","status":"publish","type":"post","link":"https:\/\/www.regionsaris.sk\/es\/15-rocnik-filmoveho-festivalu-pocity\/","title":{"rendered":"15\u00ba Festival de Cine POCITY"},"content":{"rendered":"<h5><em>Por decimoquinto a\u00f1o, Pre\u0161ov acoger\u00e1 <strong>Festival de cine POCITY<\/strong>, que del 10 al 16 de octubre ofrecer\u00e1 a los habitantes de Pre\u0161ov las mejores producciones cinematogr\u00e1ficas y encuentros con cineastas. En esta ocasi\u00f3n, el festival se celebrar\u00e1 en el cine Cinemax Novum, el centro de cultura independiente Wave, la Galer\u00eda Regional y el club Stromoradie. El programa incluye m\u00e1s de 30 proyecciones, debates con cineastas y la ceremonia de entrega del Grano de Sal al mejor cortometraje.<\/em><\/h5>\n\u00a0\n\nLo mejor y m\u00e1s actual del cine eslovaco contempor\u00e1neo se presentar\u00e1 en la secci\u00f3n Nuestros Sentimientos. Uno de los principales invitados del festival ser\u00e1 <strong>Peter Kerekes<\/strong>, que presentar\u00e1 personalmente su nuevo documental <strong>Deseando una estrella<\/strong>. Director <strong>Iveta Gr\u00f3fov\u00e1<\/strong> llevar\u00e1 su \u00faltima obra a Pre\u0161ov <strong>Emma y deathhead<\/strong>, que es la candidata nacional eslovaca a la 97\u00aa edici\u00f3n de los prestigiosos premios Oscar. El director ofrece un enfoque innovador en el cine eslovaco <strong>Gy\u00f6rgy Krist\u00f3f<\/strong>, que llevar\u00e1 a cabo su <strong>pel\u00edcula de danza dist\u00f3pica Zenith<\/strong>. El p\u00fablico tambi\u00e9n ver\u00e1 en la vista previa una diapositiva <strong>A trav\u00e9s de Eslovaquia<\/strong>, que ser\u00e1 presentado personalmente por el director <strong>V\u00ed\u0165azoslav Chrappa<\/strong>, Productor <strong>Peter Nevedal<\/strong> y el protagonista principal <strong>Slavomir Duchovic<\/strong>. La pel\u00edcula cuenta la historia de un extraordinario excursionista, que durante 82 d\u00edas recorri\u00f3 la ruta de senderismo m\u00e1s larga de Eslovaquia, cubriendo m\u00e1s de 1870 kil\u00f3metros a lo largo de las fronteras del pa\u00eds. David Kollar, de Pre\u0161ov, presentar\u00e1 la pel\u00edcula <strong>MIKI<\/strong>, para la que compuso la m\u00fasica de la pel\u00edcula. Los amantes de la arquitectura no deber\u00edan perderse la poderosa experiencia documental que ofrece <strong>Arquitectura de la Rep\u00fablica Socialista de Checoslovaquia 58-89<\/strong>. El programa tambi\u00e9n incluir\u00e1 la exitosa pel\u00edcula de Ji\u0159\u00ed M\u00e1dl, hist\u00f3rica pero muy actual <strong>Olas.<\/strong>\n\n<a href=\"https:\/\/www.regionsaris.sk\/wp-content\/uploads\/2025\/12\/David-Doros-20231.jpg\"><img loading=\"lazy\" decoding=\"async\" class=\"wp-image-21095 alignleft\" src=\"https:\/\/www.regionsaris.sk\/wp-content\/uploads\/2025\/12\/David-Doros-20231-300x200.jpg\" alt=\"\" width=\"863\" height=\"575\" \/><\/a>\n\n\u00a0\n\nSentimientos del mundo es el nombre de la secci\u00f3n que permitir\u00e1 a los espectadores descubrir pel\u00edculas y temas actuales de Europa. Una s\u00e1tira elocuente, aguda e impactante <strong>Sustancia<\/strong> goza no s\u00f3lo del favor del p\u00fablico profesional, sino tambi\u00e9n del inter\u00e9s internacional en los festivales, y promete convertirse en uno de los acontecimientos m\u00e1s sonados de la temporada. <strong>Hasta el fin del mundo<\/strong>, El segundo trabajo como director de Viggo Mortensen es un romance atemporal entre dos amantes fatalmente testarudos. Un thriller rom\u00e1ntico neo-noir <strong>Sangre en los labios<\/strong> ofrece a su vez una historia de amor poco convencional entre un operador de gimnasio y una culturista en ciernes.  Una historia apasionante y llena de suspense que gustar\u00e1 a todos los p\u00fablicos, esta pel\u00edcula deportiva en blanco y negro<strong> Tatami<\/strong>. Trata de una judoka iran\u00ed, Leila, que recibe un ultim\u00e1tum de la Rep\u00fablica Isl\u00e1mica durante los Campeonatos del Mundo: debe fingir una lesi\u00f3n y perder o ser tachada de traidora a la naci\u00f3n. Leila se enfrenta a una decisi\u00f3n vital: \u00bfdebe someterse al r\u00e9gimen iran\u00ed o seguir luchando por el oro? Una pel\u00edcula poderosa y entretenida sobre la fuerza y la solidaridad femeninas, que bati\u00f3 todos los r\u00e9cords de asistencia en Italia es tambi\u00e9n una pel\u00edcula <strong>Tambi\u00e9n ma\u00f1ana es el d\u00eda<\/strong>. El final del festival pertenecer\u00e1 a un preestreno exclusivo del \u00e9xito de audiencia del festival en Karlovy Vary <strong>Por los siglos de los siglos<\/strong>. La \u00f3pera prima de la guionista y directora noruega Lilje Ingolfsdottir es un estudio de personajes femeninos de m\u00faltiples capas que explora con frescura las nociones contempor\u00e1neas de las relaciones rom\u00e1nticas, la igualdad en las relaciones y el poder femenino. Un fuerte personaje femenino es tambi\u00e9n Eva de la pel\u00edcula <strong>Supervisor<\/strong>, un drama psicol\u00f3gico inquietante y reflexivo. La pel\u00edcula es un meticuloso esfuerzo de direcci\u00f3n de Gustav M\u00f6ller, cuya pel\u00edcula anterior, Llamada de socorro, igualmente contenida espacialmente, cal\u00f3 hondo en el p\u00fablico de todo el mundo.\n\n\u00a0\n\n<em>\u201cEl principal socio del festival este a\u00f1o es la empresa de Pre\u0161ov Fecupral, dedicada al tratamiento y reciclaje de residuos. As\u00ed, hemos podido enriquecer el programa con pel\u00edculas con trasfondo medioambiental\". Comedia popular islandesa<strong> Mujer en la lucha<\/strong> sobre la dura e intransigente Halle, que lucha contra los gigantes industriales que est\u00e1n destruyendo el paisaje island\u00e9s, y la primera pel\u00edcula de animaci\u00f3n eslovaco-h\u00fangara para adultos <strong>Pl\u00e1stico o<\/strong> con un fuerte mensaje ecol\u00f3gico\u201d.\u201d <\/em>abord\u00f3 la dramaturga del programa Nina \u0160ilanov\u00e1. La secci\u00f3n Sentimientos X Fecupral se complementar\u00e1 con un cortometraje documental <strong>Bordalo II: Una vida de despilfarro<\/strong> retrato \u00edntimo del artista portugu\u00e9s de arte callejero Arturo Bordal. A trav\u00e9s de sus famosas esculturas \"Animales de la basura\", llama la atenci\u00f3n sobre el alcance de la imprudencia humana y su impacto en el medio ambiente.\n\n\u00a0\n\n<a href=\"https:\/\/www.regionsaris.sk\/wp-content\/uploads\/2025\/12\/David-Doros-20233.jpg\"><img loading=\"lazy\" decoding=\"async\" class=\"alignright wp-image-21098\" src=\"https:\/\/www.regionsaris.sk\/wp-content\/uploads\/2025\/12\/David-Doros-20233-300x200.jpg\" alt=\"\" width=\"1025\" height=\"683\" \/><\/a>\n\n\u00a0\n\n\u00a0\n\nEl festival tampoco se olvid\u00f3 de los espectadores m\u00e1s j\u00f3venes, a trav\u00e9s de la pel\u00edcula <strong>La odisea de un gato, <\/strong>que tambi\u00e9n aborda el futuro del planeta. La pel\u00edcula ofrece una hermosa animaci\u00f3n y una historia sobre animales en un barco que tienen que adaptarse a un nuevo mundo en una ciudad inundada. La pel\u00edcula no tiene palabras y es apta incluso para los ni\u00f1os m\u00e1s peque\u00f1os.\n\n \n\nLa \u00faltima secci\u00f3n que ofrece el festival es Sentimientos de vecinos, en la que el p\u00fablico ver\u00e1 pel\u00edculas polacas inconfundibles: la pel\u00edcula europea absolutamente imprescindible del a\u00f1o pasado, de Agnieszka Holland <strong>Frontera<\/strong> a <strong>Campesinos <\/strong>- un largometraje animado a la manera de un \u00f3leo, que se proyectar\u00e1 en la Galer\u00eda Regional de Pre\u0161ov junto con un documental checo <strong>A\u00fan no soy quien quiero ser<\/strong>,que ofrece un retrato \u00edntimo de la conocida fot\u00f3grafa checa Libu\u0161e Jarcovj\u00e1kov\u00e1, galardonada con el t\u00edtulo de Personalidad de la Fotograf\u00eda Checa, denominada subculturalmente la \u201emadre de Snapchat\u201c checa. Una sorpresa para el p\u00fablico ser\u00e1 sin duda <strong>Gran Final de la PSO<\/strong> - un documental en tiempo real sobre un extraordinario conjunto musical que se sube a los grandes escenarios y es, al mismo tiempo, un testimonio personal de j\u00f3venes corrientes sobre el mundo que nos rodea.\n\n\u00a0\n\n\u00a0\n<h5><strong>Preventa de acreditaciones<\/strong><\/h5>\n<h5>Para los cin\u00e9filos, hay una preventa de abonos del festival por valor de 30 euros, que garantizan la entrada a todos los actos. La preventa durar\u00e1 hasta el 10 de octubre. Los estudiantes pueden adquirir un pase con un descuento de 5 \u20ac.<\/h5>\n<h5>No se pierda la oportunidad \u00fanica de ver los preestrenos mundiales de cine contempor\u00e1neo en Pre\u0161ov. M\u00e1s informaci\u00f3n sobre el programa y los invitados en <a href=\"http:\/\/www.pocityfilm.sk\">www.pocityfilm.sk<\/a>.<\/h5>","protected":false},"excerpt":{"rendered":"<p>U\u017e p\u00e4tn\u00e1sty rok sa v Pre\u0161ove uskuto\u010dn\u00ed filmov\u00fd festival POCITY, ktor\u00fd od 10. do 16....<\/p>","protected":false},"author":1,"featured_media":481,"comment_status":"open","ping_status":"open","sticky":false,"template":"","format":"standard","meta":{"_acf_changed":false,"footnotes":""},"categories":[1],"tags":[],"class_list":["post-477","post","type-post","status-publish","format-standard","has-post-thumbnail","hentry","category-novinky"],"acf":[],"yoast_head":"<!-- This site is optimized with the Yoast SEO Premium plugin v26.3 (Yoast SEO v26.8) - https:\/\/yoast.com\/product\/yoast-seo-premium-wordpress\/ -->\n<title>15. ro\u010dn\u00edk filmov\u00e9ho festivalu POCITY - OOCR \u0160ari\u0161<\/title>\n<meta name=\"robots\" content=\"index, follow, max-snippet:-1, max-image-preview:large, max-video-preview:-1\" \/>\n<link rel=\"canonical\" href=\"https:\/\/www.regionsaris.sk\/es\/15-rocnik-filmoveho-festivalu-pocity\/\" \/>\n<meta property=\"og:locale\" content=\"es_ES\" \/>\n<meta property=\"og:type\" content=\"article\" \/>\n<meta property=\"og:title\" content=\"15. ro\u010dn\u00edk filmov\u00e9ho festivalu POCITY\" \/>\n<meta property=\"og:description\" content=\"U\u017e p\u00e4tn\u00e1sty rok sa v Pre\u0161ove uskuto\u010dn\u00ed filmov\u00fd festival POCITY, ktor\u00fd od 10. do 16....\" \/>\n<meta property=\"og:url\" content=\"https:\/\/www.regionsaris.sk\/es\/15-rocnik-filmoveho-festivalu-pocity\/\" \/>\n<meta property=\"og:site_name\" content=\"OOCR \u0160ari\u0161\" \/>\n<meta property=\"article:published_time\" content=\"2024-10-08T08:31:37+00:00\" \/>\n<meta property=\"article:modified_time\" content=\"2025-12-15T09:10:25+00:00\" \/>\n<meta property=\"og:image\" content=\"https:\/\/www.regionsaris.sk\/wp-content\/uploads\/2025\/12\/David-Doros-20232-1024x682.jpg\" \/>\n\t<meta property=\"og:image:width\" content=\"1024\" \/>\n\t<meta property=\"og:image:height\" content=\"682\" \/>\n\t<meta property=\"og:image:type\" content=\"image\/jpeg\" \/>\n<meta name=\"author\" content=\"dev@bigway.sk\" \/>\n<meta name=\"twitter:card\" content=\"summary_large_image\" \/>\n<meta name=\"twitter:label1\" content=\"Escrito por\" \/>\n\t<meta name=\"twitter:data1\" content=\"dev@bigway.sk\" \/>\n\t<meta name=\"twitter:label2\" content=\"Tiempo de lectura\" \/>\n\t<meta name=\"twitter:data2\" content=\"5 minutos\" \/>\n<script type=\"application\/ld+json\" class=\"yoast-schema-graph\">{\"@context\":\"https:\/\/schema.org\",\"@graph\":[{\"@type\":\"Article\",\"@id\":\"https:\/\/www.regionsaris.sk\/15-rocnik-filmoveho-festivalu-pocity\/#article\",\"isPartOf\":{\"@id\":\"https:\/\/www.regionsaris.sk\/15-rocnik-filmoveho-festivalu-pocity\/\"},\"author\":{\"name\":\"dev@bigway.sk\",\"@id\":\"https:\/\/www.regionsaris.sk\/#\/schema\/person\/30fad06d87cd12ad1d94ff5fbd6919d1\"},\"headline\":\"15. ro\u010dn\u00edk filmov\u00e9ho festivalu POCITY\",\"datePublished\":\"2024-10-08T08:31:37+00:00\",\"dateModified\":\"2025-12-15T09:10:25+00:00\",\"mainEntityOfPage\":{\"@id\":\"https:\/\/www.regionsaris.sk\/15-rocnik-filmoveho-festivalu-pocity\/\"},\"wordCount\":1033,\"commentCount\":0,\"image\":{\"@id\":\"https:\/\/www.regionsaris.sk\/15-rocnik-filmoveho-festivalu-pocity\/#primaryimage\"},\"thumbnailUrl\":\"https:\/\/www.regionsaris.sk\/wp-content\/uploads\/2025\/12\/David-Doros-20232.jpg\",\"articleSection\":[\"Novinky\"],\"inLanguage\":\"es\",\"potentialAction\":[{\"@type\":\"CommentAction\",\"name\":\"Comment\",\"target\":[\"https:\/\/www.regionsaris.sk\/15-rocnik-filmoveho-festivalu-pocity\/#respond\"]}]},{\"@type\":\"WebPage\",\"@id\":\"https:\/\/www.regionsaris.sk\/15-rocnik-filmoveho-festivalu-pocity\/\",\"url\":\"https:\/\/www.regionsaris.sk\/15-rocnik-filmoveho-festivalu-pocity\/\",\"name\":\"15. ro\u010dn\u00edk filmov\u00e9ho festivalu POCITY - OOCR \u0160ari\u0161\",\"isPartOf\":{\"@id\":\"https:\/\/www.regionsaris.sk\/#website\"},\"primaryImageOfPage\":{\"@id\":\"https:\/\/www.regionsaris.sk\/15-rocnik-filmoveho-festivalu-pocity\/#primaryimage\"},\"image\":{\"@id\":\"https:\/\/www.regionsaris.sk\/15-rocnik-filmoveho-festivalu-pocity\/#primaryimage\"},\"thumbnailUrl\":\"https:\/\/www.regionsaris.sk\/wp-content\/uploads\/2025\/12\/David-Doros-20232.jpg\",\"datePublished\":\"2024-10-08T08:31:37+00:00\",\"dateModified\":\"2025-12-15T09:10:25+00:00\",\"author\":{\"@id\":\"https:\/\/www.regionsaris.sk\/#\/schema\/person\/30fad06d87cd12ad1d94ff5fbd6919d1\"},\"breadcrumb\":{\"@id\":\"https:\/\/www.regionsaris.sk\/15-rocnik-filmoveho-festivalu-pocity\/#breadcrumb\"},\"inLanguage\":\"es\",\"potentialAction\":[{\"@type\":\"ReadAction\",\"target\":[\"https:\/\/www.regionsaris.sk\/15-rocnik-filmoveho-festivalu-pocity\/\"]}]},{\"@type\":\"ImageObject\",\"inLanguage\":\"es\",\"@id\":\"https:\/\/www.regionsaris.sk\/15-rocnik-filmoveho-festivalu-pocity\/#primaryimage\",\"url\":\"https:\/\/www.regionsaris.sk\/wp-content\/uploads\/2025\/12\/David-Doros-20232.jpg\",\"contentUrl\":\"https:\/\/www.regionsaris.sk\/wp-content\/uploads\/2025\/12\/David-Doros-20232.jpg\",\"width\":2000,\"height\":1333},{\"@type\":\"BreadcrumbList\",\"@id\":\"https:\/\/www.regionsaris.sk\/15-rocnik-filmoveho-festivalu-pocity\/#breadcrumb\",\"itemListElement\":[{\"@type\":\"ListItem\",\"position\":1,\"name\":\"Domov\",\"item\":\"https:\/\/www.regionsaris.sk\/\"},{\"@type\":\"ListItem\",\"position\":2,\"name\":\"15. ro\u010dn\u00edk filmov\u00e9ho festivalu POCITY\"}]},{\"@type\":\"WebSite\",\"@id\":\"https:\/\/www.regionsaris.sk\/#website\",\"url\":\"https:\/\/www.regionsaris.sk\/\",\"name\":\"OOCR \u0160ari\u0161\",\"description\":\"\",\"potentialAction\":[{\"@type\":\"SearchAction\",\"target\":{\"@type\":\"EntryPoint\",\"urlTemplate\":\"https:\/\/www.regionsaris.sk\/?s={search_term_string}\"},\"query-input\":{\"@type\":\"PropertyValueSpecification\",\"valueRequired\":true,\"valueName\":\"search_term_string\"}}],\"inLanguage\":\"es\"},{\"@type\":\"Person\",\"@id\":\"https:\/\/www.regionsaris.sk\/#\/schema\/person\/30fad06d87cd12ad1d94ff5fbd6919d1\",\"name\":\"dev@bigway.sk\",\"image\":{\"@type\":\"ImageObject\",\"inLanguage\":\"es\",\"@id\":\"https:\/\/www.regionsaris.sk\/#\/schema\/person\/image\/\",\"url\":\"https:\/\/secure.gravatar.com\/avatar\/013b34bc1192067340cff024d72adf40af543d15809da0502beda083cb4f28a2?s=96&d=mm&r=g\",\"contentUrl\":\"https:\/\/secure.gravatar.com\/avatar\/013b34bc1192067340cff024d72adf40af543d15809da0502beda083cb4f28a2?s=96&d=mm&r=g\",\"caption\":\"dev@bigway.sk\"},\"sameAs\":[\"https:\/\/www.regionsaris.sk\"],\"url\":\"https:\/\/www.regionsaris.sk\/es\/author\/devbigway-sk\/\"}]}<\/script>\n<!-- \/ Yoast SEO Premium plugin. -->","yoast_head_json":{"title":"15. ro\u010dn\u00edk filmov\u00e9ho festivalu POCITY - OOCR \u0160ari\u0161","robots":{"index":"index","follow":"follow","max-snippet":"max-snippet:-1","max-image-preview":"max-image-preview:large","max-video-preview":"max-video-preview:-1"},"canonical":"https:\/\/www.regionsaris.sk\/es\/15-rocnik-filmoveho-festivalu-pocity\/","og_locale":"es_ES","og_type":"article","og_title":"15. ro\u010dn\u00edk filmov\u00e9ho festivalu POCITY","og_description":"U\u017e p\u00e4tn\u00e1sty rok sa v Pre\u0161ove uskuto\u010dn\u00ed filmov\u00fd festival POCITY, ktor\u00fd od 10. do 16....","og_url":"https:\/\/www.regionsaris.sk\/es\/15-rocnik-filmoveho-festivalu-pocity\/","og_site_name":"OOCR \u0160ari\u0161","article_published_time":"2024-10-08T08:31:37+00:00","article_modified_time":"2025-12-15T09:10:25+00:00","og_image":[{"width":1024,"height":682,"url":"https:\/\/www.regionsaris.sk\/wp-content\/uploads\/2025\/12\/David-Doros-20232-1024x682.jpg","type":"image\/jpeg"}],"author":"dev@bigway.sk","twitter_card":"summary_large_image","twitter_misc":{"Escrito por":"dev@bigway.sk","Tiempo de lectura":"5 minutos"},"schema":{"@context":"https:\/\/schema.org","@graph":[{"@type":"Article","@id":"https:\/\/www.regionsaris.sk\/15-rocnik-filmoveho-festivalu-pocity\/#article","isPartOf":{"@id":"https:\/\/www.regionsaris.sk\/15-rocnik-filmoveho-festivalu-pocity\/"},"author":{"name":"dev@bigway.sk","@id":"https:\/\/www.regionsaris.sk\/#\/schema\/person\/30fad06d87cd12ad1d94ff5fbd6919d1"},"headline":"15. ro\u010dn\u00edk filmov\u00e9ho festivalu POCITY","datePublished":"2024-10-08T08:31:37+00:00","dateModified":"2025-12-15T09:10:25+00:00","mainEntityOfPage":{"@id":"https:\/\/www.regionsaris.sk\/15-rocnik-filmoveho-festivalu-pocity\/"},"wordCount":1033,"commentCount":0,"image":{"@id":"https:\/\/www.regionsaris.sk\/15-rocnik-filmoveho-festivalu-pocity\/#primaryimage"},"thumbnailUrl":"https:\/\/www.regionsaris.sk\/wp-content\/uploads\/2025\/12\/David-Doros-20232.jpg","articleSection":["Novinky"],"inLanguage":"es","potentialAction":[{"@type":"CommentAction","name":"Comment","target":["https:\/\/www.regionsaris.sk\/15-rocnik-filmoveho-festivalu-pocity\/#respond"]}]},{"@type":"WebPage","@id":"https:\/\/www.regionsaris.sk\/15-rocnik-filmoveho-festivalu-pocity\/","url":"https:\/\/www.regionsaris.sk\/15-rocnik-filmoveho-festivalu-pocity\/","name":"15. ro\u010dn\u00edk filmov\u00e9ho festivalu POCITY - OOCR \u0160ari\u0161","isPartOf":{"@id":"https:\/\/www.regionsaris.sk\/#website"},"primaryImageOfPage":{"@id":"https:\/\/www.regionsaris.sk\/15-rocnik-filmoveho-festivalu-pocity\/#primaryimage"},"image":{"@id":"https:\/\/www.regionsaris.sk\/15-rocnik-filmoveho-festivalu-pocity\/#primaryimage"},"thumbnailUrl":"https:\/\/www.regionsaris.sk\/wp-content\/uploads\/2025\/12\/David-Doros-20232.jpg","datePublished":"2024-10-08T08:31:37+00:00","dateModified":"2025-12-15T09:10:25+00:00","author":{"@id":"https:\/\/www.regionsaris.sk\/#\/schema\/person\/30fad06d87cd12ad1d94ff5fbd6919d1"},"breadcrumb":{"@id":"https:\/\/www.regionsaris.sk\/15-rocnik-filmoveho-festivalu-pocity\/#breadcrumb"},"inLanguage":"es","potentialAction":[{"@type":"ReadAction","target":["https:\/\/www.regionsaris.sk\/15-rocnik-filmoveho-festivalu-pocity\/"]}]},{"@type":"ImageObject","inLanguage":"es","@id":"https:\/\/www.regionsaris.sk\/15-rocnik-filmoveho-festivalu-pocity\/#primaryimage","url":"https:\/\/www.regionsaris.sk\/wp-content\/uploads\/2025\/12\/David-Doros-20232.jpg","contentUrl":"https:\/\/www.regionsaris.sk\/wp-content\/uploads\/2025\/12\/David-Doros-20232.jpg","width":2000,"height":1333},{"@type":"BreadcrumbList","@id":"https:\/\/www.regionsaris.sk\/15-rocnik-filmoveho-festivalu-pocity\/#breadcrumb","itemListElement":[{"@type":"ListItem","position":1,"name":"Domov","item":"https:\/\/www.regionsaris.sk\/"},{"@type":"ListItem","position":2,"name":"15. ro\u010dn\u00edk filmov\u00e9ho festivalu POCITY"}]},{"@type":"WebSite","@id":"https:\/\/www.regionsaris.sk\/#website","url":"https:\/\/www.regionsaris.sk\/","name":"OOCR \u0160ari\u0161","description":"","potentialAction":[{"@type":"SearchAction","target":{"@type":"EntryPoint","urlTemplate":"https:\/\/www.regionsaris.sk\/?s={search_term_string}"},"query-input":{"@type":"PropertyValueSpecification","valueRequired":true,"valueName":"search_term_string"}}],"inLanguage":"es"},{"@type":"Person","@id":"https:\/\/www.regionsaris.sk\/#\/schema\/person\/30fad06d87cd12ad1d94ff5fbd6919d1","name":"dev@bigway.sk","image":{"@type":"ImageObject","inLanguage":"es","@id":"https:\/\/www.regionsaris.sk\/#\/schema\/person\/image\/","url":"https:\/\/secure.gravatar.com\/avatar\/013b34bc1192067340cff024d72adf40af543d15809da0502beda083cb4f28a2?s=96&d=mm&r=g","contentUrl":"https:\/\/secure.gravatar.com\/avatar\/013b34bc1192067340cff024d72adf40af543d15809da0502beda083cb4f28a2?s=96&d=mm&r=g","caption":"dev@bigway.sk"},"sameAs":["https:\/\/www.regionsaris.sk"],"url":"https:\/\/www.regionsaris.sk\/es\/author\/devbigway-sk\/"}]}},"_links":{"self":[{"href":"https:\/\/www.regionsaris.sk\/es\/wp-json\/wp\/v2\/posts\/477","targetHints":{"allow":["GET"]}}],"collection":[{"href":"https:\/\/www.regionsaris.sk\/es\/wp-json\/wp\/v2\/posts"}],"about":[{"href":"https:\/\/www.regionsaris.sk\/es\/wp-json\/wp\/v2\/types\/post"}],"author":[{"embeddable":true,"href":"https:\/\/www.regionsaris.sk\/es\/wp-json\/wp\/v2\/users\/1"}],"replies":[{"embeddable":true,"href":"https:\/\/www.regionsaris.sk\/es\/wp-json\/wp\/v2\/comments?post=477"}],"version-history":[{"count":1,"href":"https:\/\/www.regionsaris.sk\/es\/wp-json\/wp\/v2\/posts\/477\/revisions"}],"predecessor-version":[{"id":480,"href":"https:\/\/www.regionsaris.sk\/es\/wp-json\/wp\/v2\/posts\/477\/revisions\/480"}],"wp:featuredmedia":[{"embeddable":true,"href":"https:\/\/www.regionsaris.sk\/es\/wp-json\/wp\/v2\/media\/481"}],"wp:attachment":[{"href":"https:\/\/www.regionsaris.sk\/es\/wp-json\/wp\/v2\/media?parent=477"}],"wp:term":[{"taxonomy":"category","embeddable":true,"href":"https:\/\/www.regionsaris.sk\/es\/wp-json\/wp\/v2\/categories?post=477"},{"taxonomy":"post_tag","embeddable":true,"href":"https:\/\/www.regionsaris.sk\/es\/wp-json\/wp\/v2\/tags?post=477"}],"curies":[{"name":"wp","href":"https:\/\/api.w.org\/{rel}","templated":true}]}}