{"id":459,"date":"2024-09-30T09:36:34","date_gmt":"2024-09-30T08:36:34","guid":{"rendered":"https:\/\/www.regionsaris.sk\/slavnostne-otvorenie-turistickeho-informacneho-centra-v-presove\/"},"modified":"2025-12-15T10:09:30","modified_gmt":"2025-12-15T09:09:30","slug":"slavnostne-otvorenie-turistickeho-informacneho-centra-v-presove","status":"publish","type":"post","link":"https:\/\/www.regionsaris.sk\/es\/slavnostne-otvorenie-turistickeho-informacneho-centra-v-presove\/","title":{"rendered":"Ceremonia de inauguraci\u00f3n del Centro de Informaci\u00f3n Tur\u00edstica de Pre\u0161ov"},"content":{"rendered":"<strong>El Centro de Informaci\u00f3n Tur\u00edstica se estableci\u00f3 en Pre\u0161ov en la calle Hlavna 67. Est\u00e1 a disposici\u00f3n de los ciudadanos y visitantes de nuestra ciudad todos los d\u00edas laborables de la temporada de verano, de 9.00 a 18.00 horas, y los s\u00e1bados de 9.00 a 14.00 horas. El horario de apertura se ajustar\u00e1 en la temporada de invierno.\u00a0<\/strong>\n\n\u00a0\n\n<strong>El Centro de Informaci\u00f3n Tur\u00edstica (TIC) est\u00e1 administrado por la Organizaci\u00f3n Regional de Turismo (OOCR) Regi\u00f3n \u0160ari\u0161. Se estableci\u00f3 en el emplazamiento del antiguo Centro Municipal de Informaci\u00f3n, en la calle Hlavn\u00e1 67 de Pre\u0161ov. El objetivo era modernizar y ampliar la oferta y el alcance del Centro de Informaci\u00f3n Tur\u00edstica Regi\u00f3n \u0160ari\u0161 como puerta de entrada para los visitantes no s\u00f3lo de la ciudad de Pre\u0161ov, sino tambi\u00e9n de toda la regi\u00f3n de \u0160ari\u0161 y de la regi\u00f3n de Pre\u0161ov.\u00a0<\/strong>\n\n<span style=\"color: #000000;\">\u201e<em>La validez de este centro de informaci\u00f3n ya qued\u00f3 demostrada durante su funcionamiento de prueba en la primera temporada de verano, cuando la ciudad de Pre\u0161ov acogi\u00f3 el Festival de Cultura Catalana. La ciudad de Pre\u0161ov aporta casi el 100 % de la financiaci\u00f3n de este centro, y contribuimos con la mayor cantidad al funcionamiento de todo el OOCR dentro de la regi\u00f3n. Estoy muy satisfecho de que, seg\u00fan los datos disponibles, este a\u00f1o deber\u00edamos volver al nivel de los a\u00f1os anteriores a la pandemia y el n\u00famero de visitantes a la ciudad de Pre\u0161ov deber\u00eda situarse de nuevo en torno a las 90.000 pernoctaciones, lo que aportar\u00e1 m\u00e1s fondos al presupuesto del OOCR. Tambi\u00e9n doy las gracias a nuestros socios y a los municipios que forman parte del OOCR, y espero que utilicen este espacio para promover eventos en la regi\u00f3n\", declar\u00f3 el Presidente del OOCR.\"<\/em>\u00a0ha declarado el alcalde de Pre\u0161ov, Franti\u0161ek O\u013eha.\u00a0<\/span>\n\n\u00a0\n\n<a href=\"https:\/\/www.regionsaris.sk\/wp-content\/uploads\/2024\/09\/IMG_0864-scaled.jpg\"><img loading=\"lazy\" decoding=\"async\" class=\"wp-image-20852 aligncenter\" src=\"https:\/\/www.regionsaris.sk\/wp-content\/uploads\/2025\/12\/IMG_0864-scaled.jpg\" alt=\"\" width=\"1414\" height=\"942\" \/><\/a>\n\n\u00a0\n\n<span style=\"color: #000000;\">A principios de 2024, las instalaciones se sometieron a una amplia reconstrucci\u00f3n seg\u00fan el dise\u00f1o del arquitecto jefe de la ciudad de Pre\u0161ov. <strong>La renovaci\u00f3n incluy\u00f3 peque\u00f1as alteraciones estructurales, pintura, revisiones de las luces y la electricidad, y la modernizaci\u00f3n general del espacio. Se a\u00f1adieron nuevos muebles, mobiliario y tecnolog\u00eda y se ampli\u00f3 la gama de regalos y servicios ofrecidos. <\/strong>El Centro de Informaci\u00f3n Tur\u00edstica cuenta con dos empleados que orientan y aconsejan a los visitantes sobre c\u00f3mo orientarse en la ciudad regional y en la regi\u00f3n.\u00a0<\/span>\n\n<span style=\"color: #000000;\">\u201e<em>Nuestro objetivo es ofrecer informaci\u00f3n y servicios de calidad a los visitantes para que conozcan todas las bellezas de la regi\u00f3n y est\u00e9n encantados de volver. La reconstrucci\u00f3n corri\u00f3 a cargo de OOCR Regi\u00f3n \u0160ari\u0161 y sus empleados, en cooperaci\u00f3n con la ciudad de Pre\u0161ov, Servicios Municipales Pre\u0161ov, s.r.o., Pre\u0161ov Real, s.r.o., complementados por artesanos locales. Los costes se redujeron al m\u00ednimo en el propio dise\u00f1o arquitect\u00f3nico, con el m\u00e1ximo aprovechamiento del equipamiento original\".\"\u00a0<\/em>ha declarado Peter Halaj, Director Ejecutivo de OOCR Regi\u00f3n \u0160ari\u0161.\u00a0<\/span>\n\n\u00a0\n\n<a href=\"https:\/\/www.regionsaris.sk\/wp-content\/uploads\/2024\/09\/img_20240805_145838-1-scaled.jpg\"><img loading=\"lazy\" decoding=\"async\" class=\"wp-image-20849 alignleft\" src=\"https:\/\/www.regionsaris.sk\/wp-content\/uploads\/2025\/12\/img_20240805_145838-1-scaled.jpg\" alt=\"\" width=\"1134\" height=\"850\" \/><\/a>\n\n\u00a0\n\n<span style=\"color: #000000;\"><strong>TIC ofrece una amplia gama de servicios e informaci\u00f3n para ayudar a los interesados a planificar una estancia inolvidable en nuestra regi\u00f3n. <\/strong>Bajo un mismo techo, los residentes de Pre\u0161ov y los visitantes de nuestra ciudad pueden encontrar consejos sobre atracciones tur\u00edsticas, monumentos hist\u00f3ricos, eventos culturales, enlaces de transporte, restaurantes y alojamiento. Tambi\u00e9n hay mapas, folletos y otros materiales informativos para ayudar a los turistas a orientarse en Pre\u0161ov y en toda la regi\u00f3n de \u0160ari\u0161. En el Centro de Informaci\u00f3n Tur\u00edstica tambi\u00e9n es posible comprar diversos art\u00edculos de regalo y promocionales, postales, publicaciones sobre la ciudad de Pre\u0161ov, la regi\u00f3n y Eslovaquia, recuerdos o entradas para el popular evento Descubriendo Pre\u0161ov.\u00a0<\/span>\n\n\u00a0\n\n\u00a0\n\n<span style=\"color: #000000;\"><strong>Desde mediados de junio de 2024 hasta mediados de septiembre, m\u00e1s de 3.000 personas visitaron el Centro de Informaci\u00f3n Tur\u00edstica de la Regi\u00f3n de \u0160ari\u0161,<\/strong> entre los que hab\u00eda residentes locales de Pre\u0161ov, pero tambi\u00e9n turistas de Eslovaquia. Los visitantes extranjeros fueron casi 900, principalmente polacos, checos y h\u00fangaros, pero Pre\u0161ov tambi\u00e9n recibi\u00f3 visitantes de Colombia, Australia y Canad\u00e1.\u00a0<\/span>\n\n<span style=\"color: #000000;\"><strong>Agosto fue el mes m\u00e1s fuerte durante la temporada tur\u00edstica alta,<\/strong> cuando el TIC recibi\u00f3 la visita de unos 1.500 visitantes, sobre todo gracias al Festival Internacional de Cultura Catalana Aplec, que atrajo a mucha gente al centro de Pre\u0161ov.\u00a0<\/span>\n\n<span style=\"color: #000000;\">Durante la temporada de verano, el personal de las TIC tambi\u00e9n se encontr\u00f3 con preguntas at\u00edpicas de visitantes que preguntaban, por ejemplo, d\u00f3nde encontrar un adivino o un deshollinador en Pre\u0161ov. Los locales del TIC tambi\u00e9n recibieron la visita de un ciclista que vino del Mar Negro a Pre\u0161ov en 7 semanas.<\/span>\n\n<span style=\"color: #000000;\">El TIC tambi\u00e9n coopera con otros centros regionales de informaci\u00f3n tur\u00edstica y apoya a los productores y fabricantes locales mediante la venta de peque\u00f1os art\u00edculos y merchandising bajo la marca Made in \u0160ari\u0161.\u00a0<\/span>\n\n\u00a0\n\n<span style=\"color: #000000;\">Para m\u00e1s informaci\u00f3n, visite<\/span>\n<ul>\n \t<li><span style=\"color: #000000;\"><a style=\"color: #000000;\" href=\"https:\/\/www.facebook.com\/ticregionsaris\">https:\/\/www.facebook.com\/ticregionsaris<\/a><\/span><\/li>\n \t<li><span style=\"color: #000000;\"><a style=\"color: #000000;\" href=\"https:\/\/www.regionsaris.sk\/es\/\">https:\/\/www.regionsaris.sk\/<\/a><\/span><\/li>\n<\/ul>\n\u00a0\n\n\u00a0\n\n\u00a0","protected":false},"excerpt":{"rendered":"<p>V Pre\u0161ove na Hlavnej 67 vzniklo Turistick\u00e9 informa\u010dn\u00e9 centrum. Pre\u00a0ob\u010danov aj n\u00e1v\u0161tevn\u00edkov n\u00e1\u0161ho mesta je...<\/p>","protected":false},"author":1,"featured_media":463,"comment_status":"open","ping_status":"open","sticky":false,"template":"","format":"standard","meta":{"_acf_changed":false,"footnotes":""},"categories":[1],"tags":[],"class_list":["post-459","post","type-post","status-publish","format-standard","has-post-thumbnail","hentry","category-novinky"],"acf":[],"yoast_head":"<!-- This site is optimized with the Yoast SEO Premium plugin v26.3 (Yoast SEO v26.8) - https:\/\/yoast.com\/product\/yoast-seo-premium-wordpress\/ -->\n<title>Sl\u00e1vnostn\u00e9 otvorenie Turistick\u00e9ho informa\u010dn\u00e9ho centra v Pre\u0161ove - OOCR \u0160ari\u0161<\/title>\n<meta name=\"robots\" content=\"index, follow, max-snippet:-1, max-image-preview:large, max-video-preview:-1\" \/>\n<link rel=\"canonical\" href=\"https:\/\/www.regionsaris.sk\/es\/slavnostne-otvorenie-turistickeho-informacneho-centra-v-presove\/\" \/>\n<meta property=\"og:locale\" content=\"es_ES\" \/>\n<meta property=\"og:type\" content=\"article\" \/>\n<meta property=\"og:title\" content=\"Sl\u00e1vnostn\u00e9 otvorenie Turistick\u00e9ho informa\u010dn\u00e9ho centra v Pre\u0161ove\" \/>\n<meta property=\"og:description\" content=\"V Pre\u0161ove na Hlavnej 67 vzniklo Turistick\u00e9 informa\u010dn\u00e9 centrum. Pre\u00a0ob\u010danov aj n\u00e1v\u0161tevn\u00edkov n\u00e1\u0161ho mesta je...\" \/>\n<meta property=\"og:url\" content=\"https:\/\/www.regionsaris.sk\/es\/slavnostne-otvorenie-turistickeho-informacneho-centra-v-presove\/\" \/>\n<meta property=\"og:site_name\" content=\"OOCR \u0160ari\u0161\" \/>\n<meta property=\"article:published_time\" content=\"2024-09-30T08:36:34+00:00\" \/>\n<meta property=\"article:modified_time\" content=\"2025-12-15T09:09:30+00:00\" \/>\n<meta property=\"og:image\" content=\"https:\/\/www.regionsaris.sk\/wp-content\/uploads\/2025\/12\/IMG_0864-scaled-1.jpg\" \/>\n\t<meta property=\"og:image:width\" content=\"2560\" \/>\n\t<meta property=\"og:image:height\" content=\"1707\" \/>\n\t<meta property=\"og:image:type\" content=\"image\/jpeg\" \/>\n<meta name=\"author\" content=\"dev@bigway.sk\" \/>\n<meta name=\"twitter:card\" content=\"summary_large_image\" \/>\n<meta name=\"twitter:label1\" content=\"Escrito por\" \/>\n\t<meta name=\"twitter:data1\" content=\"dev@bigway.sk\" \/>\n\t<meta name=\"twitter:label2\" content=\"Tiempo de lectura\" \/>\n\t<meta name=\"twitter:data2\" content=\"4 minutos\" \/>\n<script type=\"application\/ld+json\" class=\"yoast-schema-graph\">{\"@context\":\"https:\/\/schema.org\",\"@graph\":[{\"@type\":\"Article\",\"@id\":\"https:\/\/www.regionsaris.sk\/slavnostne-otvorenie-turistickeho-informacneho-centra-v-presove\/#article\",\"isPartOf\":{\"@id\":\"https:\/\/www.regionsaris.sk\/slavnostne-otvorenie-turistickeho-informacneho-centra-v-presove\/\"},\"author\":{\"name\":\"dev@bigway.sk\",\"@id\":\"https:\/\/www.regionsaris.sk\/#\/schema\/person\/30fad06d87cd12ad1d94ff5fbd6919d1\"},\"headline\":\"Sl\u00e1vnostn\u00e9 otvorenie Turistick\u00e9ho informa\u010dn\u00e9ho centra v Pre\u0161ove\",\"datePublished\":\"2024-09-30T08:36:34+00:00\",\"dateModified\":\"2025-12-15T09:09:30+00:00\",\"mainEntityOfPage\":{\"@id\":\"https:\/\/www.regionsaris.sk\/slavnostne-otvorenie-turistickeho-informacneho-centra-v-presove\/\"},\"wordCount\":842,\"commentCount\":0,\"image\":{\"@id\":\"https:\/\/www.regionsaris.sk\/slavnostne-otvorenie-turistickeho-informacneho-centra-v-presove\/#primaryimage\"},\"thumbnailUrl\":\"https:\/\/www.regionsaris.sk\/wp-content\/uploads\/2025\/12\/IMG_0864-scaled-1.jpg\",\"articleSection\":[\"Novinky\"],\"inLanguage\":\"es\",\"potentialAction\":[{\"@type\":\"CommentAction\",\"name\":\"Comment\",\"target\":[\"https:\/\/www.regionsaris.sk\/slavnostne-otvorenie-turistickeho-informacneho-centra-v-presove\/#respond\"]}]},{\"@type\":\"WebPage\",\"@id\":\"https:\/\/www.regionsaris.sk\/slavnostne-otvorenie-turistickeho-informacneho-centra-v-presove\/\",\"url\":\"https:\/\/www.regionsaris.sk\/slavnostne-otvorenie-turistickeho-informacneho-centra-v-presove\/\",\"name\":\"Sl\u00e1vnostn\u00e9 otvorenie Turistick\u00e9ho informa\u010dn\u00e9ho centra v Pre\u0161ove - OOCR \u0160ari\u0161\",\"isPartOf\":{\"@id\":\"https:\/\/www.regionsaris.sk\/#website\"},\"primaryImageOfPage\":{\"@id\":\"https:\/\/www.regionsaris.sk\/slavnostne-otvorenie-turistickeho-informacneho-centra-v-presove\/#primaryimage\"},\"image\":{\"@id\":\"https:\/\/www.regionsaris.sk\/slavnostne-otvorenie-turistickeho-informacneho-centra-v-presove\/#primaryimage\"},\"thumbnailUrl\":\"https:\/\/www.regionsaris.sk\/wp-content\/uploads\/2025\/12\/IMG_0864-scaled-1.jpg\",\"datePublished\":\"2024-09-30T08:36:34+00:00\",\"dateModified\":\"2025-12-15T09:09:30+00:00\",\"author\":{\"@id\":\"https:\/\/www.regionsaris.sk\/#\/schema\/person\/30fad06d87cd12ad1d94ff5fbd6919d1\"},\"breadcrumb\":{\"@id\":\"https:\/\/www.regionsaris.sk\/slavnostne-otvorenie-turistickeho-informacneho-centra-v-presove\/#breadcrumb\"},\"inLanguage\":\"es\",\"potentialAction\":[{\"@type\":\"ReadAction\",\"target\":[\"https:\/\/www.regionsaris.sk\/slavnostne-otvorenie-turistickeho-informacneho-centra-v-presove\/\"]}]},{\"@type\":\"ImageObject\",\"inLanguage\":\"es\",\"@id\":\"https:\/\/www.regionsaris.sk\/slavnostne-otvorenie-turistickeho-informacneho-centra-v-presove\/#primaryimage\",\"url\":\"https:\/\/www.regionsaris.sk\/wp-content\/uploads\/2025\/12\/IMG_0864-scaled-1.jpg\",\"contentUrl\":\"https:\/\/www.regionsaris.sk\/wp-content\/uploads\/2025\/12\/IMG_0864-scaled-1.jpg\",\"width\":2560,\"height\":1707},{\"@type\":\"BreadcrumbList\",\"@id\":\"https:\/\/www.regionsaris.sk\/slavnostne-otvorenie-turistickeho-informacneho-centra-v-presove\/#breadcrumb\",\"itemListElement\":[{\"@type\":\"ListItem\",\"position\":1,\"name\":\"Domov\",\"item\":\"https:\/\/www.regionsaris.sk\/\"},{\"@type\":\"ListItem\",\"position\":2,\"name\":\"Sl\u00e1vnostn\u00e9 otvorenie Turistick\u00e9ho informa\u010dn\u00e9ho centra v Pre\u0161ove\"}]},{\"@type\":\"WebSite\",\"@id\":\"https:\/\/www.regionsaris.sk\/#website\",\"url\":\"https:\/\/www.regionsaris.sk\/\",\"name\":\"OOCR \u0160ari\u0161\",\"description\":\"\",\"potentialAction\":[{\"@type\":\"SearchAction\",\"target\":{\"@type\":\"EntryPoint\",\"urlTemplate\":\"https:\/\/www.regionsaris.sk\/?s={search_term_string}\"},\"query-input\":{\"@type\":\"PropertyValueSpecification\",\"valueRequired\":true,\"valueName\":\"search_term_string\"}}],\"inLanguage\":\"es\"},{\"@type\":\"Person\",\"@id\":\"https:\/\/www.regionsaris.sk\/#\/schema\/person\/30fad06d87cd12ad1d94ff5fbd6919d1\",\"name\":\"dev@bigway.sk\",\"image\":{\"@type\":\"ImageObject\",\"inLanguage\":\"es\",\"@id\":\"https:\/\/www.regionsaris.sk\/#\/schema\/person\/image\/\",\"url\":\"https:\/\/secure.gravatar.com\/avatar\/013b34bc1192067340cff024d72adf40af543d15809da0502beda083cb4f28a2?s=96&d=mm&r=g\",\"contentUrl\":\"https:\/\/secure.gravatar.com\/avatar\/013b34bc1192067340cff024d72adf40af543d15809da0502beda083cb4f28a2?s=96&d=mm&r=g\",\"caption\":\"dev@bigway.sk\"},\"sameAs\":[\"https:\/\/www.regionsaris.sk\"],\"url\":\"https:\/\/www.regionsaris.sk\/es\/author\/devbigway-sk\/\"}]}<\/script>\n<!-- \/ Yoast SEO Premium plugin. -->","yoast_head_json":{"title":"Sl\u00e1vnostn\u00e9 otvorenie Turistick\u00e9ho informa\u010dn\u00e9ho centra v Pre\u0161ove - OOCR \u0160ari\u0161","robots":{"index":"index","follow":"follow","max-snippet":"max-snippet:-1","max-image-preview":"max-image-preview:large","max-video-preview":"max-video-preview:-1"},"canonical":"https:\/\/www.regionsaris.sk\/es\/slavnostne-otvorenie-turistickeho-informacneho-centra-v-presove\/","og_locale":"es_ES","og_type":"article","og_title":"Sl\u00e1vnostn\u00e9 otvorenie Turistick\u00e9ho informa\u010dn\u00e9ho centra v Pre\u0161ove","og_description":"V Pre\u0161ove na Hlavnej 67 vzniklo Turistick\u00e9 informa\u010dn\u00e9 centrum. Pre\u00a0ob\u010danov aj n\u00e1v\u0161tevn\u00edkov n\u00e1\u0161ho mesta je...","og_url":"https:\/\/www.regionsaris.sk\/es\/slavnostne-otvorenie-turistickeho-informacneho-centra-v-presove\/","og_site_name":"OOCR \u0160ari\u0161","article_published_time":"2024-09-30T08:36:34+00:00","article_modified_time":"2025-12-15T09:09:30+00:00","og_image":[{"width":2560,"height":1707,"url":"https:\/\/www.regionsaris.sk\/wp-content\/uploads\/2025\/12\/IMG_0864-scaled-1.jpg","type":"image\/jpeg"}],"author":"dev@bigway.sk","twitter_card":"summary_large_image","twitter_misc":{"Escrito por":"dev@bigway.sk","Tiempo de lectura":"4 minutos"},"schema":{"@context":"https:\/\/schema.org","@graph":[{"@type":"Article","@id":"https:\/\/www.regionsaris.sk\/slavnostne-otvorenie-turistickeho-informacneho-centra-v-presove\/#article","isPartOf":{"@id":"https:\/\/www.regionsaris.sk\/slavnostne-otvorenie-turistickeho-informacneho-centra-v-presove\/"},"author":{"name":"dev@bigway.sk","@id":"https:\/\/www.regionsaris.sk\/#\/schema\/person\/30fad06d87cd12ad1d94ff5fbd6919d1"},"headline":"Sl\u00e1vnostn\u00e9 otvorenie Turistick\u00e9ho informa\u010dn\u00e9ho centra v Pre\u0161ove","datePublished":"2024-09-30T08:36:34+00:00","dateModified":"2025-12-15T09:09:30+00:00","mainEntityOfPage":{"@id":"https:\/\/www.regionsaris.sk\/slavnostne-otvorenie-turistickeho-informacneho-centra-v-presove\/"},"wordCount":842,"commentCount":0,"image":{"@id":"https:\/\/www.regionsaris.sk\/slavnostne-otvorenie-turistickeho-informacneho-centra-v-presove\/#primaryimage"},"thumbnailUrl":"https:\/\/www.regionsaris.sk\/wp-content\/uploads\/2025\/12\/IMG_0864-scaled-1.jpg","articleSection":["Novinky"],"inLanguage":"es","potentialAction":[{"@type":"CommentAction","name":"Comment","target":["https:\/\/www.regionsaris.sk\/slavnostne-otvorenie-turistickeho-informacneho-centra-v-presove\/#respond"]}]},{"@type":"WebPage","@id":"https:\/\/www.regionsaris.sk\/slavnostne-otvorenie-turistickeho-informacneho-centra-v-presove\/","url":"https:\/\/www.regionsaris.sk\/slavnostne-otvorenie-turistickeho-informacneho-centra-v-presove\/","name":"Sl\u00e1vnostn\u00e9 otvorenie Turistick\u00e9ho informa\u010dn\u00e9ho centra v Pre\u0161ove - OOCR \u0160ari\u0161","isPartOf":{"@id":"https:\/\/www.regionsaris.sk\/#website"},"primaryImageOfPage":{"@id":"https:\/\/www.regionsaris.sk\/slavnostne-otvorenie-turistickeho-informacneho-centra-v-presove\/#primaryimage"},"image":{"@id":"https:\/\/www.regionsaris.sk\/slavnostne-otvorenie-turistickeho-informacneho-centra-v-presove\/#primaryimage"},"thumbnailUrl":"https:\/\/www.regionsaris.sk\/wp-content\/uploads\/2025\/12\/IMG_0864-scaled-1.jpg","datePublished":"2024-09-30T08:36:34+00:00","dateModified":"2025-12-15T09:09:30+00:00","author":{"@id":"https:\/\/www.regionsaris.sk\/#\/schema\/person\/30fad06d87cd12ad1d94ff5fbd6919d1"},"breadcrumb":{"@id":"https:\/\/www.regionsaris.sk\/slavnostne-otvorenie-turistickeho-informacneho-centra-v-presove\/#breadcrumb"},"inLanguage":"es","potentialAction":[{"@type":"ReadAction","target":["https:\/\/www.regionsaris.sk\/slavnostne-otvorenie-turistickeho-informacneho-centra-v-presove\/"]}]},{"@type":"ImageObject","inLanguage":"es","@id":"https:\/\/www.regionsaris.sk\/slavnostne-otvorenie-turistickeho-informacneho-centra-v-presove\/#primaryimage","url":"https:\/\/www.regionsaris.sk\/wp-content\/uploads\/2025\/12\/IMG_0864-scaled-1.jpg","contentUrl":"https:\/\/www.regionsaris.sk\/wp-content\/uploads\/2025\/12\/IMG_0864-scaled-1.jpg","width":2560,"height":1707},{"@type":"BreadcrumbList","@id":"https:\/\/www.regionsaris.sk\/slavnostne-otvorenie-turistickeho-informacneho-centra-v-presove\/#breadcrumb","itemListElement":[{"@type":"ListItem","position":1,"name":"Domov","item":"https:\/\/www.regionsaris.sk\/"},{"@type":"ListItem","position":2,"name":"Sl\u00e1vnostn\u00e9 otvorenie Turistick\u00e9ho informa\u010dn\u00e9ho centra v Pre\u0161ove"}]},{"@type":"WebSite","@id":"https:\/\/www.regionsaris.sk\/#website","url":"https:\/\/www.regionsaris.sk\/","name":"OOCR \u0160ari\u0161","description":"","potentialAction":[{"@type":"SearchAction","target":{"@type":"EntryPoint","urlTemplate":"https:\/\/www.regionsaris.sk\/?s={search_term_string}"},"query-input":{"@type":"PropertyValueSpecification","valueRequired":true,"valueName":"search_term_string"}}],"inLanguage":"es"},{"@type":"Person","@id":"https:\/\/www.regionsaris.sk\/#\/schema\/person\/30fad06d87cd12ad1d94ff5fbd6919d1","name":"dev@bigway.sk","image":{"@type":"ImageObject","inLanguage":"es","@id":"https:\/\/www.regionsaris.sk\/#\/schema\/person\/image\/","url":"https:\/\/secure.gravatar.com\/avatar\/013b34bc1192067340cff024d72adf40af543d15809da0502beda083cb4f28a2?s=96&d=mm&r=g","contentUrl":"https:\/\/secure.gravatar.com\/avatar\/013b34bc1192067340cff024d72adf40af543d15809da0502beda083cb4f28a2?s=96&d=mm&r=g","caption":"dev@bigway.sk"},"sameAs":["https:\/\/www.regionsaris.sk"],"url":"https:\/\/www.regionsaris.sk\/es\/author\/devbigway-sk\/"}]}},"_links":{"self":[{"href":"https:\/\/www.regionsaris.sk\/es\/wp-json\/wp\/v2\/posts\/459","targetHints":{"allow":["GET"]}}],"collection":[{"href":"https:\/\/www.regionsaris.sk\/es\/wp-json\/wp\/v2\/posts"}],"about":[{"href":"https:\/\/www.regionsaris.sk\/es\/wp-json\/wp\/v2\/types\/post"}],"author":[{"embeddable":true,"href":"https:\/\/www.regionsaris.sk\/es\/wp-json\/wp\/v2\/users\/1"}],"replies":[{"embeddable":true,"href":"https:\/\/www.regionsaris.sk\/es\/wp-json\/wp\/v2\/comments?post=459"}],"version-history":[{"count":1,"href":"https:\/\/www.regionsaris.sk\/es\/wp-json\/wp\/v2\/posts\/459\/revisions"}],"predecessor-version":[{"id":462,"href":"https:\/\/www.regionsaris.sk\/es\/wp-json\/wp\/v2\/posts\/459\/revisions\/462"}],"wp:featuredmedia":[{"embeddable":true,"href":"https:\/\/www.regionsaris.sk\/es\/wp-json\/wp\/v2\/media\/463"}],"wp:attachment":[{"href":"https:\/\/www.regionsaris.sk\/es\/wp-json\/wp\/v2\/media?parent=459"}],"wp:term":[{"taxonomy":"category","embeddable":true,"href":"https:\/\/www.regionsaris.sk\/es\/wp-json\/wp\/v2\/categories?post=459"},{"taxonomy":"post_tag","embeddable":true,"href":"https:\/\/www.regionsaris.sk\/es\/wp-json\/wp\/v2\/tags?post=459"}],"curies":[{"name":"wp","href":"https:\/\/api.w.org\/{rel}","templated":true}]}}