{"id":3514,"date":"2026-02-09T08:38:43","date_gmt":"2026-02-09T07:38:43","guid":{"rendered":"https:\/\/www.regionsaris.sk\/?p=3514"},"modified":"2026-02-15T17:37:31","modified_gmt":"2026-02-15T16:37:31","slug":"krajske-muzeum-v-presove-sa-zapaja-do-narodneho-tyzdna-manzelstva-zvyhodnene-vstupne-aj-tematicky-caj-o-piatej","status":"publish","type":"post","link":"https:\/\/www.regionsaris.sk\/es\/krajske-muzeum-v-presove-sa-zapaja-do-narodneho-tyzdna-manzelstva-zvyhodnene-vstupne-aj-tematicky-caj-o-piatej\/","title":{"rendered":"El Museo Regional de Pre\u0161ov se une a la Semana Nacional del Matrimonio: entrada con descuento y T\u00e9 a las Cinco tem\u00e1tico"},"content":{"rendered":"<p class=\"has-text-align-left\">El Museo Regional de Pre\u0161ov volver\u00e1 a participar en la Semana Nacional del Matrimonio en 2026<br> (NTM), una campa\u00f1a mundial para promover el matrimonio que se lleva a cabo en Eslovaquia desde 2011 en<br>la semana en torno a San Valent\u00edn. Su objetivo es animar a la gente a construir y desarrollar<br>relaciones matrimoniales y recordarles que un matrimonio feliz es un valor que merece la pena cuidar.<\/p>\n\n\n\n<p class=\"has-text-align-left\"><br>Con este motivo, el Museo Regional ofrecer\u00e1 la Semana Nacional del Matrimonio en<br>todas sus sucursales con una entrada con descuento de 1+1 gratuita, invitando as\u00ed a c\u00f3nyuges y parejas<br>pasar tiempo juntos en un entorno de cultura, historia y arte.<\/p>\n\n\n\n<p class=\"has-text-align-left\"><br>El programa tambi\u00e9n incluir\u00e1 una edici\u00f3n especial de la popular serie Tea at Five at R\u00e1koci's, que<br>tendr\u00e1 lugar el 10 de febrero de 2026 a las 17.00 horas en Hlavn\u00e1 139, en Pre\u0161ov. El acto se denomina<br>Matrimonio en las colecciones del Museo Regional: retratos de los Bujanovic y est\u00e1 dedicado a<br>al matrimonio formado por \u0160\u00e1ndor y Hermina Bujanovics.<\/p>\n\n\n\n<p class=\"has-text-align-left\"><br>La conferencia presentar\u00e1 la personalidad de \u0160\u00e1ndor Bujanovics, pol\u00edtico y terrateniente hoy casi olvidado,<br>as\u00ed como el destino de su familia a trav\u00e9s de retratos procedentes de las colecciones del Museo Regional. Tambi\u00e9n presentar\u00e1<br>la obra del pintor h\u00fangaro S\u00e1ndor Endrey (1867-1940), autor de ambos retratos. Especial<br>Se prestar\u00e1 atenci\u00f3n al estudio de la restauraci\u00f3n y al proceso de restauraci\u00f3n de las obras, desde la inicial<br>investigaci\u00f3n hasta su forma final.<\/p>\n\n\n\n<p class=\"has-text-align-left\"><br>El acto est\u00e1 abierto al p\u00fablico en general y la entrada a la conferencia es gratuita.<br>M\u00e1s informaci\u00f3n en la p\u00e1gina web del Museo Regional de Pre\u0161ov y en sus redes sociales.<br>redes.<\/p>\n\n\n\n<p class=\"has-text-align-left\">Fuente: Museo Regional de Pre\u0161ov<br>Foto: Museo Regional de Pre\u0161ov<\/p>\n\n\n\n<p><\/p>","protected":false},"excerpt":{"rendered":"<p>El Museo Regional de Pre\u0161ov volver\u00e1 a participar en la Semana Nacional del Matrimonio en 2026....<\/p>","protected":false},"author":3,"featured_media":3512,"comment_status":"closed","ping_status":"closed","sticky":false,"template":"","format":"standard","meta":{"_acf_changed":false,"footnotes":""},"categories":[1],"tags":[],"class_list":["post-3514","post","type-post","status-publish","format-standard","has-post-thumbnail","hentry","category-novinky"],"acf":[],"yoast_head":"<!-- This site is optimized with the Yoast SEO Premium plugin v26.3 (Yoast SEO v26.8) - https:\/\/yoast.com\/product\/yoast-seo-premium-wordpress\/ -->\n<title>Krajsk\u00e9 m\u00fazeum v\u00a0Pre\u0161ove sa zap\u00e1ja do N\u00e1rodn\u00e9ho t\u00fd\u017ed\u0148a man\u017eelstva: zv\u00fdhodnen\u00e9 vstupn\u00e9 aj tematick\u00fd \u010caj o\u00a0piatej - OOCR \u0160ari\u0161<\/title>\n<meta name=\"description\" content=\"Krajsk\u00e9 m\u00fazeum v Pre\u0161ove v\u00e1s pri pr\u00edle\u017eitosti N\u00e1rodn\u00e9ho t\u00fd\u017ede\u0148a man\u017eelstva poz\u00fdva na R\u00e1kociho \u010daj o piatej.\" \/>\n<meta name=\"robots\" content=\"index, follow, max-snippet:-1, max-image-preview:large, max-video-preview:-1\" \/>\n<link rel=\"canonical\" href=\"https:\/\/www.regionsaris.sk\/es\/krajske-muzeum-v-presove-sa-zapaja-do-narodneho-tyzdna-manzelstva-zvyhodnene-vstupne-aj-tematicky-caj-o-piatej\/\" \/>\n<meta property=\"og:locale\" content=\"es_ES\" \/>\n<meta property=\"og:type\" content=\"article\" \/>\n<meta property=\"og:title\" content=\"Krajsk\u00e9 m\u00fazeum v\u00a0Pre\u0161ove sa zap\u00e1ja do N\u00e1rodn\u00e9ho t\u00fd\u017ed\u0148a man\u017eelstva: zv\u00fdhodnen\u00e9 vstupn\u00e9 aj tematick\u00fd \u010caj o\u00a0piatej\" \/>\n<meta property=\"og:description\" content=\"Krajsk\u00e9 m\u00fazeum v Pre\u0161ove v\u00e1s pri pr\u00edle\u017eitosti N\u00e1rodn\u00e9ho t\u00fd\u017ede\u0148a man\u017eelstva poz\u00fdva na R\u00e1kociho \u010daj o piatej.\" \/>\n<meta property=\"og:url\" content=\"https:\/\/www.regionsaris.sk\/es\/krajske-muzeum-v-presove-sa-zapaja-do-narodneho-tyzdna-manzelstva-zvyhodnene-vstupne-aj-tematicky-caj-o-piatej\/\" \/>\n<meta property=\"og:site_name\" content=\"OOCR \u0160ari\u0161\" \/>\n<meta property=\"article:published_time\" content=\"2026-02-09T07:38:43+00:00\" \/>\n<meta property=\"article:modified_time\" content=\"2026-02-15T16:37:31+00:00\" \/>\n<meta property=\"og:image\" content=\"https:\/\/www.regionsaris.sk\/wp-content\/uploads\/2026\/02\/c203ac48-scaled.jpeg\" \/>\n\t<meta property=\"og:image:width\" content=\"1810\" \/>\n\t<meta property=\"og:image:height\" content=\"2560\" \/>\n\t<meta property=\"og:image:type\" content=\"image\/jpeg\" \/>\n<meta name=\"author\" content=\"marketing\" \/>\n<meta name=\"twitter:card\" content=\"summary_large_image\" \/>\n<meta name=\"twitter:label1\" content=\"Escrito por\" \/>\n\t<meta name=\"twitter:data1\" content=\"marketing\" \/>\n\t<meta name=\"twitter:label2\" content=\"Tiempo de lectura\" \/>\n\t<meta name=\"twitter:data2\" content=\"2 minutos\" \/>\n<script type=\"application\/ld+json\" class=\"yoast-schema-graph\">{\"@context\":\"https:\/\/schema.org\",\"@graph\":[{\"@type\":\"Article\",\"@id\":\"https:\/\/www.regionsaris.sk\/krajske-muzeum-v-presove-sa-zapaja-do-narodneho-tyzdna-manzelstva-zvyhodnene-vstupne-aj-tematicky-caj-o-piatej\/#article\",\"isPartOf\":{\"@id\":\"https:\/\/www.regionsaris.sk\/krajske-muzeum-v-presove-sa-zapaja-do-narodneho-tyzdna-manzelstva-zvyhodnene-vstupne-aj-tematicky-caj-o-piatej\/\"},\"author\":{\"name\":\"marketing\",\"@id\":\"https:\/\/www.regionsaris.sk\/#\/schema\/person\/ec8d3b7d0a3a7dad307f10116198d0b5\"},\"headline\":\"Krajsk\u00e9 m\u00fazeum v\u00a0Pre\u0161ove sa zap\u00e1ja do N\u00e1rodn\u00e9ho t\u00fd\u017ed\u0148a man\u017eelstva: zv\u00fdhodnen\u00e9 vstupn\u00e9 aj tematick\u00fd \u010caj o\u00a0piatej\",\"datePublished\":\"2026-02-09T07:38:43+00:00\",\"dateModified\":\"2026-02-15T16:37:31+00:00\",\"mainEntityOfPage\":{\"@id\":\"https:\/\/www.regionsaris.sk\/krajske-muzeum-v-presove-sa-zapaja-do-narodneho-tyzdna-manzelstva-zvyhodnene-vstupne-aj-tematicky-caj-o-piatej\/\"},\"wordCount\":332,\"image\":{\"@id\":\"https:\/\/www.regionsaris.sk\/krajske-muzeum-v-presove-sa-zapaja-do-narodneho-tyzdna-manzelstva-zvyhodnene-vstupne-aj-tematicky-caj-o-piatej\/#primaryimage\"},\"thumbnailUrl\":\"https:\/\/www.regionsaris.sk\/wp-content\/uploads\/2026\/02\/c203ac48-scaled.jpeg\",\"articleSection\":[\"Novinky\"],\"inLanguage\":\"es\"},{\"@type\":\"WebPage\",\"@id\":\"https:\/\/www.regionsaris.sk\/krajske-muzeum-v-presove-sa-zapaja-do-narodneho-tyzdna-manzelstva-zvyhodnene-vstupne-aj-tematicky-caj-o-piatej\/\",\"url\":\"https:\/\/www.regionsaris.sk\/krajske-muzeum-v-presove-sa-zapaja-do-narodneho-tyzdna-manzelstva-zvyhodnene-vstupne-aj-tematicky-caj-o-piatej\/\",\"name\":\"Krajsk\u00e9 m\u00fazeum v\u00a0Pre\u0161ove sa zap\u00e1ja do N\u00e1rodn\u00e9ho t\u00fd\u017ed\u0148a man\u017eelstva: zv\u00fdhodnen\u00e9 vstupn\u00e9 aj tematick\u00fd \u010caj o\u00a0piatej - OOCR \u0160ari\u0161\",\"isPartOf\":{\"@id\":\"https:\/\/www.regionsaris.sk\/#website\"},\"primaryImageOfPage\":{\"@id\":\"https:\/\/www.regionsaris.sk\/krajske-muzeum-v-presove-sa-zapaja-do-narodneho-tyzdna-manzelstva-zvyhodnene-vstupne-aj-tematicky-caj-o-piatej\/#primaryimage\"},\"image\":{\"@id\":\"https:\/\/www.regionsaris.sk\/krajske-muzeum-v-presove-sa-zapaja-do-narodneho-tyzdna-manzelstva-zvyhodnene-vstupne-aj-tematicky-caj-o-piatej\/#primaryimage\"},\"thumbnailUrl\":\"https:\/\/www.regionsaris.sk\/wp-content\/uploads\/2026\/02\/c203ac48-scaled.jpeg\",\"datePublished\":\"2026-02-09T07:38:43+00:00\",\"dateModified\":\"2026-02-15T16:37:31+00:00\",\"author\":{\"@id\":\"https:\/\/www.regionsaris.sk\/#\/schema\/person\/ec8d3b7d0a3a7dad307f10116198d0b5\"},\"description\":\"Krajsk\u00e9 m\u00fazeum v Pre\u0161ove v\u00e1s pri pr\u00edle\u017eitosti N\u00e1rodn\u00e9ho t\u00fd\u017ede\u0148a man\u017eelstva poz\u00fdva na R\u00e1kociho \u010daj o piatej.\",\"breadcrumb\":{\"@id\":\"https:\/\/www.regionsaris.sk\/krajske-muzeum-v-presove-sa-zapaja-do-narodneho-tyzdna-manzelstva-zvyhodnene-vstupne-aj-tematicky-caj-o-piatej\/#breadcrumb\"},\"inLanguage\":\"es\",\"potentialAction\":[{\"@type\":\"ReadAction\",\"target\":[\"https:\/\/www.regionsaris.sk\/krajske-muzeum-v-presove-sa-zapaja-do-narodneho-tyzdna-manzelstva-zvyhodnene-vstupne-aj-tematicky-caj-o-piatej\/\"]}]},{\"@type\":\"ImageObject\",\"inLanguage\":\"es\",\"@id\":\"https:\/\/www.regionsaris.sk\/krajske-muzeum-v-presove-sa-zapaja-do-narodneho-tyzdna-manzelstva-zvyhodnene-vstupne-aj-tematicky-caj-o-piatej\/#primaryimage\",\"url\":\"https:\/\/www.regionsaris.sk\/wp-content\/uploads\/2026\/02\/c203ac48-scaled.jpeg\",\"contentUrl\":\"https:\/\/www.regionsaris.sk\/wp-content\/uploads\/2026\/02\/c203ac48-scaled.jpeg\",\"width\":1810,\"height\":2560},{\"@type\":\"BreadcrumbList\",\"@id\":\"https:\/\/www.regionsaris.sk\/krajske-muzeum-v-presove-sa-zapaja-do-narodneho-tyzdna-manzelstva-zvyhodnene-vstupne-aj-tematicky-caj-o-piatej\/#breadcrumb\",\"itemListElement\":[{\"@type\":\"ListItem\",\"position\":1,\"name\":\"Domov\",\"item\":\"https:\/\/www.regionsaris.sk\/\"},{\"@type\":\"ListItem\",\"position\":2,\"name\":\"Krajsk\u00e9 m\u00fazeum v\u00a0Pre\u0161ove sa zap\u00e1ja do N\u00e1rodn\u00e9ho t\u00fd\u017ed\u0148a man\u017eelstva: zv\u00fdhodnen\u00e9 vstupn\u00e9 aj tematick\u00fd \u010caj o\u00a0piatej\"}]},{\"@type\":\"WebSite\",\"@id\":\"https:\/\/www.regionsaris.sk\/#website\",\"url\":\"https:\/\/www.regionsaris.sk\/\",\"name\":\"OOCR \u0160ari\u0161\",\"description\":\"\",\"potentialAction\":[{\"@type\":\"SearchAction\",\"target\":{\"@type\":\"EntryPoint\",\"urlTemplate\":\"https:\/\/www.regionsaris.sk\/?s={search_term_string}\"},\"query-input\":{\"@type\":\"PropertyValueSpecification\",\"valueRequired\":true,\"valueName\":\"search_term_string\"}}],\"inLanguage\":\"es\"},{\"@type\":\"Person\",\"@id\":\"https:\/\/www.regionsaris.sk\/#\/schema\/person\/ec8d3b7d0a3a7dad307f10116198d0b5\",\"name\":\"marketing\",\"image\":{\"@type\":\"ImageObject\",\"inLanguage\":\"es\",\"@id\":\"https:\/\/www.regionsaris.sk\/#\/schema\/person\/image\/\",\"url\":\"https:\/\/secure.gravatar.com\/avatar\/d86c85c214091923000a199276e541a97ba20b5109e7b00260a23abc26f5b6c1?s=96&d=mm&r=g\",\"contentUrl\":\"https:\/\/secure.gravatar.com\/avatar\/d86c85c214091923000a199276e541a97ba20b5109e7b00260a23abc26f5b6c1?s=96&d=mm&r=g\",\"caption\":\"marketing\"},\"url\":\"https:\/\/www.regionsaris.sk\/es\/author\/marketing\/\"}]}<\/script>\n<!-- \/ Yoast SEO Premium plugin. -->","yoast_head_json":{"title":"Krajsk\u00e9 m\u00fazeum v\u00a0Pre\u0161ove sa zap\u00e1ja do N\u00e1rodn\u00e9ho t\u00fd\u017ed\u0148a man\u017eelstva: zv\u00fdhodnen\u00e9 vstupn\u00e9 aj tematick\u00fd \u010caj o\u00a0piatej - OOCR \u0160ari\u0161","description":"Krajsk\u00e9 m\u00fazeum v Pre\u0161ove v\u00e1s pri pr\u00edle\u017eitosti N\u00e1rodn\u00e9ho t\u00fd\u017ede\u0148a man\u017eelstva poz\u00fdva na R\u00e1kociho \u010daj o piatej.","robots":{"index":"index","follow":"follow","max-snippet":"max-snippet:-1","max-image-preview":"max-image-preview:large","max-video-preview":"max-video-preview:-1"},"canonical":"https:\/\/www.regionsaris.sk\/es\/krajske-muzeum-v-presove-sa-zapaja-do-narodneho-tyzdna-manzelstva-zvyhodnene-vstupne-aj-tematicky-caj-o-piatej\/","og_locale":"es_ES","og_type":"article","og_title":"Krajsk\u00e9 m\u00fazeum v\u00a0Pre\u0161ove sa zap\u00e1ja do N\u00e1rodn\u00e9ho t\u00fd\u017ed\u0148a man\u017eelstva: zv\u00fdhodnen\u00e9 vstupn\u00e9 aj tematick\u00fd \u010caj o\u00a0piatej","og_description":"Krajsk\u00e9 m\u00fazeum v Pre\u0161ove v\u00e1s pri pr\u00edle\u017eitosti N\u00e1rodn\u00e9ho t\u00fd\u017ede\u0148a man\u017eelstva poz\u00fdva na R\u00e1kociho \u010daj o piatej.","og_url":"https:\/\/www.regionsaris.sk\/es\/krajske-muzeum-v-presove-sa-zapaja-do-narodneho-tyzdna-manzelstva-zvyhodnene-vstupne-aj-tematicky-caj-o-piatej\/","og_site_name":"OOCR \u0160ari\u0161","article_published_time":"2026-02-09T07:38:43+00:00","article_modified_time":"2026-02-15T16:37:31+00:00","og_image":[{"width":1810,"height":2560,"url":"https:\/\/www.regionsaris.sk\/wp-content\/uploads\/2026\/02\/c203ac48-scaled.jpeg","type":"image\/jpeg"}],"author":"marketing","twitter_card":"summary_large_image","twitter_misc":{"Escrito por":"marketing","Tiempo de lectura":"2 minutos"},"schema":{"@context":"https:\/\/schema.org","@graph":[{"@type":"Article","@id":"https:\/\/www.regionsaris.sk\/krajske-muzeum-v-presove-sa-zapaja-do-narodneho-tyzdna-manzelstva-zvyhodnene-vstupne-aj-tematicky-caj-o-piatej\/#article","isPartOf":{"@id":"https:\/\/www.regionsaris.sk\/krajske-muzeum-v-presove-sa-zapaja-do-narodneho-tyzdna-manzelstva-zvyhodnene-vstupne-aj-tematicky-caj-o-piatej\/"},"author":{"name":"marketing","@id":"https:\/\/www.regionsaris.sk\/#\/schema\/person\/ec8d3b7d0a3a7dad307f10116198d0b5"},"headline":"Krajsk\u00e9 m\u00fazeum v\u00a0Pre\u0161ove sa zap\u00e1ja do N\u00e1rodn\u00e9ho t\u00fd\u017ed\u0148a man\u017eelstva: zv\u00fdhodnen\u00e9 vstupn\u00e9 aj tematick\u00fd \u010caj o\u00a0piatej","datePublished":"2026-02-09T07:38:43+00:00","dateModified":"2026-02-15T16:37:31+00:00","mainEntityOfPage":{"@id":"https:\/\/www.regionsaris.sk\/krajske-muzeum-v-presove-sa-zapaja-do-narodneho-tyzdna-manzelstva-zvyhodnene-vstupne-aj-tematicky-caj-o-piatej\/"},"wordCount":332,"image":{"@id":"https:\/\/www.regionsaris.sk\/krajske-muzeum-v-presove-sa-zapaja-do-narodneho-tyzdna-manzelstva-zvyhodnene-vstupne-aj-tematicky-caj-o-piatej\/#primaryimage"},"thumbnailUrl":"https:\/\/www.regionsaris.sk\/wp-content\/uploads\/2026\/02\/c203ac48-scaled.jpeg","articleSection":["Novinky"],"inLanguage":"es"},{"@type":"WebPage","@id":"https:\/\/www.regionsaris.sk\/krajske-muzeum-v-presove-sa-zapaja-do-narodneho-tyzdna-manzelstva-zvyhodnene-vstupne-aj-tematicky-caj-o-piatej\/","url":"https:\/\/www.regionsaris.sk\/krajske-muzeum-v-presove-sa-zapaja-do-narodneho-tyzdna-manzelstva-zvyhodnene-vstupne-aj-tematicky-caj-o-piatej\/","name":"Krajsk\u00e9 m\u00fazeum v\u00a0Pre\u0161ove sa zap\u00e1ja do N\u00e1rodn\u00e9ho t\u00fd\u017ed\u0148a man\u017eelstva: zv\u00fdhodnen\u00e9 vstupn\u00e9 aj tematick\u00fd \u010caj o\u00a0piatej - OOCR \u0160ari\u0161","isPartOf":{"@id":"https:\/\/www.regionsaris.sk\/#website"},"primaryImageOfPage":{"@id":"https:\/\/www.regionsaris.sk\/krajske-muzeum-v-presove-sa-zapaja-do-narodneho-tyzdna-manzelstva-zvyhodnene-vstupne-aj-tematicky-caj-o-piatej\/#primaryimage"},"image":{"@id":"https:\/\/www.regionsaris.sk\/krajske-muzeum-v-presove-sa-zapaja-do-narodneho-tyzdna-manzelstva-zvyhodnene-vstupne-aj-tematicky-caj-o-piatej\/#primaryimage"},"thumbnailUrl":"https:\/\/www.regionsaris.sk\/wp-content\/uploads\/2026\/02\/c203ac48-scaled.jpeg","datePublished":"2026-02-09T07:38:43+00:00","dateModified":"2026-02-15T16:37:31+00:00","author":{"@id":"https:\/\/www.regionsaris.sk\/#\/schema\/person\/ec8d3b7d0a3a7dad307f10116198d0b5"},"description":"Krajsk\u00e9 m\u00fazeum v Pre\u0161ove v\u00e1s pri pr\u00edle\u017eitosti N\u00e1rodn\u00e9ho t\u00fd\u017ede\u0148a man\u017eelstva poz\u00fdva na R\u00e1kociho \u010daj o piatej.","breadcrumb":{"@id":"https:\/\/www.regionsaris.sk\/krajske-muzeum-v-presove-sa-zapaja-do-narodneho-tyzdna-manzelstva-zvyhodnene-vstupne-aj-tematicky-caj-o-piatej\/#breadcrumb"},"inLanguage":"es","potentialAction":[{"@type":"ReadAction","target":["https:\/\/www.regionsaris.sk\/krajske-muzeum-v-presove-sa-zapaja-do-narodneho-tyzdna-manzelstva-zvyhodnene-vstupne-aj-tematicky-caj-o-piatej\/"]}]},{"@type":"ImageObject","inLanguage":"es","@id":"https:\/\/www.regionsaris.sk\/krajske-muzeum-v-presove-sa-zapaja-do-narodneho-tyzdna-manzelstva-zvyhodnene-vstupne-aj-tematicky-caj-o-piatej\/#primaryimage","url":"https:\/\/www.regionsaris.sk\/wp-content\/uploads\/2026\/02\/c203ac48-scaled.jpeg","contentUrl":"https:\/\/www.regionsaris.sk\/wp-content\/uploads\/2026\/02\/c203ac48-scaled.jpeg","width":1810,"height":2560},{"@type":"BreadcrumbList","@id":"https:\/\/www.regionsaris.sk\/krajske-muzeum-v-presove-sa-zapaja-do-narodneho-tyzdna-manzelstva-zvyhodnene-vstupne-aj-tematicky-caj-o-piatej\/#breadcrumb","itemListElement":[{"@type":"ListItem","position":1,"name":"Domov","item":"https:\/\/www.regionsaris.sk\/"},{"@type":"ListItem","position":2,"name":"Krajsk\u00e9 m\u00fazeum v\u00a0Pre\u0161ove sa zap\u00e1ja do N\u00e1rodn\u00e9ho t\u00fd\u017ed\u0148a man\u017eelstva: zv\u00fdhodnen\u00e9 vstupn\u00e9 aj tematick\u00fd \u010caj o\u00a0piatej"}]},{"@type":"WebSite","@id":"https:\/\/www.regionsaris.sk\/#website","url":"https:\/\/www.regionsaris.sk\/","name":"OOCR \u0160ari\u0161","description":"","potentialAction":[{"@type":"SearchAction","target":{"@type":"EntryPoint","urlTemplate":"https:\/\/www.regionsaris.sk\/?s={search_term_string}"},"query-input":{"@type":"PropertyValueSpecification","valueRequired":true,"valueName":"search_term_string"}}],"inLanguage":"es"},{"@type":"Person","@id":"https:\/\/www.regionsaris.sk\/#\/schema\/person\/ec8d3b7d0a3a7dad307f10116198d0b5","name":"marketing","image":{"@type":"ImageObject","inLanguage":"es","@id":"https:\/\/www.regionsaris.sk\/#\/schema\/person\/image\/","url":"https:\/\/secure.gravatar.com\/avatar\/d86c85c214091923000a199276e541a97ba20b5109e7b00260a23abc26f5b6c1?s=96&d=mm&r=g","contentUrl":"https:\/\/secure.gravatar.com\/avatar\/d86c85c214091923000a199276e541a97ba20b5109e7b00260a23abc26f5b6c1?s=96&d=mm&r=g","caption":"marketing"},"url":"https:\/\/www.regionsaris.sk\/es\/author\/marketing\/"}]}},"_links":{"self":[{"href":"https:\/\/www.regionsaris.sk\/es\/wp-json\/wp\/v2\/posts\/3514","targetHints":{"allow":["GET"]}}],"collection":[{"href":"https:\/\/www.regionsaris.sk\/es\/wp-json\/wp\/v2\/posts"}],"about":[{"href":"https:\/\/www.regionsaris.sk\/es\/wp-json\/wp\/v2\/types\/post"}],"author":[{"embeddable":true,"href":"https:\/\/www.regionsaris.sk\/es\/wp-json\/wp\/v2\/users\/3"}],"replies":[{"embeddable":true,"href":"https:\/\/www.regionsaris.sk\/es\/wp-json\/wp\/v2\/comments?post=3514"}],"version-history":[{"count":5,"href":"https:\/\/www.regionsaris.sk\/es\/wp-json\/wp\/v2\/posts\/3514\/revisions"}],"predecessor-version":[{"id":3640,"href":"https:\/\/www.regionsaris.sk\/es\/wp-json\/wp\/v2\/posts\/3514\/revisions\/3640"}],"wp:featuredmedia":[{"embeddable":true,"href":"https:\/\/www.regionsaris.sk\/es\/wp-json\/wp\/v2\/media\/3512"}],"wp:attachment":[{"href":"https:\/\/www.regionsaris.sk\/es\/wp-json\/wp\/v2\/media?parent=3514"}],"wp:term":[{"taxonomy":"category","embeddable":true,"href":"https:\/\/www.regionsaris.sk\/es\/wp-json\/wp\/v2\/categories?post=3514"},{"taxonomy":"post_tag","embeddable":true,"href":"https:\/\/www.regionsaris.sk\/es\/wp-json\/wp\/v2\/tags?post=3514"}],"curies":[{"name":"wp","href":"https:\/\/api.w.org\/{rel}","templated":true}]}}