{"id":309,"date":"2022-09-14T08:42:13","date_gmt":"2022-09-14T07:42:13","guid":{"rendered":"https:\/\/www.regionsaris.sk\/na-lysu-sa-pobezi-po-druhykrat\/"},"modified":"2025-12-15T10:06:17","modified_gmt":"2025-12-15T09:06:17","slug":"na-lysu-sa-pobezi-po-druhykrat","status":"publish","type":"post","link":"https:\/\/www.regionsaris.sk\/es\/na-lysu-sa-pobezi-po-druhykrat\/","title":{"rendered":"Lys\u00e1 se correr\u00e1 por segunda vez"},"content":{"rendered":"<p style=\"text-align: left;\"><strong>Tras el \u00e9xito de la carrera del a\u00f1o pasado, SKI LYS\u00c1 ha preparado la 2\u00aa edici\u00f3n de la MOUNTAIN RUN PARA LOS AMANTES DEL RUNNING.<\/strong> <strong>LYSU. <\/strong><strong>Adem\u00e1s del rendimiento deportivo, los participantes ser\u00e1n recompensados con premios en especie. Ven a competir en el coraz\u00f3n de \u010cergov en Lys\u00e1 el s\u00e1bado 17 de septiembre de 2022.\u00a0<\/strong><\/p>\n<img loading=\"lazy\" decoding=\"async\" class=\"aligncenter wp-image-11306 size-full\" src=\"https:\/\/www.regionsaris.sk\/wp-content\/uploads\/2025\/12\/IMG_1062-scaled-1.jpg\" alt=\"\" width=\"2560\" height=\"1920\" \/>\n<div class=\"elementor-element elementor-element-0bfad34 elementor-widget elementor-widget-text-editor\" data-id=\"0bfad34\" data-element_type=\"widget\" data-widget_type=\"text-editor.default\">\n<div class=\"elementor-widget-container\">\n<div class=\"elementor-text-editor elementor-clearfix\">\n\nComienza la carrera principal <strong>a partir de las 10:00 horas<\/strong> desde la estaci\u00f3n de embarque del telesilla SKI Lys\u00e1 Drienica. La ruta de esqu\u00ed de fondo discurre por la ruta de senderismo azul a trav\u00e9s del Altar de Piedra, con el objetivo de subir hasta la cima de Lys\u00e1 a una altitud de 1 068 m. La longitud de la ruta es de 3,7 km con una elevaci\u00f3n de 423 m.\n\nLa inscripci\u00f3n de competidores para el 2\u00ba a\u00f1o de la carrera denominada Carrera de Monta\u00f1a a Lys\u00e1 tambi\u00e9n est\u00e1 disponible a trav\u00e9s de <strong>formulario de inscripci\u00f3n<\/strong> en la p\u00e1gina <a href=\"https:\/\/www.skilysa.sk\/horsky-beh-na-lysu-2\/?fbclid=IwAR1VGOK_DQdfqwln4bii3Aqadn45cfvmV33Jy2DWqq-scUgv0XzQfPs1uIQ\" target=\"_blank\" rel=\"noopener\">www.skilysa.sk\/horsky-beh-na-lysu<\/a>. Al inscribirse en l\u00ednea, la cuota de inscripci\u00f3n es de 9 \u20ac, que incluye comida, refrescos y un regalo incluido en el precio para los competidores inscritos en l\u00ednea. El d\u00eda de la carrera, los participantes podr\u00e1n inscribirse in situ de 08:30 a 09:30 por un precio de 10\u20ac.\n\n<img loading=\"lazy\" decoding=\"async\" class=\"aligncenter wp-image-11310 size-full\" src=\"https:\/\/www.regionsaris.sk\/wp-content\/uploads\/2025\/12\/IMG_1174-scaled-1.jpg\" alt=\"\" width=\"2560\" height=\"1920\" \/>\n\nLos tres primeros puestos de cada categor\u00eda ser\u00e1n <strong>recompensados con premios en especie<\/strong>. Adem\u00e1s de la buena sensaci\u00f3n del rendimiento deportivo, el participante tambi\u00e9n puede sentirse motivado de la siguiente manera. La evaluaci\u00f3n de la carrera tendr\u00e1 lugar <strong>en el Mountain Sport Chalet a las 12.30 horas.<\/strong>.\n\n<strong>Categor\u00eda<\/strong>\n<div class=\"elementor-element elementor-element-9925b51 elementor-widget elementor-widget-text-editor\" data-id=\"9925b51\" data-element_type=\"widget\" data-widget_type=\"text-editor.default\">\n<div class=\"elementor-widget-container\">\n<div class=\"elementor-text-editor elementor-clearfix\">\n\nJuniors + Juniors 2003-2006\n\nHombres A : 2002-1982\n\nHombres B : 1981- 1972\n\nHombres C : 1971- 1961\n\nHombres D 1961- ... mayores\n\nMujeres A: 2002- 1987\n\nMujeres B : 1986-1972\n\nMujeres C de 1971 en adelante\n\n<\/div>\n<\/div>\n<\/div>\n<\/div>\n<\/div>\n<\/div>\nEstamos deseando verle.","protected":false},"excerpt":{"rendered":"<p>Po \u00faspe\u0161nom minuloro\u010dnom preteku, pripravila SKI LYS\u00c1 aj tentokr\u00e1t pre milovn\u00edkov behu 2. ro\u010dn\u00edk HORSK\u00c9HO...<\/p>","protected":false},"author":1,"featured_media":310,"comment_status":"open","ping_status":"open","sticky":false,"template":"","format":"standard","meta":{"_acf_changed":false,"footnotes":""},"categories":[1],"tags":[],"class_list":["post-309","post","type-post","status-publish","format-standard","has-post-thumbnail","hentry","category-novinky"],"acf":[],"yoast_head":"<!-- This site is optimized with the Yoast SEO Premium plugin v26.3 (Yoast SEO v26.8) - https:\/\/yoast.com\/product\/yoast-seo-premium-wordpress\/ -->\n<title>Na Lys\u00fa sa pobe\u017e\u00ed po druhykr\u00e1t - OOCR \u0160ari\u0161<\/title>\n<meta name=\"robots\" content=\"index, follow, max-snippet:-1, max-image-preview:large, max-video-preview:-1\" \/>\n<link rel=\"canonical\" href=\"https:\/\/www.regionsaris.sk\/es\/na-lysu-sa-pobezi-po-druhykrat\/\" \/>\n<meta property=\"og:locale\" content=\"es_ES\" \/>\n<meta property=\"og:type\" content=\"article\" \/>\n<meta property=\"og:title\" content=\"Na Lys\u00fa sa pobe\u017e\u00ed po druhykr\u00e1t\" \/>\n<meta property=\"og:description\" content=\"Po \u00faspe\u0161nom minuloro\u010dnom preteku, pripravila SKI LYS\u00c1 aj tentokr\u00e1t pre milovn\u00edkov behu 2. ro\u010dn\u00edk HORSK\u00c9HO...\" \/>\n<meta property=\"og:url\" content=\"https:\/\/www.regionsaris.sk\/es\/na-lysu-sa-pobezi-po-druhykrat\/\" \/>\n<meta property=\"og:site_name\" content=\"OOCR \u0160ari\u0161\" \/>\n<meta property=\"article:published_time\" content=\"2022-09-14T07:42:13+00:00\" \/>\n<meta property=\"article:modified_time\" content=\"2025-12-15T09:06:17+00:00\" \/>\n<meta property=\"og:image\" content=\"https:\/\/www.regionsaris.sk\/wp-content\/uploads\/2025\/12\/IMG_1062-scaled-1.jpg\" \/>\n\t<meta property=\"og:image:width\" content=\"2560\" \/>\n\t<meta property=\"og:image:height\" content=\"1920\" \/>\n\t<meta property=\"og:image:type\" content=\"image\/jpeg\" \/>\n<meta name=\"author\" content=\"dev@bigway.sk\" \/>\n<meta name=\"twitter:card\" content=\"summary_large_image\" \/>\n<meta name=\"twitter:label1\" content=\"Escrito por\" \/>\n\t<meta name=\"twitter:data1\" content=\"dev@bigway.sk\" \/>\n\t<meta name=\"twitter:label2\" content=\"Tiempo de lectura\" \/>\n\t<meta name=\"twitter:data2\" content=\"1 minuto\" \/>\n<script type=\"application\/ld+json\" class=\"yoast-schema-graph\">{\"@context\":\"https:\/\/schema.org\",\"@graph\":[{\"@type\":\"Article\",\"@id\":\"https:\/\/www.regionsaris.sk\/na-lysu-sa-pobezi-po-druhykrat\/#article\",\"isPartOf\":{\"@id\":\"https:\/\/www.regionsaris.sk\/na-lysu-sa-pobezi-po-druhykrat\/\"},\"author\":{\"name\":\"dev@bigway.sk\",\"@id\":\"https:\/\/www.regionsaris.sk\/#\/schema\/person\/30fad06d87cd12ad1d94ff5fbd6919d1\"},\"headline\":\"Na Lys\u00fa sa pobe\u017e\u00ed po druhykr\u00e1t\",\"datePublished\":\"2022-09-14T07:42:13+00:00\",\"dateModified\":\"2025-12-15T09:06:17+00:00\",\"mainEntityOfPage\":{\"@id\":\"https:\/\/www.regionsaris.sk\/na-lysu-sa-pobezi-po-druhykrat\/\"},\"wordCount\":268,\"commentCount\":0,\"image\":{\"@id\":\"https:\/\/www.regionsaris.sk\/na-lysu-sa-pobezi-po-druhykrat\/#primaryimage\"},\"thumbnailUrl\":\"https:\/\/www.regionsaris.sk\/wp-content\/uploads\/2025\/12\/IMG_1062-scaled-1.jpg\",\"articleSection\":[\"Novinky\"],\"inLanguage\":\"es\",\"potentialAction\":[{\"@type\":\"CommentAction\",\"name\":\"Comment\",\"target\":[\"https:\/\/www.regionsaris.sk\/na-lysu-sa-pobezi-po-druhykrat\/#respond\"]}]},{\"@type\":\"WebPage\",\"@id\":\"https:\/\/www.regionsaris.sk\/na-lysu-sa-pobezi-po-druhykrat\/\",\"url\":\"https:\/\/www.regionsaris.sk\/na-lysu-sa-pobezi-po-druhykrat\/\",\"name\":\"Na Lys\u00fa sa pobe\u017e\u00ed po druhykr\u00e1t - OOCR \u0160ari\u0161\",\"isPartOf\":{\"@id\":\"https:\/\/www.regionsaris.sk\/#website\"},\"primaryImageOfPage\":{\"@id\":\"https:\/\/www.regionsaris.sk\/na-lysu-sa-pobezi-po-druhykrat\/#primaryimage\"},\"image\":{\"@id\":\"https:\/\/www.regionsaris.sk\/na-lysu-sa-pobezi-po-druhykrat\/#primaryimage\"},\"thumbnailUrl\":\"https:\/\/www.regionsaris.sk\/wp-content\/uploads\/2025\/12\/IMG_1062-scaled-1.jpg\",\"datePublished\":\"2022-09-14T07:42:13+00:00\",\"dateModified\":\"2025-12-15T09:06:17+00:00\",\"author\":{\"@id\":\"https:\/\/www.regionsaris.sk\/#\/schema\/person\/30fad06d87cd12ad1d94ff5fbd6919d1\"},\"breadcrumb\":{\"@id\":\"https:\/\/www.regionsaris.sk\/na-lysu-sa-pobezi-po-druhykrat\/#breadcrumb\"},\"inLanguage\":\"es\",\"potentialAction\":[{\"@type\":\"ReadAction\",\"target\":[\"https:\/\/www.regionsaris.sk\/na-lysu-sa-pobezi-po-druhykrat\/\"]}]},{\"@type\":\"ImageObject\",\"inLanguage\":\"es\",\"@id\":\"https:\/\/www.regionsaris.sk\/na-lysu-sa-pobezi-po-druhykrat\/#primaryimage\",\"url\":\"https:\/\/www.regionsaris.sk\/wp-content\/uploads\/2025\/12\/IMG_1062-scaled-1.jpg\",\"contentUrl\":\"https:\/\/www.regionsaris.sk\/wp-content\/uploads\/2025\/12\/IMG_1062-scaled-1.jpg\",\"width\":2560,\"height\":1920},{\"@type\":\"BreadcrumbList\",\"@id\":\"https:\/\/www.regionsaris.sk\/na-lysu-sa-pobezi-po-druhykrat\/#breadcrumb\",\"itemListElement\":[{\"@type\":\"ListItem\",\"position\":1,\"name\":\"Domov\",\"item\":\"https:\/\/www.regionsaris.sk\/\"},{\"@type\":\"ListItem\",\"position\":2,\"name\":\"Na Lys\u00fa sa pobe\u017e\u00ed po druhykr\u00e1t\"}]},{\"@type\":\"WebSite\",\"@id\":\"https:\/\/www.regionsaris.sk\/#website\",\"url\":\"https:\/\/www.regionsaris.sk\/\",\"name\":\"OOCR \u0160ari\u0161\",\"description\":\"\",\"potentialAction\":[{\"@type\":\"SearchAction\",\"target\":{\"@type\":\"EntryPoint\",\"urlTemplate\":\"https:\/\/www.regionsaris.sk\/?s={search_term_string}\"},\"query-input\":{\"@type\":\"PropertyValueSpecification\",\"valueRequired\":true,\"valueName\":\"search_term_string\"}}],\"inLanguage\":\"es\"},{\"@type\":\"Person\",\"@id\":\"https:\/\/www.regionsaris.sk\/#\/schema\/person\/30fad06d87cd12ad1d94ff5fbd6919d1\",\"name\":\"dev@bigway.sk\",\"image\":{\"@type\":\"ImageObject\",\"inLanguage\":\"es\",\"@id\":\"https:\/\/www.regionsaris.sk\/#\/schema\/person\/image\/\",\"url\":\"https:\/\/secure.gravatar.com\/avatar\/013b34bc1192067340cff024d72adf40af543d15809da0502beda083cb4f28a2?s=96&d=mm&r=g\",\"contentUrl\":\"https:\/\/secure.gravatar.com\/avatar\/013b34bc1192067340cff024d72adf40af543d15809da0502beda083cb4f28a2?s=96&d=mm&r=g\",\"caption\":\"dev@bigway.sk\"},\"sameAs\":[\"https:\/\/www.regionsaris.sk\"],\"url\":\"https:\/\/www.regionsaris.sk\/es\/author\/devbigway-sk\/\"}]}<\/script>\n<!-- \/ Yoast SEO Premium plugin. -->","yoast_head_json":{"title":"Na Lys\u00fa sa pobe\u017e\u00ed po druhykr\u00e1t - OOCR \u0160ari\u0161","robots":{"index":"index","follow":"follow","max-snippet":"max-snippet:-1","max-image-preview":"max-image-preview:large","max-video-preview":"max-video-preview:-1"},"canonical":"https:\/\/www.regionsaris.sk\/es\/na-lysu-sa-pobezi-po-druhykrat\/","og_locale":"es_ES","og_type":"article","og_title":"Na Lys\u00fa sa pobe\u017e\u00ed po druhykr\u00e1t","og_description":"Po \u00faspe\u0161nom minuloro\u010dnom preteku, pripravila SKI LYS\u00c1 aj tentokr\u00e1t pre milovn\u00edkov behu 2. ro\u010dn\u00edk HORSK\u00c9HO...","og_url":"https:\/\/www.regionsaris.sk\/es\/na-lysu-sa-pobezi-po-druhykrat\/","og_site_name":"OOCR \u0160ari\u0161","article_published_time":"2022-09-14T07:42:13+00:00","article_modified_time":"2025-12-15T09:06:17+00:00","og_image":[{"width":2560,"height":1920,"url":"https:\/\/www.regionsaris.sk\/wp-content\/uploads\/2025\/12\/IMG_1062-scaled-1.jpg","type":"image\/jpeg"}],"author":"dev@bigway.sk","twitter_card":"summary_large_image","twitter_misc":{"Escrito por":"dev@bigway.sk","Tiempo de lectura":"1 minuto"},"schema":{"@context":"https:\/\/schema.org","@graph":[{"@type":"Article","@id":"https:\/\/www.regionsaris.sk\/na-lysu-sa-pobezi-po-druhykrat\/#article","isPartOf":{"@id":"https:\/\/www.regionsaris.sk\/na-lysu-sa-pobezi-po-druhykrat\/"},"author":{"name":"dev@bigway.sk","@id":"https:\/\/www.regionsaris.sk\/#\/schema\/person\/30fad06d87cd12ad1d94ff5fbd6919d1"},"headline":"Na Lys\u00fa sa pobe\u017e\u00ed po druhykr\u00e1t","datePublished":"2022-09-14T07:42:13+00:00","dateModified":"2025-12-15T09:06:17+00:00","mainEntityOfPage":{"@id":"https:\/\/www.regionsaris.sk\/na-lysu-sa-pobezi-po-druhykrat\/"},"wordCount":268,"commentCount":0,"image":{"@id":"https:\/\/www.regionsaris.sk\/na-lysu-sa-pobezi-po-druhykrat\/#primaryimage"},"thumbnailUrl":"https:\/\/www.regionsaris.sk\/wp-content\/uploads\/2025\/12\/IMG_1062-scaled-1.jpg","articleSection":["Novinky"],"inLanguage":"es","potentialAction":[{"@type":"CommentAction","name":"Comment","target":["https:\/\/www.regionsaris.sk\/na-lysu-sa-pobezi-po-druhykrat\/#respond"]}]},{"@type":"WebPage","@id":"https:\/\/www.regionsaris.sk\/na-lysu-sa-pobezi-po-druhykrat\/","url":"https:\/\/www.regionsaris.sk\/na-lysu-sa-pobezi-po-druhykrat\/","name":"Na Lys\u00fa sa pobe\u017e\u00ed po druhykr\u00e1t - OOCR \u0160ari\u0161","isPartOf":{"@id":"https:\/\/www.regionsaris.sk\/#website"},"primaryImageOfPage":{"@id":"https:\/\/www.regionsaris.sk\/na-lysu-sa-pobezi-po-druhykrat\/#primaryimage"},"image":{"@id":"https:\/\/www.regionsaris.sk\/na-lysu-sa-pobezi-po-druhykrat\/#primaryimage"},"thumbnailUrl":"https:\/\/www.regionsaris.sk\/wp-content\/uploads\/2025\/12\/IMG_1062-scaled-1.jpg","datePublished":"2022-09-14T07:42:13+00:00","dateModified":"2025-12-15T09:06:17+00:00","author":{"@id":"https:\/\/www.regionsaris.sk\/#\/schema\/person\/30fad06d87cd12ad1d94ff5fbd6919d1"},"breadcrumb":{"@id":"https:\/\/www.regionsaris.sk\/na-lysu-sa-pobezi-po-druhykrat\/#breadcrumb"},"inLanguage":"es","potentialAction":[{"@type":"ReadAction","target":["https:\/\/www.regionsaris.sk\/na-lysu-sa-pobezi-po-druhykrat\/"]}]},{"@type":"ImageObject","inLanguage":"es","@id":"https:\/\/www.regionsaris.sk\/na-lysu-sa-pobezi-po-druhykrat\/#primaryimage","url":"https:\/\/www.regionsaris.sk\/wp-content\/uploads\/2025\/12\/IMG_1062-scaled-1.jpg","contentUrl":"https:\/\/www.regionsaris.sk\/wp-content\/uploads\/2025\/12\/IMG_1062-scaled-1.jpg","width":2560,"height":1920},{"@type":"BreadcrumbList","@id":"https:\/\/www.regionsaris.sk\/na-lysu-sa-pobezi-po-druhykrat\/#breadcrumb","itemListElement":[{"@type":"ListItem","position":1,"name":"Domov","item":"https:\/\/www.regionsaris.sk\/"},{"@type":"ListItem","position":2,"name":"Na Lys\u00fa sa pobe\u017e\u00ed po druhykr\u00e1t"}]},{"@type":"WebSite","@id":"https:\/\/www.regionsaris.sk\/#website","url":"https:\/\/www.regionsaris.sk\/","name":"OOCR \u0160ari\u0161","description":"","potentialAction":[{"@type":"SearchAction","target":{"@type":"EntryPoint","urlTemplate":"https:\/\/www.regionsaris.sk\/?s={search_term_string}"},"query-input":{"@type":"PropertyValueSpecification","valueRequired":true,"valueName":"search_term_string"}}],"inLanguage":"es"},{"@type":"Person","@id":"https:\/\/www.regionsaris.sk\/#\/schema\/person\/30fad06d87cd12ad1d94ff5fbd6919d1","name":"dev@bigway.sk","image":{"@type":"ImageObject","inLanguage":"es","@id":"https:\/\/www.regionsaris.sk\/#\/schema\/person\/image\/","url":"https:\/\/secure.gravatar.com\/avatar\/013b34bc1192067340cff024d72adf40af543d15809da0502beda083cb4f28a2?s=96&d=mm&r=g","contentUrl":"https:\/\/secure.gravatar.com\/avatar\/013b34bc1192067340cff024d72adf40af543d15809da0502beda083cb4f28a2?s=96&d=mm&r=g","caption":"dev@bigway.sk"},"sameAs":["https:\/\/www.regionsaris.sk"],"url":"https:\/\/www.regionsaris.sk\/es\/author\/devbigway-sk\/"}]}},"_links":{"self":[{"href":"https:\/\/www.regionsaris.sk\/es\/wp-json\/wp\/v2\/posts\/309","targetHints":{"allow":["GET"]}}],"collection":[{"href":"https:\/\/www.regionsaris.sk\/es\/wp-json\/wp\/v2\/posts"}],"about":[{"href":"https:\/\/www.regionsaris.sk\/es\/wp-json\/wp\/v2\/types\/post"}],"author":[{"embeddable":true,"href":"https:\/\/www.regionsaris.sk\/es\/wp-json\/wp\/v2\/users\/1"}],"replies":[{"embeddable":true,"href":"https:\/\/www.regionsaris.sk\/es\/wp-json\/wp\/v2\/comments?post=309"}],"version-history":[{"count":1,"href":"https:\/\/www.regionsaris.sk\/es\/wp-json\/wp\/v2\/posts\/309\/revisions"}],"predecessor-version":[{"id":312,"href":"https:\/\/www.regionsaris.sk\/es\/wp-json\/wp\/v2\/posts\/309\/revisions\/312"}],"wp:featuredmedia":[{"embeddable":true,"href":"https:\/\/www.regionsaris.sk\/es\/wp-json\/wp\/v2\/media\/310"}],"wp:attachment":[{"href":"https:\/\/www.regionsaris.sk\/es\/wp-json\/wp\/v2\/media?parent=309"}],"wp:term":[{"taxonomy":"category","embeddable":true,"href":"https:\/\/www.regionsaris.sk\/es\/wp-json\/wp\/v2\/categories?post=309"},{"taxonomy":"post_tag","embeddable":true,"href":"https:\/\/www.regionsaris.sk\/es\/wp-json\/wp\/v2\/tags?post=309"}],"curies":[{"name":"wp","href":"https:\/\/api.w.org\/{rel}","templated":true}]}}