{"id":277,"date":"2022-07-07T12:20:47","date_gmt":"2022-07-07T11:20:47","guid":{"rendered":"https:\/\/www.regionsaris.sk\/svetovy-unikat-vychodneho-slovenska-vita-tento-rok-turistov-v-novom-turistickom-centre\/"},"modified":"2025-12-15T10:05:54","modified_gmt":"2025-12-15T09:05:54","slug":"svetovy-unikat-vychodneho-slovenska-vita-tento-rok-turistov-v-novom-turistickom-centre","status":"publish","type":"post","link":"https:\/\/www.regionsaris.sk\/es\/svetovy-unikat-vychodneho-slovenska-vita-tento-rok-turistov-v-novom-turistickom-centre\/","title":{"rendered":"\u00danico en el mundo del este de Eslovaquia da la bienvenida a los turistas este a\u00f1o en el nuevo Centro de Turismo"},"content":{"rendered":"\u00bfHa visitado ya las monta\u00f1as Slansk\u00e9 vrchy? En medio de ellas, entre Pre\u0161ov y Ko\u0161ice, las minas de \u00f3palo m\u00e1s antiguas del mundo ocultan al mundo sus secretos subterr\u00e1neos. Con su asombrosa superficie, formada por unos 30 km de t\u00faneles, son tambi\u00e9n las m\u00e1s extensas del mundo. En sus d\u00edas dorados, unos 300 mineros trabajaban aqu\u00ed en busca de la m\u00e1s bella de todas las gemas para las cortes reales: el \u00f3palo. El nuestro, el eslovaco, tiene un color, un fondo y un esquema crom\u00e1tico espec\u00edficos. Es bellamente brillante y diferente de las dem\u00e1s. Aunque se dej\u00f3 de extraer en 1922 y las minas cerraron, exactamente cien a\u00f1os despu\u00e9s, en la temporada de 2022 damos la bienvenida a los turistas para que recorran las nuevas condiciones.\n\n<img loading=\"lazy\" decoding=\"async\" class=\"aligncenter wp-image-10586 size-full\" src=\"https:\/\/www.regionsaris.sk\/wp-content\/uploads\/2025\/12\/Slovenske-opalova-bane-dubnicky-opal.jpg\" alt=\"\" width=\"1200\" height=\"801\" \/>\n\n\u00a0\n<h3><strong>Despu\u00e9s de cien a\u00f1os, los visitantes tienen mucho que esperar.<\/strong><\/h3>\nDirectamente en la zona cerca del cobertizo Jozef hemos construido un hermoso <strong>nuevo y moderno centro tur\u00edstico<\/strong>, donde encontrar\u00e1 una cafeter\u00eda, una tienda de recuerdos, instalaciones sanitarias, as\u00ed como exposiciones de la mina. Tambi\u00e9n hay una sala de conferencias en la primera planta del edificio, ya que en los \u00faltimos a\u00f1os ha crecido el inter\u00e9s de las empresas y los equipos de trabajo por la formaci\u00f3n de equipos en las minas de \u00f3palo.\n\nTambi\u00e9n es nuevo <strong>buffet m\u00f3vil<\/strong> con una selecci\u00f3n de comidas calientes, situado en el exterior, justo al lado del edificio.\n<h3><img loading=\"lazy\" decoding=\"async\" class=\"aligncenter wp-image-10618 size-full\" src=\"https:\/\/www.regionsaris.sk\/wp-content\/uploads\/2025\/12\/Slovenske-opalova-bane-TIC.jpg\" alt=\"\" width=\"1080\" height=\"1080\" \/><\/h3>\n\u00a0\n<h3><strong>M\u00e1s de 25 000 turistas de distintas partes del mundo visitan cada a\u00f1o el Cobertizo Jozef.<\/strong><\/h3>\nLos visitantes pueden explorar el subsuelo de \u00f3palo lleno de exposiciones hist\u00f3ricas como parte de la visita guiada b\u00e1sica. Para los turistas extranjeros se preparan <strong>audiogu\u00edas en seis idiomas<\/strong>. El circuito tur\u00edstico b\u00e1sico mide casi un kil\u00f3metro y el recorrido dura una hora.\n\nLos que quieran ver m\u00e1s pueden tomar el <strong>5 horas de estancia bajo tierra<\/strong> en un peque\u00f1o grupo con un gu\u00eda y caminar de acuerdo a su propia condici\u00f3n y <strong>12 km bajo tierra<\/strong>, Descubra varios rincones y grietas, grandes salas, la iglesia de \u00f3palo, el alun\u00f3geno y muchos otros asombrosos lugares subterr\u00e1neos a los que normalmente no llegan los visitantes.\n\n<img loading=\"lazy\" decoding=\"async\" class=\"aligncenter wp-image-10588 size-full\" src=\"https:\/\/www.regionsaris.sk\/wp-content\/uploads\/2025\/12\/Slovenske-opalova-bane-detska-chodba.jpg\" alt=\"\" width=\"2459\" height=\"2560\" \/>\n\nEn determinadas fechas estivales, las minas tambi\u00e9n organizar\u00e1n <strong>la popular\u00edsima caza del \u00f3palo para ni\u00f1os<\/strong>, Normalmente todos los martes y jueves a las 10.30 horas. Siga nuestro <a href=\"https:\/\/www.facebook.com\/slovenskeopalovebane\/\" target=\"_blank\" rel=\"noopener\">Facebook<\/a> donde encontrar\u00e1 informaci\u00f3n actualizada.","protected":false},"excerpt":{"rendered":"<p>U\u017e ste nav\u0161t\u00edvili Slansk\u00e9 vrchy? Uprostred nich, medzi Pre\u0161ovom a Ko\u0161icami ukr\u00fdvaj\u00fa pred svetom svoje...<\/p>","protected":false},"author":1,"featured_media":168,"comment_status":"open","ping_status":"open","sticky":false,"template":"","format":"standard","meta":{"_acf_changed":false,"footnotes":""},"categories":[1],"tags":[],"class_list":["post-277","post","type-post","status-publish","format-standard","has-post-thumbnail","hentry","category-novinky"],"acf":[],"yoast_head":"<!-- This site is optimized with the Yoast SEO Premium plugin v26.3 (Yoast SEO v26.8) - https:\/\/yoast.com\/product\/yoast-seo-premium-wordpress\/ -->\n<title>Svetov\u00fd unik\u00e1t v\u00fdchodn\u00e9ho Slovenska v\u00edta tento rok turistov v novom Turistickom centre - OOCR \u0160ari\u0161<\/title>\n<meta name=\"robots\" content=\"index, follow, max-snippet:-1, max-image-preview:large, max-video-preview:-1\" \/>\n<link rel=\"canonical\" href=\"https:\/\/www.regionsaris.sk\/es\/svetovy-unikat-vychodneho-slovenska-vita-tento-rok-turistov-v-novom-turistickom-centre\/\" \/>\n<meta property=\"og:locale\" content=\"es_ES\" \/>\n<meta property=\"og:type\" content=\"article\" \/>\n<meta property=\"og:title\" content=\"Svetov\u00fd unik\u00e1t v\u00fdchodn\u00e9ho Slovenska v\u00edta tento rok turistov v novom Turistickom centre\" \/>\n<meta property=\"og:description\" content=\"U\u017e ste nav\u0161t\u00edvili Slansk\u00e9 vrchy? Uprostred nich, medzi Pre\u0161ovom a Ko\u0161icami ukr\u00fdvaj\u00fa pred svetom svoje...\" \/>\n<meta property=\"og:url\" content=\"https:\/\/www.regionsaris.sk\/es\/svetovy-unikat-vychodneho-slovenska-vita-tento-rok-turistov-v-novom-turistickom-centre\/\" \/>\n<meta property=\"og:site_name\" content=\"OOCR \u0160ari\u0161\" \/>\n<meta property=\"article:published_time\" content=\"2022-07-07T11:20:47+00:00\" \/>\n<meta property=\"article:modified_time\" content=\"2025-12-15T09:05:54+00:00\" \/>\n<meta property=\"og:image\" content=\"https:\/\/www.regionsaris.sk\/wp-content\/uploads\/2025\/12\/Opalove-bane_withd-e1599809236558.jpg\" \/>\n\t<meta property=\"og:image:width\" content=\"800\" \/>\n\t<meta property=\"og:image:height\" content=\"363\" \/>\n\t<meta property=\"og:image:type\" content=\"image\/jpeg\" \/>\n<meta name=\"author\" content=\"dev@bigway.sk\" \/>\n<meta name=\"twitter:card\" content=\"summary_large_image\" \/>\n<meta name=\"twitter:label1\" content=\"Escrito por\" \/>\n\t<meta name=\"twitter:data1\" content=\"dev@bigway.sk\" \/>\n\t<meta name=\"twitter:label2\" content=\"Tiempo de lectura\" \/>\n\t<meta name=\"twitter:data2\" content=\"2 minutos\" \/>\n<script type=\"application\/ld+json\" class=\"yoast-schema-graph\">{\"@context\":\"https:\/\/schema.org\",\"@graph\":[{\"@type\":\"Article\",\"@id\":\"https:\/\/www.regionsaris.sk\/svetovy-unikat-vychodneho-slovenska-vita-tento-rok-turistov-v-novom-turistickom-centre\/#article\",\"isPartOf\":{\"@id\":\"https:\/\/www.regionsaris.sk\/svetovy-unikat-vychodneho-slovenska-vita-tento-rok-turistov-v-novom-turistickom-centre\/\"},\"author\":{\"name\":\"dev@bigway.sk\",\"@id\":\"https:\/\/www.regionsaris.sk\/#\/schema\/person\/30fad06d87cd12ad1d94ff5fbd6919d1\"},\"headline\":\"Svetov\u00fd unik\u00e1t v\u00fdchodn\u00e9ho Slovenska v\u00edta tento rok turistov v novom Turistickom centre\",\"datePublished\":\"2022-07-07T11:20:47+00:00\",\"dateModified\":\"2025-12-15T09:05:54+00:00\",\"mainEntityOfPage\":{\"@id\":\"https:\/\/www.regionsaris.sk\/svetovy-unikat-vychodneho-slovenska-vita-tento-rok-turistov-v-novom-turistickom-centre\/\"},\"wordCount\":413,\"commentCount\":0,\"image\":{\"@id\":\"https:\/\/www.regionsaris.sk\/svetovy-unikat-vychodneho-slovenska-vita-tento-rok-turistov-v-novom-turistickom-centre\/#primaryimage\"},\"thumbnailUrl\":\"https:\/\/www.regionsaris.sk\/wp-content\/uploads\/2025\/12\/Opalove-bane_withd-e1599809236558.jpg\",\"articleSection\":[\"Novinky\"],\"inLanguage\":\"es\",\"potentialAction\":[{\"@type\":\"CommentAction\",\"name\":\"Comment\",\"target\":[\"https:\/\/www.regionsaris.sk\/svetovy-unikat-vychodneho-slovenska-vita-tento-rok-turistov-v-novom-turistickom-centre\/#respond\"]}]},{\"@type\":\"WebPage\",\"@id\":\"https:\/\/www.regionsaris.sk\/svetovy-unikat-vychodneho-slovenska-vita-tento-rok-turistov-v-novom-turistickom-centre\/\",\"url\":\"https:\/\/www.regionsaris.sk\/svetovy-unikat-vychodneho-slovenska-vita-tento-rok-turistov-v-novom-turistickom-centre\/\",\"name\":\"Svetov\u00fd unik\u00e1t v\u00fdchodn\u00e9ho Slovenska v\u00edta tento rok turistov v novom Turistickom centre - OOCR \u0160ari\u0161\",\"isPartOf\":{\"@id\":\"https:\/\/www.regionsaris.sk\/#website\"},\"primaryImageOfPage\":{\"@id\":\"https:\/\/www.regionsaris.sk\/svetovy-unikat-vychodneho-slovenska-vita-tento-rok-turistov-v-novom-turistickom-centre\/#primaryimage\"},\"image\":{\"@id\":\"https:\/\/www.regionsaris.sk\/svetovy-unikat-vychodneho-slovenska-vita-tento-rok-turistov-v-novom-turistickom-centre\/#primaryimage\"},\"thumbnailUrl\":\"https:\/\/www.regionsaris.sk\/wp-content\/uploads\/2025\/12\/Opalove-bane_withd-e1599809236558.jpg\",\"datePublished\":\"2022-07-07T11:20:47+00:00\",\"dateModified\":\"2025-12-15T09:05:54+00:00\",\"author\":{\"@id\":\"https:\/\/www.regionsaris.sk\/#\/schema\/person\/30fad06d87cd12ad1d94ff5fbd6919d1\"},\"breadcrumb\":{\"@id\":\"https:\/\/www.regionsaris.sk\/svetovy-unikat-vychodneho-slovenska-vita-tento-rok-turistov-v-novom-turistickom-centre\/#breadcrumb\"},\"inLanguage\":\"es\",\"potentialAction\":[{\"@type\":\"ReadAction\",\"target\":[\"https:\/\/www.regionsaris.sk\/svetovy-unikat-vychodneho-slovenska-vita-tento-rok-turistov-v-novom-turistickom-centre\/\"]}]},{\"@type\":\"ImageObject\",\"inLanguage\":\"es\",\"@id\":\"https:\/\/www.regionsaris.sk\/svetovy-unikat-vychodneho-slovenska-vita-tento-rok-turistov-v-novom-turistickom-centre\/#primaryimage\",\"url\":\"https:\/\/www.regionsaris.sk\/wp-content\/uploads\/2025\/12\/Opalove-bane_withd-e1599809236558.jpg\",\"contentUrl\":\"https:\/\/www.regionsaris.sk\/wp-content\/uploads\/2025\/12\/Opalove-bane_withd-e1599809236558.jpg\",\"width\":800,\"height\":363},{\"@type\":\"BreadcrumbList\",\"@id\":\"https:\/\/www.regionsaris.sk\/svetovy-unikat-vychodneho-slovenska-vita-tento-rok-turistov-v-novom-turistickom-centre\/#breadcrumb\",\"itemListElement\":[{\"@type\":\"ListItem\",\"position\":1,\"name\":\"Domov\",\"item\":\"https:\/\/www.regionsaris.sk\/\"},{\"@type\":\"ListItem\",\"position\":2,\"name\":\"Svetov\u00fd unik\u00e1t v\u00fdchodn\u00e9ho Slovenska v\u00edta tento rok turistov v novom Turistickom centre\"}]},{\"@type\":\"WebSite\",\"@id\":\"https:\/\/www.regionsaris.sk\/#website\",\"url\":\"https:\/\/www.regionsaris.sk\/\",\"name\":\"OOCR \u0160ari\u0161\",\"description\":\"\",\"potentialAction\":[{\"@type\":\"SearchAction\",\"target\":{\"@type\":\"EntryPoint\",\"urlTemplate\":\"https:\/\/www.regionsaris.sk\/?s={search_term_string}\"},\"query-input\":{\"@type\":\"PropertyValueSpecification\",\"valueRequired\":true,\"valueName\":\"search_term_string\"}}],\"inLanguage\":\"es\"},{\"@type\":\"Person\",\"@id\":\"https:\/\/www.regionsaris.sk\/#\/schema\/person\/30fad06d87cd12ad1d94ff5fbd6919d1\",\"name\":\"dev@bigway.sk\",\"image\":{\"@type\":\"ImageObject\",\"inLanguage\":\"es\",\"@id\":\"https:\/\/www.regionsaris.sk\/#\/schema\/person\/image\/\",\"url\":\"https:\/\/secure.gravatar.com\/avatar\/013b34bc1192067340cff024d72adf40af543d15809da0502beda083cb4f28a2?s=96&d=mm&r=g\",\"contentUrl\":\"https:\/\/secure.gravatar.com\/avatar\/013b34bc1192067340cff024d72adf40af543d15809da0502beda083cb4f28a2?s=96&d=mm&r=g\",\"caption\":\"dev@bigway.sk\"},\"sameAs\":[\"https:\/\/www.regionsaris.sk\"],\"url\":\"https:\/\/www.regionsaris.sk\/es\/author\/devbigway-sk\/\"}]}<\/script>\n<!-- \/ Yoast SEO Premium plugin. -->","yoast_head_json":{"title":"Svetov\u00fd unik\u00e1t v\u00fdchodn\u00e9ho Slovenska v\u00edta tento rok turistov v novom Turistickom centre - OOCR \u0160ari\u0161","robots":{"index":"index","follow":"follow","max-snippet":"max-snippet:-1","max-image-preview":"max-image-preview:large","max-video-preview":"max-video-preview:-1"},"canonical":"https:\/\/www.regionsaris.sk\/es\/svetovy-unikat-vychodneho-slovenska-vita-tento-rok-turistov-v-novom-turistickom-centre\/","og_locale":"es_ES","og_type":"article","og_title":"Svetov\u00fd unik\u00e1t v\u00fdchodn\u00e9ho Slovenska v\u00edta tento rok turistov v novom Turistickom centre","og_description":"U\u017e ste nav\u0161t\u00edvili Slansk\u00e9 vrchy? Uprostred nich, medzi Pre\u0161ovom a Ko\u0161icami ukr\u00fdvaj\u00fa pred svetom svoje...","og_url":"https:\/\/www.regionsaris.sk\/es\/svetovy-unikat-vychodneho-slovenska-vita-tento-rok-turistov-v-novom-turistickom-centre\/","og_site_name":"OOCR \u0160ari\u0161","article_published_time":"2022-07-07T11:20:47+00:00","article_modified_time":"2025-12-15T09:05:54+00:00","og_image":[{"width":800,"height":363,"url":"https:\/\/www.regionsaris.sk\/wp-content\/uploads\/2025\/12\/Opalove-bane_withd-e1599809236558.jpg","type":"image\/jpeg"}],"author":"dev@bigway.sk","twitter_card":"summary_large_image","twitter_misc":{"Escrito por":"dev@bigway.sk","Tiempo de lectura":"2 minutos"},"schema":{"@context":"https:\/\/schema.org","@graph":[{"@type":"Article","@id":"https:\/\/www.regionsaris.sk\/svetovy-unikat-vychodneho-slovenska-vita-tento-rok-turistov-v-novom-turistickom-centre\/#article","isPartOf":{"@id":"https:\/\/www.regionsaris.sk\/svetovy-unikat-vychodneho-slovenska-vita-tento-rok-turistov-v-novom-turistickom-centre\/"},"author":{"name":"dev@bigway.sk","@id":"https:\/\/www.regionsaris.sk\/#\/schema\/person\/30fad06d87cd12ad1d94ff5fbd6919d1"},"headline":"Svetov\u00fd unik\u00e1t v\u00fdchodn\u00e9ho Slovenska v\u00edta tento rok turistov v novom Turistickom centre","datePublished":"2022-07-07T11:20:47+00:00","dateModified":"2025-12-15T09:05:54+00:00","mainEntityOfPage":{"@id":"https:\/\/www.regionsaris.sk\/svetovy-unikat-vychodneho-slovenska-vita-tento-rok-turistov-v-novom-turistickom-centre\/"},"wordCount":413,"commentCount":0,"image":{"@id":"https:\/\/www.regionsaris.sk\/svetovy-unikat-vychodneho-slovenska-vita-tento-rok-turistov-v-novom-turistickom-centre\/#primaryimage"},"thumbnailUrl":"https:\/\/www.regionsaris.sk\/wp-content\/uploads\/2025\/12\/Opalove-bane_withd-e1599809236558.jpg","articleSection":["Novinky"],"inLanguage":"es","potentialAction":[{"@type":"CommentAction","name":"Comment","target":["https:\/\/www.regionsaris.sk\/svetovy-unikat-vychodneho-slovenska-vita-tento-rok-turistov-v-novom-turistickom-centre\/#respond"]}]},{"@type":"WebPage","@id":"https:\/\/www.regionsaris.sk\/svetovy-unikat-vychodneho-slovenska-vita-tento-rok-turistov-v-novom-turistickom-centre\/","url":"https:\/\/www.regionsaris.sk\/svetovy-unikat-vychodneho-slovenska-vita-tento-rok-turistov-v-novom-turistickom-centre\/","name":"Svetov\u00fd unik\u00e1t v\u00fdchodn\u00e9ho Slovenska v\u00edta tento rok turistov v novom Turistickom centre - OOCR \u0160ari\u0161","isPartOf":{"@id":"https:\/\/www.regionsaris.sk\/#website"},"primaryImageOfPage":{"@id":"https:\/\/www.regionsaris.sk\/svetovy-unikat-vychodneho-slovenska-vita-tento-rok-turistov-v-novom-turistickom-centre\/#primaryimage"},"image":{"@id":"https:\/\/www.regionsaris.sk\/svetovy-unikat-vychodneho-slovenska-vita-tento-rok-turistov-v-novom-turistickom-centre\/#primaryimage"},"thumbnailUrl":"https:\/\/www.regionsaris.sk\/wp-content\/uploads\/2025\/12\/Opalove-bane_withd-e1599809236558.jpg","datePublished":"2022-07-07T11:20:47+00:00","dateModified":"2025-12-15T09:05:54+00:00","author":{"@id":"https:\/\/www.regionsaris.sk\/#\/schema\/person\/30fad06d87cd12ad1d94ff5fbd6919d1"},"breadcrumb":{"@id":"https:\/\/www.regionsaris.sk\/svetovy-unikat-vychodneho-slovenska-vita-tento-rok-turistov-v-novom-turistickom-centre\/#breadcrumb"},"inLanguage":"es","potentialAction":[{"@type":"ReadAction","target":["https:\/\/www.regionsaris.sk\/svetovy-unikat-vychodneho-slovenska-vita-tento-rok-turistov-v-novom-turistickom-centre\/"]}]},{"@type":"ImageObject","inLanguage":"es","@id":"https:\/\/www.regionsaris.sk\/svetovy-unikat-vychodneho-slovenska-vita-tento-rok-turistov-v-novom-turistickom-centre\/#primaryimage","url":"https:\/\/www.regionsaris.sk\/wp-content\/uploads\/2025\/12\/Opalove-bane_withd-e1599809236558.jpg","contentUrl":"https:\/\/www.regionsaris.sk\/wp-content\/uploads\/2025\/12\/Opalove-bane_withd-e1599809236558.jpg","width":800,"height":363},{"@type":"BreadcrumbList","@id":"https:\/\/www.regionsaris.sk\/svetovy-unikat-vychodneho-slovenska-vita-tento-rok-turistov-v-novom-turistickom-centre\/#breadcrumb","itemListElement":[{"@type":"ListItem","position":1,"name":"Domov","item":"https:\/\/www.regionsaris.sk\/"},{"@type":"ListItem","position":2,"name":"Svetov\u00fd unik\u00e1t v\u00fdchodn\u00e9ho Slovenska v\u00edta tento rok turistov v novom Turistickom centre"}]},{"@type":"WebSite","@id":"https:\/\/www.regionsaris.sk\/#website","url":"https:\/\/www.regionsaris.sk\/","name":"OOCR \u0160ari\u0161","description":"","potentialAction":[{"@type":"SearchAction","target":{"@type":"EntryPoint","urlTemplate":"https:\/\/www.regionsaris.sk\/?s={search_term_string}"},"query-input":{"@type":"PropertyValueSpecification","valueRequired":true,"valueName":"search_term_string"}}],"inLanguage":"es"},{"@type":"Person","@id":"https:\/\/www.regionsaris.sk\/#\/schema\/person\/30fad06d87cd12ad1d94ff5fbd6919d1","name":"dev@bigway.sk","image":{"@type":"ImageObject","inLanguage":"es","@id":"https:\/\/www.regionsaris.sk\/#\/schema\/person\/image\/","url":"https:\/\/secure.gravatar.com\/avatar\/013b34bc1192067340cff024d72adf40af543d15809da0502beda083cb4f28a2?s=96&d=mm&r=g","contentUrl":"https:\/\/secure.gravatar.com\/avatar\/013b34bc1192067340cff024d72adf40af543d15809da0502beda083cb4f28a2?s=96&d=mm&r=g","caption":"dev@bigway.sk"},"sameAs":["https:\/\/www.regionsaris.sk"],"url":"https:\/\/www.regionsaris.sk\/es\/author\/devbigway-sk\/"}]}},"_links":{"self":[{"href":"https:\/\/www.regionsaris.sk\/es\/wp-json\/wp\/v2\/posts\/277","targetHints":{"allow":["GET"]}}],"collection":[{"href":"https:\/\/www.regionsaris.sk\/es\/wp-json\/wp\/v2\/posts"}],"about":[{"href":"https:\/\/www.regionsaris.sk\/es\/wp-json\/wp\/v2\/types\/post"}],"author":[{"embeddable":true,"href":"https:\/\/www.regionsaris.sk\/es\/wp-json\/wp\/v2\/users\/1"}],"replies":[{"embeddable":true,"href":"https:\/\/www.regionsaris.sk\/es\/wp-json\/wp\/v2\/comments?post=277"}],"version-history":[{"count":1,"href":"https:\/\/www.regionsaris.sk\/es\/wp-json\/wp\/v2\/posts\/277\/revisions"}],"predecessor-version":[{"id":281,"href":"https:\/\/www.regionsaris.sk\/es\/wp-json\/wp\/v2\/posts\/277\/revisions\/281"}],"wp:featuredmedia":[{"embeddable":true,"href":"https:\/\/www.regionsaris.sk\/es\/wp-json\/wp\/v2\/media\/168"}],"wp:attachment":[{"href":"https:\/\/www.regionsaris.sk\/es\/wp-json\/wp\/v2\/media?parent=277"}],"wp:term":[{"taxonomy":"category","embeddable":true,"href":"https:\/\/www.regionsaris.sk\/es\/wp-json\/wp\/v2\/categories?post=277"},{"taxonomy":"post_tag","embeddable":true,"href":"https:\/\/www.regionsaris.sk\/es\/wp-json\/wp\/v2\/tags?post=277"}],"curies":[{"name":"wp","href":"https:\/\/api.w.org\/{rel}","templated":true}]}}