{"id":243,"date":"2022-05-04T17:41:40","date_gmt":"2022-05-04T16:41:40","guid":{"rendered":"https:\/\/www.regionsaris.sk\/region-saris-sa-prezentoval-na-medzinarodnom-veltrhu-cestovneho-ruchu-itf-slovakiatour-v-bratislave\/"},"modified":"2025-12-15T10:05:36","modified_gmt":"2025-12-15T09:05:36","slug":"region-saris-sa-prezentoval-na-medzinarodnom-veltrhu-cestovneho-ruchu-itf-slovakiatour-v-bratislave","status":"publish","type":"post","link":"https:\/\/www.regionsaris.sk\/es\/region-saris-sa-prezentoval-na-medzinarodnom-veltrhu-cestovneho-ruchu-itf-slovakiatour-v-bratislave\/","title":{"rendered":"La regi\u00f3n de \u0160ari\u0161 se present\u00f3 en la Feria Internacional de Turismo ITF SLOVAKIATOUR de Bratislava"},"content":{"rendered":"<p>Tras una pausa de un a\u00f1o, hemos vuelto a vivir el ambiente de una aventura viajera. La semana pasada participamos en la Feria Internacional de Turismo ITF SLOVAKIATOUR 2022. Del 28 de abril al 1 de mayo, presentamos el potencial tur\u00edstico de la regi\u00f3n de \u0160ari\u0161 en la Incheba Expo de Bratislava. Su exposici\u00f3n form\u00f3 parte del stand de la Regi\u00f3n Aut\u00f3noma de Pre\u0161ov y estuvo bajo el r\u00f3tulo \u201eRegi\u00f3n de Pre\u0161ov - Regi\u00f3n Unesco\u201c.<\/p>\n\n\n\n<p><img loading=\"lazy\" decoding=\"async\" class=\"aligncenter wp-image-9880\" src=\"https:\/\/www.regionsaris.sk\/wp-content\/uploads\/2025\/12\/ITF_2022_foto_1.jpg\" alt=\"\" width=\"1600\" height=\"900\" \/><\/p>\n\n\n\n<p>Nosotros, la Organizaci\u00f3n Regional de Turismo Regi\u00f3n \u0160ari\u0161, tambi\u00e9n estuvimos representados en la Regi\u00f3n de Pre\u0161ov. Durante cuatro d\u00edas presentamos nuestra oferta, lo que permiti\u00f3 a los visitantes potenciales echar un vistazo a nuestros materiales promocionales, informarse e inspirarse con la rica oferta que ofrece nuestra regi\u00f3n.<\/p>\n\n\n\n<p><img loading=\"lazy\" decoding=\"async\" class=\"aligncenter wp-image-9882 size-full\" src=\"https:\/\/www.regionsaris.sk\/wp-content\/uploads\/2025\/12\/ITF_2022_foto_2-scaled-1.jpg\" alt=\"\" width=\"2560\" height=\"1920\" \/><\/p>\n\n\n\n<p>Adem\u00e1s, presentamos a los visitantes de la feria nuestro proyecto \u201eRuta de los castillos de \u0160ari\u0161\u201c, que despert\u00f3 el mayor inter\u00e9s. Otra respuesta positiva fue la completa gu\u00eda tur\u00edstica \"Bienvenidos a \u0160ari\u0161\", que gu\u00eda a los turistas por los diversos monumentos culturales e hist\u00f3ricos, la arquitectura popular conservada, la cautivadora naturaleza, las opciones de alojamiento y las experiencias gastron\u00f3micas. Tambi\u00e9n ha llamado la atenci\u00f3n la edici\u00f3n limitada del toliar Salt Bansko, que tambi\u00e9n ha encontrado coleccionistas en Bratislava.<\/p>\n\n\n\n<p>Creemos que la feria de turismo aport\u00f3 a los visitantes una dosis de inspiraci\u00f3n para unas vacaciones en la regi\u00f3n de \u0160ari\u0161 y, a su vez, una nueva inspiraci\u00f3n para su futuro desarrollo.<\/p>\n\n\n\n<p><img loading=\"lazy\" decoding=\"async\" class=\"aligncenter wp-image-9884 size-full\" src=\"https:\/\/www.regionsaris.sk\/wp-content\/uploads\/2025\/12\/ITF_2022_foto_3-scaled-1.jpg\" alt=\"\" width=\"2560\" height=\"1920\" \/><\/p>\n\n\n\n<p>\u00a0<\/p>","protected":false},"excerpt":{"rendered":"<p>Po ro\u010dnej prest\u00e1vke sme op\u00e4\u0165 za\u017eili atmosf\u00e9ru cestovate\u013esk\u00e9ho dobrodru\u017estva. Uplynul\u00fd t\u00fd\u017ede\u0148 sme sa z\u00fa\u010dastnili medzin\u00e1rodn\u00e9ho...<\/p>","protected":false},"author":1,"featured_media":248,"comment_status":"open","ping_status":"open","sticky":false,"template":"","format":"standard","meta":{"_acf_changed":false,"footnotes":""},"categories":[1],"tags":[],"class_list":["post-243","post","type-post","status-publish","format-standard","has-post-thumbnail","hentry","category-novinky"],"acf":[],"yoast_head":"<!-- This site is optimized with the Yoast SEO Premium plugin v26.3 (Yoast SEO v26.8) - https:\/\/yoast.com\/product\/yoast-seo-premium-wordpress\/ -->\n<title>Regi\u00f3n \u0160ari\u0161 sa prezentoval na medzin\u00e1rodnom ve\u013etrhu cestovn\u00e9ho ruchu ITF SLOVAKIATOUR v Bratislave - OOCR \u0160ari\u0161<\/title>\n<meta name=\"robots\" content=\"index, follow, max-snippet:-1, max-image-preview:large, max-video-preview:-1\" \/>\n<link rel=\"canonical\" href=\"https:\/\/www.regionsaris.sk\/es\/region-saris-sa-prezentoval-na-medzinarodnom-veltrhu-cestovneho-ruchu-itf-slovakiatour-v-bratislave\/\" \/>\n<meta property=\"og:locale\" content=\"es_ES\" \/>\n<meta property=\"og:type\" content=\"article\" \/>\n<meta property=\"og:title\" content=\"Regi\u00f3n \u0160ari\u0161 sa prezentoval na medzin\u00e1rodnom ve\u013etrhu cestovn\u00e9ho ruchu ITF SLOVAKIATOUR v Bratislave\" \/>\n<meta property=\"og:description\" content=\"Po ro\u010dnej prest\u00e1vke sme op\u00e4\u0165 za\u017eili atmosf\u00e9ru cestovate\u013esk\u00e9ho dobrodru\u017estva. Uplynul\u00fd t\u00fd\u017ede\u0148 sme sa z\u00fa\u010dastnili medzin\u00e1rodn\u00e9ho...\" \/>\n<meta property=\"og:url\" content=\"https:\/\/www.regionsaris.sk\/es\/region-saris-sa-prezentoval-na-medzinarodnom-veltrhu-cestovneho-ruchu-itf-slovakiatour-v-bratislave\/\" \/>\n<meta property=\"og:site_name\" content=\"OOCR \u0160ari\u0161\" \/>\n<meta property=\"article:published_time\" content=\"2022-05-04T16:41:40+00:00\" \/>\n<meta property=\"article:modified_time\" content=\"2025-12-15T09:05:36+00:00\" \/>\n<meta property=\"og:image\" content=\"https:\/\/www.regionsaris.sk\/wp-content\/uploads\/2025\/12\/ITF_2022_foto_4-scaled-1.jpg\" \/>\n\t<meta property=\"og:image:width\" content=\"2560\" \/>\n\t<meta property=\"og:image:height\" content=\"1920\" \/>\n\t<meta property=\"og:image:type\" content=\"image\/jpeg\" \/>\n<meta name=\"author\" content=\"dev@bigway.sk\" \/>\n<meta name=\"twitter:card\" content=\"summary_large_image\" \/>\n<meta name=\"twitter:label1\" content=\"Escrito por\" \/>\n\t<meta name=\"twitter:data1\" content=\"dev@bigway.sk\" \/>\n\t<meta name=\"twitter:label2\" content=\"Tiempo de lectura\" \/>\n\t<meta name=\"twitter:data2\" content=\"1 minuto\" \/>\n<script type=\"application\/ld+json\" class=\"yoast-schema-graph\">{\"@context\":\"https:\/\/schema.org\",\"@graph\":[{\"@type\":\"Article\",\"@id\":\"https:\/\/www.regionsaris.sk\/region-saris-sa-prezentoval-na-medzinarodnom-veltrhu-cestovneho-ruchu-itf-slovakiatour-v-bratislave\/#article\",\"isPartOf\":{\"@id\":\"https:\/\/www.regionsaris.sk\/region-saris-sa-prezentoval-na-medzinarodnom-veltrhu-cestovneho-ruchu-itf-slovakiatour-v-bratislave\/\"},\"author\":{\"name\":\"dev@bigway.sk\",\"@id\":\"https:\/\/www.regionsaris.sk\/#\/schema\/person\/30fad06d87cd12ad1d94ff5fbd6919d1\"},\"headline\":\"Regi\u00f3n \u0160ari\u0161 sa prezentoval na medzin\u00e1rodnom ve\u013etrhu cestovn\u00e9ho ruchu ITF SLOVAKIATOUR v Bratislave\",\"datePublished\":\"2022-05-04T16:41:40+00:00\",\"dateModified\":\"2025-12-15T09:05:36+00:00\",\"mainEntityOfPage\":{\"@id\":\"https:\/\/www.regionsaris.sk\/region-saris-sa-prezentoval-na-medzinarodnom-veltrhu-cestovneho-ruchu-itf-slovakiatour-v-bratislave\/\"},\"wordCount\":276,\"commentCount\":0,\"image\":{\"@id\":\"https:\/\/www.regionsaris.sk\/region-saris-sa-prezentoval-na-medzinarodnom-veltrhu-cestovneho-ruchu-itf-slovakiatour-v-bratislave\/#primaryimage\"},\"thumbnailUrl\":\"https:\/\/www.regionsaris.sk\/wp-content\/uploads\/2025\/12\/ITF_2022_foto_4-scaled-1.jpg\",\"articleSection\":[\"Novinky\"],\"inLanguage\":\"es\",\"potentialAction\":[{\"@type\":\"CommentAction\",\"name\":\"Comment\",\"target\":[\"https:\/\/www.regionsaris.sk\/region-saris-sa-prezentoval-na-medzinarodnom-veltrhu-cestovneho-ruchu-itf-slovakiatour-v-bratislave\/#respond\"]}]},{\"@type\":\"WebPage\",\"@id\":\"https:\/\/www.regionsaris.sk\/region-saris-sa-prezentoval-na-medzinarodnom-veltrhu-cestovneho-ruchu-itf-slovakiatour-v-bratislave\/\",\"url\":\"https:\/\/www.regionsaris.sk\/region-saris-sa-prezentoval-na-medzinarodnom-veltrhu-cestovneho-ruchu-itf-slovakiatour-v-bratislave\/\",\"name\":\"Regi\u00f3n \u0160ari\u0161 sa prezentoval na medzin\u00e1rodnom ve\u013etrhu cestovn\u00e9ho ruchu ITF SLOVAKIATOUR v Bratislave - OOCR \u0160ari\u0161\",\"isPartOf\":{\"@id\":\"https:\/\/www.regionsaris.sk\/#website\"},\"primaryImageOfPage\":{\"@id\":\"https:\/\/www.regionsaris.sk\/region-saris-sa-prezentoval-na-medzinarodnom-veltrhu-cestovneho-ruchu-itf-slovakiatour-v-bratislave\/#primaryimage\"},\"image\":{\"@id\":\"https:\/\/www.regionsaris.sk\/region-saris-sa-prezentoval-na-medzinarodnom-veltrhu-cestovneho-ruchu-itf-slovakiatour-v-bratislave\/#primaryimage\"},\"thumbnailUrl\":\"https:\/\/www.regionsaris.sk\/wp-content\/uploads\/2025\/12\/ITF_2022_foto_4-scaled-1.jpg\",\"datePublished\":\"2022-05-04T16:41:40+00:00\",\"dateModified\":\"2025-12-15T09:05:36+00:00\",\"author\":{\"@id\":\"https:\/\/www.regionsaris.sk\/#\/schema\/person\/30fad06d87cd12ad1d94ff5fbd6919d1\"},\"breadcrumb\":{\"@id\":\"https:\/\/www.regionsaris.sk\/region-saris-sa-prezentoval-na-medzinarodnom-veltrhu-cestovneho-ruchu-itf-slovakiatour-v-bratislave\/#breadcrumb\"},\"inLanguage\":\"es\",\"potentialAction\":[{\"@type\":\"ReadAction\",\"target\":[\"https:\/\/www.regionsaris.sk\/region-saris-sa-prezentoval-na-medzinarodnom-veltrhu-cestovneho-ruchu-itf-slovakiatour-v-bratislave\/\"]}]},{\"@type\":\"ImageObject\",\"inLanguage\":\"es\",\"@id\":\"https:\/\/www.regionsaris.sk\/region-saris-sa-prezentoval-na-medzinarodnom-veltrhu-cestovneho-ruchu-itf-slovakiatour-v-bratislave\/#primaryimage\",\"url\":\"https:\/\/www.regionsaris.sk\/wp-content\/uploads\/2025\/12\/ITF_2022_foto_4-scaled-1.jpg\",\"contentUrl\":\"https:\/\/www.regionsaris.sk\/wp-content\/uploads\/2025\/12\/ITF_2022_foto_4-scaled-1.jpg\",\"width\":2560,\"height\":1920},{\"@type\":\"BreadcrumbList\",\"@id\":\"https:\/\/www.regionsaris.sk\/region-saris-sa-prezentoval-na-medzinarodnom-veltrhu-cestovneho-ruchu-itf-slovakiatour-v-bratislave\/#breadcrumb\",\"itemListElement\":[{\"@type\":\"ListItem\",\"position\":1,\"name\":\"Domov\",\"item\":\"https:\/\/www.regionsaris.sk\/\"},{\"@type\":\"ListItem\",\"position\":2,\"name\":\"Regi\u00f3n \u0160ari\u0161 sa prezentoval na medzin\u00e1rodnom ve\u013etrhu cestovn\u00e9ho ruchu ITF SLOVAKIATOUR v Bratislave\"}]},{\"@type\":\"WebSite\",\"@id\":\"https:\/\/www.regionsaris.sk\/#website\",\"url\":\"https:\/\/www.regionsaris.sk\/\",\"name\":\"OOCR \u0160ari\u0161\",\"description\":\"\",\"potentialAction\":[{\"@type\":\"SearchAction\",\"target\":{\"@type\":\"EntryPoint\",\"urlTemplate\":\"https:\/\/www.regionsaris.sk\/?s={search_term_string}\"},\"query-input\":{\"@type\":\"PropertyValueSpecification\",\"valueRequired\":true,\"valueName\":\"search_term_string\"}}],\"inLanguage\":\"es\"},{\"@type\":\"Person\",\"@id\":\"https:\/\/www.regionsaris.sk\/#\/schema\/person\/30fad06d87cd12ad1d94ff5fbd6919d1\",\"name\":\"dev@bigway.sk\",\"image\":{\"@type\":\"ImageObject\",\"inLanguage\":\"es\",\"@id\":\"https:\/\/www.regionsaris.sk\/#\/schema\/person\/image\/\",\"url\":\"https:\/\/secure.gravatar.com\/avatar\/013b34bc1192067340cff024d72adf40af543d15809da0502beda083cb4f28a2?s=96&d=mm&r=g\",\"contentUrl\":\"https:\/\/secure.gravatar.com\/avatar\/013b34bc1192067340cff024d72adf40af543d15809da0502beda083cb4f28a2?s=96&d=mm&r=g\",\"caption\":\"dev@bigway.sk\"},\"sameAs\":[\"https:\/\/www.regionsaris.sk\"],\"url\":\"https:\/\/www.regionsaris.sk\/es\/author\/devbigway-sk\/\"}]}<\/script>\n<!-- \/ Yoast SEO Premium plugin. -->","yoast_head_json":{"title":"Regi\u00f3n \u0160ari\u0161 sa prezentoval na medzin\u00e1rodnom ve\u013etrhu cestovn\u00e9ho ruchu ITF SLOVAKIATOUR v Bratislave - OOCR \u0160ari\u0161","robots":{"index":"index","follow":"follow","max-snippet":"max-snippet:-1","max-image-preview":"max-image-preview:large","max-video-preview":"max-video-preview:-1"},"canonical":"https:\/\/www.regionsaris.sk\/es\/region-saris-sa-prezentoval-na-medzinarodnom-veltrhu-cestovneho-ruchu-itf-slovakiatour-v-bratislave\/","og_locale":"es_ES","og_type":"article","og_title":"Regi\u00f3n \u0160ari\u0161 sa prezentoval na medzin\u00e1rodnom ve\u013etrhu cestovn\u00e9ho ruchu ITF SLOVAKIATOUR v Bratislave","og_description":"Po ro\u010dnej prest\u00e1vke sme op\u00e4\u0165 za\u017eili atmosf\u00e9ru cestovate\u013esk\u00e9ho dobrodru\u017estva. Uplynul\u00fd t\u00fd\u017ede\u0148 sme sa z\u00fa\u010dastnili medzin\u00e1rodn\u00e9ho...","og_url":"https:\/\/www.regionsaris.sk\/es\/region-saris-sa-prezentoval-na-medzinarodnom-veltrhu-cestovneho-ruchu-itf-slovakiatour-v-bratislave\/","og_site_name":"OOCR \u0160ari\u0161","article_published_time":"2022-05-04T16:41:40+00:00","article_modified_time":"2025-12-15T09:05:36+00:00","og_image":[{"width":2560,"height":1920,"url":"https:\/\/www.regionsaris.sk\/wp-content\/uploads\/2025\/12\/ITF_2022_foto_4-scaled-1.jpg","type":"image\/jpeg"}],"author":"dev@bigway.sk","twitter_card":"summary_large_image","twitter_misc":{"Escrito por":"dev@bigway.sk","Tiempo de lectura":"1 minuto"},"schema":{"@context":"https:\/\/schema.org","@graph":[{"@type":"Article","@id":"https:\/\/www.regionsaris.sk\/region-saris-sa-prezentoval-na-medzinarodnom-veltrhu-cestovneho-ruchu-itf-slovakiatour-v-bratislave\/#article","isPartOf":{"@id":"https:\/\/www.regionsaris.sk\/region-saris-sa-prezentoval-na-medzinarodnom-veltrhu-cestovneho-ruchu-itf-slovakiatour-v-bratislave\/"},"author":{"name":"dev@bigway.sk","@id":"https:\/\/www.regionsaris.sk\/#\/schema\/person\/30fad06d87cd12ad1d94ff5fbd6919d1"},"headline":"Regi\u00f3n \u0160ari\u0161 sa prezentoval na medzin\u00e1rodnom ve\u013etrhu cestovn\u00e9ho ruchu ITF SLOVAKIATOUR v Bratislave","datePublished":"2022-05-04T16:41:40+00:00","dateModified":"2025-12-15T09:05:36+00:00","mainEntityOfPage":{"@id":"https:\/\/www.regionsaris.sk\/region-saris-sa-prezentoval-na-medzinarodnom-veltrhu-cestovneho-ruchu-itf-slovakiatour-v-bratislave\/"},"wordCount":276,"commentCount":0,"image":{"@id":"https:\/\/www.regionsaris.sk\/region-saris-sa-prezentoval-na-medzinarodnom-veltrhu-cestovneho-ruchu-itf-slovakiatour-v-bratislave\/#primaryimage"},"thumbnailUrl":"https:\/\/www.regionsaris.sk\/wp-content\/uploads\/2025\/12\/ITF_2022_foto_4-scaled-1.jpg","articleSection":["Novinky"],"inLanguage":"es","potentialAction":[{"@type":"CommentAction","name":"Comment","target":["https:\/\/www.regionsaris.sk\/region-saris-sa-prezentoval-na-medzinarodnom-veltrhu-cestovneho-ruchu-itf-slovakiatour-v-bratislave\/#respond"]}]},{"@type":"WebPage","@id":"https:\/\/www.regionsaris.sk\/region-saris-sa-prezentoval-na-medzinarodnom-veltrhu-cestovneho-ruchu-itf-slovakiatour-v-bratislave\/","url":"https:\/\/www.regionsaris.sk\/region-saris-sa-prezentoval-na-medzinarodnom-veltrhu-cestovneho-ruchu-itf-slovakiatour-v-bratislave\/","name":"Regi\u00f3n \u0160ari\u0161 sa prezentoval na medzin\u00e1rodnom ve\u013etrhu cestovn\u00e9ho ruchu ITF SLOVAKIATOUR v Bratislave - OOCR \u0160ari\u0161","isPartOf":{"@id":"https:\/\/www.regionsaris.sk\/#website"},"primaryImageOfPage":{"@id":"https:\/\/www.regionsaris.sk\/region-saris-sa-prezentoval-na-medzinarodnom-veltrhu-cestovneho-ruchu-itf-slovakiatour-v-bratislave\/#primaryimage"},"image":{"@id":"https:\/\/www.regionsaris.sk\/region-saris-sa-prezentoval-na-medzinarodnom-veltrhu-cestovneho-ruchu-itf-slovakiatour-v-bratislave\/#primaryimage"},"thumbnailUrl":"https:\/\/www.regionsaris.sk\/wp-content\/uploads\/2025\/12\/ITF_2022_foto_4-scaled-1.jpg","datePublished":"2022-05-04T16:41:40+00:00","dateModified":"2025-12-15T09:05:36+00:00","author":{"@id":"https:\/\/www.regionsaris.sk\/#\/schema\/person\/30fad06d87cd12ad1d94ff5fbd6919d1"},"breadcrumb":{"@id":"https:\/\/www.regionsaris.sk\/region-saris-sa-prezentoval-na-medzinarodnom-veltrhu-cestovneho-ruchu-itf-slovakiatour-v-bratislave\/#breadcrumb"},"inLanguage":"es","potentialAction":[{"@type":"ReadAction","target":["https:\/\/www.regionsaris.sk\/region-saris-sa-prezentoval-na-medzinarodnom-veltrhu-cestovneho-ruchu-itf-slovakiatour-v-bratislave\/"]}]},{"@type":"ImageObject","inLanguage":"es","@id":"https:\/\/www.regionsaris.sk\/region-saris-sa-prezentoval-na-medzinarodnom-veltrhu-cestovneho-ruchu-itf-slovakiatour-v-bratislave\/#primaryimage","url":"https:\/\/www.regionsaris.sk\/wp-content\/uploads\/2025\/12\/ITF_2022_foto_4-scaled-1.jpg","contentUrl":"https:\/\/www.regionsaris.sk\/wp-content\/uploads\/2025\/12\/ITF_2022_foto_4-scaled-1.jpg","width":2560,"height":1920},{"@type":"BreadcrumbList","@id":"https:\/\/www.regionsaris.sk\/region-saris-sa-prezentoval-na-medzinarodnom-veltrhu-cestovneho-ruchu-itf-slovakiatour-v-bratislave\/#breadcrumb","itemListElement":[{"@type":"ListItem","position":1,"name":"Domov","item":"https:\/\/www.regionsaris.sk\/"},{"@type":"ListItem","position":2,"name":"Regi\u00f3n \u0160ari\u0161 sa prezentoval na medzin\u00e1rodnom ve\u013etrhu cestovn\u00e9ho ruchu ITF SLOVAKIATOUR v Bratislave"}]},{"@type":"WebSite","@id":"https:\/\/www.regionsaris.sk\/#website","url":"https:\/\/www.regionsaris.sk\/","name":"OOCR \u0160ari\u0161","description":"","potentialAction":[{"@type":"SearchAction","target":{"@type":"EntryPoint","urlTemplate":"https:\/\/www.regionsaris.sk\/?s={search_term_string}"},"query-input":{"@type":"PropertyValueSpecification","valueRequired":true,"valueName":"search_term_string"}}],"inLanguage":"es"},{"@type":"Person","@id":"https:\/\/www.regionsaris.sk\/#\/schema\/person\/30fad06d87cd12ad1d94ff5fbd6919d1","name":"dev@bigway.sk","image":{"@type":"ImageObject","inLanguage":"es","@id":"https:\/\/www.regionsaris.sk\/#\/schema\/person\/image\/","url":"https:\/\/secure.gravatar.com\/avatar\/013b34bc1192067340cff024d72adf40af543d15809da0502beda083cb4f28a2?s=96&d=mm&r=g","contentUrl":"https:\/\/secure.gravatar.com\/avatar\/013b34bc1192067340cff024d72adf40af543d15809da0502beda083cb4f28a2?s=96&d=mm&r=g","caption":"dev@bigway.sk"},"sameAs":["https:\/\/www.regionsaris.sk"],"url":"https:\/\/www.regionsaris.sk\/es\/author\/devbigway-sk\/"}]}},"_links":{"self":[{"href":"https:\/\/www.regionsaris.sk\/es\/wp-json\/wp\/v2\/posts\/243","targetHints":{"allow":["GET"]}}],"collection":[{"href":"https:\/\/www.regionsaris.sk\/es\/wp-json\/wp\/v2\/posts"}],"about":[{"href":"https:\/\/www.regionsaris.sk\/es\/wp-json\/wp\/v2\/types\/post"}],"author":[{"embeddable":true,"href":"https:\/\/www.regionsaris.sk\/es\/wp-json\/wp\/v2\/users\/1"}],"replies":[{"embeddable":true,"href":"https:\/\/www.regionsaris.sk\/es\/wp-json\/wp\/v2\/comments?post=243"}],"version-history":[{"count":1,"href":"https:\/\/www.regionsaris.sk\/es\/wp-json\/wp\/v2\/posts\/243\/revisions"}],"predecessor-version":[{"id":247,"href":"https:\/\/www.regionsaris.sk\/es\/wp-json\/wp\/v2\/posts\/243\/revisions\/247"}],"wp:featuredmedia":[{"embeddable":true,"href":"https:\/\/www.regionsaris.sk\/es\/wp-json\/wp\/v2\/media\/248"}],"wp:attachment":[{"href":"https:\/\/www.regionsaris.sk\/es\/wp-json\/wp\/v2\/media?parent=243"}],"wp:term":[{"taxonomy":"category","embeddable":true,"href":"https:\/\/www.regionsaris.sk\/es\/wp-json\/wp\/v2\/categories?post=243"},{"taxonomy":"post_tag","embeddable":true,"href":"https:\/\/www.regionsaris.sk\/es\/wp-json\/wp\/v2\/tags?post=243"}],"curies":[{"name":"wp","href":"https:\/\/api.w.org\/{rel}","templated":true}]}}