{"id":169,"date":"2020-09-21T10:46:17","date_gmt":"2020-09-21T09:46:17","guid":{"rendered":"https:\/\/www.regionsaris.sk\/z-novej-rozhladne-v-sabinove-budete-mat-vysoke-vrcholy-regionu-saris-ako-na-dlani\/"},"modified":"2026-03-16T11:19:09","modified_gmt":"2026-03-16T10:19:09","slug":"z-novej-rozhladne-v-sabinove-budete-mat-vysoke-vrcholy-regionu-saris-ako-na-dlani","status":"publish","type":"post","link":"https:\/\/www.regionsaris.sk\/es\/z-novej-rozhladne-v-sabinove-budete-mat-vysoke-vrcholy-regionu-saris-ako-na-dlani\/","title":{"rendered":"Desde la nueva torre mirador de Sabinov tendr\u00e1 las altas cumbres de la regi\u00f3n de \u0160ari\u0161 en la palma de la mano."},"content":{"rendered":"<p>Por encima de\u00a0<a href=\"https:\/\/www.regionsaris.sk\/es\/kam-ist-na-vylet\/sabinov-a-okolie\/\">la ciudad de Sabinov<\/a>\u00a0El azar est\u00e1 fuera. Es el nombre de una parte de la colina boscosa situada junto al r\u00edo Torysa. \u0160anec se utiliza principalmente para el recreo y por su proximidad a la ciudad (entrada directa desde la carretera principal) es un lugar popular en todas las estaciones. Se puede llegar al pie de la colina por todo tipo de senderos, las rutas se conocen como\u00a0<a href=\"https:\/\/www.regionsaris.sk\/es\/prirodne-krasy\/svablovske-chodnicky-kupelny-chodnicek\/\">\u201e\u0160vablovsk\u00e9 chodni\u010dky\u201c<\/a>. En la cima hay una llanura, donde en septiembre de 2020 se inaugur\u00f3 la \u201eTorre mirador sobre el Chance\u201c. La construcci\u00f3n de la torre mirador se llev\u00f3 a cabo gracias al apoyo financiero de la Oficina del Gobierno de la Rep\u00fablica Eslovaca, como medio para promover el turismo y aumentar el atractivo de la zona suburbana.<a href=\"https:\/\/www.regionsaris.sk\/es\/prirodne-krasy\/lesopark-svablovka\/\">\u00a0parque forestal \u0160vab\u013eovka.<\/a><\/p>\n\n\n\n<p>La torre mirador se encuentra a una altitud de 465 m sobre el nivel del mar y est\u00e1 situada a la altura m\u00e1xima a la que fue posible su construcci\u00f3n debido a la cercan\u00eda del aeropuerto de Ra\u017e\u0148any, sus zonas de protecci\u00f3n y la seguridad del tr\u00e1fico a\u00e9reo. La torre mirador tiene 11 m de altura, dos pisos, construcci\u00f3n de madera, donde se utiliz\u00f3 la m\u00e1s moderna tecnolog\u00eda de carpinter\u00eda. El dise\u00f1ador del proyecto fue Ing. Juraj Lovich, y el contratista Interbau s.r.o.<\/p>\n\n\n\n<p>En la torre encontrar\u00e1 una zona de asientos desde la que podr\u00e1 disfrutar de una hermosa vista de todo el panorama de la regi\u00f3n de \u0160ari\u0161, desde la colina del castillo de \u0160ari\u0161, Hradov\u00e1, Zobrana, Malkovsk\u00e1 h\u00f4rka, pasando por Makovica, Bodo\u0148, Lys\u00e1, \u010cierna Hora hasta \u0160imonka.<\/p>\n\n\n\n<p>En la torre mirador se encuentra tambi\u00e9n la carretera transversal, muy visitada, as\u00ed como el conocido parque forestal \u0160v\u00e1b\u013eovka. En el marco del grupo de acci\u00f3n local, el ayuntamiento de Sabinov ha presentado una solicitud para su revitalizaci\u00f3n, que aumentar\u00e1 el n\u00famero de visitantes a la ciudad y devolver\u00e1 la gloria al famoso parque forestal.<\/p>\n\n\n\n<p><iframe loading=\"lazy\" title=\"Torre de observaci\u00f3n \u0160vab\u013eovka Sabinov\" width=\"500\" height=\"281\" src=\"https:\/\/www.youtube.com\/embed\/GUd8Evgr9kA?start=71&feature=oembed\" frameborder=\"0\" allow=\"accelerometer; autoplay; clipboard-write; encrypted-media; gyroscope; picture-in-picture; web-share\" referrerpolicy=\"strict-origin-when-cross-origin\" allowfullscreen><\/iframe><\/p>","protected":false},"excerpt":{"rendered":"<p>Nad\u00a0mestom Sabinov\u00a0sa vyp\u00edna \u0160anec. Je to pomenovanie pre \u010das\u0165 zalesnen\u00e9ho kopca hne\u010f pri toku rieky...<\/p>","protected":false},"author":1,"featured_media":170,"comment_status":"open","ping_status":"open","sticky":false,"template":"","format":"standard","meta":{"_acf_changed":false,"footnotes":""},"categories":[1],"tags":[],"class_list":["post-169","post","type-post","status-publish","format-standard","has-post-thumbnail","hentry","category-novinky"],"acf":[],"yoast_head":"<!-- This site is optimized with the Yoast SEO Premium plugin v26.3 (Yoast SEO v26.8) - https:\/\/yoast.com\/product\/yoast-seo-premium-wordpress\/ -->\n<title>Z novej rozh\u013eadne v Sabinove budete ma\u0165 vysok\u00e9 vrcholy regi\u00f3nu \u0160ari\u0161 ako na dlani - OOCR \u0160ari\u0161<\/title>\n<meta name=\"robots\" content=\"index, follow, max-snippet:-1, max-image-preview:large, max-video-preview:-1\" \/>\n<link rel=\"canonical\" href=\"https:\/\/www.regionsaris.sk\/es\/z-novej-rozhladne-v-sabinove-budete-mat-vysoke-vrcholy-regionu-saris-ako-na-dlani\/\" \/>\n<meta property=\"og:locale\" content=\"es_ES\" \/>\n<meta property=\"og:type\" content=\"article\" \/>\n<meta property=\"og:title\" content=\"Z novej rozh\u013eadne v Sabinove budete ma\u0165 vysok\u00e9 vrcholy regi\u00f3nu \u0160ari\u0161 ako na dlani\" \/>\n<meta property=\"og:description\" content=\"Nad\u00a0mestom Sabinov\u00a0sa vyp\u00edna \u0160anec. Je to pomenovanie pre \u010das\u0165 zalesnen\u00e9ho kopca hne\u010f pri toku rieky...\" \/>\n<meta property=\"og:url\" content=\"https:\/\/www.regionsaris.sk\/es\/z-novej-rozhladne-v-sabinove-budete-mat-vysoke-vrcholy-regionu-saris-ako-na-dlani\/\" \/>\n<meta property=\"og:site_name\" content=\"OOCR \u0160ari\u0161\" \/>\n<meta property=\"article:published_time\" content=\"2020-09-21T09:46:17+00:00\" \/>\n<meta property=\"article:modified_time\" content=\"2026-03-16T10:19:09+00:00\" \/>\n<meta property=\"og:image\" content=\"https:\/\/www.regionsaris.sk\/wp-content\/uploads\/2025\/12\/Rozhladna-na-Sanci_1.jpg\" \/>\n\t<meta property=\"og:image:width\" content=\"800\" \/>\n\t<meta property=\"og:image:height\" content=\"1255\" \/>\n\t<meta property=\"og:image:type\" content=\"image\/jpeg\" \/>\n<meta name=\"author\" content=\"dev@bigway.sk\" \/>\n<meta name=\"twitter:card\" content=\"summary_large_image\" \/>\n<meta name=\"twitter:label1\" content=\"Escrito por\" \/>\n\t<meta name=\"twitter:data1\" content=\"dev@bigway.sk\" \/>\n\t<meta name=\"twitter:label2\" content=\"Tiempo de lectura\" \/>\n\t<meta name=\"twitter:data2\" content=\"2 minutos\" \/>\n<script type=\"application\/ld+json\" class=\"yoast-schema-graph\">{\"@context\":\"https:\/\/schema.org\",\"@graph\":[{\"@type\":\"Article\",\"@id\":\"https:\/\/www.regionsaris.sk\/z-novej-rozhladne-v-sabinove-budete-mat-vysoke-vrcholy-regionu-saris-ako-na-dlani\/#article\",\"isPartOf\":{\"@id\":\"https:\/\/www.regionsaris.sk\/z-novej-rozhladne-v-sabinove-budete-mat-vysoke-vrcholy-regionu-saris-ako-na-dlani\/\"},\"author\":{\"name\":\"dev@bigway.sk\",\"@id\":\"https:\/\/www.regionsaris.sk\/#\/schema\/person\/30fad06d87cd12ad1d94ff5fbd6919d1\"},\"headline\":\"Z novej rozh\u013eadne v Sabinove budete ma\u0165 vysok\u00e9 vrcholy regi\u00f3nu \u0160ari\u0161 ako na dlani\",\"datePublished\":\"2020-09-21T09:46:17+00:00\",\"dateModified\":\"2026-03-16T10:19:09+00:00\",\"mainEntityOfPage\":{\"@id\":\"https:\/\/www.regionsaris.sk\/z-novej-rozhladne-v-sabinove-budete-mat-vysoke-vrcholy-regionu-saris-ako-na-dlani\/\"},\"wordCount\":332,\"commentCount\":0,\"image\":{\"@id\":\"https:\/\/www.regionsaris.sk\/z-novej-rozhladne-v-sabinove-budete-mat-vysoke-vrcholy-regionu-saris-ako-na-dlani\/#primaryimage\"},\"thumbnailUrl\":\"https:\/\/www.regionsaris.sk\/wp-content\/uploads\/2025\/12\/Rozhladna-na-Sanci_1.jpg\",\"articleSection\":[\"Novinky\"],\"inLanguage\":\"es\",\"potentialAction\":[{\"@type\":\"CommentAction\",\"name\":\"Comment\",\"target\":[\"https:\/\/www.regionsaris.sk\/z-novej-rozhladne-v-sabinove-budete-mat-vysoke-vrcholy-regionu-saris-ako-na-dlani\/#respond\"]}]},{\"@type\":\"WebPage\",\"@id\":\"https:\/\/www.regionsaris.sk\/z-novej-rozhladne-v-sabinove-budete-mat-vysoke-vrcholy-regionu-saris-ako-na-dlani\/\",\"url\":\"https:\/\/www.regionsaris.sk\/z-novej-rozhladne-v-sabinove-budete-mat-vysoke-vrcholy-regionu-saris-ako-na-dlani\/\",\"name\":\"Z novej rozh\u013eadne v Sabinove budete ma\u0165 vysok\u00e9 vrcholy regi\u00f3nu \u0160ari\u0161 ako na dlani - OOCR \u0160ari\u0161\",\"isPartOf\":{\"@id\":\"https:\/\/www.regionsaris.sk\/#website\"},\"primaryImageOfPage\":{\"@id\":\"https:\/\/www.regionsaris.sk\/z-novej-rozhladne-v-sabinove-budete-mat-vysoke-vrcholy-regionu-saris-ako-na-dlani\/#primaryimage\"},\"image\":{\"@id\":\"https:\/\/www.regionsaris.sk\/z-novej-rozhladne-v-sabinove-budete-mat-vysoke-vrcholy-regionu-saris-ako-na-dlani\/#primaryimage\"},\"thumbnailUrl\":\"https:\/\/www.regionsaris.sk\/wp-content\/uploads\/2025\/12\/Rozhladna-na-Sanci_1.jpg\",\"datePublished\":\"2020-09-21T09:46:17+00:00\",\"dateModified\":\"2026-03-16T10:19:09+00:00\",\"author\":{\"@id\":\"https:\/\/www.regionsaris.sk\/#\/schema\/person\/30fad06d87cd12ad1d94ff5fbd6919d1\"},\"breadcrumb\":{\"@id\":\"https:\/\/www.regionsaris.sk\/z-novej-rozhladne-v-sabinove-budete-mat-vysoke-vrcholy-regionu-saris-ako-na-dlani\/#breadcrumb\"},\"inLanguage\":\"es\",\"potentialAction\":[{\"@type\":\"ReadAction\",\"target\":[\"https:\/\/www.regionsaris.sk\/z-novej-rozhladne-v-sabinove-budete-mat-vysoke-vrcholy-regionu-saris-ako-na-dlani\/\"]}]},{\"@type\":\"ImageObject\",\"inLanguage\":\"es\",\"@id\":\"https:\/\/www.regionsaris.sk\/z-novej-rozhladne-v-sabinove-budete-mat-vysoke-vrcholy-regionu-saris-ako-na-dlani\/#primaryimage\",\"url\":\"https:\/\/www.regionsaris.sk\/wp-content\/uploads\/2025\/12\/Rozhladna-na-Sanci_1.jpg\",\"contentUrl\":\"https:\/\/www.regionsaris.sk\/wp-content\/uploads\/2025\/12\/Rozhladna-na-Sanci_1.jpg\",\"width\":800,\"height\":1255},{\"@type\":\"BreadcrumbList\",\"@id\":\"https:\/\/www.regionsaris.sk\/z-novej-rozhladne-v-sabinove-budete-mat-vysoke-vrcholy-regionu-saris-ako-na-dlani\/#breadcrumb\",\"itemListElement\":[{\"@type\":\"ListItem\",\"position\":1,\"name\":\"Domov\",\"item\":\"https:\/\/www.regionsaris.sk\/\"},{\"@type\":\"ListItem\",\"position\":2,\"name\":\"Z novej rozh\u013eadne v Sabinove budete ma\u0165 vysok\u00e9 vrcholy regi\u00f3nu \u0160ari\u0161 ako na dlani\"}]},{\"@type\":\"WebSite\",\"@id\":\"https:\/\/www.regionsaris.sk\/#website\",\"url\":\"https:\/\/www.regionsaris.sk\/\",\"name\":\"OOCR \u0160ari\u0161\",\"description\":\"\",\"potentialAction\":[{\"@type\":\"SearchAction\",\"target\":{\"@type\":\"EntryPoint\",\"urlTemplate\":\"https:\/\/www.regionsaris.sk\/?s={search_term_string}\"},\"query-input\":{\"@type\":\"PropertyValueSpecification\",\"valueRequired\":true,\"valueName\":\"search_term_string\"}}],\"inLanguage\":\"es\"},{\"@type\":\"Person\",\"@id\":\"https:\/\/www.regionsaris.sk\/#\/schema\/person\/30fad06d87cd12ad1d94ff5fbd6919d1\",\"name\":\"dev@bigway.sk\",\"image\":{\"@type\":\"ImageObject\",\"inLanguage\":\"es\",\"@id\":\"https:\/\/www.regionsaris.sk\/#\/schema\/person\/image\/\",\"url\":\"https:\/\/secure.gravatar.com\/avatar\/013b34bc1192067340cff024d72adf40af543d15809da0502beda083cb4f28a2?s=96&d=mm&r=g\",\"contentUrl\":\"https:\/\/secure.gravatar.com\/avatar\/013b34bc1192067340cff024d72adf40af543d15809da0502beda083cb4f28a2?s=96&d=mm&r=g\",\"caption\":\"dev@bigway.sk\"},\"sameAs\":[\"https:\/\/www.regionsaris.sk\"],\"url\":\"https:\/\/www.regionsaris.sk\/es\/author\/devbigway-sk\/\"}]}<\/script>\n<!-- \/ Yoast SEO Premium plugin. -->","yoast_head_json":{"title":"Z novej rozh\u013eadne v Sabinove budete ma\u0165 vysok\u00e9 vrcholy regi\u00f3nu \u0160ari\u0161 ako na dlani - OOCR \u0160ari\u0161","robots":{"index":"index","follow":"follow","max-snippet":"max-snippet:-1","max-image-preview":"max-image-preview:large","max-video-preview":"max-video-preview:-1"},"canonical":"https:\/\/www.regionsaris.sk\/es\/z-novej-rozhladne-v-sabinove-budete-mat-vysoke-vrcholy-regionu-saris-ako-na-dlani\/","og_locale":"es_ES","og_type":"article","og_title":"Z novej rozh\u013eadne v Sabinove budete ma\u0165 vysok\u00e9 vrcholy regi\u00f3nu \u0160ari\u0161 ako na dlani","og_description":"Nad\u00a0mestom Sabinov\u00a0sa vyp\u00edna \u0160anec. Je to pomenovanie pre \u010das\u0165 zalesnen\u00e9ho kopca hne\u010f pri toku rieky...","og_url":"https:\/\/www.regionsaris.sk\/es\/z-novej-rozhladne-v-sabinove-budete-mat-vysoke-vrcholy-regionu-saris-ako-na-dlani\/","og_site_name":"OOCR \u0160ari\u0161","article_published_time":"2020-09-21T09:46:17+00:00","article_modified_time":"2026-03-16T10:19:09+00:00","og_image":[{"width":800,"height":1255,"url":"https:\/\/www.regionsaris.sk\/wp-content\/uploads\/2025\/12\/Rozhladna-na-Sanci_1.jpg","type":"image\/jpeg"}],"author":"dev@bigway.sk","twitter_card":"summary_large_image","twitter_misc":{"Escrito por":"dev@bigway.sk","Tiempo de lectura":"2 minutos"},"schema":{"@context":"https:\/\/schema.org","@graph":[{"@type":"Article","@id":"https:\/\/www.regionsaris.sk\/z-novej-rozhladne-v-sabinove-budete-mat-vysoke-vrcholy-regionu-saris-ako-na-dlani\/#article","isPartOf":{"@id":"https:\/\/www.regionsaris.sk\/z-novej-rozhladne-v-sabinove-budete-mat-vysoke-vrcholy-regionu-saris-ako-na-dlani\/"},"author":{"name":"dev@bigway.sk","@id":"https:\/\/www.regionsaris.sk\/#\/schema\/person\/30fad06d87cd12ad1d94ff5fbd6919d1"},"headline":"Z novej rozh\u013eadne v Sabinove budete ma\u0165 vysok\u00e9 vrcholy regi\u00f3nu \u0160ari\u0161 ako na dlani","datePublished":"2020-09-21T09:46:17+00:00","dateModified":"2026-03-16T10:19:09+00:00","mainEntityOfPage":{"@id":"https:\/\/www.regionsaris.sk\/z-novej-rozhladne-v-sabinove-budete-mat-vysoke-vrcholy-regionu-saris-ako-na-dlani\/"},"wordCount":332,"commentCount":0,"image":{"@id":"https:\/\/www.regionsaris.sk\/z-novej-rozhladne-v-sabinove-budete-mat-vysoke-vrcholy-regionu-saris-ako-na-dlani\/#primaryimage"},"thumbnailUrl":"https:\/\/www.regionsaris.sk\/wp-content\/uploads\/2025\/12\/Rozhladna-na-Sanci_1.jpg","articleSection":["Novinky"],"inLanguage":"es","potentialAction":[{"@type":"CommentAction","name":"Comment","target":["https:\/\/www.regionsaris.sk\/z-novej-rozhladne-v-sabinove-budete-mat-vysoke-vrcholy-regionu-saris-ako-na-dlani\/#respond"]}]},{"@type":"WebPage","@id":"https:\/\/www.regionsaris.sk\/z-novej-rozhladne-v-sabinove-budete-mat-vysoke-vrcholy-regionu-saris-ako-na-dlani\/","url":"https:\/\/www.regionsaris.sk\/z-novej-rozhladne-v-sabinove-budete-mat-vysoke-vrcholy-regionu-saris-ako-na-dlani\/","name":"Z novej rozh\u013eadne v Sabinove budete ma\u0165 vysok\u00e9 vrcholy regi\u00f3nu \u0160ari\u0161 ako na dlani - OOCR \u0160ari\u0161","isPartOf":{"@id":"https:\/\/www.regionsaris.sk\/#website"},"primaryImageOfPage":{"@id":"https:\/\/www.regionsaris.sk\/z-novej-rozhladne-v-sabinove-budete-mat-vysoke-vrcholy-regionu-saris-ako-na-dlani\/#primaryimage"},"image":{"@id":"https:\/\/www.regionsaris.sk\/z-novej-rozhladne-v-sabinove-budete-mat-vysoke-vrcholy-regionu-saris-ako-na-dlani\/#primaryimage"},"thumbnailUrl":"https:\/\/www.regionsaris.sk\/wp-content\/uploads\/2025\/12\/Rozhladna-na-Sanci_1.jpg","datePublished":"2020-09-21T09:46:17+00:00","dateModified":"2026-03-16T10:19:09+00:00","author":{"@id":"https:\/\/www.regionsaris.sk\/#\/schema\/person\/30fad06d87cd12ad1d94ff5fbd6919d1"},"breadcrumb":{"@id":"https:\/\/www.regionsaris.sk\/z-novej-rozhladne-v-sabinove-budete-mat-vysoke-vrcholy-regionu-saris-ako-na-dlani\/#breadcrumb"},"inLanguage":"es","potentialAction":[{"@type":"ReadAction","target":["https:\/\/www.regionsaris.sk\/z-novej-rozhladne-v-sabinove-budete-mat-vysoke-vrcholy-regionu-saris-ako-na-dlani\/"]}]},{"@type":"ImageObject","inLanguage":"es","@id":"https:\/\/www.regionsaris.sk\/z-novej-rozhladne-v-sabinove-budete-mat-vysoke-vrcholy-regionu-saris-ako-na-dlani\/#primaryimage","url":"https:\/\/www.regionsaris.sk\/wp-content\/uploads\/2025\/12\/Rozhladna-na-Sanci_1.jpg","contentUrl":"https:\/\/www.regionsaris.sk\/wp-content\/uploads\/2025\/12\/Rozhladna-na-Sanci_1.jpg","width":800,"height":1255},{"@type":"BreadcrumbList","@id":"https:\/\/www.regionsaris.sk\/z-novej-rozhladne-v-sabinove-budete-mat-vysoke-vrcholy-regionu-saris-ako-na-dlani\/#breadcrumb","itemListElement":[{"@type":"ListItem","position":1,"name":"Domov","item":"https:\/\/www.regionsaris.sk\/"},{"@type":"ListItem","position":2,"name":"Z novej rozh\u013eadne v Sabinove budete ma\u0165 vysok\u00e9 vrcholy regi\u00f3nu \u0160ari\u0161 ako na dlani"}]},{"@type":"WebSite","@id":"https:\/\/www.regionsaris.sk\/#website","url":"https:\/\/www.regionsaris.sk\/","name":"OOCR \u0160ari\u0161","description":"","potentialAction":[{"@type":"SearchAction","target":{"@type":"EntryPoint","urlTemplate":"https:\/\/www.regionsaris.sk\/?s={search_term_string}"},"query-input":{"@type":"PropertyValueSpecification","valueRequired":true,"valueName":"search_term_string"}}],"inLanguage":"es"},{"@type":"Person","@id":"https:\/\/www.regionsaris.sk\/#\/schema\/person\/30fad06d87cd12ad1d94ff5fbd6919d1","name":"dev@bigway.sk","image":{"@type":"ImageObject","inLanguage":"es","@id":"https:\/\/www.regionsaris.sk\/#\/schema\/person\/image\/","url":"https:\/\/secure.gravatar.com\/avatar\/013b34bc1192067340cff024d72adf40af543d15809da0502beda083cb4f28a2?s=96&d=mm&r=g","contentUrl":"https:\/\/secure.gravatar.com\/avatar\/013b34bc1192067340cff024d72adf40af543d15809da0502beda083cb4f28a2?s=96&d=mm&r=g","caption":"dev@bigway.sk"},"sameAs":["https:\/\/www.regionsaris.sk"],"url":"https:\/\/www.regionsaris.sk\/es\/author\/devbigway-sk\/"}]}},"_links":{"self":[{"href":"https:\/\/www.regionsaris.sk\/es\/wp-json\/wp\/v2\/posts\/169","targetHints":{"allow":["GET"]}}],"collection":[{"href":"https:\/\/www.regionsaris.sk\/es\/wp-json\/wp\/v2\/posts"}],"about":[{"href":"https:\/\/www.regionsaris.sk\/es\/wp-json\/wp\/v2\/types\/post"}],"author":[{"embeddable":true,"href":"https:\/\/www.regionsaris.sk\/es\/wp-json\/wp\/v2\/users\/1"}],"replies":[{"embeddable":true,"href":"https:\/\/www.regionsaris.sk\/es\/wp-json\/wp\/v2\/comments?post=169"}],"version-history":[{"count":1,"href":"https:\/\/www.regionsaris.sk\/es\/wp-json\/wp\/v2\/posts\/169\/revisions"}],"predecessor-version":[{"id":4022,"href":"https:\/\/www.regionsaris.sk\/es\/wp-json\/wp\/v2\/posts\/169\/revisions\/4022"}],"wp:featuredmedia":[{"embeddable":true,"href":"https:\/\/www.regionsaris.sk\/es\/wp-json\/wp\/v2\/media\/170"}],"wp:attachment":[{"href":"https:\/\/www.regionsaris.sk\/es\/wp-json\/wp\/v2\/media?parent=169"}],"wp:term":[{"taxonomy":"category","embeddable":true,"href":"https:\/\/www.regionsaris.sk\/es\/wp-json\/wp\/v2\/categories?post=169"},{"taxonomy":"post_tag","embeddable":true,"href":"https:\/\/www.regionsaris.sk\/es\/wp-json\/wp\/v2\/tags?post=169"}],"curies":[{"name":"wp","href":"https:\/\/api.w.org\/{rel}","templated":true}]}}